{"id":10001601,"global_id":"www.uartes.edu.ec\/sitio\/agua?id=10001601","global_id_lineage":["www.uartes.edu.ec\/sitio\/agua?id=10001601"],"author":"1","status":"publish","date":"2025-02-11 11:09:47","date_utc":"2025-02-11 16:09:47","modified":"2025-02-11 11:09:51","modified_utc":"2025-02-11 16:09:51","url":"https:\/\/www.uartes.edu.ec\/sitio\/agua\/evento\/simposio-estudios-visuales-desde-la-digitalidad\/2025-02-20\/","rest_url":"https:\/\/www.uartes.edu.ec\/sitio\/agua\/wp-json\/tribe\/events\/v1\/events\/10001601","title":"Simposio: Estudios Visuales desde la Digitalidad","description":"<div  class=\"tribe-events-schedule tribe-clearfix\" >\n\t<p class=\"tribe-events-schedule__datetime\">\n\t\t<span class=\"tribe-events-schedule__date tribe-events-schedule__date--start\">\n\t\t\t\t\t<\/span>\n\n\t\t\t\t\t<span class=\"tribe-events-schedule__separator tribe-events-schedule__separator--date\">\n\t\t\t\t @ \t\t\t<\/span>\n\t\t\t<span class=\"tribe-events-schedule__time tribe-events-schedule__time--start\">\n\t\t\t\t\t\t\t<\/span>\n\t\t\n\t\t\t<\/p>\n<\/div>\n\n\n<div  class=\"tribe-block tribe-block__event-price\" >\n\t\t<\/div>\n\n\n\n\n\n<p>Este simposio surge del seminario de maestr\u00eda \u201c<strong>Estudios Visuales<\/strong>\u201d impartido en la <strong>Maestr\u00eda en Artes Visuales y Nuevos Medios,<\/strong>&nbsp;donde se analizaron cr\u00edticamente las implicaciones de los medios digitales como eje central de la visualidad contempor\u00e1nea. Se compone de cuatro paneles \u2014Autoidentificaci\u00f3n, especulaci\u00f3n y performatividad; Datos y nuevas materialidades; Mem\u00e9tica y viralidad; y Archivo, memoria e identidad\u2014 que abordan el impacto est\u00e9tico, social y pol\u00edtico de la intersecci\u00f3n entre arte, tecnolog\u00eda y pr\u00e1cticas visuales en la cultura actual. El evento busca propiciar un espacio de di\u00e1logo y reflexi\u00f3n en torno a c\u00f3mo la digitalidad redefine los procesos de producci\u00f3n, circulaci\u00f3n y recepci\u00f3n de las im\u00e1genes.<\/p>\n\n\n\n<p>A lo largo de las sesiones lxs estudiantes que participaron de este seminario se reunir\u00e1n para discutir la manera en que la subjetividad y el cuerpo se reconfiguran a trav\u00e9s de narrativas digitales, c\u00f3mo la recolecci\u00f3n y el manejo de datos propician nuevas formas materiales y discursivas en el campo art\u00edstico, y de qu\u00e9 forma el fen\u00f3meno de la mem\u00e9tica y la viralidad incide en la creaci\u00f3n de imaginarios colectivos. Adem\u00e1s, se analizar\u00e1 la relevancia de los archivos digitales en la construcci\u00f3n de la memoria y la identidad, y se pondr\u00e1 \u00e9nfasis en las tensiones y posibilidades que surgen al fusionarse el arte con el entorno tecnol\u00f3gico contempor\u00e1neo.<\/p>\n\n\n\n<p><strong>Mi\u00e9rcoles 19 de Febrero&nbsp;<\/strong><\/p>\n\n\n\n<ul class=\"wp-block-list\">\n<li><strong>Panel 1: Datos y nuevas materialidades.-<\/strong>&nbsp;Enrique Land\u00edvar, Andrea Moreira, Pedro Gonz\u00e1lez y David Barber\u00e1n.<\/li>\n\n\n\n<li><strong>Panel 2: Autoidentificaci\u00f3n, especulaci\u00f3n y performatividad.-<\/strong>&nbsp;David Moncayo, Mariv\u00ed Suarez y Gabriel Arroyo.&nbsp;<\/li>\n<\/ul>\n\n\n\n<p><strong>Jueves 20 de Febrero&nbsp;<\/strong><\/p>\n\n\n\n<ul class=\"wp-block-list\">\n<li><strong>Panel 3: Mem\u00e9tica y viralidad.- <\/strong>Chay Velasco, Juanca Vargas y Jos\u00e9 Luis Espinoza<\/li>\n\n\n\n<li><strong>Panel 4: Archivo, memoria e identidad.-<\/strong>&nbsp;Fernando Falcon\u00ed, Iv\u00e1n Basurto, Jimmy Lara y Syl Quezada.&nbsp;<\/li>\n<\/ul>\n\n\n\n<p>Presentaci\u00f3n: Doreen R\u00edos<br>Moderadores: Cristian Villavicencio, Lupe \u00c1lvarez e Ilich Castillo.<\/p>\n\n\n\n<p>Puedes acompa\u00f1arnos tambi\u00e9n a trav\u00e9s de <a href=\"https:\/\/cedia.zoom.us\/j\/83806128294\">Zoom<\/a>.<\/p>\n\n\n<div  class=\"tribe-block tribe-block__venue tribe-clearfix tribe-block__venue--has-map\" >\n\t\n\t\t\n<div class=\"tribe-block__venue__map\">\n\t\n<iframe\n  title=\"Iframe de Google Maps mostrando la direcci\u00f3n a Piso 3 &#8211; Biblioteca de las Artes\"\n  aria-label=\"Mapa de ubicaci\u00f3n del recinto\"\n  width=\"310px\"\n  height=\"256px\"\n  frameborder=\"0\" style=\"border:0\"\n  src=\"https:\/\/www.google.com\/maps\/embed\/v1\/place?key=AIzaSyDNsicAsP6-VuGtAb1O9riI3oc_NOb7IOU&#038;q=Biblioteca+de+las+Artes%2C+Aguirre+y+Panam%C3%A1+esquina+Guayaquil+Ecuador+&#038;zoom=15\" allowfullscreen>\n<\/iframe>\n<\/div>\n\n\t<\/div>","excerpt":"","slug":"simposio-estudios-visuales-desde-la-digitalidad","image":{"url":"https:\/\/www.uartes.edu.ec\/sitio\/agua\/wp-content\/uploads\/sites\/7\/MAVNM\u2014Simposio_Carrusel-01.jpg","id":26465,"extension":"jpg","width":1000,"height":1000,"filesize":281524,"sizes":{"medium":{"width":400,"height":400,"mime-type":"image\/jpeg","filesize":53318,"url":"https:\/\/www.uartes.edu.ec\/sitio\/agua\/wp-content\/uploads\/sites\/7\/MAVNM\u2014Simposio_Carrusel-01-400x400.jpg"},"large":{"width":644,"height":644,"mime-type":"image\/jpeg","filesize":139313,"url":"https:\/\/www.uartes.edu.ec\/sitio\/agua\/wp-content\/uploads\/sites\/7\/MAVNM\u2014Simposio_Carrusel-01-644x644.jpg"},"thumbnail":{"width":150,"height":150,"mime-type":"image\/jpeg","filesize":7727,"url":"https:\/\/www.uartes.edu.ec\/sitio\/agua\/wp-content\/uploads\/sites\/7\/MAVNM\u2014Simposio_Carrusel-01-150x150.jpg"},"medium_large":{"width":768,"height":768,"mime-type":"image\/jpeg","filesize":189619,"url":"https:\/\/www.uartes.edu.ec\/sitio\/agua\/wp-content\/uploads\/sites\/7\/MAVNM\u2014Simposio_Carrusel-01-768x768.jpg"},"fiat_thumb":{"width":60,"height":60,"mime-type":"image\/jpeg","filesize":2347,"url":"https:\/\/www.uartes.edu.ec\/sitio\/agua\/wp-content\/uploads\/sites\/7\/MAVNM\u2014Simposio_Carrusel-01-60x60.jpg"},"gb-block-post-grid-landscape":{"width":600,"height":400,"mime-type":"image\/jpeg","filesize":83712,"url":"https:\/\/www.uartes.edu.ec\/sitio\/agua\/wp-content\/uploads\/sites\/7\/MAVNM\u2014Simposio_Carrusel-01-600x400.jpg"},"gb-block-post-grid-square":{"width":600,"height":600,"mime-type":"image\/jpeg","filesize":121757,"url":"https:\/\/www.uartes.edu.ec\/sitio\/agua\/wp-content\/uploads\/sites\/7\/MAVNM\u2014Simposio_Carrusel-01-600x600.jpg"}}},"all_day":false,"start_date":"2025-02-20 16:00:00","start_date_details":{"year":"2025","month":"02","day":"20","hour":"16","minutes":"00","seconds":"00"},"end_date":"2025-02-20 19:00:00","end_date_details":{"year":"2025","month":"02","day":"20","hour":"19","minutes":"00","seconds":"00"},"utc_start_date":"2025-02-20 21:00:00","utc_start_date_details":{"year":"2025","month":"02","day":"20","hour":"21","minutes":"00","seconds":"00"},"utc_end_date":"2025-02-21 00:00:00","utc_end_date_details":{"year":"2025","month":"02","day":"21","hour":"00","minutes":"00","seconds":"00"},"timezone":"America\/Guayaquil","timezone_abbr":"","cost":"Free","cost_details":{"currency_symbol":"$","currency_code":"USD","currency_position":"prefix","values":["free"]},"website":"","show_map":false,"show_map_link":false,"hide_from_listings":false,"sticky":false,"featured":false,"categories":[{"name":"Acad\u00e9mico","slug":"academico","term_group":0,"term_taxonomy_id":402,"taxonomy":"tribe_events_cat","description":"","parent":0,"count":29,"filter":"raw","id":402,"urls":{"self":"https:\/\/www.uartes.edu.ec\/sitio\/agua\/wp-json\/tribe\/events\/v1\/categories\/402","collection":"https:\/\/www.uartes.edu.ec\/sitio\/agua\/wp-json\/tribe\/events\/v1\/categories"}},{"name":"Biblioteca de las Artes","slug":"biblioteca","term_group":0,"term_taxonomy_id":407,"taxonomy":"tribe_events_cat","description":"Eventos en Biblioteca de las Artes","parent":0,"count":107,"filter":"raw","id":407,"urls":{"self":"https:\/\/www.uartes.edu.ec\/sitio\/agua\/wp-json\/tribe\/events\/v1\/categories\/407","collection":"https:\/\/www.uartes.edu.ec\/sitio\/agua\/wp-json\/tribe\/events\/v1\/categories"}}],"tags":[],"venue":{"id":17695,"author":"1","status":"publish","date":"2023-11-01 13:19:20","date_utc":"2023-11-01 18:19:20","modified":"2024-12-17 11:19:26","modified_utc":"2024-12-17 16:19:26","url":"http:\/\/www.uartes.edu.ec\/sitio\/agua\/biblioteca\/piso-3\/","venue":"Piso 3 &#8211; Biblioteca de las Artes","slug":"piso-3-biblioteca-de-las-artes","address":"Biblioteca de las Artes, Aguirre y Panam\u00e1 esquina","city":"Guayaquil","country":"Ecuador","website":"https:\/\/biblioteca.uartes.edu.ec","geo_lat":-2.1939090085933,"geo_lng":-79.881031486916,"json_ld":{"@type":"Place","name":"Piso 3 &#8211; Biblioteca de las Artes","description":"","url":"http:\/\/www.uartes.edu.ec\/sitio\/agua\/biblioteca\/piso-3\/","address":{"@type":"PostalAddress","streetAddress":"Biblioteca de las Artes, Aguirre y Panam\u00e1 esquina","addressLocality":"Guayaquil","addressCountry":"Ecuador"},"geo":{"@type":"GeoCoordinates","latitude":-2.1939090085933,"longitude":-79.881031486916},"telephone":"","sameAs":"https:\/\/biblioteca.uartes.edu.ec"},"show_map":true,"show_map_link":true,"global_id":"www.uartes.edu.ec\/sitio\/agua?id=17695","global_id_lineage":["www.uartes.edu.ec\/sitio\/agua?id=17695"]},"organizer":[],"custom_fields":[],"json_ld":{"@context":"http:\/\/schema.org","@type":"Event","name":"Simposio: Estudios Visuales desde la Digitalidad","description":"&lt;p&gt;Este simposio surge del seminario de maestr\u00eda \u201cEstudios Visuales\u201d impartido en la Maestr\u00eda en Artes Visuales y Nuevos Medios,&nbsp;donde se analizaron cr\u00edticamente las implicaciones de los medios digitales como eje [&hellip;]&lt;\/p&gt;\\n","image":"https:\/\/www.uartes.edu.ec\/sitio\/agua\/wp-content\/uploads\/sites\/7\/MAVNM\u2014Simposio_Carrusel-01.jpg","url":"https:\/\/www.uartes.edu.ec\/sitio\/agua\/evento\/simposio-estudios-visuales-desde-la-digitalidad\/2025-02-20\/","eventAttendanceMode":"https:\/\/schema.org\/OfflineEventAttendanceMode","eventStatus":"https:\/\/schema.org\/EventScheduled","startDate":"2025-02-20T16:00:00-05:00","endDate":"2025-02-20T19:00:00-05:00","location":{"@type":"Place","name":"Piso 3 &#8211; Biblioteca de las Artes","description":"","url":"http:\/\/www.uartes.edu.ec\/sitio\/agua\/biblioteca\/piso-3\/","address":{"@type":"PostalAddress","streetAddress":"Biblioteca de las Artes, Aguirre y Panam\u00e1 esquina","addressLocality":"Guayaquil","addressCountry":"Ecuador"},"geo":{"@type":"GeoCoordinates","latitude":-2.1939090085933,"longitude":-79.881031486916},"telephone":"","sameAs":"https:\/\/biblioteca.uartes.edu.ec"},"offers":{"@type":"Offer","price":"Free","priceCurrency":"USD","url":"https:\/\/www.uartes.edu.ec\/sitio\/agua\/evento\/simposio-estudios-visuales-desde-la-digitalidad\/2025-02-20\/","category":"primary","availability":"inStock","validFrom":"1970-01-01T00:00:00+00:00"},"performer":"Organization"},"is_virtual":false,"virtual_url":null,"virtual_video_source":""}