{"id":10001861,"global_id":"www.uartes.edu.ec\/sitio\/agua?id=10001861","global_id_lineage":["www.uartes.edu.ec\/sitio\/agua?id=10001861"],"author":"1","status":"publish","date":"2025-07-03 09:33:41","date_utc":"2025-07-03 14:33:41","modified":"2025-07-03 09:33:41","modified_utc":"2025-07-03 14:33:41","url":"https:\/\/www.uartes.edu.ec\/sitio\/agua\/evento\/mediacion-artistica-para-infancias\/2025-07-15\/","rest_url":"https:\/\/www.uartes.edu.ec\/sitio\/agua\/wp-json\/tribe\/events\/v1\/events\/10001861","title":"Mediaci\u00f3n art\u00edstica para infancias","description":"<div  class=\"tribe-events-schedule tribe-clearfix\" >\n\t<p class=\"tribe-events-schedule__datetime\">\n\t\t<span class=\"tribe-events-schedule__date tribe-events-schedule__date--start\">\n\t\t\t\t\t<\/span>\n\n\t\t\t\t\t<span class=\"tribe-events-schedule__separator tribe-events-schedule__separator--date\">\n\t\t\t\t @ \t\t\t<\/span>\n\t\t\t<span class=\"tribe-events-schedule__time tribe-events-schedule__time--start\">\n\t\t\t\t\t\t\t<\/span>\n\t\t\n\t\t\t<\/p>\n<\/div>\n\n\n<div  class=\"tribe-block tribe-block__event-price\" >\n\t\t<\/div>\n\n\n\n\n\n<p>Por: Carrera de Educaci\u00f3n Art\u00edstica Intercultural<\/p>\n\n\n<div  class=\"tribe-block tribe-block__venue tribe-clearfix tribe-block__venue--has-map\" >\n\t\n\t\t\n<div class=\"tribe-block__venue__map\">\n\t\n<iframe\n  title=\"Iframe de Google Maps mostrando la direcci\u00f3n a R\u00eda Sala infantil &#8211; Biblioteca de las Artes\"\n  aria-label=\"Mapa de ubicaci\u00f3n del recinto\"\n  width=\"310px\"\n  height=\"256px\"\n  frameborder=\"0\" style=\"border:0\"\n  src=\"https:\/\/www.google.com\/maps\/embed\/v1\/place?key=AIzaSyDNsicAsP6-VuGtAb1O9riI3oc_NOb7IOU&#038;q=Biblioteca+de+las+Artes%2C+Aguirre+y+Panam%C3%A1+esquina+Guayaquil+Ecuador+&#038;zoom=15\" allowfullscreen>\n<\/iframe>\n<\/div>\n\n\t<\/div>","excerpt":"","slug":"mediacion-artistica-para-infancias","image":{"url":"https:\/\/www.uartes.edu.ec\/sitio\/agua\/wp-content\/uploads\/sites\/7\/cover-agua-interactos.jpg","id":27700,"extension":"jpg","width":1000,"height":1000,"filesize":59428,"sizes":{"medium":{"width":400,"height":400,"mime-type":"image\/jpeg","filesize":19853,"url":"https:\/\/www.uartes.edu.ec\/sitio\/agua\/wp-content\/uploads\/sites\/7\/cover-agua-interactos-400x400.jpg"},"large":{"width":644,"height":644,"mime-type":"image\/jpeg","filesize":40023,"url":"https:\/\/www.uartes.edu.ec\/sitio\/agua\/wp-content\/uploads\/sites\/7\/cover-agua-interactos-644x644.jpg"},"thumbnail":{"width":150,"height":150,"mime-type":"image\/jpeg","filesize":5412,"url":"https:\/\/www.uartes.edu.ec\/sitio\/agua\/wp-content\/uploads\/sites\/7\/cover-agua-interactos-150x150.jpg"},"medium_large":{"width":768,"height":768,"mime-type":"image\/jpeg","filesize":51860,"url":"https:\/\/www.uartes.edu.ec\/sitio\/agua\/wp-content\/uploads\/sites\/7\/cover-agua-interactos-768x768.jpg"},"fiat_thumb":{"width":60,"height":60,"mime-type":"image\/jpeg","filesize":2119,"url":"https:\/\/www.uartes.edu.ec\/sitio\/agua\/wp-content\/uploads\/sites\/7\/cover-agua-interactos-60x60.jpg"},"gb-block-post-grid-landscape":{"width":600,"height":400,"mime-type":"image\/jpeg","filesize":27753,"url":"https:\/\/www.uartes.edu.ec\/sitio\/agua\/wp-content\/uploads\/sites\/7\/cover-agua-interactos-600x400.jpg"},"gb-block-post-grid-square":{"width":600,"height":600,"mime-type":"image\/jpeg","filesize":36175,"url":"https:\/\/www.uartes.edu.ec\/sitio\/agua\/wp-content\/uploads\/sites\/7\/cover-agua-interactos-600x600.jpg"}}},"all_day":false,"start_date":"2025-07-15 11:00:00","start_date_details":{"year":"2025","month":"07","day":"15","hour":"11","minutes":"00","seconds":"00"},"end_date":"2025-07-15 12:30:00","end_date_details":{"year":"2025","month":"07","day":"15","hour":"12","minutes":"30","seconds":"00"},"utc_start_date":"2025-07-15 16:00:00","utc_start_date_details":{"year":"2025","month":"07","day":"15","hour":"16","minutes":"00","seconds":"00"},"utc_end_date":"2025-07-15 17:30:00","utc_end_date_details":{"year":"2025","month":"07","day":"15","hour":"17","minutes":"30","seconds":"00"},"timezone":"America\/Guayaquil","timezone_abbr":"","cost":"Gratuito","cost_details":{"currency_symbol":"$","currency_code":"USD","currency_position":"prefix","values":["0"]},"website":"","show_map":false,"show_map_link":false,"hide_from_listings":false,"sticky":false,"featured":false,"categories":[{"name":"Biblioteca de las Artes","slug":"biblioteca","term_group":0,"term_taxonomy_id":407,"taxonomy":"tribe_events_cat","description":"Eventos en Biblioteca de las Artes","parent":0,"count":107,"filter":"raw","id":407,"urls":{"self":"https:\/\/www.uartes.edu.ec\/sitio\/agua\/wp-json\/tribe\/events\/v1\/categories\/407","collection":"https:\/\/www.uartes.edu.ec\/sitio\/agua\/wp-json\/tribe\/events\/v1\/categories"}},{"name":"Infantil","slug":"infantil","term_group":0,"term_taxonomy_id":409,"taxonomy":"tribe_events_cat","description":"","parent":0,"count":34,"filter":"raw","id":409,"urls":{"self":"https:\/\/www.uartes.edu.ec\/sitio\/agua\/wp-json\/tribe\/events\/v1\/categories\/409","collection":"https:\/\/www.uartes.edu.ec\/sitio\/agua\/wp-json\/tribe\/events\/v1\/categories"}}],"tags":[],"venue":{"id":17562,"author":"1","status":"publish","date":"2023-10-31 13:47:06","date_utc":"2023-10-31 18:47:06","modified":"2024-12-17 11:19:45","modified_utc":"2024-12-17 16:19:45","url":"http:\/\/www.uartes.edu.ec\/sitio\/agua\/biblioteca\/ria\/","venue":"R\u00eda Sala infantil &#8211; Biblioteca de las Artes","slug":"ria-sala-infantil","address":"Biblioteca de las Artes, Aguirre y Panam\u00e1 esquina","city":"Guayaquil","country":"Ecuador","website":"https:\/\/biblioteca.uartes.edu.ec","geo_lat":-2.1939687079614,"geo_lng":-79.881044763175,"json_ld":{"@type":"Place","name":"R\u00eda Sala infantil &#8211; Biblioteca de las Artes","description":"","url":"http:\/\/www.uartes.edu.ec\/sitio\/agua\/biblioteca\/ria\/","address":{"@type":"PostalAddress","streetAddress":"Biblioteca de las Artes, Aguirre y Panam\u00e1 esquina","addressLocality":"Guayaquil","addressCountry":"Ecuador"},"geo":{"@type":"GeoCoordinates","latitude":-2.1939687079614,"longitude":-79.881044763175},"telephone":"","sameAs":"https:\/\/biblioteca.uartes.edu.ec"},"show_map":true,"show_map_link":true,"global_id":"www.uartes.edu.ec\/sitio\/agua?id=17562","global_id_lineage":["www.uartes.edu.ec\/sitio\/agua?id=17562"]},"organizer":[],"custom_fields":[],"json_ld":{"@context":"http:\/\/schema.org","@type":"Event","name":"Mediaci\u00f3n art\u00edstica para infancias","description":"&lt;p&gt;Por: Carrera de Educaci\u00f3n Art\u00edstica Intercultural&lt;\/p&gt;\\n","image":"https:\/\/www.uartes.edu.ec\/sitio\/agua\/wp-content\/uploads\/sites\/7\/cover-agua-interactos.jpg","url":"https:\/\/www.uartes.edu.ec\/sitio\/agua\/evento\/mediacion-artistica-para-infancias\/2025-07-15\/","eventAttendanceMode":"https:\/\/schema.org\/OfflineEventAttendanceMode","eventStatus":"https:\/\/schema.org\/EventScheduled","startDate":"2025-07-15T11:00:00-05:00","endDate":"2025-07-15T12:30:00-05:00","location":{"@type":"Place","name":"R\u00eda Sala infantil &#8211; Biblioteca de las Artes","description":"","url":"http:\/\/www.uartes.edu.ec\/sitio\/agua\/biblioteca\/ria\/","address":{"@type":"PostalAddress","streetAddress":"Biblioteca de las Artes, Aguirre y Panam\u00e1 esquina","addressLocality":"Guayaquil","addressCountry":"Ecuador"},"geo":{"@type":"GeoCoordinates","latitude":-2.1939687079614,"longitude":-79.881044763175},"telephone":"","sameAs":"https:\/\/biblioteca.uartes.edu.ec"},"offers":{"@type":"Offer","price":"0","priceCurrency":"USD","url":"https:\/\/www.uartes.edu.ec\/sitio\/agua\/evento\/mediacion-artistica-para-infancias\/2025-07-15\/","category":"primary","availability":"inStock","validFrom":"1970-01-01T00:00:00+00:00"},"performer":"Organization"},"is_virtual":false,"virtual_url":null,"virtual_video_source":""}