{"id":10002567,"global_id":"www.uartes.edu.ec\/sitio\/agua?id=10002567","global_id_lineage":["www.uartes.edu.ec\/sitio\/agua?id=10002567"],"author":"1","status":"publish","date":"2026-03-03 11:22:48","date_utc":"2026-03-03 16:22:48","modified":"2026-03-03 11:23:07","modified_utc":"2026-03-03 16:23:07","url":"https:\/\/www.uartes.edu.ec\/sitio\/agua\/evento\/tierras-raras\/2026-03-09\/","rest_url":"https:\/\/www.uartes.edu.ec\/sitio\/agua\/wp-json\/tribe\/events\/v1\/events\/10002567","title":"Tierras raras","description":"<div  class=\"tribe-events-schedule tribe-clearfix\" >\n\t<p class=\"tribe-events-schedule__datetime\">\n\t\t<span class=\"tribe-events-schedule__date tribe-events-schedule__date--start\">\n\t\t\t\t\t<\/span>\n\n\t\t\t\t\t<span class=\"tribe-events-schedule__separator tribe-events-schedule__separator--date\">\n\t\t\t\t @ \t\t\t<\/span>\n\t\t\t<span class=\"tribe-events-schedule__time tribe-events-schedule__time--start\">\n\t\t\t\t\t\t\t<\/span>\n\t\t\n\t\t\t<\/p>\n<\/div>\n\n\n<div  class=\"tribe-block tribe-block__event-price\" >\n\t\t<\/div>\n\n\n\n\n\n<p>La Escuela de Posgrados y la Maestr\u00eda en Artes Visuales y Nuevos Medios de la @uartesec tienen el agrado de invitarles a la exposici\u00f3n de Titulaci\u00f3n TIERRAS RARAS.<\/p>\n\n\n\n<p>\ud83d\udcc5 Inauguraci\u00f3n:<br>Jueves 5 de Marzo, 2026.<br>18:00<\/p>\n\n\n\n<p>&#8220;Habitamos sistemas cuya escala \u2014ecol\u00f3gica, pol\u00edtica, tecnol\u00f3gica\u2014 excede nuestra capacidad de comprensi\u00f3n. Nos movemos dentro de mareas de datos, econom\u00edas extractivas y paisajes transformados por procesos que rara vez vemos en su totalidad. Las 12 propuestas que se presentan en esta exposici\u00f3n no intentan explicar esas estructuras, sino se\u00f1alar sus fluctuaciones, capturar sus destellos, interferencias, y resonancias de manera aut\u00f3noma para luego reconocer que hemos estado terraformando.<\/p>\n\n\n\n<p>TIERRAS RARAS\u202fexperimenta la coexistencia: un territorio que se sostiene en lo invisible, donde cada obra funciona como un nodo palpitante dentro de un universo m\u00e1s complejo. Si el todo es imposible de abarcar, nos queda la sensibilidad para percibir sus ecos. Nos queda la posibilidad de encarnar la complejidad y reconocer que somos, simult\u00e1neamente, materia y transmisi\u00f3n; superficie y subsuelo.&#8221;<\/p>\n\n\n\n<p>\ud83d\udccd Mz14<br>Panam\u00e1 y 9 de Octubre.<\/p>\n\n\n\n<p>\u00c9PSILON \/CIF<br>Jos\u00e9 Luis Espinoza: @joseluis.espinozaavecillas<br>Fernando Falcon\u00ed: @fernando_falconi<br>David Moncayo: @david_monnav<br>David Barber\u00e1n: @jodk<br>Enrique Land\u00edvar: @kikelandivar<\/p>\n\n\n\n<p>ANASTOMOS \/ Taller LATERAL<br>Andrea Moreira: @andreapaolamoreira89<\/p>\n\n\n\n<p>SEDE TEMPORAL \/ Project Room<br>Instituto Ecuatoriano del Chapeteo<\/p>\n\n\n\n<p>\ud83d\udccdBiblioteca de las Artes<br>Panam\u00e1 y Aguirre<\/p>\n\n\n\n<p>MIXCELIOS \/ 4TA PARED<br>Gabriel Arroyo: @gaag.nvm<br>Syl Quezada: @syl.quezada<br>Mariv\u00ed Su\u00e1rez: @cybercasa<br>Pedro Gonz\u00e1lez: @rupertvonmandrake<br>Iv\u00e1n Basurto: @basurtodiablo<\/p>\n\n\n\n<p>\ud83d\udccdMUSEO NAH\u00cdM ISA\u00cdAS<br>Panam\u00e1 y Aguirre<\/p>\n\n\n\n<p>GENEALOG\u00cdA DE LO IN-VISIBLE \/ Sala 5<br>Jimmy Lara: @jimmy_lara_g<\/p>\n\n\n\n<p>\ud83d\udccdEdif. El Tel\u00e9grafo<br>10 de Agosto 601 y Boyac\u00e1.<\/p>\n\n\n\n<p>CANTO RODADO \/<br>Sala La Rotativa<br>Chay Velasco: @chayvelasco_<\/p>\n\n\n\n<p>\ud83d\udce1Acompa\u00f1amiento: Cristian Villavicencio y Giada Lusardi<\/p>\n\n\n<div  class=\"tribe-block tribe-block__venue tribe-clearfix tribe-block__venue--has-map\" >\n\t\n\t\t\n<div class=\"tribe-block__venue__map\">\n\t\n<iframe\n  title=\"Iframe de Google Maps mostrando la direcci\u00f3n a Sala CIF\"\n  aria-label=\"Mapa de ubicaci\u00f3n del recinto\"\n  width=\"310px\"\n  height=\"256px\"\n  frameborder=\"0\" style=\"border:0\"\n  src=\"https:\/\/www.google.com\/maps\/embed\/v1\/place?key=AIzaSyDNsicAsP6-VuGtAb1O9riI3oc_NOb7IOU&#038;q=MZ14%2C+Panam%C3%A1+y+9+de+octubre+esquina+Guayaquil+Ecuador+&#038;zoom=15\" allowfullscreen>\n<\/iframe>\n<\/div>\n\n\t<\/div>\n\n\n\n<p><\/p>","excerpt":"","slug":"tierras-raras","image":{"url":"https:\/\/www.uartes.edu.ec\/sitio\/agua\/wp-content\/uploads\/sites\/7\/260303-evnndto-viasuales.jpg","id":28973,"extension":"jpg","width":1000,"height":1000,"filesize":218586,"sizes":{"medium":{"width":400,"height":400,"mime-type":"image\/jpeg","filesize":59674,"url":"https:\/\/www.uartes.edu.ec\/sitio\/agua\/wp-content\/uploads\/sites\/7\/260303-evnndto-viasuales-400x400.jpg"},"large":{"width":644,"height":644,"mime-type":"image\/jpeg","filesize":136986,"url":"https:\/\/www.uartes.edu.ec\/sitio\/agua\/wp-content\/uploads\/sites\/7\/260303-evnndto-viasuales-644x644.jpg"},"thumbnail":{"width":150,"height":150,"mime-type":"image\/jpeg","filesize":10175,"url":"https:\/\/www.uartes.edu.ec\/sitio\/agua\/wp-content\/uploads\/sites\/7\/260303-evnndto-viasuales-150x150.jpg"},"medium_large":{"width":768,"height":768,"mime-type":"image\/jpeg","filesize":181381,"url":"https:\/\/www.uartes.edu.ec\/sitio\/agua\/wp-content\/uploads\/sites\/7\/260303-evnndto-viasuales-768x768.jpg"},"gb-block-post-grid-landscape":{"width":600,"height":400,"mime-type":"image\/jpeg","filesize":81771,"url":"https:\/\/www.uartes.edu.ec\/sitio\/agua\/wp-content\/uploads\/sites\/7\/260303-evnndto-viasuales-600x400.jpg"},"gb-block-post-grid-square":{"width":600,"height":600,"mime-type":"image\/jpeg","filesize":122576,"url":"https:\/\/www.uartes.edu.ec\/sitio\/agua\/wp-content\/uploads\/sites\/7\/260303-evnndto-viasuales-600x600.jpg"}}},"all_day":false,"start_date":"2026-03-09 08:00:00","start_date_details":{"year":"2026","month":"03","day":"09","hour":"08","minutes":"00","seconds":"00"},"end_date":"2026-03-09 17:00:00","end_date_details":{"year":"2026","month":"03","day":"09","hour":"17","minutes":"00","seconds":"00"},"utc_start_date":"2026-03-09 13:00:00","utc_start_date_details":{"year":"2026","month":"03","day":"09","hour":"13","minutes":"00","seconds":"00"},"utc_end_date":"2026-03-09 22:00:00","utc_end_date_details":{"year":"2026","month":"03","day":"09","hour":"22","minutes":"00","seconds":"00"},"timezone":"America\/Guayaquil","timezone_abbr":"","cost":"Gratuito","cost_details":{"currency_symbol":"$","currency_code":"USD","currency_position":"prefix","values":["0"]},"website":"","show_map":false,"show_map_link":false,"hide_from_listings":false,"sticky":false,"featured":false,"categories":[{"name":"Biblioteca de las Artes","slug":"biblioteca","term_group":0,"term_taxonomy_id":407,"taxonomy":"tribe_events_cat","description":"Eventos en Biblioteca de las Artes","parent":0,"count":107,"filter":"raw","id":407,"urls":{"self":"https:\/\/www.uartes.edu.ec\/sitio\/agua\/wp-json\/tribe\/events\/v1\/categories\/407","collection":"https:\/\/www.uartes.edu.ec\/sitio\/agua\/wp-json\/tribe\/events\/v1\/categories"}},{"name":"Muestra","slug":"muestra","term_group":0,"term_taxonomy_id":401,"taxonomy":"tribe_events_cat","description":"","parent":0,"count":54,"filter":"raw","id":401,"urls":{"self":"https:\/\/www.uartes.edu.ec\/sitio\/agua\/wp-json\/tribe\/events\/v1\/categories\/401","collection":"https:\/\/www.uartes.edu.ec\/sitio\/agua\/wp-json\/tribe\/events\/v1\/categories"}},{"name":"MZ14","slug":"mz14","term_group":0,"term_taxonomy_id":406,"taxonomy":"tribe_events_cat","description":"Eventos en MZ14","parent":0,"count":374,"filter":"raw","id":406,"urls":{"self":"https:\/\/www.uartes.edu.ec\/sitio\/agua\/wp-json\/tribe\/events\/v1\/categories\/406","collection":"https:\/\/www.uartes.edu.ec\/sitio\/agua\/wp-json\/tribe\/events\/v1\/categories"}},{"name":"Pasa en la ciudad","slug":"pasa-en-la-ciudad","term_group":0,"term_taxonomy_id":432,"taxonomy":"tribe_events_cat","description":"","parent":0,"count":61,"filter":"raw","id":432,"urls":{"self":"https:\/\/www.uartes.edu.ec\/sitio\/agua\/wp-json\/tribe\/events\/v1\/categories\/432","collection":"https:\/\/www.uartes.edu.ec\/sitio\/agua\/wp-json\/tribe\/events\/v1\/categories"}}],"tags":[],"venue":{"id":17586,"author":"1","status":"publish","date":"2023-10-31 16:09:56","date_utc":"2023-10-31 21:09:56","modified":"2024-12-17 11:22:03","modified_utc":"2024-12-17 16:22:03","url":"http:\/\/www.uartes.edu.ec\/sitio\/agua\/mz14\/cif\/","venue":"Sala CIF","slug":"sala-cif","address":"MZ14, Panam\u00e1 y 9 de octubre esquina","city":"Guayaquil","country":"Ecuador","geo_lat":-2.192061169799,"geo_lng":-79.880202669053,"json_ld":{"@type":"Place","name":"Sala CIF","description":"","url":"http:\/\/www.uartes.edu.ec\/sitio\/agua\/mz14\/cif\/","address":{"@type":"PostalAddress","streetAddress":"MZ14, Panam\u00e1 y 9 de octubre esquina","addressLocality":"Guayaquil","addressCountry":"Ecuador"},"geo":{"@type":"GeoCoordinates","latitude":-2.192061169799,"longitude":-79.880202669053},"telephone":"","sameAs":""},"show_map":true,"show_map_link":true,"global_id":"www.uartes.edu.ec\/sitio\/agua?id=17586","global_id_lineage":["www.uartes.edu.ec\/sitio\/agua?id=17586"]},"organizer":[],"custom_fields":[],"json_ld":{"@context":"http:\/\/schema.org","@type":"Event","name":"Tierras raras","description":"&lt;p&gt;La Escuela de Posgrados y la Maestr\u00eda en Artes Visuales y Nuevos Medios de la @uartesec tienen el agrado de invitarles a la exposici\u00f3n de Titulaci\u00f3n TIERRAS RARAS. \ud83d\udcc5 Inauguraci\u00f3n:Jueves [&hellip;]&lt;\/p&gt;\\n","image":"https:\/\/www.uartes.edu.ec\/sitio\/agua\/wp-content\/uploads\/sites\/7\/260303-evnndto-viasuales.jpg","url":"https:\/\/www.uartes.edu.ec\/sitio\/agua\/evento\/tierras-raras\/2026-03-09\/","eventAttendanceMode":"https:\/\/schema.org\/OfflineEventAttendanceMode","eventStatus":"https:\/\/schema.org\/EventScheduled","startDate":"2026-03-09T08:00:00-05:00","endDate":"2026-03-09T17:00:00-05:00","location":{"@type":"Place","name":"Sala CIF","description":"","url":"http:\/\/www.uartes.edu.ec\/sitio\/agua\/mz14\/cif\/","address":{"@type":"PostalAddress","streetAddress":"MZ14, Panam\u00e1 y 9 de octubre esquina","addressLocality":"Guayaquil","addressCountry":"Ecuador"},"geo":{"@type":"GeoCoordinates","latitude":-2.192061169799,"longitude":-79.880202669053},"telephone":"","sameAs":""},"offers":{"@type":"Offer","price":"0","priceCurrency":"USD","url":"https:\/\/www.uartes.edu.ec\/sitio\/agua\/evento\/tierras-raras\/2026-03-09\/","category":"primary","availability":"inStock","validFrom":"1970-01-01T00:00:00+00:00"},"performer":"Organization"},"is_virtual":false,"virtual_url":null,"virtual_video_source":""}