{"id":27455,"global_id":"www.uartes.edu.ec\/sitio\/agua?id=27455","global_id_lineage":["www.uartes.edu.ec\/sitio\/agua?id=27455"],"author":"1","status":"publish","date":"2025-06-17 14:45:13","date_utc":"2025-06-17 19:45:13","modified":"2025-06-17 14:45:15","modified_utc":"2025-06-17 19:45:15","url":"https:\/\/www.uartes.edu.ec\/sitio\/agua\/evento\/festival-bote-del-dragon\/","rest_url":"https:\/\/www.uartes.edu.ec\/sitio\/agua\/wp-json\/tribe\/events\/v1\/events\/27455","title":"Festival Bote del Drag\u00f3n","description":"<div  class=\"tribe-events-schedule tribe-clearfix\" >\n\t<p class=\"tribe-events-schedule__datetime\">\n\t\t<span class=\"tribe-events-schedule__date tribe-events-schedule__date--start\">\n\t\t\t\t\t<\/span>\n\n\t\t\t\t\t<span class=\"tribe-events-schedule__separator tribe-events-schedule__separator--date\">\n\t\t\t\t @ \t\t\t<\/span>\n\t\t\t<span class=\"tribe-events-schedule__time tribe-events-schedule__time--start\">\n\t\t\t\t\t\t\t<\/span>\n\t\t\n\t\t\t<\/p>\n<\/div>\n\n\n<div  class=\"tribe-block tribe-block__event-price\" >\n\t\t<\/div>\n\n\n\n\n\n<p>La Universidad de las Artes y el Instituto Confucio extienden una invitaci\u00f3n a participar en una experiencia cultural \u00fanica para celebrar el tradicional Festival Bote del Drag\u00f3n. Durante la jornada podr\u00e1s disfrutar de:<\/p>\n\n\n\n<ul class=\"wp-block-list\">\n<li>\u00a0Masterclass sobre el Festival del Bote Drag\u00f3n<\/li>\n\n\n\n<li> Presentaci\u00f3n musical de Guzheng por estudiantes de la UArtes<\/li>\n\n\n\n<li> Stand interactivo de nudos chinos, figuras de drag\u00f3n y gastronom\u00eda china<\/li>\n<\/ul>\n\n\n\n<p>Este festival es una oportunidad para conocer m\u00e1s sobre las tradiciones y riqueza cultural de China, compartir saberes y fortalecer los lazos interculturales.<\/p>\n\n\n<div  class=\"tribe-block tribe-block__venue tribe-clearfix tribe-block__venue--has-map\" >\n\t\n\t\t\n<div class=\"tribe-block__venue__map\">\n\t\n<iframe\n  title=\"Iframe de Google Maps mostrando la direcci\u00f3n a Plaza P\u00fablica\"\n  aria-label=\"Mapa de ubicaci\u00f3n del recinto\"\n  width=\"310px\"\n  height=\"256px\"\n  frameborder=\"0\" style=\"border:0\"\n  src=\"https:\/\/www.google.com\/maps\/embed\/v1\/place?key=AIzaSyDNsicAsP6-VuGtAb1O9riI3oc_NOb7IOU&#038;q=MZ14%2C+Panam%C3%A1+y+9+de+Octubre%2C+esquina+Guayaquil+Guayas+Ecuador+&#038;zoom=15\" allowfullscreen>\n<\/iframe>\n<\/div>\n\n\t<\/div>","excerpt":"","slug":"festival-bote-del-dragon","image":{"url":"https:\/\/www.uartes.edu.ec\/sitio\/agua\/wp-content\/uploads\/sites\/7\/dragon-boat.jpg","id":27456,"extension":"jpg","width":1000,"height":1000,"filesize":81777,"sizes":{"medium":{"width":400,"height":400,"mime-type":"image\/jpeg","filesize":30014,"url":"https:\/\/www.uartes.edu.ec\/sitio\/agua\/wp-content\/uploads\/sites\/7\/dragon-boat-400x400.jpg"},"large":{"width":644,"height":644,"mime-type":"image\/jpeg","filesize":61056,"url":"https:\/\/www.uartes.edu.ec\/sitio\/agua\/wp-content\/uploads\/sites\/7\/dragon-boat-644x644.jpg"},"thumbnail":{"width":150,"height":150,"mime-type":"image\/jpeg","filesize":7007,"url":"https:\/\/www.uartes.edu.ec\/sitio\/agua\/wp-content\/uploads\/sites\/7\/dragon-boat-150x150.jpg"},"medium_large":{"width":768,"height":768,"mime-type":"image\/jpeg","filesize":77634,"url":"https:\/\/www.uartes.edu.ec\/sitio\/agua\/wp-content\/uploads\/sites\/7\/dragon-boat-768x768.jpg"},"fiat_thumb":{"width":60,"height":60,"mime-type":"image\/jpeg","filesize":2251,"url":"https:\/\/www.uartes.edu.ec\/sitio\/agua\/wp-content\/uploads\/sites\/7\/dragon-boat-60x60.jpg"},"gb-block-post-grid-landscape":{"width":600,"height":400,"mime-type":"image\/jpeg","filesize":37566,"url":"https:\/\/www.uartes.edu.ec\/sitio\/agua\/wp-content\/uploads\/sites\/7\/dragon-boat-600x400.jpg"},"gb-block-post-grid-square":{"width":600,"height":600,"mime-type":"image\/jpeg","filesize":55449,"url":"https:\/\/www.uartes.edu.ec\/sitio\/agua\/wp-content\/uploads\/sites\/7\/dragon-boat-600x600.jpg"}}},"all_day":false,"start_date":"2025-06-21 10:00:00","start_date_details":{"year":"2025","month":"06","day":"21","hour":"10","minutes":"00","seconds":"00"},"end_date":"2025-06-21 13:00:00","end_date_details":{"year":"2025","month":"06","day":"21","hour":"13","minutes":"00","seconds":"00"},"utc_start_date":"2025-06-21 15:00:00","utc_start_date_details":{"year":"2025","month":"06","day":"21","hour":"15","minutes":"00","seconds":"00"},"utc_end_date":"2025-06-21 18:00:00","utc_end_date_details":{"year":"2025","month":"06","day":"21","hour":"18","minutes":"00","seconds":"00"},"timezone":"America\/Guayaquil","timezone_abbr":"","cost":"Gratuito","cost_details":{"currency_symbol":"$","currency_code":"USD","currency_position":"prefix","values":["0"]},"website":"","show_map":false,"show_map_link":false,"hide_from_listings":false,"sticky":false,"featured":false,"categories":[{"name":"Encuentro","slug":"encuentro","term_group":0,"term_taxonomy_id":403,"taxonomy":"tribe_events_cat","description":"","parent":0,"count":47,"filter":"raw","id":403,"urls":{"self":"https:\/\/www.uartes.edu.ec\/sitio\/agua\/wp-json\/tribe\/events\/v1\/categories\/403","collection":"https:\/\/www.uartes.edu.ec\/sitio\/agua\/wp-json\/tribe\/events\/v1\/categories"}},{"name":"MZ14","slug":"mz14","term_group":0,"term_taxonomy_id":406,"taxonomy":"tribe_events_cat","description":"Eventos en MZ14","parent":0,"count":374,"filter":"raw","id":406,"urls":{"self":"https:\/\/www.uartes.edu.ec\/sitio\/agua\/wp-json\/tribe\/events\/v1\/categories\/406","collection":"https:\/\/www.uartes.edu.ec\/sitio\/agua\/wp-json\/tribe\/events\/v1\/categories"}}],"tags":[],"venue":{"id":17058,"author":"1","status":"publish","date":"2023-08-31 11:55:14","date_utc":"2023-08-31 16:55:14","modified":"2024-12-17 11:22:53","modified_utc":"2024-12-17 16:22:53","url":"http:\/\/www.uartes.edu.ec\/sitio\/agua\/mz14\/plaza-publica\/","venue":"Plaza P\u00fablica","slug":"plaza-publica","address":"MZ14, Panam\u00e1 y 9 de Octubre, esquina","city":"Guayaquil","country":"Ecuador","province":"Guayas","stateprovince":"Guayas","geo_lat":-2.192061169799,"geo_lng":-79.880202669053,"json_ld":{"@type":"Place","name":"Plaza P\u00fablica","description":"","url":"http:\/\/www.uartes.edu.ec\/sitio\/agua\/mz14\/plaza-publica\/","address":{"@type":"PostalAddress","streetAddress":"MZ14, Panam\u00e1 y 9 de Octubre, esquina","addressLocality":"Guayaquil","addressRegion":"Guayas","addressCountry":"Ecuador"},"geo":{"@type":"GeoCoordinates","latitude":-2.192061169799,"longitude":-79.880202669053},"telephone":"","sameAs":""},"show_map":true,"show_map_link":true,"global_id":"www.uartes.edu.ec\/sitio\/agua?id=17058","global_id_lineage":["www.uartes.edu.ec\/sitio\/agua?id=17058"]},"organizer":[],"custom_fields":[],"json_ld":{"@context":"http:\/\/schema.org","@type":"Event","name":"Festival Bote del Drag\u00f3n","description":"&lt;p&gt;La Universidad de las Artes y el Instituto Confucio extienden una invitaci\u00f3n a participar en una experiencia cultural \u00fanica para celebrar el tradicional Festival Bote del Drag\u00f3n. Durante la jornada [&hellip;]&lt;\/p&gt;\\n","image":"https:\/\/www.uartes.edu.ec\/sitio\/agua\/wp-content\/uploads\/sites\/7\/dragon-boat.jpg","url":"https:\/\/www.uartes.edu.ec\/sitio\/agua\/evento\/festival-bote-del-dragon\/","eventAttendanceMode":"https:\/\/schema.org\/OfflineEventAttendanceMode","eventStatus":"https:\/\/schema.org\/EventScheduled","startDate":"2025-06-21T10:00:00-05:00","endDate":"2025-06-21T13:00:00-05:00","location":{"@type":"Place","name":"Plaza P\u00fablica","description":"","url":"http:\/\/www.uartes.edu.ec\/sitio\/agua\/mz14\/plaza-publica\/","address":{"@type":"PostalAddress","streetAddress":"MZ14, Panam\u00e1 y 9 de Octubre, esquina","addressLocality":"Guayaquil","addressRegion":"Guayas","addressCountry":"Ecuador"},"geo":{"@type":"GeoCoordinates","latitude":-2.192061169799,"longitude":-79.880202669053},"telephone":"","sameAs":""},"offers":{"@type":"Offer","price":"0","priceCurrency":"USD","url":"https:\/\/www.uartes.edu.ec\/sitio\/agua\/evento\/festival-bote-del-dragon\/","category":"primary","availability":"inStock","validFrom":"1970-01-01T00:00:00+00:00"},"performer":"Organization"},"is_virtual":false,"virtual_url":null,"virtual_video_source":""}