{"id":28684,"global_id":"www.uartes.edu.ec\/sitio\/agua?id=28684","global_id_lineage":["www.uartes.edu.ec\/sitio\/agua?id=28684"],"author":"1","status":"publish","date":"2026-01-27 15:42:28","date_utc":"2026-01-27 20:42:28","modified":"2026-01-27 15:42:29","modified_utc":"2026-01-27 20:42:29","url":"https:\/\/www.uartes.edu.ec\/sitio\/agua\/evento\/noche-de-los-cortos-iv\/","rest_url":"https:\/\/www.uartes.edu.ec\/sitio\/agua\/wp-json\/tribe\/events\/v1\/events\/28684","title":"Noche de los Cortos IV","description":"<div  class=\"tribe-events-schedule tribe-clearfix\" >\n\t<p class=\"tribe-events-schedule__datetime\">\n\t\t<span class=\"tribe-events-schedule__date tribe-events-schedule__date--start\">\n\t\t\t\t\t<\/span>\n\n\t\t\t\t\t<span class=\"tribe-events-schedule__separator tribe-events-schedule__separator--date\">\n\t\t\t\t @ \t\t\t<\/span>\n\t\t\t<span class=\"tribe-events-schedule__time tribe-events-schedule__time--start\">\n\t\t\t\t\t\t\t<\/span>\n\t\t\n\t\t\t<\/p>\n<\/div>\n\n\n<div  class=\"tribe-block tribe-block__event-price\" >\n\t\t<\/div>\n\n\n\n\n\n<p>Un espacio de exhibici\u00f3n semestral para cortometrajes nacionales de reciente producci\u00f3n, en donde el p\u00fablico y sus directores se encuentran para intercambiar ideas y procesos.<\/p>\n\n\n\n<p><strong>Entre Costuras<\/strong>&nbsp;(Olivia Mora Carrasco \/ 2024 \/ 11&#8242;)<\/p>\n\n\n\n<p><strong>El Cuarzo Violeta<\/strong>&nbsp;(Kevin Mantilla \/ 2025 \/ 10&#8242;)<\/p>\n\n\n\n<p><strong>Mi nombre es obrero<\/strong>&nbsp;(Sof\u00eda Ayala, Joel Chumo, Rommina Toaza \/ 2025 \/ 18&#8242;)<\/p>\n\n\n\n<p><strong>El Coleccionista<\/strong>&nbsp;(Carlos Cordovez, Miguel Toledo \/ 2025 \/ 14&#8242;)<\/p>\n\n\n\n<p><strong>Rayo Violeta<\/strong>&nbsp;(Marlene Olvera \/ 2023 \/ 4&#8242;)<\/p>\n\n\n\n<p><strong>V\u00eda L\u00e1cteos<\/strong>&nbsp;(Nathaly Mej\u00eda, Diego Ronquillo \/ 2025 \/ 1&#8242;)<\/p>\n\n\n\n<p><strong>El Guardi\u00e1n de la Colada Morada<\/strong>&nbsp;(Romina Pesantez, Camila Aguilar \/ 2025 \/ 1&#8242;)<\/p>\n\n\n\n<p><strong>Ayer Me Quer\u00eda Matar, Hoy Bailo<\/strong>&nbsp;(Milo Vargas \/ 16&#8242;)<\/p>\n\n\n\n<p><strong>Chimbuceros<\/strong>&nbsp;(Jahir Rosales \/ 2025 \/ 9&#8242;)<\/p>\n\n\n\n<p><strong>Hojita de tamarindo<\/strong>&nbsp;(Christian Obando \/ 2023\/ 6&#8242;)<\/p>\n\n\n\n<p><strong>Florida Norte <\/strong>(Julie Tom\u00e9, Ileana Matamoros \/ 2024 \/ 17&#8242;)<\/p>\n\n\n\n<p><strong><em>Foro con sus directores<\/em><\/strong><\/p>\n\n\n<div  class=\"tribe-block tribe-block__venue tribe-clearfix tribe-block__venue--has-map\" >\n\t\n\t\t\n<div class=\"tribe-block__venue__map\">\n\t\n<iframe\n  title=\"Iframe de Google Maps mostrando la direcci\u00f3n a Cine MZ14\"\n  aria-label=\"Mapa de ubicaci\u00f3n del recinto\"\n  width=\"310px\"\n  height=\"256px\"\n  frameborder=\"0\" style=\"border:0\"\n  src=\"https:\/\/www.google.com\/maps\/embed\/v1\/place?key=AIzaSyDNsicAsP6-VuGtAb1O9riI3oc_NOb7IOU&#038;q=MZ14%2C+Panam%C3%A1+y+9+de+Octubre%2C+esquina+Guayaquil+Guayas+Ecuador+&#038;zoom=15\" allowfullscreen>\n<\/iframe>\n<\/div>\n\n\t<\/div>","excerpt":"","slug":"noche-de-los-cortos-iv","image":{"url":"https:\/\/www.uartes.edu.ec\/sitio\/agua\/wp-content\/uploads\/sites\/7\/noche-cortos.jpg","id":28678,"extension":"jpg","width":1000,"height":1000,"filesize":125314,"sizes":{"medium":{"width":400,"height":400,"mime-type":"image\/jpeg","filesize":34303,"url":"https:\/\/www.uartes.edu.ec\/sitio\/agua\/wp-content\/uploads\/sites\/7\/noche-cortos-400x400.jpg"},"large":{"width":644,"height":644,"mime-type":"image\/jpeg","filesize":83526,"url":"https:\/\/www.uartes.edu.ec\/sitio\/agua\/wp-content\/uploads\/sites\/7\/noche-cortos-644x644.jpg"},"thumbnail":{"width":150,"height":150,"mime-type":"image\/jpeg","filesize":6549,"url":"https:\/\/www.uartes.edu.ec\/sitio\/agua\/wp-content\/uploads\/sites\/7\/noche-cortos-150x150.jpg"},"medium_large":{"width":768,"height":768,"mime-type":"image\/jpeg","filesize":114270,"url":"https:\/\/www.uartes.edu.ec\/sitio\/agua\/wp-content\/uploads\/sites\/7\/noche-cortos-768x768.jpg"},"gb-block-post-grid-landscape":{"width":600,"height":400,"mime-type":"image\/jpeg","filesize":50057,"url":"https:\/\/www.uartes.edu.ec\/sitio\/agua\/wp-content\/uploads\/sites\/7\/noche-cortos-600x400.jpg"},"gb-block-post-grid-square":{"width":600,"height":600,"mime-type":"image\/jpeg","filesize":73519,"url":"https:\/\/www.uartes.edu.ec\/sitio\/agua\/wp-content\/uploads\/sites\/7\/noche-cortos-600x600.jpg"}}},"all_day":false,"start_date":"2026-01-30 18:00:00","start_date_details":{"year":"2026","month":"01","day":"30","hour":"18","minutes":"00","seconds":"00"},"end_date":"2026-01-30 20:00:00","end_date_details":{"year":"2026","month":"01","day":"30","hour":"20","minutes":"00","seconds":"00"},"utc_start_date":"2026-01-30 23:00:00","utc_start_date_details":{"year":"2026","month":"01","day":"30","hour":"23","minutes":"00","seconds":"00"},"utc_end_date":"2026-01-31 01:00:00","utc_end_date_details":{"year":"2026","month":"01","day":"31","hour":"01","minutes":"00","seconds":"00"},"timezone":"America\/Guayaquil","timezone_abbr":"","cost":"Gratuito","cost_details":{"currency_symbol":"$","currency_code":"USD","currency_position":"prefix","values":["0"]},"website":"","show_map":false,"show_map_link":false,"hide_from_listings":false,"sticky":true,"featured":true,"categories":[{"name":"Cine","slug":"cine","term_group":0,"term_taxonomy_id":391,"taxonomy":"tribe_events_cat","description":"","parent":0,"count":302,"filter":"raw","id":391,"urls":{"self":"https:\/\/www.uartes.edu.ec\/sitio\/agua\/wp-json\/tribe\/events\/v1\/categories\/391","collection":"https:\/\/www.uartes.edu.ec\/sitio\/agua\/wp-json\/tribe\/events\/v1\/categories"}},{"name":"MZ14","slug":"mz14","term_group":0,"term_taxonomy_id":406,"taxonomy":"tribe_events_cat","description":"Eventos en MZ14","parent":0,"count":374,"filter":"raw","id":406,"urls":{"self":"https:\/\/www.uartes.edu.ec\/sitio\/agua\/wp-json\/tribe\/events\/v1\/categories\/406","collection":"https:\/\/www.uartes.edu.ec\/sitio\/agua\/wp-json\/tribe\/events\/v1\/categories"}}],"tags":[],"venue":{"id":16738,"author":"1","status":"publish","date":"2022-09-29 14:22:23","date_utc":"2022-09-29 19:22:23","modified":"2024-12-17 11:23:07","modified_utc":"2024-12-17 16:23:07","url":"http:\/\/www.uartes.edu.ec\/sitio\/agua\/mz14\/cine\/","venue":"Cine MZ14","slug":"cine-mz14","address":"MZ14, Panam\u00e1 y 9 de Octubre, esquina","city":"Guayaquil","country":"Ecuador","province":"Guayas","website":"https:\/\/mz14.uartes.edu.ec","stateprovince":"Guayas","geo_lat":-2.1921907324668,"geo_lng":-79.879932200206,"json_ld":{"@type":"Place","name":"Cine MZ14","description":"","url":"http:\/\/www.uartes.edu.ec\/sitio\/agua\/mz14\/cine\/","address":{"@type":"PostalAddress","streetAddress":"MZ14, Panam\u00e1 y 9 de Octubre, esquina","addressLocality":"Guayaquil","addressRegion":"Guayas","addressCountry":"Ecuador"},"geo":{"@type":"GeoCoordinates","latitude":-2.1921907324668,"longitude":-79.879932200206},"telephone":"","sameAs":"https:\/\/mz14.uartes.edu.ec"},"show_map":true,"show_map_link":true,"global_id":"www.uartes.edu.ec\/sitio\/agua?id=16738","global_id_lineage":["www.uartes.edu.ec\/sitio\/agua?id=16738"]},"organizer":[],"custom_fields":[],"json_ld":{"@context":"http:\/\/schema.org","@type":"Event","name":"Noche de los Cortos IV","description":"&lt;p&gt;Un espacio de exhibici\u00f3n semestral para cortometrajes nacionales de reciente producci\u00f3n, en donde el p\u00fablico y sus directores se encuentran para intercambiar ideas y procesos. Entre Costuras&nbsp;(Olivia Mora Carrasco \/ [&hellip;]&lt;\/p&gt;\\n","image":"https:\/\/www.uartes.edu.ec\/sitio\/agua\/wp-content\/uploads\/sites\/7\/noche-cortos.jpg","url":"https:\/\/www.uartes.edu.ec\/sitio\/agua\/evento\/noche-de-los-cortos-iv\/","eventAttendanceMode":"https:\/\/schema.org\/OfflineEventAttendanceMode","eventStatus":"https:\/\/schema.org\/EventScheduled","startDate":"2026-01-30T18:00:00-05:00","endDate":"2026-01-30T20:00:00-05:00","location":{"@type":"Place","name":"Cine MZ14","description":"","url":"http:\/\/www.uartes.edu.ec\/sitio\/agua\/mz14\/cine\/","address":{"@type":"PostalAddress","streetAddress":"MZ14, Panam\u00e1 y 9 de Octubre, esquina","addressLocality":"Guayaquil","addressRegion":"Guayas","addressCountry":"Ecuador"},"geo":{"@type":"GeoCoordinates","latitude":-2.1921907324668,"longitude":-79.879932200206},"telephone":"","sameAs":"https:\/\/mz14.uartes.edu.ec"},"offers":{"@type":"Offer","price":"0","priceCurrency":"USD","url":"https:\/\/www.uartes.edu.ec\/sitio\/agua\/evento\/noche-de-los-cortos-iv\/","category":"primary","availability":"inStock","validFrom":"1970-01-01T00:00:00+00:00"},"performer":"Organization"},"is_virtual":false,"virtual_url":null,"virtual_video_source":""}