{"id":28708,"global_id":"www.uartes.edu.ec\/sitio\/agua?id=28708","global_id_lineage":["www.uartes.edu.ec\/sitio\/agua?id=28708"],"author":"1","status":"publish","date":"2026-01-27 16:08:30","date_utc":"2026-01-27 21:08:30","modified":"2026-02-02 08:07:55","modified_utc":"2026-02-02 13:07:55","url":"https:\/\/www.uartes.edu.ec\/sitio\/agua\/evento\/como-ud-quiera-4\/","rest_url":"https:\/\/www.uartes.edu.ec\/sitio\/agua\/wp-json\/tribe\/events\/v1\/events\/28708","title":"Como Ud quiera","description":"<div  class=\"tribe-events-schedule tribe-clearfix\" >\n\t<p class=\"tribe-events-schedule__datetime\">\n\t\t<span class=\"tribe-events-schedule__date tribe-events-schedule__date--start\">\n\t\t\t\t\t<\/span>\n\n\t\t\t\t\t<span class=\"tribe-events-schedule__separator tribe-events-schedule__separator--date\">\n\t\t\t\t @ \t\t\t<\/span>\n\t\t\t<span class=\"tribe-events-schedule__time tribe-events-schedule__time--start\">\n\t\t\t\t\t\t\t<\/span>\n\t\t\n\t\t\t<\/p>\n<\/div>\n\n\n<div  class=\"tribe-block tribe-block__event-price\" >\n\t\t<\/div>\n\n\n\n\n\n<p>Como Usted Quiera, un montaje inefable y colosal que naci\u00f3 desde las entra\u00f1as de Octavo Semestre de la Carrera de Creaci\u00f3n Teatral de la Universidad de las Artes.<\/p>\n\n\n\n<p>Te esperamos con la caja abierta para el estreno de ocho funciones, noches llenas de asfixia y lamentos.<\/p>\n\n\n\n<p>Direcci\u00f3n: Caymo Pizarro.<br>Dramaturgia: Sharmila Ulloa.<br>Docentes acompa\u00f1antes: Juan Bautista y Carlos Cede\u00f1o<\/p>\n\n\n\n<p><a href=\"https:\/\/docs.google.com\/forms\/d\/e\/1FAIpQLSd8plIzXqhwOxRu49e0kdrgRm-cLPZkhBc4jVam4jt7Tzs7Tg\/viewform\">https:\/\/docs.google.com\/forms\/d\/e\/1FAIpQLSd8plIzXqhwOxRu49e0kdrgRm-cLPZkhBc4jVam4jt7Tzs7Tg\/viewform<\/a><\/p>\n\n\n<div  class=\"tribe-block tribe-block__venue tribe-clearfix tribe-block__venue--has-map\" >\n\t\n\t\t\n<div class=\"tribe-block__venue__map\">\n\t\n<iframe\n  title=\"Iframe de Google Maps mostrando la direcci\u00f3n a Plaza P\u00fablica\"\n  aria-label=\"Mapa de ubicaci\u00f3n del recinto\"\n  width=\"310px\"\n  height=\"256px\"\n  frameborder=\"0\" style=\"border:0\"\n  src=\"https:\/\/www.google.com\/maps\/embed\/v1\/place?key=AIzaSyDNsicAsP6-VuGtAb1O9riI3oc_NOb7IOU&#038;q=MZ14%2C+Panam%C3%A1+y+9+de+Octubre%2C+esquina+Guayaquil+Guayas+Ecuador+&#038;zoom=15\" allowfullscreen>\n<\/iframe>\n<\/div>\n\n\t<\/div>","excerpt":"","slug":"como-ud-quiera-4","image":{"url":"https:\/\/www.uartes.edu.ec\/sitio\/agua\/wp-content\/uploads\/sites\/7\/diga-ud.jpg","id":28748,"extension":"jpg","width":1000,"height":1000,"filesize":164989,"sizes":{"medium":{"width":400,"height":400,"mime-type":"image\/jpeg","filesize":42022,"url":"https:\/\/www.uartes.edu.ec\/sitio\/agua\/wp-content\/uploads\/sites\/7\/diga-ud-400x400.jpg"},"large":{"width":644,"height":644,"mime-type":"image\/jpeg","filesize":98373,"url":"https:\/\/www.uartes.edu.ec\/sitio\/agua\/wp-content\/uploads\/sites\/7\/diga-ud-644x644.jpg"},"thumbnail":{"width":150,"height":150,"mime-type":"image\/jpeg","filesize":8067,"url":"https:\/\/www.uartes.edu.ec\/sitio\/agua\/wp-content\/uploads\/sites\/7\/diga-ud-150x150.jpg"},"medium_large":{"width":768,"height":768,"mime-type":"image\/jpeg","filesize":134754,"url":"https:\/\/www.uartes.edu.ec\/sitio\/agua\/wp-content\/uploads\/sites\/7\/diga-ud-768x768.jpg"},"gb-block-post-grid-landscape":{"width":600,"height":400,"mime-type":"image\/jpeg","filesize":61026,"url":"https:\/\/www.uartes.edu.ec\/sitio\/agua\/wp-content\/uploads\/sites\/7\/diga-ud-600x400.jpg"},"gb-block-post-grid-square":{"width":600,"height":600,"mime-type":"image\/jpeg","filesize":88104,"url":"https:\/\/www.uartes.edu.ec\/sitio\/agua\/wp-content\/uploads\/sites\/7\/diga-ud-600x600.jpg"}}},"all_day":false,"start_date":"2026-02-13 18:00:00","start_date_details":{"year":"2026","month":"02","day":"13","hour":"18","minutes":"00","seconds":"00"},"end_date":"2026-02-13 19:00:00","end_date_details":{"year":"2026","month":"02","day":"13","hour":"19","minutes":"00","seconds":"00"},"utc_start_date":"2026-02-13 23:00:00","utc_start_date_details":{"year":"2026","month":"02","day":"13","hour":"23","minutes":"00","seconds":"00"},"utc_end_date":"2026-02-14 00:00:00","utc_end_date_details":{"year":"2026","month":"02","day":"14","hour":"00","minutes":"00","seconds":"00"},"timezone":"America\/Guayaquil","timezone_abbr":"","cost":"Gratuito","cost_details":{"currency_symbol":"$","currency_code":"USD","currency_position":"prefix","values":["gratuito"]},"website":"","show_map":false,"show_map_link":false,"hide_from_listings":false,"sticky":false,"featured":false,"categories":[{"name":"Esc\u00e9nico","slug":"escenico","term_group":0,"term_taxonomy_id":392,"taxonomy":"tribe_events_cat","description":"","parent":0,"count":39,"filter":"raw","id":392,"urls":{"self":"https:\/\/www.uartes.edu.ec\/sitio\/agua\/wp-json\/tribe\/events\/v1\/categories\/392","collection":"https:\/\/www.uartes.edu.ec\/sitio\/agua\/wp-json\/tribe\/events\/v1\/categories"}},{"name":"MZ14","slug":"mz14","term_group":0,"term_taxonomy_id":406,"taxonomy":"tribe_events_cat","description":"Eventos en MZ14","parent":0,"count":374,"filter":"raw","id":406,"urls":{"self":"https:\/\/www.uartes.edu.ec\/sitio\/agua\/wp-json\/tribe\/events\/v1\/categories\/406","collection":"https:\/\/www.uartes.edu.ec\/sitio\/agua\/wp-json\/tribe\/events\/v1\/categories"}}],"tags":[],"venue":{"id":17058,"author":"1","status":"publish","date":"2023-08-31 11:55:14","date_utc":"2023-08-31 16:55:14","modified":"2024-12-17 11:22:53","modified_utc":"2024-12-17 16:22:53","url":"http:\/\/www.uartes.edu.ec\/sitio\/agua\/mz14\/plaza-publica\/","venue":"Plaza P\u00fablica","slug":"plaza-publica","address":"MZ14, Panam\u00e1 y 9 de Octubre, esquina","city":"Guayaquil","country":"Ecuador","province":"Guayas","stateprovince":"Guayas","geo_lat":-2.192061169799,"geo_lng":-79.880202669053,"json_ld":{"@type":"Place","name":"Plaza P\u00fablica","description":"","url":"http:\/\/www.uartes.edu.ec\/sitio\/agua\/mz14\/plaza-publica\/","address":{"@type":"PostalAddress","streetAddress":"MZ14, Panam\u00e1 y 9 de Octubre, esquina","addressLocality":"Guayaquil","addressRegion":"Guayas","addressCountry":"Ecuador"},"geo":{"@type":"GeoCoordinates","latitude":-2.192061169799,"longitude":-79.880202669053},"telephone":"","sameAs":""},"show_map":true,"show_map_link":true,"global_id":"www.uartes.edu.ec\/sitio\/agua?id=17058","global_id_lineage":["www.uartes.edu.ec\/sitio\/agua?id=17058"]},"organizer":[],"custom_fields":[],"json_ld":{"@context":"http:\/\/schema.org","@type":"Event","name":"Como Ud quiera","description":"&lt;p&gt;Como Usted Quiera, un montaje inefable y colosal que naci\u00f3 desde las entra\u00f1as de Octavo Semestre de la Carrera de Creaci\u00f3n Teatral de la Universidad de las Artes. Te esperamos [&hellip;]&lt;\/p&gt;\\n","image":"https:\/\/www.uartes.edu.ec\/sitio\/agua\/wp-content\/uploads\/sites\/7\/diga-ud.jpg","url":"https:\/\/www.uartes.edu.ec\/sitio\/agua\/evento\/como-ud-quiera-4\/","eventAttendanceMode":"https:\/\/schema.org\/OfflineEventAttendanceMode","eventStatus":"https:\/\/schema.org\/EventScheduled","startDate":"2026-02-13T18:00:00-05:00","endDate":"2026-02-13T19:00:00-05:00","location":{"@type":"Place","name":"Plaza P\u00fablica","description":"","url":"http:\/\/www.uartes.edu.ec\/sitio\/agua\/mz14\/plaza-publica\/","address":{"@type":"PostalAddress","streetAddress":"MZ14, Panam\u00e1 y 9 de Octubre, esquina","addressLocality":"Guayaquil","addressRegion":"Guayas","addressCountry":"Ecuador"},"geo":{"@type":"GeoCoordinates","latitude":-2.192061169799,"longitude":-79.880202669053},"telephone":"","sameAs":""},"offers":{"@type":"Offer","price":"0","priceCurrency":"USD","url":"https:\/\/www.uartes.edu.ec\/sitio\/agua\/evento\/como-ud-quiera-4\/","category":"primary","availability":"inStock","validFrom":"1970-01-01T00:00:00+00:00"},"performer":"Organization"},"is_virtual":false,"virtual_url":null,"virtual_video_source":""}