{"id":28778,"global_id":"www.uartes.edu.ec\/sitio\/agua?id=28778","global_id_lineage":["www.uartes.edu.ec\/sitio\/agua?id=28778"],"author":"1","status":"publish","date":"2026-02-02 12:08:41","date_utc":"2026-02-02 17:08:41","modified":"2026-02-02 12:08:42","modified_utc":"2026-02-02 17:08:42","url":"https:\/\/www.uartes.edu.ec\/sitio\/agua\/evento\/sonoridades-recital-de-final-de-semestre\/","rest_url":"https:\/\/www.uartes.edu.ec\/sitio\/agua\/wp-json\/tribe\/events\/v1\/events\/28778","title":"Sonoridades: Recital de final de semestre","description":"<div  class=\"tribe-events-schedule tribe-clearfix\" >\n\t<p class=\"tribe-events-schedule__datetime\">\n\t\t<span class=\"tribe-events-schedule__date tribe-events-schedule__date--start\">\n\t\t\t\t\t<\/span>\n\n\t\t\t\t\t<span class=\"tribe-events-schedule__separator tribe-events-schedule__separator--date\">\n\t\t\t\t @ \t\t\t<\/span>\n\t\t\t<span class=\"tribe-events-schedule__time tribe-events-schedule__time--start\">\n\t\t\t\t\t\t\t<\/span>\n\t\t\n\t\t\t<\/p>\n<\/div>\n\n\n<div  class=\"tribe-block tribe-block__event-price\" >\n\t\t<\/div>\n\n\n\n\n\n<p>Sonoridades: Recital de final de semestre <\/p>\n\n\n\n<p>Bajo la direcci\u00f3n de la docente Yanella Duarte<\/p>\n\n\n<div  class=\"tribe-block tribe-block__venue tribe-clearfix tribe-block__venue--has-map\" >\n\t\n\t\t\n<div class=\"tribe-block__venue__map\">\n\t\n<iframe\n  title=\"Iframe de Google Maps mostrando la direcci\u00f3n a Sal\u00f3n de Usos M\u00faltiples\"\n  aria-label=\"Mapa de ubicaci\u00f3n del recinto\"\n  width=\"310px\"\n  height=\"256px\"\n  frameborder=\"0\" style=\"border:0\"\n  src=\"https:\/\/www.google.com\/maps\/embed\/v1\/place?key=AIzaSyDNsicAsP6-VuGtAb1O9riI3oc_NOb7IOU&#038;q=Pabell%C3%B3n+Araceli+Gilbert%2C+Palacio+de+la+Gobernaci%C3%B3n%2C+Malec%C3%B3n+Sim%C3%B3n+Bol%C3%ADvar+y+Aguirre%2C+esquina+Guayaquil+Ecuador+&#038;zoom=15\" allowfullscreen>\n<\/iframe>\n<\/div>\n\n\t<\/div>","excerpt":"","slug":"sonoridades-recital-de-final-de-semestre","image":{"url":"https:\/\/www.uartes.edu.ec\/sitio\/agua\/wp-content\/uploads\/sites\/7\/Concierto-Sonoridades.jpg","id":28774,"extension":"jpg","width":1000,"height":1000,"filesize":34692,"sizes":{"medium":{"width":400,"height":400,"mime-type":"image\/jpeg","filesize":17004,"url":"https:\/\/www.uartes.edu.ec\/sitio\/agua\/wp-content\/uploads\/sites\/7\/Concierto-Sonoridades-400x400.jpg"},"large":{"width":644,"height":644,"mime-type":"image\/jpeg","filesize":35028,"url":"https:\/\/www.uartes.edu.ec\/sitio\/agua\/wp-content\/uploads\/sites\/7\/Concierto-Sonoridades-644x644.jpg"},"thumbnail":{"width":150,"height":150,"mime-type":"image\/jpeg","filesize":4310,"url":"https:\/\/www.uartes.edu.ec\/sitio\/agua\/wp-content\/uploads\/sites\/7\/Concierto-Sonoridades-150x150.jpg"},"medium_large":{"width":768,"height":768,"mime-type":"image\/jpeg","filesize":44858,"url":"https:\/\/www.uartes.edu.ec\/sitio\/agua\/wp-content\/uploads\/sites\/7\/Concierto-Sonoridades-768x768.jpg"},"gb-block-post-grid-landscape":{"width":600,"height":400,"mime-type":"image\/jpeg","filesize":23145,"url":"https:\/\/www.uartes.edu.ec\/sitio\/agua\/wp-content\/uploads\/sites\/7\/Concierto-Sonoridades-600x400.jpg"},"gb-block-post-grid-square":{"width":600,"height":600,"mime-type":"image\/jpeg","filesize":31305,"url":"https:\/\/www.uartes.edu.ec\/sitio\/agua\/wp-content\/uploads\/sites\/7\/Concierto-Sonoridades-600x600.jpg"}}},"all_day":false,"start_date":"2026-02-04 16:00:00","start_date_details":{"year":"2026","month":"02","day":"04","hour":"16","minutes":"00","seconds":"00"},"end_date":"2026-02-04 17:00:00","end_date_details":{"year":"2026","month":"02","day":"04","hour":"17","minutes":"00","seconds":"00"},"utc_start_date":"2026-02-04 21:00:00","utc_start_date_details":{"year":"2026","month":"02","day":"04","hour":"21","minutes":"00","seconds":"00"},"utc_end_date":"2026-02-04 22:00:00","utc_end_date_details":{"year":"2026","month":"02","day":"04","hour":"22","minutes":"00","seconds":"00"},"timezone":"America\/Guayaquil","timezone_abbr":"","cost":"Gratuito","cost_details":{"currency_symbol":"$","currency_code":"USD","currency_position":"prefix","values":["0"]},"website":"","show_map":false,"show_map_link":false,"hide_from_listings":false,"sticky":false,"featured":false,"categories":[{"name":"Concierto","slug":"concierto","term_group":0,"term_taxonomy_id":398,"taxonomy":"tribe_events_cat","description":"","parent":0,"count":46,"filter":"raw","id":398,"urls":{"self":"https:\/\/www.uartes.edu.ec\/sitio\/agua\/wp-json\/tribe\/events\/v1\/categories\/398","collection":"https:\/\/www.uartes.edu.ec\/sitio\/agua\/wp-json\/tribe\/events\/v1\/categories"}},{"name":"Universidad de las Artes","slug":"universidad-de-las-artes","term_group":0,"term_taxonomy_id":408,"taxonomy":"tribe_events_cat","description":"Eventos en Universidad de las Artes","parent":0,"count":27,"filter":"raw","id":408,"urls":{"self":"https:\/\/www.uartes.edu.ec\/sitio\/agua\/wp-json\/tribe\/events\/v1\/categories\/408","collection":"https:\/\/www.uartes.edu.ec\/sitio\/agua\/wp-json\/tribe\/events\/v1\/categories"}}],"tags":[],"venue":{"id":18108,"author":"1","status":"publish","date":"2023-12-05 10:30:57","date_utc":"2023-12-05 15:30:57","modified":"2024-12-17 11:16:50","modified_utc":"2024-12-17 16:16:50","url":"http:\/\/www.uartes.edu.ec\/sitio\/agua\/uartes\/sum\/","venue":"Sal\u00f3n de Usos M\u00faltiples","slug":"salon-de-usos-multiples","address":"Pabell\u00f3n Araceli Gilbert, Palacio de la Gobernaci\u00f3n, Malec\u00f3n Sim\u00f3n Bol\u00edvar y Aguirre, esquina","city":"Guayaquil","country":"Ecuador","geo_lat":-2.1945259279169,"geo_lng":-79.88068794187,"json_ld":{"@type":"Place","name":"Sal\u00f3n de Usos M\u00faltiples","description":"","url":"http:\/\/www.uartes.edu.ec\/sitio\/agua\/uartes\/sum\/","address":{"@type":"PostalAddress","streetAddress":"Pabell\u00f3n Araceli Gilbert, Palacio de la Gobernaci\u00f3n, Malec\u00f3n Sim\u00f3n Bol\u00edvar y Aguirre, esquina","addressLocality":"Guayaquil","addressCountry":"Ecuador"},"geo":{"@type":"GeoCoordinates","latitude":-2.1945259279169,"longitude":-79.88068794187},"telephone":"","sameAs":""},"show_map":true,"show_map_link":true,"global_id":"www.uartes.edu.ec\/sitio\/agua?id=18108","global_id_lineage":["www.uartes.edu.ec\/sitio\/agua?id=18108"]},"organizer":[],"custom_fields":[],"json_ld":{"@context":"http:\/\/schema.org","@type":"Event","name":"Sonoridades: Recital de final de semestre","description":"&lt;p&gt;Sonoridades: Recital de final de semestre Bajo la direcci\u00f3n de la docente Yanella Duarte&lt;\/p&gt;\\n","image":"https:\/\/www.uartes.edu.ec\/sitio\/agua\/wp-content\/uploads\/sites\/7\/Concierto-Sonoridades.jpg","url":"https:\/\/www.uartes.edu.ec\/sitio\/agua\/evento\/sonoridades-recital-de-final-de-semestre\/","eventAttendanceMode":"https:\/\/schema.org\/OfflineEventAttendanceMode","eventStatus":"https:\/\/schema.org\/EventScheduled","startDate":"2026-02-04T16:00:00-05:00","endDate":"2026-02-04T17:00:00-05:00","location":{"@type":"Place","name":"Sal\u00f3n de Usos M\u00faltiples","description":"","url":"http:\/\/www.uartes.edu.ec\/sitio\/agua\/uartes\/sum\/","address":{"@type":"PostalAddress","streetAddress":"Pabell\u00f3n Araceli Gilbert, Palacio de la Gobernaci\u00f3n, Malec\u00f3n Sim\u00f3n Bol\u00edvar y Aguirre, esquina","addressLocality":"Guayaquil","addressCountry":"Ecuador"},"geo":{"@type":"GeoCoordinates","latitude":-2.1945259279169,"longitude":-79.88068794187},"telephone":"","sameAs":""},"offers":{"@type":"Offer","price":"0","priceCurrency":"USD","url":"https:\/\/www.uartes.edu.ec\/sitio\/agua\/evento\/sonoridades-recital-de-final-de-semestre\/","category":"primary","availability":"inStock","validFrom":"1970-01-01T00:00:00+00:00"},"performer":"Organization"},"is_virtual":false,"virtual_url":null,"virtual_video_source":""}