{"id":28843,"global_id":"www.uartes.edu.ec\/sitio\/agua?id=28843","global_id_lineage":["www.uartes.edu.ec\/sitio\/agua?id=28843"],"author":"52","status":"publish","date":"2026-02-12 18:45:10","date_utc":"2026-02-12 23:45:10","modified":"2026-02-12 18:45:20","modified_utc":"2026-02-12 23:45:20","url":"https:\/\/www.uartes.edu.ec\/sitio\/agua\/evento\/bibliotecas-en-movimiento\/","rest_url":"https:\/\/www.uartes.edu.ec\/sitio\/agua\/wp-json\/tribe\/events\/v1\/events\/28843","title":"Bibliotecas en movimiento","description":"<div  class=\"tribe-events-schedule tribe-clearfix\" >\n\t<p class=\"tribe-events-schedule__datetime\">\n\t\t<span class=\"tribe-events-schedule__date tribe-events-schedule__date--start\">\n\t\t\t\t\t<\/span>\n\n\t\t\t\t\t<span class=\"tribe-events-schedule__separator tribe-events-schedule__separator--date\">\n\t\t\t\t @ \t\t\t<\/span>\n\t\t\t<span class=\"tribe-events-schedule__time tribe-events-schedule__time--start\">\n\t\t\t\t\t\t\t<\/span>\n\t\t\n\t\t\t<\/p>\n<\/div>\n\n\n<div  class=\"tribe-block tribe-block__event-price\" >\n\t\t<\/div>\n\n\n\n\n\n<p>Bibliotecas en movimiento<\/p>\n\n\n\n<p>Innovaci\u00f3n digital, literatura y mediaci\u00f3n lectora.<\/p>\n\n\n\n<p>Una jornada para reflexionar sobre la biblioteca como espacio activo de pensamiento, creaci\u00f3n y encuentro en este mes del Bibliotecario Ecuatoriano.<\/p>\n\n\n\n<p> Con las participaciones especiales de la escritora y acad\u00e9mica Solange Rodr\u00edguez,<\/p>\n\n\n\n<p>directora de la Escuela de Literatura de la Universidad de las Artes; la mediadora de lectura y creadora del Ba\u00fal Literario y Art\u00edstico, Jacqueline Loor,<\/p>\n\n\n\n<p>y directores de bibliotecas de importantes centros de educaci\u00f3n superior.<\/p>\n\n\n\n<p>Pronto compartiremos m\u00e1s informaci\u00f3n.<\/p>\n\n\n<div  class=\"tribe-block tribe-block__venue tribe-clearfix tribe-block__venue--has-map\" >\n\t\n\t\t\n<div class=\"tribe-block__venue__map\">\n\t\n<iframe\n  title=\"Iframe de Google Maps mostrando la direcci\u00f3n a Sala multifuncional (terraza) &#8211; Biblioteca de las Artes\"\n  aria-label=\"Mapa de ubicaci\u00f3n del recinto\"\n  width=\"310px\"\n  height=\"256px\"\n  frameborder=\"0\" style=\"border:0\"\n  src=\"https:\/\/www.google.com\/maps\/embed\/v1\/place?key=AIzaSyDNsicAsP6-VuGtAb1O9riI3oc_NOb7IOU&#038;q=Biblioteca+de+las+Artes%2C+Aguirre+y+Panam%C3%A1%2C+esquina+Guayaquil+&#038;zoom=15\" allowfullscreen>\n<\/iframe>\n<\/div>\n\n\t<\/div>","excerpt":"","slug":"bibliotecas-en-movimiento","image":{"url":"https:\/\/www.uartes.edu.ec\/sitio\/agua\/wp-content\/uploads\/sites\/7\/WhatsApp-Image-2026-02-12-at-18.42.55.jpeg","id":28844,"extension":"jpeg","width":1600,"height":1600,"filesize":150289,"sizes":{"medium":{"width":400,"height":400,"mime-type":"image\/jpeg","filesize":25465,"url":"https:\/\/www.uartes.edu.ec\/sitio\/agua\/wp-content\/uploads\/sites\/7\/WhatsApp-Image-2026-02-12-at-18.42.55-400x400.jpeg"},"large":{"width":644,"height":644,"mime-type":"image\/jpeg","filesize":51431,"url":"https:\/\/www.uartes.edu.ec\/sitio\/agua\/wp-content\/uploads\/sites\/7\/WhatsApp-Image-2026-02-12-at-18.42.55-644x644.jpeg"},"thumbnail":{"width":150,"height":150,"mime-type":"image\/jpeg","filesize":5246,"url":"https:\/\/www.uartes.edu.ec\/sitio\/agua\/wp-content\/uploads\/sites\/7\/WhatsApp-Image-2026-02-12-at-18.42.55-150x150.jpeg"},"medium_large":{"width":768,"height":768,"mime-type":"image\/jpeg","filesize":66685,"url":"https:\/\/www.uartes.edu.ec\/sitio\/agua\/wp-content\/uploads\/sites\/7\/WhatsApp-Image-2026-02-12-at-18.42.55-768x768.jpeg"},"1536x1536":{"width":1536,"height":1536,"mime-type":"image\/jpeg","filesize":176486,"url":"https:\/\/www.uartes.edu.ec\/sitio\/agua\/wp-content\/uploads\/sites\/7\/WhatsApp-Image-2026-02-12-at-18.42.55-1536x1536.jpeg"},"gb-block-post-grid-landscape":{"width":600,"height":400,"mime-type":"image\/jpeg","filesize":28724,"url":"https:\/\/www.uartes.edu.ec\/sitio\/agua\/wp-content\/uploads\/sites\/7\/WhatsApp-Image-2026-02-12-at-18.42.55-600x400.jpeg"},"gb-block-post-grid-square":{"width":600,"height":600,"mime-type":"image\/jpeg","filesize":46801,"url":"https:\/\/www.uartes.edu.ec\/sitio\/agua\/wp-content\/uploads\/sites\/7\/WhatsApp-Image-2026-02-12-at-18.42.55-600x600.jpeg"}}},"all_day":false,"start_date":"2026-02-26 09:00:00","start_date_details":{"year":"2026","month":"02","day":"26","hour":"09","minutes":"00","seconds":"00"},"end_date":"2026-02-26 12:30:00","end_date_details":{"year":"2026","month":"02","day":"26","hour":"12","minutes":"30","seconds":"00"},"utc_start_date":"2026-02-26 14:00:00","utc_start_date_details":{"year":"2026","month":"02","day":"26","hour":"14","minutes":"00","seconds":"00"},"utc_end_date":"2026-02-26 17:30:00","utc_end_date_details":{"year":"2026","month":"02","day":"26","hour":"17","minutes":"30","seconds":"00"},"timezone":"America\/Guayaquil","timezone_abbr":"","cost":"Gratuito","cost_details":{"currency_symbol":"$","currency_code":"USD","currency_position":"prefix","values":["0"]},"website":"","show_map":false,"show_map_link":false,"hide_from_listings":false,"sticky":false,"featured":false,"categories":[{"name":"Acad\u00e9mico","slug":"academico","term_group":0,"term_taxonomy_id":402,"taxonomy":"tribe_events_cat","description":"","parent":0,"count":29,"filter":"raw","id":402,"urls":{"self":"https:\/\/www.uartes.edu.ec\/sitio\/agua\/wp-json\/tribe\/events\/v1\/categories\/402","collection":"https:\/\/www.uartes.edu.ec\/sitio\/agua\/wp-json\/tribe\/events\/v1\/categories"}},{"name":"Biblioteca de las Artes","slug":"biblioteca","term_group":0,"term_taxonomy_id":407,"taxonomy":"tribe_events_cat","description":"Eventos en Biblioteca de las Artes","parent":0,"count":107,"filter":"raw","id":407,"urls":{"self":"https:\/\/www.uartes.edu.ec\/sitio\/agua\/wp-json\/tribe\/events\/v1\/categories\/407","collection":"https:\/\/www.uartes.edu.ec\/sitio\/agua\/wp-json\/tribe\/events\/v1\/categories"}},{"name":"Encuentro","slug":"encuentro","term_group":0,"term_taxonomy_id":403,"taxonomy":"tribe_events_cat","description":"","parent":0,"count":47,"filter":"raw","id":403,"urls":{"self":"https:\/\/www.uartes.edu.ec\/sitio\/agua\/wp-json\/tribe\/events\/v1\/categories\/403","collection":"https:\/\/www.uartes.edu.ec\/sitio\/agua\/wp-json\/tribe\/events\/v1\/categories"}},{"name":"Literatura","slug":"literatura","term_group":0,"term_taxonomy_id":400,"taxonomy":"tribe_events_cat","description":"","parent":0,"count":49,"filter":"raw","id":400,"urls":{"self":"https:\/\/www.uartes.edu.ec\/sitio\/agua\/wp-json\/tribe\/events\/v1\/categories\/400","collection":"https:\/\/www.uartes.edu.ec\/sitio\/agua\/wp-json\/tribe\/events\/v1\/categories"}},{"name":"Taller","slug":"taller","term_group":0,"term_taxonomy_id":399,"taxonomy":"tribe_events_cat","description":"","parent":0,"count":40,"filter":"raw","id":399,"urls":{"self":"https:\/\/www.uartes.edu.ec\/sitio\/agua\/wp-json\/tribe\/events\/v1\/categories\/399","collection":"https:\/\/www.uartes.edu.ec\/sitio\/agua\/wp-json\/tribe\/events\/v1\/categories"}}],"tags":[],"venue":{"id":17702,"author":"1","status":"publish","date":"2023-11-01 13:30:43","date_utc":"2023-11-01 18:30:43","modified":"2024-12-17 11:19:00","modified_utc":"2024-12-17 16:19:00","url":"http:\/\/www.uartes.edu.ec\/sitio\/agua\/biblioteca\/terraza\/","venue":"Sala multifuncional (terraza) &#8211; Biblioteca de las Artes","slug":"terraza","address":"Biblioteca de las Artes, Aguirre y Panam\u00e1, esquina","city":"Guayaquil","website":"https:\/\/biblioteca.uartes.edu.ec\/","geo_lat":-2.1939090085933,"geo_lng":-79.881031486916,"json_ld":{"@type":"Place","name":"Sala multifuncional (terraza) &#8211; Biblioteca de las Artes","description":"","url":"http:\/\/www.uartes.edu.ec\/sitio\/agua\/biblioteca\/terraza\/","address":{"@type":"PostalAddress","streetAddress":"Biblioteca de las Artes, Aguirre y Panam\u00e1, esquina","addressLocality":"Guayaquil"},"geo":{"@type":"GeoCoordinates","latitude":-2.1939090085933,"longitude":-79.881031486916},"telephone":"","sameAs":"https:\/\/biblioteca.uartes.edu.ec\/"},"show_map":true,"show_map_link":true,"global_id":"www.uartes.edu.ec\/sitio\/agua?id=17702","global_id_lineage":["www.uartes.edu.ec\/sitio\/agua?id=17702"]},"organizer":[],"custom_fields":[],"json_ld":{"@context":"http:\/\/schema.org","@type":"Event","name":"Bibliotecas en movimiento","description":"&lt;p&gt;Bibliotecas en movimiento Innovaci\u00f3n digital, literatura y mediaci\u00f3n lectora. Una jornada para reflexionar sobre la biblioteca como espacio activo de pensamiento, creaci\u00f3n y encuentro en este mes del Bibliotecario Ecuatoriano. [&hellip;]&lt;\/p&gt;\\n","image":"https:\/\/www.uartes.edu.ec\/sitio\/agua\/wp-content\/uploads\/sites\/7\/WhatsApp-Image-2026-02-12-at-18.42.55.jpeg","url":"https:\/\/www.uartes.edu.ec\/sitio\/agua\/evento\/bibliotecas-en-movimiento\/","eventAttendanceMode":"https:\/\/schema.org\/OfflineEventAttendanceMode","eventStatus":"https:\/\/schema.org\/EventScheduled","startDate":"2026-02-26T09:00:00-05:00","endDate":"2026-02-26T12:30:00-05:00","location":{"@type":"Place","name":"Sala multifuncional (terraza) &#8211; Biblioteca de las Artes","description":"","url":"http:\/\/www.uartes.edu.ec\/sitio\/agua\/biblioteca\/terraza\/","address":{"@type":"PostalAddress","streetAddress":"Biblioteca de las Artes, Aguirre y Panam\u00e1, esquina","addressLocality":"Guayaquil"},"geo":{"@type":"GeoCoordinates","latitude":-2.1939090085933,"longitude":-79.881031486916},"telephone":"","sameAs":"https:\/\/biblioteca.uartes.edu.ec\/"},"offers":{"@type":"Offer","price":"0","priceCurrency":"USD","url":"https:\/\/www.uartes.edu.ec\/sitio\/agua\/evento\/bibliotecas-en-movimiento\/","category":"primary","availability":"inStock","validFrom":"1970-01-01T00:00:00+00:00"},"performer":"Organization"},"is_virtual":false,"virtual_url":null,"virtual_video_source":""}