{"id":29294,"global_id":"www.uartes.edu.ec\/sitio\/agua?id=29294","global_id_lineage":["www.uartes.edu.ec\/sitio\/agua?id=29294"],"author":"52","status":"publish","date":"2026-04-23 11:23:36","date_utc":"2026-04-23 16:23:36","modified":"2026-04-23 11:24:07","modified_utc":"2026-04-23 16:24:07","url":"https:\/\/www.uartes.edu.ec\/sitio\/agua\/evento\/rosa-luxemburgo\/","rest_url":"https:\/\/www.uartes.edu.ec\/sitio\/agua\/wp-json\/tribe\/events\/v1\/events\/29294","title":"Rosa Luxemburgo","description":"<div  class=\"tribe-events-schedule tribe-clearfix\" >\n\t<p class=\"tribe-events-schedule__datetime\">\n\t\t<span class=\"tribe-events-schedule__date tribe-events-schedule__date--start\">\n\t\t\t\t\t<\/span>\n\n\t\t\t\t\t<span class=\"tribe-events-schedule__separator tribe-events-schedule__separator--date\">\n\t\t\t\t @ \t\t\t<\/span>\n\t\t\t<span class=\"tribe-events-schedule__time tribe-events-schedule__time--start\">\n\t\t\t\t\t\t\t<\/span>\n\t\t\n\t\t\t<\/p>\n<\/div>\n\n\n<div  class=\"tribe-block tribe-block__event-price\" >\n\t\t<\/div>\n\n\n\n\n\n<p>La Biblioteca de las Artes te invita a una nueva sesi\u00f3n de cine foro, un espacio para el encuentro, la reflexi\u00f3n y el di\u00e1logo en torno al cine y la historia.<\/p>\n\n\n\n<p> Pel\u00edcula: Rosa Luxemburgo<\/p>\n\n\n\n<p> Fecha: S\u00e1bado 25 de abril de 2026<\/p>\n\n\n\n<p>Hora: 14:00<\/p>\n\n\n\n<p>Lugar: Auditorio, Biblioteca de las Artes (Pichincha y Aguirre, esquina)<\/p>\n\n\n\n<p> Dirigida por Margarethe von Trotta (1986)<\/p>\n\n\n\n<p> Modera: Freddy Avil\u00e9s<\/p>\n\n\n\n<p> Actividad gratuita, con fines acad\u00e9micos y culturales, abierta a todo p\u00fablico.<\/p>\n\n\n\n<p>Una obra que nos acerca a la vida de una de las figuras m\u00e1s influyentes del pensamiento pol\u00edtico del siglo XX, invit\u00e1ndonos a reflexionar sobre la lucha, la justicia y la voz colectiva.<\/p>\n\n\n\n<p> \u00a1Te esperamos para compartir cine y conversaci\u00f3n!<\/p>\n\n\n<div  class=\"tribe-block tribe-block__venue tribe-clearfix tribe-block__venue--has-map\" >\n\t\n\t\t\n<div class=\"tribe-block__venue__map\">\n\t\n<iframe\n  title=\"Iframe de Google Maps mostrando la direcci\u00f3n a Auditorio &#8211; Biblioteca de las Artes\"\n  aria-label=\"Mapa de ubicaci\u00f3n del recinto\"\n  width=\"310px\"\n  height=\"256px\"\n  frameborder=\"0\" style=\"border:0\"\n  src=\"https:\/\/www.google.com\/maps\/embed\/v1\/place?key=AIzaSyDNsicAsP6-VuGtAb1O9riI3oc_NOb7IOU&#038;q=Piso+1%2C+Biblioteca+de+las+Artes%2C+Aguirre+y+Panam%C3%A1+esquina+Guayaquil+Guayas+Ecuador+&#038;zoom=15\" allowfullscreen>\n<\/iframe>\n<\/div>\n\n\t<\/div>\n\n\n\n<p><\/p>","excerpt":"","slug":"rosa-luxemburgo","image":{"url":"https:\/\/www.uartes.edu.ec\/sitio\/agua\/wp-content\/uploads\/sites\/7\/CINE-FORO-ABRIL-B1.jpg","id":29295,"extension":"jpg","width":1080,"height":1350,"filesize":238938,"sizes":{"medium":{"width":320,"height":400,"mime-type":"image\/jpeg","filesize":26213,"url":"https:\/\/www.uartes.edu.ec\/sitio\/agua\/wp-content\/uploads\/sites\/7\/CINE-FORO-ABRIL-B1-320x400.jpg"},"large":{"width":644,"height":805,"mime-type":"image\/jpeg","filesize":81024,"url":"https:\/\/www.uartes.edu.ec\/sitio\/agua\/wp-content\/uploads\/sites\/7\/CINE-FORO-ABRIL-B1-644x805.jpg"},"thumbnail":{"width":150,"height":150,"mime-type":"image\/jpeg","filesize":6889,"url":"https:\/\/www.uartes.edu.ec\/sitio\/agua\/wp-content\/uploads\/sites\/7\/CINE-FORO-ABRIL-B1-150x150.jpg"},"medium_large":{"width":768,"height":960,"mime-type":"image\/jpeg","filesize":104638,"url":"https:\/\/www.uartes.edu.ec\/sitio\/agua\/wp-content\/uploads\/sites\/7\/CINE-FORO-ABRIL-B1-768x960.jpg"},"gb-block-post-grid-landscape":{"width":600,"height":400,"mime-type":"image\/jpeg","filesize":44461,"url":"https:\/\/www.uartes.edu.ec\/sitio\/agua\/wp-content\/uploads\/sites\/7\/CINE-FORO-ABRIL-B1-600x400.jpg"},"gb-block-post-grid-square":{"width":600,"height":600,"mime-type":"image\/jpeg","filesize":63159,"url":"https:\/\/www.uartes.edu.ec\/sitio\/agua\/wp-content\/uploads\/sites\/7\/CINE-FORO-ABRIL-B1-600x600.jpg"}}},"all_day":false,"start_date":"2026-04-25 14:00:00","start_date_details":{"year":"2026","month":"04","day":"25","hour":"14","minutes":"00","seconds":"00"},"end_date":"2026-04-25 15:30:00","end_date_details":{"year":"2026","month":"04","day":"25","hour":"15","minutes":"30","seconds":"00"},"utc_start_date":"2026-04-25 19:00:00","utc_start_date_details":{"year":"2026","month":"04","day":"25","hour":"19","minutes":"00","seconds":"00"},"utc_end_date":"2026-04-25 20:30:00","utc_end_date_details":{"year":"2026","month":"04","day":"25","hour":"20","minutes":"30","seconds":"00"},"timezone":"America\/Guayaquil","timezone_abbr":"","cost":"Gratuito","cost_details":{"currency_symbol":"$","currency_code":"USD","currency_position":"prefix","values":["0"]},"website":"","show_map":false,"show_map_link":false,"hide_from_listings":false,"sticky":false,"featured":false,"categories":[{"name":"Biblioteca de las Artes","slug":"biblioteca","term_group":0,"term_taxonomy_id":407,"taxonomy":"tribe_events_cat","description":"Eventos en Biblioteca de las Artes","parent":0,"count":107,"filter":"raw","id":407,"urls":{"self":"https:\/\/www.uartes.edu.ec\/sitio\/agua\/wp-json\/tribe\/events\/v1\/categories\/407","collection":"https:\/\/www.uartes.edu.ec\/sitio\/agua\/wp-json\/tribe\/events\/v1\/categories"}},{"name":"Cine","slug":"cine","term_group":0,"term_taxonomy_id":391,"taxonomy":"tribe_events_cat","description":"","parent":0,"count":302,"filter":"raw","id":391,"urls":{"self":"https:\/\/www.uartes.edu.ec\/sitio\/agua\/wp-json\/tribe\/events\/v1\/categories\/391","collection":"https:\/\/www.uartes.edu.ec\/sitio\/agua\/wp-json\/tribe\/events\/v1\/categories"}}],"tags":[],"venue":{"id":24358,"author":"1","status":"publish","date":"2024-11-26 12:06:00","date_utc":"2024-11-26 17:06:00","modified":"2024-12-17 11:18:20","modified_utc":"2024-12-17 16:18:20","url":"http:\/\/www.uartes.edu.ec\/sitio\/agua\/biblioteca\/auditorio\/","venue":"Auditorio &#8211; Biblioteca de las Artes","slug":"auditorio","address":"Piso 1, Biblioteca de las Artes, Aguirre y Panam\u00e1 esquina","city":"Guayaquil","country":"Ecuador","province":"Guayas","website":"https:\/\/biblioteca.uartes.edu.ec","stateprovince":"Guayas","geo_lat":-2.1939090085933,"geo_lng":-79.881031486916,"json_ld":{"@type":"Place","name":"Auditorio &#8211; Biblioteca de las Artes","description":"","url":"http:\/\/www.uartes.edu.ec\/sitio\/agua\/biblioteca\/auditorio\/","address":{"@type":"PostalAddress","streetAddress":"Piso 1, Biblioteca de las Artes, Aguirre y Panam\u00e1 esquina","addressLocality":"Guayaquil","addressRegion":"Guayas","addressCountry":"Ecuador"},"geo":{"@type":"GeoCoordinates","latitude":-2.1939090085933,"longitude":-79.881031486916},"telephone":"","sameAs":"https:\/\/biblioteca.uartes.edu.ec"},"show_map":true,"show_map_link":true,"global_id":"www.uartes.edu.ec\/sitio\/agua?id=24358","global_id_lineage":["www.uartes.edu.ec\/sitio\/agua?id=24358"]},"organizer":[],"custom_fields":[],"json_ld":{"@context":"http:\/\/schema.org","@type":"Event","name":"Rosa Luxemburgo","description":"&lt;p&gt;La Biblioteca de las Artes te invita a una nueva sesi\u00f3n de cine foro, un espacio para el encuentro, la reflexi\u00f3n y el di\u00e1logo en torno al cine y la [&hellip;]&lt;\/p&gt;\\n","image":"https:\/\/www.uartes.edu.ec\/sitio\/agua\/wp-content\/uploads\/sites\/7\/CINE-FORO-ABRIL-B1.jpg","url":"https:\/\/www.uartes.edu.ec\/sitio\/agua\/evento\/rosa-luxemburgo\/","eventAttendanceMode":"https:\/\/schema.org\/OfflineEventAttendanceMode","eventStatus":"https:\/\/schema.org\/EventScheduled","startDate":"2026-04-25T14:00:00-05:00","endDate":"2026-04-25T15:30:00-05:00","location":{"@type":"Place","name":"Auditorio &#8211; Biblioteca de las Artes","description":"","url":"http:\/\/www.uartes.edu.ec\/sitio\/agua\/biblioteca\/auditorio\/","address":{"@type":"PostalAddress","streetAddress":"Piso 1, Biblioteca de las Artes, Aguirre y Panam\u00e1 esquina","addressLocality":"Guayaquil","addressRegion":"Guayas","addressCountry":"Ecuador"},"geo":{"@type":"GeoCoordinates","latitude":-2.1939090085933,"longitude":-79.881031486916},"telephone":"","sameAs":"https:\/\/biblioteca.uartes.edu.ec"},"offers":{"@type":"Offer","price":"0","priceCurrency":"USD","url":"https:\/\/www.uartes.edu.ec\/sitio\/agua\/evento\/rosa-luxemburgo\/","category":"primary","availability":"inStock","validFrom":"1970-01-01T00:00:00+00:00"},"performer":"Organization"},"is_virtual":false,"virtual_url":null,"virtual_video_source":""}