{"id":1,"date":"2017-04-17T15:11:33","date_gmt":"2017-04-17T20:11:33","guid":{"rendered":"http:\/\/www.uartes.edu.ec\/infouartes\/?p=1"},"modified":"2024-07-04T11:54:22","modified_gmt":"2024-07-04T16:54:22","slug":"1020-estudiantes-se-matricularon","status":"publish","type":"post","link":"https:\/\/www.uartes.edu.ec\/sitio\/en\/blog\/2017\/04\/17\/1020-estudiantes-se-matricularon\/","title":{"rendered":"1020 estudiantes se matricularon en el primer registro 2017 de la UArtes"},"content":{"rendered":"<p>1020 estudiantes se matricularon en la primera semana del registro ordinario de la Universidad de las Artes del Ecuador (UArtes). A este universo de estudiantes se sumar\u00e1n los alumnos que ingresan al programa de Nivelaci\u00f3n de la instituci\u00f3n.<\/p>\n<p>Los alumnos tuvieron la asistencia de los docentes de cada una de las cinco Escuelas a trav\u00e9s de un sistema de tutor\u00edas o matricula asistida. As\u00ed, los docentes, previamente capacitados por personal del Departamento de Tecnolog\u00eda en el manejo del Sistema Acad\u00e9mico de la instituci\u00f3n, guiaron a los estudiantes en el proceso de registro.<\/p>\n<p>El registro en cada una de las siete carreras con las que cuenta la UArtes culmin\u00f3 en la primera semana de la siguiente manera: 123 estudiantes se inscribieron en la carrera de Artes Musicales y Sonoras, 281 en Artes Visuales, 206 en Cine, 105 en Creaci\u00f3n Teatral, 20 en Danza, 73 en Literatura y 187 en la carrera de Producci\u00f3n Musical.<\/p>\n<p>Un grupo de 25 estudiantes del grupo Exonera, examen de conocimientos&nbsp;que tiene como objetivo explorar el dominio que poseen los aspirantes sobre saberes espec\u00edficos y que los habilita para exonerar la Nivelaci\u00f3n, se matricularon directamente en la Secretar\u00eda Acad\u00e9mica al igual que los estudiantes con tercera matricula.<\/p>\n<p>En el proceso de registro se prioriz\u00f3 a los estudiantes que cuentan con una beca y que son parte del programa Becas Propias de la UArtes y del programa de becas del Instituto de Fomento al Talento Humano (IFTH), as\u00ed como a los estudiantes de los niveles superiores para que tengan opciones al momento de registrarse en las materias pendientes para graduarse.<\/p>\n<p>De acuerdo al calendario acad\u00e9mico, la matr\u00edcula ordinaria culmina el 25 de abril de 2017. La matr\u00edcula extraordinaria inicia desde el 26 de abril y culmina el 10 de mayo.<\/p>","protected":false},"excerpt":{"rendered":"<p>1020 estudiantes se matricularon en la primera semana del registro ordinario de la Universidad de las Artes del Ecuador (UArtes). A este universo de estudiantes se sumar\u00e1n los alumnos que ingresan al programa de Nivelaci\u00f3n de la instituci\u00f3n. Los alumnos tuvieron la asistencia de los docentes de cada una de las cinco Escuelas a trav\u00e9s [&hellip;]<\/p>\n","protected":false},"author":1,"featured_media":2586,"comment_status":"closed","ping_status":"open","sticky":false,"template":"","format":"standard","meta":{"_acf_changed":false,"_uag_custom_page_level_css":"","_monsterinsights_skip_tracking":false,"_monsterinsights_sitenote_active":false,"_monsterinsights_sitenote_note":"","_monsterinsights_sitenote_category":0,"cybocfi_hide_featured_image":"","footnotes":""},"categories":[80],"tags":[],"infouartes":[],"class_list":["post-1","post","type-post","status-publish","format-standard","has-post-thumbnail","hentry","category-academico"],"acf":[],"yoast_head":"<!-- This site is optimized with the Yoast SEO plugin v27.4 - https:\/\/yoast.com\/product\/yoast-seo-wordpress\/ -->\n<title>Universidad de las Artes - 1020 estudiantes se matricularon en el primer registro 2017 de la UArtes<\/title>\n<meta name=\"description\" content=\"Universidad de las Artes - 1020 estudiantes se matricularon en el primer registro 2017 de la UArtes\" \/>\n<meta name=\"robots\" content=\"index, follow, max-snippet:-1, max-image-preview:large, max-video-preview:-1\" \/>\n<link rel=\"canonical\" href=\"https:\/\/www.uartes.edu.ec\/sitio\/en\/blog\/2017\/04\/17\/1020-estudiantes-se-matricularon\/\" \/>\n<meta property=\"og:locale\" content=\"en_US\" \/>\n<meta property=\"og:type\" content=\"article\" \/>\n<meta property=\"og:title\" content=\"Universidad de las Artes - 1020 estudiantes se matricularon en el primer registro 2017 de la UArtes\" \/>\n<meta property=\"og:description\" content=\"Universidad de las Artes - 1020 estudiantes se matricularon en el primer registro 2017 de la UArtes\" \/>\n<meta property=\"og:url\" content=\"https:\/\/www.uartes.edu.ec\/sitio\/en\/blog\/2017\/04\/17\/1020-estudiantes-se-matricularon\/\" \/>\n<meta property=\"og:site_name\" content=\"Universidad de las Artes\" \/>\n<meta property=\"article:publisher\" content=\"https:\/\/www.facebook.com\/uartesec\" \/>\n<meta property=\"article:published_time\" content=\"2017-04-17T20:11:33+00:00\" \/>\n<meta property=\"article:modified_time\" content=\"2024-07-04T16:54:22+00:00\" \/>\n<meta property=\"og:image\" content=\"https:\/\/www.uartes.edu.ec\/sitio\/wp-content\/uploads\/2017\/04\/1020estudiantessematricularon2-scaled.jpg\" \/>\n\t<meta property=\"og:image:width\" content=\"3648\" \/>\n\t<meta property=\"og:image:height\" content=\"1636\" \/>\n\t<meta property=\"og:image:type\" content=\"image\/jpeg\" \/>\n<meta name=\"author\" content=\"Universidad de las Artes\" \/>\n<meta name=\"twitter:card\" content=\"summary_large_image\" \/>\n<meta name=\"twitter:creator\" content=\"@uartesec\" \/>\n<meta name=\"twitter:site\" content=\"@uartesec\" \/>\n<meta name=\"twitter:label1\" content=\"Written by\" \/>\n\t<meta name=\"twitter:data1\" content=\"Universidad de las Artes\" \/>\n\t<meta name=\"twitter:label2\" content=\"Est. reading time\" \/>\n\t<meta name=\"twitter:data2\" content=\"1 minute\" \/>\n<script type=\"application\/ld+json\" class=\"yoast-schema-graph\">{\"@context\":\"https:\\\/\\\/schema.org\",\"@graph\":[{\"@type\":\"Article\",\"@id\":\"https:\\\/\\\/www.uartes.edu.ec\\\/sitio\\\/en\\\/blog\\\/2017\\\/04\\\/17\\\/1020-estudiantes-se-matricularon\\\/#article\",\"isPartOf\":{\"@id\":\"https:\\\/\\\/www.uartes.edu.ec\\\/sitio\\\/en\\\/blog\\\/2017\\\/04\\\/17\\\/1020-estudiantes-se-matricularon\\\/\"},\"author\":{\"name\":\"Universidad de las Artes\",\"@id\":\"https:\\\/\\\/www.uartes.edu.ec\\\/sitio\\\/en\\\/#\\\/schema\\\/person\\\/f33f8c1d2af0d5c80a38c8abf458184a\"},\"headline\":\"1020 estudiantes se matricularon en el primer registro 2017 de la UArtes\",\"datePublished\":\"2017-04-17T20:11:33+00:00\",\"dateModified\":\"2024-07-04T16:54:22+00:00\",\"mainEntityOfPage\":{\"@id\":\"https:\\\/\\\/www.uartes.edu.ec\\\/sitio\\\/en\\\/blog\\\/2017\\\/04\\\/17\\\/1020-estudiantes-se-matricularon\\\/\"},\"wordCount\":308,\"publisher\":{\"@id\":\"https:\\\/\\\/www.uartes.edu.ec\\\/sitio\\\/en\\\/#organization\"},\"image\":{\"@id\":\"https:\\\/\\\/www.uartes.edu.ec\\\/sitio\\\/en\\\/blog\\\/2017\\\/04\\\/17\\\/1020-estudiantes-se-matricularon\\\/#primaryimage\"},\"thumbnailUrl\":\"https:\\\/\\\/www.uartes.edu.ec\\\/sitio\\\/wp-content\\\/uploads\\\/2017\\\/04\\\/1020estudiantessematricularon2-scaled.jpg\",\"articleSection\":[\"Acad\u00e9mico\"],\"inLanguage\":\"en-US\"},{\"@type\":[\"WebPage\",\"ItemPage\"],\"@id\":\"https:\\\/\\\/www.uartes.edu.ec\\\/sitio\\\/en\\\/blog\\\/2017\\\/04\\\/17\\\/1020-estudiantes-se-matricularon\\\/\",\"url\":\"https:\\\/\\\/www.uartes.edu.ec\\\/sitio\\\/en\\\/blog\\\/2017\\\/04\\\/17\\\/1020-estudiantes-se-matricularon\\\/\",\"name\":\"Universidad de las Artes - 1020 estudiantes se matricularon en el primer registro 2017 de la UArtes\",\"isPartOf\":{\"@id\":\"https:\\\/\\\/www.uartes.edu.ec\\\/sitio\\\/en\\\/#website\"},\"primaryImageOfPage\":{\"@id\":\"https:\\\/\\\/www.uartes.edu.ec\\\/sitio\\\/en\\\/blog\\\/2017\\\/04\\\/17\\\/1020-estudiantes-se-matricularon\\\/#primaryimage\"},\"image\":{\"@id\":\"https:\\\/\\\/www.uartes.edu.ec\\\/sitio\\\/en\\\/blog\\\/2017\\\/04\\\/17\\\/1020-estudiantes-se-matricularon\\\/#primaryimage\"},\"thumbnailUrl\":\"https:\\\/\\\/www.uartes.edu.ec\\\/sitio\\\/wp-content\\\/uploads\\\/2017\\\/04\\\/1020estudiantessematricularon2-scaled.jpg\",\"datePublished\":\"2017-04-17T20:11:33+00:00\",\"dateModified\":\"2024-07-04T16:54:22+00:00\",\"description\":\"Universidad de las Artes - 1020 estudiantes se matricularon en el primer registro 2017 de la UArtes\",\"breadcrumb\":{\"@id\":\"https:\\\/\\\/www.uartes.edu.ec\\\/sitio\\\/en\\\/blog\\\/2017\\\/04\\\/17\\\/1020-estudiantes-se-matricularon\\\/#breadcrumb\"},\"inLanguage\":\"en-US\",\"potentialAction\":[{\"@type\":\"ReadAction\",\"target\":[\"https:\\\/\\\/www.uartes.edu.ec\\\/sitio\\\/en\\\/blog\\\/2017\\\/04\\\/17\\\/1020-estudiantes-se-matricularon\\\/\"]}]},{\"@type\":\"ImageObject\",\"inLanguage\":\"en-US\",\"@id\":\"https:\\\/\\\/www.uartes.edu.ec\\\/sitio\\\/en\\\/blog\\\/2017\\\/04\\\/17\\\/1020-estudiantes-se-matricularon\\\/#primaryimage\",\"url\":\"https:\\\/\\\/www.uartes.edu.ec\\\/sitio\\\/wp-content\\\/uploads\\\/2017\\\/04\\\/1020estudiantessematricularon2-scaled.jpg\",\"contentUrl\":\"https:\\\/\\\/www.uartes.edu.ec\\\/sitio\\\/wp-content\\\/uploads\\\/2017\\\/04\\\/1020estudiantessematricularon2-scaled.jpg\",\"width\":3648,\"height\":1636},{\"@type\":\"BreadcrumbList\",\"@id\":\"https:\\\/\\\/www.uartes.edu.ec\\\/sitio\\\/en\\\/blog\\\/2017\\\/04\\\/17\\\/1020-estudiantes-se-matricularon\\\/#breadcrumb\",\"itemListElement\":[{\"@type\":\"ListItem\",\"position\":1,\"name\":\"Inicio\",\"item\":\"https:\\\/\\\/www.uartes.edu.ec\\\/sitio\\\/\"},{\"@type\":\"ListItem\",\"position\":2,\"name\":\"1020 estudiantes se matricularon en el primer registro 2017 de la UArtes\"}]},{\"@type\":\"WebSite\",\"@id\":\"https:\\\/\\\/www.uartes.edu.ec\\\/sitio\\\/en\\\/#website\",\"url\":\"https:\\\/\\\/www.uartes.edu.ec\\\/sitio\\\/en\\\/\",\"name\":\"Universidad de las Artes\",\"description\":\"Sitio oficial de la Universidad Nacional de las Artes del Ecuador\",\"publisher\":{\"@id\":\"https:\\\/\\\/www.uartes.edu.ec\\\/sitio\\\/en\\\/#organization\"},\"potentialAction\":[{\"@type\":\"SearchAction\",\"target\":{\"@type\":\"EntryPoint\",\"urlTemplate\":\"https:\\\/\\\/www.uartes.edu.ec\\\/sitio\\\/en\\\/?s={search_term_string}\"},\"query-input\":{\"@type\":\"PropertyValueSpecification\",\"valueRequired\":true,\"valueName\":\"search_term_string\"}}],\"inLanguage\":\"en-US\"},{\"@type\":\"Organization\",\"@id\":\"https:\\\/\\\/www.uartes.edu.ec\\\/sitio\\\/en\\\/#organization\",\"name\":\"Universidad de las Artes\",\"url\":\"https:\\\/\\\/www.uartes.edu.ec\\\/sitio\\\/en\\\/\",\"logo\":{\"@type\":\"ImageObject\",\"inLanguage\":\"en-US\",\"@id\":\"https:\\\/\\\/www.uartes.edu.ec\\\/sitio\\\/en\\\/#\\\/schema\\\/logo\\\/image\\\/\",\"url\":\"https:\\\/\\\/www.uartes.edu.ec\\\/sitio\\\/wp-content\\\/uploads\\\/2022\\\/07\\\/logo-ua-horizontal.png\",\"contentUrl\":\"https:\\\/\\\/www.uartes.edu.ec\\\/sitio\\\/wp-content\\\/uploads\\\/2022\\\/07\\\/logo-ua-horizontal.png\",\"width\":800,\"height\":276,\"caption\":\"Universidad de las Artes\"},\"image\":{\"@id\":\"https:\\\/\\\/www.uartes.edu.ec\\\/sitio\\\/en\\\/#\\\/schema\\\/logo\\\/image\\\/\"},\"sameAs\":[\"https:\\\/\\\/www.facebook.com\\\/uartesec\",\"https:\\\/\\\/x.com\\\/uartesec\",\"https:\\\/\\\/www.tiktok.com\\\/@uartesec\"]},{\"@type\":\"Person\",\"@id\":\"https:\\\/\\\/www.uartes.edu.ec\\\/sitio\\\/en\\\/#\\\/schema\\\/person\\\/f33f8c1d2af0d5c80a38c8abf458184a\",\"name\":\"Universidad de las Artes\",\"image\":{\"@type\":\"ImageObject\",\"inLanguage\":\"en-US\",\"@id\":\"https:\\\/\\\/secure.gravatar.com\\\/avatar\\\/52e4757902f5cfa5ac52d020e5be83cae5487519154b6c35482fe08d589f3c13?s=96&d=mm&r=g\",\"url\":\"https:\\\/\\\/secure.gravatar.com\\\/avatar\\\/52e4757902f5cfa5ac52d020e5be83cae5487519154b6c35482fe08d589f3c13?s=96&d=mm&r=g\",\"contentUrl\":\"https:\\\/\\\/secure.gravatar.com\\\/avatar\\\/52e4757902f5cfa5ac52d020e5be83cae5487519154b6c35482fe08d589f3c13?s=96&d=mm&r=g\",\"caption\":\"Universidad de las Artes\"},\"url\":\"https:\\\/\\\/www.uartes.edu.ec\\\/sitio\\\/en\\\/blog\\\/author\\\/dircomadm\\\/\"}]}<\/script>\n<!-- \/ Yoast SEO plugin. -->","yoast_head_json":{"title":"Universidad de las Artes - 1020 estudiantes se matricularon en el primer registro 2017 de la UArtes","description":"Universidad de las Artes - 1020 estudiantes se matricularon en el primer registro 2017 de la UArtes","robots":{"index":"index","follow":"follow","max-snippet":"max-snippet:-1","max-image-preview":"max-image-preview:large","max-video-preview":"max-video-preview:-1"},"canonical":"https:\/\/www.uartes.edu.ec\/sitio\/en\/blog\/2017\/04\/17\/1020-estudiantes-se-matricularon\/","og_locale":"en_US","og_type":"article","og_title":"Universidad de las Artes - 1020 estudiantes se matricularon en el primer registro 2017 de la UArtes","og_description":"Universidad de las Artes - 1020 estudiantes se matricularon en el primer registro 2017 de la UArtes","og_url":"https:\/\/www.uartes.edu.ec\/sitio\/en\/blog\/2017\/04\/17\/1020-estudiantes-se-matricularon\/","og_site_name":"Universidad de las Artes","article_publisher":"https:\/\/www.facebook.com\/uartesec","article_published_time":"2017-04-17T20:11:33+00:00","article_modified_time":"2024-07-04T16:54:22+00:00","og_image":[{"width":3648,"height":1636,"url":"https:\/\/www.uartes.edu.ec\/sitio\/wp-content\/uploads\/2017\/04\/1020estudiantessematricularon2-scaled.jpg","type":"image\/jpeg"}],"author":"Universidad de las Artes","twitter_card":"summary_large_image","twitter_creator":"@uartesec","twitter_site":"@uartesec","twitter_misc":{"Written by":"Universidad de las Artes","Est. reading time":"1 minute"},"schema":{"@context":"https:\/\/schema.org","@graph":[{"@type":"Article","@id":"https:\/\/www.uartes.edu.ec\/sitio\/en\/blog\/2017\/04\/17\/1020-estudiantes-se-matricularon\/#article","isPartOf":{"@id":"https:\/\/www.uartes.edu.ec\/sitio\/en\/blog\/2017\/04\/17\/1020-estudiantes-se-matricularon\/"},"author":{"name":"Universidad de las Artes","@id":"https:\/\/www.uartes.edu.ec\/sitio\/en\/#\/schema\/person\/f33f8c1d2af0d5c80a38c8abf458184a"},"headline":"1020 estudiantes se matricularon en el primer registro 2017 de la UArtes","datePublished":"2017-04-17T20:11:33+00:00","dateModified":"2024-07-04T16:54:22+00:00","mainEntityOfPage":{"@id":"https:\/\/www.uartes.edu.ec\/sitio\/en\/blog\/2017\/04\/17\/1020-estudiantes-se-matricularon\/"},"wordCount":308,"publisher":{"@id":"https:\/\/www.uartes.edu.ec\/sitio\/en\/#organization"},"image":{"@id":"https:\/\/www.uartes.edu.ec\/sitio\/en\/blog\/2017\/04\/17\/1020-estudiantes-se-matricularon\/#primaryimage"},"thumbnailUrl":"https:\/\/www.uartes.edu.ec\/sitio\/wp-content\/uploads\/2017\/04\/1020estudiantessematricularon2-scaled.jpg","articleSection":["Acad\u00e9mico"],"inLanguage":"en-US"},{"@type":["WebPage","ItemPage"],"@id":"https:\/\/www.uartes.edu.ec\/sitio\/en\/blog\/2017\/04\/17\/1020-estudiantes-se-matricularon\/","url":"https:\/\/www.uartes.edu.ec\/sitio\/en\/blog\/2017\/04\/17\/1020-estudiantes-se-matricularon\/","name":"Universidad de las Artes - 1020 estudiantes se matricularon en el primer registro 2017 de la UArtes","isPartOf":{"@id":"https:\/\/www.uartes.edu.ec\/sitio\/en\/#website"},"primaryImageOfPage":{"@id":"https:\/\/www.uartes.edu.ec\/sitio\/en\/blog\/2017\/04\/17\/1020-estudiantes-se-matricularon\/#primaryimage"},"image":{"@id":"https:\/\/www.uartes.edu.ec\/sitio\/en\/blog\/2017\/04\/17\/1020-estudiantes-se-matricularon\/#primaryimage"},"thumbnailUrl":"https:\/\/www.uartes.edu.ec\/sitio\/wp-content\/uploads\/2017\/04\/1020estudiantessematricularon2-scaled.jpg","datePublished":"2017-04-17T20:11:33+00:00","dateModified":"2024-07-04T16:54:22+00:00","description":"Universidad de las Artes - 1020 estudiantes se matricularon en el primer registro 2017 de la UArtes","breadcrumb":{"@id":"https:\/\/www.uartes.edu.ec\/sitio\/en\/blog\/2017\/04\/17\/1020-estudiantes-se-matricularon\/#breadcrumb"},"inLanguage":"en-US","potentialAction":[{"@type":"ReadAction","target":["https:\/\/www.uartes.edu.ec\/sitio\/en\/blog\/2017\/04\/17\/1020-estudiantes-se-matricularon\/"]}]},{"@type":"ImageObject","inLanguage":"en-US","@id":"https:\/\/www.uartes.edu.ec\/sitio\/en\/blog\/2017\/04\/17\/1020-estudiantes-se-matricularon\/#primaryimage","url":"https:\/\/www.uartes.edu.ec\/sitio\/wp-content\/uploads\/2017\/04\/1020estudiantessematricularon2-scaled.jpg","contentUrl":"https:\/\/www.uartes.edu.ec\/sitio\/wp-content\/uploads\/2017\/04\/1020estudiantessematricularon2-scaled.jpg","width":3648,"height":1636},{"@type":"BreadcrumbList","@id":"https:\/\/www.uartes.edu.ec\/sitio\/en\/blog\/2017\/04\/17\/1020-estudiantes-se-matricularon\/#breadcrumb","itemListElement":[{"@type":"ListItem","position":1,"name":"Inicio","item":"https:\/\/www.uartes.edu.ec\/sitio\/"},{"@type":"ListItem","position":2,"name":"1020 estudiantes se matricularon en el primer registro 2017 de la UArtes"}]},{"@type":"WebSite","@id":"https:\/\/www.uartes.edu.ec\/sitio\/en\/#website","url":"https:\/\/www.uartes.edu.ec\/sitio\/en\/","name":"Universidad de las Artes","description":"Sitio oficial de la Universidad Nacional de las Artes del Ecuador","publisher":{"@id":"https:\/\/www.uartes.edu.ec\/sitio\/en\/#organization"},"potentialAction":[{"@type":"SearchAction","target":{"@type":"EntryPoint","urlTemplate":"https:\/\/www.uartes.edu.ec\/sitio\/en\/?s={search_term_string}"},"query-input":{"@type":"PropertyValueSpecification","valueRequired":true,"valueName":"search_term_string"}}],"inLanguage":"en-US"},{"@type":"Organization","@id":"https:\/\/www.uartes.edu.ec\/sitio\/en\/#organization","name":"Universidad de las Artes","url":"https:\/\/www.uartes.edu.ec\/sitio\/en\/","logo":{"@type":"ImageObject","inLanguage":"en-US","@id":"https:\/\/www.uartes.edu.ec\/sitio\/en\/#\/schema\/logo\/image\/","url":"https:\/\/www.uartes.edu.ec\/sitio\/wp-content\/uploads\/2022\/07\/logo-ua-horizontal.png","contentUrl":"https:\/\/www.uartes.edu.ec\/sitio\/wp-content\/uploads\/2022\/07\/logo-ua-horizontal.png","width":800,"height":276,"caption":"Universidad de las Artes"},"image":{"@id":"https:\/\/www.uartes.edu.ec\/sitio\/en\/#\/schema\/logo\/image\/"},"sameAs":["https:\/\/www.facebook.com\/uartesec","https:\/\/x.com\/uartesec","https:\/\/www.tiktok.com\/@uartesec"]},{"@type":"Person","@id":"https:\/\/www.uartes.edu.ec\/sitio\/en\/#\/schema\/person\/f33f8c1d2af0d5c80a38c8abf458184a","name":"Universidad de las Artes","image":{"@type":"ImageObject","inLanguage":"en-US","@id":"https:\/\/secure.gravatar.com\/avatar\/52e4757902f5cfa5ac52d020e5be83cae5487519154b6c35482fe08d589f3c13?s=96&d=mm&r=g","url":"https:\/\/secure.gravatar.com\/avatar\/52e4757902f5cfa5ac52d020e5be83cae5487519154b6c35482fe08d589f3c13?s=96&d=mm&r=g","contentUrl":"https:\/\/secure.gravatar.com\/avatar\/52e4757902f5cfa5ac52d020e5be83cae5487519154b6c35482fe08d589f3c13?s=96&d=mm&r=g","caption":"Universidad de las Artes"},"url":"https:\/\/www.uartes.edu.ec\/sitio\/en\/blog\/author\/dircomadm\/"}]}},"uagb_featured_image_src":{"full":["https:\/\/www.uartes.edu.ec\/sitio\/wp-content\/uploads\/2017\/04\/1020estudiantessematricularon2-scaled.jpg",3648,1636,false],"thumbnail":["https:\/\/www.uartes.edu.ec\/sitio\/wp-content\/uploads\/2017\/04\/1020estudiantessematricularon2-150x150.jpg",150,150,true],"medium":["https:\/\/www.uartes.edu.ec\/sitio\/wp-content\/uploads\/2017\/04\/1020estudiantessematricularon2-300x135.jpg",300,135,true],"medium_large":["https:\/\/www.uartes.edu.ec\/sitio\/wp-content\/uploads\/2017\/04\/1020estudiantessematricularon2-768x344.jpg",768,344,true],"large":["https:\/\/www.uartes.edu.ec\/sitio\/wp-content\/uploads\/2017\/04\/1020estudiantessematricularon2-1024x459.jpg",644,289,true],"1536x1536":["https:\/\/www.uartes.edu.ec\/sitio\/wp-content\/uploads\/2017\/04\/1020estudiantessematricularon2-scaled.jpg",1536,689,false],"2048x2048":["https:\/\/www.uartes.edu.ec\/sitio\/wp-content\/uploads\/2017\/04\/1020estudiantessematricularon2-scaled.jpg",2048,918,false],"trp-custom-language-flag":["https:\/\/www.uartes.edu.ec\/sitio\/wp-content\/uploads\/2017\/04\/1020estudiantessematricularon2-scaled.jpg",18,8,false],"htmega_size_585x295":["https:\/\/www.uartes.edu.ec\/sitio\/wp-content\/uploads\/2017\/04\/1020estudiantessematricularon2-scaled.jpg",585,262,false],"htmega_size_1170x536":["https:\/\/www.uartes.edu.ec\/sitio\/wp-content\/uploads\/2017\/04\/1020estudiantessematricularon2-scaled.jpg",1170,525,false],"htmega_size_396x360":["https:\/\/www.uartes.edu.ec\/sitio\/wp-content\/uploads\/2017\/04\/1020estudiantessematricularon2-scaled.jpg",396,178,false],"gb-block-post-grid-landscape":["https:\/\/www.uartes.edu.ec\/sitio\/wp-content\/uploads\/2017\/04\/1020estudiantessematricularon2-scaled.jpg",600,269,false],"gb-block-post-grid-square":["https:\/\/www.uartes.edu.ec\/sitio\/wp-content\/uploads\/2017\/04\/1020estudiantessematricularon2-scaled.jpg",600,269,false],"university-hub-thumb":["https:\/\/www.uartes.edu.ec\/sitio\/wp-content\/uploads\/2017\/04\/1020estudiantessematricularon2-scaled.jpg",400,179,false]},"uagb_author_info":{"display_name":"Universidad de las Artes","author_link":"https:\/\/www.uartes.edu.ec\/sitio\/en\/blog\/author\/dircomadm\/"},"uagb_comment_info":0,"uagb_excerpt":"1020 estudiantes se matricularon en la primera semana del registro ordinario de la Universidad de las Artes del Ecuador (UArtes). A este universo de estudiantes se sumar\u00e1n los alumnos que ingresan al programa de Nivelaci\u00f3n de la instituci\u00f3n. Los alumnos tuvieron la asistencia de los docentes de cada una de las cinco Escuelas a trav\u00e9s&hellip;","featured_image_src":"https:\/\/www.uartes.edu.ec\/sitio\/wp-content\/uploads\/2017\/04\/1020estudiantessematricularon2-scaled.jpg","featured_image_src_square":"https:\/\/www.uartes.edu.ec\/sitio\/wp-content\/uploads\/2017\/04\/1020estudiantessematricularon2-scaled.jpg","author_info":{"display_name":"Universidad de las Artes","author_link":"https:\/\/www.uartes.edu.ec\/sitio\/en\/blog\/author\/dircomadm\/"},"publishpress_future_workflow_manual_trigger":{"enabledWorkflows":[]},"distributor_meta":false,"distributor_terms":false,"distributor_media":false,"distributor_original_site_name":"Universidad de las Artes","distributor_original_site_url":"https:\/\/www.uartes.edu.ec\/sitio\/en","push-errors":false,"_links":{"self":[{"href":"https:\/\/www.uartes.edu.ec\/sitio\/en\/wp-json\/wp\/v2\/posts\/1","targetHints":{"allow":["GET"]}}],"collection":[{"href":"https:\/\/www.uartes.edu.ec\/sitio\/en\/wp-json\/wp\/v2\/posts"}],"about":[{"href":"https:\/\/www.uartes.edu.ec\/sitio\/en\/wp-json\/wp\/v2\/types\/post"}],"author":[{"embeddable":true,"href":"https:\/\/www.uartes.edu.ec\/sitio\/en\/wp-json\/wp\/v2\/users\/1"}],"replies":[{"embeddable":true,"href":"https:\/\/www.uartes.edu.ec\/sitio\/en\/wp-json\/wp\/v2\/comments?post=1"}],"version-history":[{"count":1,"href":"https:\/\/www.uartes.edu.ec\/sitio\/en\/wp-json\/wp\/v2\/posts\/1\/revisions"}],"predecessor-version":[{"id":2587,"href":"https:\/\/www.uartes.edu.ec\/sitio\/en\/wp-json\/wp\/v2\/posts\/1\/revisions\/2587"}],"wp:featuredmedia":[{"embeddable":true,"href":"https:\/\/www.uartes.edu.ec\/sitio\/en\/wp-json\/wp\/v2\/media\/2586"}],"wp:attachment":[{"href":"https:\/\/www.uartes.edu.ec\/sitio\/en\/wp-json\/wp\/v2\/media?parent=1"}],"wp:term":[{"taxonomy":"category","embeddable":true,"href":"https:\/\/www.uartes.edu.ec\/sitio\/en\/wp-json\/wp\/v2\/categories?post=1"},{"taxonomy":"post_tag","embeddable":true,"href":"https:\/\/www.uartes.edu.ec\/sitio\/en\/wp-json\/wp\/v2\/tags?post=1"},{"taxonomy":"infouartes","embeddable":true,"href":"https:\/\/www.uartes.edu.ec\/sitio\/en\/wp-json\/wp\/v2\/infouartes?post=1"}],"curies":[{"name":"wp","href":"https:\/\/api.w.org\/{rel}","templated":true}]}}