{"id":1072,"date":"2017-12-15T14:37:28","date_gmt":"2017-12-15T19:37:28","guid":{"rendered":"http:\/\/www.uartes.edu.ec\/infouartes\/?p=1072"},"modified":"2024-07-04T11:54:02","modified_gmt":"2024-07-04T16:54:02","slug":"estudiante-de-la-uartes-gano-el-tercer-lugar-del-concurso-de-relato-efrain-jara-idrovo","status":"publish","type":"post","link":"https:\/\/www.uartes.edu.ec\/sitio\/en\/blog\/2017\/12\/15\/estudiante-de-la-uartes-gano-el-tercer-lugar-del-concurso-de-relato-efrain-jara-idrovo\/","title":{"rendered":"Estudiante de la UArtes gan\u00f3 el tercer lugar del concurso de relato Efra\u00edn Jara Idrovo"},"content":{"rendered":"<p><em>Por Laura Nivela<\/em><\/p>\n<p>Melisa Uzhca, estudiante de literatura de la UArtes, gan\u00f3 el tercer premio en el VIII Concurso Nacional Interuniversitario de Relato \u201cEfra\u00edn Jara Idrovo\u201d, que se llev\u00f3 a cabo en el marco de la XIII edici\u00f3n del Encuentro sobre Literatura Ecuatoriana y Latinoamericana Alfonso Carrasco Vintimilla, en Cuenca, Ecuador.<\/p>\n<p>Melissa comenta que, para participar en el concurso, envi\u00f3 cuatro relatos. Estos cuentos fueron realizados de manera independiente uno del otro y en distintos periodos. Cada uno de ellos fue teniendo una mejor versi\u00f3n en los talleres de la Universidad, donde eran revisados y comentados. Algo que tienen en com\u00fan seg\u00fan Uzhca, es una preocupaci\u00f3n por el paso del tiempo, personajes decadentes o que reflexionan sobre la vida y la violencia.<\/p>\n<p>\u201cEl concurso ten\u00eda una fecha de entrega en julio (2017) y hab\u00eda que ir a la ciudad de Cuenca para entregarlos, eso hice y hasta el mes de noviembre no hubo ninguna respuesta. Dos d\u00edas antes de la inauguraci\u00f3n de evento, me avisaron por correo que hab\u00eda sido seleccionada para el tercer premio\u201d, comenta.<\/p>\n<p>De los cuatro relatos escogidos, el primero relata la historia de una persona mir\u00e1ndose al espejo y reflexionando sobre la vejez, el d\u00eda de su cumplea\u00f1os. Entonces, la reflexi\u00f3n es de cu\u00e1nto tiempo ha pasado y qu\u00e9 se ha perdido.<\/p>\n<p>\u201cLos otros, son temas separados con temas como la violencia y personajes que salen de la raz\u00f3n y realizan acciones sin sentido, por ejemplo: Ricardo Garc\u00eda es uno de los personajes que hace cosas durante la noche como degollar gallos. Este cuento est\u00e1 narrado desde la voz del padre que observa lo que hace el hijo y que lo cuenta de manera ir\u00f3nica\u201d, cuenta Uzcha.<\/p>\n<p>Melisa Uzhca naci\u00f3 el 15 de junio de 1996, en Cuenca, Ecuador. Actualmente, vive en Guayaquil y cursa el sexto semestre en carrera de Literatura de la Universidad de las Artes. Ella comenta que estudia literatura porque es una forma de aprendizaje que le ha dado una visi\u00f3n m\u00e1s amplia sobre el mundo y le ha permitido adquirir una posici\u00f3n cr\u00edtica frente a las cosas. Textos de Melisa est\u00e1n recopilados en la antolog\u00eda \u201cTela de ara\u00f1a\u201d, de la editorial Rasgu\u00f1o, y en el blog de la Escuela de Literatura de la instituci\u00f3n.<\/p>","protected":false},"excerpt":{"rendered":"<p>Por Laura Nivela Melisa Uzhca, estudiante de literatura de la UArtes, gan\u00f3 el tercer premio en el VIII Concurso Nacional Interuniversitario de Relato \u201cEfra\u00edn Jara Idrovo\u201d, que se llev\u00f3 a cabo en el marco de la XIII edici\u00f3n del Encuentro sobre Literatura Ecuatoriana y Latinoamericana Alfonso Carrasco Vintimilla, en Cuenca, Ecuador. Melissa comenta que, para [&hellip;]<\/p>\n","protected":false},"author":1,"featured_media":1074,"comment_status":"closed","ping_status":"open","sticky":false,"template":"","format":"standard","meta":{"_acf_changed":false,"_uag_custom_page_level_css":"","_monsterinsights_skip_tracking":false,"_monsterinsights_sitenote_active":false,"_monsterinsights_sitenote_note":"","_monsterinsights_sitenote_category":0,"cybocfi_hide_featured_image":"","footnotes":""},"categories":[76],"tags":[],"infouartes":[],"class_list":["post-1072","post","type-post","status-publish","format-standard","has-post-thumbnail","hentry","category-estudiantes"],"acf":[],"yoast_head":"<!-- This site is optimized with the Yoast SEO plugin v27.4 - https:\/\/yoast.com\/product\/yoast-seo-wordpress\/ -->\n<title>Universidad de las Artes - Estudiante de la UArtes gan\u00f3 el tercer lugar del concurso de relato Efra\u00edn Jara Idrovo<\/title>\n<meta name=\"description\" content=\"Universidad de las Artes - Estudiante de la UArtes gan\u00f3 el tercer lugar del concurso de relato Efra\u00edn Jara Idrovo\" \/>\n<meta name=\"robots\" content=\"index, follow, max-snippet:-1, max-image-preview:large, max-video-preview:-1\" \/>\n<link rel=\"canonical\" href=\"https:\/\/www.uartes.edu.ec\/sitio\/en\/blog\/2017\/12\/15\/estudiante-de-la-uartes-gano-el-tercer-lugar-del-concurso-de-relato-efrain-jara-idrovo\/\" \/>\n<meta property=\"og:locale\" content=\"en_US\" \/>\n<meta property=\"og:type\" content=\"article\" \/>\n<meta property=\"og:title\" content=\"Universidad de las Artes - Estudiante de la UArtes gan\u00f3 el tercer lugar del concurso de relato Efra\u00edn Jara Idrovo\" \/>\n<meta property=\"og:description\" content=\"Universidad de las Artes - Estudiante de la UArtes gan\u00f3 el tercer lugar del concurso de relato Efra\u00edn Jara Idrovo\" \/>\n<meta property=\"og:url\" content=\"https:\/\/www.uartes.edu.ec\/sitio\/en\/blog\/2017\/12\/15\/estudiante-de-la-uartes-gano-el-tercer-lugar-del-concurso-de-relato-efrain-jara-idrovo\/\" \/>\n<meta property=\"og:site_name\" content=\"Universidad de las Artes\" \/>\n<meta property=\"article:publisher\" content=\"https:\/\/www.facebook.com\/uartesec\" \/>\n<meta property=\"article:published_time\" content=\"2017-12-15T19:37:28+00:00\" \/>\n<meta property=\"article:modified_time\" content=\"2024-07-04T16:54:02+00:00\" \/>\n<meta name=\"author\" content=\"Universidad de las Artes\" \/>\n<meta name=\"twitter:card\" content=\"summary_large_image\" \/>\n<meta name=\"twitter:creator\" content=\"@uartesec\" \/>\n<meta name=\"twitter:site\" content=\"@uartesec\" \/>\n<meta name=\"twitter:label1\" content=\"Written by\" \/>\n\t<meta name=\"twitter:data1\" content=\"Universidad de las Artes\" \/>\n\t<meta name=\"twitter:label2\" content=\"Est. reading time\" \/>\n\t<meta name=\"twitter:data2\" content=\"2 minutes\" \/>\n<script type=\"application\/ld+json\" class=\"yoast-schema-graph\">{\"@context\":\"https:\\\/\\\/schema.org\",\"@graph\":[{\"@type\":\"Article\",\"@id\":\"https:\\\/\\\/www.uartes.edu.ec\\\/sitio\\\/en\\\/blog\\\/2017\\\/12\\\/15\\\/estudiante-de-la-uartes-gano-el-tercer-lugar-del-concurso-de-relato-efrain-jara-idrovo\\\/#article\",\"isPartOf\":{\"@id\":\"https:\\\/\\\/www.uartes.edu.ec\\\/sitio\\\/en\\\/blog\\\/2017\\\/12\\\/15\\\/estudiante-de-la-uartes-gano-el-tercer-lugar-del-concurso-de-relato-efrain-jara-idrovo\\\/\"},\"author\":{\"name\":\"Universidad de las Artes\",\"@id\":\"https:\\\/\\\/www.uartes.edu.ec\\\/sitio\\\/en\\\/#\\\/schema\\\/person\\\/f33f8c1d2af0d5c80a38c8abf458184a\"},\"headline\":\"Estudiante de la UArtes gan\u00f3 el tercer lugar del concurso de relato Efra\u00edn Jara Idrovo\",\"datePublished\":\"2017-12-15T19:37:28+00:00\",\"dateModified\":\"2024-07-04T16:54:02+00:00\",\"mainEntityOfPage\":{\"@id\":\"https:\\\/\\\/www.uartes.edu.ec\\\/sitio\\\/en\\\/blog\\\/2017\\\/12\\\/15\\\/estudiante-de-la-uartes-gano-el-tercer-lugar-del-concurso-de-relato-efrain-jara-idrovo\\\/\"},\"wordCount\":414,\"publisher\":{\"@id\":\"https:\\\/\\\/www.uartes.edu.ec\\\/sitio\\\/en\\\/#organization\"},\"image\":{\"@id\":\"https:\\\/\\\/www.uartes.edu.ec\\\/sitio\\\/en\\\/blog\\\/2017\\\/12\\\/15\\\/estudiante-de-la-uartes-gano-el-tercer-lugar-del-concurso-de-relato-efrain-jara-idrovo\\\/#primaryimage\"},\"thumbnailUrl\":\"\",\"articleSection\":[\"Estudiantes\"],\"inLanguage\":\"en-US\"},{\"@type\":[\"WebPage\",\"ItemPage\"],\"@id\":\"https:\\\/\\\/www.uartes.edu.ec\\\/sitio\\\/en\\\/blog\\\/2017\\\/12\\\/15\\\/estudiante-de-la-uartes-gano-el-tercer-lugar-del-concurso-de-relato-efrain-jara-idrovo\\\/\",\"url\":\"https:\\\/\\\/www.uartes.edu.ec\\\/sitio\\\/en\\\/blog\\\/2017\\\/12\\\/15\\\/estudiante-de-la-uartes-gano-el-tercer-lugar-del-concurso-de-relato-efrain-jara-idrovo\\\/\",\"name\":\"Universidad de las Artes - Estudiante de la UArtes gan\u00f3 el tercer lugar del concurso de relato Efra\u00edn Jara Idrovo\",\"isPartOf\":{\"@id\":\"https:\\\/\\\/www.uartes.edu.ec\\\/sitio\\\/en\\\/#website\"},\"primaryImageOfPage\":{\"@id\":\"https:\\\/\\\/www.uartes.edu.ec\\\/sitio\\\/en\\\/blog\\\/2017\\\/12\\\/15\\\/estudiante-de-la-uartes-gano-el-tercer-lugar-del-concurso-de-relato-efrain-jara-idrovo\\\/#primaryimage\"},\"image\":{\"@id\":\"https:\\\/\\\/www.uartes.edu.ec\\\/sitio\\\/en\\\/blog\\\/2017\\\/12\\\/15\\\/estudiante-de-la-uartes-gano-el-tercer-lugar-del-concurso-de-relato-efrain-jara-idrovo\\\/#primaryimage\"},\"thumbnailUrl\":\"\",\"datePublished\":\"2017-12-15T19:37:28+00:00\",\"dateModified\":\"2024-07-04T16:54:02+00:00\",\"description\":\"Universidad de las Artes - Estudiante de la UArtes gan\u00f3 el tercer lugar del concurso de relato Efra\u00edn Jara Idrovo\",\"breadcrumb\":{\"@id\":\"https:\\\/\\\/www.uartes.edu.ec\\\/sitio\\\/en\\\/blog\\\/2017\\\/12\\\/15\\\/estudiante-de-la-uartes-gano-el-tercer-lugar-del-concurso-de-relato-efrain-jara-idrovo\\\/#breadcrumb\"},\"inLanguage\":\"en-US\",\"potentialAction\":[{\"@type\":\"ReadAction\",\"target\":[\"https:\\\/\\\/www.uartes.edu.ec\\\/sitio\\\/en\\\/blog\\\/2017\\\/12\\\/15\\\/estudiante-de-la-uartes-gano-el-tercer-lugar-del-concurso-de-relato-efrain-jara-idrovo\\\/\"]}]},{\"@type\":\"ImageObject\",\"inLanguage\":\"en-US\",\"@id\":\"https:\\\/\\\/www.uartes.edu.ec\\\/sitio\\\/en\\\/blog\\\/2017\\\/12\\\/15\\\/estudiante-de-la-uartes-gano-el-tercer-lugar-del-concurso-de-relato-efrain-jara-idrovo\\\/#primaryimage\",\"url\":\"\",\"contentUrl\":\"\"},{\"@type\":\"BreadcrumbList\",\"@id\":\"https:\\\/\\\/www.uartes.edu.ec\\\/sitio\\\/en\\\/blog\\\/2017\\\/12\\\/15\\\/estudiante-de-la-uartes-gano-el-tercer-lugar-del-concurso-de-relato-efrain-jara-idrovo\\\/#breadcrumb\",\"itemListElement\":[{\"@type\":\"ListItem\",\"position\":1,\"name\":\"Inicio\",\"item\":\"https:\\\/\\\/www.uartes.edu.ec\\\/sitio\\\/\"},{\"@type\":\"ListItem\",\"position\":2,\"name\":\"Estudiante de la UArtes gan\u00f3 el tercer lugar del concurso de relato Efra\u00edn Jara Idrovo\"}]},{\"@type\":\"WebSite\",\"@id\":\"https:\\\/\\\/www.uartes.edu.ec\\\/sitio\\\/en\\\/#website\",\"url\":\"https:\\\/\\\/www.uartes.edu.ec\\\/sitio\\\/en\\\/\",\"name\":\"Universidad de las Artes\",\"description\":\"Sitio oficial de la Universidad Nacional de las Artes del Ecuador\",\"publisher\":{\"@id\":\"https:\\\/\\\/www.uartes.edu.ec\\\/sitio\\\/en\\\/#organization\"},\"potentialAction\":[{\"@type\":\"SearchAction\",\"target\":{\"@type\":\"EntryPoint\",\"urlTemplate\":\"https:\\\/\\\/www.uartes.edu.ec\\\/sitio\\\/en\\\/?s={search_term_string}\"},\"query-input\":{\"@type\":\"PropertyValueSpecification\",\"valueRequired\":true,\"valueName\":\"search_term_string\"}}],\"inLanguage\":\"en-US\"},{\"@type\":\"Organization\",\"@id\":\"https:\\\/\\\/www.uartes.edu.ec\\\/sitio\\\/en\\\/#organization\",\"name\":\"Universidad de las Artes\",\"url\":\"https:\\\/\\\/www.uartes.edu.ec\\\/sitio\\\/en\\\/\",\"logo\":{\"@type\":\"ImageObject\",\"inLanguage\":\"en-US\",\"@id\":\"https:\\\/\\\/www.uartes.edu.ec\\\/sitio\\\/en\\\/#\\\/schema\\\/logo\\\/image\\\/\",\"url\":\"https:\\\/\\\/www.uartes.edu.ec\\\/sitio\\\/wp-content\\\/uploads\\\/2022\\\/07\\\/logo-ua-horizontal.png\",\"contentUrl\":\"https:\\\/\\\/www.uartes.edu.ec\\\/sitio\\\/wp-content\\\/uploads\\\/2022\\\/07\\\/logo-ua-horizontal.png\",\"width\":800,\"height\":276,\"caption\":\"Universidad de las Artes\"},\"image\":{\"@id\":\"https:\\\/\\\/www.uartes.edu.ec\\\/sitio\\\/en\\\/#\\\/schema\\\/logo\\\/image\\\/\"},\"sameAs\":[\"https:\\\/\\\/www.facebook.com\\\/uartesec\",\"https:\\\/\\\/x.com\\\/uartesec\",\"https:\\\/\\\/www.tiktok.com\\\/@uartesec\"]},{\"@type\":\"Person\",\"@id\":\"https:\\\/\\\/www.uartes.edu.ec\\\/sitio\\\/en\\\/#\\\/schema\\\/person\\\/f33f8c1d2af0d5c80a38c8abf458184a\",\"name\":\"Universidad de las Artes\",\"image\":{\"@type\":\"ImageObject\",\"inLanguage\":\"en-US\",\"@id\":\"https:\\\/\\\/secure.gravatar.com\\\/avatar\\\/52e4757902f5cfa5ac52d020e5be83cae5487519154b6c35482fe08d589f3c13?s=96&d=mm&r=g\",\"url\":\"https:\\\/\\\/secure.gravatar.com\\\/avatar\\\/52e4757902f5cfa5ac52d020e5be83cae5487519154b6c35482fe08d589f3c13?s=96&d=mm&r=g\",\"contentUrl\":\"https:\\\/\\\/secure.gravatar.com\\\/avatar\\\/52e4757902f5cfa5ac52d020e5be83cae5487519154b6c35482fe08d589f3c13?s=96&d=mm&r=g\",\"caption\":\"Universidad de las Artes\"},\"url\":\"https:\\\/\\\/www.uartes.edu.ec\\\/sitio\\\/en\\\/blog\\\/author\\\/dircomadm\\\/\"}]}<\/script>\n<!-- \/ Yoast SEO plugin. -->","yoast_head_json":{"title":"Universidad de las Artes - Estudiante de la UArtes gan\u00f3 el tercer lugar del concurso de relato Efra\u00edn Jara Idrovo","description":"Universidad de las Artes - Estudiante de la UArtes gan\u00f3 el tercer lugar del concurso de relato Efra\u00edn Jara Idrovo","robots":{"index":"index","follow":"follow","max-snippet":"max-snippet:-1","max-image-preview":"max-image-preview:large","max-video-preview":"max-video-preview:-1"},"canonical":"https:\/\/www.uartes.edu.ec\/sitio\/en\/blog\/2017\/12\/15\/estudiante-de-la-uartes-gano-el-tercer-lugar-del-concurso-de-relato-efrain-jara-idrovo\/","og_locale":"en_US","og_type":"article","og_title":"Universidad de las Artes - Estudiante de la UArtes gan\u00f3 el tercer lugar del concurso de relato Efra\u00edn Jara Idrovo","og_description":"Universidad de las Artes - Estudiante de la UArtes gan\u00f3 el tercer lugar del concurso de relato Efra\u00edn Jara Idrovo","og_url":"https:\/\/www.uartes.edu.ec\/sitio\/en\/blog\/2017\/12\/15\/estudiante-de-la-uartes-gano-el-tercer-lugar-del-concurso-de-relato-efrain-jara-idrovo\/","og_site_name":"Universidad de las Artes","article_publisher":"https:\/\/www.facebook.com\/uartesec","article_published_time":"2017-12-15T19:37:28+00:00","article_modified_time":"2024-07-04T16:54:02+00:00","author":"Universidad de las Artes","twitter_card":"summary_large_image","twitter_creator":"@uartesec","twitter_site":"@uartesec","twitter_misc":{"Written by":"Universidad de las Artes","Est. reading time":"2 minutes"},"schema":{"@context":"https:\/\/schema.org","@graph":[{"@type":"Article","@id":"https:\/\/www.uartes.edu.ec\/sitio\/en\/blog\/2017\/12\/15\/estudiante-de-la-uartes-gano-el-tercer-lugar-del-concurso-de-relato-efrain-jara-idrovo\/#article","isPartOf":{"@id":"https:\/\/www.uartes.edu.ec\/sitio\/en\/blog\/2017\/12\/15\/estudiante-de-la-uartes-gano-el-tercer-lugar-del-concurso-de-relato-efrain-jara-idrovo\/"},"author":{"name":"Universidad de las Artes","@id":"https:\/\/www.uartes.edu.ec\/sitio\/en\/#\/schema\/person\/f33f8c1d2af0d5c80a38c8abf458184a"},"headline":"Estudiante de la UArtes gan\u00f3 el tercer lugar del concurso de relato Efra\u00edn Jara Idrovo","datePublished":"2017-12-15T19:37:28+00:00","dateModified":"2024-07-04T16:54:02+00:00","mainEntityOfPage":{"@id":"https:\/\/www.uartes.edu.ec\/sitio\/en\/blog\/2017\/12\/15\/estudiante-de-la-uartes-gano-el-tercer-lugar-del-concurso-de-relato-efrain-jara-idrovo\/"},"wordCount":414,"publisher":{"@id":"https:\/\/www.uartes.edu.ec\/sitio\/en\/#organization"},"image":{"@id":"https:\/\/www.uartes.edu.ec\/sitio\/en\/blog\/2017\/12\/15\/estudiante-de-la-uartes-gano-el-tercer-lugar-del-concurso-de-relato-efrain-jara-idrovo\/#primaryimage"},"thumbnailUrl":"","articleSection":["Estudiantes"],"inLanguage":"en-US"},{"@type":["WebPage","ItemPage"],"@id":"https:\/\/www.uartes.edu.ec\/sitio\/en\/blog\/2017\/12\/15\/estudiante-de-la-uartes-gano-el-tercer-lugar-del-concurso-de-relato-efrain-jara-idrovo\/","url":"https:\/\/www.uartes.edu.ec\/sitio\/en\/blog\/2017\/12\/15\/estudiante-de-la-uartes-gano-el-tercer-lugar-del-concurso-de-relato-efrain-jara-idrovo\/","name":"Universidad de las Artes - Estudiante de la UArtes gan\u00f3 el tercer lugar del concurso de relato Efra\u00edn Jara Idrovo","isPartOf":{"@id":"https:\/\/www.uartes.edu.ec\/sitio\/en\/#website"},"primaryImageOfPage":{"@id":"https:\/\/www.uartes.edu.ec\/sitio\/en\/blog\/2017\/12\/15\/estudiante-de-la-uartes-gano-el-tercer-lugar-del-concurso-de-relato-efrain-jara-idrovo\/#primaryimage"},"image":{"@id":"https:\/\/www.uartes.edu.ec\/sitio\/en\/blog\/2017\/12\/15\/estudiante-de-la-uartes-gano-el-tercer-lugar-del-concurso-de-relato-efrain-jara-idrovo\/#primaryimage"},"thumbnailUrl":"","datePublished":"2017-12-15T19:37:28+00:00","dateModified":"2024-07-04T16:54:02+00:00","description":"Universidad de las Artes - Estudiante de la UArtes gan\u00f3 el tercer lugar del concurso de relato Efra\u00edn Jara Idrovo","breadcrumb":{"@id":"https:\/\/www.uartes.edu.ec\/sitio\/en\/blog\/2017\/12\/15\/estudiante-de-la-uartes-gano-el-tercer-lugar-del-concurso-de-relato-efrain-jara-idrovo\/#breadcrumb"},"inLanguage":"en-US","potentialAction":[{"@type":"ReadAction","target":["https:\/\/www.uartes.edu.ec\/sitio\/en\/blog\/2017\/12\/15\/estudiante-de-la-uartes-gano-el-tercer-lugar-del-concurso-de-relato-efrain-jara-idrovo\/"]}]},{"@type":"ImageObject","inLanguage":"en-US","@id":"https:\/\/www.uartes.edu.ec\/sitio\/en\/blog\/2017\/12\/15\/estudiante-de-la-uartes-gano-el-tercer-lugar-del-concurso-de-relato-efrain-jara-idrovo\/#primaryimage","url":"","contentUrl":""},{"@type":"BreadcrumbList","@id":"https:\/\/www.uartes.edu.ec\/sitio\/en\/blog\/2017\/12\/15\/estudiante-de-la-uartes-gano-el-tercer-lugar-del-concurso-de-relato-efrain-jara-idrovo\/#breadcrumb","itemListElement":[{"@type":"ListItem","position":1,"name":"Inicio","item":"https:\/\/www.uartes.edu.ec\/sitio\/"},{"@type":"ListItem","position":2,"name":"Estudiante de la UArtes gan\u00f3 el tercer lugar del concurso de relato Efra\u00edn Jara Idrovo"}]},{"@type":"WebSite","@id":"https:\/\/www.uartes.edu.ec\/sitio\/en\/#website","url":"https:\/\/www.uartes.edu.ec\/sitio\/en\/","name":"Universidad de las Artes","description":"Sitio oficial de la Universidad Nacional de las Artes del Ecuador","publisher":{"@id":"https:\/\/www.uartes.edu.ec\/sitio\/en\/#organization"},"potentialAction":[{"@type":"SearchAction","target":{"@type":"EntryPoint","urlTemplate":"https:\/\/www.uartes.edu.ec\/sitio\/en\/?s={search_term_string}"},"query-input":{"@type":"PropertyValueSpecification","valueRequired":true,"valueName":"search_term_string"}}],"inLanguage":"en-US"},{"@type":"Organization","@id":"https:\/\/www.uartes.edu.ec\/sitio\/en\/#organization","name":"Universidad de las Artes","url":"https:\/\/www.uartes.edu.ec\/sitio\/en\/","logo":{"@type":"ImageObject","inLanguage":"en-US","@id":"https:\/\/www.uartes.edu.ec\/sitio\/en\/#\/schema\/logo\/image\/","url":"https:\/\/www.uartes.edu.ec\/sitio\/wp-content\/uploads\/2022\/07\/logo-ua-horizontal.png","contentUrl":"https:\/\/www.uartes.edu.ec\/sitio\/wp-content\/uploads\/2022\/07\/logo-ua-horizontal.png","width":800,"height":276,"caption":"Universidad de las Artes"},"image":{"@id":"https:\/\/www.uartes.edu.ec\/sitio\/en\/#\/schema\/logo\/image\/"},"sameAs":["https:\/\/www.facebook.com\/uartesec","https:\/\/x.com\/uartesec","https:\/\/www.tiktok.com\/@uartesec"]},{"@type":"Person","@id":"https:\/\/www.uartes.edu.ec\/sitio\/en\/#\/schema\/person\/f33f8c1d2af0d5c80a38c8abf458184a","name":"Universidad de las Artes","image":{"@type":"ImageObject","inLanguage":"en-US","@id":"https:\/\/secure.gravatar.com\/avatar\/52e4757902f5cfa5ac52d020e5be83cae5487519154b6c35482fe08d589f3c13?s=96&d=mm&r=g","url":"https:\/\/secure.gravatar.com\/avatar\/52e4757902f5cfa5ac52d020e5be83cae5487519154b6c35482fe08d589f3c13?s=96&d=mm&r=g","contentUrl":"https:\/\/secure.gravatar.com\/avatar\/52e4757902f5cfa5ac52d020e5be83cae5487519154b6c35482fe08d589f3c13?s=96&d=mm&r=g","caption":"Universidad de las Artes"},"url":"https:\/\/www.uartes.edu.ec\/sitio\/en\/blog\/author\/dircomadm\/"}]}},"uagb_featured_image_src":{"full":false,"thumbnail":false,"medium":false,"medium_large":false,"large":false,"1536x1536":false,"2048x2048":false,"trp-custom-language-flag":false,"htmega_size_585x295":false,"htmega_size_1170x536":false,"htmega_size_396x360":false,"gb-block-post-grid-landscape":false,"gb-block-post-grid-square":false,"university-hub-thumb":false,"mailpoet_newsletter_max":false},"uagb_author_info":{"display_name":"Universidad de las Artes","author_link":"https:\/\/www.uartes.edu.ec\/sitio\/en\/blog\/author\/dircomadm\/"},"uagb_comment_info":0,"uagb_excerpt":"Por Laura Nivela Melisa Uzhca, estudiante de literatura de la UArtes, gan\u00f3 el tercer premio en el VIII Concurso Nacional Interuniversitario de Relato \u201cEfra\u00edn Jara Idrovo\u201d, que se llev\u00f3 a cabo en el marco de la XIII edici\u00f3n del Encuentro sobre Literatura Ecuatoriana y Latinoamericana Alfonso Carrasco Vintimilla, en Cuenca, Ecuador. Melissa comenta que, para&hellip;","featured_image_src":null,"featured_image_src_square":null,"author_info":{"display_name":"Universidad de las Artes","author_link":"https:\/\/www.uartes.edu.ec\/sitio\/en\/blog\/author\/dircomadm\/"},"publishpress_future_workflow_manual_trigger":{"enabledWorkflows":[]},"distributor_meta":false,"distributor_terms":false,"distributor_media":false,"distributor_original_site_name":"Universidad de las Artes","distributor_original_site_url":"https:\/\/www.uartes.edu.ec\/sitio\/en","push-errors":false,"_links":{"self":[{"href":"https:\/\/www.uartes.edu.ec\/sitio\/en\/wp-json\/wp\/v2\/posts\/1072","targetHints":{"allow":["GET"]}}],"collection":[{"href":"https:\/\/www.uartes.edu.ec\/sitio\/en\/wp-json\/wp\/v2\/posts"}],"about":[{"href":"https:\/\/www.uartes.edu.ec\/sitio\/en\/wp-json\/wp\/v2\/types\/post"}],"author":[{"embeddable":true,"href":"https:\/\/www.uartes.edu.ec\/sitio\/en\/wp-json\/wp\/v2\/users\/1"}],"replies":[{"embeddable":true,"href":"https:\/\/www.uartes.edu.ec\/sitio\/en\/wp-json\/wp\/v2\/comments?post=1072"}],"version-history":[{"count":1,"href":"https:\/\/www.uartes.edu.ec\/sitio\/en\/wp-json\/wp\/v2\/posts\/1072\/revisions"}],"predecessor-version":[{"id":57915,"href":"https:\/\/www.uartes.edu.ec\/sitio\/en\/wp-json\/wp\/v2\/posts\/1072\/revisions\/57915"}],"wp:featuredmedia":[{"embeddable":true,"href":"https:\/\/www.uartes.edu.ec\/sitio\/en\/wp-json\/"}],"wp:attachment":[{"href":"https:\/\/www.uartes.edu.ec\/sitio\/en\/wp-json\/wp\/v2\/media?parent=1072"}],"wp:term":[{"taxonomy":"category","embeddable":true,"href":"https:\/\/www.uartes.edu.ec\/sitio\/en\/wp-json\/wp\/v2\/categories?post=1072"},{"taxonomy":"post_tag","embeddable":true,"href":"https:\/\/www.uartes.edu.ec\/sitio\/en\/wp-json\/wp\/v2\/tags?post=1072"},{"taxonomy":"infouartes","embeddable":true,"href":"https:\/\/www.uartes.edu.ec\/sitio\/en\/wp-json\/wp\/v2\/infouartes?post=1072"}],"curies":[{"name":"wp","href":"https:\/\/api.w.org\/{rel}","templated":true}]}}