{"id":1115,"date":"2018-01-10T12:33:34","date_gmt":"2018-01-10T17:33:34","guid":{"rendered":"http:\/\/www.uartes.edu.ec\/infouartes\/?p=1115"},"modified":"2024-07-04T11:54:01","modified_gmt":"2024-07-04T16:54:01","slug":"estudiante-de-alemania-cursa-semestre-en-la-uartes-como-free-mover","status":"publish","type":"post","link":"https:\/\/www.uartes.edu.ec\/sitio\/en\/blog\/2018\/01\/10\/estudiante-de-alemania-cursa-semestre-en-la-uartes-como-free-mover\/","title":{"rendered":"Estudiante de Alemania cursa semestre en la UArtes como Free Mover"},"content":{"rendered":"<p><em>Por Laura Nivela, estudiante de literatura<\/em><\/p>\n<p>Silia Aguilar, estudiante de la carrera Estudios Latinoamericanos en la Universidad Cat\u00f3lica de Eichstaett-Ingolstadt, en Alemania, es actualmente la primera estudiante de intercambio en la Universidad de las Artes como \u2018free mover\u2019 (estudiante visitante).<\/p>\n<p>\u201c<em>Free mover<\/em> es cuando la universidad no necesariamente tiene un convenio con la universidad en el exterior d\u00f3nde quieres estudiar, y todo es por tu cuenta, debes ser responsable de tu papeleo y visa\u201d, comenta Aguilar.<\/p>\n<p>El proceso de Alemania hasta Ecuador se baso en una comunicaci\u00f3n con ambas universidades, cumplir los requisitos para ingresar a la UArtes y esperar la carta para la visa de estudiante, que en su caso se fue m\u00e1s f\u00e1cil porque Aguilar es ecuatoriana de nacimiento.<\/p>\n<p>\u201cEl 5to semestre de mi carrera debo cursarlo en una Universidad Latinoamericana. Por este motivo decid\u00ed ponerme en contacto con la Universidad de las Artes en Ecuador donde puedo cursar idiomas y literatura, para alcanzar los cr\u00e9ditos necesarios del semestre\u201d, indica.<\/p>\n<p>En su carrera de Estudios Latinoamericanos abunda lo te\u00f3rico pero escasea el arte, cuando a trav\u00e9s del arte se recrea la memoria, se logra entender una regi\u00f3n y las complejidades del mundo. Actualmente, en la UArtes se encuentra cursando materias como: Pol\u00edtica y Cultura en Am\u00e9rica Latina, Historia del Libro y la Lectura, Portugu\u00e9s, Kichwa y Franc\u00e9s.<\/p>\n<p>\u201cEs necesario aprender m\u00e1s idiomas para comprender diferentes culturas y las distintas maneras de producir arte, hay sentimientos que no se pueden nombrar en un idioma, pero que s\u00ed pueden existir en otro\u201d, concluye Aguilar.<\/p>","protected":false},"excerpt":{"rendered":"<p>Por Laura Nivela, estudiante de literatura Silia Aguilar, estudiante de la carrera Estudios Latinoamericanos en la Universidad Cat\u00f3lica de Eichstaett-Ingolstadt, en Alemania, es actualmente la primera estudiante de intercambio en la Universidad de las Artes como \u2018free mover\u2019 (estudiante visitante). \u201cFree mover es cuando la universidad no necesariamente tiene un convenio con la universidad en [&hellip;]<\/p>\n","protected":false},"author":1,"featured_media":1116,"comment_status":"closed","ping_status":"open","sticky":false,"template":"","format":"standard","meta":{"_acf_changed":false,"_uag_custom_page_level_css":"","_monsterinsights_skip_tracking":false,"_monsterinsights_sitenote_active":false,"_monsterinsights_sitenote_note":"","_monsterinsights_sitenote_category":0,"cybocfi_hide_featured_image":"","footnotes":""},"categories":[76],"tags":[],"infouartes":[],"class_list":["post-1115","post","type-post","status-publish","format-standard","has-post-thumbnail","hentry","category-estudiantes"],"acf":[],"yoast_head":"<!-- This site is optimized with the Yoast SEO plugin v27.4 - https:\/\/yoast.com\/product\/yoast-seo-wordpress\/ -->\n<title>Universidad de las Artes - Estudiante de Alemania cursa semestre en la UArtes como Free Mover<\/title>\n<meta name=\"description\" content=\"Universidad de las Artes - Estudiante de Alemania cursa semestre en la UArtes como Free Mover\" \/>\n<meta name=\"robots\" content=\"index, follow, max-snippet:-1, max-image-preview:large, max-video-preview:-1\" \/>\n<link rel=\"canonical\" href=\"https:\/\/www.uartes.edu.ec\/sitio\/en\/blog\/2018\/01\/10\/estudiante-de-alemania-cursa-semestre-en-la-uartes-como-free-mover\/\" \/>\n<meta property=\"og:locale\" content=\"en_US\" \/>\n<meta property=\"og:type\" content=\"article\" \/>\n<meta property=\"og:title\" content=\"Universidad de las Artes - Estudiante de Alemania cursa semestre en la UArtes como Free Mover\" \/>\n<meta property=\"og:description\" content=\"Universidad de las Artes - Estudiante de Alemania cursa semestre en la UArtes como Free Mover\" \/>\n<meta property=\"og:url\" content=\"https:\/\/www.uartes.edu.ec\/sitio\/en\/blog\/2018\/01\/10\/estudiante-de-alemania-cursa-semestre-en-la-uartes-como-free-mover\/\" \/>\n<meta property=\"og:site_name\" content=\"Universidad de las Artes\" \/>\n<meta property=\"article:publisher\" content=\"https:\/\/www.facebook.com\/uartesec\" \/>\n<meta property=\"article:published_time\" content=\"2018-01-10T17:33:34+00:00\" \/>\n<meta property=\"article:modified_time\" content=\"2024-07-04T16:54:01+00:00\" \/>\n<meta name=\"author\" content=\"Universidad de las Artes\" \/>\n<meta name=\"twitter:card\" content=\"summary_large_image\" \/>\n<meta name=\"twitter:creator\" content=\"@uartesec\" \/>\n<meta name=\"twitter:site\" content=\"@uartesec\" \/>\n<meta name=\"twitter:label1\" content=\"Written by\" \/>\n\t<meta name=\"twitter:data1\" content=\"Universidad de las Artes\" \/>\n\t<meta name=\"twitter:label2\" content=\"Est. reading time\" \/>\n\t<meta name=\"twitter:data2\" content=\"1 minute\" \/>\n<script type=\"application\/ld+json\" class=\"yoast-schema-graph\">{\"@context\":\"https:\\\/\\\/schema.org\",\"@graph\":[{\"@type\":\"Article\",\"@id\":\"https:\\\/\\\/www.uartes.edu.ec\\\/sitio\\\/en\\\/blog\\\/2018\\\/01\\\/10\\\/estudiante-de-alemania-cursa-semestre-en-la-uartes-como-free-mover\\\/#article\",\"isPartOf\":{\"@id\":\"https:\\\/\\\/www.uartes.edu.ec\\\/sitio\\\/en\\\/blog\\\/2018\\\/01\\\/10\\\/estudiante-de-alemania-cursa-semestre-en-la-uartes-como-free-mover\\\/\"},\"author\":{\"name\":\"Universidad de las Artes\",\"@id\":\"https:\\\/\\\/www.uartes.edu.ec\\\/sitio\\\/en\\\/#\\\/schema\\\/person\\\/f33f8c1d2af0d5c80a38c8abf458184a\"},\"headline\":\"Estudiante de Alemania cursa semestre en la UArtes como Free Mover\",\"datePublished\":\"2018-01-10T17:33:34+00:00\",\"dateModified\":\"2024-07-04T16:54:01+00:00\",\"mainEntityOfPage\":{\"@id\":\"https:\\\/\\\/www.uartes.edu.ec\\\/sitio\\\/en\\\/blog\\\/2018\\\/01\\\/10\\\/estudiante-de-alemania-cursa-semestre-en-la-uartes-como-free-mover\\\/\"},\"wordCount\":279,\"publisher\":{\"@id\":\"https:\\\/\\\/www.uartes.edu.ec\\\/sitio\\\/en\\\/#organization\"},\"image\":{\"@id\":\"https:\\\/\\\/www.uartes.edu.ec\\\/sitio\\\/en\\\/blog\\\/2018\\\/01\\\/10\\\/estudiante-de-alemania-cursa-semestre-en-la-uartes-como-free-mover\\\/#primaryimage\"},\"thumbnailUrl\":\"\",\"articleSection\":[\"Estudiantes\"],\"inLanguage\":\"en-US\"},{\"@type\":[\"WebPage\",\"ItemPage\"],\"@id\":\"https:\\\/\\\/www.uartes.edu.ec\\\/sitio\\\/en\\\/blog\\\/2018\\\/01\\\/10\\\/estudiante-de-alemania-cursa-semestre-en-la-uartes-como-free-mover\\\/\",\"url\":\"https:\\\/\\\/www.uartes.edu.ec\\\/sitio\\\/en\\\/blog\\\/2018\\\/01\\\/10\\\/estudiante-de-alemania-cursa-semestre-en-la-uartes-como-free-mover\\\/\",\"name\":\"Universidad de las Artes - Estudiante de Alemania cursa semestre en la UArtes como Free Mover\",\"isPartOf\":{\"@id\":\"https:\\\/\\\/www.uartes.edu.ec\\\/sitio\\\/en\\\/#website\"},\"primaryImageOfPage\":{\"@id\":\"https:\\\/\\\/www.uartes.edu.ec\\\/sitio\\\/en\\\/blog\\\/2018\\\/01\\\/10\\\/estudiante-de-alemania-cursa-semestre-en-la-uartes-como-free-mover\\\/#primaryimage\"},\"image\":{\"@id\":\"https:\\\/\\\/www.uartes.edu.ec\\\/sitio\\\/en\\\/blog\\\/2018\\\/01\\\/10\\\/estudiante-de-alemania-cursa-semestre-en-la-uartes-como-free-mover\\\/#primaryimage\"},\"thumbnailUrl\":\"\",\"datePublished\":\"2018-01-10T17:33:34+00:00\",\"dateModified\":\"2024-07-04T16:54:01+00:00\",\"description\":\"Universidad de las Artes - Estudiante de Alemania cursa semestre en la UArtes como Free Mover\",\"breadcrumb\":{\"@id\":\"https:\\\/\\\/www.uartes.edu.ec\\\/sitio\\\/en\\\/blog\\\/2018\\\/01\\\/10\\\/estudiante-de-alemania-cursa-semestre-en-la-uartes-como-free-mover\\\/#breadcrumb\"},\"inLanguage\":\"en-US\",\"potentialAction\":[{\"@type\":\"ReadAction\",\"target\":[\"https:\\\/\\\/www.uartes.edu.ec\\\/sitio\\\/en\\\/blog\\\/2018\\\/01\\\/10\\\/estudiante-de-alemania-cursa-semestre-en-la-uartes-como-free-mover\\\/\"]}]},{\"@type\":\"ImageObject\",\"inLanguage\":\"en-US\",\"@id\":\"https:\\\/\\\/www.uartes.edu.ec\\\/sitio\\\/en\\\/blog\\\/2018\\\/01\\\/10\\\/estudiante-de-alemania-cursa-semestre-en-la-uartes-como-free-mover\\\/#primaryimage\",\"url\":\"\",\"contentUrl\":\"\"},{\"@type\":\"BreadcrumbList\",\"@id\":\"https:\\\/\\\/www.uartes.edu.ec\\\/sitio\\\/en\\\/blog\\\/2018\\\/01\\\/10\\\/estudiante-de-alemania-cursa-semestre-en-la-uartes-como-free-mover\\\/#breadcrumb\",\"itemListElement\":[{\"@type\":\"ListItem\",\"position\":1,\"name\":\"Inicio\",\"item\":\"https:\\\/\\\/www.uartes.edu.ec\\\/sitio\\\/\"},{\"@type\":\"ListItem\",\"position\":2,\"name\":\"Estudiante de Alemania cursa semestre en la UArtes como Free Mover\"}]},{\"@type\":\"WebSite\",\"@id\":\"https:\\\/\\\/www.uartes.edu.ec\\\/sitio\\\/en\\\/#website\",\"url\":\"https:\\\/\\\/www.uartes.edu.ec\\\/sitio\\\/en\\\/\",\"name\":\"Universidad de las Artes\",\"description\":\"Sitio oficial de la Universidad Nacional de las Artes del Ecuador\",\"publisher\":{\"@id\":\"https:\\\/\\\/www.uartes.edu.ec\\\/sitio\\\/en\\\/#organization\"},\"potentialAction\":[{\"@type\":\"SearchAction\",\"target\":{\"@type\":\"EntryPoint\",\"urlTemplate\":\"https:\\\/\\\/www.uartes.edu.ec\\\/sitio\\\/en\\\/?s={search_term_string}\"},\"query-input\":{\"@type\":\"PropertyValueSpecification\",\"valueRequired\":true,\"valueName\":\"search_term_string\"}}],\"inLanguage\":\"en-US\"},{\"@type\":\"Organization\",\"@id\":\"https:\\\/\\\/www.uartes.edu.ec\\\/sitio\\\/en\\\/#organization\",\"name\":\"Universidad de las Artes\",\"url\":\"https:\\\/\\\/www.uartes.edu.ec\\\/sitio\\\/en\\\/\",\"logo\":{\"@type\":\"ImageObject\",\"inLanguage\":\"en-US\",\"@id\":\"https:\\\/\\\/www.uartes.edu.ec\\\/sitio\\\/en\\\/#\\\/schema\\\/logo\\\/image\\\/\",\"url\":\"https:\\\/\\\/www.uartes.edu.ec\\\/sitio\\\/wp-content\\\/uploads\\\/2022\\\/07\\\/logo-ua-horizontal.png\",\"contentUrl\":\"https:\\\/\\\/www.uartes.edu.ec\\\/sitio\\\/wp-content\\\/uploads\\\/2022\\\/07\\\/logo-ua-horizontal.png\",\"width\":800,\"height\":276,\"caption\":\"Universidad de las Artes\"},\"image\":{\"@id\":\"https:\\\/\\\/www.uartes.edu.ec\\\/sitio\\\/en\\\/#\\\/schema\\\/logo\\\/image\\\/\"},\"sameAs\":[\"https:\\\/\\\/www.facebook.com\\\/uartesec\",\"https:\\\/\\\/x.com\\\/uartesec\",\"https:\\\/\\\/www.tiktok.com\\\/@uartesec\"]},{\"@type\":\"Person\",\"@id\":\"https:\\\/\\\/www.uartes.edu.ec\\\/sitio\\\/en\\\/#\\\/schema\\\/person\\\/f33f8c1d2af0d5c80a38c8abf458184a\",\"name\":\"Universidad de las Artes\",\"image\":{\"@type\":\"ImageObject\",\"inLanguage\":\"en-US\",\"@id\":\"https:\\\/\\\/secure.gravatar.com\\\/avatar\\\/52e4757902f5cfa5ac52d020e5be83cae5487519154b6c35482fe08d589f3c13?s=96&d=mm&r=g\",\"url\":\"https:\\\/\\\/secure.gravatar.com\\\/avatar\\\/52e4757902f5cfa5ac52d020e5be83cae5487519154b6c35482fe08d589f3c13?s=96&d=mm&r=g\",\"contentUrl\":\"https:\\\/\\\/secure.gravatar.com\\\/avatar\\\/52e4757902f5cfa5ac52d020e5be83cae5487519154b6c35482fe08d589f3c13?s=96&d=mm&r=g\",\"caption\":\"Universidad de las Artes\"},\"url\":\"https:\\\/\\\/www.uartes.edu.ec\\\/sitio\\\/en\\\/blog\\\/author\\\/dircomadm\\\/\"}]}<\/script>\n<!-- \/ Yoast SEO plugin. -->","yoast_head_json":{"title":"Universidad de las Artes - Estudiante de Alemania cursa semestre en la UArtes como Free Mover","description":"Universidad de las Artes - Estudiante de Alemania cursa semestre en la UArtes como Free Mover","robots":{"index":"index","follow":"follow","max-snippet":"max-snippet:-1","max-image-preview":"max-image-preview:large","max-video-preview":"max-video-preview:-1"},"canonical":"https:\/\/www.uartes.edu.ec\/sitio\/en\/blog\/2018\/01\/10\/estudiante-de-alemania-cursa-semestre-en-la-uartes-como-free-mover\/","og_locale":"en_US","og_type":"article","og_title":"Universidad de las Artes - Estudiante de Alemania cursa semestre en la UArtes como Free Mover","og_description":"Universidad de las Artes - Estudiante de Alemania cursa semestre en la UArtes como Free Mover","og_url":"https:\/\/www.uartes.edu.ec\/sitio\/en\/blog\/2018\/01\/10\/estudiante-de-alemania-cursa-semestre-en-la-uartes-como-free-mover\/","og_site_name":"Universidad de las Artes","article_publisher":"https:\/\/www.facebook.com\/uartesec","article_published_time":"2018-01-10T17:33:34+00:00","article_modified_time":"2024-07-04T16:54:01+00:00","author":"Universidad de las Artes","twitter_card":"summary_large_image","twitter_creator":"@uartesec","twitter_site":"@uartesec","twitter_misc":{"Written by":"Universidad de las Artes","Est. reading time":"1 minute"},"schema":{"@context":"https:\/\/schema.org","@graph":[{"@type":"Article","@id":"https:\/\/www.uartes.edu.ec\/sitio\/en\/blog\/2018\/01\/10\/estudiante-de-alemania-cursa-semestre-en-la-uartes-como-free-mover\/#article","isPartOf":{"@id":"https:\/\/www.uartes.edu.ec\/sitio\/en\/blog\/2018\/01\/10\/estudiante-de-alemania-cursa-semestre-en-la-uartes-como-free-mover\/"},"author":{"name":"Universidad de las Artes","@id":"https:\/\/www.uartes.edu.ec\/sitio\/en\/#\/schema\/person\/f33f8c1d2af0d5c80a38c8abf458184a"},"headline":"Estudiante de Alemania cursa semestre en la UArtes como Free Mover","datePublished":"2018-01-10T17:33:34+00:00","dateModified":"2024-07-04T16:54:01+00:00","mainEntityOfPage":{"@id":"https:\/\/www.uartes.edu.ec\/sitio\/en\/blog\/2018\/01\/10\/estudiante-de-alemania-cursa-semestre-en-la-uartes-como-free-mover\/"},"wordCount":279,"publisher":{"@id":"https:\/\/www.uartes.edu.ec\/sitio\/en\/#organization"},"image":{"@id":"https:\/\/www.uartes.edu.ec\/sitio\/en\/blog\/2018\/01\/10\/estudiante-de-alemania-cursa-semestre-en-la-uartes-como-free-mover\/#primaryimage"},"thumbnailUrl":"","articleSection":["Estudiantes"],"inLanguage":"en-US"},{"@type":["WebPage","ItemPage"],"@id":"https:\/\/www.uartes.edu.ec\/sitio\/en\/blog\/2018\/01\/10\/estudiante-de-alemania-cursa-semestre-en-la-uartes-como-free-mover\/","url":"https:\/\/www.uartes.edu.ec\/sitio\/en\/blog\/2018\/01\/10\/estudiante-de-alemania-cursa-semestre-en-la-uartes-como-free-mover\/","name":"Universidad de las Artes - Estudiante de Alemania cursa semestre en la UArtes como Free Mover","isPartOf":{"@id":"https:\/\/www.uartes.edu.ec\/sitio\/en\/#website"},"primaryImageOfPage":{"@id":"https:\/\/www.uartes.edu.ec\/sitio\/en\/blog\/2018\/01\/10\/estudiante-de-alemania-cursa-semestre-en-la-uartes-como-free-mover\/#primaryimage"},"image":{"@id":"https:\/\/www.uartes.edu.ec\/sitio\/en\/blog\/2018\/01\/10\/estudiante-de-alemania-cursa-semestre-en-la-uartes-como-free-mover\/#primaryimage"},"thumbnailUrl":"","datePublished":"2018-01-10T17:33:34+00:00","dateModified":"2024-07-04T16:54:01+00:00","description":"Universidad de las Artes - Estudiante de Alemania cursa semestre en la UArtes como Free Mover","breadcrumb":{"@id":"https:\/\/www.uartes.edu.ec\/sitio\/en\/blog\/2018\/01\/10\/estudiante-de-alemania-cursa-semestre-en-la-uartes-como-free-mover\/#breadcrumb"},"inLanguage":"en-US","potentialAction":[{"@type":"ReadAction","target":["https:\/\/www.uartes.edu.ec\/sitio\/en\/blog\/2018\/01\/10\/estudiante-de-alemania-cursa-semestre-en-la-uartes-como-free-mover\/"]}]},{"@type":"ImageObject","inLanguage":"en-US","@id":"https:\/\/www.uartes.edu.ec\/sitio\/en\/blog\/2018\/01\/10\/estudiante-de-alemania-cursa-semestre-en-la-uartes-como-free-mover\/#primaryimage","url":"","contentUrl":""},{"@type":"BreadcrumbList","@id":"https:\/\/www.uartes.edu.ec\/sitio\/en\/blog\/2018\/01\/10\/estudiante-de-alemania-cursa-semestre-en-la-uartes-como-free-mover\/#breadcrumb","itemListElement":[{"@type":"ListItem","position":1,"name":"Inicio","item":"https:\/\/www.uartes.edu.ec\/sitio\/"},{"@type":"ListItem","position":2,"name":"Estudiante de Alemania cursa semestre en la UArtes como Free Mover"}]},{"@type":"WebSite","@id":"https:\/\/www.uartes.edu.ec\/sitio\/en\/#website","url":"https:\/\/www.uartes.edu.ec\/sitio\/en\/","name":"Universidad de las Artes","description":"Sitio oficial de la Universidad Nacional de las Artes del Ecuador","publisher":{"@id":"https:\/\/www.uartes.edu.ec\/sitio\/en\/#organization"},"potentialAction":[{"@type":"SearchAction","target":{"@type":"EntryPoint","urlTemplate":"https:\/\/www.uartes.edu.ec\/sitio\/en\/?s={search_term_string}"},"query-input":{"@type":"PropertyValueSpecification","valueRequired":true,"valueName":"search_term_string"}}],"inLanguage":"en-US"},{"@type":"Organization","@id":"https:\/\/www.uartes.edu.ec\/sitio\/en\/#organization","name":"Universidad de las Artes","url":"https:\/\/www.uartes.edu.ec\/sitio\/en\/","logo":{"@type":"ImageObject","inLanguage":"en-US","@id":"https:\/\/www.uartes.edu.ec\/sitio\/en\/#\/schema\/logo\/image\/","url":"https:\/\/www.uartes.edu.ec\/sitio\/wp-content\/uploads\/2022\/07\/logo-ua-horizontal.png","contentUrl":"https:\/\/www.uartes.edu.ec\/sitio\/wp-content\/uploads\/2022\/07\/logo-ua-horizontal.png","width":800,"height":276,"caption":"Universidad de las Artes"},"image":{"@id":"https:\/\/www.uartes.edu.ec\/sitio\/en\/#\/schema\/logo\/image\/"},"sameAs":["https:\/\/www.facebook.com\/uartesec","https:\/\/x.com\/uartesec","https:\/\/www.tiktok.com\/@uartesec"]},{"@type":"Person","@id":"https:\/\/www.uartes.edu.ec\/sitio\/en\/#\/schema\/person\/f33f8c1d2af0d5c80a38c8abf458184a","name":"Universidad de las Artes","image":{"@type":"ImageObject","inLanguage":"en-US","@id":"https:\/\/secure.gravatar.com\/avatar\/52e4757902f5cfa5ac52d020e5be83cae5487519154b6c35482fe08d589f3c13?s=96&d=mm&r=g","url":"https:\/\/secure.gravatar.com\/avatar\/52e4757902f5cfa5ac52d020e5be83cae5487519154b6c35482fe08d589f3c13?s=96&d=mm&r=g","contentUrl":"https:\/\/secure.gravatar.com\/avatar\/52e4757902f5cfa5ac52d020e5be83cae5487519154b6c35482fe08d589f3c13?s=96&d=mm&r=g","caption":"Universidad de las Artes"},"url":"https:\/\/www.uartes.edu.ec\/sitio\/en\/blog\/author\/dircomadm\/"}]}},"uagb_featured_image_src":{"full":false,"thumbnail":false,"medium":false,"medium_large":false,"large":false,"1536x1536":false,"2048x2048":false,"trp-custom-language-flag":false,"htmega_size_585x295":false,"htmega_size_1170x536":false,"htmega_size_396x360":false,"gb-block-post-grid-landscape":false,"gb-block-post-grid-square":false,"university-hub-thumb":false,"mailpoet_newsletter_max":false},"uagb_author_info":{"display_name":"Universidad de las Artes","author_link":"https:\/\/www.uartes.edu.ec\/sitio\/en\/blog\/author\/dircomadm\/"},"uagb_comment_info":0,"uagb_excerpt":"Por Laura Nivela, estudiante de literatura Silia Aguilar, estudiante de la carrera Estudios Latinoamericanos en la Universidad Cat\u00f3lica de Eichstaett-Ingolstadt, en Alemania, es actualmente la primera estudiante de intercambio en la Universidad de las Artes como \u2018free mover\u2019 (estudiante visitante). \u201cFree mover es cuando la universidad no necesariamente tiene un convenio con la universidad en&hellip;","featured_image_src":null,"featured_image_src_square":null,"author_info":{"display_name":"Universidad de las Artes","author_link":"https:\/\/www.uartes.edu.ec\/sitio\/en\/blog\/author\/dircomadm\/"},"publishpress_future_workflow_manual_trigger":{"enabledWorkflows":[]},"distributor_meta":false,"distributor_terms":false,"distributor_media":false,"distributor_original_site_name":"Universidad de las Artes","distributor_original_site_url":"https:\/\/www.uartes.edu.ec\/sitio\/en","push-errors":false,"_links":{"self":[{"href":"https:\/\/www.uartes.edu.ec\/sitio\/en\/wp-json\/wp\/v2\/posts\/1115","targetHints":{"allow":["GET"]}}],"collection":[{"href":"https:\/\/www.uartes.edu.ec\/sitio\/en\/wp-json\/wp\/v2\/posts"}],"about":[{"href":"https:\/\/www.uartes.edu.ec\/sitio\/en\/wp-json\/wp\/v2\/types\/post"}],"author":[{"embeddable":true,"href":"https:\/\/www.uartes.edu.ec\/sitio\/en\/wp-json\/wp\/v2\/users\/1"}],"replies":[{"embeddable":true,"href":"https:\/\/www.uartes.edu.ec\/sitio\/en\/wp-json\/wp\/v2\/comments?post=1115"}],"version-history":[{"count":1,"href":"https:\/\/www.uartes.edu.ec\/sitio\/en\/wp-json\/wp\/v2\/posts\/1115\/revisions"}],"predecessor-version":[{"id":57906,"href":"https:\/\/www.uartes.edu.ec\/sitio\/en\/wp-json\/wp\/v2\/posts\/1115\/revisions\/57906"}],"wp:featuredmedia":[{"embeddable":true,"href":"https:\/\/www.uartes.edu.ec\/sitio\/en\/wp-json\/wp\/v2\/pages\/1116"}],"wp:attachment":[{"href":"https:\/\/www.uartes.edu.ec\/sitio\/en\/wp-json\/wp\/v2\/media?parent=1115"}],"wp:term":[{"taxonomy":"category","embeddable":true,"href":"https:\/\/www.uartes.edu.ec\/sitio\/en\/wp-json\/wp\/v2\/categories?post=1115"},{"taxonomy":"post_tag","embeddable":true,"href":"https:\/\/www.uartes.edu.ec\/sitio\/en\/wp-json\/wp\/v2\/tags?post=1115"},{"taxonomy":"infouartes","embeddable":true,"href":"https:\/\/www.uartes.edu.ec\/sitio\/en\/wp-json\/wp\/v2\/infouartes?post=1115"}],"curies":[{"name":"wp","href":"https:\/\/api.w.org\/{rel}","templated":true}]}}