{"id":113,"date":"2017-05-02T10:39:03","date_gmt":"2017-05-02T15:39:03","guid":{"rendered":"http:\/\/www.uartes.edu.ec\/infouartes\/?p=113"},"modified":"2024-07-04T11:54:21","modified_gmt":"2024-07-04T16:54:21","slug":"uartes-habilita-nuevos-espacios-academicos-en-edifico-el-correo","status":"publish","type":"post","link":"https:\/\/www.uartes.edu.ec\/sitio\/en\/blog\/2017\/05\/02\/uartes-habilita-nuevos-espacios-academicos-en-edifico-el-correo\/","title":{"rendered":"Nuevos espacios acad\u00e9micos en El Correo"},"content":{"rendered":"<p>La Universidad de las Artes del Ecuador (UArtes) realiz\u00f3 la adecuaci\u00f3n de espacios en el primer piso del edificio El Correo para uso de la UArtes, ubicado en Aguirre y Chile, en el que implement\u00f3 una oficina para docentes, talleres de pintura y aulas te\u00f3ricas para estudiantes de la Escuela de Artes Visuales de la instituci\u00f3n.<\/p>\n\n\n\n<p>La UArtes habilit\u00f3 cerca de mil metros cuadrados en este espacio para uso acad\u00e9mico que se suman a los 463 metros del edificio donde funcionaba el Servicio de Rentas Internas (SRI), ubicado en la Av. 10 de Agosto y Pedro Carbo, que se habilitaron a principios de a\u00f1o.<\/p>\n\n\n\n<p>Se espera que hasta la pr\u00f3xima semana se haya establecido el equipamiento completo de este nuevo espacio acad\u00e9mico en el centro de Guayaquil.<\/p>\n\n\n\n<p>La proyecci\u00f3n de expansi\u00f3n y crecimiento estudiantil de la instituci\u00f3n se traduce en la adecuaci\u00f3n e implementaci\u00f3n de nuevos espacios acad\u00e9micos, art\u00edsticos y culturales que viene realizando la UArtes con la finalidad de brindar espacios funcionales y adecuados para los estudiantes y docentes.<\/p>\n\n\n\n<p>En ese marco, la UArtes habilitar\u00e1 el ex edificio de la Bolsa de Valores de Guayaquil, ubicado en las calles 9 de Octubre y Pichincha, donde funcionar\u00e1 el Centro de Innovaci\u00f3n Cultural, el ex edificio de la Superintendencia de Compa\u00f1\u00edas, ubicado en Aguirre y Pichincha, donde funcionar\u00e1 la Biblioteca de las Artes, y el edificio de El Tel\u00e9grafo, ubicado en Boyac\u00e1 y Diez de Agosto, donde funcionar\u00e1 la Matriz de la UArtes.<\/p>\n\n\n\n<p>Estos espacios patrimoniales junto al Campus Centro, ubicado en el Palacio de la Gobernaci\u00f3n, y el Campus Sur, ubicado en el Centro C\u00edvico de Guayaquil, constituir\u00e1n el corredor cultural de Guayaquil que provocar\u00e1 una sinergia y movimiento art\u00edstico, acad\u00e9mico, econ\u00f3mico alrededor de la cultura, en pleno centro de la urbe.<\/p>\n\n\n<div class=\"wp-block-image\">\n<figure class=\"aligncenter\"><img decoding=\"async\" src=\"http:\/\/www.uartes.edu.ec\/infouartes\/wp-content\/uploads\/2017\/04\/safsafsafsa.jpg\" alt=\"\" class=\"wp-image-116\" \/><\/figure>\n<\/div>\n\n\n<p><\/p>","protected":false},"excerpt":{"rendered":"<p>La Universidad de las Artes del Ecuador (UArtes) realiz\u00f3 la adecuaci\u00f3n de espacios en el primer piso del edificio El Correo para uso de la UArtes, ubicado en Aguirre y Chile, en el que implement\u00f3 una oficina para docentes, talleres de pintura y aulas te\u00f3ricas para estudiantes de la Escuela de Artes Visuales de la [&hellip;]<\/p>\n","protected":false},"author":1,"featured_media":21222,"comment_status":"closed","ping_status":"open","sticky":false,"template":"","format":"standard","meta":{"_acf_changed":false,"_uag_custom_page_level_css":"","_monsterinsights_skip_tracking":false,"_monsterinsights_sitenote_active":false,"_monsterinsights_sitenote_note":"","_monsterinsights_sitenote_category":0,"cybocfi_hide_featured_image":"","footnotes":""},"categories":[77],"tags":[],"infouartes":[],"class_list":["post-113","post","type-post","status-publish","format-standard","has-post-thumbnail","hentry","category-gestion"],"acf":[],"yoast_head":"<!-- This site is optimized with the Yoast SEO plugin v27.4 - https:\/\/yoast.com\/product\/yoast-seo-wordpress\/ -->\n<title>Universidad de las Artes - Nuevos espacios acad\u00e9micos en El Correo<\/title>\n<meta name=\"description\" content=\"Universidad de las Artes - Nuevos espacios acad\u00e9micos en El Correo\" \/>\n<meta name=\"robots\" content=\"index, follow, max-snippet:-1, max-image-preview:large, max-video-preview:-1\" \/>\n<link rel=\"canonical\" href=\"https:\/\/www.uartes.edu.ec\/sitio\/en\/blog\/2017\/05\/02\/uartes-habilita-nuevos-espacios-academicos-en-edifico-el-correo\/\" \/>\n<meta property=\"og:locale\" content=\"en_US\" \/>\n<meta property=\"og:type\" content=\"article\" \/>\n<meta property=\"og:title\" content=\"Universidad de las Artes - Nuevos espacios acad\u00e9micos en El Correo\" \/>\n<meta property=\"og:description\" content=\"Universidad de las Artes - Nuevos espacios acad\u00e9micos en El Correo\" \/>\n<meta property=\"og:url\" content=\"https:\/\/www.uartes.edu.ec\/sitio\/en\/blog\/2017\/05\/02\/uartes-habilita-nuevos-espacios-academicos-en-edifico-el-correo\/\" \/>\n<meta property=\"og:site_name\" content=\"Universidad de las Artes\" \/>\n<meta property=\"article:publisher\" content=\"https:\/\/www.facebook.com\/uartesec\" \/>\n<meta property=\"article:published_time\" content=\"2017-05-02T15:39:03+00:00\" \/>\n<meta property=\"article:modified_time\" content=\"2024-07-04T16:54:21+00:00\" \/>\n<meta property=\"og:image\" content=\"https:\/\/www.uartes.edu.ec\/sitio\/wp-content\/uploads\/2022\/05\/Fachadas-Tabara.jpg\" \/>\n\t<meta property=\"og:image:width\" content=\"2000\" \/>\n\t<meta property=\"og:image:height\" content=\"1333\" \/>\n\t<meta property=\"og:image:type\" content=\"image\/jpeg\" \/>\n<meta name=\"author\" content=\"Universidad de las Artes\" \/>\n<meta name=\"twitter:card\" content=\"summary_large_image\" \/>\n<meta name=\"twitter:creator\" content=\"@uartesec\" \/>\n<meta name=\"twitter:site\" content=\"@uartesec\" \/>\n<meta name=\"twitter:label1\" content=\"Written by\" \/>\n\t<meta name=\"twitter:data1\" content=\"Universidad de las Artes\" \/>\n\t<meta name=\"twitter:label2\" content=\"Est. reading time\" \/>\n\t<meta name=\"twitter:data2\" content=\"2 minutes\" \/>\n<script type=\"application\/ld+json\" class=\"yoast-schema-graph\">{\"@context\":\"https:\\\/\\\/schema.org\",\"@graph\":[{\"@type\":\"Article\",\"@id\":\"https:\\\/\\\/www.uartes.edu.ec\\\/sitio\\\/en\\\/blog\\\/2017\\\/05\\\/02\\\/uartes-habilita-nuevos-espacios-academicos-en-edifico-el-correo\\\/#article\",\"isPartOf\":{\"@id\":\"https:\\\/\\\/www.uartes.edu.ec\\\/sitio\\\/en\\\/blog\\\/2017\\\/05\\\/02\\\/uartes-habilita-nuevos-espacios-academicos-en-edifico-el-correo\\\/\"},\"author\":{\"name\":\"Universidad de las Artes\",\"@id\":\"https:\\\/\\\/www.uartes.edu.ec\\\/sitio\\\/en\\\/#\\\/schema\\\/person\\\/f33f8c1d2af0d5c80a38c8abf458184a\"},\"headline\":\"Nuevos espacios acad\u00e9micos en El Correo\",\"datePublished\":\"2017-05-02T15:39:03+00:00\",\"dateModified\":\"2024-07-04T16:54:21+00:00\",\"mainEntityOfPage\":{\"@id\":\"https:\\\/\\\/www.uartes.edu.ec\\\/sitio\\\/en\\\/blog\\\/2017\\\/05\\\/02\\\/uartes-habilita-nuevos-espacios-academicos-en-edifico-el-correo\\\/\"},\"wordCount\":319,\"publisher\":{\"@id\":\"https:\\\/\\\/www.uartes.edu.ec\\\/sitio\\\/en\\\/#organization\"},\"image\":{\"@id\":\"https:\\\/\\\/www.uartes.edu.ec\\\/sitio\\\/en\\\/blog\\\/2017\\\/05\\\/02\\\/uartes-habilita-nuevos-espacios-academicos-en-edifico-el-correo\\\/#primaryimage\"},\"thumbnailUrl\":\"https:\\\/\\\/www.uartes.edu.ec\\\/sitio\\\/wp-content\\\/uploads\\\/2022\\\/05\\\/Fachadas-Tabara.jpg\",\"articleSection\":[\"Gesti\u00f3n\"],\"inLanguage\":\"en-US\"},{\"@type\":[\"WebPage\",\"ItemPage\"],\"@id\":\"https:\\\/\\\/www.uartes.edu.ec\\\/sitio\\\/en\\\/blog\\\/2017\\\/05\\\/02\\\/uartes-habilita-nuevos-espacios-academicos-en-edifico-el-correo\\\/\",\"url\":\"https:\\\/\\\/www.uartes.edu.ec\\\/sitio\\\/en\\\/blog\\\/2017\\\/05\\\/02\\\/uartes-habilita-nuevos-espacios-academicos-en-edifico-el-correo\\\/\",\"name\":\"Universidad de las Artes - Nuevos espacios acad\u00e9micos en El Correo\",\"isPartOf\":{\"@id\":\"https:\\\/\\\/www.uartes.edu.ec\\\/sitio\\\/en\\\/#website\"},\"primaryImageOfPage\":{\"@id\":\"https:\\\/\\\/www.uartes.edu.ec\\\/sitio\\\/en\\\/blog\\\/2017\\\/05\\\/02\\\/uartes-habilita-nuevos-espacios-academicos-en-edifico-el-correo\\\/#primaryimage\"},\"image\":{\"@id\":\"https:\\\/\\\/www.uartes.edu.ec\\\/sitio\\\/en\\\/blog\\\/2017\\\/05\\\/02\\\/uartes-habilita-nuevos-espacios-academicos-en-edifico-el-correo\\\/#primaryimage\"},\"thumbnailUrl\":\"https:\\\/\\\/www.uartes.edu.ec\\\/sitio\\\/wp-content\\\/uploads\\\/2022\\\/05\\\/Fachadas-Tabara.jpg\",\"datePublished\":\"2017-05-02T15:39:03+00:00\",\"dateModified\":\"2024-07-04T16:54:21+00:00\",\"description\":\"Universidad de las Artes - Nuevos espacios acad\u00e9micos en El Correo\",\"breadcrumb\":{\"@id\":\"https:\\\/\\\/www.uartes.edu.ec\\\/sitio\\\/en\\\/blog\\\/2017\\\/05\\\/02\\\/uartes-habilita-nuevos-espacios-academicos-en-edifico-el-correo\\\/#breadcrumb\"},\"inLanguage\":\"en-US\",\"potentialAction\":[{\"@type\":\"ReadAction\",\"target\":[\"https:\\\/\\\/www.uartes.edu.ec\\\/sitio\\\/en\\\/blog\\\/2017\\\/05\\\/02\\\/uartes-habilita-nuevos-espacios-academicos-en-edifico-el-correo\\\/\"]}]},{\"@type\":\"ImageObject\",\"inLanguage\":\"en-US\",\"@id\":\"https:\\\/\\\/www.uartes.edu.ec\\\/sitio\\\/en\\\/blog\\\/2017\\\/05\\\/02\\\/uartes-habilita-nuevos-espacios-academicos-en-edifico-el-correo\\\/#primaryimage\",\"url\":\"https:\\\/\\\/www.uartes.edu.ec\\\/sitio\\\/wp-content\\\/uploads\\\/2022\\\/05\\\/Fachadas-Tabara.jpg\",\"contentUrl\":\"https:\\\/\\\/www.uartes.edu.ec\\\/sitio\\\/wp-content\\\/uploads\\\/2022\\\/05\\\/Fachadas-Tabara.jpg\",\"width\":2000,\"height\":1333},{\"@type\":\"BreadcrumbList\",\"@id\":\"https:\\\/\\\/www.uartes.edu.ec\\\/sitio\\\/en\\\/blog\\\/2017\\\/05\\\/02\\\/uartes-habilita-nuevos-espacios-academicos-en-edifico-el-correo\\\/#breadcrumb\",\"itemListElement\":[{\"@type\":\"ListItem\",\"position\":1,\"name\":\"Inicio\",\"item\":\"https:\\\/\\\/www.uartes.edu.ec\\\/sitio\\\/\"},{\"@type\":\"ListItem\",\"position\":2,\"name\":\"Nuevos espacios acad\u00e9micos en El Correo\"}]},{\"@type\":\"WebSite\",\"@id\":\"https:\\\/\\\/www.uartes.edu.ec\\\/sitio\\\/en\\\/#website\",\"url\":\"https:\\\/\\\/www.uartes.edu.ec\\\/sitio\\\/en\\\/\",\"name\":\"Universidad de las Artes\",\"description\":\"Sitio oficial de la Universidad Nacional de las Artes del Ecuador\",\"publisher\":{\"@id\":\"https:\\\/\\\/www.uartes.edu.ec\\\/sitio\\\/en\\\/#organization\"},\"potentialAction\":[{\"@type\":\"SearchAction\",\"target\":{\"@type\":\"EntryPoint\",\"urlTemplate\":\"https:\\\/\\\/www.uartes.edu.ec\\\/sitio\\\/en\\\/?s={search_term_string}\"},\"query-input\":{\"@type\":\"PropertyValueSpecification\",\"valueRequired\":true,\"valueName\":\"search_term_string\"}}],\"inLanguage\":\"en-US\"},{\"@type\":\"Organization\",\"@id\":\"https:\\\/\\\/www.uartes.edu.ec\\\/sitio\\\/en\\\/#organization\",\"name\":\"Universidad de las Artes\",\"url\":\"https:\\\/\\\/www.uartes.edu.ec\\\/sitio\\\/en\\\/\",\"logo\":{\"@type\":\"ImageObject\",\"inLanguage\":\"en-US\",\"@id\":\"https:\\\/\\\/www.uartes.edu.ec\\\/sitio\\\/en\\\/#\\\/schema\\\/logo\\\/image\\\/\",\"url\":\"https:\\\/\\\/www.uartes.edu.ec\\\/sitio\\\/wp-content\\\/uploads\\\/2022\\\/07\\\/logo-ua-horizontal.png\",\"contentUrl\":\"https:\\\/\\\/www.uartes.edu.ec\\\/sitio\\\/wp-content\\\/uploads\\\/2022\\\/07\\\/logo-ua-horizontal.png\",\"width\":800,\"height\":276,\"caption\":\"Universidad de las Artes\"},\"image\":{\"@id\":\"https:\\\/\\\/www.uartes.edu.ec\\\/sitio\\\/en\\\/#\\\/schema\\\/logo\\\/image\\\/\"},\"sameAs\":[\"https:\\\/\\\/www.facebook.com\\\/uartesec\",\"https:\\\/\\\/x.com\\\/uartesec\",\"https:\\\/\\\/www.tiktok.com\\\/@uartesec\"]},{\"@type\":\"Person\",\"@id\":\"https:\\\/\\\/www.uartes.edu.ec\\\/sitio\\\/en\\\/#\\\/schema\\\/person\\\/f33f8c1d2af0d5c80a38c8abf458184a\",\"name\":\"Universidad de las Artes\",\"image\":{\"@type\":\"ImageObject\",\"inLanguage\":\"en-US\",\"@id\":\"https:\\\/\\\/secure.gravatar.com\\\/avatar\\\/52e4757902f5cfa5ac52d020e5be83cae5487519154b6c35482fe08d589f3c13?s=96&d=mm&r=g\",\"url\":\"https:\\\/\\\/secure.gravatar.com\\\/avatar\\\/52e4757902f5cfa5ac52d020e5be83cae5487519154b6c35482fe08d589f3c13?s=96&d=mm&r=g\",\"contentUrl\":\"https:\\\/\\\/secure.gravatar.com\\\/avatar\\\/52e4757902f5cfa5ac52d020e5be83cae5487519154b6c35482fe08d589f3c13?s=96&d=mm&r=g\",\"caption\":\"Universidad de las Artes\"},\"url\":\"https:\\\/\\\/www.uartes.edu.ec\\\/sitio\\\/en\\\/blog\\\/author\\\/dircomadm\\\/\"}]}<\/script>\n<!-- \/ Yoast SEO plugin. -->","yoast_head_json":{"title":"Universidad de las Artes - Nuevos espacios acad\u00e9micos en El Correo","description":"Universidad de las Artes - Nuevos espacios acad\u00e9micos en El Correo","robots":{"index":"index","follow":"follow","max-snippet":"max-snippet:-1","max-image-preview":"max-image-preview:large","max-video-preview":"max-video-preview:-1"},"canonical":"https:\/\/www.uartes.edu.ec\/sitio\/en\/blog\/2017\/05\/02\/uartes-habilita-nuevos-espacios-academicos-en-edifico-el-correo\/","og_locale":"en_US","og_type":"article","og_title":"Universidad de las Artes - Nuevos espacios acad\u00e9micos en El Correo","og_description":"Universidad de las Artes - Nuevos espacios acad\u00e9micos en El Correo","og_url":"https:\/\/www.uartes.edu.ec\/sitio\/en\/blog\/2017\/05\/02\/uartes-habilita-nuevos-espacios-academicos-en-edifico-el-correo\/","og_site_name":"Universidad de las Artes","article_publisher":"https:\/\/www.facebook.com\/uartesec","article_published_time":"2017-05-02T15:39:03+00:00","article_modified_time":"2024-07-04T16:54:21+00:00","og_image":[{"width":2000,"height":1333,"url":"https:\/\/www.uartes.edu.ec\/sitio\/wp-content\/uploads\/2022\/05\/Fachadas-Tabara.jpg","type":"image\/jpeg"}],"author":"Universidad de las Artes","twitter_card":"summary_large_image","twitter_creator":"@uartesec","twitter_site":"@uartesec","twitter_misc":{"Written by":"Universidad de las Artes","Est. reading time":"2 minutes"},"schema":{"@context":"https:\/\/schema.org","@graph":[{"@type":"Article","@id":"https:\/\/www.uartes.edu.ec\/sitio\/en\/blog\/2017\/05\/02\/uartes-habilita-nuevos-espacios-academicos-en-edifico-el-correo\/#article","isPartOf":{"@id":"https:\/\/www.uartes.edu.ec\/sitio\/en\/blog\/2017\/05\/02\/uartes-habilita-nuevos-espacios-academicos-en-edifico-el-correo\/"},"author":{"name":"Universidad de las Artes","@id":"https:\/\/www.uartes.edu.ec\/sitio\/en\/#\/schema\/person\/f33f8c1d2af0d5c80a38c8abf458184a"},"headline":"Nuevos espacios acad\u00e9micos en El Correo","datePublished":"2017-05-02T15:39:03+00:00","dateModified":"2024-07-04T16:54:21+00:00","mainEntityOfPage":{"@id":"https:\/\/www.uartes.edu.ec\/sitio\/en\/blog\/2017\/05\/02\/uartes-habilita-nuevos-espacios-academicos-en-edifico-el-correo\/"},"wordCount":319,"publisher":{"@id":"https:\/\/www.uartes.edu.ec\/sitio\/en\/#organization"},"image":{"@id":"https:\/\/www.uartes.edu.ec\/sitio\/en\/blog\/2017\/05\/02\/uartes-habilita-nuevos-espacios-academicos-en-edifico-el-correo\/#primaryimage"},"thumbnailUrl":"https:\/\/www.uartes.edu.ec\/sitio\/wp-content\/uploads\/2022\/05\/Fachadas-Tabara.jpg","articleSection":["Gesti\u00f3n"],"inLanguage":"en-US"},{"@type":["WebPage","ItemPage"],"@id":"https:\/\/www.uartes.edu.ec\/sitio\/en\/blog\/2017\/05\/02\/uartes-habilita-nuevos-espacios-academicos-en-edifico-el-correo\/","url":"https:\/\/www.uartes.edu.ec\/sitio\/en\/blog\/2017\/05\/02\/uartes-habilita-nuevos-espacios-academicos-en-edifico-el-correo\/","name":"Universidad de las Artes - Nuevos espacios acad\u00e9micos en El Correo","isPartOf":{"@id":"https:\/\/www.uartes.edu.ec\/sitio\/en\/#website"},"primaryImageOfPage":{"@id":"https:\/\/www.uartes.edu.ec\/sitio\/en\/blog\/2017\/05\/02\/uartes-habilita-nuevos-espacios-academicos-en-edifico-el-correo\/#primaryimage"},"image":{"@id":"https:\/\/www.uartes.edu.ec\/sitio\/en\/blog\/2017\/05\/02\/uartes-habilita-nuevos-espacios-academicos-en-edifico-el-correo\/#primaryimage"},"thumbnailUrl":"https:\/\/www.uartes.edu.ec\/sitio\/wp-content\/uploads\/2022\/05\/Fachadas-Tabara.jpg","datePublished":"2017-05-02T15:39:03+00:00","dateModified":"2024-07-04T16:54:21+00:00","description":"Universidad de las Artes - Nuevos espacios acad\u00e9micos en El Correo","breadcrumb":{"@id":"https:\/\/www.uartes.edu.ec\/sitio\/en\/blog\/2017\/05\/02\/uartes-habilita-nuevos-espacios-academicos-en-edifico-el-correo\/#breadcrumb"},"inLanguage":"en-US","potentialAction":[{"@type":"ReadAction","target":["https:\/\/www.uartes.edu.ec\/sitio\/en\/blog\/2017\/05\/02\/uartes-habilita-nuevos-espacios-academicos-en-edifico-el-correo\/"]}]},{"@type":"ImageObject","inLanguage":"en-US","@id":"https:\/\/www.uartes.edu.ec\/sitio\/en\/blog\/2017\/05\/02\/uartes-habilita-nuevos-espacios-academicos-en-edifico-el-correo\/#primaryimage","url":"https:\/\/www.uartes.edu.ec\/sitio\/wp-content\/uploads\/2022\/05\/Fachadas-Tabara.jpg","contentUrl":"https:\/\/www.uartes.edu.ec\/sitio\/wp-content\/uploads\/2022\/05\/Fachadas-Tabara.jpg","width":2000,"height":1333},{"@type":"BreadcrumbList","@id":"https:\/\/www.uartes.edu.ec\/sitio\/en\/blog\/2017\/05\/02\/uartes-habilita-nuevos-espacios-academicos-en-edifico-el-correo\/#breadcrumb","itemListElement":[{"@type":"ListItem","position":1,"name":"Inicio","item":"https:\/\/www.uartes.edu.ec\/sitio\/"},{"@type":"ListItem","position":2,"name":"Nuevos espacios acad\u00e9micos en El Correo"}]},{"@type":"WebSite","@id":"https:\/\/www.uartes.edu.ec\/sitio\/en\/#website","url":"https:\/\/www.uartes.edu.ec\/sitio\/en\/","name":"Universidad de las Artes","description":"Sitio oficial de la Universidad Nacional de las Artes del Ecuador","publisher":{"@id":"https:\/\/www.uartes.edu.ec\/sitio\/en\/#organization"},"potentialAction":[{"@type":"SearchAction","target":{"@type":"EntryPoint","urlTemplate":"https:\/\/www.uartes.edu.ec\/sitio\/en\/?s={search_term_string}"},"query-input":{"@type":"PropertyValueSpecification","valueRequired":true,"valueName":"search_term_string"}}],"inLanguage":"en-US"},{"@type":"Organization","@id":"https:\/\/www.uartes.edu.ec\/sitio\/en\/#organization","name":"Universidad de las Artes","url":"https:\/\/www.uartes.edu.ec\/sitio\/en\/","logo":{"@type":"ImageObject","inLanguage":"en-US","@id":"https:\/\/www.uartes.edu.ec\/sitio\/en\/#\/schema\/logo\/image\/","url":"https:\/\/www.uartes.edu.ec\/sitio\/wp-content\/uploads\/2022\/07\/logo-ua-horizontal.png","contentUrl":"https:\/\/www.uartes.edu.ec\/sitio\/wp-content\/uploads\/2022\/07\/logo-ua-horizontal.png","width":800,"height":276,"caption":"Universidad de las Artes"},"image":{"@id":"https:\/\/www.uartes.edu.ec\/sitio\/en\/#\/schema\/logo\/image\/"},"sameAs":["https:\/\/www.facebook.com\/uartesec","https:\/\/x.com\/uartesec","https:\/\/www.tiktok.com\/@uartesec"]},{"@type":"Person","@id":"https:\/\/www.uartes.edu.ec\/sitio\/en\/#\/schema\/person\/f33f8c1d2af0d5c80a38c8abf458184a","name":"Universidad de las Artes","image":{"@type":"ImageObject","inLanguage":"en-US","@id":"https:\/\/secure.gravatar.com\/avatar\/52e4757902f5cfa5ac52d020e5be83cae5487519154b6c35482fe08d589f3c13?s=96&d=mm&r=g","url":"https:\/\/secure.gravatar.com\/avatar\/52e4757902f5cfa5ac52d020e5be83cae5487519154b6c35482fe08d589f3c13?s=96&d=mm&r=g","contentUrl":"https:\/\/secure.gravatar.com\/avatar\/52e4757902f5cfa5ac52d020e5be83cae5487519154b6c35482fe08d589f3c13?s=96&d=mm&r=g","caption":"Universidad de las Artes"},"url":"https:\/\/www.uartes.edu.ec\/sitio\/en\/blog\/author\/dircomadm\/"}]}},"uagb_featured_image_src":{"full":["https:\/\/www.uartes.edu.ec\/sitio\/wp-content\/uploads\/2022\/05\/Fachadas-Tabara.jpg",2000,1333,false],"thumbnail":["https:\/\/www.uartes.edu.ec\/sitio\/wp-content\/uploads\/2022\/05\/Fachadas-Tabara-150x150.jpg",150,150,true],"medium":["https:\/\/www.uartes.edu.ec\/sitio\/wp-content\/uploads\/2022\/05\/Fachadas-Tabara-300x300.jpg",300,300,true],"medium_large":["https:\/\/www.uartes.edu.ec\/sitio\/wp-content\/uploads\/2022\/05\/Fachadas-Tabara-768x511.jpg",768,511,true],"large":["https:\/\/www.uartes.edu.ec\/sitio\/wp-content\/uploads\/2022\/05\/Fachadas-Tabara-644x429.jpg",644,429,true],"1536x1536":["https:\/\/www.uartes.edu.ec\/sitio\/wp-content\/uploads\/2022\/05\/Fachadas-Tabara-1536x1536.jpg",1536,1536,true],"2048x2048":["https:\/\/www.uartes.edu.ec\/sitio\/wp-content\/uploads\/2022\/05\/Fachadas-Tabara-2000x1333.jpg",2000,1333,true],"trp-custom-language-flag":["https:\/\/www.uartes.edu.ec\/sitio\/wp-content\/uploads\/2022\/05\/Fachadas-Tabara.jpg",18,12,false],"htmega_size_585x295":["https:\/\/www.uartes.edu.ec\/sitio\/wp-content\/uploads\/2022\/05\/Fachadas-Tabara.jpg",443,295,false],"htmega_size_1170x536":["https:\/\/www.uartes.edu.ec\/sitio\/wp-content\/uploads\/2022\/05\/Fachadas-Tabara.jpg",804,536,false],"htmega_size_396x360":["https:\/\/www.uartes.edu.ec\/sitio\/wp-content\/uploads\/2022\/05\/Fachadas-Tabara.jpg",396,264,false],"gb-block-post-grid-landscape":["https:\/\/www.uartes.edu.ec\/sitio\/wp-content\/uploads\/2022\/05\/Fachadas-Tabara-600x400.jpg",600,400,true],"gb-block-post-grid-square":["https:\/\/www.uartes.edu.ec\/sitio\/wp-content\/uploads\/2022\/05\/Fachadas-Tabara-600x600.jpg",600,600,true],"university-hub-thumb":["https:\/\/www.uartes.edu.ec\/sitio\/wp-content\/uploads\/2022\/05\/Fachadas-Tabara-400x300.jpg",400,300,true]},"uagb_author_info":{"display_name":"Universidad de las Artes","author_link":"https:\/\/www.uartes.edu.ec\/sitio\/en\/blog\/author\/dircomadm\/"},"uagb_comment_info":0,"uagb_excerpt":"La Universidad de las Artes del Ecuador (UArtes) realiz\u00f3 la adecuaci\u00f3n de espacios en el primer piso del edificio El Correo para uso de la UArtes, ubicado en Aguirre y Chile, en el que implement\u00f3 una oficina para docentes, talleres de pintura y aulas te\u00f3ricas para estudiantes de la Escuela de Artes Visuales de la&hellip;","featured_image_src":"https:\/\/www.uartes.edu.ec\/sitio\/wp-content\/uploads\/2022\/05\/Fachadas-Tabara-600x400.jpg","featured_image_src_square":"https:\/\/www.uartes.edu.ec\/sitio\/wp-content\/uploads\/2022\/05\/Fachadas-Tabara-600x600.jpg","author_info":{"display_name":"Universidad de las Artes","author_link":"https:\/\/www.uartes.edu.ec\/sitio\/en\/blog\/author\/dircomadm\/"},"publishpress_future_workflow_manual_trigger":{"enabledWorkflows":[]},"distributor_meta":false,"distributor_terms":false,"distributor_media":false,"distributor_original_site_name":"Universidad de las Artes","distributor_original_site_url":"https:\/\/www.uartes.edu.ec\/sitio\/en","push-errors":false,"_links":{"self":[{"href":"https:\/\/www.uartes.edu.ec\/sitio\/en\/wp-json\/wp\/v2\/posts\/113","targetHints":{"allow":["GET"]}}],"collection":[{"href":"https:\/\/www.uartes.edu.ec\/sitio\/en\/wp-json\/wp\/v2\/posts"}],"about":[{"href":"https:\/\/www.uartes.edu.ec\/sitio\/en\/wp-json\/wp\/v2\/types\/post"}],"author":[{"embeddable":true,"href":"https:\/\/www.uartes.edu.ec\/sitio\/en\/wp-json\/wp\/v2\/users\/1"}],"replies":[{"embeddable":true,"href":"https:\/\/www.uartes.edu.ec\/sitio\/en\/wp-json\/wp\/v2\/comments?post=113"}],"version-history":[{"count":4,"href":"https:\/\/www.uartes.edu.ec\/sitio\/en\/wp-json\/wp\/v2\/posts\/113\/revisions"}],"predecessor-version":[{"id":58067,"href":"https:\/\/www.uartes.edu.ec\/sitio\/en\/wp-json\/wp\/v2\/posts\/113\/revisions\/58067"}],"wp:featuredmedia":[{"embeddable":true,"href":"https:\/\/www.uartes.edu.ec\/sitio\/en\/wp-json\/wp\/v2\/media\/21222"}],"wp:attachment":[{"href":"https:\/\/www.uartes.edu.ec\/sitio\/en\/wp-json\/wp\/v2\/media?parent=113"}],"wp:term":[{"taxonomy":"category","embeddable":true,"href":"https:\/\/www.uartes.edu.ec\/sitio\/en\/wp-json\/wp\/v2\/categories?post=113"},{"taxonomy":"post_tag","embeddable":true,"href":"https:\/\/www.uartes.edu.ec\/sitio\/en\/wp-json\/wp\/v2\/tags?post=113"},{"taxonomy":"infouartes","embeddable":true,"href":"https:\/\/www.uartes.edu.ec\/sitio\/en\/wp-json\/wp\/v2\/infouartes?post=113"}],"curies":[{"name":"wp","href":"https:\/\/api.w.org\/{rel}","templated":true}]}}