{"id":11566,"date":"2020-12-08T15:33:14","date_gmt":"2020-12-08T20:33:14","guid":{"rendered":"http:\/\/www.uartes.edu.ec\/sitio\/?p=11566"},"modified":"2024-07-04T11:33:17","modified_gmt":"2024-07-04T16:33:17","slug":"mirada-artistica-de-ailyn-wong-en-un-mural-del-ecoparque","status":"publish","type":"post","link":"https:\/\/www.uartes.edu.ec\/sitio\/en\/blog\/2020\/12\/08\/mirada-artistica-de-ailyn-wong-en-un-mural-del-ecoparque\/","title":{"rendered":"Mirada art\u00edstica de Ailyn Wong en un mural del Ecoparque"},"content":{"rendered":"<p>La pandemia por COVID-19 que llev\u00f3 al pa\u00eds a la emergencia sanitaria, al confinamiento y posterior distanciamiento social, no limit\u00f3 a los estudiantes de la Universidad de las Artes para continuar con sus proyectos art\u00edsticos. A comienzos del pasado mes de octubre, en la urbanizaci\u00f3n ecol\u00f3gica El Lago de Capeira, se realiz\u00f3 un mural con la flora y la fauna nativas del bosque seco. El proyecto lo gestionaron Mariuxi \u00c1vila, de la Secretar\u00eda de Vinculaci\u00f3n con la Sociedad de la UArtes, y la estudiante Ailyn Wong, de la Escuela de Artes visuales, quien pint\u00f3 el mural para dar paso a un nueva propuesta de la urbanizaci\u00f3n.<\/p>\n\n\n\n<p>El Proyecto Ecoparque tiene como objetivo habilitar sus \u00e1reas verdes para promocionar los nuevos emprendimientos que surgieron durante la pandemia dentro de la urbanizaci\u00f3n, y tambi\u00e9n, con la finalidad de que los habitantes de la ciudadela cuenten con espacios abiertos para realizar deportes y otras actividades recreativas.<\/p>\n\n\n\n<p>La idea de pintar las paredes principales del Ecoparque surge con la intenci\u00f3n de resaltar la variedad de especies de plantas y animales originarias del lugar. Muchas veces no es posible visualizar o tener un acercamiento directo con los animales, por ello, este mural llama la atenci\u00f3n de las personas, permitiendo reconocer a las especies originales mediante im\u00e1genes muy parecidas. Ailyn Wong, a trav\u00e9s de su mirada art\u00edstica, supo apreciar los detalles de la fauna y la flora pertenecientes a la urbanizaci\u00f3n, para luego proyectarlas a gran escala en las paredes.<\/p>\n\n\n\n<p>La estudiante de Artes Visuales aplic\u00f3 sus conocimientos sobre pintura, utilizando materiales espec\u00edficos para trabajar en paredes. Su inspiraci\u00f3n para ilustrar surgi\u00f3 desde la ni\u00f1ez, espec\u00edficamente al ver&nbsp;Melody Time,&nbsp;una pel\u00edcula musical h\u00edbrida estadounidense de 1948 producida por Walt Disney. El mural pintado en el Ecoparque tiene rasgos de las ilustraciones de&nbsp;Melody Time,&nbsp;a lo que Ailyn a\u00f1adi\u00f3 su t\u00e9cnica personal de sugerir el movimiento en las im\u00e1genes. El trabajo le tom\u00f3 alrededor de tres semanas en horario intensivo y fue remunerado por los dirigentes de la urbanizaci\u00f3n.<\/p>\n\n\n\n<p>El mural es una obra que deja huellas aut\u00e9nticas de su autor, as\u00ed, algunos espacios de la ciudad de Guayaquil gozan de haber sido pintados por Ailyn Wong, quien ha realizado trabajos relacionados con el mural del Ecoparque. Hace alg\u00fan tiempo hizo un mural en la cafeter\u00eda cultural Paradero, ubicada en Urdesa, donde pint\u00f3 unas caras representativas de sus ilustraciones, este mural tambi\u00e9n visibiliza la naturaleza con flores, cascadas y otros elementos afines. En el 2018 realiz\u00f3 un mural en el bosque Palo Santo, en el cual plasm\u00f3 im\u00e1genes que incluyen una diversidad de hojas que representan el bosque seco de Guayaquil.<\/p>\n\n\n\n<p>Texto: Fiorella Prado, estudiante del octavo semestre de la Escuela de Literatura de la UArtes.<\/p>\n\n\n\n<p>Im\u00e1genes, cortes\u00eda de V\u00ednculos con la Sociedad: Mural con flora y fauna nativa del bosque seco del Proyecto Ecoparque, en la urbanizaci\u00f3n ecol\u00f3gica El Lago de Capeira; esto fue el resultado de una convocatoria para pasant\u00edas de estudiantes de la Escuela de Artes Visuales, del cual result\u00f3 ganadora Ailyn Wong.<\/p>","protected":false},"excerpt":{"rendered":"<p>El proyecto lo gestionaron Mariuxi \u00c1vila, de la Secretar\u00eda de Vinculaci\u00f3n con la Sociedad de la UArtes, y la estudiante Ailyn Wong, de la Escuela de Artes visuales, quien pint\u00f3 el mural para dar paso a un nueva propuesta de la urbanizaci\u00f3n.<\/p>","protected":false},"author":1,"featured_media":11561,"comment_status":"closed","ping_status":"closed","sticky":false,"template":"","format":"standard","meta":{"_acf_changed":false,"_uag_custom_page_level_css":"","_monsterinsights_skip_tracking":false,"_monsterinsights_sitenote_active":false,"_monsterinsights_sitenote_note":"","_monsterinsights_sitenote_category":0,"cybocfi_hide_featured_image":"","footnotes":""},"categories":[82,157,79],"tags":[211],"infouartes":[],"class_list":["post-11566","post","type-post","status-publish","format-standard","has-post-thumbnail","hentry","category-artes","category-artes-visuales","category-vinculo","tag-covid19"],"acf":[],"yoast_head":"<!-- This site is optimized with the Yoast SEO plugin v27.4 - https:\/\/yoast.com\/product\/yoast-seo-wordpress\/ -->\n<title>Universidad de las Artes - Mirada art\u00edstica de Ailyn Wong en un mural del Ecoparque<\/title>\n<meta name=\"description\" content=\"Universidad de las Artes - Mirada art\u00edstica de Ailyn Wong en un mural del Ecoparque\" \/>\n<meta name=\"robots\" content=\"index, follow, max-snippet:-1, max-image-preview:large, max-video-preview:-1\" \/>\n<link rel=\"canonical\" href=\"https:\/\/www.uartes.edu.ec\/sitio\/en\/blog\/2020\/12\/08\/mirada-artistica-de-ailyn-wong-en-un-mural-del-ecoparque\/\" \/>\n<meta property=\"og:locale\" content=\"en_US\" \/>\n<meta property=\"og:type\" content=\"article\" \/>\n<meta property=\"og:title\" content=\"Universidad de las Artes - Mirada art\u00edstica de Ailyn Wong en un mural del Ecoparque\" \/>\n<meta property=\"og:description\" content=\"Universidad de las Artes - Mirada art\u00edstica de Ailyn Wong en un mural del Ecoparque\" \/>\n<meta property=\"og:url\" content=\"https:\/\/www.uartes.edu.ec\/sitio\/en\/blog\/2020\/12\/08\/mirada-artistica-de-ailyn-wong-en-un-mural-del-ecoparque\/\" \/>\n<meta property=\"og:site_name\" content=\"Universidad de las Artes\" \/>\n<meta property=\"article:publisher\" content=\"https:\/\/www.facebook.com\/uartesec\" \/>\n<meta property=\"article:published_time\" content=\"2020-12-08T20:33:14+00:00\" \/>\n<meta property=\"article:modified_time\" content=\"2024-07-04T16:33:17+00:00\" \/>\n<meta property=\"og:image\" content=\"https:\/\/www.uartes.edu.ec\/sitio\/wp-content\/uploads\/2020\/12\/03-FLORA.jpg\" \/>\n\t<meta property=\"og:image:width\" content=\"2000\" \/>\n\t<meta property=\"og:image:height\" content=\"1333\" \/>\n\t<meta property=\"og:image:type\" content=\"image\/jpeg\" \/>\n<meta name=\"author\" content=\"Universidad de las Artes\" \/>\n<meta name=\"twitter:card\" content=\"summary_large_image\" \/>\n<meta name=\"twitter:creator\" content=\"@uartesec\" \/>\n<meta name=\"twitter:site\" content=\"@uartesec\" \/>\n<meta name=\"twitter:label1\" content=\"Written by\" \/>\n\t<meta name=\"twitter:data1\" content=\"Universidad de las Artes\" \/>\n\t<meta name=\"twitter:label2\" content=\"Est. reading time\" \/>\n\t<meta name=\"twitter:data2\" content=\"3 minutes\" \/>\n<script type=\"application\/ld+json\" class=\"yoast-schema-graph\">{\"@context\":\"https:\\\/\\\/schema.org\",\"@graph\":[{\"@type\":\"Article\",\"@id\":\"https:\\\/\\\/www.uartes.edu.ec\\\/sitio\\\/en\\\/blog\\\/2020\\\/12\\\/08\\\/mirada-artistica-de-ailyn-wong-en-un-mural-del-ecoparque\\\/#article\",\"isPartOf\":{\"@id\":\"https:\\\/\\\/www.uartes.edu.ec\\\/sitio\\\/en\\\/blog\\\/2020\\\/12\\\/08\\\/mirada-artistica-de-ailyn-wong-en-un-mural-del-ecoparque\\\/\"},\"author\":{\"name\":\"Universidad de las Artes\",\"@id\":\"https:\\\/\\\/www.uartes.edu.ec\\\/sitio\\\/en\\\/#\\\/schema\\\/person\\\/f33f8c1d2af0d5c80a38c8abf458184a\"},\"headline\":\"Mirada art\u00edstica de Ailyn Wong en un mural del Ecoparque\",\"datePublished\":\"2020-12-08T20:33:14+00:00\",\"dateModified\":\"2024-07-04T16:33:17+00:00\",\"mainEntityOfPage\":{\"@id\":\"https:\\\/\\\/www.uartes.edu.ec\\\/sitio\\\/en\\\/blog\\\/2020\\\/12\\\/08\\\/mirada-artistica-de-ailyn-wong-en-un-mural-del-ecoparque\\\/\"},\"wordCount\":550,\"publisher\":{\"@id\":\"https:\\\/\\\/www.uartes.edu.ec\\\/sitio\\\/en\\\/#organization\"},\"image\":{\"@id\":\"https:\\\/\\\/www.uartes.edu.ec\\\/sitio\\\/en\\\/blog\\\/2020\\\/12\\\/08\\\/mirada-artistica-de-ailyn-wong-en-un-mural-del-ecoparque\\\/#primaryimage\"},\"thumbnailUrl\":\"https:\\\/\\\/www.uartes.edu.ec\\\/sitio\\\/wp-content\\\/uploads\\\/2020\\\/12\\\/03-FLORA.jpg\",\"keywords\":[\"covid19\"],\"articleSection\":[\"Artes\",\"Artes Visuales\",\"V\u00ednculo\"],\"inLanguage\":\"en-US\"},{\"@type\":[\"WebPage\",\"ItemPage\"],\"@id\":\"https:\\\/\\\/www.uartes.edu.ec\\\/sitio\\\/en\\\/blog\\\/2020\\\/12\\\/08\\\/mirada-artistica-de-ailyn-wong-en-un-mural-del-ecoparque\\\/\",\"url\":\"https:\\\/\\\/www.uartes.edu.ec\\\/sitio\\\/en\\\/blog\\\/2020\\\/12\\\/08\\\/mirada-artistica-de-ailyn-wong-en-un-mural-del-ecoparque\\\/\",\"name\":\"Universidad de las Artes - Mirada art\u00edstica de Ailyn Wong en un mural del Ecoparque\",\"isPartOf\":{\"@id\":\"https:\\\/\\\/www.uartes.edu.ec\\\/sitio\\\/en\\\/#website\"},\"primaryImageOfPage\":{\"@id\":\"https:\\\/\\\/www.uartes.edu.ec\\\/sitio\\\/en\\\/blog\\\/2020\\\/12\\\/08\\\/mirada-artistica-de-ailyn-wong-en-un-mural-del-ecoparque\\\/#primaryimage\"},\"image\":{\"@id\":\"https:\\\/\\\/www.uartes.edu.ec\\\/sitio\\\/en\\\/blog\\\/2020\\\/12\\\/08\\\/mirada-artistica-de-ailyn-wong-en-un-mural-del-ecoparque\\\/#primaryimage\"},\"thumbnailUrl\":\"https:\\\/\\\/www.uartes.edu.ec\\\/sitio\\\/wp-content\\\/uploads\\\/2020\\\/12\\\/03-FLORA.jpg\",\"datePublished\":\"2020-12-08T20:33:14+00:00\",\"dateModified\":\"2024-07-04T16:33:17+00:00\",\"description\":\"Universidad de las Artes - Mirada art\u00edstica de Ailyn Wong en un mural del Ecoparque\",\"breadcrumb\":{\"@id\":\"https:\\\/\\\/www.uartes.edu.ec\\\/sitio\\\/en\\\/blog\\\/2020\\\/12\\\/08\\\/mirada-artistica-de-ailyn-wong-en-un-mural-del-ecoparque\\\/#breadcrumb\"},\"inLanguage\":\"en-US\",\"potentialAction\":[{\"@type\":\"ReadAction\",\"target\":[\"https:\\\/\\\/www.uartes.edu.ec\\\/sitio\\\/en\\\/blog\\\/2020\\\/12\\\/08\\\/mirada-artistica-de-ailyn-wong-en-un-mural-del-ecoparque\\\/\"]}]},{\"@type\":\"ImageObject\",\"inLanguage\":\"en-US\",\"@id\":\"https:\\\/\\\/www.uartes.edu.ec\\\/sitio\\\/en\\\/blog\\\/2020\\\/12\\\/08\\\/mirada-artistica-de-ailyn-wong-en-un-mural-del-ecoparque\\\/#primaryimage\",\"url\":\"https:\\\/\\\/www.uartes.edu.ec\\\/sitio\\\/wp-content\\\/uploads\\\/2020\\\/12\\\/03-FLORA.jpg\",\"contentUrl\":\"https:\\\/\\\/www.uartes.edu.ec\\\/sitio\\\/wp-content\\\/uploads\\\/2020\\\/12\\\/03-FLORA.jpg\",\"width\":2000,\"height\":1333},{\"@type\":\"BreadcrumbList\",\"@id\":\"https:\\\/\\\/www.uartes.edu.ec\\\/sitio\\\/en\\\/blog\\\/2020\\\/12\\\/08\\\/mirada-artistica-de-ailyn-wong-en-un-mural-del-ecoparque\\\/#breadcrumb\",\"itemListElement\":[{\"@type\":\"ListItem\",\"position\":1,\"name\":\"Inicio\",\"item\":\"https:\\\/\\\/www.uartes.edu.ec\\\/sitio\\\/\"},{\"@type\":\"ListItem\",\"position\":2,\"name\":\"Mirada art\u00edstica de Ailyn Wong en un mural del Ecoparque\"}]},{\"@type\":\"WebSite\",\"@id\":\"https:\\\/\\\/www.uartes.edu.ec\\\/sitio\\\/en\\\/#website\",\"url\":\"https:\\\/\\\/www.uartes.edu.ec\\\/sitio\\\/en\\\/\",\"name\":\"Universidad de las Artes\",\"description\":\"Sitio oficial de la Universidad Nacional de las Artes del Ecuador\",\"publisher\":{\"@id\":\"https:\\\/\\\/www.uartes.edu.ec\\\/sitio\\\/en\\\/#organization\"},\"potentialAction\":[{\"@type\":\"SearchAction\",\"target\":{\"@type\":\"EntryPoint\",\"urlTemplate\":\"https:\\\/\\\/www.uartes.edu.ec\\\/sitio\\\/en\\\/?s={search_term_string}\"},\"query-input\":{\"@type\":\"PropertyValueSpecification\",\"valueRequired\":true,\"valueName\":\"search_term_string\"}}],\"inLanguage\":\"en-US\"},{\"@type\":\"Organization\",\"@id\":\"https:\\\/\\\/www.uartes.edu.ec\\\/sitio\\\/en\\\/#organization\",\"name\":\"Universidad de las Artes\",\"url\":\"https:\\\/\\\/www.uartes.edu.ec\\\/sitio\\\/en\\\/\",\"logo\":{\"@type\":\"ImageObject\",\"inLanguage\":\"en-US\",\"@id\":\"https:\\\/\\\/www.uartes.edu.ec\\\/sitio\\\/en\\\/#\\\/schema\\\/logo\\\/image\\\/\",\"url\":\"https:\\\/\\\/www.uartes.edu.ec\\\/sitio\\\/wp-content\\\/uploads\\\/2022\\\/07\\\/logo-ua-horizontal.png\",\"contentUrl\":\"https:\\\/\\\/www.uartes.edu.ec\\\/sitio\\\/wp-content\\\/uploads\\\/2022\\\/07\\\/logo-ua-horizontal.png\",\"width\":800,\"height\":276,\"caption\":\"Universidad de las Artes\"},\"image\":{\"@id\":\"https:\\\/\\\/www.uartes.edu.ec\\\/sitio\\\/en\\\/#\\\/schema\\\/logo\\\/image\\\/\"},\"sameAs\":[\"https:\\\/\\\/www.facebook.com\\\/uartesec\",\"https:\\\/\\\/x.com\\\/uartesec\",\"https:\\\/\\\/www.tiktok.com\\\/@uartesec\"]},{\"@type\":\"Person\",\"@id\":\"https:\\\/\\\/www.uartes.edu.ec\\\/sitio\\\/en\\\/#\\\/schema\\\/person\\\/f33f8c1d2af0d5c80a38c8abf458184a\",\"name\":\"Universidad de las Artes\",\"image\":{\"@type\":\"ImageObject\",\"inLanguage\":\"en-US\",\"@id\":\"https:\\\/\\\/secure.gravatar.com\\\/avatar\\\/52e4757902f5cfa5ac52d020e5be83cae5487519154b6c35482fe08d589f3c13?s=96&d=mm&r=g\",\"url\":\"https:\\\/\\\/secure.gravatar.com\\\/avatar\\\/52e4757902f5cfa5ac52d020e5be83cae5487519154b6c35482fe08d589f3c13?s=96&d=mm&r=g\",\"contentUrl\":\"https:\\\/\\\/secure.gravatar.com\\\/avatar\\\/52e4757902f5cfa5ac52d020e5be83cae5487519154b6c35482fe08d589f3c13?s=96&d=mm&r=g\",\"caption\":\"Universidad de las Artes\"},\"url\":\"https:\\\/\\\/www.uartes.edu.ec\\\/sitio\\\/en\\\/blog\\\/author\\\/dircomadm\\\/\"}]}<\/script>\n<!-- \/ Yoast SEO plugin. -->","yoast_head_json":{"title":"Universidad de las Artes - Mirada art\u00edstica de Ailyn Wong en un mural del Ecoparque","description":"Universidad de las Artes - Mirada art\u00edstica de Ailyn Wong en un mural del Ecoparque","robots":{"index":"index","follow":"follow","max-snippet":"max-snippet:-1","max-image-preview":"max-image-preview:large","max-video-preview":"max-video-preview:-1"},"canonical":"https:\/\/www.uartes.edu.ec\/sitio\/en\/blog\/2020\/12\/08\/mirada-artistica-de-ailyn-wong-en-un-mural-del-ecoparque\/","og_locale":"en_US","og_type":"article","og_title":"Universidad de las Artes - Mirada art\u00edstica de Ailyn Wong en un mural del Ecoparque","og_description":"Universidad de las Artes - Mirada art\u00edstica de Ailyn Wong en un mural del Ecoparque","og_url":"https:\/\/www.uartes.edu.ec\/sitio\/en\/blog\/2020\/12\/08\/mirada-artistica-de-ailyn-wong-en-un-mural-del-ecoparque\/","og_site_name":"Universidad de las Artes","article_publisher":"https:\/\/www.facebook.com\/uartesec","article_published_time":"2020-12-08T20:33:14+00:00","article_modified_time":"2024-07-04T16:33:17+00:00","og_image":[{"width":2000,"height":1333,"url":"https:\/\/www.uartes.edu.ec\/sitio\/wp-content\/uploads\/2020\/12\/03-FLORA.jpg","type":"image\/jpeg"}],"author":"Universidad de las Artes","twitter_card":"summary_large_image","twitter_creator":"@uartesec","twitter_site":"@uartesec","twitter_misc":{"Written by":"Universidad de las Artes","Est. reading time":"3 minutes"},"schema":{"@context":"https:\/\/schema.org","@graph":[{"@type":"Article","@id":"https:\/\/www.uartes.edu.ec\/sitio\/en\/blog\/2020\/12\/08\/mirada-artistica-de-ailyn-wong-en-un-mural-del-ecoparque\/#article","isPartOf":{"@id":"https:\/\/www.uartes.edu.ec\/sitio\/en\/blog\/2020\/12\/08\/mirada-artistica-de-ailyn-wong-en-un-mural-del-ecoparque\/"},"author":{"name":"Universidad de las Artes","@id":"https:\/\/www.uartes.edu.ec\/sitio\/en\/#\/schema\/person\/f33f8c1d2af0d5c80a38c8abf458184a"},"headline":"Mirada art\u00edstica de Ailyn Wong en un mural del Ecoparque","datePublished":"2020-12-08T20:33:14+00:00","dateModified":"2024-07-04T16:33:17+00:00","mainEntityOfPage":{"@id":"https:\/\/www.uartes.edu.ec\/sitio\/en\/blog\/2020\/12\/08\/mirada-artistica-de-ailyn-wong-en-un-mural-del-ecoparque\/"},"wordCount":550,"publisher":{"@id":"https:\/\/www.uartes.edu.ec\/sitio\/en\/#organization"},"image":{"@id":"https:\/\/www.uartes.edu.ec\/sitio\/en\/blog\/2020\/12\/08\/mirada-artistica-de-ailyn-wong-en-un-mural-del-ecoparque\/#primaryimage"},"thumbnailUrl":"https:\/\/www.uartes.edu.ec\/sitio\/wp-content\/uploads\/2020\/12\/03-FLORA.jpg","keywords":["covid19"],"articleSection":["Artes","Artes Visuales","V\u00ednculo"],"inLanguage":"en-US"},{"@type":["WebPage","ItemPage"],"@id":"https:\/\/www.uartes.edu.ec\/sitio\/en\/blog\/2020\/12\/08\/mirada-artistica-de-ailyn-wong-en-un-mural-del-ecoparque\/","url":"https:\/\/www.uartes.edu.ec\/sitio\/en\/blog\/2020\/12\/08\/mirada-artistica-de-ailyn-wong-en-un-mural-del-ecoparque\/","name":"Universidad de las Artes - Mirada art\u00edstica de Ailyn Wong en un mural del Ecoparque","isPartOf":{"@id":"https:\/\/www.uartes.edu.ec\/sitio\/en\/#website"},"primaryImageOfPage":{"@id":"https:\/\/www.uartes.edu.ec\/sitio\/en\/blog\/2020\/12\/08\/mirada-artistica-de-ailyn-wong-en-un-mural-del-ecoparque\/#primaryimage"},"image":{"@id":"https:\/\/www.uartes.edu.ec\/sitio\/en\/blog\/2020\/12\/08\/mirada-artistica-de-ailyn-wong-en-un-mural-del-ecoparque\/#primaryimage"},"thumbnailUrl":"https:\/\/www.uartes.edu.ec\/sitio\/wp-content\/uploads\/2020\/12\/03-FLORA.jpg","datePublished":"2020-12-08T20:33:14+00:00","dateModified":"2024-07-04T16:33:17+00:00","description":"Universidad de las Artes - Mirada art\u00edstica de Ailyn Wong en un mural del Ecoparque","breadcrumb":{"@id":"https:\/\/www.uartes.edu.ec\/sitio\/en\/blog\/2020\/12\/08\/mirada-artistica-de-ailyn-wong-en-un-mural-del-ecoparque\/#breadcrumb"},"inLanguage":"en-US","potentialAction":[{"@type":"ReadAction","target":["https:\/\/www.uartes.edu.ec\/sitio\/en\/blog\/2020\/12\/08\/mirada-artistica-de-ailyn-wong-en-un-mural-del-ecoparque\/"]}]},{"@type":"ImageObject","inLanguage":"en-US","@id":"https:\/\/www.uartes.edu.ec\/sitio\/en\/blog\/2020\/12\/08\/mirada-artistica-de-ailyn-wong-en-un-mural-del-ecoparque\/#primaryimage","url":"https:\/\/www.uartes.edu.ec\/sitio\/wp-content\/uploads\/2020\/12\/03-FLORA.jpg","contentUrl":"https:\/\/www.uartes.edu.ec\/sitio\/wp-content\/uploads\/2020\/12\/03-FLORA.jpg","width":2000,"height":1333},{"@type":"BreadcrumbList","@id":"https:\/\/www.uartes.edu.ec\/sitio\/en\/blog\/2020\/12\/08\/mirada-artistica-de-ailyn-wong-en-un-mural-del-ecoparque\/#breadcrumb","itemListElement":[{"@type":"ListItem","position":1,"name":"Inicio","item":"https:\/\/www.uartes.edu.ec\/sitio\/"},{"@type":"ListItem","position":2,"name":"Mirada art\u00edstica de Ailyn Wong en un mural del Ecoparque"}]},{"@type":"WebSite","@id":"https:\/\/www.uartes.edu.ec\/sitio\/en\/#website","url":"https:\/\/www.uartes.edu.ec\/sitio\/en\/","name":"Universidad de las Artes","description":"Sitio oficial de la Universidad Nacional de las Artes del Ecuador","publisher":{"@id":"https:\/\/www.uartes.edu.ec\/sitio\/en\/#organization"},"potentialAction":[{"@type":"SearchAction","target":{"@type":"EntryPoint","urlTemplate":"https:\/\/www.uartes.edu.ec\/sitio\/en\/?s={search_term_string}"},"query-input":{"@type":"PropertyValueSpecification","valueRequired":true,"valueName":"search_term_string"}}],"inLanguage":"en-US"},{"@type":"Organization","@id":"https:\/\/www.uartes.edu.ec\/sitio\/en\/#organization","name":"Universidad de las Artes","url":"https:\/\/www.uartes.edu.ec\/sitio\/en\/","logo":{"@type":"ImageObject","inLanguage":"en-US","@id":"https:\/\/www.uartes.edu.ec\/sitio\/en\/#\/schema\/logo\/image\/","url":"https:\/\/www.uartes.edu.ec\/sitio\/wp-content\/uploads\/2022\/07\/logo-ua-horizontal.png","contentUrl":"https:\/\/www.uartes.edu.ec\/sitio\/wp-content\/uploads\/2022\/07\/logo-ua-horizontal.png","width":800,"height":276,"caption":"Universidad de las Artes"},"image":{"@id":"https:\/\/www.uartes.edu.ec\/sitio\/en\/#\/schema\/logo\/image\/"},"sameAs":["https:\/\/www.facebook.com\/uartesec","https:\/\/x.com\/uartesec","https:\/\/www.tiktok.com\/@uartesec"]},{"@type":"Person","@id":"https:\/\/www.uartes.edu.ec\/sitio\/en\/#\/schema\/person\/f33f8c1d2af0d5c80a38c8abf458184a","name":"Universidad de las Artes","image":{"@type":"ImageObject","inLanguage":"en-US","@id":"https:\/\/secure.gravatar.com\/avatar\/52e4757902f5cfa5ac52d020e5be83cae5487519154b6c35482fe08d589f3c13?s=96&d=mm&r=g","url":"https:\/\/secure.gravatar.com\/avatar\/52e4757902f5cfa5ac52d020e5be83cae5487519154b6c35482fe08d589f3c13?s=96&d=mm&r=g","contentUrl":"https:\/\/secure.gravatar.com\/avatar\/52e4757902f5cfa5ac52d020e5be83cae5487519154b6c35482fe08d589f3c13?s=96&d=mm&r=g","caption":"Universidad de las Artes"},"url":"https:\/\/www.uartes.edu.ec\/sitio\/en\/blog\/author\/dircomadm\/"}]}},"uagb_featured_image_src":{"full":["https:\/\/www.uartes.edu.ec\/sitio\/wp-content\/uploads\/2020\/12\/03-FLORA.jpg",2000,1333,false],"thumbnail":["https:\/\/www.uartes.edu.ec\/sitio\/wp-content\/uploads\/2020\/12\/03-FLORA-150x150.jpg",150,150,true],"medium":["https:\/\/www.uartes.edu.ec\/sitio\/wp-content\/uploads\/2020\/12\/03-FLORA-300x200.jpg",300,200,true],"medium_large":["https:\/\/www.uartes.edu.ec\/sitio\/wp-content\/uploads\/2020\/12\/03-FLORA-768x512.jpg",768,512,true],"large":["https:\/\/www.uartes.edu.ec\/sitio\/wp-content\/uploads\/2020\/12\/03-FLORA-644x429.jpg",644,429,true],"1536x1536":["https:\/\/www.uartes.edu.ec\/sitio\/wp-content\/uploads\/2020\/12\/03-FLORA-1536x1024.jpg",1536,1024,true],"2048x2048":["https:\/\/www.uartes.edu.ec\/sitio\/wp-content\/uploads\/2020\/12\/03-FLORA.jpg",2000,1333,false],"trp-custom-language-flag":["https:\/\/www.uartes.edu.ec\/sitio\/wp-content\/uploads\/2020\/12\/03-FLORA.jpg",18,12,false],"htmega_size_585x295":["https:\/\/www.uartes.edu.ec\/sitio\/wp-content\/uploads\/2020\/12\/03-FLORA-585x295.jpg",585,295,true],"htmega_size_1170x536":["https:\/\/www.uartes.edu.ec\/sitio\/wp-content\/uploads\/2020\/12\/03-FLORA-1170x536.jpg",1170,536,true],"htmega_size_396x360":["https:\/\/www.uartes.edu.ec\/sitio\/wp-content\/uploads\/2020\/12\/03-FLORA-396x360.jpg",396,360,true],"gb-block-post-grid-landscape":["https:\/\/www.uartes.edu.ec\/sitio\/wp-content\/uploads\/2020\/12\/03-FLORA.jpg",600,400,false],"gb-block-post-grid-square":["https:\/\/www.uartes.edu.ec\/sitio\/wp-content\/uploads\/2020\/12\/03-FLORA.jpg",600,400,false],"university-hub-thumb":["https:\/\/www.uartes.edu.ec\/sitio\/wp-content\/uploads\/2020\/12\/03-FLORA.jpg",400,267,false],"mailpoet_newsletter_max":["https:\/\/www.uartes.edu.ec\/sitio\/wp-content\/uploads\/2020\/12\/03-FLORA.jpg",1320,880,false]},"uagb_author_info":{"display_name":"Universidad de las Artes","author_link":"https:\/\/www.uartes.edu.ec\/sitio\/en\/blog\/author\/dircomadm\/"},"uagb_comment_info":0,"uagb_excerpt":"El proyecto lo gestionaron Mariuxi \u00c1vila, de la Secretar\u00eda de Vinculaci\u00f3n con la Sociedad de la UArtes, y la estudiante Ailyn Wong, de la Escuela de Artes visuales, quien pint\u00f3 el mural para dar paso a un nueva propuesta de la urbanizaci\u00f3n.","featured_image_src":"https:\/\/www.uartes.edu.ec\/sitio\/wp-content\/uploads\/2020\/12\/03-FLORA.jpg","featured_image_src_square":"https:\/\/www.uartes.edu.ec\/sitio\/wp-content\/uploads\/2020\/12\/03-FLORA.jpg","author_info":{"display_name":"Universidad de las Artes","author_link":"https:\/\/www.uartes.edu.ec\/sitio\/en\/blog\/author\/dircomadm\/"},"publishpress_future_workflow_manual_trigger":{"enabledWorkflows":[]},"distributor_meta":false,"distributor_terms":false,"distributor_media":false,"distributor_original_site_name":"Universidad de las Artes","distributor_original_site_url":"https:\/\/www.uartes.edu.ec\/sitio\/en","push-errors":false,"_links":{"self":[{"href":"https:\/\/www.uartes.edu.ec\/sitio\/en\/wp-json\/wp\/v2\/posts\/11566","targetHints":{"allow":["GET"]}}],"collection":[{"href":"https:\/\/www.uartes.edu.ec\/sitio\/en\/wp-json\/wp\/v2\/posts"}],"about":[{"href":"https:\/\/www.uartes.edu.ec\/sitio\/en\/wp-json\/wp\/v2\/types\/post"}],"author":[{"embeddable":true,"href":"https:\/\/www.uartes.edu.ec\/sitio\/en\/wp-json\/wp\/v2\/users\/1"}],"replies":[{"embeddable":true,"href":"https:\/\/www.uartes.edu.ec\/sitio\/en\/wp-json\/wp\/v2\/comments?post=11566"}],"version-history":[{"count":3,"href":"https:\/\/www.uartes.edu.ec\/sitio\/en\/wp-json\/wp\/v2\/posts\/11566\/revisions"}],"predecessor-version":[{"id":11936,"href":"https:\/\/www.uartes.edu.ec\/sitio\/en\/wp-json\/wp\/v2\/posts\/11566\/revisions\/11936"}],"wp:featuredmedia":[{"embeddable":true,"href":"https:\/\/www.uartes.edu.ec\/sitio\/en\/wp-json\/wp\/v2\/media\/11561"}],"wp:attachment":[{"href":"https:\/\/www.uartes.edu.ec\/sitio\/en\/wp-json\/wp\/v2\/media?parent=11566"}],"wp:term":[{"taxonomy":"category","embeddable":true,"href":"https:\/\/www.uartes.edu.ec\/sitio\/en\/wp-json\/wp\/v2\/categories?post=11566"},{"taxonomy":"post_tag","embeddable":true,"href":"https:\/\/www.uartes.edu.ec\/sitio\/en\/wp-json\/wp\/v2\/tags?post=11566"},{"taxonomy":"infouartes","embeddable":true,"href":"https:\/\/www.uartes.edu.ec\/sitio\/en\/wp-json\/wp\/v2\/infouartes?post=11566"}],"curies":[{"name":"wp","href":"https:\/\/api.w.org\/{rel}","templated":true}]}}