{"id":11605,"date":"2020-12-08T18:02:00","date_gmt":"2020-12-08T23:02:00","guid":{"rendered":"http:\/\/www.uartes.edu.ec\/sitio\/?p=11605"},"modified":"2024-07-04T11:33:17","modified_gmt":"2024-07-04T16:33:17","slug":"uartes-presente-en-el-i-encuentro-nacional-educacion-superior-en-derechos-humanos","status":"publish","type":"post","link":"https:\/\/www.uartes.edu.ec\/sitio\/en\/blog\/2020\/12\/08\/uartes-presente-en-el-i-encuentro-nacional-educacion-superior-en-derechos-humanos\/","title":{"rendered":"UArtes, presente en el I Encuentro Nacional \u201cEducaci\u00f3n Superior en Derechos Humanos\u201d"},"content":{"rendered":"<p>La investigadora Janina Su\u00e1rez Pinz\u00f3n, docente de la Universidad de las Artes, ser\u00e1 este jueves 10 de diciembre una de las panelistas invitadas al Primer Encuentro Nacional \u201cEducaci\u00f3n Superior en Derechos Humanos\u201d, el cual se inici\u00f3 este lunes 7 de manera virtual.<\/p>\n\n\n\n<p>Janina Su\u00e1rez abordar\u00e1, a las 17:00, el tema \u201cV\u00ednculo con la Sociedad en la UArtes: Caso Red Comunitaria de Defensoras y Defensores de Derechos Humanos y de la Naturaleza\u201d, del cual escribi\u00f3 un art\u00edculo que envi\u00f3 a los organizadores de la cita. Este fue seleccionado para que sea analizado en un panel por su autora y ha sido, adem\u00e1s, considerado para integrar la publicaci\u00f3n de un libro de memorias.<\/p>\n\n\n\n<p>La invitaci\u00f3n al encuentro la realizan el Programa Andino de Derechos Humanos de la Universidad Andina Sim\u00f3n Bol\u00edvar y el Instituto de la Igualdad de G\u00e9nero y Derechos de la Universidad Central del Ecuador. Son sus objetivos: propiciar un espacio de relaci\u00f3n entre docentes, investigadores y otros profesionales universitarios que trabajan sobre derechos humanos, para compartir y sistematizar los principales avances y desaf\u00edos que tiene la Educaci\u00f3n en Derechos Humanos en las Instituciones de Educaci\u00f3n Superior de Ecuador. &nbsp;&nbsp;<\/p>\n\n\n\n<p>Asimismo, reflexionar sobre las experiencias de ense\u00f1anza universitaria sobre derechos humanos; conocer las metodolog\u00edas y resultados de procesos de investigaci\u00f3n en derechos humanos; reconocer la importancia de las pr\u00e1cticas y acciones de derechos humanos que promueven el v\u00ednculo de la universidad con la sociedad; y, ubicar los principales avances y desaf\u00edos que enfrenta la educaci\u00f3n superior en derechos humanos en el marco de la pandemia del COVID.&nbsp;&nbsp;<\/p>\n\n\n\n<p>Acerca de su intervenci\u00f3n, Janina Su\u00e1rez Pinz\u00f3n comparti\u00f3 con InfoUArtes los resultados del Proyecto Talleres de Producci\u00f3n Art\u00edstica y Radial para la Red Comunitaria de Defensoras y Defensores de Derechos Humanos y de la Naturaleza de Guayaquil, el cual da contexto a su ponencia.<\/p>\n\n\n\n<p>Coordinado, bajo su responsabilidad, por el Departamento Transversal de Teor\u00edas Cr\u00edticas y Pr\u00e1cticas Experimentales de la UArtes, el taller tuvo lugar de octubre del 2019 a febrero del 2020 en los barrios del Noreste de Guayaquil, benefici\u00f3 a 117 personas y permiti\u00f3 desarrollar, entre otros objetivos, procesos de construcci\u00f3n conjunta de actividades art\u00edsticas y radiales para la Red Comunitaria de Defensoras y Defensores de Derechos Humanos de Guayaquil, para la reflexi\u00f3n sobre xenofobia, discriminaci\u00f3n y bullying con las organizaciones comunitarias e instituciones educativas de ese populoso sector perteneciente a la parroquia Tarqui.<\/p>\n\n\n\n<p>Es de anotar que el Primer Encuentro Nacional \u201cEducaci\u00f3n Superior en Derechos Humanos\u201d<br>combinar\u00e1 dos momentos. En el primero, un&nbsp;taller de experiencias con la participaci\u00f3n de docentes, investigadores y otros profesionales universitarios que trabajan en derechos humanos; y, el segundo, un&nbsp;foro&nbsp;sobre&nbsp;educaci\u00f3n superior en derechos humanos en tiempos de COVID:&nbsp;desaf\u00edos y propuestas, abierto al p\u00fablico.<\/p>\n\n\n\n<p>El taller durar\u00e1 12 horas, del lunes 7 al mi\u00e9rcoles 9 de diciembre, de 16:00 a 20:00.\u00a0El Foro tendr\u00e1 una duraci\u00f3n de 4 horas y se realizar\u00e1 el jueves 10, de 16:00 a 20:00. M\u00e1s informaci\u00f3n en: <a href=\"https:\/\/www.uasb.edu.ec\/web\/guest\/contenido?primer-encuentro-nacional-educacion-superior-en-derechos-humanos-\">https:\/\/www.uasb.edu.ec\/web\/guest\/contenido?primer-encuentro-nacional-educacion-superior-en-derechos-humanos-<\/a><\/p>\n\n\n\n<p>Link para la transmisi\u00f3n del foro:\u00a0<a href=\"https:\/\/us02web.zoom.us\/j\/89970958947?pwd=RlR1MWlKK3RWYXVhcDgydEtqd3JTZz09\">https:\/\/us02web.zoom.us\/j\/89970958947?pwd=RlR1MWlKK3RWYXVhcDgydEtqd3JTZz09<\/a>\u00a0<br>Id Reuni\u00f3n: 89970958947\u00a0<br>C\u00f3digo de acceso: 956397\u00a0<\/p>","protected":false},"excerpt":{"rendered":"<p>La investigadora Janina Su\u00e1rez Pinz\u00f3n, docente de la Universidad de las Artes, ser\u00e1 este jueves 10 de diciembre una de las panelistas invitadas al Primer Encuentro Nacional \u201cEducaci\u00f3n Superior en Derechos Humanos\u201d, el cual se inici\u00f3 este lunes 7 de manera virtual.<\/p>","protected":false},"author":1,"featured_media":11603,"comment_status":"closed","ping_status":"closed","sticky":false,"template":"","format":"standard","meta":{"_acf_changed":false,"_uag_custom_page_level_css":"","_monsterinsights_skip_tracking":false,"_monsterinsights_sitenote_active":false,"_monsterinsights_sitenote_note":"","_monsterinsights_sitenote_category":0,"cybocfi_hide_featured_image":"","footnotes":""},"categories":[80,75,77,174],"tags":[211],"infouartes":[],"class_list":["post-11605","post","type-post","status-publish","format-standard","has-post-thumbnail","hentry","category-academico","category-docentes","category-gestion","category-transversal","tag-covid19"],"acf":[],"yoast_head":"<!-- This site is optimized with the Yoast SEO plugin v27.4 - https:\/\/yoast.com\/product\/yoast-seo-wordpress\/ -->\n<title>Universidad de las Artes - UArtes, presente en el I Encuentro Nacional \u201cEducaci\u00f3n Superior en Derechos Humanos\u201d<\/title>\n<meta name=\"description\" content=\"Universidad de las Artes - UArtes, presente en el I Encuentro Nacional \u201cEducaci\u00f3n Superior en Derechos Humanos\u201d\" \/>\n<meta name=\"robots\" content=\"index, follow, max-snippet:-1, max-image-preview:large, max-video-preview:-1\" \/>\n<link rel=\"canonical\" href=\"https:\/\/www.uartes.edu.ec\/sitio\/en\/blog\/2020\/12\/08\/uartes-presente-en-el-i-encuentro-nacional-educacion-superior-en-derechos-humanos\/\" \/>\n<meta property=\"og:locale\" content=\"en_US\" \/>\n<meta property=\"og:type\" content=\"article\" \/>\n<meta property=\"og:title\" content=\"Universidad de las Artes - UArtes, presente en el I Encuentro Nacional \u201cEducaci\u00f3n Superior en Derechos Humanos\u201d\" \/>\n<meta property=\"og:description\" content=\"Universidad de las Artes - UArtes, presente en el I Encuentro Nacional \u201cEducaci\u00f3n Superior en Derechos Humanos\u201d\" \/>\n<meta property=\"og:url\" content=\"https:\/\/www.uartes.edu.ec\/sitio\/en\/blog\/2020\/12\/08\/uartes-presente-en-el-i-encuentro-nacional-educacion-superior-en-derechos-humanos\/\" \/>\n<meta property=\"og:site_name\" content=\"Universidad de las Artes\" \/>\n<meta property=\"article:publisher\" content=\"https:\/\/www.facebook.com\/uartesec\" \/>\n<meta property=\"article:published_time\" content=\"2020-12-08T23:02:00+00:00\" \/>\n<meta property=\"article:modified_time\" content=\"2024-07-04T16:33:17+00:00\" \/>\n<meta property=\"og:image\" content=\"https:\/\/www.uartes.edu.ec\/sitio\/wp-content\/uploads\/2020\/12\/JANINA-OK.jpg\" \/>\n\t<meta property=\"og:image:width\" content=\"2000\" \/>\n\t<meta property=\"og:image:height\" content=\"1333\" \/>\n\t<meta property=\"og:image:type\" content=\"image\/jpeg\" \/>\n<meta name=\"author\" content=\"Universidad de las Artes\" \/>\n<meta name=\"twitter:card\" content=\"summary_large_image\" \/>\n<meta name=\"twitter:creator\" content=\"@uartesec\" \/>\n<meta name=\"twitter:site\" content=\"@uartesec\" \/>\n<meta name=\"twitter:label1\" content=\"Written by\" \/>\n\t<meta name=\"twitter:data1\" content=\"Universidad de las Artes\" \/>\n\t<meta name=\"twitter:label2\" content=\"Est. reading time\" \/>\n\t<meta name=\"twitter:data2\" content=\"3 minutes\" \/>\n<script type=\"application\/ld+json\" class=\"yoast-schema-graph\">{\"@context\":\"https:\\\/\\\/schema.org\",\"@graph\":[{\"@type\":\"Article\",\"@id\":\"https:\\\/\\\/www.uartes.edu.ec\\\/sitio\\\/en\\\/blog\\\/2020\\\/12\\\/08\\\/uartes-presente-en-el-i-encuentro-nacional-educacion-superior-en-derechos-humanos\\\/#article\",\"isPartOf\":{\"@id\":\"https:\\\/\\\/www.uartes.edu.ec\\\/sitio\\\/en\\\/blog\\\/2020\\\/12\\\/08\\\/uartes-presente-en-el-i-encuentro-nacional-educacion-superior-en-derechos-humanos\\\/\"},\"author\":{\"name\":\"Universidad de las Artes\",\"@id\":\"https:\\\/\\\/www.uartes.edu.ec\\\/sitio\\\/en\\\/#\\\/schema\\\/person\\\/f33f8c1d2af0d5c80a38c8abf458184a\"},\"headline\":\"UArtes, presente en el I Encuentro Nacional \u201cEducaci\u00f3n Superior en Derechos Humanos\u201d\",\"datePublished\":\"2020-12-08T23:02:00+00:00\",\"dateModified\":\"2024-07-04T16:33:17+00:00\",\"mainEntityOfPage\":{\"@id\":\"https:\\\/\\\/www.uartes.edu.ec\\\/sitio\\\/en\\\/blog\\\/2020\\\/12\\\/08\\\/uartes-presente-en-el-i-encuentro-nacional-educacion-superior-en-derechos-humanos\\\/\"},\"wordCount\":574,\"publisher\":{\"@id\":\"https:\\\/\\\/www.uartes.edu.ec\\\/sitio\\\/en\\\/#organization\"},\"image\":{\"@id\":\"https:\\\/\\\/www.uartes.edu.ec\\\/sitio\\\/en\\\/blog\\\/2020\\\/12\\\/08\\\/uartes-presente-en-el-i-encuentro-nacional-educacion-superior-en-derechos-humanos\\\/#primaryimage\"},\"thumbnailUrl\":\"https:\\\/\\\/www.uartes.edu.ec\\\/sitio\\\/wp-content\\\/uploads\\\/2020\\\/12\\\/JANINA-OK.jpg\",\"keywords\":[\"covid19\"],\"articleSection\":[\"Acad\u00e9mico\",\"Docentes\",\"Gesti\u00f3n\",\"Transversal\"],\"inLanguage\":\"en-US\"},{\"@type\":[\"WebPage\",\"ItemPage\"],\"@id\":\"https:\\\/\\\/www.uartes.edu.ec\\\/sitio\\\/en\\\/blog\\\/2020\\\/12\\\/08\\\/uartes-presente-en-el-i-encuentro-nacional-educacion-superior-en-derechos-humanos\\\/\",\"url\":\"https:\\\/\\\/www.uartes.edu.ec\\\/sitio\\\/en\\\/blog\\\/2020\\\/12\\\/08\\\/uartes-presente-en-el-i-encuentro-nacional-educacion-superior-en-derechos-humanos\\\/\",\"name\":\"Universidad de las Artes - UArtes, presente en el I Encuentro Nacional \u201cEducaci\u00f3n Superior en Derechos Humanos\u201d\",\"isPartOf\":{\"@id\":\"https:\\\/\\\/www.uartes.edu.ec\\\/sitio\\\/en\\\/#website\"},\"primaryImageOfPage\":{\"@id\":\"https:\\\/\\\/www.uartes.edu.ec\\\/sitio\\\/en\\\/blog\\\/2020\\\/12\\\/08\\\/uartes-presente-en-el-i-encuentro-nacional-educacion-superior-en-derechos-humanos\\\/#primaryimage\"},\"image\":{\"@id\":\"https:\\\/\\\/www.uartes.edu.ec\\\/sitio\\\/en\\\/blog\\\/2020\\\/12\\\/08\\\/uartes-presente-en-el-i-encuentro-nacional-educacion-superior-en-derechos-humanos\\\/#primaryimage\"},\"thumbnailUrl\":\"https:\\\/\\\/www.uartes.edu.ec\\\/sitio\\\/wp-content\\\/uploads\\\/2020\\\/12\\\/JANINA-OK.jpg\",\"datePublished\":\"2020-12-08T23:02:00+00:00\",\"dateModified\":\"2024-07-04T16:33:17+00:00\",\"description\":\"Universidad de las Artes - UArtes, presente en el I Encuentro Nacional \u201cEducaci\u00f3n Superior en Derechos Humanos\u201d\",\"breadcrumb\":{\"@id\":\"https:\\\/\\\/www.uartes.edu.ec\\\/sitio\\\/en\\\/blog\\\/2020\\\/12\\\/08\\\/uartes-presente-en-el-i-encuentro-nacional-educacion-superior-en-derechos-humanos\\\/#breadcrumb\"},\"inLanguage\":\"en-US\",\"potentialAction\":[{\"@type\":\"ReadAction\",\"target\":[\"https:\\\/\\\/www.uartes.edu.ec\\\/sitio\\\/en\\\/blog\\\/2020\\\/12\\\/08\\\/uartes-presente-en-el-i-encuentro-nacional-educacion-superior-en-derechos-humanos\\\/\"]}]},{\"@type\":\"ImageObject\",\"inLanguage\":\"en-US\",\"@id\":\"https:\\\/\\\/www.uartes.edu.ec\\\/sitio\\\/en\\\/blog\\\/2020\\\/12\\\/08\\\/uartes-presente-en-el-i-encuentro-nacional-educacion-superior-en-derechos-humanos\\\/#primaryimage\",\"url\":\"https:\\\/\\\/www.uartes.edu.ec\\\/sitio\\\/wp-content\\\/uploads\\\/2020\\\/12\\\/JANINA-OK.jpg\",\"contentUrl\":\"https:\\\/\\\/www.uartes.edu.ec\\\/sitio\\\/wp-content\\\/uploads\\\/2020\\\/12\\\/JANINA-OK.jpg\",\"width\":2000,\"height\":1333,\"caption\":\"Janina Su\u00e1rez Pinz\u00f3n, Docente de la UArtes\"},{\"@type\":\"BreadcrumbList\",\"@id\":\"https:\\\/\\\/www.uartes.edu.ec\\\/sitio\\\/en\\\/blog\\\/2020\\\/12\\\/08\\\/uartes-presente-en-el-i-encuentro-nacional-educacion-superior-en-derechos-humanos\\\/#breadcrumb\",\"itemListElement\":[{\"@type\":\"ListItem\",\"position\":1,\"name\":\"Inicio\",\"item\":\"https:\\\/\\\/www.uartes.edu.ec\\\/sitio\\\/\"},{\"@type\":\"ListItem\",\"position\":2,\"name\":\"UArtes, presente en el I Encuentro Nacional \u201cEducaci\u00f3n Superior en Derechos Humanos\u201d\"}]},{\"@type\":\"WebSite\",\"@id\":\"https:\\\/\\\/www.uartes.edu.ec\\\/sitio\\\/en\\\/#website\",\"url\":\"https:\\\/\\\/www.uartes.edu.ec\\\/sitio\\\/en\\\/\",\"name\":\"Universidad de las Artes\",\"description\":\"Sitio oficial de la Universidad Nacional de las Artes del Ecuador\",\"publisher\":{\"@id\":\"https:\\\/\\\/www.uartes.edu.ec\\\/sitio\\\/en\\\/#organization\"},\"potentialAction\":[{\"@type\":\"SearchAction\",\"target\":{\"@type\":\"EntryPoint\",\"urlTemplate\":\"https:\\\/\\\/www.uartes.edu.ec\\\/sitio\\\/en\\\/?s={search_term_string}\"},\"query-input\":{\"@type\":\"PropertyValueSpecification\",\"valueRequired\":true,\"valueName\":\"search_term_string\"}}],\"inLanguage\":\"en-US\"},{\"@type\":\"Organization\",\"@id\":\"https:\\\/\\\/www.uartes.edu.ec\\\/sitio\\\/en\\\/#organization\",\"name\":\"Universidad de las Artes\",\"url\":\"https:\\\/\\\/www.uartes.edu.ec\\\/sitio\\\/en\\\/\",\"logo\":{\"@type\":\"ImageObject\",\"inLanguage\":\"en-US\",\"@id\":\"https:\\\/\\\/www.uartes.edu.ec\\\/sitio\\\/en\\\/#\\\/schema\\\/logo\\\/image\\\/\",\"url\":\"https:\\\/\\\/www.uartes.edu.ec\\\/sitio\\\/wp-content\\\/uploads\\\/2022\\\/07\\\/logo-ua-horizontal.png\",\"contentUrl\":\"https:\\\/\\\/www.uartes.edu.ec\\\/sitio\\\/wp-content\\\/uploads\\\/2022\\\/07\\\/logo-ua-horizontal.png\",\"width\":800,\"height\":276,\"caption\":\"Universidad de las Artes\"},\"image\":{\"@id\":\"https:\\\/\\\/www.uartes.edu.ec\\\/sitio\\\/en\\\/#\\\/schema\\\/logo\\\/image\\\/\"},\"sameAs\":[\"https:\\\/\\\/www.facebook.com\\\/uartesec\",\"https:\\\/\\\/x.com\\\/uartesec\",\"https:\\\/\\\/www.tiktok.com\\\/@uartesec\"]},{\"@type\":\"Person\",\"@id\":\"https:\\\/\\\/www.uartes.edu.ec\\\/sitio\\\/en\\\/#\\\/schema\\\/person\\\/f33f8c1d2af0d5c80a38c8abf458184a\",\"name\":\"Universidad de las Artes\",\"image\":{\"@type\":\"ImageObject\",\"inLanguage\":\"en-US\",\"@id\":\"https:\\\/\\\/secure.gravatar.com\\\/avatar\\\/52e4757902f5cfa5ac52d020e5be83cae5487519154b6c35482fe08d589f3c13?s=96&d=mm&r=g\",\"url\":\"https:\\\/\\\/secure.gravatar.com\\\/avatar\\\/52e4757902f5cfa5ac52d020e5be83cae5487519154b6c35482fe08d589f3c13?s=96&d=mm&r=g\",\"contentUrl\":\"https:\\\/\\\/secure.gravatar.com\\\/avatar\\\/52e4757902f5cfa5ac52d020e5be83cae5487519154b6c35482fe08d589f3c13?s=96&d=mm&r=g\",\"caption\":\"Universidad de las Artes\"},\"url\":\"https:\\\/\\\/www.uartes.edu.ec\\\/sitio\\\/en\\\/blog\\\/author\\\/dircomadm\\\/\"}]}<\/script>\n<!-- \/ Yoast SEO plugin. -->","yoast_head_json":{"title":"Universidad de las Artes - UArtes, presente en el I Encuentro Nacional \u201cEducaci\u00f3n Superior en Derechos Humanos\u201d","description":"Universidad de las Artes - UArtes, presente en el I Encuentro Nacional \u201cEducaci\u00f3n Superior en Derechos Humanos\u201d","robots":{"index":"index","follow":"follow","max-snippet":"max-snippet:-1","max-image-preview":"max-image-preview:large","max-video-preview":"max-video-preview:-1"},"canonical":"https:\/\/www.uartes.edu.ec\/sitio\/en\/blog\/2020\/12\/08\/uartes-presente-en-el-i-encuentro-nacional-educacion-superior-en-derechos-humanos\/","og_locale":"en_US","og_type":"article","og_title":"Universidad de las Artes - UArtes, presente en el I Encuentro Nacional \u201cEducaci\u00f3n Superior en Derechos Humanos\u201d","og_description":"Universidad de las Artes - UArtes, presente en el I Encuentro Nacional \u201cEducaci\u00f3n Superior en Derechos Humanos\u201d","og_url":"https:\/\/www.uartes.edu.ec\/sitio\/en\/blog\/2020\/12\/08\/uartes-presente-en-el-i-encuentro-nacional-educacion-superior-en-derechos-humanos\/","og_site_name":"Universidad de las Artes","article_publisher":"https:\/\/www.facebook.com\/uartesec","article_published_time":"2020-12-08T23:02:00+00:00","article_modified_time":"2024-07-04T16:33:17+00:00","og_image":[{"width":2000,"height":1333,"url":"https:\/\/www.uartes.edu.ec\/sitio\/wp-content\/uploads\/2020\/12\/JANINA-OK.jpg","type":"image\/jpeg"}],"author":"Universidad de las Artes","twitter_card":"summary_large_image","twitter_creator":"@uartesec","twitter_site":"@uartesec","twitter_misc":{"Written by":"Universidad de las Artes","Est. reading time":"3 minutes"},"schema":{"@context":"https:\/\/schema.org","@graph":[{"@type":"Article","@id":"https:\/\/www.uartes.edu.ec\/sitio\/en\/blog\/2020\/12\/08\/uartes-presente-en-el-i-encuentro-nacional-educacion-superior-en-derechos-humanos\/#article","isPartOf":{"@id":"https:\/\/www.uartes.edu.ec\/sitio\/en\/blog\/2020\/12\/08\/uartes-presente-en-el-i-encuentro-nacional-educacion-superior-en-derechos-humanos\/"},"author":{"name":"Universidad de las Artes","@id":"https:\/\/www.uartes.edu.ec\/sitio\/en\/#\/schema\/person\/f33f8c1d2af0d5c80a38c8abf458184a"},"headline":"UArtes, presente en el I Encuentro Nacional \u201cEducaci\u00f3n Superior en Derechos Humanos\u201d","datePublished":"2020-12-08T23:02:00+00:00","dateModified":"2024-07-04T16:33:17+00:00","mainEntityOfPage":{"@id":"https:\/\/www.uartes.edu.ec\/sitio\/en\/blog\/2020\/12\/08\/uartes-presente-en-el-i-encuentro-nacional-educacion-superior-en-derechos-humanos\/"},"wordCount":574,"publisher":{"@id":"https:\/\/www.uartes.edu.ec\/sitio\/en\/#organization"},"image":{"@id":"https:\/\/www.uartes.edu.ec\/sitio\/en\/blog\/2020\/12\/08\/uartes-presente-en-el-i-encuentro-nacional-educacion-superior-en-derechos-humanos\/#primaryimage"},"thumbnailUrl":"https:\/\/www.uartes.edu.ec\/sitio\/wp-content\/uploads\/2020\/12\/JANINA-OK.jpg","keywords":["covid19"],"articleSection":["Acad\u00e9mico","Docentes","Gesti\u00f3n","Transversal"],"inLanguage":"en-US"},{"@type":["WebPage","ItemPage"],"@id":"https:\/\/www.uartes.edu.ec\/sitio\/en\/blog\/2020\/12\/08\/uartes-presente-en-el-i-encuentro-nacional-educacion-superior-en-derechos-humanos\/","url":"https:\/\/www.uartes.edu.ec\/sitio\/en\/blog\/2020\/12\/08\/uartes-presente-en-el-i-encuentro-nacional-educacion-superior-en-derechos-humanos\/","name":"Universidad de las Artes - UArtes, presente en el I Encuentro Nacional \u201cEducaci\u00f3n Superior en Derechos Humanos\u201d","isPartOf":{"@id":"https:\/\/www.uartes.edu.ec\/sitio\/en\/#website"},"primaryImageOfPage":{"@id":"https:\/\/www.uartes.edu.ec\/sitio\/en\/blog\/2020\/12\/08\/uartes-presente-en-el-i-encuentro-nacional-educacion-superior-en-derechos-humanos\/#primaryimage"},"image":{"@id":"https:\/\/www.uartes.edu.ec\/sitio\/en\/blog\/2020\/12\/08\/uartes-presente-en-el-i-encuentro-nacional-educacion-superior-en-derechos-humanos\/#primaryimage"},"thumbnailUrl":"https:\/\/www.uartes.edu.ec\/sitio\/wp-content\/uploads\/2020\/12\/JANINA-OK.jpg","datePublished":"2020-12-08T23:02:00+00:00","dateModified":"2024-07-04T16:33:17+00:00","description":"Universidad de las Artes - UArtes, presente en el I Encuentro Nacional \u201cEducaci\u00f3n Superior en Derechos Humanos\u201d","breadcrumb":{"@id":"https:\/\/www.uartes.edu.ec\/sitio\/en\/blog\/2020\/12\/08\/uartes-presente-en-el-i-encuentro-nacional-educacion-superior-en-derechos-humanos\/#breadcrumb"},"inLanguage":"en-US","potentialAction":[{"@type":"ReadAction","target":["https:\/\/www.uartes.edu.ec\/sitio\/en\/blog\/2020\/12\/08\/uartes-presente-en-el-i-encuentro-nacional-educacion-superior-en-derechos-humanos\/"]}]},{"@type":"ImageObject","inLanguage":"en-US","@id":"https:\/\/www.uartes.edu.ec\/sitio\/en\/blog\/2020\/12\/08\/uartes-presente-en-el-i-encuentro-nacional-educacion-superior-en-derechos-humanos\/#primaryimage","url":"https:\/\/www.uartes.edu.ec\/sitio\/wp-content\/uploads\/2020\/12\/JANINA-OK.jpg","contentUrl":"https:\/\/www.uartes.edu.ec\/sitio\/wp-content\/uploads\/2020\/12\/JANINA-OK.jpg","width":2000,"height":1333,"caption":"Janina Su\u00e1rez Pinz\u00f3n, Docente de la UArtes"},{"@type":"BreadcrumbList","@id":"https:\/\/www.uartes.edu.ec\/sitio\/en\/blog\/2020\/12\/08\/uartes-presente-en-el-i-encuentro-nacional-educacion-superior-en-derechos-humanos\/#breadcrumb","itemListElement":[{"@type":"ListItem","position":1,"name":"Inicio","item":"https:\/\/www.uartes.edu.ec\/sitio\/"},{"@type":"ListItem","position":2,"name":"UArtes, presente en el I Encuentro Nacional \u201cEducaci\u00f3n Superior en Derechos Humanos\u201d"}]},{"@type":"WebSite","@id":"https:\/\/www.uartes.edu.ec\/sitio\/en\/#website","url":"https:\/\/www.uartes.edu.ec\/sitio\/en\/","name":"Universidad de las Artes","description":"Sitio oficial de la Universidad Nacional de las Artes del Ecuador","publisher":{"@id":"https:\/\/www.uartes.edu.ec\/sitio\/en\/#organization"},"potentialAction":[{"@type":"SearchAction","target":{"@type":"EntryPoint","urlTemplate":"https:\/\/www.uartes.edu.ec\/sitio\/en\/?s={search_term_string}"},"query-input":{"@type":"PropertyValueSpecification","valueRequired":true,"valueName":"search_term_string"}}],"inLanguage":"en-US"},{"@type":"Organization","@id":"https:\/\/www.uartes.edu.ec\/sitio\/en\/#organization","name":"Universidad de las Artes","url":"https:\/\/www.uartes.edu.ec\/sitio\/en\/","logo":{"@type":"ImageObject","inLanguage":"en-US","@id":"https:\/\/www.uartes.edu.ec\/sitio\/en\/#\/schema\/logo\/image\/","url":"https:\/\/www.uartes.edu.ec\/sitio\/wp-content\/uploads\/2022\/07\/logo-ua-horizontal.png","contentUrl":"https:\/\/www.uartes.edu.ec\/sitio\/wp-content\/uploads\/2022\/07\/logo-ua-horizontal.png","width":800,"height":276,"caption":"Universidad de las Artes"},"image":{"@id":"https:\/\/www.uartes.edu.ec\/sitio\/en\/#\/schema\/logo\/image\/"},"sameAs":["https:\/\/www.facebook.com\/uartesec","https:\/\/x.com\/uartesec","https:\/\/www.tiktok.com\/@uartesec"]},{"@type":"Person","@id":"https:\/\/www.uartes.edu.ec\/sitio\/en\/#\/schema\/person\/f33f8c1d2af0d5c80a38c8abf458184a","name":"Universidad de las Artes","image":{"@type":"ImageObject","inLanguage":"en-US","@id":"https:\/\/secure.gravatar.com\/avatar\/52e4757902f5cfa5ac52d020e5be83cae5487519154b6c35482fe08d589f3c13?s=96&d=mm&r=g","url":"https:\/\/secure.gravatar.com\/avatar\/52e4757902f5cfa5ac52d020e5be83cae5487519154b6c35482fe08d589f3c13?s=96&d=mm&r=g","contentUrl":"https:\/\/secure.gravatar.com\/avatar\/52e4757902f5cfa5ac52d020e5be83cae5487519154b6c35482fe08d589f3c13?s=96&d=mm&r=g","caption":"Universidad de las Artes"},"url":"https:\/\/www.uartes.edu.ec\/sitio\/en\/blog\/author\/dircomadm\/"}]}},"uagb_featured_image_src":{"full":["https:\/\/www.uartes.edu.ec\/sitio\/wp-content\/uploads\/2020\/12\/JANINA-OK.jpg",2000,1333,false],"thumbnail":["https:\/\/www.uartes.edu.ec\/sitio\/wp-content\/uploads\/2020\/12\/JANINA-OK-150x150.jpg",150,150,true],"medium":["https:\/\/www.uartes.edu.ec\/sitio\/wp-content\/uploads\/2020\/12\/JANINA-OK-300x200.jpg",300,200,true],"medium_large":["https:\/\/www.uartes.edu.ec\/sitio\/wp-content\/uploads\/2020\/12\/JANINA-OK-768x512.jpg",768,512,true],"large":["https:\/\/www.uartes.edu.ec\/sitio\/wp-content\/uploads\/2020\/12\/JANINA-OK-644x429.jpg",644,429,true],"1536x1536":["https:\/\/www.uartes.edu.ec\/sitio\/wp-content\/uploads\/2020\/12\/JANINA-OK-1536x1024.jpg",1536,1024,true],"2048x2048":["https:\/\/www.uartes.edu.ec\/sitio\/wp-content\/uploads\/2020\/12\/JANINA-OK.jpg",2000,1333,false],"trp-custom-language-flag":["https:\/\/www.uartes.edu.ec\/sitio\/wp-content\/uploads\/2020\/12\/JANINA-OK.jpg",18,12,false],"htmega_size_585x295":["https:\/\/www.uartes.edu.ec\/sitio\/wp-content\/uploads\/2020\/12\/JANINA-OK-585x295.jpg",585,295,true],"htmega_size_1170x536":["https:\/\/www.uartes.edu.ec\/sitio\/wp-content\/uploads\/2020\/12\/JANINA-OK-1170x536.jpg",1170,536,true],"htmega_size_396x360":["https:\/\/www.uartes.edu.ec\/sitio\/wp-content\/uploads\/2020\/12\/JANINA-OK-396x360.jpg",396,360,true],"gb-block-post-grid-landscape":["https:\/\/www.uartes.edu.ec\/sitio\/wp-content\/uploads\/2020\/12\/JANINA-OK.jpg",600,400,false],"gb-block-post-grid-square":["https:\/\/www.uartes.edu.ec\/sitio\/wp-content\/uploads\/2020\/12\/JANINA-OK.jpg",600,400,false],"university-hub-thumb":["https:\/\/www.uartes.edu.ec\/sitio\/wp-content\/uploads\/2020\/12\/JANINA-OK.jpg",400,267,false],"mailpoet_newsletter_max":["https:\/\/www.uartes.edu.ec\/sitio\/wp-content\/uploads\/2020\/12\/JANINA-OK.jpg",1320,880,false]},"uagb_author_info":{"display_name":"Universidad de las Artes","author_link":"https:\/\/www.uartes.edu.ec\/sitio\/en\/blog\/author\/dircomadm\/"},"uagb_comment_info":0,"uagb_excerpt":"La investigadora Janina Su\u00e1rez Pinz\u00f3n, docente de la Universidad de las Artes, ser\u00e1 este jueves 10 de diciembre una de las panelistas invitadas al Primer Encuentro Nacional \u201cEducaci\u00f3n Superior en Derechos Humanos\u201d, el cual se inici\u00f3 este lunes 7 de manera virtual.","featured_image_src":"https:\/\/www.uartes.edu.ec\/sitio\/wp-content\/uploads\/2020\/12\/JANINA-OK.jpg","featured_image_src_square":"https:\/\/www.uartes.edu.ec\/sitio\/wp-content\/uploads\/2020\/12\/JANINA-OK.jpg","author_info":{"display_name":"Universidad de las Artes","author_link":"https:\/\/www.uartes.edu.ec\/sitio\/en\/blog\/author\/dircomadm\/"},"publishpress_future_workflow_manual_trigger":{"enabledWorkflows":[]},"distributor_meta":false,"distributor_terms":false,"distributor_media":false,"distributor_original_site_name":"Universidad de las Artes","distributor_original_site_url":"https:\/\/www.uartes.edu.ec\/sitio\/en","push-errors":false,"_links":{"self":[{"href":"https:\/\/www.uartes.edu.ec\/sitio\/en\/wp-json\/wp\/v2\/posts\/11605","targetHints":{"allow":["GET"]}}],"collection":[{"href":"https:\/\/www.uartes.edu.ec\/sitio\/en\/wp-json\/wp\/v2\/posts"}],"about":[{"href":"https:\/\/www.uartes.edu.ec\/sitio\/en\/wp-json\/wp\/v2\/types\/post"}],"author":[{"embeddable":true,"href":"https:\/\/www.uartes.edu.ec\/sitio\/en\/wp-json\/wp\/v2\/users\/1"}],"replies":[{"embeddable":true,"href":"https:\/\/www.uartes.edu.ec\/sitio\/en\/wp-json\/wp\/v2\/comments?post=11605"}],"version-history":[{"count":2,"href":"https:\/\/www.uartes.edu.ec\/sitio\/en\/wp-json\/wp\/v2\/posts\/11605\/revisions"}],"predecessor-version":[{"id":11673,"href":"https:\/\/www.uartes.edu.ec\/sitio\/en\/wp-json\/wp\/v2\/posts\/11605\/revisions\/11673"}],"wp:featuredmedia":[{"embeddable":true,"href":"https:\/\/www.uartes.edu.ec\/sitio\/en\/wp-json\/wp\/v2\/media\/11603"}],"wp:attachment":[{"href":"https:\/\/www.uartes.edu.ec\/sitio\/en\/wp-json\/wp\/v2\/media?parent=11605"}],"wp:term":[{"taxonomy":"category","embeddable":true,"href":"https:\/\/www.uartes.edu.ec\/sitio\/en\/wp-json\/wp\/v2\/categories?post=11605"},{"taxonomy":"post_tag","embeddable":true,"href":"https:\/\/www.uartes.edu.ec\/sitio\/en\/wp-json\/wp\/v2\/tags?post=11605"},{"taxonomy":"infouartes","embeddable":true,"href":"https:\/\/www.uartes.edu.ec\/sitio\/en\/wp-json\/wp\/v2\/infouartes?post=11605"}],"curies":[{"name":"wp","href":"https:\/\/api.w.org\/{rel}","templated":true}]}}