{"id":11731,"date":"2020-12-11T11:11:09","date_gmt":"2020-12-11T16:11:09","guid":{"rendered":"http:\/\/www.uartes.edu.ec\/sitio\/?p=11731"},"modified":"2025-08-04T17:32:44","modified_gmt":"2025-08-04T22:32:44","slug":"tribunal-de-elecciones-uartes-proclama-a-los-ganadores-a-rector-y-vicerrectores","status":"publish","type":"post","link":"https:\/\/www.uartes.edu.ec\/sitio\/en\/blog\/2020\/12\/11\/tribunal-de-elecciones-uartes-proclama-a-los-ganadores-a-rector-y-vicerrectores\/","title":{"rendered":"Tribunal de Elecciones UArtes proclama a los ganadores a rector y vicerrectores"},"content":{"rendered":"<p>El doctor William An\u00edbal Herrera R\u00edos es el nuevo rector de la Universidad de las Artes. Mediante RESOLUCI\u00d3N No. TE-TELETRABAJO-2020-020, el Tribunal de Elecciones de la UArtes lo proclam\u00f3 ganador junto a los candidatos que se postularon con \u00e9l en la Lista 1, Movimiento Autonom\u00eda Universitaria por las Artes (AUA), para el proceso electoral en el que se eligieron a las m\u00e1ximas autoridades. Para los cargos de Vicerrector Acad\u00e9mico, Bradley Hilgert; y, Vicerrectora de Posgrado e Investigaci\u00f3n en Artes, Olga del Pilar L\u00f3pez.&nbsp;&nbsp;&nbsp;<\/p>\n\n\n\n<p>Las elecciones en la Universidad de las Artes se desarrollaron el 5 de diciembre de 2020, de 08:00 a 17:000. En la jornada se eligi\u00f3 tambi\u00e9n a los miembros del \u00d3rgano Colegiado Superior y del Consejo Directivo de Escuelas. &nbsp;<\/p>\n\n\n\n<p>Las nuevas autoridades universitarias cumplir\u00e1n funciones en el periodo 2021\u20132025. En la UArtes, William Herrera se ha desempe\u00f1ado como Secretario Acad\u00e9mico y como tal ha supervisado, en coordinaci\u00f3n con el Vicerrectorado Acad\u00e9mico y las escuelas, los procesos de la universidad desde el 2017, en especial: admisiones, matriculaci\u00f3n y titulaci\u00f3n. Con un doctorado, obtenido en la Universidad de Par\u00eds I Pantheon-Sorbonne, ha ejercido como docente del Departamento Transversal de Teor\u00edas Cr\u00edticas y Pr\u00e1cticas Experimentales, impartiendo las asignaturas de Pol\u00edtica y Cultura en Am\u00e9rica Latina y Gesti\u00f3n y Pol\u00edtica de la Cultura. En este semestre asumi\u00f3 el Taller de Producci\u00f3n y Gesti\u00f3n de la licenciatura de Danza. Sus investigaciones en curso est\u00e1n enfocadas en la construcci\u00f3n de la pol\u00edtica p\u00fablica de la cultura del Ecuador. Tiene, adem\u00e1s, publicaciones en espa\u00f1ol, ingl\u00e9s y franc\u00e9s. En la UArtes es tambi\u00e9n miembro de la Secretar\u00eda T\u00e9cnica de Evaluaci\u00f3n Interna y form\u00f3 parte del comit\u00e9 organizador de Interactitos, encuentro infantil de artes.&nbsp;<\/p>\n\n\n\n<p>El reci\u00e9n proclamado Vicerrector Acad\u00e9mico, Bradley Hilgert, es doctor en Literatura y Cultura Latinoamericana. Escribi\u00f3 su tesis doctoral sobre el pensamiento de Ignacio Ellacuria, m\u00e1rtir de la Universidad Centroamericana (UCA), lo que lo llev\u00f3 a investigar sobre las pedagog\u00edas de la liberaci\u00f3n latinoamericanas y a trabajar por implementar un modelo pedag\u00f3gico aterrizado en la realidad hist\u00f3rica latinoamericana. En la UArtes ha dirigido varias propuestas colectivas, encaminadas estas hacia la construcci\u00f3n de una pedagog\u00eda cr\u00edtica alternativa en vinculaci\u00f3n con la comunidad. Fue coeditor de los proyectos Nigeria y <em>Radio La Tapi\u00f1ada,<\/em> premiados a nivel nacional e internacional. Especializado en estudios de la memoria, subalternos, decoloniales y poscoloniales, en el marco de la filosof\u00eda y el pensamiento latinoamericanos, ha publicado textos acad\u00e9micos sobre el pensamiento centroamericano, la literatura comprometida de El Salvador, entre otros.&nbsp;<\/p>\n\n\n\n<p>La elegida Vicerrectora de Posgrado e Investigaci\u00f3n en Artes, Olga del Pilar L\u00f3pez, es profesora titular de la UArtes y son sus principales intereses acad\u00e9micos: filosof\u00eda del arte, est\u00e9ticas y estesiolog\u00edas de los cuerpos, estudios urbanos y po\u00e9ticas urbanas. Entre sus publicaciones destacadas constan:&nbsp;<em>La Philosophie tragique chez Cl\u00e9ment Rossel: un regard sur le r\u00e9el,<\/em>&nbsp;Par\u00eds, L\u00b4Harmattan; y,&nbsp;<em>Proust-Deleuze: les signes des jeunes-filles.<\/em>&nbsp;Tambi\u00e9n&nbsp;<em>Amarilla y Roja. Est\u00e9ticas de la prensa sensacionalista,<\/em>&nbsp;Medell\u00edn, Coedici\u00f3n Universidad Nacional y Universidad EAFIT;&nbsp;<em>El crimen del arte, Las fuerzas que forman y de-forman el cuerpo, El ritornelo: un cristal sonoro,<\/em>&nbsp;entre otros.&nbsp; Las nuevas autoridades UArtes ser\u00e1n posesionadas el pr\u00f3ximo 4 de enero de 2021, seg\u00fan consta en el calendario de elecciones. Junto con el Rector, el Vicerrector Acad\u00e9mico y la Vicerrectora de Posgrado e Investigaci\u00f3n en Artes, los miembros del \u00d3rgano Colegiado Superior y del Consejo Directivo de Escuelas, cuyos ganadores fueron igualmente proclamados por el Tribunal de Elecciones de la UArtes mediante las resoluciones No. TE-TELETRABAJO-2020-022 y No. TE-TELETRABAJO-2020-021, respectivamente. Esta informaci\u00f3n se encuentra en el sitio web de la universidad.&nbsp;<\/p>","protected":false},"excerpt":{"rendered":"<p>El doctor William An\u00edbal Herrera R\u00edos es el nuevo rector de la Universidad de las Artes. El Tribunal de Elecciones de la UArtes lo proclam\u00f3 ganador junto a los candidatos que se postularon con \u00e9l en la Lista 1, Movimiento Autonom\u00eda Universitaria por las Artes (AUA), para la elecci\u00f3n de m\u00e1ximas autoridades. Para los cargos de Vicerrector Acad\u00e9mico, Bradley Hilgert; y, Vicerrectora de Posgrado e Investigaci\u00f3n en Artes, Olga del Pilar L\u00f3pez.  <\/p>","protected":false},"author":1,"featured_media":11732,"comment_status":"closed","ping_status":"closed","sticky":false,"template":"","format":"standard","meta":{"_acf_changed":false,"_uag_custom_page_level_css":"","_monsterinsights_skip_tracking":false,"_monsterinsights_sitenote_active":false,"_monsterinsights_sitenote_note":"","_monsterinsights_sitenote_category":0,"cybocfi_hide_featured_image":"","footnotes":""},"categories":[75,76,77,84],"tags":[370],"infouartes":[],"class_list":["post-11731","post","type-post","status-publish","format-standard","has-post-thumbnail","hentry","category-docentes","category-estudiantes","category-gestion","category-rectorado","tag-uartes-decide"],"acf":[],"yoast_head":"<!-- This site is optimized with the Yoast SEO plugin v27.4 - https:\/\/yoast.com\/product\/yoast-seo-wordpress\/ -->\n<title>Universidad de las Artes - Tribunal de Elecciones UArtes proclama a los ganadores a rector y vicerrectores<\/title>\n<meta name=\"description\" content=\"Universidad de las Artes - Tribunal de Elecciones UArtes proclama a los ganadores a rector y vicerrectores\" \/>\n<meta name=\"robots\" content=\"index, follow, max-snippet:-1, max-image-preview:large, max-video-preview:-1\" \/>\n<link rel=\"canonical\" href=\"https:\/\/www.uartes.edu.ec\/sitio\/en\/blog\/2020\/12\/11\/tribunal-de-elecciones-uartes-proclama-a-los-ganadores-a-rector-y-vicerrectores\/\" \/>\n<meta property=\"og:locale\" content=\"en_US\" \/>\n<meta property=\"og:type\" content=\"article\" \/>\n<meta property=\"og:title\" content=\"Universidad de las Artes - Tribunal de Elecciones UArtes proclama a los ganadores a rector y vicerrectores\" \/>\n<meta property=\"og:description\" content=\"Universidad de las Artes - Tribunal de Elecciones UArtes proclama a los ganadores a rector y vicerrectores\" \/>\n<meta property=\"og:url\" content=\"https:\/\/www.uartes.edu.ec\/sitio\/en\/blog\/2020\/12\/11\/tribunal-de-elecciones-uartes-proclama-a-los-ganadores-a-rector-y-vicerrectores\/\" \/>\n<meta property=\"og:site_name\" content=\"Universidad de las Artes\" \/>\n<meta property=\"article:publisher\" content=\"https:\/\/www.facebook.com\/uartesec\" \/>\n<meta property=\"article:published_time\" content=\"2020-12-11T16:11:09+00:00\" \/>\n<meta property=\"article:modified_time\" content=\"2025-08-04T22:32:44+00:00\" \/>\n<meta property=\"og:image\" content=\"https:\/\/www.uartes.edu.ec\/sitio\/wp-content\/uploads\/2020\/12\/thumbnail_image004-copia.jpg\" \/>\n\t<meta property=\"og:image:width\" content=\"2000\" \/>\n\t<meta property=\"og:image:height\" content=\"1333\" \/>\n\t<meta property=\"og:image:type\" content=\"image\/jpeg\" \/>\n<meta name=\"author\" content=\"Universidad de las Artes\" \/>\n<meta name=\"twitter:card\" content=\"summary_large_image\" \/>\n<meta name=\"twitter:creator\" content=\"@uartesec\" \/>\n<meta name=\"twitter:site\" content=\"@uartesec\" \/>\n<meta name=\"twitter:label1\" content=\"Written by\" \/>\n\t<meta name=\"twitter:data1\" content=\"Universidad de las Artes\" \/>\n\t<meta name=\"twitter:label2\" content=\"Est. reading time\" \/>\n\t<meta name=\"twitter:data2\" content=\"3 minutes\" \/>\n<script type=\"application\/ld+json\" class=\"yoast-schema-graph\">{\"@context\":\"https:\\\/\\\/schema.org\",\"@graph\":[{\"@type\":\"Article\",\"@id\":\"https:\\\/\\\/www.uartes.edu.ec\\\/sitio\\\/en\\\/blog\\\/2020\\\/12\\\/11\\\/tribunal-de-elecciones-uartes-proclama-a-los-ganadores-a-rector-y-vicerrectores\\\/#article\",\"isPartOf\":{\"@id\":\"https:\\\/\\\/www.uartes.edu.ec\\\/sitio\\\/en\\\/blog\\\/2020\\\/12\\\/11\\\/tribunal-de-elecciones-uartes-proclama-a-los-ganadores-a-rector-y-vicerrectores\\\/\"},\"author\":{\"name\":\"Universidad de las Artes\",\"@id\":\"https:\\\/\\\/www.uartes.edu.ec\\\/sitio\\\/en\\\/#\\\/schema\\\/person\\\/f33f8c1d2af0d5c80a38c8abf458184a\"},\"headline\":\"Tribunal de Elecciones UArtes proclama a los ganadores a rector y vicerrectores\",\"datePublished\":\"2020-12-11T16:11:09+00:00\",\"dateModified\":\"2025-08-04T22:32:44+00:00\",\"mainEntityOfPage\":{\"@id\":\"https:\\\/\\\/www.uartes.edu.ec\\\/sitio\\\/en\\\/blog\\\/2020\\\/12\\\/11\\\/tribunal-de-elecciones-uartes-proclama-a-los-ganadores-a-rector-y-vicerrectores\\\/\"},\"wordCount\":684,\"publisher\":{\"@id\":\"https:\\\/\\\/www.uartes.edu.ec\\\/sitio\\\/en\\\/#organization\"},\"image\":{\"@id\":\"https:\\\/\\\/www.uartes.edu.ec\\\/sitio\\\/en\\\/blog\\\/2020\\\/12\\\/11\\\/tribunal-de-elecciones-uartes-proclama-a-los-ganadores-a-rector-y-vicerrectores\\\/#primaryimage\"},\"thumbnailUrl\":\"https:\\\/\\\/www.uartes.edu.ec\\\/sitio\\\/wp-content\\\/uploads\\\/2020\\\/12\\\/thumbnail_image004-copia.jpg\",\"keywords\":[\"UArtes Decide\"],\"articleSection\":[\"Docentes\",\"Estudiantes\",\"Gesti\u00f3n\",\"Rectorado\"],\"inLanguage\":\"en-US\"},{\"@type\":[\"WebPage\",\"ItemPage\"],\"@id\":\"https:\\\/\\\/www.uartes.edu.ec\\\/sitio\\\/en\\\/blog\\\/2020\\\/12\\\/11\\\/tribunal-de-elecciones-uartes-proclama-a-los-ganadores-a-rector-y-vicerrectores\\\/\",\"url\":\"https:\\\/\\\/www.uartes.edu.ec\\\/sitio\\\/en\\\/blog\\\/2020\\\/12\\\/11\\\/tribunal-de-elecciones-uartes-proclama-a-los-ganadores-a-rector-y-vicerrectores\\\/\",\"name\":\"Universidad de las Artes - Tribunal de Elecciones UArtes proclama a los ganadores a rector y vicerrectores\",\"isPartOf\":{\"@id\":\"https:\\\/\\\/www.uartes.edu.ec\\\/sitio\\\/en\\\/#website\"},\"primaryImageOfPage\":{\"@id\":\"https:\\\/\\\/www.uartes.edu.ec\\\/sitio\\\/en\\\/blog\\\/2020\\\/12\\\/11\\\/tribunal-de-elecciones-uartes-proclama-a-los-ganadores-a-rector-y-vicerrectores\\\/#primaryimage\"},\"image\":{\"@id\":\"https:\\\/\\\/www.uartes.edu.ec\\\/sitio\\\/en\\\/blog\\\/2020\\\/12\\\/11\\\/tribunal-de-elecciones-uartes-proclama-a-los-ganadores-a-rector-y-vicerrectores\\\/#primaryimage\"},\"thumbnailUrl\":\"https:\\\/\\\/www.uartes.edu.ec\\\/sitio\\\/wp-content\\\/uploads\\\/2020\\\/12\\\/thumbnail_image004-copia.jpg\",\"datePublished\":\"2020-12-11T16:11:09+00:00\",\"dateModified\":\"2025-08-04T22:32:44+00:00\",\"description\":\"Universidad de las Artes - Tribunal de Elecciones UArtes proclama a los ganadores a rector y vicerrectores\",\"breadcrumb\":{\"@id\":\"https:\\\/\\\/www.uartes.edu.ec\\\/sitio\\\/en\\\/blog\\\/2020\\\/12\\\/11\\\/tribunal-de-elecciones-uartes-proclama-a-los-ganadores-a-rector-y-vicerrectores\\\/#breadcrumb\"},\"inLanguage\":\"en-US\",\"potentialAction\":[{\"@type\":\"ReadAction\",\"target\":[\"https:\\\/\\\/www.uartes.edu.ec\\\/sitio\\\/en\\\/blog\\\/2020\\\/12\\\/11\\\/tribunal-de-elecciones-uartes-proclama-a-los-ganadores-a-rector-y-vicerrectores\\\/\"]}]},{\"@type\":\"ImageObject\",\"inLanguage\":\"en-US\",\"@id\":\"https:\\\/\\\/www.uartes.edu.ec\\\/sitio\\\/en\\\/blog\\\/2020\\\/12\\\/11\\\/tribunal-de-elecciones-uartes-proclama-a-los-ganadores-a-rector-y-vicerrectores\\\/#primaryimage\",\"url\":\"https:\\\/\\\/www.uartes.edu.ec\\\/sitio\\\/wp-content\\\/uploads\\\/2020\\\/12\\\/thumbnail_image004-copia.jpg\",\"contentUrl\":\"https:\\\/\\\/www.uartes.edu.ec\\\/sitio\\\/wp-content\\\/uploads\\\/2020\\\/12\\\/thumbnail_image004-copia.jpg\",\"width\":2000,\"height\":1333},{\"@type\":\"BreadcrumbList\",\"@id\":\"https:\\\/\\\/www.uartes.edu.ec\\\/sitio\\\/en\\\/blog\\\/2020\\\/12\\\/11\\\/tribunal-de-elecciones-uartes-proclama-a-los-ganadores-a-rector-y-vicerrectores\\\/#breadcrumb\",\"itemListElement\":[{\"@type\":\"ListItem\",\"position\":1,\"name\":\"Inicio\",\"item\":\"https:\\\/\\\/www.uartes.edu.ec\\\/sitio\\\/\"},{\"@type\":\"ListItem\",\"position\":2,\"name\":\"Tribunal de Elecciones UArtes proclama a los ganadores a rector y vicerrectores\"}]},{\"@type\":\"WebSite\",\"@id\":\"https:\\\/\\\/www.uartes.edu.ec\\\/sitio\\\/en\\\/#website\",\"url\":\"https:\\\/\\\/www.uartes.edu.ec\\\/sitio\\\/en\\\/\",\"name\":\"Universidad de las Artes\",\"description\":\"Sitio oficial de la Universidad Nacional de las Artes del Ecuador\",\"publisher\":{\"@id\":\"https:\\\/\\\/www.uartes.edu.ec\\\/sitio\\\/en\\\/#organization\"},\"potentialAction\":[{\"@type\":\"SearchAction\",\"target\":{\"@type\":\"EntryPoint\",\"urlTemplate\":\"https:\\\/\\\/www.uartes.edu.ec\\\/sitio\\\/en\\\/?s={search_term_string}\"},\"query-input\":{\"@type\":\"PropertyValueSpecification\",\"valueRequired\":true,\"valueName\":\"search_term_string\"}}],\"inLanguage\":\"en-US\"},{\"@type\":\"Organization\",\"@id\":\"https:\\\/\\\/www.uartes.edu.ec\\\/sitio\\\/en\\\/#organization\",\"name\":\"Universidad de las Artes\",\"url\":\"https:\\\/\\\/www.uartes.edu.ec\\\/sitio\\\/en\\\/\",\"logo\":{\"@type\":\"ImageObject\",\"inLanguage\":\"en-US\",\"@id\":\"https:\\\/\\\/www.uartes.edu.ec\\\/sitio\\\/en\\\/#\\\/schema\\\/logo\\\/image\\\/\",\"url\":\"https:\\\/\\\/www.uartes.edu.ec\\\/sitio\\\/wp-content\\\/uploads\\\/2022\\\/07\\\/logo-ua-horizontal.png\",\"contentUrl\":\"https:\\\/\\\/www.uartes.edu.ec\\\/sitio\\\/wp-content\\\/uploads\\\/2022\\\/07\\\/logo-ua-horizontal.png\",\"width\":800,\"height\":276,\"caption\":\"Universidad de las Artes\"},\"image\":{\"@id\":\"https:\\\/\\\/www.uartes.edu.ec\\\/sitio\\\/en\\\/#\\\/schema\\\/logo\\\/image\\\/\"},\"sameAs\":[\"https:\\\/\\\/www.facebook.com\\\/uartesec\",\"https:\\\/\\\/x.com\\\/uartesec\",\"https:\\\/\\\/www.tiktok.com\\\/@uartesec\"]},{\"@type\":\"Person\",\"@id\":\"https:\\\/\\\/www.uartes.edu.ec\\\/sitio\\\/en\\\/#\\\/schema\\\/person\\\/f33f8c1d2af0d5c80a38c8abf458184a\",\"name\":\"Universidad de las Artes\",\"image\":{\"@type\":\"ImageObject\",\"inLanguage\":\"en-US\",\"@id\":\"https:\\\/\\\/secure.gravatar.com\\\/avatar\\\/52e4757902f5cfa5ac52d020e5be83cae5487519154b6c35482fe08d589f3c13?s=96&d=mm&r=g\",\"url\":\"https:\\\/\\\/secure.gravatar.com\\\/avatar\\\/52e4757902f5cfa5ac52d020e5be83cae5487519154b6c35482fe08d589f3c13?s=96&d=mm&r=g\",\"contentUrl\":\"https:\\\/\\\/secure.gravatar.com\\\/avatar\\\/52e4757902f5cfa5ac52d020e5be83cae5487519154b6c35482fe08d589f3c13?s=96&d=mm&r=g\",\"caption\":\"Universidad de las Artes\"},\"url\":\"https:\\\/\\\/www.uartes.edu.ec\\\/sitio\\\/en\\\/blog\\\/author\\\/dircomadm\\\/\"}]}<\/script>\n<!-- \/ Yoast SEO plugin. -->","yoast_head_json":{"title":"Universidad de las Artes - Tribunal de Elecciones UArtes proclama a los ganadores a rector y vicerrectores","description":"Universidad de las Artes - Tribunal de Elecciones UArtes proclama a los ganadores a rector y vicerrectores","robots":{"index":"index","follow":"follow","max-snippet":"max-snippet:-1","max-image-preview":"max-image-preview:large","max-video-preview":"max-video-preview:-1"},"canonical":"https:\/\/www.uartes.edu.ec\/sitio\/en\/blog\/2020\/12\/11\/tribunal-de-elecciones-uartes-proclama-a-los-ganadores-a-rector-y-vicerrectores\/","og_locale":"en_US","og_type":"article","og_title":"Universidad de las Artes - Tribunal de Elecciones UArtes proclama a los ganadores a rector y vicerrectores","og_description":"Universidad de las Artes - Tribunal de Elecciones UArtes proclama a los ganadores a rector y vicerrectores","og_url":"https:\/\/www.uartes.edu.ec\/sitio\/en\/blog\/2020\/12\/11\/tribunal-de-elecciones-uartes-proclama-a-los-ganadores-a-rector-y-vicerrectores\/","og_site_name":"Universidad de las Artes","article_publisher":"https:\/\/www.facebook.com\/uartesec","article_published_time":"2020-12-11T16:11:09+00:00","article_modified_time":"2025-08-04T22:32:44+00:00","og_image":[{"width":2000,"height":1333,"url":"https:\/\/www.uartes.edu.ec\/sitio\/wp-content\/uploads\/2020\/12\/thumbnail_image004-copia.jpg","type":"image\/jpeg"}],"author":"Universidad de las Artes","twitter_card":"summary_large_image","twitter_creator":"@uartesec","twitter_site":"@uartesec","twitter_misc":{"Written by":"Universidad de las Artes","Est. reading time":"3 minutes"},"schema":{"@context":"https:\/\/schema.org","@graph":[{"@type":"Article","@id":"https:\/\/www.uartes.edu.ec\/sitio\/en\/blog\/2020\/12\/11\/tribunal-de-elecciones-uartes-proclama-a-los-ganadores-a-rector-y-vicerrectores\/#article","isPartOf":{"@id":"https:\/\/www.uartes.edu.ec\/sitio\/en\/blog\/2020\/12\/11\/tribunal-de-elecciones-uartes-proclama-a-los-ganadores-a-rector-y-vicerrectores\/"},"author":{"name":"Universidad de las Artes","@id":"https:\/\/www.uartes.edu.ec\/sitio\/en\/#\/schema\/person\/f33f8c1d2af0d5c80a38c8abf458184a"},"headline":"Tribunal de Elecciones UArtes proclama a los ganadores a rector y vicerrectores","datePublished":"2020-12-11T16:11:09+00:00","dateModified":"2025-08-04T22:32:44+00:00","mainEntityOfPage":{"@id":"https:\/\/www.uartes.edu.ec\/sitio\/en\/blog\/2020\/12\/11\/tribunal-de-elecciones-uartes-proclama-a-los-ganadores-a-rector-y-vicerrectores\/"},"wordCount":684,"publisher":{"@id":"https:\/\/www.uartes.edu.ec\/sitio\/en\/#organization"},"image":{"@id":"https:\/\/www.uartes.edu.ec\/sitio\/en\/blog\/2020\/12\/11\/tribunal-de-elecciones-uartes-proclama-a-los-ganadores-a-rector-y-vicerrectores\/#primaryimage"},"thumbnailUrl":"https:\/\/www.uartes.edu.ec\/sitio\/wp-content\/uploads\/2020\/12\/thumbnail_image004-copia.jpg","keywords":["UArtes Decide"],"articleSection":["Docentes","Estudiantes","Gesti\u00f3n","Rectorado"],"inLanguage":"en-US"},{"@type":["WebPage","ItemPage"],"@id":"https:\/\/www.uartes.edu.ec\/sitio\/en\/blog\/2020\/12\/11\/tribunal-de-elecciones-uartes-proclama-a-los-ganadores-a-rector-y-vicerrectores\/","url":"https:\/\/www.uartes.edu.ec\/sitio\/en\/blog\/2020\/12\/11\/tribunal-de-elecciones-uartes-proclama-a-los-ganadores-a-rector-y-vicerrectores\/","name":"Universidad de las Artes - Tribunal de Elecciones UArtes proclama a los ganadores a rector y vicerrectores","isPartOf":{"@id":"https:\/\/www.uartes.edu.ec\/sitio\/en\/#website"},"primaryImageOfPage":{"@id":"https:\/\/www.uartes.edu.ec\/sitio\/en\/blog\/2020\/12\/11\/tribunal-de-elecciones-uartes-proclama-a-los-ganadores-a-rector-y-vicerrectores\/#primaryimage"},"image":{"@id":"https:\/\/www.uartes.edu.ec\/sitio\/en\/blog\/2020\/12\/11\/tribunal-de-elecciones-uartes-proclama-a-los-ganadores-a-rector-y-vicerrectores\/#primaryimage"},"thumbnailUrl":"https:\/\/www.uartes.edu.ec\/sitio\/wp-content\/uploads\/2020\/12\/thumbnail_image004-copia.jpg","datePublished":"2020-12-11T16:11:09+00:00","dateModified":"2025-08-04T22:32:44+00:00","description":"Universidad de las Artes - Tribunal de Elecciones UArtes proclama a los ganadores a rector y vicerrectores","breadcrumb":{"@id":"https:\/\/www.uartes.edu.ec\/sitio\/en\/blog\/2020\/12\/11\/tribunal-de-elecciones-uartes-proclama-a-los-ganadores-a-rector-y-vicerrectores\/#breadcrumb"},"inLanguage":"en-US","potentialAction":[{"@type":"ReadAction","target":["https:\/\/www.uartes.edu.ec\/sitio\/en\/blog\/2020\/12\/11\/tribunal-de-elecciones-uartes-proclama-a-los-ganadores-a-rector-y-vicerrectores\/"]}]},{"@type":"ImageObject","inLanguage":"en-US","@id":"https:\/\/www.uartes.edu.ec\/sitio\/en\/blog\/2020\/12\/11\/tribunal-de-elecciones-uartes-proclama-a-los-ganadores-a-rector-y-vicerrectores\/#primaryimage","url":"https:\/\/www.uartes.edu.ec\/sitio\/wp-content\/uploads\/2020\/12\/thumbnail_image004-copia.jpg","contentUrl":"https:\/\/www.uartes.edu.ec\/sitio\/wp-content\/uploads\/2020\/12\/thumbnail_image004-copia.jpg","width":2000,"height":1333},{"@type":"BreadcrumbList","@id":"https:\/\/www.uartes.edu.ec\/sitio\/en\/blog\/2020\/12\/11\/tribunal-de-elecciones-uartes-proclama-a-los-ganadores-a-rector-y-vicerrectores\/#breadcrumb","itemListElement":[{"@type":"ListItem","position":1,"name":"Inicio","item":"https:\/\/www.uartes.edu.ec\/sitio\/"},{"@type":"ListItem","position":2,"name":"Tribunal de Elecciones UArtes proclama a los ganadores a rector y vicerrectores"}]},{"@type":"WebSite","@id":"https:\/\/www.uartes.edu.ec\/sitio\/en\/#website","url":"https:\/\/www.uartes.edu.ec\/sitio\/en\/","name":"Universidad de las Artes","description":"Sitio oficial de la Universidad Nacional de las Artes del Ecuador","publisher":{"@id":"https:\/\/www.uartes.edu.ec\/sitio\/en\/#organization"},"potentialAction":[{"@type":"SearchAction","target":{"@type":"EntryPoint","urlTemplate":"https:\/\/www.uartes.edu.ec\/sitio\/en\/?s={search_term_string}"},"query-input":{"@type":"PropertyValueSpecification","valueRequired":true,"valueName":"search_term_string"}}],"inLanguage":"en-US"},{"@type":"Organization","@id":"https:\/\/www.uartes.edu.ec\/sitio\/en\/#organization","name":"Universidad de las Artes","url":"https:\/\/www.uartes.edu.ec\/sitio\/en\/","logo":{"@type":"ImageObject","inLanguage":"en-US","@id":"https:\/\/www.uartes.edu.ec\/sitio\/en\/#\/schema\/logo\/image\/","url":"https:\/\/www.uartes.edu.ec\/sitio\/wp-content\/uploads\/2022\/07\/logo-ua-horizontal.png","contentUrl":"https:\/\/www.uartes.edu.ec\/sitio\/wp-content\/uploads\/2022\/07\/logo-ua-horizontal.png","width":800,"height":276,"caption":"Universidad de las Artes"},"image":{"@id":"https:\/\/www.uartes.edu.ec\/sitio\/en\/#\/schema\/logo\/image\/"},"sameAs":["https:\/\/www.facebook.com\/uartesec","https:\/\/x.com\/uartesec","https:\/\/www.tiktok.com\/@uartesec"]},{"@type":"Person","@id":"https:\/\/www.uartes.edu.ec\/sitio\/en\/#\/schema\/person\/f33f8c1d2af0d5c80a38c8abf458184a","name":"Universidad de las Artes","image":{"@type":"ImageObject","inLanguage":"en-US","@id":"https:\/\/secure.gravatar.com\/avatar\/52e4757902f5cfa5ac52d020e5be83cae5487519154b6c35482fe08d589f3c13?s=96&d=mm&r=g","url":"https:\/\/secure.gravatar.com\/avatar\/52e4757902f5cfa5ac52d020e5be83cae5487519154b6c35482fe08d589f3c13?s=96&d=mm&r=g","contentUrl":"https:\/\/secure.gravatar.com\/avatar\/52e4757902f5cfa5ac52d020e5be83cae5487519154b6c35482fe08d589f3c13?s=96&d=mm&r=g","caption":"Universidad de las Artes"},"url":"https:\/\/www.uartes.edu.ec\/sitio\/en\/blog\/author\/dircomadm\/"}]}},"uagb_featured_image_src":{"full":["https:\/\/www.uartes.edu.ec\/sitio\/wp-content\/uploads\/2020\/12\/thumbnail_image004-copia.jpg",2000,1333,false],"thumbnail":["https:\/\/www.uartes.edu.ec\/sitio\/wp-content\/uploads\/2020\/12\/thumbnail_image004-copia-150x150.jpg",150,150,true],"medium":["https:\/\/www.uartes.edu.ec\/sitio\/wp-content\/uploads\/2020\/12\/thumbnail_image004-copia-300x200.jpg",300,200,true],"medium_large":["https:\/\/www.uartes.edu.ec\/sitio\/wp-content\/uploads\/2020\/12\/thumbnail_image004-copia-768x512.jpg",768,512,true],"large":["https:\/\/www.uartes.edu.ec\/sitio\/wp-content\/uploads\/2020\/12\/thumbnail_image004-copia-644x429.jpg",644,429,true],"1536x1536":["https:\/\/www.uartes.edu.ec\/sitio\/wp-content\/uploads\/2020\/12\/thumbnail_image004-copia-1536x1024.jpg",1536,1024,true],"2048x2048":["https:\/\/www.uartes.edu.ec\/sitio\/wp-content\/uploads\/2020\/12\/thumbnail_image004-copia.jpg",2000,1333,false],"trp-custom-language-flag":["https:\/\/www.uartes.edu.ec\/sitio\/wp-content\/uploads\/2020\/12\/thumbnail_image004-copia.jpg",18,12,false],"htmega_size_585x295":["https:\/\/www.uartes.edu.ec\/sitio\/wp-content\/uploads\/2020\/12\/thumbnail_image004-copia-585x295.jpg",585,295,true],"htmega_size_1170x536":["https:\/\/www.uartes.edu.ec\/sitio\/wp-content\/uploads\/2020\/12\/thumbnail_image004-copia-1170x536.jpg",1170,536,true],"htmega_size_396x360":["https:\/\/www.uartes.edu.ec\/sitio\/wp-content\/uploads\/2020\/12\/thumbnail_image004-copia-396x360.jpg",396,360,true],"gb-block-post-grid-landscape":["https:\/\/www.uartes.edu.ec\/sitio\/wp-content\/uploads\/2020\/12\/thumbnail_image004-copia.jpg",600,400,false],"gb-block-post-grid-square":["https:\/\/www.uartes.edu.ec\/sitio\/wp-content\/uploads\/2020\/12\/thumbnail_image004-copia.jpg",600,400,false],"university-hub-thumb":["https:\/\/www.uartes.edu.ec\/sitio\/wp-content\/uploads\/2020\/12\/thumbnail_image004-copia.jpg",400,267,false],"mailpoet_newsletter_max":["https:\/\/www.uartes.edu.ec\/sitio\/wp-content\/uploads\/2020\/12\/thumbnail_image004-copia.jpg",1320,880,false]},"uagb_author_info":{"display_name":"Universidad de las Artes","author_link":"https:\/\/www.uartes.edu.ec\/sitio\/en\/blog\/author\/dircomadm\/"},"uagb_comment_info":0,"uagb_excerpt":"El doctor William An\u00edbal Herrera R\u00edos es el nuevo rector de la Universidad de las Artes. El Tribunal de Elecciones de la UArtes lo proclam\u00f3 ganador junto a los candidatos que se postularon con \u00e9l en la Lista 1, Movimiento Autonom\u00eda Universitaria por las Artes (AUA), para la elecci\u00f3n de m\u00e1ximas autoridades. Para los cargos&hellip;","featured_image_src":"https:\/\/www.uartes.edu.ec\/sitio\/wp-content\/uploads\/2020\/12\/thumbnail_image004-copia.jpg","featured_image_src_square":"https:\/\/www.uartes.edu.ec\/sitio\/wp-content\/uploads\/2020\/12\/thumbnail_image004-copia.jpg","author_info":{"display_name":"Universidad de las Artes","author_link":"https:\/\/www.uartes.edu.ec\/sitio\/en\/blog\/author\/dircomadm\/"},"publishpress_future_workflow_manual_trigger":{"enabledWorkflows":[]},"distributor_meta":false,"distributor_terms":false,"distributor_media":false,"distributor_original_site_name":"Universidad de las Artes","distributor_original_site_url":"https:\/\/www.uartes.edu.ec\/sitio\/en","push-errors":false,"_links":{"self":[{"href":"https:\/\/www.uartes.edu.ec\/sitio\/en\/wp-json\/wp\/v2\/posts\/11731","targetHints":{"allow":["GET"]}}],"collection":[{"href":"https:\/\/www.uartes.edu.ec\/sitio\/en\/wp-json\/wp\/v2\/posts"}],"about":[{"href":"https:\/\/www.uartes.edu.ec\/sitio\/en\/wp-json\/wp\/v2\/types\/post"}],"author":[{"embeddable":true,"href":"https:\/\/www.uartes.edu.ec\/sitio\/en\/wp-json\/wp\/v2\/users\/1"}],"replies":[{"embeddable":true,"href":"https:\/\/www.uartes.edu.ec\/sitio\/en\/wp-json\/wp\/v2\/comments?post=11731"}],"version-history":[{"count":4,"href":"https:\/\/www.uartes.edu.ec\/sitio\/en\/wp-json\/wp\/v2\/posts\/11731\/revisions"}],"predecessor-version":[{"id":76243,"href":"https:\/\/www.uartes.edu.ec\/sitio\/en\/wp-json\/wp\/v2\/posts\/11731\/revisions\/76243"}],"wp:featuredmedia":[{"embeddable":true,"href":"https:\/\/www.uartes.edu.ec\/sitio\/en\/wp-json\/wp\/v2\/media\/11732"}],"wp:attachment":[{"href":"https:\/\/www.uartes.edu.ec\/sitio\/en\/wp-json\/wp\/v2\/media?parent=11731"}],"wp:term":[{"taxonomy":"category","embeddable":true,"href":"https:\/\/www.uartes.edu.ec\/sitio\/en\/wp-json\/wp\/v2\/categories?post=11731"},{"taxonomy":"post_tag","embeddable":true,"href":"https:\/\/www.uartes.edu.ec\/sitio\/en\/wp-json\/wp\/v2\/tags?post=11731"},{"taxonomy":"infouartes","embeddable":true,"href":"https:\/\/www.uartes.edu.ec\/sitio\/en\/wp-json\/wp\/v2\/infouartes?post=11731"}],"curies":[{"name":"wp","href":"https:\/\/api.w.org\/{rel}","templated":true}]}}