{"id":1178,"date":"2018-01-29T14:04:28","date_gmt":"2018-01-29T19:04:28","guid":{"rendered":"http:\/\/www.uartes.edu.ec\/infouartes\/?p=1178"},"modified":"2024-07-04T11:53:59","modified_gmt":"2024-07-04T16:53:59","slug":"biblioteca-de-las-artes-un-lugar-para-ser-una-persona-libro","status":"publish","type":"post","link":"https:\/\/www.uartes.edu.ec\/sitio\/en\/blog\/2018\/01\/29\/biblioteca-de-las-artes-un-lugar-para-ser-una-persona-libro\/","title":{"rendered":"Biblioteca de las Artes, un lugar para ser una persona-libro"},"content":{"rendered":"<p><em>Por Laura Nivela<\/em><\/p>\n<p>Muchas veces sucede que el acercamiento de una persona a la literatura\/lectura se da desde el momento en que sus manos tocan por primera vez un libro intencionadamente, cuando no solo toca con las manos y los ojos, sino, tambi\u00e9n, cuando lo huele o escucha el sonido de sus p\u00e1ginas al pasar. Como por ejemplo cuando las manos de Montag, el personaje principal de la obra\u00a0<em>Fahrenheit 451<\/em> de Ray Bradbury, llevada al cine bajo el mismo nombre por Fran\u00e7ois Truffaut, abren el libro y \u00e9l empieza a leer de manera tenue las primeras l\u00edneas de un ejemplar robado, fascin\u00e1ndolo a tal grado que empieza a dudar si los libros deber\u00edan estar prohibidos o tal vez fuera mejor que existan bibliotecas para tenerlos. El autor cumple su labor: muestra que la lectura y el poder de un libro ponen en cuestionamiento a la sociedad que rodea al protagonista. La paradoja se encuentra en que la misma persona que se encargaba espec\u00edficamente de quemarlos acaba por salvarlos. En su resistencia al poder, acaba escapando al bosque donde se ocultan los hombres-libro: personas dispuestas a memorizar y preservar toda una obra completa, que recitar\u00e1n para cuando la literatura y el pensar est\u00e9n a salvo y puedan volver a ser publicados, haciendo in\u00fatil la quema de libros.<\/p>\n<p>La Biblioteca de las Artes es un lugar seguro para los hombres-libro: los puedo imaginar jugando en las escaleras el\u00e9ctricas, los puedo escuchar recitar y re\u00edr en mi mente. Los veo en el fuego, entre los sonidos agudos de las m\u00e1quinas, construyendo junto a los trabajadores, entre las b\u00f3vedas doradas o acompa\u00f1ando cada paso del caminante. Tambi\u00e9n los imagino afectados, tristes, desesperados, han dejado rastros de sus manos en los ascensores. El interior del edificio de la Biblioteca de las Artes ubicado entre la calle Aguire y Pichincha se mantiene de color blanco, con extensas paredes de vidrio, con una gran vista al centro de la ciudad. Todos nos vemos chiquitos, como hormigas, los trabajadores y los estudiantes, los veo apurados, corriendo de un banco a otro, siempre con poco tiempo. Me veo mirando el rio, parada desde una gran terraza que quema mis pies. Un hombre-libro corre detr\u00e1s de m\u00ed, giro r\u00e1pidamente y lo \u00fanico que logro ver son sus zapatos, baja las escaleras. El sonido desaparece: lleg\u00f3 a la puerta de la Biblioteca. En las entra\u00f1as ardientes de la ciudad nadie nota que he entrado y que he salido del edificio siendo alguien completamente distinta.<\/p>\n<p>El edificio que inicialmente se erigi\u00f3 para que funcione como el \u2018Banco del Descuento\u2019, m\u00e1s tarde sede de la \u2018Superintendencia de Compa\u00f1\u00edas\u2019, fue construido por el arquitecto checo Karl Kohn en el a\u00f1o 1954. Este edificio fue un \u00edcono en el sistema financiero del Ecuador no solo por su moderna construcci\u00f3n que romp\u00eda el estilo neoclasicista de Guayaquil de inicios del siglo XX, sino que adem\u00e1s cont\u00f3 con la primera escalera el\u00e9ctrica del pa\u00eds. Ahora dicho edificio est\u00e1 siendo rehabilitado para ser un espacio destinado a la educaci\u00f3n superior en artes, respecto a ello, Natalia Tamayo, coordinadora de la Biblioteca, comenta: \u201c\u2026es un proyecto interesante, m\u00e1s aun implantar una biblioteca en un espacio o edificio patrimonial que representa una historia para el Ecuador, que tiene una estructura arquitect\u00f3nica planteada diferente, los tintes de modernidad del edificio, y luego porque fue banca, la reutilizaci\u00f3n de los espacios en beneficio de la ciudadan\u00eda, hace de cualquier proyecto un reto y m\u00e1s a\u00fan si est\u00e1 ligado a la gesti\u00f3n cultural\u201d.<\/p>\n<p>El nuevo espacio de la UArtes se caracterizar\u00e1, entre otras cosas, por ser la primera Biblioteca en el centro de Guayaquil con libre acceso a los libros, es decir, las personas podr\u00e1n tomar el libro directamente de las estanter\u00edas sin intermediarios. La Biblioteca contar\u00e1 con una colecci\u00f3n general 10.233 libros m\u00e1s el archivo hist\u00f3rico del diario \u2018El Tel\u00e9grafo\u2019 que contiene 1.369 tomos de impresos desde 1886, y 1\u00b4400.000 fotos del siglo XX, una colecci\u00f3n especializada en artes y literatura de 21.277 publicaciones, adem\u00e1s cuenta con el Fondo Presidencia de la Rep\u00fablica del Ecuador con 1394 libros, 1325 audiovisuales y 50 pinturas, y el Fondo Romoleroux con alrededor de 3.001 libros.<\/p>\n<p>Pero esta Biblioteca no ser\u00e1 \u00fanicamente una biblioteca, sino un centro de medicaci\u00f3n cultural. Hay varios proyectos interesantes destinados a coexistir: distintos y llamativos espacios, programas art\u00edsticos que cohesionar\u00e1n todos nuestros sentidos y a diferentes p\u00fablicos.<\/p>\n<p>Tambi\u00e9n, la prioridad es hacer un lugar inclusivo y din\u00e1mico para las personas con capacidades especiales, provey\u00e9ndoles de los espacios y actividades adecuadas. Se realizar\u00e1n talleres de experimentaci\u00f3n y concienciaci\u00f3n, como comenta Tamayo: \u201clos talleres de experimentaci\u00f3n se llevar\u00e1n a acabo de manera que los usuarios de nuestra biblioteca sepan c\u00f3mo es tener discapacidades y tener que enfrentarse a un mundo nocivo y, a partir de esas experiencias de impacto, esperamos podamos trabajar algunos puntos innovadores que nos permitan planificar para el 2019 programas inclusivos y fondos bibliogr\u00e1ficos espec\u00edficos\u201d.<\/p>\n<p>Los siguientes pisos de la Biblioteca de las Artes constar\u00e1n con salas de lectura, hemerotecas, mediatecas, servicios t\u00e9cnicos, galer\u00eda de arte, aulas de estudio e investigaci\u00f3n, aulas de trabajo en grupo y \u00e1reas de integraci\u00f3n. Una de las mayores preocupaciones de los alumnos son las \u00e1reas de estudio, seg\u00fan Nicole Coronado, estudiante de la carrera de Literatura, \u201cme preocupan los espacios de estudio porque cada vez estamos creciendo m\u00e1s y debemos pensar donde podemos estudiar. Gran parte del cuerpo estudiantil pasa la mayor parte del d\u00eda dentro de la Universidad, entonces, de muchas maneras, la Biblioteca es la promesa y la materializaci\u00f3n de ese espacio que nos est\u00e1 haciendo tanta falta (\u2026) me parece interesante que cada carrera tenga su espacio, desde los de teatro hasta los de m\u00fasica y que literatura pueda tener un lugar para leer y escribir. La Biblioteca es un lugar para todos\u201d.<\/p>\n<p>Efectivamente, la Biblioteca es una promesa y la materializaci\u00f3n de un espacio para la activaci\u00f3n de la memoria y el intercambio de conocimientos y saberes, donde miles de libros ser\u00e1n agrupados y clasificados uno detr\u00e1s de otro, contando con cada letra una historia y una mente distinta. Los ciudadanos podr\u00e1n unirse a la caminata de la lectura y sentir las distintas texturas y vivencias entre cada hoja y s\u00edlaba.<\/p>\n<p>Tal y como comenta Natalia Tamayo, sobre la reutilizaci\u00f3n de edificios patrimoniales, es una manera de repensar los espacios, las condiciones y los planes a futuro de todo un colectivo. El edificio que alguna vez fue un punto para la gesti\u00f3n bancaria-financiera, ahora es un punto para la gesti\u00f3n de las artes.<\/p>\n<p>Debo recalcar, amable lector, que no debes tener miedo de convertirte en una futura persona-libro en este espacio patrimonial restaurado para la aventura en un \u201cbosque de palabras\u201d. El proceso de la lectura es una exploraci\u00f3n permanente por lo que te invito a apropiarte para intervenir este espacio de pensamientos y di\u00e1logos. Recorre los pasillos de la Biblioteca, descubre sus distintos espacios, sonidos, texturas y olores. La biblioteca es un libro abierto y p\u00fablico para el beneficio de la sociedad, ubicada en el centro de esta ciudad bicentenaria.<\/p>","protected":false},"excerpt":{"rendered":"<p>Por Laura Nivela Muchas veces sucede que el acercamiento de una persona a la literatura\/lectura se da desde el momento en que sus manos tocan por primera vez un libro intencionadamente, cuando no solo toca con las manos y los ojos, sino, tambi\u00e9n, cuando lo huele o escucha el sonido de sus p\u00e1ginas al pasar. [&hellip;]<\/p>\n","protected":false},"author":1,"featured_media":1179,"comment_status":"closed","ping_status":"open","sticky":false,"template":"","format":"standard","meta":{"_acf_changed":false,"_uag_custom_page_level_css":"","_monsterinsights_skip_tracking":false,"_monsterinsights_sitenote_active":false,"_monsterinsights_sitenote_note":"","_monsterinsights_sitenote_category":0,"cybocfi_hide_featured_image":"","footnotes":""},"categories":[77,79],"tags":[41],"infouartes":[],"class_list":["post-1178","post","type-post","status-publish","format-standard","has-post-thumbnail","hentry","category-gestion","category-vinculo","tag-biblioteca"],"acf":[],"yoast_head":"<!-- This site is optimized with the Yoast SEO plugin v27.4 - https:\/\/yoast.com\/product\/yoast-seo-wordpress\/ -->\n<title>Universidad de las Artes - Biblioteca de las Artes, un lugar para ser una persona-libro<\/title>\n<meta name=\"description\" content=\"Universidad de las Artes - Biblioteca de las Artes, un lugar para ser una persona-libro\" \/>\n<meta name=\"robots\" content=\"index, follow, max-snippet:-1, max-image-preview:large, max-video-preview:-1\" \/>\n<link rel=\"canonical\" href=\"https:\/\/www.uartes.edu.ec\/sitio\/en\/blog\/2018\/01\/29\/biblioteca-de-las-artes-un-lugar-para-ser-una-persona-libro\/\" \/>\n<meta property=\"og:locale\" content=\"en_US\" \/>\n<meta property=\"og:type\" content=\"article\" \/>\n<meta property=\"og:title\" content=\"Universidad de las Artes - Biblioteca de las Artes, un lugar para ser una persona-libro\" \/>\n<meta property=\"og:description\" content=\"Universidad de las Artes - Biblioteca de las Artes, un lugar para ser una persona-libro\" \/>\n<meta property=\"og:url\" content=\"https:\/\/www.uartes.edu.ec\/sitio\/en\/blog\/2018\/01\/29\/biblioteca-de-las-artes-un-lugar-para-ser-una-persona-libro\/\" \/>\n<meta property=\"og:site_name\" content=\"Universidad de las Artes\" \/>\n<meta property=\"article:publisher\" content=\"https:\/\/www.facebook.com\/uartesec\" \/>\n<meta property=\"article:published_time\" content=\"2018-01-29T19:04:28+00:00\" \/>\n<meta property=\"article:modified_time\" content=\"2024-07-04T16:53:59+00:00\" \/>\n<meta name=\"author\" content=\"Universidad de las Artes\" \/>\n<meta name=\"twitter:card\" content=\"summary_large_image\" \/>\n<meta name=\"twitter:creator\" content=\"@uartesec\" \/>\n<meta name=\"twitter:site\" content=\"@uartesec\" \/>\n<meta name=\"twitter:label1\" content=\"Written by\" \/>\n\t<meta name=\"twitter:data1\" content=\"Universidad de las Artes\" \/>\n\t<meta name=\"twitter:label2\" content=\"Est. reading time\" \/>\n\t<meta name=\"twitter:data2\" content=\"6 minutes\" \/>\n<script type=\"application\/ld+json\" class=\"yoast-schema-graph\">{\"@context\":\"https:\\\/\\\/schema.org\",\"@graph\":[{\"@type\":\"Article\",\"@id\":\"https:\\\/\\\/www.uartes.edu.ec\\\/sitio\\\/en\\\/blog\\\/2018\\\/01\\\/29\\\/biblioteca-de-las-artes-un-lugar-para-ser-una-persona-libro\\\/#article\",\"isPartOf\":{\"@id\":\"https:\\\/\\\/www.uartes.edu.ec\\\/sitio\\\/en\\\/blog\\\/2018\\\/01\\\/29\\\/biblioteca-de-las-artes-un-lugar-para-ser-una-persona-libro\\\/\"},\"author\":{\"name\":\"Universidad de las Artes\",\"@id\":\"https:\\\/\\\/www.uartes.edu.ec\\\/sitio\\\/en\\\/#\\\/schema\\\/person\\\/f33f8c1d2af0d5c80a38c8abf458184a\"},\"headline\":\"Biblioteca de las Artes, un lugar para ser una persona-libro\",\"datePublished\":\"2018-01-29T19:04:28+00:00\",\"dateModified\":\"2024-07-04T16:53:59+00:00\",\"mainEntityOfPage\":{\"@id\":\"https:\\\/\\\/www.uartes.edu.ec\\\/sitio\\\/en\\\/blog\\\/2018\\\/01\\\/29\\\/biblioteca-de-las-artes-un-lugar-para-ser-una-persona-libro\\\/\"},\"wordCount\":1251,\"publisher\":{\"@id\":\"https:\\\/\\\/www.uartes.edu.ec\\\/sitio\\\/en\\\/#organization\"},\"image\":{\"@id\":\"https:\\\/\\\/www.uartes.edu.ec\\\/sitio\\\/en\\\/blog\\\/2018\\\/01\\\/29\\\/biblioteca-de-las-artes-un-lugar-para-ser-una-persona-libro\\\/#primaryimage\"},\"thumbnailUrl\":\"\",\"keywords\":[\"biblioteca\"],\"articleSection\":[\"Gesti\u00f3n\",\"V\u00ednculo\"],\"inLanguage\":\"en-US\"},{\"@type\":[\"WebPage\",\"ItemPage\"],\"@id\":\"https:\\\/\\\/www.uartes.edu.ec\\\/sitio\\\/en\\\/blog\\\/2018\\\/01\\\/29\\\/biblioteca-de-las-artes-un-lugar-para-ser-una-persona-libro\\\/\",\"url\":\"https:\\\/\\\/www.uartes.edu.ec\\\/sitio\\\/en\\\/blog\\\/2018\\\/01\\\/29\\\/biblioteca-de-las-artes-un-lugar-para-ser-una-persona-libro\\\/\",\"name\":\"Universidad de las Artes - Biblioteca de las Artes, un lugar para ser una persona-libro\",\"isPartOf\":{\"@id\":\"https:\\\/\\\/www.uartes.edu.ec\\\/sitio\\\/en\\\/#website\"},\"primaryImageOfPage\":{\"@id\":\"https:\\\/\\\/www.uartes.edu.ec\\\/sitio\\\/en\\\/blog\\\/2018\\\/01\\\/29\\\/biblioteca-de-las-artes-un-lugar-para-ser-una-persona-libro\\\/#primaryimage\"},\"image\":{\"@id\":\"https:\\\/\\\/www.uartes.edu.ec\\\/sitio\\\/en\\\/blog\\\/2018\\\/01\\\/29\\\/biblioteca-de-las-artes-un-lugar-para-ser-una-persona-libro\\\/#primaryimage\"},\"thumbnailUrl\":\"\",\"datePublished\":\"2018-01-29T19:04:28+00:00\",\"dateModified\":\"2024-07-04T16:53:59+00:00\",\"description\":\"Universidad de las Artes - Biblioteca de las Artes, un lugar para ser una persona-libro\",\"breadcrumb\":{\"@id\":\"https:\\\/\\\/www.uartes.edu.ec\\\/sitio\\\/en\\\/blog\\\/2018\\\/01\\\/29\\\/biblioteca-de-las-artes-un-lugar-para-ser-una-persona-libro\\\/#breadcrumb\"},\"inLanguage\":\"en-US\",\"potentialAction\":[{\"@type\":\"ReadAction\",\"target\":[\"https:\\\/\\\/www.uartes.edu.ec\\\/sitio\\\/en\\\/blog\\\/2018\\\/01\\\/29\\\/biblioteca-de-las-artes-un-lugar-para-ser-una-persona-libro\\\/\"]}]},{\"@type\":\"ImageObject\",\"inLanguage\":\"en-US\",\"@id\":\"https:\\\/\\\/www.uartes.edu.ec\\\/sitio\\\/en\\\/blog\\\/2018\\\/01\\\/29\\\/biblioteca-de-las-artes-un-lugar-para-ser-una-persona-libro\\\/#primaryimage\",\"url\":\"\",\"contentUrl\":\"\"},{\"@type\":\"BreadcrumbList\",\"@id\":\"https:\\\/\\\/www.uartes.edu.ec\\\/sitio\\\/en\\\/blog\\\/2018\\\/01\\\/29\\\/biblioteca-de-las-artes-un-lugar-para-ser-una-persona-libro\\\/#breadcrumb\",\"itemListElement\":[{\"@type\":\"ListItem\",\"position\":1,\"name\":\"Inicio\",\"item\":\"https:\\\/\\\/www.uartes.edu.ec\\\/sitio\\\/\"},{\"@type\":\"ListItem\",\"position\":2,\"name\":\"Biblioteca de las Artes, un lugar para ser una persona-libro\"}]},{\"@type\":\"WebSite\",\"@id\":\"https:\\\/\\\/www.uartes.edu.ec\\\/sitio\\\/en\\\/#website\",\"url\":\"https:\\\/\\\/www.uartes.edu.ec\\\/sitio\\\/en\\\/\",\"name\":\"Universidad de las Artes\",\"description\":\"Sitio oficial de la Universidad Nacional de las Artes del Ecuador\",\"publisher\":{\"@id\":\"https:\\\/\\\/www.uartes.edu.ec\\\/sitio\\\/en\\\/#organization\"},\"potentialAction\":[{\"@type\":\"SearchAction\",\"target\":{\"@type\":\"EntryPoint\",\"urlTemplate\":\"https:\\\/\\\/www.uartes.edu.ec\\\/sitio\\\/en\\\/?s={search_term_string}\"},\"query-input\":{\"@type\":\"PropertyValueSpecification\",\"valueRequired\":true,\"valueName\":\"search_term_string\"}}],\"inLanguage\":\"en-US\"},{\"@type\":\"Organization\",\"@id\":\"https:\\\/\\\/www.uartes.edu.ec\\\/sitio\\\/en\\\/#organization\",\"name\":\"Universidad de las Artes\",\"url\":\"https:\\\/\\\/www.uartes.edu.ec\\\/sitio\\\/en\\\/\",\"logo\":{\"@type\":\"ImageObject\",\"inLanguage\":\"en-US\",\"@id\":\"https:\\\/\\\/www.uartes.edu.ec\\\/sitio\\\/en\\\/#\\\/schema\\\/logo\\\/image\\\/\",\"url\":\"https:\\\/\\\/www.uartes.edu.ec\\\/sitio\\\/wp-content\\\/uploads\\\/2022\\\/07\\\/logo-ua-horizontal.png\",\"contentUrl\":\"https:\\\/\\\/www.uartes.edu.ec\\\/sitio\\\/wp-content\\\/uploads\\\/2022\\\/07\\\/logo-ua-horizontal.png\",\"width\":800,\"height\":276,\"caption\":\"Universidad de las Artes\"},\"image\":{\"@id\":\"https:\\\/\\\/www.uartes.edu.ec\\\/sitio\\\/en\\\/#\\\/schema\\\/logo\\\/image\\\/\"},\"sameAs\":[\"https:\\\/\\\/www.facebook.com\\\/uartesec\",\"https:\\\/\\\/x.com\\\/uartesec\",\"https:\\\/\\\/www.tiktok.com\\\/@uartesec\"]},{\"@type\":\"Person\",\"@id\":\"https:\\\/\\\/www.uartes.edu.ec\\\/sitio\\\/en\\\/#\\\/schema\\\/person\\\/f33f8c1d2af0d5c80a38c8abf458184a\",\"name\":\"Universidad de las Artes\",\"image\":{\"@type\":\"ImageObject\",\"inLanguage\":\"en-US\",\"@id\":\"https:\\\/\\\/secure.gravatar.com\\\/avatar\\\/52e4757902f5cfa5ac52d020e5be83cae5487519154b6c35482fe08d589f3c13?s=96&d=mm&r=g\",\"url\":\"https:\\\/\\\/secure.gravatar.com\\\/avatar\\\/52e4757902f5cfa5ac52d020e5be83cae5487519154b6c35482fe08d589f3c13?s=96&d=mm&r=g\",\"contentUrl\":\"https:\\\/\\\/secure.gravatar.com\\\/avatar\\\/52e4757902f5cfa5ac52d020e5be83cae5487519154b6c35482fe08d589f3c13?s=96&d=mm&r=g\",\"caption\":\"Universidad de las Artes\"},\"url\":\"https:\\\/\\\/www.uartes.edu.ec\\\/sitio\\\/en\\\/blog\\\/author\\\/dircomadm\\\/\"}]}<\/script>\n<!-- \/ Yoast SEO plugin. -->","yoast_head_json":{"title":"Universidad de las Artes - Biblioteca de las Artes, un lugar para ser una persona-libro","description":"Universidad de las Artes - Biblioteca de las Artes, un lugar para ser una persona-libro","robots":{"index":"index","follow":"follow","max-snippet":"max-snippet:-1","max-image-preview":"max-image-preview:large","max-video-preview":"max-video-preview:-1"},"canonical":"https:\/\/www.uartes.edu.ec\/sitio\/en\/blog\/2018\/01\/29\/biblioteca-de-las-artes-un-lugar-para-ser-una-persona-libro\/","og_locale":"en_US","og_type":"article","og_title":"Universidad de las Artes - Biblioteca de las Artes, un lugar para ser una persona-libro","og_description":"Universidad de las Artes - Biblioteca de las Artes, un lugar para ser una persona-libro","og_url":"https:\/\/www.uartes.edu.ec\/sitio\/en\/blog\/2018\/01\/29\/biblioteca-de-las-artes-un-lugar-para-ser-una-persona-libro\/","og_site_name":"Universidad de las Artes","article_publisher":"https:\/\/www.facebook.com\/uartesec","article_published_time":"2018-01-29T19:04:28+00:00","article_modified_time":"2024-07-04T16:53:59+00:00","author":"Universidad de las Artes","twitter_card":"summary_large_image","twitter_creator":"@uartesec","twitter_site":"@uartesec","twitter_misc":{"Written by":"Universidad de las Artes","Est. reading time":"6 minutes"},"schema":{"@context":"https:\/\/schema.org","@graph":[{"@type":"Article","@id":"https:\/\/www.uartes.edu.ec\/sitio\/en\/blog\/2018\/01\/29\/biblioteca-de-las-artes-un-lugar-para-ser-una-persona-libro\/#article","isPartOf":{"@id":"https:\/\/www.uartes.edu.ec\/sitio\/en\/blog\/2018\/01\/29\/biblioteca-de-las-artes-un-lugar-para-ser-una-persona-libro\/"},"author":{"name":"Universidad de las Artes","@id":"https:\/\/www.uartes.edu.ec\/sitio\/en\/#\/schema\/person\/f33f8c1d2af0d5c80a38c8abf458184a"},"headline":"Biblioteca de las Artes, un lugar para ser una persona-libro","datePublished":"2018-01-29T19:04:28+00:00","dateModified":"2024-07-04T16:53:59+00:00","mainEntityOfPage":{"@id":"https:\/\/www.uartes.edu.ec\/sitio\/en\/blog\/2018\/01\/29\/biblioteca-de-las-artes-un-lugar-para-ser-una-persona-libro\/"},"wordCount":1251,"publisher":{"@id":"https:\/\/www.uartes.edu.ec\/sitio\/en\/#organization"},"image":{"@id":"https:\/\/www.uartes.edu.ec\/sitio\/en\/blog\/2018\/01\/29\/biblioteca-de-las-artes-un-lugar-para-ser-una-persona-libro\/#primaryimage"},"thumbnailUrl":"","keywords":["biblioteca"],"articleSection":["Gesti\u00f3n","V\u00ednculo"],"inLanguage":"en-US"},{"@type":["WebPage","ItemPage"],"@id":"https:\/\/www.uartes.edu.ec\/sitio\/en\/blog\/2018\/01\/29\/biblioteca-de-las-artes-un-lugar-para-ser-una-persona-libro\/","url":"https:\/\/www.uartes.edu.ec\/sitio\/en\/blog\/2018\/01\/29\/biblioteca-de-las-artes-un-lugar-para-ser-una-persona-libro\/","name":"Universidad de las Artes - Biblioteca de las Artes, un lugar para ser una persona-libro","isPartOf":{"@id":"https:\/\/www.uartes.edu.ec\/sitio\/en\/#website"},"primaryImageOfPage":{"@id":"https:\/\/www.uartes.edu.ec\/sitio\/en\/blog\/2018\/01\/29\/biblioteca-de-las-artes-un-lugar-para-ser-una-persona-libro\/#primaryimage"},"image":{"@id":"https:\/\/www.uartes.edu.ec\/sitio\/en\/blog\/2018\/01\/29\/biblioteca-de-las-artes-un-lugar-para-ser-una-persona-libro\/#primaryimage"},"thumbnailUrl":"","datePublished":"2018-01-29T19:04:28+00:00","dateModified":"2024-07-04T16:53:59+00:00","description":"Universidad de las Artes - Biblioteca de las Artes, un lugar para ser una persona-libro","breadcrumb":{"@id":"https:\/\/www.uartes.edu.ec\/sitio\/en\/blog\/2018\/01\/29\/biblioteca-de-las-artes-un-lugar-para-ser-una-persona-libro\/#breadcrumb"},"inLanguage":"en-US","potentialAction":[{"@type":"ReadAction","target":["https:\/\/www.uartes.edu.ec\/sitio\/en\/blog\/2018\/01\/29\/biblioteca-de-las-artes-un-lugar-para-ser-una-persona-libro\/"]}]},{"@type":"ImageObject","inLanguage":"en-US","@id":"https:\/\/www.uartes.edu.ec\/sitio\/en\/blog\/2018\/01\/29\/biblioteca-de-las-artes-un-lugar-para-ser-una-persona-libro\/#primaryimage","url":"","contentUrl":""},{"@type":"BreadcrumbList","@id":"https:\/\/www.uartes.edu.ec\/sitio\/en\/blog\/2018\/01\/29\/biblioteca-de-las-artes-un-lugar-para-ser-una-persona-libro\/#breadcrumb","itemListElement":[{"@type":"ListItem","position":1,"name":"Inicio","item":"https:\/\/www.uartes.edu.ec\/sitio\/"},{"@type":"ListItem","position":2,"name":"Biblioteca de las Artes, un lugar para ser una persona-libro"}]},{"@type":"WebSite","@id":"https:\/\/www.uartes.edu.ec\/sitio\/en\/#website","url":"https:\/\/www.uartes.edu.ec\/sitio\/en\/","name":"Universidad de las Artes","description":"Sitio oficial de la Universidad Nacional de las Artes del Ecuador","publisher":{"@id":"https:\/\/www.uartes.edu.ec\/sitio\/en\/#organization"},"potentialAction":[{"@type":"SearchAction","target":{"@type":"EntryPoint","urlTemplate":"https:\/\/www.uartes.edu.ec\/sitio\/en\/?s={search_term_string}"},"query-input":{"@type":"PropertyValueSpecification","valueRequired":true,"valueName":"search_term_string"}}],"inLanguage":"en-US"},{"@type":"Organization","@id":"https:\/\/www.uartes.edu.ec\/sitio\/en\/#organization","name":"Universidad de las Artes","url":"https:\/\/www.uartes.edu.ec\/sitio\/en\/","logo":{"@type":"ImageObject","inLanguage":"en-US","@id":"https:\/\/www.uartes.edu.ec\/sitio\/en\/#\/schema\/logo\/image\/","url":"https:\/\/www.uartes.edu.ec\/sitio\/wp-content\/uploads\/2022\/07\/logo-ua-horizontal.png","contentUrl":"https:\/\/www.uartes.edu.ec\/sitio\/wp-content\/uploads\/2022\/07\/logo-ua-horizontal.png","width":800,"height":276,"caption":"Universidad de las Artes"},"image":{"@id":"https:\/\/www.uartes.edu.ec\/sitio\/en\/#\/schema\/logo\/image\/"},"sameAs":["https:\/\/www.facebook.com\/uartesec","https:\/\/x.com\/uartesec","https:\/\/www.tiktok.com\/@uartesec"]},{"@type":"Person","@id":"https:\/\/www.uartes.edu.ec\/sitio\/en\/#\/schema\/person\/f33f8c1d2af0d5c80a38c8abf458184a","name":"Universidad de las Artes","image":{"@type":"ImageObject","inLanguage":"en-US","@id":"https:\/\/secure.gravatar.com\/avatar\/52e4757902f5cfa5ac52d020e5be83cae5487519154b6c35482fe08d589f3c13?s=96&d=mm&r=g","url":"https:\/\/secure.gravatar.com\/avatar\/52e4757902f5cfa5ac52d020e5be83cae5487519154b6c35482fe08d589f3c13?s=96&d=mm&r=g","contentUrl":"https:\/\/secure.gravatar.com\/avatar\/52e4757902f5cfa5ac52d020e5be83cae5487519154b6c35482fe08d589f3c13?s=96&d=mm&r=g","caption":"Universidad de las Artes"},"url":"https:\/\/www.uartes.edu.ec\/sitio\/en\/blog\/author\/dircomadm\/"}]}},"uagb_featured_image_src":{"full":false,"thumbnail":false,"medium":false,"medium_large":false,"large":false,"1536x1536":false,"2048x2048":false,"trp-custom-language-flag":false,"htmega_size_585x295":false,"htmega_size_1170x536":false,"htmega_size_396x360":false,"gb-block-post-grid-landscape":false,"gb-block-post-grid-square":false,"university-hub-thumb":false,"mailpoet_newsletter_max":false},"uagb_author_info":{"display_name":"Universidad de las Artes","author_link":"https:\/\/www.uartes.edu.ec\/sitio\/en\/blog\/author\/dircomadm\/"},"uagb_comment_info":0,"uagb_excerpt":"Por Laura Nivela Muchas veces sucede que el acercamiento de una persona a la literatura\/lectura se da desde el momento en que sus manos tocan por primera vez un libro intencionadamente, cuando no solo toca con las manos y los ojos, sino, tambi\u00e9n, cuando lo huele o escucha el sonido de sus p\u00e1ginas al pasar.&hellip;","featured_image_src":null,"featured_image_src_square":null,"author_info":{"display_name":"Universidad de las Artes","author_link":"https:\/\/www.uartes.edu.ec\/sitio\/en\/blog\/author\/dircomadm\/"},"publishpress_future_workflow_manual_trigger":{"enabledWorkflows":[]},"distributor_meta":false,"distributor_terms":false,"distributor_media":false,"distributor_original_site_name":"Universidad de las Artes","distributor_original_site_url":"https:\/\/www.uartes.edu.ec\/sitio\/en","push-errors":false,"_links":{"self":[{"href":"https:\/\/www.uartes.edu.ec\/sitio\/en\/wp-json\/wp\/v2\/posts\/1178","targetHints":{"allow":["GET"]}}],"collection":[{"href":"https:\/\/www.uartes.edu.ec\/sitio\/en\/wp-json\/wp\/v2\/posts"}],"about":[{"href":"https:\/\/www.uartes.edu.ec\/sitio\/en\/wp-json\/wp\/v2\/types\/post"}],"author":[{"embeddable":true,"href":"https:\/\/www.uartes.edu.ec\/sitio\/en\/wp-json\/wp\/v2\/users\/1"}],"replies":[{"embeddable":true,"href":"https:\/\/www.uartes.edu.ec\/sitio\/en\/wp-json\/wp\/v2\/comments?post=1178"}],"version-history":[{"count":1,"href":"https:\/\/www.uartes.edu.ec\/sitio\/en\/wp-json\/wp\/v2\/posts\/1178\/revisions"}],"predecessor-version":[{"id":57895,"href":"https:\/\/www.uartes.edu.ec\/sitio\/en\/wp-json\/wp\/v2\/posts\/1178\/revisions\/57895"}],"wp:featuredmedia":[{"embeddable":true,"href":"https:\/\/www.uartes.edu.ec\/sitio\/en\/wp-json\/"}],"wp:attachment":[{"href":"https:\/\/www.uartes.edu.ec\/sitio\/en\/wp-json\/wp\/v2\/media?parent=1178"}],"wp:term":[{"taxonomy":"category","embeddable":true,"href":"https:\/\/www.uartes.edu.ec\/sitio\/en\/wp-json\/wp\/v2\/categories?post=1178"},{"taxonomy":"post_tag","embeddable":true,"href":"https:\/\/www.uartes.edu.ec\/sitio\/en\/wp-json\/wp\/v2\/tags?post=1178"},{"taxonomy":"infouartes","embeddable":true,"href":"https:\/\/www.uartes.edu.ec\/sitio\/en\/wp-json\/wp\/v2\/infouartes?post=1178"}],"curies":[{"name":"wp","href":"https:\/\/api.w.org\/{rel}","templated":true}]}}