{"id":11790,"date":"2020-12-14T17:20:34","date_gmt":"2020-12-14T22:20:34","guid":{"rendered":"http:\/\/www.uartes.edu.ec\/sitio\/?p=11790"},"modified":"2024-07-04T11:33:14","modified_gmt":"2024-07-04T16:33:14","slug":"estudiantes-de-pedagogia-de-las-artes-y-humanidades-dictan-talleres-artisticos","status":"publish","type":"post","link":"https:\/\/www.uartes.edu.ec\/sitio\/en\/blog\/2020\/12\/14\/estudiantes-de-pedagogia-de-las-artes-y-humanidades-dictan-talleres-artisticos\/","title":{"rendered":"Estudiantes de Pedagog\u00eda de las Artes y Humanidades dictan talleres art\u00edsticos"},"content":{"rendered":"<p>Los estudiantes de la carrera de Pedagog\u00eda de las Artes y Humanidades, la cual cursan en la Universidad de las Artes por convenio interinstitucional con la Universidad Nacional de Educaci\u00f3n (UNAE), inician este lunes 14 de diciembre de 2020 una serie de talleres art\u00edsticos y gratuitos, dirigidos a ni\u00f1as, ni\u00f1os y adolescentes. Se desarrollar\u00e1n de manera virtual, a trav\u00e9s del Facebook, con el respaldo de la Sala R\u00eda de la Biblioteca de las Artes.<\/p>\n\n\n\n<p>El primero se titula \u201cDibujando una canci\u00f3n\u201d y propone a ni\u00f1as y ni\u00f1os de 8 y 9 a\u00f1os a crear una canci\u00f3n a partir de un dibujo. Los materiales a utilizar son l\u00e1piz, hoja de papel, pinturas o crayones, regla, recipiente pl\u00e1stico y arroz; el inicio es hoy, lunes 14, y se extender\u00e1 hasta el &nbsp;jueves 17 de diciembre, a las 14:30.<\/p>\n\n\n\n<p>\u201cIniciaci\u00f3n al grafiti\u201d es el nombre del segundo taller art\u00edstico gratuito dictado por los estudiantes de Pedagog\u00eda de las Artes y Humanidades. Est\u00e1 programado para los d\u00edas 4, 5, 6 y 7 de enero de 2021 y dirigido a p\u00fablico de 15 a 17 a\u00f1os. Se utilizar\u00e1n como materiales hojas de papel, cartulina, cart\u00f3n o madera, l\u00e1pices, pinturas, esferos, acuarelas, pigmentos, una carpeta, un cuaderno, libros viejos y tijeras o cuchilla.<\/p>\n\n\n\n<p>El taller \u201cMolde Arte. De fotograf\u00eda a boceto, de boceto a pintura y de pintura a escultura\u201d, dirigido a p\u00fablico de 7 a 12 a\u00f1os, se realizar\u00e1 los d\u00edas 11, 12, 13 y 14 de enero de 2021, a las 14:30, y como materiales se necesitar\u00e1 celular, l\u00e1pices, pinceles, hojas de papel, plastilina, maicena, goma, aceite, pinturas y pigmentos.<\/p>\n\n\n\n<p>Finalmente, \u201cRuqyay de la cordillera\u201d, que es un taller art\u00edstico de creaci\u00f3n de instrumentos andinos e interpretaci\u00f3n, se efectuar\u00e1 los d\u00edas 18, 19, 20 y 21 de enero de 2021, a las 14:30, para chicas y chicos de 12 a 14 a\u00f1os. Es tambi\u00e9n gratuito y solo se requerir\u00e1n materiales como ca\u00f1a o carrizos, rollo de papel higi\u00e9nico o cartulinas, pegamento, hilo de tejer, paletas de helado, tijeras, cuchilla, lija, plastilina, telas, cubeta cil\u00edndrica, palo de escoba, conchas o semillas, tubo PVC y celular.<\/p>\n\n\n\n<div class=\"wp-block-image is-style-default\"><figure class=\"aligncenter size-large\"><img fetchpriority=\"high\" decoding=\"async\" width=\"491\" height=\"850\" src=\"http:\/\/www.uartes.edu.ec\/sitio\/wp-content\/uploads\/2020\/12\/INCLUIR-DENTRO-DEL-CUERPO-DE-NOTA.jpg\" alt=\"\" class=\"wp-image-11791\" srcset=\"https:\/\/www.uartes.edu.ec\/sitio\/wp-content\/uploads\/2020\/12\/INCLUIR-DENTRO-DEL-CUERPO-DE-NOTA.jpg 491w, https:\/\/www.uartes.edu.ec\/sitio\/wp-content\/uploads\/2020\/12\/INCLUIR-DENTRO-DEL-CUERPO-DE-NOTA-173x300.jpg 173w\" sizes=\"(max-width: 491px) 100vw, 491px\" \/><\/figure><\/div>\n\n\n\n<p>Es de anotar que la carrera de carrera Pedagog\u00eda de las Artes y Humanidades de la UArtes-UNAE pretende aportar al desarrollo del fortalecimiento del talento docente y la innovaci\u00f3n educativa para la producci\u00f3n de modelos pedag\u00f3gicos contextualizados, interculturales y alineados a las pol\u00edticas nacionales de educaci\u00f3n que potencien el arte como lenguaje y forma de an\u00e1lisis de la realidad y de la producci\u00f3n del conocimiento.<\/p>\n\n\n\n<p>Los talleres art\u00edsticos y gratuitos propuestos fortalecen el v\u00ednculo con la comunidad que mantiene la UArtes. Para la modalidad virtual, los estudiantes de la carrera en Pedagog\u00eda de las Artes y Humanidades crearon en Facebook una cuenta para dar a conocer estas actividades que son abiertas al p\u00fablico, de tem\u00e1tica variada y horario vespertino.<\/p>","protected":false},"excerpt":{"rendered":"<p>Los estudiantes de la carrera de Pedagog\u00eda de las Artes y Humanidades, la cual cursan en la Universidad de las Artes por convenio interinstitucional con la Universidad Nacional de Educaci\u00f3n (UNAE), inician este lunes 14 de diciembre de 2020 una serie de talleres art\u00edsticos y gratuitos, dirigidos a ni\u00f1as, ni\u00f1os y adolescentes. Se desarrollar\u00e1n de manera virtual, a trav\u00e9s del Facebook, con el respaldo de la Sala R\u00eda de la Biblioteca de las Artes.<\/p>","protected":false},"author":1,"featured_media":11792,"comment_status":"closed","ping_status":"closed","sticky":false,"template":"","format":"standard","meta":{"_acf_changed":false,"_uag_custom_page_level_css":"","_monsterinsights_skip_tracking":false,"_monsterinsights_sitenote_active":false,"_monsterinsights_sitenote_note":"","_monsterinsights_sitenote_category":0,"cybocfi_hide_featured_image":"","footnotes":""},"categories":[80,76,79],"tags":[211,229],"infouartes":[],"class_list":["post-11790","post","type-post","status-publish","format-standard","has-post-thumbnail","hentry","category-academico","category-estudiantes","category-vinculo","tag-covid19","tag-pedagogia-de-las-artes-y-humanidades"],"acf":[],"yoast_head":"<!-- This site is optimized with the Yoast SEO plugin v27.4 - https:\/\/yoast.com\/product\/yoast-seo-wordpress\/ -->\n<title>Universidad de las Artes - Estudiantes de Pedagog\u00eda de las Artes y Humanidades dictan talleres art\u00edsticos<\/title>\n<meta name=\"description\" content=\"Universidad de las Artes - Estudiantes de Pedagog\u00eda de las Artes y Humanidades dictan talleres art\u00edsticos\" \/>\n<meta name=\"robots\" content=\"index, follow, max-snippet:-1, max-image-preview:large, max-video-preview:-1\" \/>\n<link rel=\"canonical\" href=\"https:\/\/www.uartes.edu.ec\/sitio\/en\/blog\/2020\/12\/14\/estudiantes-de-pedagogia-de-las-artes-y-humanidades-dictan-talleres-artisticos\/\" \/>\n<meta property=\"og:locale\" content=\"en_US\" \/>\n<meta property=\"og:type\" content=\"article\" \/>\n<meta property=\"og:title\" content=\"Universidad de las Artes - Estudiantes de Pedagog\u00eda de las Artes y Humanidades dictan talleres art\u00edsticos\" \/>\n<meta property=\"og:description\" content=\"Universidad de las Artes - Estudiantes de Pedagog\u00eda de las Artes y Humanidades dictan talleres art\u00edsticos\" \/>\n<meta property=\"og:url\" content=\"https:\/\/www.uartes.edu.ec\/sitio\/en\/blog\/2020\/12\/14\/estudiantes-de-pedagogia-de-las-artes-y-humanidades-dictan-talleres-artisticos\/\" \/>\n<meta property=\"og:site_name\" content=\"Universidad de las Artes\" \/>\n<meta property=\"article:publisher\" content=\"https:\/\/www.facebook.com\/uartesec\" \/>\n<meta property=\"article:published_time\" content=\"2020-12-14T22:20:34+00:00\" \/>\n<meta property=\"article:modified_time\" content=\"2024-07-04T16:33:14+00:00\" \/>\n<meta property=\"og:image\" content=\"https:\/\/www.uartes.edu.ec\/sitio\/wp-content\/uploads\/2020\/12\/pedagia-en-artes.jpg\" \/>\n\t<meta property=\"og:image:width\" content=\"2000\" \/>\n\t<meta property=\"og:image:height\" content=\"1333\" \/>\n\t<meta property=\"og:image:type\" content=\"image\/jpeg\" \/>\n<meta name=\"author\" content=\"Universidad de las Artes\" \/>\n<meta name=\"twitter:card\" content=\"summary_large_image\" \/>\n<meta name=\"twitter:creator\" content=\"@uartesec\" \/>\n<meta name=\"twitter:site\" content=\"@uartesec\" \/>\n<meta name=\"twitter:label1\" content=\"Written by\" \/>\n\t<meta name=\"twitter:data1\" content=\"Universidad de las Artes\" \/>\n\t<meta name=\"twitter:label2\" content=\"Est. reading time\" \/>\n\t<meta name=\"twitter:data2\" content=\"2 minutes\" \/>\n<script type=\"application\/ld+json\" class=\"yoast-schema-graph\">{\"@context\":\"https:\\\/\\\/schema.org\",\"@graph\":[{\"@type\":\"Article\",\"@id\":\"https:\\\/\\\/www.uartes.edu.ec\\\/sitio\\\/en\\\/blog\\\/2020\\\/12\\\/14\\\/estudiantes-de-pedagogia-de-las-artes-y-humanidades-dictan-talleres-artisticos\\\/#article\",\"isPartOf\":{\"@id\":\"https:\\\/\\\/www.uartes.edu.ec\\\/sitio\\\/en\\\/blog\\\/2020\\\/12\\\/14\\\/estudiantes-de-pedagogia-de-las-artes-y-humanidades-dictan-talleres-artisticos\\\/\"},\"author\":{\"name\":\"Universidad de las Artes\",\"@id\":\"https:\\\/\\\/www.uartes.edu.ec\\\/sitio\\\/en\\\/#\\\/schema\\\/person\\\/f33f8c1d2af0d5c80a38c8abf458184a\"},\"headline\":\"Estudiantes de Pedagog\u00eda de las Artes y Humanidades dictan talleres art\u00edsticos\",\"datePublished\":\"2020-12-14T22:20:34+00:00\",\"dateModified\":\"2024-07-04T16:33:14+00:00\",\"mainEntityOfPage\":{\"@id\":\"https:\\\/\\\/www.uartes.edu.ec\\\/sitio\\\/en\\\/blog\\\/2020\\\/12\\\/14\\\/estudiantes-de-pedagogia-de-las-artes-y-humanidades-dictan-talleres-artisticos\\\/\"},\"wordCount\":505,\"publisher\":{\"@id\":\"https:\\\/\\\/www.uartes.edu.ec\\\/sitio\\\/en\\\/#organization\"},\"image\":{\"@id\":\"https:\\\/\\\/www.uartes.edu.ec\\\/sitio\\\/en\\\/blog\\\/2020\\\/12\\\/14\\\/estudiantes-de-pedagogia-de-las-artes-y-humanidades-dictan-talleres-artisticos\\\/#primaryimage\"},\"thumbnailUrl\":\"https:\\\/\\\/www.uartes.edu.ec\\\/sitio\\\/wp-content\\\/uploads\\\/2020\\\/12\\\/pedagia-en-artes.jpg\",\"keywords\":[\"covid19\",\"Pedagog\u00eda de las Artes y Humanidades\"],\"articleSection\":[\"Acad\u00e9mico\",\"Estudiantes\",\"V\u00ednculo\"],\"inLanguage\":\"en-US\"},{\"@type\":[\"WebPage\",\"ItemPage\"],\"@id\":\"https:\\\/\\\/www.uartes.edu.ec\\\/sitio\\\/en\\\/blog\\\/2020\\\/12\\\/14\\\/estudiantes-de-pedagogia-de-las-artes-y-humanidades-dictan-talleres-artisticos\\\/\",\"url\":\"https:\\\/\\\/www.uartes.edu.ec\\\/sitio\\\/en\\\/blog\\\/2020\\\/12\\\/14\\\/estudiantes-de-pedagogia-de-las-artes-y-humanidades-dictan-talleres-artisticos\\\/\",\"name\":\"Universidad de las Artes - Estudiantes de Pedagog\u00eda de las Artes y Humanidades dictan talleres art\u00edsticos\",\"isPartOf\":{\"@id\":\"https:\\\/\\\/www.uartes.edu.ec\\\/sitio\\\/en\\\/#website\"},\"primaryImageOfPage\":{\"@id\":\"https:\\\/\\\/www.uartes.edu.ec\\\/sitio\\\/en\\\/blog\\\/2020\\\/12\\\/14\\\/estudiantes-de-pedagogia-de-las-artes-y-humanidades-dictan-talleres-artisticos\\\/#primaryimage\"},\"image\":{\"@id\":\"https:\\\/\\\/www.uartes.edu.ec\\\/sitio\\\/en\\\/blog\\\/2020\\\/12\\\/14\\\/estudiantes-de-pedagogia-de-las-artes-y-humanidades-dictan-talleres-artisticos\\\/#primaryimage\"},\"thumbnailUrl\":\"https:\\\/\\\/www.uartes.edu.ec\\\/sitio\\\/wp-content\\\/uploads\\\/2020\\\/12\\\/pedagia-en-artes.jpg\",\"datePublished\":\"2020-12-14T22:20:34+00:00\",\"dateModified\":\"2024-07-04T16:33:14+00:00\",\"description\":\"Universidad de las Artes - Estudiantes de Pedagog\u00eda de las Artes y Humanidades dictan talleres art\u00edsticos\",\"breadcrumb\":{\"@id\":\"https:\\\/\\\/www.uartes.edu.ec\\\/sitio\\\/en\\\/blog\\\/2020\\\/12\\\/14\\\/estudiantes-de-pedagogia-de-las-artes-y-humanidades-dictan-talleres-artisticos\\\/#breadcrumb\"},\"inLanguage\":\"en-US\",\"potentialAction\":[{\"@type\":\"ReadAction\",\"target\":[\"https:\\\/\\\/www.uartes.edu.ec\\\/sitio\\\/en\\\/blog\\\/2020\\\/12\\\/14\\\/estudiantes-de-pedagogia-de-las-artes-y-humanidades-dictan-talleres-artisticos\\\/\"]}]},{\"@type\":\"ImageObject\",\"inLanguage\":\"en-US\",\"@id\":\"https:\\\/\\\/www.uartes.edu.ec\\\/sitio\\\/en\\\/blog\\\/2020\\\/12\\\/14\\\/estudiantes-de-pedagogia-de-las-artes-y-humanidades-dictan-talleres-artisticos\\\/#primaryimage\",\"url\":\"https:\\\/\\\/www.uartes.edu.ec\\\/sitio\\\/wp-content\\\/uploads\\\/2020\\\/12\\\/pedagia-en-artes.jpg\",\"contentUrl\":\"https:\\\/\\\/www.uartes.edu.ec\\\/sitio\\\/wp-content\\\/uploads\\\/2020\\\/12\\\/pedagia-en-artes.jpg\",\"width\":2000,\"height\":1333},{\"@type\":\"BreadcrumbList\",\"@id\":\"https:\\\/\\\/www.uartes.edu.ec\\\/sitio\\\/en\\\/blog\\\/2020\\\/12\\\/14\\\/estudiantes-de-pedagogia-de-las-artes-y-humanidades-dictan-talleres-artisticos\\\/#breadcrumb\",\"itemListElement\":[{\"@type\":\"ListItem\",\"position\":1,\"name\":\"Inicio\",\"item\":\"https:\\\/\\\/www.uartes.edu.ec\\\/sitio\\\/\"},{\"@type\":\"ListItem\",\"position\":2,\"name\":\"Estudiantes de Pedagog\u00eda de las Artes y Humanidades dictan talleres art\u00edsticos\"}]},{\"@type\":\"WebSite\",\"@id\":\"https:\\\/\\\/www.uartes.edu.ec\\\/sitio\\\/en\\\/#website\",\"url\":\"https:\\\/\\\/www.uartes.edu.ec\\\/sitio\\\/en\\\/\",\"name\":\"Universidad de las Artes\",\"description\":\"Sitio oficial de la Universidad Nacional de las Artes del Ecuador\",\"publisher\":{\"@id\":\"https:\\\/\\\/www.uartes.edu.ec\\\/sitio\\\/en\\\/#organization\"},\"potentialAction\":[{\"@type\":\"SearchAction\",\"target\":{\"@type\":\"EntryPoint\",\"urlTemplate\":\"https:\\\/\\\/www.uartes.edu.ec\\\/sitio\\\/en\\\/?s={search_term_string}\"},\"query-input\":{\"@type\":\"PropertyValueSpecification\",\"valueRequired\":true,\"valueName\":\"search_term_string\"}}],\"inLanguage\":\"en-US\"},{\"@type\":\"Organization\",\"@id\":\"https:\\\/\\\/www.uartes.edu.ec\\\/sitio\\\/en\\\/#organization\",\"name\":\"Universidad de las Artes\",\"url\":\"https:\\\/\\\/www.uartes.edu.ec\\\/sitio\\\/en\\\/\",\"logo\":{\"@type\":\"ImageObject\",\"inLanguage\":\"en-US\",\"@id\":\"https:\\\/\\\/www.uartes.edu.ec\\\/sitio\\\/en\\\/#\\\/schema\\\/logo\\\/image\\\/\",\"url\":\"https:\\\/\\\/www.uartes.edu.ec\\\/sitio\\\/wp-content\\\/uploads\\\/2022\\\/07\\\/logo-ua-horizontal.png\",\"contentUrl\":\"https:\\\/\\\/www.uartes.edu.ec\\\/sitio\\\/wp-content\\\/uploads\\\/2022\\\/07\\\/logo-ua-horizontal.png\",\"width\":800,\"height\":276,\"caption\":\"Universidad de las Artes\"},\"image\":{\"@id\":\"https:\\\/\\\/www.uartes.edu.ec\\\/sitio\\\/en\\\/#\\\/schema\\\/logo\\\/image\\\/\"},\"sameAs\":[\"https:\\\/\\\/www.facebook.com\\\/uartesec\",\"https:\\\/\\\/x.com\\\/uartesec\",\"https:\\\/\\\/www.tiktok.com\\\/@uartesec\"]},{\"@type\":\"Person\",\"@id\":\"https:\\\/\\\/www.uartes.edu.ec\\\/sitio\\\/en\\\/#\\\/schema\\\/person\\\/f33f8c1d2af0d5c80a38c8abf458184a\",\"name\":\"Universidad de las Artes\",\"image\":{\"@type\":\"ImageObject\",\"inLanguage\":\"en-US\",\"@id\":\"https:\\\/\\\/secure.gravatar.com\\\/avatar\\\/52e4757902f5cfa5ac52d020e5be83cae5487519154b6c35482fe08d589f3c13?s=96&d=mm&r=g\",\"url\":\"https:\\\/\\\/secure.gravatar.com\\\/avatar\\\/52e4757902f5cfa5ac52d020e5be83cae5487519154b6c35482fe08d589f3c13?s=96&d=mm&r=g\",\"contentUrl\":\"https:\\\/\\\/secure.gravatar.com\\\/avatar\\\/52e4757902f5cfa5ac52d020e5be83cae5487519154b6c35482fe08d589f3c13?s=96&d=mm&r=g\",\"caption\":\"Universidad de las Artes\"},\"url\":\"https:\\\/\\\/www.uartes.edu.ec\\\/sitio\\\/en\\\/blog\\\/author\\\/dircomadm\\\/\"}]}<\/script>\n<!-- \/ Yoast SEO plugin. -->","yoast_head_json":{"title":"Universidad de las Artes - Estudiantes de Pedagog\u00eda de las Artes y Humanidades dictan talleres art\u00edsticos","description":"Universidad de las Artes - Estudiantes de Pedagog\u00eda de las Artes y Humanidades dictan talleres art\u00edsticos","robots":{"index":"index","follow":"follow","max-snippet":"max-snippet:-1","max-image-preview":"max-image-preview:large","max-video-preview":"max-video-preview:-1"},"canonical":"https:\/\/www.uartes.edu.ec\/sitio\/en\/blog\/2020\/12\/14\/estudiantes-de-pedagogia-de-las-artes-y-humanidades-dictan-talleres-artisticos\/","og_locale":"en_US","og_type":"article","og_title":"Universidad de las Artes - Estudiantes de Pedagog\u00eda de las Artes y Humanidades dictan talleres art\u00edsticos","og_description":"Universidad de las Artes - Estudiantes de Pedagog\u00eda de las Artes y Humanidades dictan talleres art\u00edsticos","og_url":"https:\/\/www.uartes.edu.ec\/sitio\/en\/blog\/2020\/12\/14\/estudiantes-de-pedagogia-de-las-artes-y-humanidades-dictan-talleres-artisticos\/","og_site_name":"Universidad de las Artes","article_publisher":"https:\/\/www.facebook.com\/uartesec","article_published_time":"2020-12-14T22:20:34+00:00","article_modified_time":"2024-07-04T16:33:14+00:00","og_image":[{"width":2000,"height":1333,"url":"https:\/\/www.uartes.edu.ec\/sitio\/wp-content\/uploads\/2020\/12\/pedagia-en-artes.jpg","type":"image\/jpeg"}],"author":"Universidad de las Artes","twitter_card":"summary_large_image","twitter_creator":"@uartesec","twitter_site":"@uartesec","twitter_misc":{"Written by":"Universidad de las Artes","Est. reading time":"2 minutes"},"schema":{"@context":"https:\/\/schema.org","@graph":[{"@type":"Article","@id":"https:\/\/www.uartes.edu.ec\/sitio\/en\/blog\/2020\/12\/14\/estudiantes-de-pedagogia-de-las-artes-y-humanidades-dictan-talleres-artisticos\/#article","isPartOf":{"@id":"https:\/\/www.uartes.edu.ec\/sitio\/en\/blog\/2020\/12\/14\/estudiantes-de-pedagogia-de-las-artes-y-humanidades-dictan-talleres-artisticos\/"},"author":{"name":"Universidad de las Artes","@id":"https:\/\/www.uartes.edu.ec\/sitio\/en\/#\/schema\/person\/f33f8c1d2af0d5c80a38c8abf458184a"},"headline":"Estudiantes de Pedagog\u00eda de las Artes y Humanidades dictan talleres art\u00edsticos","datePublished":"2020-12-14T22:20:34+00:00","dateModified":"2024-07-04T16:33:14+00:00","mainEntityOfPage":{"@id":"https:\/\/www.uartes.edu.ec\/sitio\/en\/blog\/2020\/12\/14\/estudiantes-de-pedagogia-de-las-artes-y-humanidades-dictan-talleres-artisticos\/"},"wordCount":505,"publisher":{"@id":"https:\/\/www.uartes.edu.ec\/sitio\/en\/#organization"},"image":{"@id":"https:\/\/www.uartes.edu.ec\/sitio\/en\/blog\/2020\/12\/14\/estudiantes-de-pedagogia-de-las-artes-y-humanidades-dictan-talleres-artisticos\/#primaryimage"},"thumbnailUrl":"https:\/\/www.uartes.edu.ec\/sitio\/wp-content\/uploads\/2020\/12\/pedagia-en-artes.jpg","keywords":["covid19","Pedagog\u00eda de las Artes y Humanidades"],"articleSection":["Acad\u00e9mico","Estudiantes","V\u00ednculo"],"inLanguage":"en-US"},{"@type":["WebPage","ItemPage"],"@id":"https:\/\/www.uartes.edu.ec\/sitio\/en\/blog\/2020\/12\/14\/estudiantes-de-pedagogia-de-las-artes-y-humanidades-dictan-talleres-artisticos\/","url":"https:\/\/www.uartes.edu.ec\/sitio\/en\/blog\/2020\/12\/14\/estudiantes-de-pedagogia-de-las-artes-y-humanidades-dictan-talleres-artisticos\/","name":"Universidad de las Artes - Estudiantes de Pedagog\u00eda de las Artes y Humanidades dictan talleres art\u00edsticos","isPartOf":{"@id":"https:\/\/www.uartes.edu.ec\/sitio\/en\/#website"},"primaryImageOfPage":{"@id":"https:\/\/www.uartes.edu.ec\/sitio\/en\/blog\/2020\/12\/14\/estudiantes-de-pedagogia-de-las-artes-y-humanidades-dictan-talleres-artisticos\/#primaryimage"},"image":{"@id":"https:\/\/www.uartes.edu.ec\/sitio\/en\/blog\/2020\/12\/14\/estudiantes-de-pedagogia-de-las-artes-y-humanidades-dictan-talleres-artisticos\/#primaryimage"},"thumbnailUrl":"https:\/\/www.uartes.edu.ec\/sitio\/wp-content\/uploads\/2020\/12\/pedagia-en-artes.jpg","datePublished":"2020-12-14T22:20:34+00:00","dateModified":"2024-07-04T16:33:14+00:00","description":"Universidad de las Artes - Estudiantes de Pedagog\u00eda de las Artes y Humanidades dictan talleres art\u00edsticos","breadcrumb":{"@id":"https:\/\/www.uartes.edu.ec\/sitio\/en\/blog\/2020\/12\/14\/estudiantes-de-pedagogia-de-las-artes-y-humanidades-dictan-talleres-artisticos\/#breadcrumb"},"inLanguage":"en-US","potentialAction":[{"@type":"ReadAction","target":["https:\/\/www.uartes.edu.ec\/sitio\/en\/blog\/2020\/12\/14\/estudiantes-de-pedagogia-de-las-artes-y-humanidades-dictan-talleres-artisticos\/"]}]},{"@type":"ImageObject","inLanguage":"en-US","@id":"https:\/\/www.uartes.edu.ec\/sitio\/en\/blog\/2020\/12\/14\/estudiantes-de-pedagogia-de-las-artes-y-humanidades-dictan-talleres-artisticos\/#primaryimage","url":"https:\/\/www.uartes.edu.ec\/sitio\/wp-content\/uploads\/2020\/12\/pedagia-en-artes.jpg","contentUrl":"https:\/\/www.uartes.edu.ec\/sitio\/wp-content\/uploads\/2020\/12\/pedagia-en-artes.jpg","width":2000,"height":1333},{"@type":"BreadcrumbList","@id":"https:\/\/www.uartes.edu.ec\/sitio\/en\/blog\/2020\/12\/14\/estudiantes-de-pedagogia-de-las-artes-y-humanidades-dictan-talleres-artisticos\/#breadcrumb","itemListElement":[{"@type":"ListItem","position":1,"name":"Inicio","item":"https:\/\/www.uartes.edu.ec\/sitio\/"},{"@type":"ListItem","position":2,"name":"Estudiantes de Pedagog\u00eda de las Artes y Humanidades dictan talleres art\u00edsticos"}]},{"@type":"WebSite","@id":"https:\/\/www.uartes.edu.ec\/sitio\/en\/#website","url":"https:\/\/www.uartes.edu.ec\/sitio\/en\/","name":"Universidad de las Artes","description":"Sitio oficial de la Universidad Nacional de las Artes del Ecuador","publisher":{"@id":"https:\/\/www.uartes.edu.ec\/sitio\/en\/#organization"},"potentialAction":[{"@type":"SearchAction","target":{"@type":"EntryPoint","urlTemplate":"https:\/\/www.uartes.edu.ec\/sitio\/en\/?s={search_term_string}"},"query-input":{"@type":"PropertyValueSpecification","valueRequired":true,"valueName":"search_term_string"}}],"inLanguage":"en-US"},{"@type":"Organization","@id":"https:\/\/www.uartes.edu.ec\/sitio\/en\/#organization","name":"Universidad de las Artes","url":"https:\/\/www.uartes.edu.ec\/sitio\/en\/","logo":{"@type":"ImageObject","inLanguage":"en-US","@id":"https:\/\/www.uartes.edu.ec\/sitio\/en\/#\/schema\/logo\/image\/","url":"https:\/\/www.uartes.edu.ec\/sitio\/wp-content\/uploads\/2022\/07\/logo-ua-horizontal.png","contentUrl":"https:\/\/www.uartes.edu.ec\/sitio\/wp-content\/uploads\/2022\/07\/logo-ua-horizontal.png","width":800,"height":276,"caption":"Universidad de las Artes"},"image":{"@id":"https:\/\/www.uartes.edu.ec\/sitio\/en\/#\/schema\/logo\/image\/"},"sameAs":["https:\/\/www.facebook.com\/uartesec","https:\/\/x.com\/uartesec","https:\/\/www.tiktok.com\/@uartesec"]},{"@type":"Person","@id":"https:\/\/www.uartes.edu.ec\/sitio\/en\/#\/schema\/person\/f33f8c1d2af0d5c80a38c8abf458184a","name":"Universidad de las Artes","image":{"@type":"ImageObject","inLanguage":"en-US","@id":"https:\/\/secure.gravatar.com\/avatar\/52e4757902f5cfa5ac52d020e5be83cae5487519154b6c35482fe08d589f3c13?s=96&d=mm&r=g","url":"https:\/\/secure.gravatar.com\/avatar\/52e4757902f5cfa5ac52d020e5be83cae5487519154b6c35482fe08d589f3c13?s=96&d=mm&r=g","contentUrl":"https:\/\/secure.gravatar.com\/avatar\/52e4757902f5cfa5ac52d020e5be83cae5487519154b6c35482fe08d589f3c13?s=96&d=mm&r=g","caption":"Universidad de las Artes"},"url":"https:\/\/www.uartes.edu.ec\/sitio\/en\/blog\/author\/dircomadm\/"}]}},"uagb_featured_image_src":{"full":["https:\/\/www.uartes.edu.ec\/sitio\/wp-content\/uploads\/2020\/12\/pedagia-en-artes.jpg",2000,1333,false],"thumbnail":["https:\/\/www.uartes.edu.ec\/sitio\/wp-content\/uploads\/2020\/12\/pedagia-en-artes-150x150.jpg",150,150,true],"medium":["https:\/\/www.uartes.edu.ec\/sitio\/wp-content\/uploads\/2020\/12\/pedagia-en-artes-300x200.jpg",300,200,true],"medium_large":["https:\/\/www.uartes.edu.ec\/sitio\/wp-content\/uploads\/2020\/12\/pedagia-en-artes-768x512.jpg",768,512,true],"large":["https:\/\/www.uartes.edu.ec\/sitio\/wp-content\/uploads\/2020\/12\/pedagia-en-artes-644x429.jpg",644,429,true],"1536x1536":["https:\/\/www.uartes.edu.ec\/sitio\/wp-content\/uploads\/2020\/12\/pedagia-en-artes-1536x1024.jpg",1536,1024,true],"2048x2048":["https:\/\/www.uartes.edu.ec\/sitio\/wp-content\/uploads\/2020\/12\/pedagia-en-artes.jpg",2000,1333,false],"trp-custom-language-flag":["https:\/\/www.uartes.edu.ec\/sitio\/wp-content\/uploads\/2020\/12\/pedagia-en-artes.jpg",18,12,false],"htmega_size_585x295":["https:\/\/www.uartes.edu.ec\/sitio\/wp-content\/uploads\/2020\/12\/pedagia-en-artes-585x295.jpg",585,295,true],"htmega_size_1170x536":["https:\/\/www.uartes.edu.ec\/sitio\/wp-content\/uploads\/2020\/12\/pedagia-en-artes-1170x536.jpg",1170,536,true],"htmega_size_396x360":["https:\/\/www.uartes.edu.ec\/sitio\/wp-content\/uploads\/2020\/12\/pedagia-en-artes-396x360.jpg",396,360,true],"gb-block-post-grid-landscape":["https:\/\/www.uartes.edu.ec\/sitio\/wp-content\/uploads\/2020\/12\/pedagia-en-artes.jpg",600,400,false],"gb-block-post-grid-square":["https:\/\/www.uartes.edu.ec\/sitio\/wp-content\/uploads\/2020\/12\/pedagia-en-artes.jpg",600,400,false],"university-hub-thumb":["https:\/\/www.uartes.edu.ec\/sitio\/wp-content\/uploads\/2020\/12\/pedagia-en-artes.jpg",400,267,false]},"uagb_author_info":{"display_name":"Universidad de las Artes","author_link":"https:\/\/www.uartes.edu.ec\/sitio\/en\/blog\/author\/dircomadm\/"},"uagb_comment_info":0,"uagb_excerpt":"Los estudiantes de la carrera de Pedagog\u00eda de las Artes y Humanidades, la cual cursan en la Universidad de las Artes por convenio interinstitucional con la Universidad Nacional de Educaci\u00f3n (UNAE), inician este lunes 14 de diciembre de 2020 una serie de talleres art\u00edsticos y gratuitos, dirigidos a ni\u00f1as, ni\u00f1os y adolescentes. Se desarrollar\u00e1n de&hellip;","featured_image_src":"https:\/\/www.uartes.edu.ec\/sitio\/wp-content\/uploads\/2020\/12\/pedagia-en-artes.jpg","featured_image_src_square":"https:\/\/www.uartes.edu.ec\/sitio\/wp-content\/uploads\/2020\/12\/pedagia-en-artes.jpg","author_info":{"display_name":"Universidad de las Artes","author_link":"https:\/\/www.uartes.edu.ec\/sitio\/en\/blog\/author\/dircomadm\/"},"publishpress_future_workflow_manual_trigger":{"enabledWorkflows":[]},"distributor_meta":false,"distributor_terms":false,"distributor_media":false,"distributor_original_site_name":"Universidad de las Artes","distributor_original_site_url":"https:\/\/www.uartes.edu.ec\/sitio\/en","push-errors":false,"_links":{"self":[{"href":"https:\/\/www.uartes.edu.ec\/sitio\/en\/wp-json\/wp\/v2\/posts\/11790","targetHints":{"allow":["GET"]}}],"collection":[{"href":"https:\/\/www.uartes.edu.ec\/sitio\/en\/wp-json\/wp\/v2\/posts"}],"about":[{"href":"https:\/\/www.uartes.edu.ec\/sitio\/en\/wp-json\/wp\/v2\/types\/post"}],"author":[{"embeddable":true,"href":"https:\/\/www.uartes.edu.ec\/sitio\/en\/wp-json\/wp\/v2\/users\/1"}],"replies":[{"embeddable":true,"href":"https:\/\/www.uartes.edu.ec\/sitio\/en\/wp-json\/wp\/v2\/comments?post=11790"}],"version-history":[{"count":2,"href":"https:\/\/www.uartes.edu.ec\/sitio\/en\/wp-json\/wp\/v2\/posts\/11790\/revisions"}],"predecessor-version":[{"id":57077,"href":"https:\/\/www.uartes.edu.ec\/sitio\/en\/wp-json\/wp\/v2\/posts\/11790\/revisions\/57077"}],"wp:featuredmedia":[{"embeddable":true,"href":"https:\/\/www.uartes.edu.ec\/sitio\/en\/wp-json\/wp\/v2\/media\/11792"}],"wp:attachment":[{"href":"https:\/\/www.uartes.edu.ec\/sitio\/en\/wp-json\/wp\/v2\/media?parent=11790"}],"wp:term":[{"taxonomy":"category","embeddable":true,"href":"https:\/\/www.uartes.edu.ec\/sitio\/en\/wp-json\/wp\/v2\/categories?post=11790"},{"taxonomy":"post_tag","embeddable":true,"href":"https:\/\/www.uartes.edu.ec\/sitio\/en\/wp-json\/wp\/v2\/tags?post=11790"},{"taxonomy":"infouartes","embeddable":true,"href":"https:\/\/www.uartes.edu.ec\/sitio\/en\/wp-json\/wp\/v2\/infouartes?post=11790"}],"curies":[{"name":"wp","href":"https:\/\/api.w.org\/{rel}","templated":true}]}}