{"id":11837,"date":"2020-12-16T15:50:29","date_gmt":"2020-12-16T20:50:29","guid":{"rendered":"http:\/\/www.uartes.edu.ec\/sitio\/?p=11837"},"modified":"2024-07-04T11:33:12","modified_gmt":"2024-07-04T16:33:12","slug":"minga-poetica-presente-con-recital-en-libre-libro","status":"publish","type":"post","link":"https:\/\/www.uartes.edu.ec\/sitio\/en\/blog\/2020\/12\/16\/minga-poetica-presente-con-recital-en-libre-libro\/","title":{"rendered":"Minga Po\u00e9tica, presente con recital en Libre Libro"},"content":{"rendered":"<p>Un recital de poes\u00eda con los estudiantes de la Universidad de las Artes integrados en el proyecto editorial Minga Po\u00e9tica consta en la programaci\u00f3n de la VI edici\u00f3n del Encuentro de Editores Independientes Libre Libro. Tendr\u00e1 lugar este jueves 17 de diciembre, de 19:00 a 20:30, en la segunda jornada de una cita que por primera vez se desarrolla en modalidad virtual y \u201cCASAdentro\u201d.<\/p>\n\n\n\n<p>En di\u00e1logo con InfoUArtes, Laura Nivela, una de las mentalizadoras del sello editorial estudiantil, adelant\u00f3 que junto con sus compa\u00f1eros tambi\u00e9n autores: V\u00edctor Vaccaro, Dom\u00e9nica Concha, Cynthia Paredes y Paula Barona, leer\u00e1n los poemas que se encuentran en las cinco obras que han editado. El encuentro lo moderar\u00e1 Siomara Espa\u00f1a, subdirectora de la Escuela de Literatura.<\/p>\n\n\n\n<p>Minga Po\u00e9tica se empez\u00f3 a gestar en una de las clases que dicta la docente Mar\u00eda Paulina Briones. Se estructur\u00f3 en conjunto, as\u00ed como en conjunto se hizo la edici\u00f3n y dise\u00f1o, pues se trata de una publicaci\u00f3n cuyo motor es el apoyo y el aprendizaje colectivo. El proyecto es interdisciplinario, pues intervienen estudiantes de las Escuelas de Literatura, Cine, Artes Visuales y Sonoras.<\/p>\n\n\n\n<p>Para InfoUArtes, Laura Nivela escribi\u00f3 meses atr\u00e1s detalles de la propuesta. A continuaci\u00f3n replicamos parte de su art\u00edculo:<\/p>\n\n\n\n<p>\u201cAl principio del a\u00f1o, como muchas personas, ten\u00eda varios proyectos que quer\u00eda desarrollar a lo largo del 2020. Por la pandemia, esto no fue posible y hasta pens\u00e9 en abandonar la universidad y todos mis proyectos actuales porque el COVID-19 afect\u00f3 a mi familia de una manera terrible. Cre\u00ed que despu\u00e9s de un trauma de tal magnitud no podr\u00eda seguir adelante, pero lentamente volv\u00ed a la UArtes y a encontrarme con mis amigues.<\/p>\n\n\n\n<p>Me di cuenta de que la \u00fanica manera de volver a nuestras labores, de curarnos el alma y la tristeza, era a trav\u00e9s del apoyo colectivo y de los afectos. Por ello, pens\u00e9 en Minga Po\u00e9tica, sello de mi editorial fanzinera Cr\u00edmenes en Venus, como una plataforma de publicaci\u00f3n, edici\u00f3n y dise\u00f1o que permita un trabajo horizontal de todas las personas involucradas. Adem\u00e1s de m\u00ed, Cynthia Paredes, V\u00edctor Vaccaro, Paula Barona y Dom\u00e9nica Concha. Cabe recalcar que todas las personas que ser\u00e1n publicadas y que colaboraron en este sello editorial de alguna u otra manera son alumnos de la Universidad de las Artes.<\/p>\n\n\n\n<p>El nombre del sello viene desde la idea de trabajar en conjunto para la limpieza de los campos o espacios abiertos, para poder limpiar el \u00e1rea donde en el futuro habr\u00e1 una siembra (\u2026).<\/p>\n\n\n\n<p>Los t\u00edtulos de las publicaciones de Minga Po\u00e9tica son: Ser volc\u00e1n, de Cynthia Paredes; \u00c1rbol ginecol\u00f3gico, de V\u00edctor Vaccaro; Fantasmas, de Dom\u00e9nica Concha; Viudas, de Paula Barona; y, GuayakillSinCity: ciudad del opio s\u00edsmico, de mi autor\u00eda (Laura Nivela)\u201d.<\/p>\n\n\n\n<p>Las transmisiones de los encuentros de Libre Libro se realizan por el Facebook Live de la Escuela de Literatura (@liteuartes) y de la Universidad de las Artes (@uartesec).<\/p>\n\n\n\n<p>Texto: Carmen Cortez<\/p>","protected":false},"excerpt":{"rendered":"<p>Un recital de poes\u00eda con los estudiantes de la Universidad de las Artes integrados en el proyecto editorial Minga Po\u00e9tica consta en la programaci\u00f3n de la VI edici\u00f3n del Encuentro de Editores Independientes Libre Libro. Tendr\u00e1 lugar este jueves 17 de diciembre, de 19:00 a 20:30, en la segunda jornada de una cita que por primera vez se desarrolla en modalidad virtual y \u201cCASAdentro\u201d.<\/p>","protected":false},"author":1,"featured_media":11829,"comment_status":"closed","ping_status":"closed","sticky":false,"template":"","format":"standard","meta":{"_acf_changed":false,"_uag_custom_page_level_css":"","_monsterinsights_skip_tracking":false,"_monsterinsights_sitenote_active":false,"_monsterinsights_sitenote_note":"","_monsterinsights_sitenote_category":0,"cybocfi_hide_featured_image":"","footnotes":""},"categories":[82,76,175,79],"tags":[392],"infouartes":[],"class_list":["post-11837","post","type-post","status-publish","format-standard","has-post-thumbnail","hentry","category-artes","category-estudiantes","category-literatura","category-vinculo","tag-librelibro2020"],"acf":[],"yoast_head":"<!-- This site is optimized with the Yoast SEO plugin v27.4 - https:\/\/yoast.com\/product\/yoast-seo-wordpress\/ -->\n<title>Universidad de las Artes - Minga Po\u00e9tica, presente con recital en Libre Libro<\/title>\n<meta name=\"description\" content=\"Universidad de las Artes - Minga Po\u00e9tica, presente con recital en Libre Libro\" \/>\n<meta name=\"robots\" content=\"index, follow, max-snippet:-1, max-image-preview:large, max-video-preview:-1\" \/>\n<link rel=\"canonical\" href=\"https:\/\/www.uartes.edu.ec\/sitio\/en\/blog\/2020\/12\/16\/minga-poetica-presente-con-recital-en-libre-libro\/\" \/>\n<meta property=\"og:locale\" content=\"en_US\" \/>\n<meta property=\"og:type\" content=\"article\" \/>\n<meta property=\"og:title\" content=\"Universidad de las Artes - Minga Po\u00e9tica, presente con recital en Libre Libro\" \/>\n<meta property=\"og:description\" content=\"Universidad de las Artes - Minga Po\u00e9tica, presente con recital en Libre Libro\" \/>\n<meta property=\"og:url\" content=\"https:\/\/www.uartes.edu.ec\/sitio\/en\/blog\/2020\/12\/16\/minga-poetica-presente-con-recital-en-libre-libro\/\" \/>\n<meta property=\"og:site_name\" content=\"Universidad de las Artes\" \/>\n<meta property=\"article:publisher\" content=\"https:\/\/www.facebook.com\/uartesec\" \/>\n<meta property=\"article:published_time\" content=\"2020-12-16T20:50:29+00:00\" \/>\n<meta property=\"article:modified_time\" content=\"2024-07-04T16:33:12+00:00\" \/>\n<meta property=\"og:image\" content=\"https:\/\/www.uartes.edu.ec\/sitio\/wp-content\/uploads\/2020\/12\/minga-poetica2.jpg\" \/>\n\t<meta property=\"og:image:width\" content=\"1733\" \/>\n\t<meta property=\"og:image:height\" content=\"1155\" \/>\n\t<meta property=\"og:image:type\" content=\"image\/jpeg\" \/>\n<meta name=\"author\" content=\"Universidad de las Artes\" \/>\n<meta name=\"twitter:card\" content=\"summary_large_image\" \/>\n<meta name=\"twitter:creator\" content=\"@uartesec\" \/>\n<meta name=\"twitter:site\" content=\"@uartesec\" \/>\n<meta name=\"twitter:label1\" content=\"Written by\" \/>\n\t<meta name=\"twitter:data1\" content=\"Universidad de las Artes\" \/>\n\t<meta name=\"twitter:label2\" content=\"Est. reading time\" \/>\n\t<meta name=\"twitter:data2\" content=\"3 minutes\" \/>\n<script type=\"application\/ld+json\" class=\"yoast-schema-graph\">{\"@context\":\"https:\\\/\\\/schema.org\",\"@graph\":[{\"@type\":\"Article\",\"@id\":\"https:\\\/\\\/www.uartes.edu.ec\\\/sitio\\\/en\\\/blog\\\/2020\\\/12\\\/16\\\/minga-poetica-presente-con-recital-en-libre-libro\\\/#article\",\"isPartOf\":{\"@id\":\"https:\\\/\\\/www.uartes.edu.ec\\\/sitio\\\/en\\\/blog\\\/2020\\\/12\\\/16\\\/minga-poetica-presente-con-recital-en-libre-libro\\\/\"},\"author\":{\"name\":\"Universidad de las Artes\",\"@id\":\"https:\\\/\\\/www.uartes.edu.ec\\\/sitio\\\/en\\\/#\\\/schema\\\/person\\\/f33f8c1d2af0d5c80a38c8abf458184a\"},\"headline\":\"Minga Po\u00e9tica, presente con recital en Libre Libro\",\"datePublished\":\"2020-12-16T20:50:29+00:00\",\"dateModified\":\"2024-07-04T16:33:12+00:00\",\"mainEntityOfPage\":{\"@id\":\"https:\\\/\\\/www.uartes.edu.ec\\\/sitio\\\/en\\\/blog\\\/2020\\\/12\\\/16\\\/minga-poetica-presente-con-recital-en-libre-libro\\\/\"},\"wordCount\":527,\"publisher\":{\"@id\":\"https:\\\/\\\/www.uartes.edu.ec\\\/sitio\\\/en\\\/#organization\"},\"image\":{\"@id\":\"https:\\\/\\\/www.uartes.edu.ec\\\/sitio\\\/en\\\/blog\\\/2020\\\/12\\\/16\\\/minga-poetica-presente-con-recital-en-libre-libro\\\/#primaryimage\"},\"thumbnailUrl\":\"https:\\\/\\\/www.uartes.edu.ec\\\/sitio\\\/wp-content\\\/uploads\\\/2020\\\/12\\\/minga-poetica2.jpg\",\"keywords\":[\"librelibro2020\"],\"articleSection\":[\"Artes\",\"Estudiantes\",\"Literatura\",\"V\u00ednculo\"],\"inLanguage\":\"en-US\"},{\"@type\":[\"WebPage\",\"ItemPage\"],\"@id\":\"https:\\\/\\\/www.uartes.edu.ec\\\/sitio\\\/en\\\/blog\\\/2020\\\/12\\\/16\\\/minga-poetica-presente-con-recital-en-libre-libro\\\/\",\"url\":\"https:\\\/\\\/www.uartes.edu.ec\\\/sitio\\\/en\\\/blog\\\/2020\\\/12\\\/16\\\/minga-poetica-presente-con-recital-en-libre-libro\\\/\",\"name\":\"Universidad de las Artes - Minga Po\u00e9tica, presente con recital en Libre Libro\",\"isPartOf\":{\"@id\":\"https:\\\/\\\/www.uartes.edu.ec\\\/sitio\\\/en\\\/#website\"},\"primaryImageOfPage\":{\"@id\":\"https:\\\/\\\/www.uartes.edu.ec\\\/sitio\\\/en\\\/blog\\\/2020\\\/12\\\/16\\\/minga-poetica-presente-con-recital-en-libre-libro\\\/#primaryimage\"},\"image\":{\"@id\":\"https:\\\/\\\/www.uartes.edu.ec\\\/sitio\\\/en\\\/blog\\\/2020\\\/12\\\/16\\\/minga-poetica-presente-con-recital-en-libre-libro\\\/#primaryimage\"},\"thumbnailUrl\":\"https:\\\/\\\/www.uartes.edu.ec\\\/sitio\\\/wp-content\\\/uploads\\\/2020\\\/12\\\/minga-poetica2.jpg\",\"datePublished\":\"2020-12-16T20:50:29+00:00\",\"dateModified\":\"2024-07-04T16:33:12+00:00\",\"description\":\"Universidad de las Artes - Minga Po\u00e9tica, presente con recital en Libre Libro\",\"breadcrumb\":{\"@id\":\"https:\\\/\\\/www.uartes.edu.ec\\\/sitio\\\/en\\\/blog\\\/2020\\\/12\\\/16\\\/minga-poetica-presente-con-recital-en-libre-libro\\\/#breadcrumb\"},\"inLanguage\":\"en-US\",\"potentialAction\":[{\"@type\":\"ReadAction\",\"target\":[\"https:\\\/\\\/www.uartes.edu.ec\\\/sitio\\\/en\\\/blog\\\/2020\\\/12\\\/16\\\/minga-poetica-presente-con-recital-en-libre-libro\\\/\"]}]},{\"@type\":\"ImageObject\",\"inLanguage\":\"en-US\",\"@id\":\"https:\\\/\\\/www.uartes.edu.ec\\\/sitio\\\/en\\\/blog\\\/2020\\\/12\\\/16\\\/minga-poetica-presente-con-recital-en-libre-libro\\\/#primaryimage\",\"url\":\"https:\\\/\\\/www.uartes.edu.ec\\\/sitio\\\/wp-content\\\/uploads\\\/2020\\\/12\\\/minga-poetica2.jpg\",\"contentUrl\":\"https:\\\/\\\/www.uartes.edu.ec\\\/sitio\\\/wp-content\\\/uploads\\\/2020\\\/12\\\/minga-poetica2.jpg\",\"width\":1733,\"height\":1155},{\"@type\":\"BreadcrumbList\",\"@id\":\"https:\\\/\\\/www.uartes.edu.ec\\\/sitio\\\/en\\\/blog\\\/2020\\\/12\\\/16\\\/minga-poetica-presente-con-recital-en-libre-libro\\\/#breadcrumb\",\"itemListElement\":[{\"@type\":\"ListItem\",\"position\":1,\"name\":\"Inicio\",\"item\":\"https:\\\/\\\/www.uartes.edu.ec\\\/sitio\\\/\"},{\"@type\":\"ListItem\",\"position\":2,\"name\":\"Minga Po\u00e9tica, presente con recital en Libre Libro\"}]},{\"@type\":\"WebSite\",\"@id\":\"https:\\\/\\\/www.uartes.edu.ec\\\/sitio\\\/en\\\/#website\",\"url\":\"https:\\\/\\\/www.uartes.edu.ec\\\/sitio\\\/en\\\/\",\"name\":\"Universidad de las Artes\",\"description\":\"Sitio oficial de la Universidad Nacional de las Artes del Ecuador\",\"publisher\":{\"@id\":\"https:\\\/\\\/www.uartes.edu.ec\\\/sitio\\\/en\\\/#organization\"},\"potentialAction\":[{\"@type\":\"SearchAction\",\"target\":{\"@type\":\"EntryPoint\",\"urlTemplate\":\"https:\\\/\\\/www.uartes.edu.ec\\\/sitio\\\/en\\\/?s={search_term_string}\"},\"query-input\":{\"@type\":\"PropertyValueSpecification\",\"valueRequired\":true,\"valueName\":\"search_term_string\"}}],\"inLanguage\":\"en-US\"},{\"@type\":\"Organization\",\"@id\":\"https:\\\/\\\/www.uartes.edu.ec\\\/sitio\\\/en\\\/#organization\",\"name\":\"Universidad de las Artes\",\"url\":\"https:\\\/\\\/www.uartes.edu.ec\\\/sitio\\\/en\\\/\",\"logo\":{\"@type\":\"ImageObject\",\"inLanguage\":\"en-US\",\"@id\":\"https:\\\/\\\/www.uartes.edu.ec\\\/sitio\\\/en\\\/#\\\/schema\\\/logo\\\/image\\\/\",\"url\":\"https:\\\/\\\/www.uartes.edu.ec\\\/sitio\\\/wp-content\\\/uploads\\\/2022\\\/07\\\/logo-ua-horizontal.png\",\"contentUrl\":\"https:\\\/\\\/www.uartes.edu.ec\\\/sitio\\\/wp-content\\\/uploads\\\/2022\\\/07\\\/logo-ua-horizontal.png\",\"width\":800,\"height\":276,\"caption\":\"Universidad de las Artes\"},\"image\":{\"@id\":\"https:\\\/\\\/www.uartes.edu.ec\\\/sitio\\\/en\\\/#\\\/schema\\\/logo\\\/image\\\/\"},\"sameAs\":[\"https:\\\/\\\/www.facebook.com\\\/uartesec\",\"https:\\\/\\\/x.com\\\/uartesec\",\"https:\\\/\\\/www.tiktok.com\\\/@uartesec\"]},{\"@type\":\"Person\",\"@id\":\"https:\\\/\\\/www.uartes.edu.ec\\\/sitio\\\/en\\\/#\\\/schema\\\/person\\\/f33f8c1d2af0d5c80a38c8abf458184a\",\"name\":\"Universidad de las Artes\",\"image\":{\"@type\":\"ImageObject\",\"inLanguage\":\"en-US\",\"@id\":\"https:\\\/\\\/secure.gravatar.com\\\/avatar\\\/52e4757902f5cfa5ac52d020e5be83cae5487519154b6c35482fe08d589f3c13?s=96&d=mm&r=g\",\"url\":\"https:\\\/\\\/secure.gravatar.com\\\/avatar\\\/52e4757902f5cfa5ac52d020e5be83cae5487519154b6c35482fe08d589f3c13?s=96&d=mm&r=g\",\"contentUrl\":\"https:\\\/\\\/secure.gravatar.com\\\/avatar\\\/52e4757902f5cfa5ac52d020e5be83cae5487519154b6c35482fe08d589f3c13?s=96&d=mm&r=g\",\"caption\":\"Universidad de las Artes\"},\"url\":\"https:\\\/\\\/www.uartes.edu.ec\\\/sitio\\\/en\\\/blog\\\/author\\\/dircomadm\\\/\"}]}<\/script>\n<!-- \/ Yoast SEO plugin. -->","yoast_head_json":{"title":"Universidad de las Artes - Minga Po\u00e9tica, presente con recital en Libre Libro","description":"Universidad de las Artes - Minga Po\u00e9tica, presente con recital en Libre Libro","robots":{"index":"index","follow":"follow","max-snippet":"max-snippet:-1","max-image-preview":"max-image-preview:large","max-video-preview":"max-video-preview:-1"},"canonical":"https:\/\/www.uartes.edu.ec\/sitio\/en\/blog\/2020\/12\/16\/minga-poetica-presente-con-recital-en-libre-libro\/","og_locale":"en_US","og_type":"article","og_title":"Universidad de las Artes - Minga Po\u00e9tica, presente con recital en Libre Libro","og_description":"Universidad de las Artes - Minga Po\u00e9tica, presente con recital en Libre Libro","og_url":"https:\/\/www.uartes.edu.ec\/sitio\/en\/blog\/2020\/12\/16\/minga-poetica-presente-con-recital-en-libre-libro\/","og_site_name":"Universidad de las Artes","article_publisher":"https:\/\/www.facebook.com\/uartesec","article_published_time":"2020-12-16T20:50:29+00:00","article_modified_time":"2024-07-04T16:33:12+00:00","og_image":[{"width":1733,"height":1155,"url":"https:\/\/www.uartes.edu.ec\/sitio\/wp-content\/uploads\/2020\/12\/minga-poetica2.jpg","type":"image\/jpeg"}],"author":"Universidad de las Artes","twitter_card":"summary_large_image","twitter_creator":"@uartesec","twitter_site":"@uartesec","twitter_misc":{"Written by":"Universidad de las Artes","Est. reading time":"3 minutes"},"schema":{"@context":"https:\/\/schema.org","@graph":[{"@type":"Article","@id":"https:\/\/www.uartes.edu.ec\/sitio\/en\/blog\/2020\/12\/16\/minga-poetica-presente-con-recital-en-libre-libro\/#article","isPartOf":{"@id":"https:\/\/www.uartes.edu.ec\/sitio\/en\/blog\/2020\/12\/16\/minga-poetica-presente-con-recital-en-libre-libro\/"},"author":{"name":"Universidad de las Artes","@id":"https:\/\/www.uartes.edu.ec\/sitio\/en\/#\/schema\/person\/f33f8c1d2af0d5c80a38c8abf458184a"},"headline":"Minga Po\u00e9tica, presente con recital en Libre Libro","datePublished":"2020-12-16T20:50:29+00:00","dateModified":"2024-07-04T16:33:12+00:00","mainEntityOfPage":{"@id":"https:\/\/www.uartes.edu.ec\/sitio\/en\/blog\/2020\/12\/16\/minga-poetica-presente-con-recital-en-libre-libro\/"},"wordCount":527,"publisher":{"@id":"https:\/\/www.uartes.edu.ec\/sitio\/en\/#organization"},"image":{"@id":"https:\/\/www.uartes.edu.ec\/sitio\/en\/blog\/2020\/12\/16\/minga-poetica-presente-con-recital-en-libre-libro\/#primaryimage"},"thumbnailUrl":"https:\/\/www.uartes.edu.ec\/sitio\/wp-content\/uploads\/2020\/12\/minga-poetica2.jpg","keywords":["librelibro2020"],"articleSection":["Artes","Estudiantes","Literatura","V\u00ednculo"],"inLanguage":"en-US"},{"@type":["WebPage","ItemPage"],"@id":"https:\/\/www.uartes.edu.ec\/sitio\/en\/blog\/2020\/12\/16\/minga-poetica-presente-con-recital-en-libre-libro\/","url":"https:\/\/www.uartes.edu.ec\/sitio\/en\/blog\/2020\/12\/16\/minga-poetica-presente-con-recital-en-libre-libro\/","name":"Universidad de las Artes - Minga Po\u00e9tica, presente con recital en Libre Libro","isPartOf":{"@id":"https:\/\/www.uartes.edu.ec\/sitio\/en\/#website"},"primaryImageOfPage":{"@id":"https:\/\/www.uartes.edu.ec\/sitio\/en\/blog\/2020\/12\/16\/minga-poetica-presente-con-recital-en-libre-libro\/#primaryimage"},"image":{"@id":"https:\/\/www.uartes.edu.ec\/sitio\/en\/blog\/2020\/12\/16\/minga-poetica-presente-con-recital-en-libre-libro\/#primaryimage"},"thumbnailUrl":"https:\/\/www.uartes.edu.ec\/sitio\/wp-content\/uploads\/2020\/12\/minga-poetica2.jpg","datePublished":"2020-12-16T20:50:29+00:00","dateModified":"2024-07-04T16:33:12+00:00","description":"Universidad de las Artes - Minga Po\u00e9tica, presente con recital en Libre Libro","breadcrumb":{"@id":"https:\/\/www.uartes.edu.ec\/sitio\/en\/blog\/2020\/12\/16\/minga-poetica-presente-con-recital-en-libre-libro\/#breadcrumb"},"inLanguage":"en-US","potentialAction":[{"@type":"ReadAction","target":["https:\/\/www.uartes.edu.ec\/sitio\/en\/blog\/2020\/12\/16\/minga-poetica-presente-con-recital-en-libre-libro\/"]}]},{"@type":"ImageObject","inLanguage":"en-US","@id":"https:\/\/www.uartes.edu.ec\/sitio\/en\/blog\/2020\/12\/16\/minga-poetica-presente-con-recital-en-libre-libro\/#primaryimage","url":"https:\/\/www.uartes.edu.ec\/sitio\/wp-content\/uploads\/2020\/12\/minga-poetica2.jpg","contentUrl":"https:\/\/www.uartes.edu.ec\/sitio\/wp-content\/uploads\/2020\/12\/minga-poetica2.jpg","width":1733,"height":1155},{"@type":"BreadcrumbList","@id":"https:\/\/www.uartes.edu.ec\/sitio\/en\/blog\/2020\/12\/16\/minga-poetica-presente-con-recital-en-libre-libro\/#breadcrumb","itemListElement":[{"@type":"ListItem","position":1,"name":"Inicio","item":"https:\/\/www.uartes.edu.ec\/sitio\/"},{"@type":"ListItem","position":2,"name":"Minga Po\u00e9tica, presente con recital en Libre Libro"}]},{"@type":"WebSite","@id":"https:\/\/www.uartes.edu.ec\/sitio\/en\/#website","url":"https:\/\/www.uartes.edu.ec\/sitio\/en\/","name":"Universidad de las Artes","description":"Sitio oficial de la Universidad Nacional de las Artes del Ecuador","publisher":{"@id":"https:\/\/www.uartes.edu.ec\/sitio\/en\/#organization"},"potentialAction":[{"@type":"SearchAction","target":{"@type":"EntryPoint","urlTemplate":"https:\/\/www.uartes.edu.ec\/sitio\/en\/?s={search_term_string}"},"query-input":{"@type":"PropertyValueSpecification","valueRequired":true,"valueName":"search_term_string"}}],"inLanguage":"en-US"},{"@type":"Organization","@id":"https:\/\/www.uartes.edu.ec\/sitio\/en\/#organization","name":"Universidad de las Artes","url":"https:\/\/www.uartes.edu.ec\/sitio\/en\/","logo":{"@type":"ImageObject","inLanguage":"en-US","@id":"https:\/\/www.uartes.edu.ec\/sitio\/en\/#\/schema\/logo\/image\/","url":"https:\/\/www.uartes.edu.ec\/sitio\/wp-content\/uploads\/2022\/07\/logo-ua-horizontal.png","contentUrl":"https:\/\/www.uartes.edu.ec\/sitio\/wp-content\/uploads\/2022\/07\/logo-ua-horizontal.png","width":800,"height":276,"caption":"Universidad de las Artes"},"image":{"@id":"https:\/\/www.uartes.edu.ec\/sitio\/en\/#\/schema\/logo\/image\/"},"sameAs":["https:\/\/www.facebook.com\/uartesec","https:\/\/x.com\/uartesec","https:\/\/www.tiktok.com\/@uartesec"]},{"@type":"Person","@id":"https:\/\/www.uartes.edu.ec\/sitio\/en\/#\/schema\/person\/f33f8c1d2af0d5c80a38c8abf458184a","name":"Universidad de las Artes","image":{"@type":"ImageObject","inLanguage":"en-US","@id":"https:\/\/secure.gravatar.com\/avatar\/52e4757902f5cfa5ac52d020e5be83cae5487519154b6c35482fe08d589f3c13?s=96&d=mm&r=g","url":"https:\/\/secure.gravatar.com\/avatar\/52e4757902f5cfa5ac52d020e5be83cae5487519154b6c35482fe08d589f3c13?s=96&d=mm&r=g","contentUrl":"https:\/\/secure.gravatar.com\/avatar\/52e4757902f5cfa5ac52d020e5be83cae5487519154b6c35482fe08d589f3c13?s=96&d=mm&r=g","caption":"Universidad de las Artes"},"url":"https:\/\/www.uartes.edu.ec\/sitio\/en\/blog\/author\/dircomadm\/"}]}},"uagb_featured_image_src":{"full":["https:\/\/www.uartes.edu.ec\/sitio\/wp-content\/uploads\/2020\/12\/minga-poetica2.jpg",1733,1155,false],"thumbnail":["https:\/\/www.uartes.edu.ec\/sitio\/wp-content\/uploads\/2020\/12\/minga-poetica2-150x150.jpg",150,150,true],"medium":["https:\/\/www.uartes.edu.ec\/sitio\/wp-content\/uploads\/2020\/12\/minga-poetica2-300x200.jpg",300,200,true],"medium_large":["https:\/\/www.uartes.edu.ec\/sitio\/wp-content\/uploads\/2020\/12\/minga-poetica2-768x512.jpg",768,512,true],"large":["https:\/\/www.uartes.edu.ec\/sitio\/wp-content\/uploads\/2020\/12\/minga-poetica2-644x429.jpg",644,429,true],"1536x1536":["https:\/\/www.uartes.edu.ec\/sitio\/wp-content\/uploads\/2020\/12\/minga-poetica2-1536x1024.jpg",1536,1024,true],"2048x2048":["https:\/\/www.uartes.edu.ec\/sitio\/wp-content\/uploads\/2020\/12\/minga-poetica2.jpg",1733,1155,false],"trp-custom-language-flag":["https:\/\/www.uartes.edu.ec\/sitio\/wp-content\/uploads\/2020\/12\/minga-poetica2.jpg",18,12,false],"htmega_size_585x295":["https:\/\/www.uartes.edu.ec\/sitio\/wp-content\/uploads\/2020\/12\/minga-poetica2-585x295.jpg",585,295,true],"htmega_size_1170x536":["https:\/\/www.uartes.edu.ec\/sitio\/wp-content\/uploads\/2020\/12\/minga-poetica2-1170x536.jpg",1170,536,true],"htmega_size_396x360":["https:\/\/www.uartes.edu.ec\/sitio\/wp-content\/uploads\/2020\/12\/minga-poetica2-396x360.jpg",396,360,true],"gb-block-post-grid-landscape":["https:\/\/www.uartes.edu.ec\/sitio\/wp-content\/uploads\/2020\/12\/minga-poetica2.jpg",600,400,false],"gb-block-post-grid-square":["https:\/\/www.uartes.edu.ec\/sitio\/wp-content\/uploads\/2020\/12\/minga-poetica2.jpg",600,400,false],"university-hub-thumb":["https:\/\/www.uartes.edu.ec\/sitio\/wp-content\/uploads\/2020\/12\/minga-poetica2.jpg",400,267,false],"mailpoet_newsletter_max":["https:\/\/www.uartes.edu.ec\/sitio\/wp-content\/uploads\/2020\/12\/minga-poetica2.jpg",1320,880,false]},"uagb_author_info":{"display_name":"Universidad de las Artes","author_link":"https:\/\/www.uartes.edu.ec\/sitio\/en\/blog\/author\/dircomadm\/"},"uagb_comment_info":0,"uagb_excerpt":"Un recital de poes\u00eda con los estudiantes de la Universidad de las Artes integrados en el proyecto editorial Minga Po\u00e9tica consta en la programaci\u00f3n de la VI edici\u00f3n del Encuentro de Editores Independientes Libre Libro. Tendr\u00e1 lugar este jueves 17 de diciembre, de 19:00 a 20:30, en la segunda jornada de una cita que por&hellip;","featured_image_src":"https:\/\/www.uartes.edu.ec\/sitio\/wp-content\/uploads\/2020\/12\/minga-poetica2.jpg","featured_image_src_square":"https:\/\/www.uartes.edu.ec\/sitio\/wp-content\/uploads\/2020\/12\/minga-poetica2.jpg","author_info":{"display_name":"Universidad de las Artes","author_link":"https:\/\/www.uartes.edu.ec\/sitio\/en\/blog\/author\/dircomadm\/"},"publishpress_future_workflow_manual_trigger":{"enabledWorkflows":[]},"distributor_meta":false,"distributor_terms":false,"distributor_media":false,"distributor_original_site_name":"Universidad de las Artes","distributor_original_site_url":"https:\/\/www.uartes.edu.ec\/sitio\/en","push-errors":false,"_links":{"self":[{"href":"https:\/\/www.uartes.edu.ec\/sitio\/en\/wp-json\/wp\/v2\/posts\/11837","targetHints":{"allow":["GET"]}}],"collection":[{"href":"https:\/\/www.uartes.edu.ec\/sitio\/en\/wp-json\/wp\/v2\/posts"}],"about":[{"href":"https:\/\/www.uartes.edu.ec\/sitio\/en\/wp-json\/wp\/v2\/types\/post"}],"author":[{"embeddable":true,"href":"https:\/\/www.uartes.edu.ec\/sitio\/en\/wp-json\/wp\/v2\/users\/1"}],"replies":[{"embeddable":true,"href":"https:\/\/www.uartes.edu.ec\/sitio\/en\/wp-json\/wp\/v2\/comments?post=11837"}],"version-history":[{"count":1,"href":"https:\/\/www.uartes.edu.ec\/sitio\/en\/wp-json\/wp\/v2\/posts\/11837\/revisions"}],"predecessor-version":[{"id":11838,"href":"https:\/\/www.uartes.edu.ec\/sitio\/en\/wp-json\/wp\/v2\/posts\/11837\/revisions\/11838"}],"wp:featuredmedia":[{"embeddable":true,"href":"https:\/\/www.uartes.edu.ec\/sitio\/en\/wp-json\/wp\/v2\/media\/11829"}],"wp:attachment":[{"href":"https:\/\/www.uartes.edu.ec\/sitio\/en\/wp-json\/wp\/v2\/media?parent=11837"}],"wp:term":[{"taxonomy":"category","embeddable":true,"href":"https:\/\/www.uartes.edu.ec\/sitio\/en\/wp-json\/wp\/v2\/categories?post=11837"},{"taxonomy":"post_tag","embeddable":true,"href":"https:\/\/www.uartes.edu.ec\/sitio\/en\/wp-json\/wp\/v2\/tags?post=11837"},{"taxonomy":"infouartes","embeddable":true,"href":"https:\/\/www.uartes.edu.ec\/sitio\/en\/wp-json\/wp\/v2\/infouartes?post=11837"}],"curies":[{"name":"wp","href":"https:\/\/api.w.org\/{rel}","templated":true}]}}