{"id":1193,"date":"2018-02-02T09:03:57","date_gmt":"2018-02-02T14:03:57","guid":{"rendered":"http:\/\/www.uartes.edu.ec\/infouartes\/?p=1193"},"modified":"2024-07-04T11:53:59","modified_gmt":"2024-07-04T16:53:59","slug":"la-universidad-de-las-artes-va-al-colegio-acercandonos-a-la-danza","status":"publish","type":"post","link":"https:\/\/www.uartes.edu.ec\/sitio\/en\/blog\/2018\/02\/02\/la-universidad-de-las-artes-va-al-colegio-acercandonos-a-la-danza\/","title":{"rendered":"La Universidad de las Artes va al colegio. Acerc\u00e1ndonos a la danza."},"content":{"rendered":"<p><em>or Gilda S\u00e1nchez<\/em><\/p>\n<p>La Universidad de las Artes, con el objetivo de motivar el estudio de la danza entre la poblaci\u00f3n juvenil, desarroll\u00f3 el proyecto <strong>\u201c<em>Acerc\u00e1ndonos a la danza\u201d, <\/em><\/strong>mismo que gener\u00f3 espacios de aproximaci\u00f3n con estudiantes en instituciones educativas p\u00fablicas de la ciudad de Guayaquil.<\/p>\n<p>A trav\u00e9s de din\u00e1micas de trabajo corporal y la muestra de material audiovisual, la docente de la Escuela de Artes Esc\u00e9nicas de la Universidad de las Artes, Elizabeth Medina, junto a los estudiantes del primer semestre de la carrera de Danza, propusieron el acercamiento con las artes esc\u00e9nicas, espec\u00edficamente con la danza contempor\u00e1nea, de ni\u00f1as, ni\u00f1os y adolescentes. El proyecto favoreci\u00f3 a la formaci\u00f3n de p\u00fablicos para las artes esc\u00e9nicas y motiv\u00f3, entre los estudiantes de bachillerato de distintas instituciones educativas, el estudio de la danza a nivel superior.<\/p>\n<p>En la primera fase del proyecto, se realizaron talleres en tres instituciones educativas: Unidad Educativa Fiscal R\u00e9plica Aguirre Abad, Colegio Fiscal Provincia del Carchi y el Centro Municipal de Apoyo: Audici\u00f3n y Lenguaje, en dos sesiones de dos horas cada una, haciendo un total de 4 horas por grupo. En el Centro Municipal de Apoyo: Audici\u00f3n y Lenguaje, se puso \u00e9nfasis en la inclusi\u00f3n de estudiantes con discapacidad auditiva y se incluy\u00f3 un taller a sus docentes, promoviendo la danza como estrategia pedag\u00f3gica para el desarrollo integral de los estudiantes.<\/p>\n<p><img fetchpriority=\"high\" decoding=\"async\" class=\"aligncenter size-full wp-image-1200\" src=\"http:\/\/www.uartes.edu.ec\/infouartes\/wp-content\/uploads\/2018\/02\/La-Universidad-de-las-Artes-va-al-colegio-Acercandonos-a-la-01.jpg\" alt=\"\" width=\"950\" height=\"509\" \/><\/p>\n<p>Con el inicio del a\u00f1o lectivo 2018-2019, se prev\u00e9 desarrollar este proyecto en nuevos\u00a0 establecimientos educativos, brindando adem\u00e1s la informaci\u00f3n sobre la oferta acad\u00e9mica de la Universidad de las Artes, aportando en la construcci\u00f3n de los proyectos de vida de los estudiantes y docentes de las comunidades educativas.<\/p>","protected":false},"excerpt":{"rendered":"<p>or Gilda S\u00e1nchez La Universidad de las Artes, con el objetivo de motivar el estudio de la danza entre la poblaci\u00f3n juvenil, desarroll\u00f3 el proyecto \u201cAcerc\u00e1ndonos a la danza\u201d, mismo que gener\u00f3 espacios de aproximaci\u00f3n con estudiantes en instituciones educativas p\u00fablicas de la ciudad de Guayaquil. A trav\u00e9s de din\u00e1micas de trabajo corporal y la [&hellip;]<\/p>\n","protected":false},"author":1,"featured_media":1202,"comment_status":"closed","ping_status":"open","sticky":false,"template":"","format":"standard","meta":{"_acf_changed":false,"_uag_custom_page_level_css":"","_monsterinsights_skip_tracking":false,"_monsterinsights_sitenote_active":false,"_monsterinsights_sitenote_note":"","_monsterinsights_sitenote_category":0,"cybocfi_hide_featured_image":"","footnotes":""},"categories":[75,79],"tags":[],"infouartes":[],"class_list":["post-1193","post","type-post","status-publish","format-standard","has-post-thumbnail","hentry","category-docentes","category-vinculo"],"acf":[],"yoast_head":"<!-- This site is optimized with the Yoast SEO plugin v27.4 - https:\/\/yoast.com\/product\/yoast-seo-wordpress\/ -->\n<title>Universidad de las Artes - La Universidad de las Artes va al colegio. Acerc\u00e1ndonos a la danza.<\/title>\n<meta name=\"description\" content=\"Universidad de las Artes - La Universidad de las Artes va al colegio. Acerc\u00e1ndonos a la danza.\" \/>\n<meta name=\"robots\" content=\"index, follow, max-snippet:-1, max-image-preview:large, max-video-preview:-1\" \/>\n<link rel=\"canonical\" href=\"https:\/\/www.uartes.edu.ec\/sitio\/en\/blog\/2018\/02\/02\/la-universidad-de-las-artes-va-al-colegio-acercandonos-a-la-danza\/\" \/>\n<meta property=\"og:locale\" content=\"en_US\" \/>\n<meta property=\"og:type\" content=\"article\" \/>\n<meta property=\"og:title\" content=\"Universidad de las Artes - La Universidad de las Artes va al colegio. Acerc\u00e1ndonos a la danza.\" \/>\n<meta property=\"og:description\" content=\"Universidad de las Artes - La Universidad de las Artes va al colegio. Acerc\u00e1ndonos a la danza.\" \/>\n<meta property=\"og:url\" content=\"https:\/\/www.uartes.edu.ec\/sitio\/en\/blog\/2018\/02\/02\/la-universidad-de-las-artes-va-al-colegio-acercandonos-a-la-danza\/\" \/>\n<meta property=\"og:site_name\" content=\"Universidad de las Artes\" \/>\n<meta property=\"article:publisher\" content=\"https:\/\/www.facebook.com\/uartesec\" \/>\n<meta property=\"article:published_time\" content=\"2018-02-02T14:03:57+00:00\" \/>\n<meta property=\"article:modified_time\" content=\"2024-07-04T16:53:59+00:00\" \/>\n<meta name=\"author\" content=\"Universidad de las Artes\" \/>\n<meta name=\"twitter:card\" content=\"summary_large_image\" \/>\n<meta name=\"twitter:creator\" content=\"@uartesec\" \/>\n<meta name=\"twitter:site\" content=\"@uartesec\" \/>\n<meta name=\"twitter:label1\" content=\"Written by\" \/>\n\t<meta name=\"twitter:data1\" content=\"Universidad de las Artes\" \/>\n\t<meta name=\"twitter:label2\" content=\"Est. reading time\" \/>\n\t<meta name=\"twitter:data2\" content=\"1 minute\" \/>\n<script type=\"application\/ld+json\" class=\"yoast-schema-graph\">{\"@context\":\"https:\\\/\\\/schema.org\",\"@graph\":[{\"@type\":\"Article\",\"@id\":\"https:\\\/\\\/www.uartes.edu.ec\\\/sitio\\\/en\\\/blog\\\/2018\\\/02\\\/02\\\/la-universidad-de-las-artes-va-al-colegio-acercandonos-a-la-danza\\\/#article\",\"isPartOf\":{\"@id\":\"https:\\\/\\\/www.uartes.edu.ec\\\/sitio\\\/en\\\/blog\\\/2018\\\/02\\\/02\\\/la-universidad-de-las-artes-va-al-colegio-acercandonos-a-la-danza\\\/\"},\"author\":{\"name\":\"Universidad de las Artes\",\"@id\":\"https:\\\/\\\/www.uartes.edu.ec\\\/sitio\\\/en\\\/#\\\/schema\\\/person\\\/f33f8c1d2af0d5c80a38c8abf458184a\"},\"headline\":\"La Universidad de las Artes va al colegio. Acerc\u00e1ndonos a la danza.\",\"datePublished\":\"2018-02-02T14:03:57+00:00\",\"dateModified\":\"2024-07-04T16:53:59+00:00\",\"mainEntityOfPage\":{\"@id\":\"https:\\\/\\\/www.uartes.edu.ec\\\/sitio\\\/en\\\/blog\\\/2018\\\/02\\\/02\\\/la-universidad-de-las-artes-va-al-colegio-acercandonos-a-la-danza\\\/\"},\"wordCount\":311,\"publisher\":{\"@id\":\"https:\\\/\\\/www.uartes.edu.ec\\\/sitio\\\/en\\\/#organization\"},\"image\":{\"@id\":\"https:\\\/\\\/www.uartes.edu.ec\\\/sitio\\\/en\\\/blog\\\/2018\\\/02\\\/02\\\/la-universidad-de-las-artes-va-al-colegio-acercandonos-a-la-danza\\\/#primaryimage\"},\"thumbnailUrl\":\"\",\"articleSection\":[\"Docentes\",\"V\u00ednculo\"],\"inLanguage\":\"en-US\"},{\"@type\":[\"WebPage\",\"ItemPage\"],\"@id\":\"https:\\\/\\\/www.uartes.edu.ec\\\/sitio\\\/en\\\/blog\\\/2018\\\/02\\\/02\\\/la-universidad-de-las-artes-va-al-colegio-acercandonos-a-la-danza\\\/\",\"url\":\"https:\\\/\\\/www.uartes.edu.ec\\\/sitio\\\/en\\\/blog\\\/2018\\\/02\\\/02\\\/la-universidad-de-las-artes-va-al-colegio-acercandonos-a-la-danza\\\/\",\"name\":\"Universidad de las Artes - La Universidad de las Artes va al colegio. Acerc\u00e1ndonos a la danza.\",\"isPartOf\":{\"@id\":\"https:\\\/\\\/www.uartes.edu.ec\\\/sitio\\\/en\\\/#website\"},\"primaryImageOfPage\":{\"@id\":\"https:\\\/\\\/www.uartes.edu.ec\\\/sitio\\\/en\\\/blog\\\/2018\\\/02\\\/02\\\/la-universidad-de-las-artes-va-al-colegio-acercandonos-a-la-danza\\\/#primaryimage\"},\"image\":{\"@id\":\"https:\\\/\\\/www.uartes.edu.ec\\\/sitio\\\/en\\\/blog\\\/2018\\\/02\\\/02\\\/la-universidad-de-las-artes-va-al-colegio-acercandonos-a-la-danza\\\/#primaryimage\"},\"thumbnailUrl\":\"\",\"datePublished\":\"2018-02-02T14:03:57+00:00\",\"dateModified\":\"2024-07-04T16:53:59+00:00\",\"description\":\"Universidad de las Artes - La Universidad de las Artes va al colegio. Acerc\u00e1ndonos a la danza.\",\"breadcrumb\":{\"@id\":\"https:\\\/\\\/www.uartes.edu.ec\\\/sitio\\\/en\\\/blog\\\/2018\\\/02\\\/02\\\/la-universidad-de-las-artes-va-al-colegio-acercandonos-a-la-danza\\\/#breadcrumb\"},\"inLanguage\":\"en-US\",\"potentialAction\":[{\"@type\":\"ReadAction\",\"target\":[\"https:\\\/\\\/www.uartes.edu.ec\\\/sitio\\\/en\\\/blog\\\/2018\\\/02\\\/02\\\/la-universidad-de-las-artes-va-al-colegio-acercandonos-a-la-danza\\\/\"]}]},{\"@type\":\"ImageObject\",\"inLanguage\":\"en-US\",\"@id\":\"https:\\\/\\\/www.uartes.edu.ec\\\/sitio\\\/en\\\/blog\\\/2018\\\/02\\\/02\\\/la-universidad-de-las-artes-va-al-colegio-acercandonos-a-la-danza\\\/#primaryimage\",\"url\":\"\",\"contentUrl\":\"\"},{\"@type\":\"BreadcrumbList\",\"@id\":\"https:\\\/\\\/www.uartes.edu.ec\\\/sitio\\\/en\\\/blog\\\/2018\\\/02\\\/02\\\/la-universidad-de-las-artes-va-al-colegio-acercandonos-a-la-danza\\\/#breadcrumb\",\"itemListElement\":[{\"@type\":\"ListItem\",\"position\":1,\"name\":\"Inicio\",\"item\":\"https:\\\/\\\/www.uartes.edu.ec\\\/sitio\\\/\"},{\"@type\":\"ListItem\",\"position\":2,\"name\":\"La Universidad de las Artes va al colegio. Acerc\u00e1ndonos a la danza.\"}]},{\"@type\":\"WebSite\",\"@id\":\"https:\\\/\\\/www.uartes.edu.ec\\\/sitio\\\/en\\\/#website\",\"url\":\"https:\\\/\\\/www.uartes.edu.ec\\\/sitio\\\/en\\\/\",\"name\":\"Universidad de las Artes\",\"description\":\"Sitio oficial de la Universidad Nacional de las Artes del Ecuador\",\"publisher\":{\"@id\":\"https:\\\/\\\/www.uartes.edu.ec\\\/sitio\\\/en\\\/#organization\"},\"potentialAction\":[{\"@type\":\"SearchAction\",\"target\":{\"@type\":\"EntryPoint\",\"urlTemplate\":\"https:\\\/\\\/www.uartes.edu.ec\\\/sitio\\\/en\\\/?s={search_term_string}\"},\"query-input\":{\"@type\":\"PropertyValueSpecification\",\"valueRequired\":true,\"valueName\":\"search_term_string\"}}],\"inLanguage\":\"en-US\"},{\"@type\":\"Organization\",\"@id\":\"https:\\\/\\\/www.uartes.edu.ec\\\/sitio\\\/en\\\/#organization\",\"name\":\"Universidad de las Artes\",\"url\":\"https:\\\/\\\/www.uartes.edu.ec\\\/sitio\\\/en\\\/\",\"logo\":{\"@type\":\"ImageObject\",\"inLanguage\":\"en-US\",\"@id\":\"https:\\\/\\\/www.uartes.edu.ec\\\/sitio\\\/en\\\/#\\\/schema\\\/logo\\\/image\\\/\",\"url\":\"https:\\\/\\\/www.uartes.edu.ec\\\/sitio\\\/wp-content\\\/uploads\\\/2022\\\/07\\\/logo-ua-horizontal.png\",\"contentUrl\":\"https:\\\/\\\/www.uartes.edu.ec\\\/sitio\\\/wp-content\\\/uploads\\\/2022\\\/07\\\/logo-ua-horizontal.png\",\"width\":800,\"height\":276,\"caption\":\"Universidad de las Artes\"},\"image\":{\"@id\":\"https:\\\/\\\/www.uartes.edu.ec\\\/sitio\\\/en\\\/#\\\/schema\\\/logo\\\/image\\\/\"},\"sameAs\":[\"https:\\\/\\\/www.facebook.com\\\/uartesec\",\"https:\\\/\\\/x.com\\\/uartesec\",\"https:\\\/\\\/www.tiktok.com\\\/@uartesec\"]},{\"@type\":\"Person\",\"@id\":\"https:\\\/\\\/www.uartes.edu.ec\\\/sitio\\\/en\\\/#\\\/schema\\\/person\\\/f33f8c1d2af0d5c80a38c8abf458184a\",\"name\":\"Universidad de las Artes\",\"image\":{\"@type\":\"ImageObject\",\"inLanguage\":\"en-US\",\"@id\":\"https:\\\/\\\/secure.gravatar.com\\\/avatar\\\/52e4757902f5cfa5ac52d020e5be83cae5487519154b6c35482fe08d589f3c13?s=96&d=mm&r=g\",\"url\":\"https:\\\/\\\/secure.gravatar.com\\\/avatar\\\/52e4757902f5cfa5ac52d020e5be83cae5487519154b6c35482fe08d589f3c13?s=96&d=mm&r=g\",\"contentUrl\":\"https:\\\/\\\/secure.gravatar.com\\\/avatar\\\/52e4757902f5cfa5ac52d020e5be83cae5487519154b6c35482fe08d589f3c13?s=96&d=mm&r=g\",\"caption\":\"Universidad de las Artes\"},\"url\":\"https:\\\/\\\/www.uartes.edu.ec\\\/sitio\\\/en\\\/blog\\\/author\\\/dircomadm\\\/\"}]}<\/script>\n<!-- \/ Yoast SEO plugin. -->","yoast_head_json":{"title":"Universidad de las Artes - La Universidad de las Artes va al colegio. Acerc\u00e1ndonos a la danza.","description":"Universidad de las Artes - La Universidad de las Artes va al colegio. Acerc\u00e1ndonos a la danza.","robots":{"index":"index","follow":"follow","max-snippet":"max-snippet:-1","max-image-preview":"max-image-preview:large","max-video-preview":"max-video-preview:-1"},"canonical":"https:\/\/www.uartes.edu.ec\/sitio\/en\/blog\/2018\/02\/02\/la-universidad-de-las-artes-va-al-colegio-acercandonos-a-la-danza\/","og_locale":"en_US","og_type":"article","og_title":"Universidad de las Artes - La Universidad de las Artes va al colegio. Acerc\u00e1ndonos a la danza.","og_description":"Universidad de las Artes - La Universidad de las Artes va al colegio. Acerc\u00e1ndonos a la danza.","og_url":"https:\/\/www.uartes.edu.ec\/sitio\/en\/blog\/2018\/02\/02\/la-universidad-de-las-artes-va-al-colegio-acercandonos-a-la-danza\/","og_site_name":"Universidad de las Artes","article_publisher":"https:\/\/www.facebook.com\/uartesec","article_published_time":"2018-02-02T14:03:57+00:00","article_modified_time":"2024-07-04T16:53:59+00:00","author":"Universidad de las Artes","twitter_card":"summary_large_image","twitter_creator":"@uartesec","twitter_site":"@uartesec","twitter_misc":{"Written by":"Universidad de las Artes","Est. reading time":"1 minute"},"schema":{"@context":"https:\/\/schema.org","@graph":[{"@type":"Article","@id":"https:\/\/www.uartes.edu.ec\/sitio\/en\/blog\/2018\/02\/02\/la-universidad-de-las-artes-va-al-colegio-acercandonos-a-la-danza\/#article","isPartOf":{"@id":"https:\/\/www.uartes.edu.ec\/sitio\/en\/blog\/2018\/02\/02\/la-universidad-de-las-artes-va-al-colegio-acercandonos-a-la-danza\/"},"author":{"name":"Universidad de las Artes","@id":"https:\/\/www.uartes.edu.ec\/sitio\/en\/#\/schema\/person\/f33f8c1d2af0d5c80a38c8abf458184a"},"headline":"La Universidad de las Artes va al colegio. Acerc\u00e1ndonos a la danza.","datePublished":"2018-02-02T14:03:57+00:00","dateModified":"2024-07-04T16:53:59+00:00","mainEntityOfPage":{"@id":"https:\/\/www.uartes.edu.ec\/sitio\/en\/blog\/2018\/02\/02\/la-universidad-de-las-artes-va-al-colegio-acercandonos-a-la-danza\/"},"wordCount":311,"publisher":{"@id":"https:\/\/www.uartes.edu.ec\/sitio\/en\/#organization"},"image":{"@id":"https:\/\/www.uartes.edu.ec\/sitio\/en\/blog\/2018\/02\/02\/la-universidad-de-las-artes-va-al-colegio-acercandonos-a-la-danza\/#primaryimage"},"thumbnailUrl":"","articleSection":["Docentes","V\u00ednculo"],"inLanguage":"en-US"},{"@type":["WebPage","ItemPage"],"@id":"https:\/\/www.uartes.edu.ec\/sitio\/en\/blog\/2018\/02\/02\/la-universidad-de-las-artes-va-al-colegio-acercandonos-a-la-danza\/","url":"https:\/\/www.uartes.edu.ec\/sitio\/en\/blog\/2018\/02\/02\/la-universidad-de-las-artes-va-al-colegio-acercandonos-a-la-danza\/","name":"Universidad de las Artes - La Universidad de las Artes va al colegio. Acerc\u00e1ndonos a la danza.","isPartOf":{"@id":"https:\/\/www.uartes.edu.ec\/sitio\/en\/#website"},"primaryImageOfPage":{"@id":"https:\/\/www.uartes.edu.ec\/sitio\/en\/blog\/2018\/02\/02\/la-universidad-de-las-artes-va-al-colegio-acercandonos-a-la-danza\/#primaryimage"},"image":{"@id":"https:\/\/www.uartes.edu.ec\/sitio\/en\/blog\/2018\/02\/02\/la-universidad-de-las-artes-va-al-colegio-acercandonos-a-la-danza\/#primaryimage"},"thumbnailUrl":"","datePublished":"2018-02-02T14:03:57+00:00","dateModified":"2024-07-04T16:53:59+00:00","description":"Universidad de las Artes - La Universidad de las Artes va al colegio. Acerc\u00e1ndonos a la danza.","breadcrumb":{"@id":"https:\/\/www.uartes.edu.ec\/sitio\/en\/blog\/2018\/02\/02\/la-universidad-de-las-artes-va-al-colegio-acercandonos-a-la-danza\/#breadcrumb"},"inLanguage":"en-US","potentialAction":[{"@type":"ReadAction","target":["https:\/\/www.uartes.edu.ec\/sitio\/en\/blog\/2018\/02\/02\/la-universidad-de-las-artes-va-al-colegio-acercandonos-a-la-danza\/"]}]},{"@type":"ImageObject","inLanguage":"en-US","@id":"https:\/\/www.uartes.edu.ec\/sitio\/en\/blog\/2018\/02\/02\/la-universidad-de-las-artes-va-al-colegio-acercandonos-a-la-danza\/#primaryimage","url":"","contentUrl":""},{"@type":"BreadcrumbList","@id":"https:\/\/www.uartes.edu.ec\/sitio\/en\/blog\/2018\/02\/02\/la-universidad-de-las-artes-va-al-colegio-acercandonos-a-la-danza\/#breadcrumb","itemListElement":[{"@type":"ListItem","position":1,"name":"Inicio","item":"https:\/\/www.uartes.edu.ec\/sitio\/"},{"@type":"ListItem","position":2,"name":"La Universidad de las Artes va al colegio. Acerc\u00e1ndonos a la danza."}]},{"@type":"WebSite","@id":"https:\/\/www.uartes.edu.ec\/sitio\/en\/#website","url":"https:\/\/www.uartes.edu.ec\/sitio\/en\/","name":"Universidad de las Artes","description":"Sitio oficial de la Universidad Nacional de las Artes del Ecuador","publisher":{"@id":"https:\/\/www.uartes.edu.ec\/sitio\/en\/#organization"},"potentialAction":[{"@type":"SearchAction","target":{"@type":"EntryPoint","urlTemplate":"https:\/\/www.uartes.edu.ec\/sitio\/en\/?s={search_term_string}"},"query-input":{"@type":"PropertyValueSpecification","valueRequired":true,"valueName":"search_term_string"}}],"inLanguage":"en-US"},{"@type":"Organization","@id":"https:\/\/www.uartes.edu.ec\/sitio\/en\/#organization","name":"Universidad de las Artes","url":"https:\/\/www.uartes.edu.ec\/sitio\/en\/","logo":{"@type":"ImageObject","inLanguage":"en-US","@id":"https:\/\/www.uartes.edu.ec\/sitio\/en\/#\/schema\/logo\/image\/","url":"https:\/\/www.uartes.edu.ec\/sitio\/wp-content\/uploads\/2022\/07\/logo-ua-horizontal.png","contentUrl":"https:\/\/www.uartes.edu.ec\/sitio\/wp-content\/uploads\/2022\/07\/logo-ua-horizontal.png","width":800,"height":276,"caption":"Universidad de las Artes"},"image":{"@id":"https:\/\/www.uartes.edu.ec\/sitio\/en\/#\/schema\/logo\/image\/"},"sameAs":["https:\/\/www.facebook.com\/uartesec","https:\/\/x.com\/uartesec","https:\/\/www.tiktok.com\/@uartesec"]},{"@type":"Person","@id":"https:\/\/www.uartes.edu.ec\/sitio\/en\/#\/schema\/person\/f33f8c1d2af0d5c80a38c8abf458184a","name":"Universidad de las Artes","image":{"@type":"ImageObject","inLanguage":"en-US","@id":"https:\/\/secure.gravatar.com\/avatar\/52e4757902f5cfa5ac52d020e5be83cae5487519154b6c35482fe08d589f3c13?s=96&d=mm&r=g","url":"https:\/\/secure.gravatar.com\/avatar\/52e4757902f5cfa5ac52d020e5be83cae5487519154b6c35482fe08d589f3c13?s=96&d=mm&r=g","contentUrl":"https:\/\/secure.gravatar.com\/avatar\/52e4757902f5cfa5ac52d020e5be83cae5487519154b6c35482fe08d589f3c13?s=96&d=mm&r=g","caption":"Universidad de las Artes"},"url":"https:\/\/www.uartes.edu.ec\/sitio\/en\/blog\/author\/dircomadm\/"}]}},"uagb_featured_image_src":{"full":false,"thumbnail":false,"medium":false,"medium_large":false,"large":false,"1536x1536":false,"2048x2048":false,"trp-custom-language-flag":false,"htmega_size_585x295":false,"htmega_size_1170x536":false,"htmega_size_396x360":false,"gb-block-post-grid-landscape":false,"gb-block-post-grid-square":false,"university-hub-thumb":false},"uagb_author_info":{"display_name":"Universidad de las Artes","author_link":"https:\/\/www.uartes.edu.ec\/sitio\/en\/blog\/author\/dircomadm\/"},"uagb_comment_info":0,"uagb_excerpt":"or Gilda S\u00e1nchez La Universidad de las Artes, con el objetivo de motivar el estudio de la danza entre la poblaci\u00f3n juvenil, desarroll\u00f3 el proyecto \u201cAcerc\u00e1ndonos a la danza\u201d, mismo que gener\u00f3 espacios de aproximaci\u00f3n con estudiantes en instituciones educativas p\u00fablicas de la ciudad de Guayaquil. A trav\u00e9s de din\u00e1micas de trabajo corporal y la&hellip;","featured_image_src":null,"featured_image_src_square":null,"author_info":{"display_name":"Universidad de las Artes","author_link":"https:\/\/www.uartes.edu.ec\/sitio\/en\/blog\/author\/dircomadm\/"},"publishpress_future_workflow_manual_trigger":{"enabledWorkflows":[]},"distributor_meta":false,"distributor_terms":false,"distributor_media":false,"distributor_original_site_name":"Universidad de las Artes","distributor_original_site_url":"https:\/\/www.uartes.edu.ec\/sitio\/en","push-errors":false,"_links":{"self":[{"href":"https:\/\/www.uartes.edu.ec\/sitio\/en\/wp-json\/wp\/v2\/posts\/1193","targetHints":{"allow":["GET"]}}],"collection":[{"href":"https:\/\/www.uartes.edu.ec\/sitio\/en\/wp-json\/wp\/v2\/posts"}],"about":[{"href":"https:\/\/www.uartes.edu.ec\/sitio\/en\/wp-json\/wp\/v2\/types\/post"}],"author":[{"embeddable":true,"href":"https:\/\/www.uartes.edu.ec\/sitio\/en\/wp-json\/wp\/v2\/users\/1"}],"replies":[{"embeddable":true,"href":"https:\/\/www.uartes.edu.ec\/sitio\/en\/wp-json\/wp\/v2\/comments?post=1193"}],"version-history":[{"count":1,"href":"https:\/\/www.uartes.edu.ec\/sitio\/en\/wp-json\/wp\/v2\/posts\/1193\/revisions"}],"predecessor-version":[{"id":57893,"href":"https:\/\/www.uartes.edu.ec\/sitio\/en\/wp-json\/wp\/v2\/posts\/1193\/revisions\/57893"}],"wp:featuredmedia":[{"embeddable":true,"href":"https:\/\/www.uartes.edu.ec\/sitio\/en\/wp-json\/"}],"wp:attachment":[{"href":"https:\/\/www.uartes.edu.ec\/sitio\/en\/wp-json\/wp\/v2\/media?parent=1193"}],"wp:term":[{"taxonomy":"category","embeddable":true,"href":"https:\/\/www.uartes.edu.ec\/sitio\/en\/wp-json\/wp\/v2\/categories?post=1193"},{"taxonomy":"post_tag","embeddable":true,"href":"https:\/\/www.uartes.edu.ec\/sitio\/en\/wp-json\/wp\/v2\/tags?post=1193"},{"taxonomy":"infouartes","embeddable":true,"href":"https:\/\/www.uartes.edu.ec\/sitio\/en\/wp-json\/wp\/v2\/infouartes?post=1193"}],"curies":[{"name":"wp","href":"https:\/\/api.w.org\/{rel}","templated":true}]}}