{"id":1206,"date":"2018-02-05T16:20:29","date_gmt":"2018-02-05T21:20:29","guid":{"rendered":"http:\/\/www.uartes.edu.ec\/infouartes\/?p=1206"},"modified":"2024-07-04T11:53:59","modified_gmt":"2024-07-04T16:53:59","slug":"natalia-carolina-marcos-investigadora-y-docente-de-la-uartes","status":"publish","type":"post","link":"https:\/\/www.uartes.edu.ec\/sitio\/en\/blog\/2018\/02\/05\/natalia-carolina-marcos-investigadora-y-docente-de-la-uartes\/","title":{"rendered":"Natalia Carolina Marcos, investigadora y docente de la UArtes"},"content":{"rendered":"<p>Argentina nacionalizada ecuatoriana. Es Licenciada en Sociolog\u00eda por la Universidad de Buenos Aires y Mag\u00edster en Estudios de la Cultura por la Universidad Andina Sim\u00f3n Bol\u00edvar sede Quito. En los \u00faltimos a\u00f1os, particip\u00f3 como investigadora y gestora en diversas instituciones p\u00fablicas y de la sociedad civil en los campos de los estudios pol\u00edticos, feministas y culturales as\u00ed como en el dise\u00f1o e implementaci\u00f3n de pol\u00edticas p\u00fablicas.<\/p>\n<p>Actualmente, se desempe\u00f1a como docente de la Unidad Transversal en las asignaturas <em>Pol\u00edtica y Cultura en Am\u00e9rica Latina<\/em> and <em>Econom\u00eda de la Cultura <\/em>en la Universidad de las Artes.<\/p>\n<p><strong>Recorrido profesional<\/strong><\/p>\n<ul>\n<li>Asesora y Directora de Ciencia, Tecnolog\u00eda, Innovaci\u00f3n y Saberes Ancestrales de la Coordinaci\u00f3n Zonal 1 y 2 de SENESCYT (Ibarra, Ecuador).<\/li>\n<li>Asesora de publicaciones de la Secretar\u00eda Ejecutiva del Movimiento PAIS (Quito).<\/li>\n<li>Asesora de la Asamblea Nacional del Ecuador.<\/li>\n<li>Asesora del Despacho Ministerial en el Ministerio de Cultura y Patrimonio de Ecuador para el proyecto de creaci\u00f3n de la Universidad de las Artes de Ecuador.<\/li>\n<li>Corresponsal y analista pol\u00edtica en Ecuador para la agencia BR Capital Press (Brasilia).<\/li>\n<li>Investigadora en G\u00e9nero en el Taller de Comunicaci\u00f3n Mujer (Quito).<\/li>\n<li>Investigadora del \u00c1rea de G\u00e9nero de la Comisi\u00f3n de la Verdad del Ecuador.<\/li>\n<\/ul>\n<p><strong>Experiencia de Investigaci\u00f3n<\/strong><\/p>\n<ul>\n<li>Investigadora en el Vicerrectorado de Investigaci\u00f3n y Posgrado de la UArtes: co-elaboraci\u00f3n de propuestas de programas de maestr\u00eda de acuerdo al formato y lineamientos estipulados por el Consejo de Educaci\u00f3n Superior.<\/li>\n<li>Investigadora en el Ministerio de Cultura y Patrimonio: participaci\u00f3n en Diagn\u00f3stico sobre educaci\u00f3n superior en Artes en Ecuador.<\/li>\n<li>Investigadora en Movimiento PAIS: escritura de art\u00edculos y realizaci\u00f3n de entrevistas para el peri\u00f3dico Somos PAIS y participaci\u00f3n en el Colectivo de Pensamiento Pol\u00edtico.<\/li>\n<li>Investigaci\u00f3n para la construcci\u00f3n del <em>Informe Sombra. Situaci\u00f3n de las mujeres lesbianas y trans en Ecuador, <\/em>presentada por el Taller de Comunicaci\u00f3n Mujer ante el Comit\u00e9 de Derechos Humanos de Naciones Unidas, octubre de 2009.<\/li>\n<li>Investigaci\u00f3n cualitativa para el proyecto \u201cCiudadan\u00edas locales: mujeres, radio y comunicaci\u00f3n\u201d para el Taller de Comunicaci\u00f3n Mujer.<\/li>\n<li>Investigaci\u00f3n de Maestr\u00eda: <em>Madres de Plaza de Mayo: cultura y pol\u00edtica contrahegem\u00f3nicas<\/em>. Aprobada con distinci\u00f3n y recomendada para publicaci\u00f3n.<\/li>\n<li>Investigadora de la Comisi\u00f3n de la Verdad: dise\u00f1o de proyecto de investigaci\u00f3n con enfoque de g\u00e9nero sobre violaciones de derechos humanos cometidas por agentes del Estado ecuatoriano entre 1979 y 2006. Revisi\u00f3n, recopilaci\u00f3n y sistematizaci\u00f3n de tratados y convenciones Internacionales de Derechos Humanos, as\u00ed como de Violencia sexual y de G\u00e9nero. Realizaci\u00f3n de entrevistas en profundidad.<\/li>\n<\/ul>\n<p><strong>Publicaciones<\/strong><\/p>\n<ul>\n<li>Erika Sylva, Natalia Marcos <em>et al.,<\/em> \u201cDiagn\u00f3stico de la oferta y demanda de formaci\u00f3n superior en artes y del mercado ocupacional\u201d, en <em>Universidad de las Artes: proyecto emblem\u00e1tico de la Revoluci\u00f3n Cultural.<\/em> Quito, Ministerio de Cultura de Ecuador, marzo de 2013.<\/li>\n<li>Natalia Marcos y Juan Proa\u00f1o Salgado (coords.), <em>Dossier Ecuador<\/em>, Buenos Aires, Instituto de Estudios de Am\u00e9rica Latina y el Caribe\/FSOC-UBA, 2011.<\/li>\n<li>Natalia Marcos, \u201cLa nueva arquitectura de integraci\u00f3n regional en la Revoluci\u00f3n Ciudadana\u201d, Natalia Marcos y Juan Proa\u00f1o Salgado (coords.), <em>Dossier Ecuador<\/em>, Buenos Aires, Instituto de Estudios de Am\u00e9rica Latina y el Caribe\/FSOC-UBA, 2011.<\/li>\n<li>Natalia Marcos, \u201cEcuador y la nueva arquitectura de integraci\u00f3n regional\u201d, en Revista digital <em>Siempre<\/em>, No. 2, abril de 2011.<\/li>\n<li>Tatiana Cordero y Natalia Marcos, \u201cSituaci\u00f3n de mujeres lesbianas en el Ecuador\u201d, Programa Andino de Derechos Humanos (comp.), <em>\u00bfEstado constitucional de derechos? Informe sobre derechos humanos. Ecuador 2009<\/em>, Quito, Universidad Andina Sim\u00f3n Bol\u00edvar \u2013 Ed. Abya-Yala, 2010.<\/li>\n<li>Tatiana Cordero, Natalia Marcos <em>et al.,<\/em> <em>Informe de la Comisi\u00f3n de la Verdad<\/em>, Tomo 1, Parte 4, Quito, junio de 2010.<\/li>\n<li>Natalia Marcos, \u201cLa memoria insurgente de las Madres de Plaza de Mayo en la lucha por los Derechos Humanos\u201d, en <em>Aportes Andinos<\/em>, No. 23, Noviembre de 2008.<\/li>\n<li>Natalia Marcos, \u201cLa memoria insurgente de las Madres de Plaza de Mayo en la lucha por los Derechos Humanos\u201d, en <em>Anuario de Acci\u00f3n Humanitaria y Derechos Humanos<\/em>, Instituto de Derechos Humanos Pedro Arrupe, Bilbao, Espa\u00f1a, 2008.<\/li>\n<li>Natalia Marcos, \u201cMaternidad y pol\u00edtica: el caso de las Madres de Plaza de Mayo\u201d, en <em>Resistencia<\/em>, Universidad Andina Sim\u00f3n Bol\u00edvar-Ecuador, Quito, Diciembre de 2007, pp. 52-55.<\/li>\n<li>Natalia Marcos, Juan Proa\u00f1o y Rosita Pantoja, \u201cEntrevista a Jenny Londo\u00f1o L\u00f3pez\u201d, en <em>Resistencia<\/em>, Universidad Andina Sim\u00f3n Bol\u00edvar, Quito, Diciembre de 2007, pp. 63-68.<\/li>\n<\/ul>\n<p><u><\/u><strong>Ponencias<\/strong><\/p>\n<ul>\n<li>\u201cFeminismo, universidad y pol\u00edtica: aproximaciones desde la Universidad de las Artes de Ecuador\u201d presentada en el Conversatorio: <em>Antropolog\u00eda en G\u00e9nero, Arte, universidad y Pol\u00edtica para Am\u00e9rica Latina,<\/em> ESPOL-UARTES, 6 de noviembre de 2017.<\/li>\n<li>\u201cDemandas feministas y de las mujeres en el marco de la estrategia del Di\u00e1logo Nacional por la Equidad y la Justicia Social\u201d, presentada en el Seminario <em>Feminismos y Buen Vivir: utop\u00edas descoloniales<\/em>, Universidad Yachay TECH, 22 de julio de 2015.<\/li>\n<li>\u201cLa disputa ideol\u00f3gica y pol\u00edtica al interior del Movimiento PAIS en torno a las demandas de los movimientos de mujeres y feministas\u201d, presentada <em>en I Jornadas de Formaci\u00f3n Ciudadana<\/em>, CRC Mashikuna Democracia Radical, Ibarra, 29 de mayo de 2015.<\/li>\n<li>\u201cLa investigaci\u00f3n universitaria como praxis en Ecuador hoy\u201d, presentada en <em>Jornadas Cient\u00edficas de la Universidad de Otavalo<\/em>, Otavalo, 11 de diciembre de 2014.<\/li>\n<li>\u201cPol\u00edticas culturales y Buen Vivir\u201d, ponencia presentada en II Foro Internacional <em>Derechos Culturales y Mecanismos Transversales Compartidos sobre Derechos Culturales en la Regi\u00f3n<\/em>\u201d de UNASUR. Ibarra, 3 de diciembre de 2012.<\/li>\n<li>Elaboraci\u00f3n de discurso de la Ministra de Cultura de Ecuador en la III Conferencia Internacional \u201cPor el equilibrio del Mundo\u201d en el marco del 160\u00b0 natalicio de Jos\u00e9 Mart\u00ed. Cuba, 28 de enero de 2013.<\/li>\n<li>\u201cLa memoria insurgente de las Madres de Plaza de Mayo en la lucha por los Derechos Humanos\u201d, presentada en la Conferencia Latinoamericana <em>Derechos Humanos, Democracia y Emancipaci\u00f3n, <\/em>Quito, Universidad Andina Sim\u00f3n Bol\u00edvar, 21-23 de Mayo de 2008.<\/li>\n<li>\u201cCambios en Ecuador en torno a la nueva pol\u00edtica de integraci\u00f3n latinoamericana\u201d. Ponencia presentada en el <em>XIII Congreso Internacional sobre Integraci\u00f3n Regional, Fronteras y Globalizaci\u00f3n en el Continente Americano. <\/em>Quito, Facultad de Comunicaci\u00f3n Social de la Universidad Central de Ecuador, 23, 24 y 25 de noviembre de 2011.<\/li>\n<\/ul>\n<p><strong>\u00c1reas de inter\u00e9s<\/strong><\/p>\n<p>Estudios feministas, estudios pol\u00edticos y estudios culturales. Econom\u00eda de la cultura y econom\u00eda feminista. Artes e interdisciplinariedad.<\/p>","protected":false},"excerpt":{"rendered":"<p>Argentina nacionalizada ecuatoriana. Es Licenciada en Sociolog\u00eda por la Universidad de Buenos Aires y Mag\u00edster en Estudios de la Cultura por la Universidad Andina Sim\u00f3n Bol\u00edvar sede Quito. En los \u00faltimos a\u00f1os, particip\u00f3 como investigadora y gestora en diversas instituciones p\u00fablicas y de la sociedad civil en los campos de los estudios pol\u00edticos, feministas y [&hellip;]<\/p>\n","protected":false},"author":1,"featured_media":1207,"comment_status":"closed","ping_status":"closed","sticky":false,"template":"","format":"standard","meta":{"_acf_changed":false,"_uag_custom_page_level_css":"","_monsterinsights_skip_tracking":false,"_monsterinsights_sitenote_active":false,"_monsterinsights_sitenote_note":"","_monsterinsights_sitenote_category":0,"cybocfi_hide_featured_image":"","footnotes":""},"categories":[75],"tags":[],"infouartes":[],"class_list":["post-1206","post","type-post","status-publish","format-standard","has-post-thumbnail","hentry","category-docentes"],"acf":[],"yoast_head":"<!-- This site is optimized with the Yoast SEO plugin v27.4 - https:\/\/yoast.com\/product\/yoast-seo-wordpress\/ -->\n<title>Universidad de las Artes - Natalia Carolina Marcos, investigadora y docente de la UArtes<\/title>\n<meta name=\"description\" content=\"Universidad de las Artes - Natalia Carolina Marcos, investigadora y docente de la UArtes\" \/>\n<meta name=\"robots\" content=\"index, follow, max-snippet:-1, max-image-preview:large, max-video-preview:-1\" \/>\n<link rel=\"canonical\" href=\"https:\/\/www.uartes.edu.ec\/sitio\/en\/blog\/2018\/02\/05\/natalia-carolina-marcos-investigadora-y-docente-de-la-uartes\/\" \/>\n<meta property=\"og:locale\" content=\"en_US\" \/>\n<meta property=\"og:type\" content=\"article\" \/>\n<meta property=\"og:title\" content=\"Universidad de las Artes - Natalia Carolina Marcos, investigadora y docente de la UArtes\" \/>\n<meta property=\"og:description\" content=\"Universidad de las Artes - Natalia Carolina Marcos, investigadora y docente de la UArtes\" \/>\n<meta property=\"og:url\" content=\"https:\/\/www.uartes.edu.ec\/sitio\/en\/blog\/2018\/02\/05\/natalia-carolina-marcos-investigadora-y-docente-de-la-uartes\/\" \/>\n<meta property=\"og:site_name\" content=\"Universidad de las Artes\" \/>\n<meta property=\"article:publisher\" content=\"https:\/\/www.facebook.com\/uartesec\" \/>\n<meta property=\"article:published_time\" content=\"2018-02-05T21:20:29+00:00\" \/>\n<meta property=\"article:modified_time\" content=\"2024-07-04T16:53:59+00:00\" \/>\n<meta name=\"author\" content=\"Universidad de las Artes\" \/>\n<meta name=\"twitter:card\" content=\"summary_large_image\" \/>\n<meta name=\"twitter:creator\" content=\"@uartesec\" \/>\n<meta name=\"twitter:site\" content=\"@uartesec\" \/>\n<meta name=\"twitter:label1\" content=\"Written by\" \/>\n\t<meta name=\"twitter:data1\" content=\"Universidad de las Artes\" \/>\n\t<meta name=\"twitter:label2\" content=\"Est. reading time\" \/>\n\t<meta name=\"twitter:data2\" content=\"5 minutes\" \/>\n<script type=\"application\/ld+json\" class=\"yoast-schema-graph\">{\"@context\":\"https:\\\/\\\/schema.org\",\"@graph\":[{\"@type\":\"Article\",\"@id\":\"https:\\\/\\\/www.uartes.edu.ec\\\/sitio\\\/en\\\/blog\\\/2018\\\/02\\\/05\\\/natalia-carolina-marcos-investigadora-y-docente-de-la-uartes\\\/#article\",\"isPartOf\":{\"@id\":\"https:\\\/\\\/www.uartes.edu.ec\\\/sitio\\\/en\\\/blog\\\/2018\\\/02\\\/05\\\/natalia-carolina-marcos-investigadora-y-docente-de-la-uartes\\\/\"},\"author\":{\"name\":\"Universidad de las Artes\",\"@id\":\"https:\\\/\\\/www.uartes.edu.ec\\\/sitio\\\/en\\\/#\\\/schema\\\/person\\\/f33f8c1d2af0d5c80a38c8abf458184a\"},\"headline\":\"Natalia Carolina Marcos, investigadora y docente de la UArtes\",\"datePublished\":\"2018-02-05T21:20:29+00:00\",\"dateModified\":\"2024-07-04T16:53:59+00:00\",\"mainEntityOfPage\":{\"@id\":\"https:\\\/\\\/www.uartes.edu.ec\\\/sitio\\\/en\\\/blog\\\/2018\\\/02\\\/05\\\/natalia-carolina-marcos-investigadora-y-docente-de-la-uartes\\\/\"},\"wordCount\":1079,\"publisher\":{\"@id\":\"https:\\\/\\\/www.uartes.edu.ec\\\/sitio\\\/en\\\/#organization\"},\"image\":{\"@id\":\"https:\\\/\\\/www.uartes.edu.ec\\\/sitio\\\/en\\\/blog\\\/2018\\\/02\\\/05\\\/natalia-carolina-marcos-investigadora-y-docente-de-la-uartes\\\/#primaryimage\"},\"thumbnailUrl\":\"\",\"articleSection\":[\"Docentes\"],\"inLanguage\":\"en-US\"},{\"@type\":[\"WebPage\",\"ItemPage\"],\"@id\":\"https:\\\/\\\/www.uartes.edu.ec\\\/sitio\\\/en\\\/blog\\\/2018\\\/02\\\/05\\\/natalia-carolina-marcos-investigadora-y-docente-de-la-uartes\\\/\",\"url\":\"https:\\\/\\\/www.uartes.edu.ec\\\/sitio\\\/en\\\/blog\\\/2018\\\/02\\\/05\\\/natalia-carolina-marcos-investigadora-y-docente-de-la-uartes\\\/\",\"name\":\"Universidad de las Artes - Natalia Carolina Marcos, investigadora y docente de la UArtes\",\"isPartOf\":{\"@id\":\"https:\\\/\\\/www.uartes.edu.ec\\\/sitio\\\/en\\\/#website\"},\"primaryImageOfPage\":{\"@id\":\"https:\\\/\\\/www.uartes.edu.ec\\\/sitio\\\/en\\\/blog\\\/2018\\\/02\\\/05\\\/natalia-carolina-marcos-investigadora-y-docente-de-la-uartes\\\/#primaryimage\"},\"image\":{\"@id\":\"https:\\\/\\\/www.uartes.edu.ec\\\/sitio\\\/en\\\/blog\\\/2018\\\/02\\\/05\\\/natalia-carolina-marcos-investigadora-y-docente-de-la-uartes\\\/#primaryimage\"},\"thumbnailUrl\":\"\",\"datePublished\":\"2018-02-05T21:20:29+00:00\",\"dateModified\":\"2024-07-04T16:53:59+00:00\",\"description\":\"Universidad de las Artes - Natalia Carolina Marcos, investigadora y docente de la UArtes\",\"breadcrumb\":{\"@id\":\"https:\\\/\\\/www.uartes.edu.ec\\\/sitio\\\/en\\\/blog\\\/2018\\\/02\\\/05\\\/natalia-carolina-marcos-investigadora-y-docente-de-la-uartes\\\/#breadcrumb\"},\"inLanguage\":\"en-US\",\"potentialAction\":[{\"@type\":\"ReadAction\",\"target\":[\"https:\\\/\\\/www.uartes.edu.ec\\\/sitio\\\/en\\\/blog\\\/2018\\\/02\\\/05\\\/natalia-carolina-marcos-investigadora-y-docente-de-la-uartes\\\/\"]}]},{\"@type\":\"ImageObject\",\"inLanguage\":\"en-US\",\"@id\":\"https:\\\/\\\/www.uartes.edu.ec\\\/sitio\\\/en\\\/blog\\\/2018\\\/02\\\/05\\\/natalia-carolina-marcos-investigadora-y-docente-de-la-uartes\\\/#primaryimage\",\"url\":\"\",\"contentUrl\":\"\"},{\"@type\":\"BreadcrumbList\",\"@id\":\"https:\\\/\\\/www.uartes.edu.ec\\\/sitio\\\/en\\\/blog\\\/2018\\\/02\\\/05\\\/natalia-carolina-marcos-investigadora-y-docente-de-la-uartes\\\/#breadcrumb\",\"itemListElement\":[{\"@type\":\"ListItem\",\"position\":1,\"name\":\"Inicio\",\"item\":\"https:\\\/\\\/www.uartes.edu.ec\\\/sitio\\\/\"},{\"@type\":\"ListItem\",\"position\":2,\"name\":\"Natalia Carolina Marcos, investigadora y docente de la UArtes\"}]},{\"@type\":\"WebSite\",\"@id\":\"https:\\\/\\\/www.uartes.edu.ec\\\/sitio\\\/en\\\/#website\",\"url\":\"https:\\\/\\\/www.uartes.edu.ec\\\/sitio\\\/en\\\/\",\"name\":\"Universidad de las Artes\",\"description\":\"Sitio oficial de la Universidad Nacional de las Artes del Ecuador\",\"publisher\":{\"@id\":\"https:\\\/\\\/www.uartes.edu.ec\\\/sitio\\\/en\\\/#organization\"},\"potentialAction\":[{\"@type\":\"SearchAction\",\"target\":{\"@type\":\"EntryPoint\",\"urlTemplate\":\"https:\\\/\\\/www.uartes.edu.ec\\\/sitio\\\/en\\\/?s={search_term_string}\"},\"query-input\":{\"@type\":\"PropertyValueSpecification\",\"valueRequired\":true,\"valueName\":\"search_term_string\"}}],\"inLanguage\":\"en-US\"},{\"@type\":\"Organization\",\"@id\":\"https:\\\/\\\/www.uartes.edu.ec\\\/sitio\\\/en\\\/#organization\",\"name\":\"Universidad de las Artes\",\"url\":\"https:\\\/\\\/www.uartes.edu.ec\\\/sitio\\\/en\\\/\",\"logo\":{\"@type\":\"ImageObject\",\"inLanguage\":\"en-US\",\"@id\":\"https:\\\/\\\/www.uartes.edu.ec\\\/sitio\\\/en\\\/#\\\/schema\\\/logo\\\/image\\\/\",\"url\":\"https:\\\/\\\/www.uartes.edu.ec\\\/sitio\\\/wp-content\\\/uploads\\\/2022\\\/07\\\/logo-ua-horizontal.png\",\"contentUrl\":\"https:\\\/\\\/www.uartes.edu.ec\\\/sitio\\\/wp-content\\\/uploads\\\/2022\\\/07\\\/logo-ua-horizontal.png\",\"width\":800,\"height\":276,\"caption\":\"Universidad de las Artes\"},\"image\":{\"@id\":\"https:\\\/\\\/www.uartes.edu.ec\\\/sitio\\\/en\\\/#\\\/schema\\\/logo\\\/image\\\/\"},\"sameAs\":[\"https:\\\/\\\/www.facebook.com\\\/uartesec\",\"https:\\\/\\\/x.com\\\/uartesec\",\"https:\\\/\\\/www.tiktok.com\\\/@uartesec\"]},{\"@type\":\"Person\",\"@id\":\"https:\\\/\\\/www.uartes.edu.ec\\\/sitio\\\/en\\\/#\\\/schema\\\/person\\\/f33f8c1d2af0d5c80a38c8abf458184a\",\"name\":\"Universidad de las Artes\",\"image\":{\"@type\":\"ImageObject\",\"inLanguage\":\"en-US\",\"@id\":\"https:\\\/\\\/secure.gravatar.com\\\/avatar\\\/52e4757902f5cfa5ac52d020e5be83cae5487519154b6c35482fe08d589f3c13?s=96&d=mm&r=g\",\"url\":\"https:\\\/\\\/secure.gravatar.com\\\/avatar\\\/52e4757902f5cfa5ac52d020e5be83cae5487519154b6c35482fe08d589f3c13?s=96&d=mm&r=g\",\"contentUrl\":\"https:\\\/\\\/secure.gravatar.com\\\/avatar\\\/52e4757902f5cfa5ac52d020e5be83cae5487519154b6c35482fe08d589f3c13?s=96&d=mm&r=g\",\"caption\":\"Universidad de las Artes\"},\"url\":\"https:\\\/\\\/www.uartes.edu.ec\\\/sitio\\\/en\\\/blog\\\/author\\\/dircomadm\\\/\"}]}<\/script>\n<!-- \/ Yoast SEO plugin. -->","yoast_head_json":{"title":"Universidad de las Artes - Natalia Carolina Marcos, investigadora y docente de la UArtes","description":"Universidad de las Artes - Natalia Carolina Marcos, investigadora y docente de la UArtes","robots":{"index":"index","follow":"follow","max-snippet":"max-snippet:-1","max-image-preview":"max-image-preview:large","max-video-preview":"max-video-preview:-1"},"canonical":"https:\/\/www.uartes.edu.ec\/sitio\/en\/blog\/2018\/02\/05\/natalia-carolina-marcos-investigadora-y-docente-de-la-uartes\/","og_locale":"en_US","og_type":"article","og_title":"Universidad de las Artes - Natalia Carolina Marcos, investigadora y docente de la UArtes","og_description":"Universidad de las Artes - Natalia Carolina Marcos, investigadora y docente de la UArtes","og_url":"https:\/\/www.uartes.edu.ec\/sitio\/en\/blog\/2018\/02\/05\/natalia-carolina-marcos-investigadora-y-docente-de-la-uartes\/","og_site_name":"Universidad de las Artes","article_publisher":"https:\/\/www.facebook.com\/uartesec","article_published_time":"2018-02-05T21:20:29+00:00","article_modified_time":"2024-07-04T16:53:59+00:00","author":"Universidad de las Artes","twitter_card":"summary_large_image","twitter_creator":"@uartesec","twitter_site":"@uartesec","twitter_misc":{"Written by":"Universidad de las Artes","Est. reading time":"5 minutes"},"schema":{"@context":"https:\/\/schema.org","@graph":[{"@type":"Article","@id":"https:\/\/www.uartes.edu.ec\/sitio\/en\/blog\/2018\/02\/05\/natalia-carolina-marcos-investigadora-y-docente-de-la-uartes\/#article","isPartOf":{"@id":"https:\/\/www.uartes.edu.ec\/sitio\/en\/blog\/2018\/02\/05\/natalia-carolina-marcos-investigadora-y-docente-de-la-uartes\/"},"author":{"name":"Universidad de las Artes","@id":"https:\/\/www.uartes.edu.ec\/sitio\/en\/#\/schema\/person\/f33f8c1d2af0d5c80a38c8abf458184a"},"headline":"Natalia Carolina Marcos, investigadora y docente de la UArtes","datePublished":"2018-02-05T21:20:29+00:00","dateModified":"2024-07-04T16:53:59+00:00","mainEntityOfPage":{"@id":"https:\/\/www.uartes.edu.ec\/sitio\/en\/blog\/2018\/02\/05\/natalia-carolina-marcos-investigadora-y-docente-de-la-uartes\/"},"wordCount":1079,"publisher":{"@id":"https:\/\/www.uartes.edu.ec\/sitio\/en\/#organization"},"image":{"@id":"https:\/\/www.uartes.edu.ec\/sitio\/en\/blog\/2018\/02\/05\/natalia-carolina-marcos-investigadora-y-docente-de-la-uartes\/#primaryimage"},"thumbnailUrl":"","articleSection":["Docentes"],"inLanguage":"en-US"},{"@type":["WebPage","ItemPage"],"@id":"https:\/\/www.uartes.edu.ec\/sitio\/en\/blog\/2018\/02\/05\/natalia-carolina-marcos-investigadora-y-docente-de-la-uartes\/","url":"https:\/\/www.uartes.edu.ec\/sitio\/en\/blog\/2018\/02\/05\/natalia-carolina-marcos-investigadora-y-docente-de-la-uartes\/","name":"Universidad de las Artes - Natalia Carolina Marcos, investigadora y docente de la UArtes","isPartOf":{"@id":"https:\/\/www.uartes.edu.ec\/sitio\/en\/#website"},"primaryImageOfPage":{"@id":"https:\/\/www.uartes.edu.ec\/sitio\/en\/blog\/2018\/02\/05\/natalia-carolina-marcos-investigadora-y-docente-de-la-uartes\/#primaryimage"},"image":{"@id":"https:\/\/www.uartes.edu.ec\/sitio\/en\/blog\/2018\/02\/05\/natalia-carolina-marcos-investigadora-y-docente-de-la-uartes\/#primaryimage"},"thumbnailUrl":"","datePublished":"2018-02-05T21:20:29+00:00","dateModified":"2024-07-04T16:53:59+00:00","description":"Universidad de las Artes - Natalia Carolina Marcos, investigadora y docente de la UArtes","breadcrumb":{"@id":"https:\/\/www.uartes.edu.ec\/sitio\/en\/blog\/2018\/02\/05\/natalia-carolina-marcos-investigadora-y-docente-de-la-uartes\/#breadcrumb"},"inLanguage":"en-US","potentialAction":[{"@type":"ReadAction","target":["https:\/\/www.uartes.edu.ec\/sitio\/en\/blog\/2018\/02\/05\/natalia-carolina-marcos-investigadora-y-docente-de-la-uartes\/"]}]},{"@type":"ImageObject","inLanguage":"en-US","@id":"https:\/\/www.uartes.edu.ec\/sitio\/en\/blog\/2018\/02\/05\/natalia-carolina-marcos-investigadora-y-docente-de-la-uartes\/#primaryimage","url":"","contentUrl":""},{"@type":"BreadcrumbList","@id":"https:\/\/www.uartes.edu.ec\/sitio\/en\/blog\/2018\/02\/05\/natalia-carolina-marcos-investigadora-y-docente-de-la-uartes\/#breadcrumb","itemListElement":[{"@type":"ListItem","position":1,"name":"Inicio","item":"https:\/\/www.uartes.edu.ec\/sitio\/"},{"@type":"ListItem","position":2,"name":"Natalia Carolina Marcos, investigadora y docente de la UArtes"}]},{"@type":"WebSite","@id":"https:\/\/www.uartes.edu.ec\/sitio\/en\/#website","url":"https:\/\/www.uartes.edu.ec\/sitio\/en\/","name":"Universidad de las Artes","description":"Sitio oficial de la Universidad Nacional de las Artes del Ecuador","publisher":{"@id":"https:\/\/www.uartes.edu.ec\/sitio\/en\/#organization"},"potentialAction":[{"@type":"SearchAction","target":{"@type":"EntryPoint","urlTemplate":"https:\/\/www.uartes.edu.ec\/sitio\/en\/?s={search_term_string}"},"query-input":{"@type":"PropertyValueSpecification","valueRequired":true,"valueName":"search_term_string"}}],"inLanguage":"en-US"},{"@type":"Organization","@id":"https:\/\/www.uartes.edu.ec\/sitio\/en\/#organization","name":"Universidad de las Artes","url":"https:\/\/www.uartes.edu.ec\/sitio\/en\/","logo":{"@type":"ImageObject","inLanguage":"en-US","@id":"https:\/\/www.uartes.edu.ec\/sitio\/en\/#\/schema\/logo\/image\/","url":"https:\/\/www.uartes.edu.ec\/sitio\/wp-content\/uploads\/2022\/07\/logo-ua-horizontal.png","contentUrl":"https:\/\/www.uartes.edu.ec\/sitio\/wp-content\/uploads\/2022\/07\/logo-ua-horizontal.png","width":800,"height":276,"caption":"Universidad de las Artes"},"image":{"@id":"https:\/\/www.uartes.edu.ec\/sitio\/en\/#\/schema\/logo\/image\/"},"sameAs":["https:\/\/www.facebook.com\/uartesec","https:\/\/x.com\/uartesec","https:\/\/www.tiktok.com\/@uartesec"]},{"@type":"Person","@id":"https:\/\/www.uartes.edu.ec\/sitio\/en\/#\/schema\/person\/f33f8c1d2af0d5c80a38c8abf458184a","name":"Universidad de las Artes","image":{"@type":"ImageObject","inLanguage":"en-US","@id":"https:\/\/secure.gravatar.com\/avatar\/52e4757902f5cfa5ac52d020e5be83cae5487519154b6c35482fe08d589f3c13?s=96&d=mm&r=g","url":"https:\/\/secure.gravatar.com\/avatar\/52e4757902f5cfa5ac52d020e5be83cae5487519154b6c35482fe08d589f3c13?s=96&d=mm&r=g","contentUrl":"https:\/\/secure.gravatar.com\/avatar\/52e4757902f5cfa5ac52d020e5be83cae5487519154b6c35482fe08d589f3c13?s=96&d=mm&r=g","caption":"Universidad de las Artes"},"url":"https:\/\/www.uartes.edu.ec\/sitio\/en\/blog\/author\/dircomadm\/"}]}},"uagb_featured_image_src":{"full":false,"thumbnail":false,"medium":false,"medium_large":false,"large":false,"1536x1536":false,"2048x2048":false,"trp-custom-language-flag":false,"htmega_size_585x295":false,"htmega_size_1170x536":false,"htmega_size_396x360":false,"gb-block-post-grid-landscape":false,"gb-block-post-grid-square":false,"university-hub-thumb":false},"uagb_author_info":{"display_name":"Universidad de las Artes","author_link":"https:\/\/www.uartes.edu.ec\/sitio\/en\/blog\/author\/dircomadm\/"},"uagb_comment_info":0,"uagb_excerpt":"Argentina nacionalizada ecuatoriana. Es Licenciada en Sociolog\u00eda por la Universidad de Buenos Aires y Mag\u00edster en Estudios de la Cultura por la Universidad Andina Sim\u00f3n Bol\u00edvar sede Quito. En los \u00faltimos a\u00f1os, particip\u00f3 como investigadora y gestora en diversas instituciones p\u00fablicas y de la sociedad civil en los campos de los estudios pol\u00edticos, feministas y&hellip;","featured_image_src":null,"featured_image_src_square":null,"author_info":{"display_name":"Universidad de las Artes","author_link":"https:\/\/www.uartes.edu.ec\/sitio\/en\/blog\/author\/dircomadm\/"},"publishpress_future_workflow_manual_trigger":{"enabledWorkflows":[]},"distributor_meta":false,"distributor_terms":false,"distributor_media":false,"distributor_original_site_name":"Universidad de las Artes","distributor_original_site_url":"https:\/\/www.uartes.edu.ec\/sitio\/en","push-errors":false,"_links":{"self":[{"href":"https:\/\/www.uartes.edu.ec\/sitio\/en\/wp-json\/wp\/v2\/posts\/1206","targetHints":{"allow":["GET"]}}],"collection":[{"href":"https:\/\/www.uartes.edu.ec\/sitio\/en\/wp-json\/wp\/v2\/posts"}],"about":[{"href":"https:\/\/www.uartes.edu.ec\/sitio\/en\/wp-json\/wp\/v2\/types\/post"}],"author":[{"embeddable":true,"href":"https:\/\/www.uartes.edu.ec\/sitio\/en\/wp-json\/wp\/v2\/users\/1"}],"replies":[{"embeddable":true,"href":"https:\/\/www.uartes.edu.ec\/sitio\/en\/wp-json\/wp\/v2\/comments?post=1206"}],"version-history":[{"count":1,"href":"https:\/\/www.uartes.edu.ec\/sitio\/en\/wp-json\/wp\/v2\/posts\/1206\/revisions"}],"predecessor-version":[{"id":3421,"href":"https:\/\/www.uartes.edu.ec\/sitio\/en\/wp-json\/wp\/v2\/posts\/1206\/revisions\/3421"}],"wp:featuredmedia":[{"embeddable":true,"href":"https:\/\/www.uartes.edu.ec\/sitio\/en\/wp-json\/"}],"wp:attachment":[{"href":"https:\/\/www.uartes.edu.ec\/sitio\/en\/wp-json\/wp\/v2\/media?parent=1206"}],"wp:term":[{"taxonomy":"category","embeddable":true,"href":"https:\/\/www.uartes.edu.ec\/sitio\/en\/wp-json\/wp\/v2\/categories?post=1206"},{"taxonomy":"post_tag","embeddable":true,"href":"https:\/\/www.uartes.edu.ec\/sitio\/en\/wp-json\/wp\/v2\/tags?post=1206"},{"taxonomy":"infouartes","embeddable":true,"href":"https:\/\/www.uartes.edu.ec\/sitio\/en\/wp-json\/wp\/v2\/infouartes?post=1206"}],"curies":[{"name":"wp","href":"https:\/\/api.w.org\/{rel}","templated":true}]}}