{"id":12099,"date":"2020-12-16T16:31:00","date_gmt":"2020-12-16T21:31:00","guid":{"rendered":"http:\/\/www.uartes.edu.ec\/sitio\/?p=12099"},"modified":"2024-07-04T11:33:12","modified_gmt":"2024-07-04T16:33:12","slug":"nathaly-reyes-busca-con-catalogo-transmitir-la-musica-de-los-compositores-ecuatorianos","status":"publish","type":"post","link":"https:\/\/www.uartes.edu.ec\/sitio\/en\/blog\/2020\/12\/16\/nathaly-reyes-busca-con-catalogo-transmitir-la-musica-de-los-compositores-ecuatorianos\/","title":{"rendered":"Nathaly Reyes busca con cat\u00e1logo transmitir la m\u00fasica de los compositores ecuatorianos"},"content":{"rendered":"<p>Un proyecto inter\/transdisciplinario, al que titul\u00f3 \u201cVitae: Cat\u00e1logo en formato digital y f\u00edsico de composiciones y arreglos de Juan Carlos Urrutia Palacio\u201d, es el que Nathaly Melba Reyes Cede\u00f1o present\u00f3 como su proyecto de tesis para la obtenci\u00f3n del t\u00edtulo de licenciada en Producci\u00f3n Musical, carrera de la Escuela de Artes Sonoras de la Universidad de las Artes.<\/p>\n\n\n\n<p>Entre los miembros del tribunal de defensa estuvieron los docentes Luis P\u00e9rez Valero, su tutor, y Giovanni Berm\u00fadez C\u00e1rdenas.<\/p>\n\n\n\n<p>Seg\u00fan Nathaly Reyes, el proyecto de tesis de car\u00e1cter inter\/transdisciplinario fue realizado con la finalidad de aportar a la transmisi\u00f3n de la m\u00fasica de compositores ecuatorianos por medio de la producci\u00f3n de un cat\u00e1logo en formato virtual y en f\u00edsico, que contendr\u00e1 una recopilaci\u00f3n de las obras y arreglos del compositor guayaquile\u00f1o Juan Carlos Urrutia Palacio.<\/p>\n\n\n\n<p>Dicho cat\u00e1logo, en su forma virtual, ofrecer\u00e1 una experiencia interactiva, que facilita y ameniza el estudio de las partituras. Para su elaboraci\u00f3n se realiz\u00f3 una clasificaci\u00f3n de sus obras para coro, orquesta, guitarra y cuarteto de cuerdas, para aportar una aproximaci\u00f3n est\u00e9tica de las mismas, en total consta de diecinueve composiciones y diecisiete arreglos.<\/p>\n\n\n\n<p>Adem\u00e1s, el cat\u00e1logo incluye una indagaci\u00f3n biogr\u00e1fica de Urrutia para conocer su formaci\u00f3n, trayectoria, motivaciones personales y laborales.<\/p>\n\n\n\n<p>Para desarrollar este proyecto, la licenciada en Artes Sonoras manifiesta que realiz\u00f3 el levantamiento de las obras de dicho compositor, as\u00ed como una aproximaci\u00f3n est\u00e9tica de sus obras para posteriormente ser incluidas con un orden cronol\u00f3gico en el cat\u00e1logo. Adem\u00e1s, se incluy\u00f3 en el cat\u00e1logo digital un audio realizado con instrumentos virtuales de cada partitura y v\u00ednculos para crear una interacci\u00f3n entre el lector y los arreglos y composiciones. Se trabaj\u00f3 con el dise\u00f1o del cat\u00e1logo digital de tal manera que funcione en distintos dispositivos como tel\u00e9fonos inteligentes y computadoras.<\/p>\n\n\n\n<p>Con relaci\u00f3n a la pertinencia del proyecto, Nathaly Reyes afirma que la importancia de dar a conocer la obra de Juan Carlos Urrutia es por sus arreglos musicales de g\u00e9neros tradicionales como pasillo y fox incaico, que incluyen poemas de escritores ecuatorianos. \u201cDichas letras narran historias que son un reflejo del contexto sociocultural en el que fueron escritas y por lo tanto un patrimonio para conservar en la noci\u00f3n de identidad sonora del pa\u00eds\u201d, se\u00f1ala.<\/p>\n\n\n\n<p>De la misma forma, el compositor ha utilizado estos ritmos en obras para guitarra, cuartetos de cuerdas y orquesta, como es el caso de su obra llamada <em>Albazo<\/em>, que fue adaptada y ejecutada en distintos escenarios, convirti\u00e9ndolo en un exponente de la m\u00fasica tradicional del Ecuador.<\/p>\n\n\n\n<p>En general este proceso de catalogaci\u00f3n que ha realizado la autora es significativo para un compositor, pues tener un registro de sus obras, de una forma ordenada, es parte significativa de la preproducci\u00f3n, donde se planifica c\u00f3mo se realizar\u00edan las grabaciones o conciertos.<\/p>\n\n\n\n<figure class=\"wp-block-image alignfull size-large is-style-default\"><img fetchpriority=\"high\" decoding=\"async\" width=\"644\" height=\"429\" src=\"http:\/\/www.uartes.edu.ec\/sitio\/wp-content\/uploads\/2020\/12\/15-NATHALY-2-644x429.jpg\" alt=\"\" class=\"wp-image-11990\" srcset=\"https:\/\/www.uartes.edu.ec\/sitio\/wp-content\/uploads\/2020\/12\/15-NATHALY-2-644x429.jpg 644w, https:\/\/www.uartes.edu.ec\/sitio\/wp-content\/uploads\/2020\/12\/15-NATHALY-2-300x200.jpg 300w, https:\/\/www.uartes.edu.ec\/sitio\/wp-content\/uploads\/2020\/12\/15-NATHALY-2-768x512.jpg 768w, https:\/\/www.uartes.edu.ec\/sitio\/wp-content\/uploads\/2020\/12\/15-NATHALY-2-1536x1024.jpg 1536w, https:\/\/www.uartes.edu.ec\/sitio\/wp-content\/uploads\/2020\/12\/15-NATHALY-2-600x400.jpg 600w, https:\/\/www.uartes.edu.ec\/sitio\/wp-content\/uploads\/2020\/12\/15-NATHALY-2-1140x760.jpg 1140w, https:\/\/www.uartes.edu.ec\/sitio\/wp-content\/uploads\/2020\/12\/15-NATHALY-2-272x182.jpg 272w, https:\/\/www.uartes.edu.ec\/sitio\/wp-content\/uploads\/2020\/12\/15-NATHALY-2.jpg 2000w\" sizes=\"(max-width: 644px) 100vw, 644px\" \/><\/figure>\n\n\n\n<p>Para terminar, en el proyecto deja sentado que contar con las partituras editadas agiliza la tarea de escoger qu\u00e9 obras se desea incorporar en un trabajo discogr\u00e1fico y es fundamental cuando estas se tengan que entregar a los m\u00fasicos que van a interpretarlas.<\/p>","protected":false},"excerpt":{"rendered":"<p>Un proyecto inter\/transdisciplinario, al que titul\u00f3 \u201cVitae: Cat\u00e1logo en formato digital y f\u00edsico de composiciones y arreglos de Juan Carlos Urrutia Palacio\u201d, es el que Nathaly Melba Reyes Cede\u00f1o present\u00f3 como su proyecto de tesis para la obtenci\u00f3n del t\u00edtulo de licenciada en Producci\u00f3n Musical, carrera de la Escuela de Artes Sonoras de la Universidad de las Artes.<\/p>","protected":false},"author":1,"featured_media":11991,"comment_status":"closed","ping_status":"closed","sticky":false,"template":"","format":"standard","meta":{"_acf_changed":false,"_uag_custom_page_level_css":"","_monsterinsights_skip_tracking":false,"_monsterinsights_sitenote_active":false,"_monsterinsights_sitenote_note":"","_monsterinsights_sitenote_category":0,"cybocfi_hide_featured_image":"","footnotes":""},"categories":[80,150,76],"tags":[200],"infouartes":[],"class_list":["post-12099","post","type-post","status-publish","format-standard","has-post-thumbnail","hentry","category-academico","category-artes-sonoras","category-estudiantes","tag-titulacion"],"acf":[],"yoast_head":"<!-- This site is optimized with the Yoast SEO plugin v27.4 - https:\/\/yoast.com\/product\/yoast-seo-wordpress\/ -->\n<title>Universidad de las Artes - Nathaly Reyes busca con cat\u00e1logo transmitir la m\u00fasica de los compositores ecuatorianos<\/title>\n<meta name=\"description\" content=\"Universidad de las Artes - Nathaly Reyes busca con cat\u00e1logo transmitir la m\u00fasica de los compositores ecuatorianos\" \/>\n<meta name=\"robots\" content=\"index, follow, max-snippet:-1, max-image-preview:large, max-video-preview:-1\" \/>\n<link rel=\"canonical\" href=\"https:\/\/www.uartes.edu.ec\/sitio\/en\/blog\/2020\/12\/16\/nathaly-reyes-busca-con-catalogo-transmitir-la-musica-de-los-compositores-ecuatorianos\/\" \/>\n<meta property=\"og:locale\" content=\"en_US\" \/>\n<meta property=\"og:type\" content=\"article\" \/>\n<meta property=\"og:title\" content=\"Universidad de las Artes - Nathaly Reyes busca con cat\u00e1logo transmitir la m\u00fasica de los compositores ecuatorianos\" \/>\n<meta property=\"og:description\" content=\"Universidad de las Artes - Nathaly Reyes busca con cat\u00e1logo transmitir la m\u00fasica de los compositores ecuatorianos\" \/>\n<meta property=\"og:url\" content=\"https:\/\/www.uartes.edu.ec\/sitio\/en\/blog\/2020\/12\/16\/nathaly-reyes-busca-con-catalogo-transmitir-la-musica-de-los-compositores-ecuatorianos\/\" \/>\n<meta property=\"og:site_name\" content=\"Universidad de las Artes\" \/>\n<meta property=\"article:publisher\" content=\"https:\/\/www.facebook.com\/uartesec\" \/>\n<meta property=\"article:published_time\" content=\"2020-12-16T21:31:00+00:00\" \/>\n<meta property=\"article:modified_time\" content=\"2024-07-04T16:33:12+00:00\" \/>\n<meta property=\"og:image\" content=\"https:\/\/www.uartes.edu.ec\/sitio\/wp-content\/uploads\/2020\/12\/15-NATHALY.jpg\" \/>\n\t<meta property=\"og:image:width\" content=\"2000\" \/>\n\t<meta property=\"og:image:height\" content=\"1333\" \/>\n\t<meta property=\"og:image:type\" content=\"image\/jpeg\" \/>\n<meta name=\"author\" content=\"Universidad de las Artes\" \/>\n<meta name=\"twitter:card\" content=\"summary_large_image\" \/>\n<meta name=\"twitter:creator\" content=\"@uartesec\" \/>\n<meta name=\"twitter:site\" content=\"@uartesec\" \/>\n<meta name=\"twitter:label1\" content=\"Written by\" \/>\n\t<meta name=\"twitter:data1\" content=\"Universidad de las Artes\" \/>\n\t<meta name=\"twitter:label2\" content=\"Est. reading time\" \/>\n\t<meta name=\"twitter:data2\" content=\"3 minutes\" \/>\n<script type=\"application\/ld+json\" class=\"yoast-schema-graph\">{\"@context\":\"https:\\\/\\\/schema.org\",\"@graph\":[{\"@type\":\"Article\",\"@id\":\"https:\\\/\\\/www.uartes.edu.ec\\\/sitio\\\/en\\\/blog\\\/2020\\\/12\\\/16\\\/nathaly-reyes-busca-con-catalogo-transmitir-la-musica-de-los-compositores-ecuatorianos\\\/#article\",\"isPartOf\":{\"@id\":\"https:\\\/\\\/www.uartes.edu.ec\\\/sitio\\\/en\\\/blog\\\/2020\\\/12\\\/16\\\/nathaly-reyes-busca-con-catalogo-transmitir-la-musica-de-los-compositores-ecuatorianos\\\/\"},\"author\":{\"name\":\"Universidad de las Artes\",\"@id\":\"https:\\\/\\\/www.uartes.edu.ec\\\/sitio\\\/en\\\/#\\\/schema\\\/person\\\/f33f8c1d2af0d5c80a38c8abf458184a\"},\"headline\":\"Nathaly Reyes busca con cat\u00e1logo transmitir la m\u00fasica de los compositores ecuatorianos\",\"datePublished\":\"2020-12-16T21:31:00+00:00\",\"dateModified\":\"2024-07-04T16:33:12+00:00\",\"mainEntityOfPage\":{\"@id\":\"https:\\\/\\\/www.uartes.edu.ec\\\/sitio\\\/en\\\/blog\\\/2020\\\/12\\\/16\\\/nathaly-reyes-busca-con-catalogo-transmitir-la-musica-de-los-compositores-ecuatorianos\\\/\"},\"wordCount\":570,\"publisher\":{\"@id\":\"https:\\\/\\\/www.uartes.edu.ec\\\/sitio\\\/en\\\/#organization\"},\"image\":{\"@id\":\"https:\\\/\\\/www.uartes.edu.ec\\\/sitio\\\/en\\\/blog\\\/2020\\\/12\\\/16\\\/nathaly-reyes-busca-con-catalogo-transmitir-la-musica-de-los-compositores-ecuatorianos\\\/#primaryimage\"},\"thumbnailUrl\":\"https:\\\/\\\/www.uartes.edu.ec\\\/sitio\\\/wp-content\\\/uploads\\\/2020\\\/12\\\/15-NATHALY.jpg\",\"keywords\":[\"titulaci\u00f3n\"],\"articleSection\":[\"Acad\u00e9mico\",\"Artes Sonoras\",\"Estudiantes\"],\"inLanguage\":\"en-US\"},{\"@type\":[\"WebPage\",\"ItemPage\"],\"@id\":\"https:\\\/\\\/www.uartes.edu.ec\\\/sitio\\\/en\\\/blog\\\/2020\\\/12\\\/16\\\/nathaly-reyes-busca-con-catalogo-transmitir-la-musica-de-los-compositores-ecuatorianos\\\/\",\"url\":\"https:\\\/\\\/www.uartes.edu.ec\\\/sitio\\\/en\\\/blog\\\/2020\\\/12\\\/16\\\/nathaly-reyes-busca-con-catalogo-transmitir-la-musica-de-los-compositores-ecuatorianos\\\/\",\"name\":\"Universidad de las Artes - Nathaly Reyes busca con cat\u00e1logo transmitir la m\u00fasica de los compositores ecuatorianos\",\"isPartOf\":{\"@id\":\"https:\\\/\\\/www.uartes.edu.ec\\\/sitio\\\/en\\\/#website\"},\"primaryImageOfPage\":{\"@id\":\"https:\\\/\\\/www.uartes.edu.ec\\\/sitio\\\/en\\\/blog\\\/2020\\\/12\\\/16\\\/nathaly-reyes-busca-con-catalogo-transmitir-la-musica-de-los-compositores-ecuatorianos\\\/#primaryimage\"},\"image\":{\"@id\":\"https:\\\/\\\/www.uartes.edu.ec\\\/sitio\\\/en\\\/blog\\\/2020\\\/12\\\/16\\\/nathaly-reyes-busca-con-catalogo-transmitir-la-musica-de-los-compositores-ecuatorianos\\\/#primaryimage\"},\"thumbnailUrl\":\"https:\\\/\\\/www.uartes.edu.ec\\\/sitio\\\/wp-content\\\/uploads\\\/2020\\\/12\\\/15-NATHALY.jpg\",\"datePublished\":\"2020-12-16T21:31:00+00:00\",\"dateModified\":\"2024-07-04T16:33:12+00:00\",\"description\":\"Universidad de las Artes - Nathaly Reyes busca con cat\u00e1logo transmitir la m\u00fasica de los compositores ecuatorianos\",\"breadcrumb\":{\"@id\":\"https:\\\/\\\/www.uartes.edu.ec\\\/sitio\\\/en\\\/blog\\\/2020\\\/12\\\/16\\\/nathaly-reyes-busca-con-catalogo-transmitir-la-musica-de-los-compositores-ecuatorianos\\\/#breadcrumb\"},\"inLanguage\":\"en-US\",\"potentialAction\":[{\"@type\":\"ReadAction\",\"target\":[\"https:\\\/\\\/www.uartes.edu.ec\\\/sitio\\\/en\\\/blog\\\/2020\\\/12\\\/16\\\/nathaly-reyes-busca-con-catalogo-transmitir-la-musica-de-los-compositores-ecuatorianos\\\/\"]}]},{\"@type\":\"ImageObject\",\"inLanguage\":\"en-US\",\"@id\":\"https:\\\/\\\/www.uartes.edu.ec\\\/sitio\\\/en\\\/blog\\\/2020\\\/12\\\/16\\\/nathaly-reyes-busca-con-catalogo-transmitir-la-musica-de-los-compositores-ecuatorianos\\\/#primaryimage\",\"url\":\"https:\\\/\\\/www.uartes.edu.ec\\\/sitio\\\/wp-content\\\/uploads\\\/2020\\\/12\\\/15-NATHALY.jpg\",\"contentUrl\":\"https:\\\/\\\/www.uartes.edu.ec\\\/sitio\\\/wp-content\\\/uploads\\\/2020\\\/12\\\/15-NATHALY.jpg\",\"width\":2000,\"height\":1333},{\"@type\":\"BreadcrumbList\",\"@id\":\"https:\\\/\\\/www.uartes.edu.ec\\\/sitio\\\/en\\\/blog\\\/2020\\\/12\\\/16\\\/nathaly-reyes-busca-con-catalogo-transmitir-la-musica-de-los-compositores-ecuatorianos\\\/#breadcrumb\",\"itemListElement\":[{\"@type\":\"ListItem\",\"position\":1,\"name\":\"Inicio\",\"item\":\"https:\\\/\\\/www.uartes.edu.ec\\\/sitio\\\/\"},{\"@type\":\"ListItem\",\"position\":2,\"name\":\"Nathaly Reyes busca con cat\u00e1logo transmitir la m\u00fasica de los compositores ecuatorianos\"}]},{\"@type\":\"WebSite\",\"@id\":\"https:\\\/\\\/www.uartes.edu.ec\\\/sitio\\\/en\\\/#website\",\"url\":\"https:\\\/\\\/www.uartes.edu.ec\\\/sitio\\\/en\\\/\",\"name\":\"Universidad de las Artes\",\"description\":\"Sitio oficial de la Universidad Nacional de las Artes del Ecuador\",\"publisher\":{\"@id\":\"https:\\\/\\\/www.uartes.edu.ec\\\/sitio\\\/en\\\/#organization\"},\"potentialAction\":[{\"@type\":\"SearchAction\",\"target\":{\"@type\":\"EntryPoint\",\"urlTemplate\":\"https:\\\/\\\/www.uartes.edu.ec\\\/sitio\\\/en\\\/?s={search_term_string}\"},\"query-input\":{\"@type\":\"PropertyValueSpecification\",\"valueRequired\":true,\"valueName\":\"search_term_string\"}}],\"inLanguage\":\"en-US\"},{\"@type\":\"Organization\",\"@id\":\"https:\\\/\\\/www.uartes.edu.ec\\\/sitio\\\/en\\\/#organization\",\"name\":\"Universidad de las Artes\",\"url\":\"https:\\\/\\\/www.uartes.edu.ec\\\/sitio\\\/en\\\/\",\"logo\":{\"@type\":\"ImageObject\",\"inLanguage\":\"en-US\",\"@id\":\"https:\\\/\\\/www.uartes.edu.ec\\\/sitio\\\/en\\\/#\\\/schema\\\/logo\\\/image\\\/\",\"url\":\"https:\\\/\\\/www.uartes.edu.ec\\\/sitio\\\/wp-content\\\/uploads\\\/2022\\\/07\\\/logo-ua-horizontal.png\",\"contentUrl\":\"https:\\\/\\\/www.uartes.edu.ec\\\/sitio\\\/wp-content\\\/uploads\\\/2022\\\/07\\\/logo-ua-horizontal.png\",\"width\":800,\"height\":276,\"caption\":\"Universidad de las Artes\"},\"image\":{\"@id\":\"https:\\\/\\\/www.uartes.edu.ec\\\/sitio\\\/en\\\/#\\\/schema\\\/logo\\\/image\\\/\"},\"sameAs\":[\"https:\\\/\\\/www.facebook.com\\\/uartesec\",\"https:\\\/\\\/x.com\\\/uartesec\",\"https:\\\/\\\/www.tiktok.com\\\/@uartesec\"]},{\"@type\":\"Person\",\"@id\":\"https:\\\/\\\/www.uartes.edu.ec\\\/sitio\\\/en\\\/#\\\/schema\\\/person\\\/f33f8c1d2af0d5c80a38c8abf458184a\",\"name\":\"Universidad de las Artes\",\"image\":{\"@type\":\"ImageObject\",\"inLanguage\":\"en-US\",\"@id\":\"https:\\\/\\\/secure.gravatar.com\\\/avatar\\\/52e4757902f5cfa5ac52d020e5be83cae5487519154b6c35482fe08d589f3c13?s=96&d=mm&r=g\",\"url\":\"https:\\\/\\\/secure.gravatar.com\\\/avatar\\\/52e4757902f5cfa5ac52d020e5be83cae5487519154b6c35482fe08d589f3c13?s=96&d=mm&r=g\",\"contentUrl\":\"https:\\\/\\\/secure.gravatar.com\\\/avatar\\\/52e4757902f5cfa5ac52d020e5be83cae5487519154b6c35482fe08d589f3c13?s=96&d=mm&r=g\",\"caption\":\"Universidad de las Artes\"},\"url\":\"https:\\\/\\\/www.uartes.edu.ec\\\/sitio\\\/en\\\/blog\\\/author\\\/dircomadm\\\/\"}]}<\/script>\n<!-- \/ Yoast SEO plugin. -->","yoast_head_json":{"title":"Universidad de las Artes - Nathaly Reyes busca con cat\u00e1logo transmitir la m\u00fasica de los compositores ecuatorianos","description":"Universidad de las Artes - Nathaly Reyes busca con cat\u00e1logo transmitir la m\u00fasica de los compositores ecuatorianos","robots":{"index":"index","follow":"follow","max-snippet":"max-snippet:-1","max-image-preview":"max-image-preview:large","max-video-preview":"max-video-preview:-1"},"canonical":"https:\/\/www.uartes.edu.ec\/sitio\/en\/blog\/2020\/12\/16\/nathaly-reyes-busca-con-catalogo-transmitir-la-musica-de-los-compositores-ecuatorianos\/","og_locale":"en_US","og_type":"article","og_title":"Universidad de las Artes - Nathaly Reyes busca con cat\u00e1logo transmitir la m\u00fasica de los compositores ecuatorianos","og_description":"Universidad de las Artes - Nathaly Reyes busca con cat\u00e1logo transmitir la m\u00fasica de los compositores ecuatorianos","og_url":"https:\/\/www.uartes.edu.ec\/sitio\/en\/blog\/2020\/12\/16\/nathaly-reyes-busca-con-catalogo-transmitir-la-musica-de-los-compositores-ecuatorianos\/","og_site_name":"Universidad de las Artes","article_publisher":"https:\/\/www.facebook.com\/uartesec","article_published_time":"2020-12-16T21:31:00+00:00","article_modified_time":"2024-07-04T16:33:12+00:00","og_image":[{"width":2000,"height":1333,"url":"https:\/\/www.uartes.edu.ec\/sitio\/wp-content\/uploads\/2020\/12\/15-NATHALY.jpg","type":"image\/jpeg"}],"author":"Universidad de las Artes","twitter_card":"summary_large_image","twitter_creator":"@uartesec","twitter_site":"@uartesec","twitter_misc":{"Written by":"Universidad de las Artes","Est. reading time":"3 minutes"},"schema":{"@context":"https:\/\/schema.org","@graph":[{"@type":"Article","@id":"https:\/\/www.uartes.edu.ec\/sitio\/en\/blog\/2020\/12\/16\/nathaly-reyes-busca-con-catalogo-transmitir-la-musica-de-los-compositores-ecuatorianos\/#article","isPartOf":{"@id":"https:\/\/www.uartes.edu.ec\/sitio\/en\/blog\/2020\/12\/16\/nathaly-reyes-busca-con-catalogo-transmitir-la-musica-de-los-compositores-ecuatorianos\/"},"author":{"name":"Universidad de las Artes","@id":"https:\/\/www.uartes.edu.ec\/sitio\/en\/#\/schema\/person\/f33f8c1d2af0d5c80a38c8abf458184a"},"headline":"Nathaly Reyes busca con cat\u00e1logo transmitir la m\u00fasica de los compositores ecuatorianos","datePublished":"2020-12-16T21:31:00+00:00","dateModified":"2024-07-04T16:33:12+00:00","mainEntityOfPage":{"@id":"https:\/\/www.uartes.edu.ec\/sitio\/en\/blog\/2020\/12\/16\/nathaly-reyes-busca-con-catalogo-transmitir-la-musica-de-los-compositores-ecuatorianos\/"},"wordCount":570,"publisher":{"@id":"https:\/\/www.uartes.edu.ec\/sitio\/en\/#organization"},"image":{"@id":"https:\/\/www.uartes.edu.ec\/sitio\/en\/blog\/2020\/12\/16\/nathaly-reyes-busca-con-catalogo-transmitir-la-musica-de-los-compositores-ecuatorianos\/#primaryimage"},"thumbnailUrl":"https:\/\/www.uartes.edu.ec\/sitio\/wp-content\/uploads\/2020\/12\/15-NATHALY.jpg","keywords":["titulaci\u00f3n"],"articleSection":["Acad\u00e9mico","Artes Sonoras","Estudiantes"],"inLanguage":"en-US"},{"@type":["WebPage","ItemPage"],"@id":"https:\/\/www.uartes.edu.ec\/sitio\/en\/blog\/2020\/12\/16\/nathaly-reyes-busca-con-catalogo-transmitir-la-musica-de-los-compositores-ecuatorianos\/","url":"https:\/\/www.uartes.edu.ec\/sitio\/en\/blog\/2020\/12\/16\/nathaly-reyes-busca-con-catalogo-transmitir-la-musica-de-los-compositores-ecuatorianos\/","name":"Universidad de las Artes - Nathaly Reyes busca con cat\u00e1logo transmitir la m\u00fasica de los compositores ecuatorianos","isPartOf":{"@id":"https:\/\/www.uartes.edu.ec\/sitio\/en\/#website"},"primaryImageOfPage":{"@id":"https:\/\/www.uartes.edu.ec\/sitio\/en\/blog\/2020\/12\/16\/nathaly-reyes-busca-con-catalogo-transmitir-la-musica-de-los-compositores-ecuatorianos\/#primaryimage"},"image":{"@id":"https:\/\/www.uartes.edu.ec\/sitio\/en\/blog\/2020\/12\/16\/nathaly-reyes-busca-con-catalogo-transmitir-la-musica-de-los-compositores-ecuatorianos\/#primaryimage"},"thumbnailUrl":"https:\/\/www.uartes.edu.ec\/sitio\/wp-content\/uploads\/2020\/12\/15-NATHALY.jpg","datePublished":"2020-12-16T21:31:00+00:00","dateModified":"2024-07-04T16:33:12+00:00","description":"Universidad de las Artes - Nathaly Reyes busca con cat\u00e1logo transmitir la m\u00fasica de los compositores ecuatorianos","breadcrumb":{"@id":"https:\/\/www.uartes.edu.ec\/sitio\/en\/blog\/2020\/12\/16\/nathaly-reyes-busca-con-catalogo-transmitir-la-musica-de-los-compositores-ecuatorianos\/#breadcrumb"},"inLanguage":"en-US","potentialAction":[{"@type":"ReadAction","target":["https:\/\/www.uartes.edu.ec\/sitio\/en\/blog\/2020\/12\/16\/nathaly-reyes-busca-con-catalogo-transmitir-la-musica-de-los-compositores-ecuatorianos\/"]}]},{"@type":"ImageObject","inLanguage":"en-US","@id":"https:\/\/www.uartes.edu.ec\/sitio\/en\/blog\/2020\/12\/16\/nathaly-reyes-busca-con-catalogo-transmitir-la-musica-de-los-compositores-ecuatorianos\/#primaryimage","url":"https:\/\/www.uartes.edu.ec\/sitio\/wp-content\/uploads\/2020\/12\/15-NATHALY.jpg","contentUrl":"https:\/\/www.uartes.edu.ec\/sitio\/wp-content\/uploads\/2020\/12\/15-NATHALY.jpg","width":2000,"height":1333},{"@type":"BreadcrumbList","@id":"https:\/\/www.uartes.edu.ec\/sitio\/en\/blog\/2020\/12\/16\/nathaly-reyes-busca-con-catalogo-transmitir-la-musica-de-los-compositores-ecuatorianos\/#breadcrumb","itemListElement":[{"@type":"ListItem","position":1,"name":"Inicio","item":"https:\/\/www.uartes.edu.ec\/sitio\/"},{"@type":"ListItem","position":2,"name":"Nathaly Reyes busca con cat\u00e1logo transmitir la m\u00fasica de los compositores ecuatorianos"}]},{"@type":"WebSite","@id":"https:\/\/www.uartes.edu.ec\/sitio\/en\/#website","url":"https:\/\/www.uartes.edu.ec\/sitio\/en\/","name":"Universidad de las Artes","description":"Sitio oficial de la Universidad Nacional de las Artes del Ecuador","publisher":{"@id":"https:\/\/www.uartes.edu.ec\/sitio\/en\/#organization"},"potentialAction":[{"@type":"SearchAction","target":{"@type":"EntryPoint","urlTemplate":"https:\/\/www.uartes.edu.ec\/sitio\/en\/?s={search_term_string}"},"query-input":{"@type":"PropertyValueSpecification","valueRequired":true,"valueName":"search_term_string"}}],"inLanguage":"en-US"},{"@type":"Organization","@id":"https:\/\/www.uartes.edu.ec\/sitio\/en\/#organization","name":"Universidad de las Artes","url":"https:\/\/www.uartes.edu.ec\/sitio\/en\/","logo":{"@type":"ImageObject","inLanguage":"en-US","@id":"https:\/\/www.uartes.edu.ec\/sitio\/en\/#\/schema\/logo\/image\/","url":"https:\/\/www.uartes.edu.ec\/sitio\/wp-content\/uploads\/2022\/07\/logo-ua-horizontal.png","contentUrl":"https:\/\/www.uartes.edu.ec\/sitio\/wp-content\/uploads\/2022\/07\/logo-ua-horizontal.png","width":800,"height":276,"caption":"Universidad de las Artes"},"image":{"@id":"https:\/\/www.uartes.edu.ec\/sitio\/en\/#\/schema\/logo\/image\/"},"sameAs":["https:\/\/www.facebook.com\/uartesec","https:\/\/x.com\/uartesec","https:\/\/www.tiktok.com\/@uartesec"]},{"@type":"Person","@id":"https:\/\/www.uartes.edu.ec\/sitio\/en\/#\/schema\/person\/f33f8c1d2af0d5c80a38c8abf458184a","name":"Universidad de las Artes","image":{"@type":"ImageObject","inLanguage":"en-US","@id":"https:\/\/secure.gravatar.com\/avatar\/52e4757902f5cfa5ac52d020e5be83cae5487519154b6c35482fe08d589f3c13?s=96&d=mm&r=g","url":"https:\/\/secure.gravatar.com\/avatar\/52e4757902f5cfa5ac52d020e5be83cae5487519154b6c35482fe08d589f3c13?s=96&d=mm&r=g","contentUrl":"https:\/\/secure.gravatar.com\/avatar\/52e4757902f5cfa5ac52d020e5be83cae5487519154b6c35482fe08d589f3c13?s=96&d=mm&r=g","caption":"Universidad de las Artes"},"url":"https:\/\/www.uartes.edu.ec\/sitio\/en\/blog\/author\/dircomadm\/"}]}},"uagb_featured_image_src":{"full":["https:\/\/www.uartes.edu.ec\/sitio\/wp-content\/uploads\/2020\/12\/15-NATHALY.jpg",2000,1333,false],"thumbnail":["https:\/\/www.uartes.edu.ec\/sitio\/wp-content\/uploads\/2020\/12\/15-NATHALY-150x150.jpg",150,150,true],"medium":["https:\/\/www.uartes.edu.ec\/sitio\/wp-content\/uploads\/2020\/12\/15-NATHALY-300x200.jpg",300,200,true],"medium_large":["https:\/\/www.uartes.edu.ec\/sitio\/wp-content\/uploads\/2020\/12\/15-NATHALY-768x512.jpg",768,512,true],"large":["https:\/\/www.uartes.edu.ec\/sitio\/wp-content\/uploads\/2020\/12\/15-NATHALY-644x429.jpg",644,429,true],"1536x1536":["https:\/\/www.uartes.edu.ec\/sitio\/wp-content\/uploads\/2020\/12\/15-NATHALY-1536x1024.jpg",1536,1024,true],"2048x2048":["https:\/\/www.uartes.edu.ec\/sitio\/wp-content\/uploads\/2020\/12\/15-NATHALY.jpg",2000,1333,false],"trp-custom-language-flag":["https:\/\/www.uartes.edu.ec\/sitio\/wp-content\/uploads\/2020\/12\/15-NATHALY.jpg",18,12,false],"htmega_size_585x295":["https:\/\/www.uartes.edu.ec\/sitio\/wp-content\/uploads\/2020\/12\/15-NATHALY-585x295.jpg",585,295,true],"htmega_size_1170x536":["https:\/\/www.uartes.edu.ec\/sitio\/wp-content\/uploads\/2020\/12\/15-NATHALY-1170x536.jpg",1170,536,true],"htmega_size_396x360":["https:\/\/www.uartes.edu.ec\/sitio\/wp-content\/uploads\/2020\/12\/15-NATHALY-396x360.jpg",396,360,true],"gb-block-post-grid-landscape":["https:\/\/www.uartes.edu.ec\/sitio\/wp-content\/uploads\/2020\/12\/15-NATHALY.jpg",600,400,false],"gb-block-post-grid-square":["https:\/\/www.uartes.edu.ec\/sitio\/wp-content\/uploads\/2020\/12\/15-NATHALY.jpg",600,400,false],"university-hub-thumb":["https:\/\/www.uartes.edu.ec\/sitio\/wp-content\/uploads\/2020\/12\/15-NATHALY.jpg",400,267,false]},"uagb_author_info":{"display_name":"Universidad de las Artes","author_link":"https:\/\/www.uartes.edu.ec\/sitio\/en\/blog\/author\/dircomadm\/"},"uagb_comment_info":0,"uagb_excerpt":"Un proyecto inter\/transdisciplinario, al que titul\u00f3 \u201cVitae: Cat\u00e1logo en formato digital y f\u00edsico de composiciones y arreglos de Juan Carlos Urrutia Palacio\u201d, es el que Nathaly Melba Reyes Cede\u00f1o present\u00f3 como su proyecto de tesis para la obtenci\u00f3n del t\u00edtulo de licenciada en Producci\u00f3n Musical, carrera de la Escuela de Artes Sonoras de la Universidad&hellip;","featured_image_src":"https:\/\/www.uartes.edu.ec\/sitio\/wp-content\/uploads\/2020\/12\/15-NATHALY.jpg","featured_image_src_square":"https:\/\/www.uartes.edu.ec\/sitio\/wp-content\/uploads\/2020\/12\/15-NATHALY.jpg","author_info":{"display_name":"Universidad de las Artes","author_link":"https:\/\/www.uartes.edu.ec\/sitio\/en\/blog\/author\/dircomadm\/"},"publishpress_future_workflow_manual_trigger":{"enabledWorkflows":[]},"distributor_meta":false,"distributor_terms":false,"distributor_media":false,"distributor_original_site_name":"Universidad de las Artes","distributor_original_site_url":"https:\/\/www.uartes.edu.ec\/sitio\/en","push-errors":false,"_links":{"self":[{"href":"https:\/\/www.uartes.edu.ec\/sitio\/en\/wp-json\/wp\/v2\/posts\/12099","targetHints":{"allow":["GET"]}}],"collection":[{"href":"https:\/\/www.uartes.edu.ec\/sitio\/en\/wp-json\/wp\/v2\/posts"}],"about":[{"href":"https:\/\/www.uartes.edu.ec\/sitio\/en\/wp-json\/wp\/v2\/types\/post"}],"author":[{"embeddable":true,"href":"https:\/\/www.uartes.edu.ec\/sitio\/en\/wp-json\/wp\/v2\/users\/1"}],"replies":[{"embeddable":true,"href":"https:\/\/www.uartes.edu.ec\/sitio\/en\/wp-json\/wp\/v2\/comments?post=12099"}],"version-history":[{"count":3,"href":"https:\/\/www.uartes.edu.ec\/sitio\/en\/wp-json\/wp\/v2\/posts\/12099\/revisions"}],"predecessor-version":[{"id":57069,"href":"https:\/\/www.uartes.edu.ec\/sitio\/en\/wp-json\/wp\/v2\/posts\/12099\/revisions\/57069"}],"wp:featuredmedia":[{"embeddable":true,"href":"https:\/\/www.uartes.edu.ec\/sitio\/en\/wp-json\/wp\/v2\/media\/11991"}],"wp:attachment":[{"href":"https:\/\/www.uartes.edu.ec\/sitio\/en\/wp-json\/wp\/v2\/media?parent=12099"}],"wp:term":[{"taxonomy":"category","embeddable":true,"href":"https:\/\/www.uartes.edu.ec\/sitio\/en\/wp-json\/wp\/v2\/categories?post=12099"},{"taxonomy":"post_tag","embeddable":true,"href":"https:\/\/www.uartes.edu.ec\/sitio\/en\/wp-json\/wp\/v2\/tags?post=12099"},{"taxonomy":"infouartes","embeddable":true,"href":"https:\/\/www.uartes.edu.ec\/sitio\/en\/wp-json\/wp\/v2\/infouartes?post=12099"}],"curies":[{"name":"wp","href":"https:\/\/api.w.org\/{rel}","templated":true}]}}