{"id":1217,"date":"2018-02-07T16:34:45","date_gmt":"2018-02-07T21:34:45","guid":{"rendered":"http:\/\/www.uartes.edu.ec\/infouartes\/?p=1217"},"modified":"2024-07-04T11:53:59","modified_gmt":"2024-07-04T16:53:59","slug":"marcelo-baez-aristides-vargas-y-sebastian-cordero-dictan-catedra-integrada-en-la-uartes","status":"publish","type":"post","link":"https:\/\/www.uartes.edu.ec\/sitio\/en\/blog\/2018\/02\/07\/marcelo-baez-aristides-vargas-y-sebastian-cordero-dictan-catedra-integrada-en-la-uartes\/","title":{"rendered":"Marcelo B\u00e1ez, Ar\u00edstides Vargas y Sebasti\u00e1n Cordero dictan c\u00e1tedra integrada en la UArtes"},"content":{"rendered":"<p>Las Escuelas de Cine, Literatura y Artes Esc\u00e9nicas desarrollar\u00e1n la primera materia integrada denominada \u2018De la narraci\u00f3n a las dramaturgias\u2019, que se abrir\u00e1 en el semestre intensivo de clases que inicia el pr\u00f3ximo 19 de febrero de 2018.<\/p>\n<p>Con esta materia, la Universidad de las Artes ha querido proponer por primera vez un enfoque verdaderamente interdisciplinario sobre cuestiones que se plantean al narrador y al dramaturgo en su proceso de creaci\u00f3n, en este caso el tema de la transferencia del lenguaje de la narraci\u00f3n al lenguaje de la dramaturgia, en cine o en teatro, indica Juan Mart\u00edn Cueva, cineasta y Director de la Escuela de Cine.<\/p>\n<p>\u201cSer\u00eda absurdo que las diferentes disciplinas se desarrollen en la universidad de espaldas las unas de las otras. Hemos querido establecer un di\u00e1logo entre estos tres campos con un curso que permita a los estudiantes de las distintas carreras descubrir los puentes que se pueden establecer con otras\u201d, comenta Cueva.<\/p>\n<p>Este curso ser\u00e1 dictado por tres artistas-docentes de reconocida y amplia trayectoria, la intenci\u00f3n es que sea lo m\u00e1s enriquecedor posible para los asistentes. \u201cLos tres enfoques se entretejer\u00e1n y ser\u00e1n un di\u00e1logo a tres voces para que los estudiantes se introduzcan al tema complejo y apasionante de la narraci\u00f3n y de la dramaturgia\u201d, recalca.<\/p>\n<p><strong>Perfil de los artistas <\/strong><\/p>\n<p>Marcelo B\u00e1ez es un reconocido poeta y narrador, y es quiz\u00e1s el literato ecuatoriano que m\u00e1s se ha acercado al mundo del cine en varias de sus publicaciones. Conoce de cerca el funcionamiento de la narrativa literaria y de las dramaturgias, por lo que su aporte a esta materia ser\u00e1 fundamental.<\/p>\n<p>Ar\u00edstides Vargas, si bien es reconocido como un hombre de teatro y uno de los dramaturgos m\u00e1s importantes de Am\u00e9rica Latina, ha participado en proyectos cinematogr\u00e1ficos como guionista y actor, sobre todo con Camilo Luzuriaga, y en adaptaciones de obras literarias, inspir\u00e1ndose en un texto de Gunter Grass para la obra reciente <em>El coraz\u00f3n de la cebolla<\/em>, y en otras ocasiones con textos de Pablo Palacio, Jorge Enrique Adoum, entre otros.<\/p>\n<p>Sebasti\u00e1n Cordero es uno de los directores de cine ecuatorianos con mayor trayectoria, y justamente en este momento se encuentra montando una versi\u00f3n para el teatro de su pel\u00edcula Rabia, que a su vez fue la adaptaci\u00f3n de una novela de Sergio Bizzio. Ha trabajado con guiones propios y tambi\u00e9n colaborando con otros guionistas como Juan Fernando Andrade y Andr\u00e9s Crespo.<\/p>","protected":false},"excerpt":{"rendered":"<p>Las Escuelas de Cine, Literatura y Artes Esc\u00e9nicas desarrollar\u00e1n la primera materia integrada denominada \u2018De la narraci\u00f3n a las dramaturgias\u2019, que se abrir\u00e1 en el semestre intensivo de clases que inicia el pr\u00f3ximo 19 de febrero de 2018. Con esta materia, la Universidad de las Artes ha querido proponer por primera vez un enfoque verdaderamente [&hellip;]<\/p>\n","protected":false},"author":1,"featured_media":1218,"comment_status":"closed","ping_status":"open","sticky":false,"template":"","format":"standard","meta":{"_acf_changed":false,"_uag_custom_page_level_css":"","_monsterinsights_skip_tracking":false,"_monsterinsights_sitenote_active":false,"_monsterinsights_sitenote_note":"","_monsterinsights_sitenote_category":0,"cybocfi_hide_featured_image":"","footnotes":""},"categories":[80,75],"tags":[],"infouartes":[],"class_list":["post-1217","post","type-post","status-publish","format-standard","has-post-thumbnail","hentry","category-academico","category-docentes"],"acf":[],"yoast_head":"<!-- This site is optimized with the Yoast SEO plugin v27.4 - https:\/\/yoast.com\/product\/yoast-seo-wordpress\/ -->\n<title>Universidad de las Artes - Marcelo B\u00e1ez, Ar\u00edstides Vargas y Sebasti\u00e1n Cordero dictan c\u00e1tedra integrada en la UArtes<\/title>\n<meta name=\"description\" content=\"Universidad de las Artes - Marcelo B\u00e1ez, Ar\u00edstides Vargas y Sebasti\u00e1n Cordero dictan c\u00e1tedra integrada en la UArtes\" \/>\n<meta name=\"robots\" content=\"index, follow, max-snippet:-1, max-image-preview:large, max-video-preview:-1\" \/>\n<link rel=\"canonical\" href=\"https:\/\/www.uartes.edu.ec\/sitio\/en\/blog\/2018\/02\/07\/marcelo-baez-aristides-vargas-y-sebastian-cordero-dictan-catedra-integrada-en-la-uartes\/\" \/>\n<meta property=\"og:locale\" content=\"en_US\" \/>\n<meta property=\"og:type\" content=\"article\" \/>\n<meta property=\"og:title\" content=\"Universidad de las Artes - Marcelo B\u00e1ez, Ar\u00edstides Vargas y Sebasti\u00e1n Cordero dictan c\u00e1tedra integrada en la UArtes\" \/>\n<meta property=\"og:description\" content=\"Universidad de las Artes - Marcelo B\u00e1ez, Ar\u00edstides Vargas y Sebasti\u00e1n Cordero dictan c\u00e1tedra integrada en la UArtes\" \/>\n<meta property=\"og:url\" content=\"https:\/\/www.uartes.edu.ec\/sitio\/en\/blog\/2018\/02\/07\/marcelo-baez-aristides-vargas-y-sebastian-cordero-dictan-catedra-integrada-en-la-uartes\/\" \/>\n<meta property=\"og:site_name\" content=\"Universidad de las Artes\" \/>\n<meta property=\"article:publisher\" content=\"https:\/\/www.facebook.com\/uartesec\" \/>\n<meta property=\"article:published_time\" content=\"2018-02-07T21:34:45+00:00\" \/>\n<meta property=\"article:modified_time\" content=\"2024-07-04T16:53:59+00:00\" \/>\n<meta name=\"author\" content=\"Universidad de las Artes\" \/>\n<meta name=\"twitter:card\" content=\"summary_large_image\" \/>\n<meta name=\"twitter:creator\" content=\"@uartesec\" \/>\n<meta name=\"twitter:site\" content=\"@uartesec\" \/>\n<meta name=\"twitter:label1\" content=\"Written by\" \/>\n\t<meta name=\"twitter:data1\" content=\"Universidad de las Artes\" \/>\n\t<meta name=\"twitter:label2\" content=\"Est. reading time\" \/>\n\t<meta name=\"twitter:data2\" content=\"2 minutes\" \/>\n<script type=\"application\/ld+json\" class=\"yoast-schema-graph\">{\"@context\":\"https:\\\/\\\/schema.org\",\"@graph\":[{\"@type\":\"Article\",\"@id\":\"https:\\\/\\\/www.uartes.edu.ec\\\/sitio\\\/en\\\/blog\\\/2018\\\/02\\\/07\\\/marcelo-baez-aristides-vargas-y-sebastian-cordero-dictan-catedra-integrada-en-la-uartes\\\/#article\",\"isPartOf\":{\"@id\":\"https:\\\/\\\/www.uartes.edu.ec\\\/sitio\\\/en\\\/blog\\\/2018\\\/02\\\/07\\\/marcelo-baez-aristides-vargas-y-sebastian-cordero-dictan-catedra-integrada-en-la-uartes\\\/\"},\"author\":{\"name\":\"Universidad de las Artes\",\"@id\":\"https:\\\/\\\/www.uartes.edu.ec\\\/sitio\\\/en\\\/#\\\/schema\\\/person\\\/f33f8c1d2af0d5c80a38c8abf458184a\"},\"headline\":\"Marcelo B\u00e1ez, Ar\u00edstides Vargas y Sebasti\u00e1n Cordero dictan c\u00e1tedra integrada en la UArtes\",\"datePublished\":\"2018-02-07T21:34:45+00:00\",\"dateModified\":\"2024-07-04T16:53:59+00:00\",\"mainEntityOfPage\":{\"@id\":\"https:\\\/\\\/www.uartes.edu.ec\\\/sitio\\\/en\\\/blog\\\/2018\\\/02\\\/07\\\/marcelo-baez-aristides-vargas-y-sebastian-cordero-dictan-catedra-integrada-en-la-uartes\\\/\"},\"wordCount\":443,\"publisher\":{\"@id\":\"https:\\\/\\\/www.uartes.edu.ec\\\/sitio\\\/en\\\/#organization\"},\"image\":{\"@id\":\"https:\\\/\\\/www.uartes.edu.ec\\\/sitio\\\/en\\\/blog\\\/2018\\\/02\\\/07\\\/marcelo-baez-aristides-vargas-y-sebastian-cordero-dictan-catedra-integrada-en-la-uartes\\\/#primaryimage\"},\"thumbnailUrl\":\"\",\"articleSection\":[\"Acad\u00e9mico\",\"Docentes\"],\"inLanguage\":\"en-US\"},{\"@type\":[\"WebPage\",\"ItemPage\"],\"@id\":\"https:\\\/\\\/www.uartes.edu.ec\\\/sitio\\\/en\\\/blog\\\/2018\\\/02\\\/07\\\/marcelo-baez-aristides-vargas-y-sebastian-cordero-dictan-catedra-integrada-en-la-uartes\\\/\",\"url\":\"https:\\\/\\\/www.uartes.edu.ec\\\/sitio\\\/en\\\/blog\\\/2018\\\/02\\\/07\\\/marcelo-baez-aristides-vargas-y-sebastian-cordero-dictan-catedra-integrada-en-la-uartes\\\/\",\"name\":\"Universidad de las Artes - Marcelo B\u00e1ez, Ar\u00edstides Vargas y Sebasti\u00e1n Cordero dictan c\u00e1tedra integrada en la UArtes\",\"isPartOf\":{\"@id\":\"https:\\\/\\\/www.uartes.edu.ec\\\/sitio\\\/en\\\/#website\"},\"primaryImageOfPage\":{\"@id\":\"https:\\\/\\\/www.uartes.edu.ec\\\/sitio\\\/en\\\/blog\\\/2018\\\/02\\\/07\\\/marcelo-baez-aristides-vargas-y-sebastian-cordero-dictan-catedra-integrada-en-la-uartes\\\/#primaryimage\"},\"image\":{\"@id\":\"https:\\\/\\\/www.uartes.edu.ec\\\/sitio\\\/en\\\/blog\\\/2018\\\/02\\\/07\\\/marcelo-baez-aristides-vargas-y-sebastian-cordero-dictan-catedra-integrada-en-la-uartes\\\/#primaryimage\"},\"thumbnailUrl\":\"\",\"datePublished\":\"2018-02-07T21:34:45+00:00\",\"dateModified\":\"2024-07-04T16:53:59+00:00\",\"description\":\"Universidad de las Artes - Marcelo B\u00e1ez, Ar\u00edstides Vargas y Sebasti\u00e1n Cordero dictan c\u00e1tedra integrada en la UArtes\",\"breadcrumb\":{\"@id\":\"https:\\\/\\\/www.uartes.edu.ec\\\/sitio\\\/en\\\/blog\\\/2018\\\/02\\\/07\\\/marcelo-baez-aristides-vargas-y-sebastian-cordero-dictan-catedra-integrada-en-la-uartes\\\/#breadcrumb\"},\"inLanguage\":\"en-US\",\"potentialAction\":[{\"@type\":\"ReadAction\",\"target\":[\"https:\\\/\\\/www.uartes.edu.ec\\\/sitio\\\/en\\\/blog\\\/2018\\\/02\\\/07\\\/marcelo-baez-aristides-vargas-y-sebastian-cordero-dictan-catedra-integrada-en-la-uartes\\\/\"]}]},{\"@type\":\"ImageObject\",\"inLanguage\":\"en-US\",\"@id\":\"https:\\\/\\\/www.uartes.edu.ec\\\/sitio\\\/en\\\/blog\\\/2018\\\/02\\\/07\\\/marcelo-baez-aristides-vargas-y-sebastian-cordero-dictan-catedra-integrada-en-la-uartes\\\/#primaryimage\",\"url\":\"\",\"contentUrl\":\"\"},{\"@type\":\"BreadcrumbList\",\"@id\":\"https:\\\/\\\/www.uartes.edu.ec\\\/sitio\\\/en\\\/blog\\\/2018\\\/02\\\/07\\\/marcelo-baez-aristides-vargas-y-sebastian-cordero-dictan-catedra-integrada-en-la-uartes\\\/#breadcrumb\",\"itemListElement\":[{\"@type\":\"ListItem\",\"position\":1,\"name\":\"Inicio\",\"item\":\"https:\\\/\\\/www.uartes.edu.ec\\\/sitio\\\/\"},{\"@type\":\"ListItem\",\"position\":2,\"name\":\"Marcelo B\u00e1ez, Ar\u00edstides Vargas y Sebasti\u00e1n Cordero dictan c\u00e1tedra integrada en la UArtes\"}]},{\"@type\":\"WebSite\",\"@id\":\"https:\\\/\\\/www.uartes.edu.ec\\\/sitio\\\/en\\\/#website\",\"url\":\"https:\\\/\\\/www.uartes.edu.ec\\\/sitio\\\/en\\\/\",\"name\":\"Universidad de las Artes\",\"description\":\"Sitio oficial de la Universidad Nacional de las Artes del Ecuador\",\"publisher\":{\"@id\":\"https:\\\/\\\/www.uartes.edu.ec\\\/sitio\\\/en\\\/#organization\"},\"potentialAction\":[{\"@type\":\"SearchAction\",\"target\":{\"@type\":\"EntryPoint\",\"urlTemplate\":\"https:\\\/\\\/www.uartes.edu.ec\\\/sitio\\\/en\\\/?s={search_term_string}\"},\"query-input\":{\"@type\":\"PropertyValueSpecification\",\"valueRequired\":true,\"valueName\":\"search_term_string\"}}],\"inLanguage\":\"en-US\"},{\"@type\":\"Organization\",\"@id\":\"https:\\\/\\\/www.uartes.edu.ec\\\/sitio\\\/en\\\/#organization\",\"name\":\"Universidad de las Artes\",\"url\":\"https:\\\/\\\/www.uartes.edu.ec\\\/sitio\\\/en\\\/\",\"logo\":{\"@type\":\"ImageObject\",\"inLanguage\":\"en-US\",\"@id\":\"https:\\\/\\\/www.uartes.edu.ec\\\/sitio\\\/en\\\/#\\\/schema\\\/logo\\\/image\\\/\",\"url\":\"https:\\\/\\\/www.uartes.edu.ec\\\/sitio\\\/wp-content\\\/uploads\\\/2022\\\/07\\\/logo-ua-horizontal.png\",\"contentUrl\":\"https:\\\/\\\/www.uartes.edu.ec\\\/sitio\\\/wp-content\\\/uploads\\\/2022\\\/07\\\/logo-ua-horizontal.png\",\"width\":800,\"height\":276,\"caption\":\"Universidad de las Artes\"},\"image\":{\"@id\":\"https:\\\/\\\/www.uartes.edu.ec\\\/sitio\\\/en\\\/#\\\/schema\\\/logo\\\/image\\\/\"},\"sameAs\":[\"https:\\\/\\\/www.facebook.com\\\/uartesec\",\"https:\\\/\\\/x.com\\\/uartesec\",\"https:\\\/\\\/www.tiktok.com\\\/@uartesec\"]},{\"@type\":\"Person\",\"@id\":\"https:\\\/\\\/www.uartes.edu.ec\\\/sitio\\\/en\\\/#\\\/schema\\\/person\\\/f33f8c1d2af0d5c80a38c8abf458184a\",\"name\":\"Universidad de las Artes\",\"image\":{\"@type\":\"ImageObject\",\"inLanguage\":\"en-US\",\"@id\":\"https:\\\/\\\/secure.gravatar.com\\\/avatar\\\/52e4757902f5cfa5ac52d020e5be83cae5487519154b6c35482fe08d589f3c13?s=96&d=mm&r=g\",\"url\":\"https:\\\/\\\/secure.gravatar.com\\\/avatar\\\/52e4757902f5cfa5ac52d020e5be83cae5487519154b6c35482fe08d589f3c13?s=96&d=mm&r=g\",\"contentUrl\":\"https:\\\/\\\/secure.gravatar.com\\\/avatar\\\/52e4757902f5cfa5ac52d020e5be83cae5487519154b6c35482fe08d589f3c13?s=96&d=mm&r=g\",\"caption\":\"Universidad de las Artes\"},\"url\":\"https:\\\/\\\/www.uartes.edu.ec\\\/sitio\\\/en\\\/blog\\\/author\\\/dircomadm\\\/\"}]}<\/script>\n<!-- \/ Yoast SEO plugin. -->","yoast_head_json":{"title":"Universidad de las Artes - Marcelo B\u00e1ez, Ar\u00edstides Vargas y Sebasti\u00e1n Cordero dictan c\u00e1tedra integrada en la UArtes","description":"Universidad de las Artes - Marcelo B\u00e1ez, Ar\u00edstides Vargas y Sebasti\u00e1n Cordero dictan c\u00e1tedra integrada en la UArtes","robots":{"index":"index","follow":"follow","max-snippet":"max-snippet:-1","max-image-preview":"max-image-preview:large","max-video-preview":"max-video-preview:-1"},"canonical":"https:\/\/www.uartes.edu.ec\/sitio\/en\/blog\/2018\/02\/07\/marcelo-baez-aristides-vargas-y-sebastian-cordero-dictan-catedra-integrada-en-la-uartes\/","og_locale":"en_US","og_type":"article","og_title":"Universidad de las Artes - Marcelo B\u00e1ez, Ar\u00edstides Vargas y Sebasti\u00e1n Cordero dictan c\u00e1tedra integrada en la UArtes","og_description":"Universidad de las Artes - Marcelo B\u00e1ez, Ar\u00edstides Vargas y Sebasti\u00e1n Cordero dictan c\u00e1tedra integrada en la UArtes","og_url":"https:\/\/www.uartes.edu.ec\/sitio\/en\/blog\/2018\/02\/07\/marcelo-baez-aristides-vargas-y-sebastian-cordero-dictan-catedra-integrada-en-la-uartes\/","og_site_name":"Universidad de las Artes","article_publisher":"https:\/\/www.facebook.com\/uartesec","article_published_time":"2018-02-07T21:34:45+00:00","article_modified_time":"2024-07-04T16:53:59+00:00","author":"Universidad de las Artes","twitter_card":"summary_large_image","twitter_creator":"@uartesec","twitter_site":"@uartesec","twitter_misc":{"Written by":"Universidad de las Artes","Est. reading time":"2 minutes"},"schema":{"@context":"https:\/\/schema.org","@graph":[{"@type":"Article","@id":"https:\/\/www.uartes.edu.ec\/sitio\/en\/blog\/2018\/02\/07\/marcelo-baez-aristides-vargas-y-sebastian-cordero-dictan-catedra-integrada-en-la-uartes\/#article","isPartOf":{"@id":"https:\/\/www.uartes.edu.ec\/sitio\/en\/blog\/2018\/02\/07\/marcelo-baez-aristides-vargas-y-sebastian-cordero-dictan-catedra-integrada-en-la-uartes\/"},"author":{"name":"Universidad de las Artes","@id":"https:\/\/www.uartes.edu.ec\/sitio\/en\/#\/schema\/person\/f33f8c1d2af0d5c80a38c8abf458184a"},"headline":"Marcelo B\u00e1ez, Ar\u00edstides Vargas y Sebasti\u00e1n Cordero dictan c\u00e1tedra integrada en la UArtes","datePublished":"2018-02-07T21:34:45+00:00","dateModified":"2024-07-04T16:53:59+00:00","mainEntityOfPage":{"@id":"https:\/\/www.uartes.edu.ec\/sitio\/en\/blog\/2018\/02\/07\/marcelo-baez-aristides-vargas-y-sebastian-cordero-dictan-catedra-integrada-en-la-uartes\/"},"wordCount":443,"publisher":{"@id":"https:\/\/www.uartes.edu.ec\/sitio\/en\/#organization"},"image":{"@id":"https:\/\/www.uartes.edu.ec\/sitio\/en\/blog\/2018\/02\/07\/marcelo-baez-aristides-vargas-y-sebastian-cordero-dictan-catedra-integrada-en-la-uartes\/#primaryimage"},"thumbnailUrl":"","articleSection":["Acad\u00e9mico","Docentes"],"inLanguage":"en-US"},{"@type":["WebPage","ItemPage"],"@id":"https:\/\/www.uartes.edu.ec\/sitio\/en\/blog\/2018\/02\/07\/marcelo-baez-aristides-vargas-y-sebastian-cordero-dictan-catedra-integrada-en-la-uartes\/","url":"https:\/\/www.uartes.edu.ec\/sitio\/en\/blog\/2018\/02\/07\/marcelo-baez-aristides-vargas-y-sebastian-cordero-dictan-catedra-integrada-en-la-uartes\/","name":"Universidad de las Artes - Marcelo B\u00e1ez, Ar\u00edstides Vargas y Sebasti\u00e1n Cordero dictan c\u00e1tedra integrada en la UArtes","isPartOf":{"@id":"https:\/\/www.uartes.edu.ec\/sitio\/en\/#website"},"primaryImageOfPage":{"@id":"https:\/\/www.uartes.edu.ec\/sitio\/en\/blog\/2018\/02\/07\/marcelo-baez-aristides-vargas-y-sebastian-cordero-dictan-catedra-integrada-en-la-uartes\/#primaryimage"},"image":{"@id":"https:\/\/www.uartes.edu.ec\/sitio\/en\/blog\/2018\/02\/07\/marcelo-baez-aristides-vargas-y-sebastian-cordero-dictan-catedra-integrada-en-la-uartes\/#primaryimage"},"thumbnailUrl":"","datePublished":"2018-02-07T21:34:45+00:00","dateModified":"2024-07-04T16:53:59+00:00","description":"Universidad de las Artes - Marcelo B\u00e1ez, Ar\u00edstides Vargas y Sebasti\u00e1n Cordero dictan c\u00e1tedra integrada en la UArtes","breadcrumb":{"@id":"https:\/\/www.uartes.edu.ec\/sitio\/en\/blog\/2018\/02\/07\/marcelo-baez-aristides-vargas-y-sebastian-cordero-dictan-catedra-integrada-en-la-uartes\/#breadcrumb"},"inLanguage":"en-US","potentialAction":[{"@type":"ReadAction","target":["https:\/\/www.uartes.edu.ec\/sitio\/en\/blog\/2018\/02\/07\/marcelo-baez-aristides-vargas-y-sebastian-cordero-dictan-catedra-integrada-en-la-uartes\/"]}]},{"@type":"ImageObject","inLanguage":"en-US","@id":"https:\/\/www.uartes.edu.ec\/sitio\/en\/blog\/2018\/02\/07\/marcelo-baez-aristides-vargas-y-sebastian-cordero-dictan-catedra-integrada-en-la-uartes\/#primaryimage","url":"","contentUrl":""},{"@type":"BreadcrumbList","@id":"https:\/\/www.uartes.edu.ec\/sitio\/en\/blog\/2018\/02\/07\/marcelo-baez-aristides-vargas-y-sebastian-cordero-dictan-catedra-integrada-en-la-uartes\/#breadcrumb","itemListElement":[{"@type":"ListItem","position":1,"name":"Inicio","item":"https:\/\/www.uartes.edu.ec\/sitio\/"},{"@type":"ListItem","position":2,"name":"Marcelo B\u00e1ez, Ar\u00edstides Vargas y Sebasti\u00e1n Cordero dictan c\u00e1tedra integrada en la UArtes"}]},{"@type":"WebSite","@id":"https:\/\/www.uartes.edu.ec\/sitio\/en\/#website","url":"https:\/\/www.uartes.edu.ec\/sitio\/en\/","name":"Universidad de las Artes","description":"Sitio oficial de la Universidad Nacional de las Artes del Ecuador","publisher":{"@id":"https:\/\/www.uartes.edu.ec\/sitio\/en\/#organization"},"potentialAction":[{"@type":"SearchAction","target":{"@type":"EntryPoint","urlTemplate":"https:\/\/www.uartes.edu.ec\/sitio\/en\/?s={search_term_string}"},"query-input":{"@type":"PropertyValueSpecification","valueRequired":true,"valueName":"search_term_string"}}],"inLanguage":"en-US"},{"@type":"Organization","@id":"https:\/\/www.uartes.edu.ec\/sitio\/en\/#organization","name":"Universidad de las Artes","url":"https:\/\/www.uartes.edu.ec\/sitio\/en\/","logo":{"@type":"ImageObject","inLanguage":"en-US","@id":"https:\/\/www.uartes.edu.ec\/sitio\/en\/#\/schema\/logo\/image\/","url":"https:\/\/www.uartes.edu.ec\/sitio\/wp-content\/uploads\/2022\/07\/logo-ua-horizontal.png","contentUrl":"https:\/\/www.uartes.edu.ec\/sitio\/wp-content\/uploads\/2022\/07\/logo-ua-horizontal.png","width":800,"height":276,"caption":"Universidad de las Artes"},"image":{"@id":"https:\/\/www.uartes.edu.ec\/sitio\/en\/#\/schema\/logo\/image\/"},"sameAs":["https:\/\/www.facebook.com\/uartesec","https:\/\/x.com\/uartesec","https:\/\/www.tiktok.com\/@uartesec"]},{"@type":"Person","@id":"https:\/\/www.uartes.edu.ec\/sitio\/en\/#\/schema\/person\/f33f8c1d2af0d5c80a38c8abf458184a","name":"Universidad de las Artes","image":{"@type":"ImageObject","inLanguage":"en-US","@id":"https:\/\/secure.gravatar.com\/avatar\/52e4757902f5cfa5ac52d020e5be83cae5487519154b6c35482fe08d589f3c13?s=96&d=mm&r=g","url":"https:\/\/secure.gravatar.com\/avatar\/52e4757902f5cfa5ac52d020e5be83cae5487519154b6c35482fe08d589f3c13?s=96&d=mm&r=g","contentUrl":"https:\/\/secure.gravatar.com\/avatar\/52e4757902f5cfa5ac52d020e5be83cae5487519154b6c35482fe08d589f3c13?s=96&d=mm&r=g","caption":"Universidad de las Artes"},"url":"https:\/\/www.uartes.edu.ec\/sitio\/en\/blog\/author\/dircomadm\/"}]}},"uagb_featured_image_src":{"full":false,"thumbnail":false,"medium":false,"medium_large":false,"large":false,"1536x1536":false,"2048x2048":false,"trp-custom-language-flag":false,"htmega_size_585x295":false,"htmega_size_1170x536":false,"htmega_size_396x360":false,"gb-block-post-grid-landscape":false,"gb-block-post-grid-square":false,"university-hub-thumb":false},"uagb_author_info":{"display_name":"Universidad de las Artes","author_link":"https:\/\/www.uartes.edu.ec\/sitio\/en\/blog\/author\/dircomadm\/"},"uagb_comment_info":0,"uagb_excerpt":"Las Escuelas de Cine, Literatura y Artes Esc\u00e9nicas desarrollar\u00e1n la primera materia integrada denominada \u2018De la narraci\u00f3n a las dramaturgias\u2019, que se abrir\u00e1 en el semestre intensivo de clases que inicia el pr\u00f3ximo 19 de febrero de 2018. Con esta materia, la Universidad de las Artes ha querido proponer por primera vez un enfoque verdaderamente&hellip;","featured_image_src":null,"featured_image_src_square":null,"author_info":{"display_name":"Universidad de las Artes","author_link":"https:\/\/www.uartes.edu.ec\/sitio\/en\/blog\/author\/dircomadm\/"},"publishpress_future_workflow_manual_trigger":{"enabledWorkflows":[]},"distributor_meta":false,"distributor_terms":false,"distributor_media":false,"distributor_original_site_name":"Universidad de las Artes","distributor_original_site_url":"https:\/\/www.uartes.edu.ec\/sitio\/en","push-errors":false,"_links":{"self":[{"href":"https:\/\/www.uartes.edu.ec\/sitio\/en\/wp-json\/wp\/v2\/posts\/1217","targetHints":{"allow":["GET"]}}],"collection":[{"href":"https:\/\/www.uartes.edu.ec\/sitio\/en\/wp-json\/wp\/v2\/posts"}],"about":[{"href":"https:\/\/www.uartes.edu.ec\/sitio\/en\/wp-json\/wp\/v2\/types\/post"}],"author":[{"embeddable":true,"href":"https:\/\/www.uartes.edu.ec\/sitio\/en\/wp-json\/wp\/v2\/users\/1"}],"replies":[{"embeddable":true,"href":"https:\/\/www.uartes.edu.ec\/sitio\/en\/wp-json\/wp\/v2\/comments?post=1217"}],"version-history":[{"count":1,"href":"https:\/\/www.uartes.edu.ec\/sitio\/en\/wp-json\/wp\/v2\/posts\/1217\/revisions"}],"predecessor-version":[{"id":57890,"href":"https:\/\/www.uartes.edu.ec\/sitio\/en\/wp-json\/wp\/v2\/posts\/1217\/revisions\/57890"}],"wp:featuredmedia":[{"embeddable":true,"href":"https:\/\/www.uartes.edu.ec\/sitio\/en\/wp-json\/"}],"wp:attachment":[{"href":"https:\/\/www.uartes.edu.ec\/sitio\/en\/wp-json\/wp\/v2\/media?parent=1217"}],"wp:term":[{"taxonomy":"category","embeddable":true,"href":"https:\/\/www.uartes.edu.ec\/sitio\/en\/wp-json\/wp\/v2\/categories?post=1217"},{"taxonomy":"post_tag","embeddable":true,"href":"https:\/\/www.uartes.edu.ec\/sitio\/en\/wp-json\/wp\/v2\/tags?post=1217"},{"taxonomy":"infouartes","embeddable":true,"href":"https:\/\/www.uartes.edu.ec\/sitio\/en\/wp-json\/wp\/v2\/infouartes?post=1217"}],"curies":[{"name":"wp","href":"https:\/\/api.w.org\/{rel}","templated":true}]}}