{"id":1220,"date":"2018-02-09T14:56:00","date_gmt":"2018-02-09T19:56:00","guid":{"rendered":"http:\/\/www.uartes.edu.ec\/infouartes\/?p=1220"},"modified":"2024-07-04T11:53:58","modified_gmt":"2024-07-04T16:53:58","slug":"guayaquil-le-tiene-miedo-al-color","status":"publish","type":"post","link":"https:\/\/www.uartes.edu.ec\/sitio\/en\/blog\/2018\/02\/09\/guayaquil-le-tiene-miedo-al-color\/","title":{"rendered":"Guayaquil le tiene miedo al color"},"content":{"rendered":"<p><em>Por Daniel Lucas.<\/em><\/p>\n<p>Guayaquil le tiene miedo al color, a la diversidad, la gente est\u00e1 acostumbrada a una ausencia crom\u00e1tica, a un nivel de asepsia visual que no se ve en otras ciudades, por eso es importante remarcar la importancia de una c\u00e1tedra de arte urbano, como la de la UArtes, en Guayaquil, destaca Mar\u00eda Fernanda L\u00f3pez Jaramillo, docente de la Unidad Transversal en la Universidad de las Artes, quien adem\u00e1s es la curadora art\u00edstica de la primera fase del proyecto Guayarte que auspicia el Municipio de Guayaquil.<\/p>\n<p>La ausencia de arte urbano en la ciudad ha sido la t\u00f3nica. Ha habido una prohibici\u00f3n de corte municipal y jur\u00eddica, porque no existe una ordenanza que sancione el grafiti. Pero esto pasa tambi\u00e9n por un tema de idiosincrasia. El problema que tuvo la ciudad con las pandillas desde los a\u00f1os 90, los enfrentamientos de los Latin King y \u00d1etas, estigmatizaron la mirada hacia la persona que hacia arte en la calle o grafiti, quien lleg\u00f3 a ser comparado con un v\u00e1ndalo o un criminal. \u201cLas personas deben abandonar sus prejuicios y estereotipos sobre los artistas que hacen arte urbano\u201d, comenta Andrea Moreira, artista y estudiante de la UArtes. \u201cEst\u00e1 es nuestra manera de vivir y de trabajar\u201d.<\/p>\n<p>En ese contexto, abrir una c\u00e1tedra de arte urbano en una Universidad es vital, porque a\u00fan a pesar de los referentes locales \u2013el trabajo de mosaico que est\u00e1 bajo los puentes\u2013 el arte urbano no se entiende. La sociedad y tambi\u00e9n los estudiantes necesitan conocer que hay un mundo y otros soportes m\u00e1s all\u00e1 del Sal\u00f3n de Julio, de la Bienal de Cuenca o del CAC. \u201cEsta ciudad tiene que aprender a vivir en diversidad y aceptar que hay otro tipo de manifestaciones que no tienen que ver con estas cuestiones dicot\u00f3micas de alta y baja cultura, arte o vandalismo, eso ya est\u00e1 superado en otras latitudes. La c\u00e1tedra de arte urbano lleva dos a\u00f1os en las UArtes, uno de los prop\u00f3sitos es darle al arte urbano su real sentido, una tarea que va a tomar su tiempo\u201d, comenta L\u00f3pez.<\/p>\n<p>Para Daniel Ochoa, artista y estudiante de Artes Visuales en la UArtes, el arte urbano es necesario porque, entre otras cosas, permite una comunicaci\u00f3n directa del artista con el p\u00fablico; adem\u00e1s el arte urbano le quita al artista esa noci\u00f3n de oscuridad y misterio. \u201cEl arte debe conectarse y debe resignificar lo que est\u00e1 pasando en la ciudad. No puede ser pasiva, debe ser activa, y que el arte est\u00e9 en la calle la vuelve activa, rompe paradigmas, negativos y positivos\u201d, destaca Ochoa.<\/p>\n<p>Al arte urbano se lo trata de una manera muy peyorativa, est\u00e1 como en segundo orden. Eso tiene que cambiar y hay que empezar desde la academia. El trabajo de la Universidad es entonces repensar el arte urbano, darle su nivel pol\u00edtico, est\u00e9tico y epist\u00e9mico, porque hay personas estudiando que son artistas comprometidos con su contexto, con su entorno, que crean nuevas maneras de relacionarse. \u201cLa gente tiene que saber que hay otros soportes, que no necesariamente es la novedad de hacer un mural o hacer una intervenci\u00f3n, tambi\u00e9n pueden haber propuestas escult\u00f3ricas, en nuevos medios, en video maping, stickers, pancartas, afiches, muro, etc.\u201d<\/p>\n<h3>Guayarte y el arte urbano en Guayaquil<\/h3>\n<p>Para llegar a Guayarte, comenta Mar\u00eda Fernanda L\u00f3pez, el trabajo ha tenido que ser constante. Ha requerido m\u00e1s de dos a\u00f1os de movilizaci\u00f3n y del respaldo de la Universidad de las Artes que fue, dicho sea de paso, la instituci\u00f3n pionera en apoyar el arte urbano en Guayaquil.<\/p>\n<p>El mural en las paredes del edifico El Tel\u00e9grafo, la intervenci\u00f3n de 400 metros con arte urbano en los edificios de la Plaza de Artes y Oficios, la intervenci\u00f3n de las casas en la calle Venezuela al sur de Guayaquil, los murales en el Cerro Las Cabras, se cuentan entre los proyectos que anteceden a Guayarte y que se constituyeron en laboratorios de aprendizaje colaborativo entre la comunidad y artistas de la talla de Apitatan, Said Dokins, Spaik, por ejemplo.<\/p>\n<p>Luego de todo eso llega Guayarte. El proyecto original era una bienal de arte urbano. \u201cEstuve hablando con el Municipio de Guayaquil por dos a\u00f1os, con el concejal Jos\u00e9 S\u00e1nchez, investigando, mostrando, ense\u00f1ando sobre lo que era arte urbano, fue un trabajo de hormiga. El arte urbano no es simplemente pintar en paredes. Para esta primera fase de Guayarte, por ejemplo, se hizo una curadur\u00eda, se invit\u00f3 a Apitat\u00e1n, Mantra de Francia, Frank Salvador de M\u00e9xico, MonoSapiens de Ecuador y los New People\u201d, explica L\u00f3pez Jaramillo.<\/p>\n<p>Al final de todos estos a\u00f1os de gesti\u00f3n y proyectos, existe un cambio de percepci\u00f3n sobre lo que es el arte urbano, comenta la investigadora, pero es importante seguir. En los pr\u00f3ximos meses, L\u00f3pez presentar\u00e1 una publicaci\u00f3n que recoge el desarrollo del arte urbano en Guayaquil.<\/p>\n<p><em>(*) Fotograf\u00eda de Tyrone Maridue\u00f1a, mural ubicado en la calle 10 de Agosto, edificio El Tel\u00e9grafo<\/em><\/p>","protected":false},"excerpt":{"rendered":"<p>Por Daniel Lucas. Guayaquil le tiene miedo al color, a la diversidad, la gente est\u00e1 acostumbrada a una ausencia crom\u00e1tica, a un nivel de asepsia visual que no se ve en otras ciudades, por eso es importante remarcar la importancia de una c\u00e1tedra de arte urbano, como la de la UArtes, en Guayaquil, destaca Mar\u00eda [&hellip;]<\/p>\n","protected":false},"author":1,"featured_media":1221,"comment_status":"closed","ping_status":"open","sticky":false,"template":"","format":"standard","meta":{"_acf_changed":false,"_uag_custom_page_level_css":"","_monsterinsights_skip_tracking":false,"_monsterinsights_sitenote_active":false,"_monsterinsights_sitenote_note":"","_monsterinsights_sitenote_category":0,"cybocfi_hide_featured_image":"","footnotes":""},"categories":[76,79],"tags":[],"infouartes":[],"class_list":["post-1220","post","type-post","status-publish","format-standard","has-post-thumbnail","hentry","category-estudiantes","category-vinculo"],"acf":[],"yoast_head":"<!-- This site is optimized with the Yoast SEO plugin v27.4 - https:\/\/yoast.com\/product\/yoast-seo-wordpress\/ -->\n<title>Universidad de las Artes - Guayaquil le tiene miedo al color<\/title>\n<meta name=\"description\" content=\"Universidad de las Artes - Guayaquil le tiene miedo al color\" \/>\n<meta name=\"robots\" content=\"index, follow, max-snippet:-1, max-image-preview:large, max-video-preview:-1\" \/>\n<link rel=\"canonical\" href=\"https:\/\/www.uartes.edu.ec\/sitio\/en\/blog\/2018\/02\/09\/guayaquil-le-tiene-miedo-al-color\/\" \/>\n<meta property=\"og:locale\" content=\"en_US\" \/>\n<meta property=\"og:type\" content=\"article\" \/>\n<meta property=\"og:title\" content=\"Universidad de las Artes - Guayaquil le tiene miedo al color\" \/>\n<meta property=\"og:description\" content=\"Universidad de las Artes - Guayaquil le tiene miedo al color\" \/>\n<meta property=\"og:url\" content=\"https:\/\/www.uartes.edu.ec\/sitio\/en\/blog\/2018\/02\/09\/guayaquil-le-tiene-miedo-al-color\/\" \/>\n<meta property=\"og:site_name\" content=\"Universidad de las Artes\" \/>\n<meta property=\"article:publisher\" content=\"https:\/\/www.facebook.com\/uartesec\" \/>\n<meta property=\"article:published_time\" content=\"2018-02-09T19:56:00+00:00\" \/>\n<meta property=\"article:modified_time\" content=\"2024-07-04T16:53:58+00:00\" \/>\n<meta name=\"author\" content=\"Universidad de las Artes\" \/>\n<meta name=\"twitter:card\" content=\"summary_large_image\" \/>\n<meta name=\"twitter:creator\" content=\"@uartesec\" \/>\n<meta name=\"twitter:site\" content=\"@uartesec\" \/>\n<meta name=\"twitter:label1\" content=\"Written by\" \/>\n\t<meta name=\"twitter:data1\" content=\"Universidad de las Artes\" \/>\n\t<meta name=\"twitter:label2\" content=\"Est. reading time\" \/>\n\t<meta name=\"twitter:data2\" content=\"4 minutes\" \/>\n<script type=\"application\/ld+json\" class=\"yoast-schema-graph\">{\"@context\":\"https:\\\/\\\/schema.org\",\"@graph\":[{\"@type\":\"Article\",\"@id\":\"https:\\\/\\\/www.uartes.edu.ec\\\/sitio\\\/en\\\/blog\\\/2018\\\/02\\\/09\\\/guayaquil-le-tiene-miedo-al-color\\\/#article\",\"isPartOf\":{\"@id\":\"https:\\\/\\\/www.uartes.edu.ec\\\/sitio\\\/en\\\/blog\\\/2018\\\/02\\\/09\\\/guayaquil-le-tiene-miedo-al-color\\\/\"},\"author\":{\"name\":\"Universidad de las Artes\",\"@id\":\"https:\\\/\\\/www.uartes.edu.ec\\\/sitio\\\/en\\\/#\\\/schema\\\/person\\\/f33f8c1d2af0d5c80a38c8abf458184a\"},\"headline\":\"Guayaquil le tiene miedo al color\",\"datePublished\":\"2018-02-09T19:56:00+00:00\",\"dateModified\":\"2024-07-04T16:53:58+00:00\",\"mainEntityOfPage\":{\"@id\":\"https:\\\/\\\/www.uartes.edu.ec\\\/sitio\\\/en\\\/blog\\\/2018\\\/02\\\/09\\\/guayaquil-le-tiene-miedo-al-color\\\/\"},\"wordCount\":875,\"publisher\":{\"@id\":\"https:\\\/\\\/www.uartes.edu.ec\\\/sitio\\\/en\\\/#organization\"},\"image\":{\"@id\":\"https:\\\/\\\/www.uartes.edu.ec\\\/sitio\\\/en\\\/blog\\\/2018\\\/02\\\/09\\\/guayaquil-le-tiene-miedo-al-color\\\/#primaryimage\"},\"thumbnailUrl\":\"\",\"articleSection\":[\"Estudiantes\",\"V\u00ednculo\"],\"inLanguage\":\"en-US\"},{\"@type\":[\"WebPage\",\"ItemPage\"],\"@id\":\"https:\\\/\\\/www.uartes.edu.ec\\\/sitio\\\/en\\\/blog\\\/2018\\\/02\\\/09\\\/guayaquil-le-tiene-miedo-al-color\\\/\",\"url\":\"https:\\\/\\\/www.uartes.edu.ec\\\/sitio\\\/en\\\/blog\\\/2018\\\/02\\\/09\\\/guayaquil-le-tiene-miedo-al-color\\\/\",\"name\":\"Universidad de las Artes - Guayaquil le tiene miedo al color\",\"isPartOf\":{\"@id\":\"https:\\\/\\\/www.uartes.edu.ec\\\/sitio\\\/en\\\/#website\"},\"primaryImageOfPage\":{\"@id\":\"https:\\\/\\\/www.uartes.edu.ec\\\/sitio\\\/en\\\/blog\\\/2018\\\/02\\\/09\\\/guayaquil-le-tiene-miedo-al-color\\\/#primaryimage\"},\"image\":{\"@id\":\"https:\\\/\\\/www.uartes.edu.ec\\\/sitio\\\/en\\\/blog\\\/2018\\\/02\\\/09\\\/guayaquil-le-tiene-miedo-al-color\\\/#primaryimage\"},\"thumbnailUrl\":\"\",\"datePublished\":\"2018-02-09T19:56:00+00:00\",\"dateModified\":\"2024-07-04T16:53:58+00:00\",\"description\":\"Universidad de las Artes - Guayaquil le tiene miedo al color\",\"breadcrumb\":{\"@id\":\"https:\\\/\\\/www.uartes.edu.ec\\\/sitio\\\/en\\\/blog\\\/2018\\\/02\\\/09\\\/guayaquil-le-tiene-miedo-al-color\\\/#breadcrumb\"},\"inLanguage\":\"en-US\",\"potentialAction\":[{\"@type\":\"ReadAction\",\"target\":[\"https:\\\/\\\/www.uartes.edu.ec\\\/sitio\\\/en\\\/blog\\\/2018\\\/02\\\/09\\\/guayaquil-le-tiene-miedo-al-color\\\/\"]}]},{\"@type\":\"ImageObject\",\"inLanguage\":\"en-US\",\"@id\":\"https:\\\/\\\/www.uartes.edu.ec\\\/sitio\\\/en\\\/blog\\\/2018\\\/02\\\/09\\\/guayaquil-le-tiene-miedo-al-color\\\/#primaryimage\",\"url\":\"\",\"contentUrl\":\"\"},{\"@type\":\"BreadcrumbList\",\"@id\":\"https:\\\/\\\/www.uartes.edu.ec\\\/sitio\\\/en\\\/blog\\\/2018\\\/02\\\/09\\\/guayaquil-le-tiene-miedo-al-color\\\/#breadcrumb\",\"itemListElement\":[{\"@type\":\"ListItem\",\"position\":1,\"name\":\"Inicio\",\"item\":\"https:\\\/\\\/www.uartes.edu.ec\\\/sitio\\\/\"},{\"@type\":\"ListItem\",\"position\":2,\"name\":\"Guayaquil le tiene miedo al color\"}]},{\"@type\":\"WebSite\",\"@id\":\"https:\\\/\\\/www.uartes.edu.ec\\\/sitio\\\/en\\\/#website\",\"url\":\"https:\\\/\\\/www.uartes.edu.ec\\\/sitio\\\/en\\\/\",\"name\":\"Universidad de las Artes\",\"description\":\"Sitio oficial de la Universidad Nacional de las Artes del Ecuador\",\"publisher\":{\"@id\":\"https:\\\/\\\/www.uartes.edu.ec\\\/sitio\\\/en\\\/#organization\"},\"potentialAction\":[{\"@type\":\"SearchAction\",\"target\":{\"@type\":\"EntryPoint\",\"urlTemplate\":\"https:\\\/\\\/www.uartes.edu.ec\\\/sitio\\\/en\\\/?s={search_term_string}\"},\"query-input\":{\"@type\":\"PropertyValueSpecification\",\"valueRequired\":true,\"valueName\":\"search_term_string\"}}],\"inLanguage\":\"en-US\"},{\"@type\":\"Organization\",\"@id\":\"https:\\\/\\\/www.uartes.edu.ec\\\/sitio\\\/en\\\/#organization\",\"name\":\"Universidad de las Artes\",\"url\":\"https:\\\/\\\/www.uartes.edu.ec\\\/sitio\\\/en\\\/\",\"logo\":{\"@type\":\"ImageObject\",\"inLanguage\":\"en-US\",\"@id\":\"https:\\\/\\\/www.uartes.edu.ec\\\/sitio\\\/en\\\/#\\\/schema\\\/logo\\\/image\\\/\",\"url\":\"https:\\\/\\\/www.uartes.edu.ec\\\/sitio\\\/wp-content\\\/uploads\\\/2022\\\/07\\\/logo-ua-horizontal.png\",\"contentUrl\":\"https:\\\/\\\/www.uartes.edu.ec\\\/sitio\\\/wp-content\\\/uploads\\\/2022\\\/07\\\/logo-ua-horizontal.png\",\"width\":800,\"height\":276,\"caption\":\"Universidad de las Artes\"},\"image\":{\"@id\":\"https:\\\/\\\/www.uartes.edu.ec\\\/sitio\\\/en\\\/#\\\/schema\\\/logo\\\/image\\\/\"},\"sameAs\":[\"https:\\\/\\\/www.facebook.com\\\/uartesec\",\"https:\\\/\\\/x.com\\\/uartesec\",\"https:\\\/\\\/www.tiktok.com\\\/@uartesec\"]},{\"@type\":\"Person\",\"@id\":\"https:\\\/\\\/www.uartes.edu.ec\\\/sitio\\\/en\\\/#\\\/schema\\\/person\\\/f33f8c1d2af0d5c80a38c8abf458184a\",\"name\":\"Universidad de las Artes\",\"image\":{\"@type\":\"ImageObject\",\"inLanguage\":\"en-US\",\"@id\":\"https:\\\/\\\/secure.gravatar.com\\\/avatar\\\/52e4757902f5cfa5ac52d020e5be83cae5487519154b6c35482fe08d589f3c13?s=96&d=mm&r=g\",\"url\":\"https:\\\/\\\/secure.gravatar.com\\\/avatar\\\/52e4757902f5cfa5ac52d020e5be83cae5487519154b6c35482fe08d589f3c13?s=96&d=mm&r=g\",\"contentUrl\":\"https:\\\/\\\/secure.gravatar.com\\\/avatar\\\/52e4757902f5cfa5ac52d020e5be83cae5487519154b6c35482fe08d589f3c13?s=96&d=mm&r=g\",\"caption\":\"Universidad de las Artes\"},\"url\":\"https:\\\/\\\/www.uartes.edu.ec\\\/sitio\\\/en\\\/blog\\\/author\\\/dircomadm\\\/\"}]}<\/script>\n<!-- \/ Yoast SEO plugin. -->","yoast_head_json":{"title":"Universidad de las Artes - Guayaquil le tiene miedo al color","description":"Universidad de las Artes - Guayaquil le tiene miedo al color","robots":{"index":"index","follow":"follow","max-snippet":"max-snippet:-1","max-image-preview":"max-image-preview:large","max-video-preview":"max-video-preview:-1"},"canonical":"https:\/\/www.uartes.edu.ec\/sitio\/en\/blog\/2018\/02\/09\/guayaquil-le-tiene-miedo-al-color\/","og_locale":"en_US","og_type":"article","og_title":"Universidad de las Artes - Guayaquil le tiene miedo al color","og_description":"Universidad de las Artes - Guayaquil le tiene miedo al color","og_url":"https:\/\/www.uartes.edu.ec\/sitio\/en\/blog\/2018\/02\/09\/guayaquil-le-tiene-miedo-al-color\/","og_site_name":"Universidad de las Artes","article_publisher":"https:\/\/www.facebook.com\/uartesec","article_published_time":"2018-02-09T19:56:00+00:00","article_modified_time":"2024-07-04T16:53:58+00:00","author":"Universidad de las Artes","twitter_card":"summary_large_image","twitter_creator":"@uartesec","twitter_site":"@uartesec","twitter_misc":{"Written by":"Universidad de las Artes","Est. reading time":"4 minutes"},"schema":{"@context":"https:\/\/schema.org","@graph":[{"@type":"Article","@id":"https:\/\/www.uartes.edu.ec\/sitio\/en\/blog\/2018\/02\/09\/guayaquil-le-tiene-miedo-al-color\/#article","isPartOf":{"@id":"https:\/\/www.uartes.edu.ec\/sitio\/en\/blog\/2018\/02\/09\/guayaquil-le-tiene-miedo-al-color\/"},"author":{"name":"Universidad de las Artes","@id":"https:\/\/www.uartes.edu.ec\/sitio\/en\/#\/schema\/person\/f33f8c1d2af0d5c80a38c8abf458184a"},"headline":"Guayaquil le tiene miedo al color","datePublished":"2018-02-09T19:56:00+00:00","dateModified":"2024-07-04T16:53:58+00:00","mainEntityOfPage":{"@id":"https:\/\/www.uartes.edu.ec\/sitio\/en\/blog\/2018\/02\/09\/guayaquil-le-tiene-miedo-al-color\/"},"wordCount":875,"publisher":{"@id":"https:\/\/www.uartes.edu.ec\/sitio\/en\/#organization"},"image":{"@id":"https:\/\/www.uartes.edu.ec\/sitio\/en\/blog\/2018\/02\/09\/guayaquil-le-tiene-miedo-al-color\/#primaryimage"},"thumbnailUrl":"","articleSection":["Estudiantes","V\u00ednculo"],"inLanguage":"en-US"},{"@type":["WebPage","ItemPage"],"@id":"https:\/\/www.uartes.edu.ec\/sitio\/en\/blog\/2018\/02\/09\/guayaquil-le-tiene-miedo-al-color\/","url":"https:\/\/www.uartes.edu.ec\/sitio\/en\/blog\/2018\/02\/09\/guayaquil-le-tiene-miedo-al-color\/","name":"Universidad de las Artes - Guayaquil le tiene miedo al color","isPartOf":{"@id":"https:\/\/www.uartes.edu.ec\/sitio\/en\/#website"},"primaryImageOfPage":{"@id":"https:\/\/www.uartes.edu.ec\/sitio\/en\/blog\/2018\/02\/09\/guayaquil-le-tiene-miedo-al-color\/#primaryimage"},"image":{"@id":"https:\/\/www.uartes.edu.ec\/sitio\/en\/blog\/2018\/02\/09\/guayaquil-le-tiene-miedo-al-color\/#primaryimage"},"thumbnailUrl":"","datePublished":"2018-02-09T19:56:00+00:00","dateModified":"2024-07-04T16:53:58+00:00","description":"Universidad de las Artes - Guayaquil le tiene miedo al color","breadcrumb":{"@id":"https:\/\/www.uartes.edu.ec\/sitio\/en\/blog\/2018\/02\/09\/guayaquil-le-tiene-miedo-al-color\/#breadcrumb"},"inLanguage":"en-US","potentialAction":[{"@type":"ReadAction","target":["https:\/\/www.uartes.edu.ec\/sitio\/en\/blog\/2018\/02\/09\/guayaquil-le-tiene-miedo-al-color\/"]}]},{"@type":"ImageObject","inLanguage":"en-US","@id":"https:\/\/www.uartes.edu.ec\/sitio\/en\/blog\/2018\/02\/09\/guayaquil-le-tiene-miedo-al-color\/#primaryimage","url":"","contentUrl":""},{"@type":"BreadcrumbList","@id":"https:\/\/www.uartes.edu.ec\/sitio\/en\/blog\/2018\/02\/09\/guayaquil-le-tiene-miedo-al-color\/#breadcrumb","itemListElement":[{"@type":"ListItem","position":1,"name":"Inicio","item":"https:\/\/www.uartes.edu.ec\/sitio\/"},{"@type":"ListItem","position":2,"name":"Guayaquil le tiene miedo al color"}]},{"@type":"WebSite","@id":"https:\/\/www.uartes.edu.ec\/sitio\/en\/#website","url":"https:\/\/www.uartes.edu.ec\/sitio\/en\/","name":"Universidad de las Artes","description":"Sitio oficial de la Universidad Nacional de las Artes del Ecuador","publisher":{"@id":"https:\/\/www.uartes.edu.ec\/sitio\/en\/#organization"},"potentialAction":[{"@type":"SearchAction","target":{"@type":"EntryPoint","urlTemplate":"https:\/\/www.uartes.edu.ec\/sitio\/en\/?s={search_term_string}"},"query-input":{"@type":"PropertyValueSpecification","valueRequired":true,"valueName":"search_term_string"}}],"inLanguage":"en-US"},{"@type":"Organization","@id":"https:\/\/www.uartes.edu.ec\/sitio\/en\/#organization","name":"Universidad de las Artes","url":"https:\/\/www.uartes.edu.ec\/sitio\/en\/","logo":{"@type":"ImageObject","inLanguage":"en-US","@id":"https:\/\/www.uartes.edu.ec\/sitio\/en\/#\/schema\/logo\/image\/","url":"https:\/\/www.uartes.edu.ec\/sitio\/wp-content\/uploads\/2022\/07\/logo-ua-horizontal.png","contentUrl":"https:\/\/www.uartes.edu.ec\/sitio\/wp-content\/uploads\/2022\/07\/logo-ua-horizontal.png","width":800,"height":276,"caption":"Universidad de las Artes"},"image":{"@id":"https:\/\/www.uartes.edu.ec\/sitio\/en\/#\/schema\/logo\/image\/"},"sameAs":["https:\/\/www.facebook.com\/uartesec","https:\/\/x.com\/uartesec","https:\/\/www.tiktok.com\/@uartesec"]},{"@type":"Person","@id":"https:\/\/www.uartes.edu.ec\/sitio\/en\/#\/schema\/person\/f33f8c1d2af0d5c80a38c8abf458184a","name":"Universidad de las Artes","image":{"@type":"ImageObject","inLanguage":"en-US","@id":"https:\/\/secure.gravatar.com\/avatar\/52e4757902f5cfa5ac52d020e5be83cae5487519154b6c35482fe08d589f3c13?s=96&d=mm&r=g","url":"https:\/\/secure.gravatar.com\/avatar\/52e4757902f5cfa5ac52d020e5be83cae5487519154b6c35482fe08d589f3c13?s=96&d=mm&r=g","contentUrl":"https:\/\/secure.gravatar.com\/avatar\/52e4757902f5cfa5ac52d020e5be83cae5487519154b6c35482fe08d589f3c13?s=96&d=mm&r=g","caption":"Universidad de las Artes"},"url":"https:\/\/www.uartes.edu.ec\/sitio\/en\/blog\/author\/dircomadm\/"}]}},"uagb_featured_image_src":{"full":false,"thumbnail":false,"medium":false,"medium_large":false,"large":false,"1536x1536":false,"2048x2048":false,"trp-custom-language-flag":false,"htmega_size_585x295":false,"htmega_size_1170x536":false,"htmega_size_396x360":false,"gb-block-post-grid-landscape":false,"gb-block-post-grid-square":false,"university-hub-thumb":false},"uagb_author_info":{"display_name":"Universidad de las Artes","author_link":"https:\/\/www.uartes.edu.ec\/sitio\/en\/blog\/author\/dircomadm\/"},"uagb_comment_info":0,"uagb_excerpt":"Por Daniel Lucas. Guayaquil le tiene miedo al color, a la diversidad, la gente est\u00e1 acostumbrada a una ausencia crom\u00e1tica, a un nivel de asepsia visual que no se ve en otras ciudades, por eso es importante remarcar la importancia de una c\u00e1tedra de arte urbano, como la de la UArtes, en Guayaquil, destaca Mar\u00eda&hellip;","featured_image_src":null,"featured_image_src_square":null,"author_info":{"display_name":"Universidad de las Artes","author_link":"https:\/\/www.uartes.edu.ec\/sitio\/en\/blog\/author\/dircomadm\/"},"publishpress_future_workflow_manual_trigger":{"enabledWorkflows":[]},"distributor_meta":false,"distributor_terms":false,"distributor_media":false,"distributor_original_site_name":"Universidad de las Artes","distributor_original_site_url":"https:\/\/www.uartes.edu.ec\/sitio\/en","push-errors":false,"_links":{"self":[{"href":"https:\/\/www.uartes.edu.ec\/sitio\/en\/wp-json\/wp\/v2\/posts\/1220","targetHints":{"allow":["GET"]}}],"collection":[{"href":"https:\/\/www.uartes.edu.ec\/sitio\/en\/wp-json\/wp\/v2\/posts"}],"about":[{"href":"https:\/\/www.uartes.edu.ec\/sitio\/en\/wp-json\/wp\/v2\/types\/post"}],"author":[{"embeddable":true,"href":"https:\/\/www.uartes.edu.ec\/sitio\/en\/wp-json\/wp\/v2\/users\/1"}],"replies":[{"embeddable":true,"href":"https:\/\/www.uartes.edu.ec\/sitio\/en\/wp-json\/wp\/v2\/comments?post=1220"}],"version-history":[{"count":1,"href":"https:\/\/www.uartes.edu.ec\/sitio\/en\/wp-json\/wp\/v2\/posts\/1220\/revisions"}],"predecessor-version":[{"id":57889,"href":"https:\/\/www.uartes.edu.ec\/sitio\/en\/wp-json\/wp\/v2\/posts\/1220\/revisions\/57889"}],"wp:featuredmedia":[{"embeddable":true,"href":"https:\/\/www.uartes.edu.ec\/sitio\/en\/wp-json\/"}],"wp:attachment":[{"href":"https:\/\/www.uartes.edu.ec\/sitio\/en\/wp-json\/wp\/v2\/media?parent=1220"}],"wp:term":[{"taxonomy":"category","embeddable":true,"href":"https:\/\/www.uartes.edu.ec\/sitio\/en\/wp-json\/wp\/v2\/categories?post=1220"},{"taxonomy":"post_tag","embeddable":true,"href":"https:\/\/www.uartes.edu.ec\/sitio\/en\/wp-json\/wp\/v2\/tags?post=1220"},{"taxonomy":"infouartes","embeddable":true,"href":"https:\/\/www.uartes.edu.ec\/sitio\/en\/wp-json\/wp\/v2\/infouartes?post=1220"}],"curies":[{"name":"wp","href":"https:\/\/api.w.org\/{rel}","templated":true}]}}