{"id":12233,"date":"2021-01-05T15:14:21","date_gmt":"2021-01-05T20:14:21","guid":{"rendered":"http:\/\/www.uartes.edu.ec\/sitio\/?p=12233"},"modified":"2024-07-04T11:33:02","modified_gmt":"2024-07-04T16:33:02","slug":"olga-lopez-los-grandes-cambios-se-logran-cuando-el-terreno-de-lo-sensible-se-interviene-y-es-afectado","status":"publish","type":"post","link":"https:\/\/www.uartes.edu.ec\/sitio\/en\/blog\/2021\/01\/05\/olga-lopez-los-grandes-cambios-se-logran-cuando-el-terreno-de-lo-sensible-se-interviene-y-es-afectado\/","title":{"rendered":"Olga L\u00f3pez: Los grandes cambios se logran cuando el terreno de lo sensible se interviene y es afectado"},"content":{"rendered":"<p class=\"has-text-align-right\"><em>La nueva Vicerrectora de Posgrado e Investigaci\u00f3n en Artes dijo que la UArtes tiene mucho por hacer y que debe estar a la altura de lo que ocurre actualmente en Latinoam\u00e9rica.<\/em><\/p>\n\n\n\n<p>Citando un ep\u00edgrafe de la escritora chilena Nona Fern\u00e1ndez, la doctora Olga L\u00f3pez dio inicio a su intervenci\u00f3n en el acto donde fue posesionada como Vicerrectora de Posgrado e Investigaci\u00f3n en Artes; junto con ella asumieron los doctores William Herrera, en el cargo de Rector, y Bradley Hilgert, como Vicerrector Acad\u00e9mico, as\u00ed como los miembros del \u00d3rgano Colegiado Superior (OCS). Se realiz\u00f3 este lunes 4 de enero de 2021 en la Plaza P\u00fablica del Centro de Producci\u00f3n e Innovaci\u00f3n MZ14.<\/p>\n\n\n\n<p>Nona Fern\u00e1ndez, dijo, inspir\u00f3 un poco su discurso, pues le record\u00f3 esa mezcla constante entre poder e ignorancia que nos hunde en un hoyo negro. Lo hace al declarar que \u201cel calentamiento global no existe. Que el calentamiento global es bueno. Que ofrece nuevas oportunidades al comercio y explotaci\u00f3n de minerales. Que el c\u00e1ncer se cura con el veneno de una rana selv\u00e1tica. Que los monjes brasile\u00f1os operan a larga distancia, que s\u00f3lo hay que ofrecerles vasos de agua y encenderles velas. Que hay que construir muros para separar naciones, que esos muros deben tener electricidad y c\u00e1maras. Que hay razas que son mejores que otras. Que la tierra es plana, que cualquier otra versi\u00f3n es s\u00f3lo un complot internacional que ha durado siglos. (\u2026) Que la homosexualidad es un invento de degenerados. Que la transexualidad es otro invento de degenerados. Que los ni\u00f1os se visten de azul y las ni\u00f1as de rosa. Que las mujeres est\u00e1n hechas exclusivamente para ser madres, que no tienen la posibilidad de decidir sobre sus cuerpos. Que las mujeres son todas celosas y vengativas, que trazan planes para mortificar a los hombres\u201d. (<em>Voyager,<\/em> p. 162-163).<\/p>\n\n\n\n<p>Olga L\u00f3pez se\u00f1al\u00f3 que un discurso es la posibilidad hist\u00f3rica de decir lo que durante largo tiempo se hab\u00eda silenciado, a la vez que se puede convertir en una promesa de porvenir. \u201cSin embargo, no deben ser promesas ut\u00f3picas, sino inscritas en el marco de lo realizable y con la fuerza de los comienzos que en ning\u00fan caso son negativos (\u2026). Ahora bien, \u00bfcu\u00e1l es nuestro posible? Un futuro de juventud con una universidad joven y una comunidad tambi\u00e9n joven. Un universo de proyectos que explora aquello que no tiene l\u00edmite y que por el contrario busca formas de libertad en la creaci\u00f3n art\u00edstica. Un cuidado de los cuerpos y un cuidado en la formaci\u00f3n art\u00edstica que permitir\u00e1 al final el goce del trabajo logrado. Una ciudad y un pa\u00eds que podr\u00e1 sentir que las artes y los artistas han conquistado un lugar\u201d.<\/p>\n\n\n\n<p>Lo que buscamos, agreg\u00f3, es una especie de revoluci\u00f3n sensorial, \u201cpues si bien a veces le pedimos demasiado a la escuela (de la que la universidad conserva sus principios), no debemos olvidar que su objetivo fundamental consiste en emancipar y romper las limitantes econ\u00f3micas que el accidente del nacimiento impone a los sujetos. Por eso, nuestra revoluci\u00f3n sensorial busca ahondar por esta v\u00eda e ir al encuentro de relaciones parad\u00f3jicas entre los saberes que al chocar terminan por inventar mundos como, por ejemplo, una escritora y actriz que a la vez hace un relato en donde se ligan los encefalogramas de la madre enferma con la configuraci\u00f3n c\u00f3smica, tal y como lo vemos en Nona Fern\u00e1ndez. O bien un artista visual que a la vez transforma el material sonoro en composici\u00f3n pict\u00f3rica, como lo hace Carlos Amorales\u201d.<\/p>\n\n\n\n<p>Traducciones, traves\u00edas, bifurcaciones, encuentros de frontera, nomadismos, divergencias, las po\u00e9ticas contempor\u00e1neas se hacen en el movimiento. Es un poco de eso y mucho m\u00e1s del orden de lo inimaginable que denominamos revoluci\u00f3n sensorial. Porque justamente una revoluci\u00f3n promueve rupturas para no encerrar al artista en su pr\u00e1ctica, lo invita a asumir constantemente el riesgo, a poner a prueba ese \u201cvivir al borde del caos\u201d. Una revoluci\u00f3n en ning\u00fan caso es la anarqu\u00eda, sino incluir a quienes han sido excluidos de un tallaje sensorial establecido e incluso reinventarse este para que las artes abandonen su lugar al lado de las \u00e9lites y dejen de regirse por una definici\u00f3n de arte que se impone como una verdad. Esto es muy necesario en una ciudad como Guayaquil donde las artes tienen ese aire de rancio, ajeno y excluyente de lo que dan muy bien cuenta sus museos.<\/p>\n\n\n\n<p>La reci\u00e9n posesionada autoridad universitaria se\u00f1al\u00f3 como una obligaci\u00f3n de la UArtes cambiar esa actitud, \u201cinventar nuevas definiciones y nuevos p\u00fablicos para demostrar que los grandes cambios se logran cuando el terreno de lo sensible se interviene, es afectado y alterado por las diferencias, por otras expresividades, por los signos del afuera que ya no se conforman con una definici\u00f3n de arte disecado y excluyente, sino como algo vital que no cesa de trabajar con sus propios bordes y que sirve para que las minor\u00edas se encuentren y sientan que la educaci\u00f3n s\u00ed act\u00faa a todas las escalas de lo social\u201d.<\/p>\n\n\n\n<p>Fundar la Universidad de las Artes en Guayaquil es un acto revolucionario, asegur\u00f3 y refiri\u00f3 que quienes no lo han entendido y buscan, por el contrario, limitar y domesticar este proyecto para que adquiera la forma que ha regido por a\u00f1os esta ciudad, \u201cle est\u00e1n negando no solo el futuro a las artes, los p\u00fablicos y los artistas por venir, sino a una nueva ciudad que se puede avizorar en los movimientos que germinan actualmente: las luchas feministas, las organizaciones sociales de todo tipo, las resistencias de los grupos LGBTI+, en fin, los movimientos moleculares que implican el encuentro de las minor\u00edas del mundo\u201d.<\/p>\n\n\n\n<p>La Universidad de las Artes tiene mucho por hacer, pues los cambios son ante todo sensibles. Son los que determinan si una nueva sociedad es posible. Por eso, nuestra universidad debe estar a la altura de lo que ocurre actualmente en Latinoam\u00e9rica desde lo m\u00e1s valioso a lo m\u00e1s terrible (\u2026). \u201cLas artes y sus po\u00e9ticas buscan transformaciones, crear otros mundos donde los centros desaparezcan para construir una planicie sin jerarqu\u00edas y de muchas voces. Por eso, el reto no es sencillo, ya que hay maneras de ocultar y camuflar los verdaderos cambios por los que debemos luchar. En ese sentido debemos recordar las palabras de Marina Garc\u00e9s, quien nos advierte sobre esa especie de ilusi\u00f3n de libertad de nuestra \u00e9poca. Ella lo indica en los t\u00e9rminos siguientes: Hoy las formas de captura de las palabras, en nuestra sociedad son m\u00faltiples y muy sofisticadas, ya que se esconden bajo el velo de la libertad de opini\u00f3n y de expresi\u00f3n, bajo el derecho universal de la educaci\u00f3n y bajo el acceso global a la informaci\u00f3n. Bajo estas tres condiciones, la palabra parece ser libre, como parecemos ser libres los ciudadanos de las democracias occidentales. Pero sabemos muy bien que no lo somos, como no lo son tampoco nuestras palabras\u201d. (Marina Garc\u00e9s, <em>Fuera de clase,<\/em> p. 5-6).<\/p>\n\n\n\n<p>La doctora Olga L\u00f3pez indic\u00f3 apelar a las artes que piensan y que no se dejan ilusionar con una libertad disecada y empaquetada. \u201cBuscamos otras posibilidades para las que, quiz\u00e1s, la palabra libertad es muy pretensiosa: encuentros moleculares, actividades minoritarias generadas en y por la comunidad UArtes, en, por y para producir relaciones intensivas con otras comunidades de artistas locales, nacionales y regionales. Esto reforzar\u00e1 la confianza en este proyecto en los pr\u00f3ximos a\u00f1os. Es lo que buscamos, es lo que esperamos para sostener una defensa de lo colectivo, una revoluci\u00f3n sensorial que tendr\u00e1 los l\u00edmites o las potencias de nuestras capacidades y aspiraciones. Podemos partir de una universidad precarizada, derrotada y su futuro tendr\u00e1 esa medida o bien pensar en una universidad que se proyecta, que no conoce l\u00edmites, que no se estabiliza en una imagen fija de s\u00ed misma, que se deforma sin cesar para abrirse a nuevas alternativas y proponer otras cartograf\u00edas del pensamiento en donde el leitmotiv sean las artes no tanto como las concebimos actualmente, sino unas artes que incorporan un afuera impensable para lograr otros mundos posibles\u201d.<\/p>","protected":false},"excerpt":{"rendered":"<p>La nueva Vicerrectora de Posgrado e Investigaci\u00f3n en Artes dijo que la UArtes tiene mucho por hacer y que debe estar a la altura de lo que ocurre actualmente en Latinoam\u00e9rica.<\/p>","protected":false},"author":1,"featured_media":12218,"comment_status":"closed","ping_status":"closed","sticky":false,"template":"","format":"standard","meta":{"_acf_changed":false,"_uag_custom_page_level_css":"","_monsterinsights_skip_tracking":false,"_monsterinsights_sitenote_active":false,"_monsterinsights_sitenote_note":"","_monsterinsights_sitenote_category":0,"cybocfi_hide_featured_image":"","footnotes":""},"categories":[80,75,76,77,84],"tags":[407,370],"infouartes":[],"class_list":["post-12233","post","type-post","status-publish","format-standard","has-post-thumbnail","hentry","category-academico","category-docentes","category-estudiantes","category-gestion","category-rectorado","tag-olga-lopez","tag-uartes-decide"],"acf":[],"yoast_head":"<!-- This site is optimized with the Yoast SEO plugin v27.4 - https:\/\/yoast.com\/product\/yoast-seo-wordpress\/ -->\n<title>Universidad de las Artes - Olga L\u00f3pez: Los grandes cambios se logran cuando el terreno de lo sensible se interviene y es afectado<\/title>\n<meta name=\"description\" content=\"Universidad de las Artes - Olga L\u00f3pez: Los grandes cambios se logran cuando el terreno de lo sensible se interviene y es afectado\" \/>\n<meta name=\"robots\" content=\"index, follow, max-snippet:-1, max-image-preview:large, max-video-preview:-1\" \/>\n<link rel=\"canonical\" href=\"https:\/\/www.uartes.edu.ec\/sitio\/en\/blog\/2021\/01\/05\/olga-lopez-los-grandes-cambios-se-logran-cuando-el-terreno-de-lo-sensible-se-interviene-y-es-afectado\/\" \/>\n<meta property=\"og:locale\" content=\"en_US\" \/>\n<meta property=\"og:type\" content=\"article\" \/>\n<meta property=\"og:title\" content=\"Universidad de las Artes - Olga L\u00f3pez: Los grandes cambios se logran cuando el terreno de lo sensible se interviene y es afectado\" \/>\n<meta property=\"og:description\" content=\"Universidad de las Artes - Olga L\u00f3pez: Los grandes cambios se logran cuando el terreno de lo sensible se interviene y es afectado\" \/>\n<meta property=\"og:url\" content=\"https:\/\/www.uartes.edu.ec\/sitio\/en\/blog\/2021\/01\/05\/olga-lopez-los-grandes-cambios-se-logran-cuando-el-terreno-de-lo-sensible-se-interviene-y-es-afectado\/\" \/>\n<meta property=\"og:site_name\" content=\"Universidad de las Artes\" \/>\n<meta property=\"article:publisher\" content=\"https:\/\/www.facebook.com\/uartesec\" \/>\n<meta property=\"article:published_time\" content=\"2021-01-05T20:14:21+00:00\" \/>\n<meta property=\"article:modified_time\" content=\"2024-07-04T16:33:02+00:00\" \/>\n<meta property=\"og:image\" content=\"https:\/\/www.uartes.edu.ec\/sitio\/wp-content\/uploads\/2021\/01\/OLGA-2.jpg\" \/>\n\t<meta property=\"og:image:width\" content=\"2000\" \/>\n\t<meta property=\"og:image:height\" content=\"1333\" \/>\n\t<meta property=\"og:image:type\" content=\"image\/jpeg\" \/>\n<meta name=\"author\" content=\"Universidad de las Artes\" \/>\n<meta name=\"twitter:card\" content=\"summary_large_image\" \/>\n<meta name=\"twitter:creator\" content=\"@uartesec\" \/>\n<meta name=\"twitter:site\" content=\"@uartesec\" \/>\n<meta name=\"twitter:label1\" content=\"Written by\" \/>\n\t<meta name=\"twitter:data1\" content=\"Universidad de las Artes\" \/>\n\t<meta name=\"twitter:label2\" content=\"Est. reading time\" \/>\n\t<meta name=\"twitter:data2\" content=\"7 minutes\" \/>\n<script type=\"application\/ld+json\" class=\"yoast-schema-graph\">{\"@context\":\"https:\\\/\\\/schema.org\",\"@graph\":[{\"@type\":\"Article\",\"@id\":\"https:\\\/\\\/www.uartes.edu.ec\\\/sitio\\\/en\\\/blog\\\/2021\\\/01\\\/05\\\/olga-lopez-los-grandes-cambios-se-logran-cuando-el-terreno-de-lo-sensible-se-interviene-y-es-afectado\\\/#article\",\"isPartOf\":{\"@id\":\"https:\\\/\\\/www.uartes.edu.ec\\\/sitio\\\/en\\\/blog\\\/2021\\\/01\\\/05\\\/olga-lopez-los-grandes-cambios-se-logran-cuando-el-terreno-de-lo-sensible-se-interviene-y-es-afectado\\\/\"},\"author\":{\"name\":\"Universidad de las Artes\",\"@id\":\"https:\\\/\\\/www.uartes.edu.ec\\\/sitio\\\/en\\\/#\\\/schema\\\/person\\\/f33f8c1d2af0d5c80a38c8abf458184a\"},\"headline\":\"Olga L\u00f3pez: Los grandes cambios se logran cuando el terreno de lo sensible se interviene y es afectado\",\"datePublished\":\"2021-01-05T20:14:21+00:00\",\"dateModified\":\"2024-07-04T16:33:02+00:00\",\"mainEntityOfPage\":{\"@id\":\"https:\\\/\\\/www.uartes.edu.ec\\\/sitio\\\/en\\\/blog\\\/2021\\\/01\\\/05\\\/olga-lopez-los-grandes-cambios-se-logran-cuando-el-terreno-de-lo-sensible-se-interviene-y-es-afectado\\\/\"},\"wordCount\":1435,\"publisher\":{\"@id\":\"https:\\\/\\\/www.uartes.edu.ec\\\/sitio\\\/en\\\/#organization\"},\"image\":{\"@id\":\"https:\\\/\\\/www.uartes.edu.ec\\\/sitio\\\/en\\\/blog\\\/2021\\\/01\\\/05\\\/olga-lopez-los-grandes-cambios-se-logran-cuando-el-terreno-de-lo-sensible-se-interviene-y-es-afectado\\\/#primaryimage\"},\"thumbnailUrl\":\"https:\\\/\\\/www.uartes.edu.ec\\\/sitio\\\/wp-content\\\/uploads\\\/2021\\\/01\\\/OLGA-2.jpg\",\"keywords\":[\"Olga L\u00f3pez\",\"UArtes Decide\"],\"articleSection\":[\"Acad\u00e9mico\",\"Docentes\",\"Estudiantes\",\"Gesti\u00f3n\",\"Rectorado\"],\"inLanguage\":\"en-US\"},{\"@type\":[\"WebPage\",\"ItemPage\"],\"@id\":\"https:\\\/\\\/www.uartes.edu.ec\\\/sitio\\\/en\\\/blog\\\/2021\\\/01\\\/05\\\/olga-lopez-los-grandes-cambios-se-logran-cuando-el-terreno-de-lo-sensible-se-interviene-y-es-afectado\\\/\",\"url\":\"https:\\\/\\\/www.uartes.edu.ec\\\/sitio\\\/en\\\/blog\\\/2021\\\/01\\\/05\\\/olga-lopez-los-grandes-cambios-se-logran-cuando-el-terreno-de-lo-sensible-se-interviene-y-es-afectado\\\/\",\"name\":\"Universidad de las Artes - Olga L\u00f3pez: Los grandes cambios se logran cuando el terreno de lo sensible se interviene y es afectado\",\"isPartOf\":{\"@id\":\"https:\\\/\\\/www.uartes.edu.ec\\\/sitio\\\/en\\\/#website\"},\"primaryImageOfPage\":{\"@id\":\"https:\\\/\\\/www.uartes.edu.ec\\\/sitio\\\/en\\\/blog\\\/2021\\\/01\\\/05\\\/olga-lopez-los-grandes-cambios-se-logran-cuando-el-terreno-de-lo-sensible-se-interviene-y-es-afectado\\\/#primaryimage\"},\"image\":{\"@id\":\"https:\\\/\\\/www.uartes.edu.ec\\\/sitio\\\/en\\\/blog\\\/2021\\\/01\\\/05\\\/olga-lopez-los-grandes-cambios-se-logran-cuando-el-terreno-de-lo-sensible-se-interviene-y-es-afectado\\\/#primaryimage\"},\"thumbnailUrl\":\"https:\\\/\\\/www.uartes.edu.ec\\\/sitio\\\/wp-content\\\/uploads\\\/2021\\\/01\\\/OLGA-2.jpg\",\"datePublished\":\"2021-01-05T20:14:21+00:00\",\"dateModified\":\"2024-07-04T16:33:02+00:00\",\"description\":\"Universidad de las Artes - Olga L\u00f3pez: Los grandes cambios se logran cuando el terreno de lo sensible se interviene y es afectado\",\"breadcrumb\":{\"@id\":\"https:\\\/\\\/www.uartes.edu.ec\\\/sitio\\\/en\\\/blog\\\/2021\\\/01\\\/05\\\/olga-lopez-los-grandes-cambios-se-logran-cuando-el-terreno-de-lo-sensible-se-interviene-y-es-afectado\\\/#breadcrumb\"},\"inLanguage\":\"en-US\",\"potentialAction\":[{\"@type\":\"ReadAction\",\"target\":[\"https:\\\/\\\/www.uartes.edu.ec\\\/sitio\\\/en\\\/blog\\\/2021\\\/01\\\/05\\\/olga-lopez-los-grandes-cambios-se-logran-cuando-el-terreno-de-lo-sensible-se-interviene-y-es-afectado\\\/\"]}]},{\"@type\":\"ImageObject\",\"inLanguage\":\"en-US\",\"@id\":\"https:\\\/\\\/www.uartes.edu.ec\\\/sitio\\\/en\\\/blog\\\/2021\\\/01\\\/05\\\/olga-lopez-los-grandes-cambios-se-logran-cuando-el-terreno-de-lo-sensible-se-interviene-y-es-afectado\\\/#primaryimage\",\"url\":\"https:\\\/\\\/www.uartes.edu.ec\\\/sitio\\\/wp-content\\\/uploads\\\/2021\\\/01\\\/OLGA-2.jpg\",\"contentUrl\":\"https:\\\/\\\/www.uartes.edu.ec\\\/sitio\\\/wp-content\\\/uploads\\\/2021\\\/01\\\/OLGA-2.jpg\",\"width\":2000,\"height\":1333},{\"@type\":\"BreadcrumbList\",\"@id\":\"https:\\\/\\\/www.uartes.edu.ec\\\/sitio\\\/en\\\/blog\\\/2021\\\/01\\\/05\\\/olga-lopez-los-grandes-cambios-se-logran-cuando-el-terreno-de-lo-sensible-se-interviene-y-es-afectado\\\/#breadcrumb\",\"itemListElement\":[{\"@type\":\"ListItem\",\"position\":1,\"name\":\"Inicio\",\"item\":\"https:\\\/\\\/www.uartes.edu.ec\\\/sitio\\\/\"},{\"@type\":\"ListItem\",\"position\":2,\"name\":\"Olga L\u00f3pez: Los grandes cambios se logran cuando el terreno de lo sensible se interviene y es afectado\"}]},{\"@type\":\"WebSite\",\"@id\":\"https:\\\/\\\/www.uartes.edu.ec\\\/sitio\\\/en\\\/#website\",\"url\":\"https:\\\/\\\/www.uartes.edu.ec\\\/sitio\\\/en\\\/\",\"name\":\"Universidad de las Artes\",\"description\":\"Sitio oficial de la Universidad Nacional de las Artes del Ecuador\",\"publisher\":{\"@id\":\"https:\\\/\\\/www.uartes.edu.ec\\\/sitio\\\/en\\\/#organization\"},\"potentialAction\":[{\"@type\":\"SearchAction\",\"target\":{\"@type\":\"EntryPoint\",\"urlTemplate\":\"https:\\\/\\\/www.uartes.edu.ec\\\/sitio\\\/en\\\/?s={search_term_string}\"},\"query-input\":{\"@type\":\"PropertyValueSpecification\",\"valueRequired\":true,\"valueName\":\"search_term_string\"}}],\"inLanguage\":\"en-US\"},{\"@type\":\"Organization\",\"@id\":\"https:\\\/\\\/www.uartes.edu.ec\\\/sitio\\\/en\\\/#organization\",\"name\":\"Universidad de las Artes\",\"url\":\"https:\\\/\\\/www.uartes.edu.ec\\\/sitio\\\/en\\\/\",\"logo\":{\"@type\":\"ImageObject\",\"inLanguage\":\"en-US\",\"@id\":\"https:\\\/\\\/www.uartes.edu.ec\\\/sitio\\\/en\\\/#\\\/schema\\\/logo\\\/image\\\/\",\"url\":\"https:\\\/\\\/www.uartes.edu.ec\\\/sitio\\\/wp-content\\\/uploads\\\/2022\\\/07\\\/logo-ua-horizontal.png\",\"contentUrl\":\"https:\\\/\\\/www.uartes.edu.ec\\\/sitio\\\/wp-content\\\/uploads\\\/2022\\\/07\\\/logo-ua-horizontal.png\",\"width\":800,\"height\":276,\"caption\":\"Universidad de las Artes\"},\"image\":{\"@id\":\"https:\\\/\\\/www.uartes.edu.ec\\\/sitio\\\/en\\\/#\\\/schema\\\/logo\\\/image\\\/\"},\"sameAs\":[\"https:\\\/\\\/www.facebook.com\\\/uartesec\",\"https:\\\/\\\/x.com\\\/uartesec\",\"https:\\\/\\\/www.tiktok.com\\\/@uartesec\"]},{\"@type\":\"Person\",\"@id\":\"https:\\\/\\\/www.uartes.edu.ec\\\/sitio\\\/en\\\/#\\\/schema\\\/person\\\/f33f8c1d2af0d5c80a38c8abf458184a\",\"name\":\"Universidad de las Artes\",\"image\":{\"@type\":\"ImageObject\",\"inLanguage\":\"en-US\",\"@id\":\"https:\\\/\\\/secure.gravatar.com\\\/avatar\\\/52e4757902f5cfa5ac52d020e5be83cae5487519154b6c35482fe08d589f3c13?s=96&d=mm&r=g\",\"url\":\"https:\\\/\\\/secure.gravatar.com\\\/avatar\\\/52e4757902f5cfa5ac52d020e5be83cae5487519154b6c35482fe08d589f3c13?s=96&d=mm&r=g\",\"contentUrl\":\"https:\\\/\\\/secure.gravatar.com\\\/avatar\\\/52e4757902f5cfa5ac52d020e5be83cae5487519154b6c35482fe08d589f3c13?s=96&d=mm&r=g\",\"caption\":\"Universidad de las Artes\"},\"url\":\"https:\\\/\\\/www.uartes.edu.ec\\\/sitio\\\/en\\\/blog\\\/author\\\/dircomadm\\\/\"}]}<\/script>\n<!-- \/ Yoast SEO plugin. -->","yoast_head_json":{"title":"Universidad de las Artes - Olga L\u00f3pez: Los grandes cambios se logran cuando el terreno de lo sensible se interviene y es afectado","description":"Universidad de las Artes - Olga L\u00f3pez: Los grandes cambios se logran cuando el terreno de lo sensible se interviene y es afectado","robots":{"index":"index","follow":"follow","max-snippet":"max-snippet:-1","max-image-preview":"max-image-preview:large","max-video-preview":"max-video-preview:-1"},"canonical":"https:\/\/www.uartes.edu.ec\/sitio\/en\/blog\/2021\/01\/05\/olga-lopez-los-grandes-cambios-se-logran-cuando-el-terreno-de-lo-sensible-se-interviene-y-es-afectado\/","og_locale":"en_US","og_type":"article","og_title":"Universidad de las Artes - Olga L\u00f3pez: Los grandes cambios se logran cuando el terreno de lo sensible se interviene y es afectado","og_description":"Universidad de las Artes - Olga L\u00f3pez: Los grandes cambios se logran cuando el terreno de lo sensible se interviene y es afectado","og_url":"https:\/\/www.uartes.edu.ec\/sitio\/en\/blog\/2021\/01\/05\/olga-lopez-los-grandes-cambios-se-logran-cuando-el-terreno-de-lo-sensible-se-interviene-y-es-afectado\/","og_site_name":"Universidad de las Artes","article_publisher":"https:\/\/www.facebook.com\/uartesec","article_published_time":"2021-01-05T20:14:21+00:00","article_modified_time":"2024-07-04T16:33:02+00:00","og_image":[{"width":2000,"height":1333,"url":"https:\/\/www.uartes.edu.ec\/sitio\/wp-content\/uploads\/2021\/01\/OLGA-2.jpg","type":"image\/jpeg"}],"author":"Universidad de las Artes","twitter_card":"summary_large_image","twitter_creator":"@uartesec","twitter_site":"@uartesec","twitter_misc":{"Written by":"Universidad de las Artes","Est. reading time":"7 minutes"},"schema":{"@context":"https:\/\/schema.org","@graph":[{"@type":"Article","@id":"https:\/\/www.uartes.edu.ec\/sitio\/en\/blog\/2021\/01\/05\/olga-lopez-los-grandes-cambios-se-logran-cuando-el-terreno-de-lo-sensible-se-interviene-y-es-afectado\/#article","isPartOf":{"@id":"https:\/\/www.uartes.edu.ec\/sitio\/en\/blog\/2021\/01\/05\/olga-lopez-los-grandes-cambios-se-logran-cuando-el-terreno-de-lo-sensible-se-interviene-y-es-afectado\/"},"author":{"name":"Universidad de las Artes","@id":"https:\/\/www.uartes.edu.ec\/sitio\/en\/#\/schema\/person\/f33f8c1d2af0d5c80a38c8abf458184a"},"headline":"Olga L\u00f3pez: Los grandes cambios se logran cuando el terreno de lo sensible se interviene y es afectado","datePublished":"2021-01-05T20:14:21+00:00","dateModified":"2024-07-04T16:33:02+00:00","mainEntityOfPage":{"@id":"https:\/\/www.uartes.edu.ec\/sitio\/en\/blog\/2021\/01\/05\/olga-lopez-los-grandes-cambios-se-logran-cuando-el-terreno-de-lo-sensible-se-interviene-y-es-afectado\/"},"wordCount":1435,"publisher":{"@id":"https:\/\/www.uartes.edu.ec\/sitio\/en\/#organization"},"image":{"@id":"https:\/\/www.uartes.edu.ec\/sitio\/en\/blog\/2021\/01\/05\/olga-lopez-los-grandes-cambios-se-logran-cuando-el-terreno-de-lo-sensible-se-interviene-y-es-afectado\/#primaryimage"},"thumbnailUrl":"https:\/\/www.uartes.edu.ec\/sitio\/wp-content\/uploads\/2021\/01\/OLGA-2.jpg","keywords":["Olga L\u00f3pez","UArtes Decide"],"articleSection":["Acad\u00e9mico","Docentes","Estudiantes","Gesti\u00f3n","Rectorado"],"inLanguage":"en-US"},{"@type":["WebPage","ItemPage"],"@id":"https:\/\/www.uartes.edu.ec\/sitio\/en\/blog\/2021\/01\/05\/olga-lopez-los-grandes-cambios-se-logran-cuando-el-terreno-de-lo-sensible-se-interviene-y-es-afectado\/","url":"https:\/\/www.uartes.edu.ec\/sitio\/en\/blog\/2021\/01\/05\/olga-lopez-los-grandes-cambios-se-logran-cuando-el-terreno-de-lo-sensible-se-interviene-y-es-afectado\/","name":"Universidad de las Artes - Olga L\u00f3pez: Los grandes cambios se logran cuando el terreno de lo sensible se interviene y es afectado","isPartOf":{"@id":"https:\/\/www.uartes.edu.ec\/sitio\/en\/#website"},"primaryImageOfPage":{"@id":"https:\/\/www.uartes.edu.ec\/sitio\/en\/blog\/2021\/01\/05\/olga-lopez-los-grandes-cambios-se-logran-cuando-el-terreno-de-lo-sensible-se-interviene-y-es-afectado\/#primaryimage"},"image":{"@id":"https:\/\/www.uartes.edu.ec\/sitio\/en\/blog\/2021\/01\/05\/olga-lopez-los-grandes-cambios-se-logran-cuando-el-terreno-de-lo-sensible-se-interviene-y-es-afectado\/#primaryimage"},"thumbnailUrl":"https:\/\/www.uartes.edu.ec\/sitio\/wp-content\/uploads\/2021\/01\/OLGA-2.jpg","datePublished":"2021-01-05T20:14:21+00:00","dateModified":"2024-07-04T16:33:02+00:00","description":"Universidad de las Artes - Olga L\u00f3pez: Los grandes cambios se logran cuando el terreno de lo sensible se interviene y es afectado","breadcrumb":{"@id":"https:\/\/www.uartes.edu.ec\/sitio\/en\/blog\/2021\/01\/05\/olga-lopez-los-grandes-cambios-se-logran-cuando-el-terreno-de-lo-sensible-se-interviene-y-es-afectado\/#breadcrumb"},"inLanguage":"en-US","potentialAction":[{"@type":"ReadAction","target":["https:\/\/www.uartes.edu.ec\/sitio\/en\/blog\/2021\/01\/05\/olga-lopez-los-grandes-cambios-se-logran-cuando-el-terreno-de-lo-sensible-se-interviene-y-es-afectado\/"]}]},{"@type":"ImageObject","inLanguage":"en-US","@id":"https:\/\/www.uartes.edu.ec\/sitio\/en\/blog\/2021\/01\/05\/olga-lopez-los-grandes-cambios-se-logran-cuando-el-terreno-de-lo-sensible-se-interviene-y-es-afectado\/#primaryimage","url":"https:\/\/www.uartes.edu.ec\/sitio\/wp-content\/uploads\/2021\/01\/OLGA-2.jpg","contentUrl":"https:\/\/www.uartes.edu.ec\/sitio\/wp-content\/uploads\/2021\/01\/OLGA-2.jpg","width":2000,"height":1333},{"@type":"BreadcrumbList","@id":"https:\/\/www.uartes.edu.ec\/sitio\/en\/blog\/2021\/01\/05\/olga-lopez-los-grandes-cambios-se-logran-cuando-el-terreno-de-lo-sensible-se-interviene-y-es-afectado\/#breadcrumb","itemListElement":[{"@type":"ListItem","position":1,"name":"Inicio","item":"https:\/\/www.uartes.edu.ec\/sitio\/"},{"@type":"ListItem","position":2,"name":"Olga L\u00f3pez: Los grandes cambios se logran cuando el terreno de lo sensible se interviene y es afectado"}]},{"@type":"WebSite","@id":"https:\/\/www.uartes.edu.ec\/sitio\/en\/#website","url":"https:\/\/www.uartes.edu.ec\/sitio\/en\/","name":"Universidad de las Artes","description":"Sitio oficial de la Universidad Nacional de las Artes del Ecuador","publisher":{"@id":"https:\/\/www.uartes.edu.ec\/sitio\/en\/#organization"},"potentialAction":[{"@type":"SearchAction","target":{"@type":"EntryPoint","urlTemplate":"https:\/\/www.uartes.edu.ec\/sitio\/en\/?s={search_term_string}"},"query-input":{"@type":"PropertyValueSpecification","valueRequired":true,"valueName":"search_term_string"}}],"inLanguage":"en-US"},{"@type":"Organization","@id":"https:\/\/www.uartes.edu.ec\/sitio\/en\/#organization","name":"Universidad de las Artes","url":"https:\/\/www.uartes.edu.ec\/sitio\/en\/","logo":{"@type":"ImageObject","inLanguage":"en-US","@id":"https:\/\/www.uartes.edu.ec\/sitio\/en\/#\/schema\/logo\/image\/","url":"https:\/\/www.uartes.edu.ec\/sitio\/wp-content\/uploads\/2022\/07\/logo-ua-horizontal.png","contentUrl":"https:\/\/www.uartes.edu.ec\/sitio\/wp-content\/uploads\/2022\/07\/logo-ua-horizontal.png","width":800,"height":276,"caption":"Universidad de las Artes"},"image":{"@id":"https:\/\/www.uartes.edu.ec\/sitio\/en\/#\/schema\/logo\/image\/"},"sameAs":["https:\/\/www.facebook.com\/uartesec","https:\/\/x.com\/uartesec","https:\/\/www.tiktok.com\/@uartesec"]},{"@type":"Person","@id":"https:\/\/www.uartes.edu.ec\/sitio\/en\/#\/schema\/person\/f33f8c1d2af0d5c80a38c8abf458184a","name":"Universidad de las Artes","image":{"@type":"ImageObject","inLanguage":"en-US","@id":"https:\/\/secure.gravatar.com\/avatar\/52e4757902f5cfa5ac52d020e5be83cae5487519154b6c35482fe08d589f3c13?s=96&d=mm&r=g","url":"https:\/\/secure.gravatar.com\/avatar\/52e4757902f5cfa5ac52d020e5be83cae5487519154b6c35482fe08d589f3c13?s=96&d=mm&r=g","contentUrl":"https:\/\/secure.gravatar.com\/avatar\/52e4757902f5cfa5ac52d020e5be83cae5487519154b6c35482fe08d589f3c13?s=96&d=mm&r=g","caption":"Universidad de las Artes"},"url":"https:\/\/www.uartes.edu.ec\/sitio\/en\/blog\/author\/dircomadm\/"}]}},"uagb_featured_image_src":{"full":["https:\/\/www.uartes.edu.ec\/sitio\/wp-content\/uploads\/2021\/01\/OLGA-2.jpg",2000,1333,false],"thumbnail":["https:\/\/www.uartes.edu.ec\/sitio\/wp-content\/uploads\/2021\/01\/OLGA-2-150x150.jpg",150,150,true],"medium":["https:\/\/www.uartes.edu.ec\/sitio\/wp-content\/uploads\/2021\/01\/OLGA-2-300x200.jpg",300,200,true],"medium_large":["https:\/\/www.uartes.edu.ec\/sitio\/wp-content\/uploads\/2021\/01\/OLGA-2-768x512.jpg",768,512,true],"large":["https:\/\/www.uartes.edu.ec\/sitio\/wp-content\/uploads\/2021\/01\/OLGA-2-644x429.jpg",644,429,true],"1536x1536":["https:\/\/www.uartes.edu.ec\/sitio\/wp-content\/uploads\/2021\/01\/OLGA-2-1536x1024.jpg",1536,1024,true],"2048x2048":["https:\/\/www.uartes.edu.ec\/sitio\/wp-content\/uploads\/2021\/01\/OLGA-2.jpg",2000,1333,false],"trp-custom-language-flag":["https:\/\/www.uartes.edu.ec\/sitio\/wp-content\/uploads\/2021\/01\/OLGA-2.jpg",18,12,false],"htmega_size_585x295":["https:\/\/www.uartes.edu.ec\/sitio\/wp-content\/uploads\/2021\/01\/OLGA-2-585x295.jpg",585,295,true],"htmega_size_1170x536":["https:\/\/www.uartes.edu.ec\/sitio\/wp-content\/uploads\/2021\/01\/OLGA-2-1170x536.jpg",1170,536,true],"htmega_size_396x360":["https:\/\/www.uartes.edu.ec\/sitio\/wp-content\/uploads\/2021\/01\/OLGA-2-396x360.jpg",396,360,true],"gb-block-post-grid-landscape":["https:\/\/www.uartes.edu.ec\/sitio\/wp-content\/uploads\/2021\/01\/OLGA-2.jpg",600,400,false],"gb-block-post-grid-square":["https:\/\/www.uartes.edu.ec\/sitio\/wp-content\/uploads\/2021\/01\/OLGA-2.jpg",600,400,false],"university-hub-thumb":["https:\/\/www.uartes.edu.ec\/sitio\/wp-content\/uploads\/2021\/01\/OLGA-2.jpg",400,267,false],"mailpoet_newsletter_max":["https:\/\/www.uartes.edu.ec\/sitio\/wp-content\/uploads\/2021\/01\/OLGA-2.jpg",1320,880,false]},"uagb_author_info":{"display_name":"Universidad de las Artes","author_link":"https:\/\/www.uartes.edu.ec\/sitio\/en\/blog\/author\/dircomadm\/"},"uagb_comment_info":0,"uagb_excerpt":"La nueva Vicerrectora de Posgrado e Investigaci\u00f3n en Artes dijo que la UArtes tiene mucho por hacer y que debe estar a la altura de lo que ocurre actualmente en Latinoam\u00e9rica.","featured_image_src":"https:\/\/www.uartes.edu.ec\/sitio\/wp-content\/uploads\/2021\/01\/OLGA-2.jpg","featured_image_src_square":"https:\/\/www.uartes.edu.ec\/sitio\/wp-content\/uploads\/2021\/01\/OLGA-2.jpg","author_info":{"display_name":"Universidad de las Artes","author_link":"https:\/\/www.uartes.edu.ec\/sitio\/en\/blog\/author\/dircomadm\/"},"publishpress_future_workflow_manual_trigger":{"enabledWorkflows":[]},"distributor_meta":false,"distributor_terms":false,"distributor_media":false,"distributor_original_site_name":"Universidad de las Artes","distributor_original_site_url":"https:\/\/www.uartes.edu.ec\/sitio\/en","push-errors":false,"_links":{"self":[{"href":"https:\/\/www.uartes.edu.ec\/sitio\/en\/wp-json\/wp\/v2\/posts\/12233","targetHints":{"allow":["GET"]}}],"collection":[{"href":"https:\/\/www.uartes.edu.ec\/sitio\/en\/wp-json\/wp\/v2\/posts"}],"about":[{"href":"https:\/\/www.uartes.edu.ec\/sitio\/en\/wp-json\/wp\/v2\/types\/post"}],"author":[{"embeddable":true,"href":"https:\/\/www.uartes.edu.ec\/sitio\/en\/wp-json\/wp\/v2\/users\/1"}],"replies":[{"embeddable":true,"href":"https:\/\/www.uartes.edu.ec\/sitio\/en\/wp-json\/wp\/v2\/comments?post=12233"}],"version-history":[{"count":2,"href":"https:\/\/www.uartes.edu.ec\/sitio\/en\/wp-json\/wp\/v2\/posts\/12233\/revisions"}],"predecessor-version":[{"id":12237,"href":"https:\/\/www.uartes.edu.ec\/sitio\/en\/wp-json\/wp\/v2\/posts\/12233\/revisions\/12237"}],"wp:featuredmedia":[{"embeddable":true,"href":"https:\/\/www.uartes.edu.ec\/sitio\/en\/wp-json\/wp\/v2\/media\/12218"}],"wp:attachment":[{"href":"https:\/\/www.uartes.edu.ec\/sitio\/en\/wp-json\/wp\/v2\/media?parent=12233"}],"wp:term":[{"taxonomy":"category","embeddable":true,"href":"https:\/\/www.uartes.edu.ec\/sitio\/en\/wp-json\/wp\/v2\/categories?post=12233"},{"taxonomy":"post_tag","embeddable":true,"href":"https:\/\/www.uartes.edu.ec\/sitio\/en\/wp-json\/wp\/v2\/tags?post=12233"},{"taxonomy":"infouartes","embeddable":true,"href":"https:\/\/www.uartes.edu.ec\/sitio\/en\/wp-json\/wp\/v2\/infouartes?post=12233"}],"curies":[{"name":"wp","href":"https:\/\/api.w.org\/{rel}","templated":true}]}}