{"id":1227,"date":"2018-02-09T15:23:08","date_gmt":"2018-02-09T20:23:08","guid":{"rendered":"http:\/\/www.uartes.edu.ec\/infouartes\/?p=1227"},"modified":"2024-07-04T11:53:58","modified_gmt":"2024-07-04T16:53:58","slug":"marie-therese-lager-antropologa-y-docente-de-la-uartes","status":"publish","type":"post","link":"https:\/\/www.uartes.edu.ec\/sitio\/en\/blog\/2018\/02\/09\/marie-therese-lager-antropologa-y-docente-de-la-uartes\/","title":{"rendered":"Marie-Therese Lager, antrop\u00f3loga y docente de la UArtes"},"content":{"rendered":"<p>Antrop\u00f3loga e investigadora nacida en Viena, Austria. Trabaj\u00f3 en el Instituto Nacional del Patrimonio como Coordinadora del \u00c1rea Inmaterial de la Regi\u00f3n 5 desarrollando actividades y proyectos enfocados en la salvaguardia, la promoci\u00f3n y el rescate del Patrimonio Cultural Inmaterial del Ecuador. Ha dictado talleres y ponencias en torno al patrimonio, turismo, territorialidad e interculturalidad y trabaja en proyectos culturales en la parroquia de Manglaralto.<\/p>\n<p>Cuenta con un t\u00edtulo de Pedagog\u00eda Social por el Instituto de Pedagog\u00eda Social de Viena y un t\u00edtulo en Antropolog\u00eda Social y Cultural por la Universidad de Viena. Adem\u00e1s, posee una Maestr\u00eda de Antropolog\u00eda por la Facultad Latinoamericana de Ciencias Sociales (FLACSO). Actualmente est\u00e1 desarrollando su doctorado en Antropolog\u00eda por la Universidad Aut\u00f3noma de Barcelona, Espa\u00f1a.<\/p>\n<p>Desde el 2016 trabaja como docente del \u00e1rea de Nivelaci\u00f3n y ahora de la Unidad Transversal de Teor\u00edas Criticas y Pr\u00e1cticas Experimentales de la Universidad de las Artes.<\/p>\n<p><strong>Libros publicados <\/strong><\/p>\n<ul>\n<li>Monta\u00f1ita \u2018Una comuna entre territorio, identidad y turismo\u2019, Editorial: Abya Yala, Quito- Ecuador, 2016.<\/li>\n<\/ul>\n<p><strong>Art\u00edculos en revistas <\/strong><\/p>\n<ul>\n<li>\u2018Consulta popular\u2019- Ein Duell der Giganten? En: Lateinamerika Anders. Nr1, enero, 2018. Vienna, Austria.<\/li>\n<\/ul>\n<p><strong>Proyectos de investigaci\u00f3n <\/strong><\/p>\n<ul>\n<li>Investigaci\u00f3n doctoral: Comunas del Ecuador en el contexto globalizado. Ancestralidad y modernidad en las Comunas de la Parroquia Manglaralto. Universidad Aut\u00f3noma de Barcelona. En curso.<\/li>\n<li>\u2018El regreso de San Biritute: cultura material, identidad y comunas en la Costa Ecuatoriana\u2019, Universidad de las Artes, 2016.<\/li>\n<li>Investigaci\u00f3n de Maestr\u00eda: \u2018Monta\u00f1ita. Una comuna entre territorio, identidad y turismo\u2019, Facultad Latinoam\u00e9rica de Ciencias Sociales, 2015.<\/li>\n<\/ul>\n<p><strong>Proyectos de vinculaci\u00f3n con la comunidad<\/strong><\/p>\n<ul>\n<li>\u2018Reconstruyendo memoria a trav\u00e9s del Arte y la Antropolog\u00eda\u2019, Universidad de las Artes. En curso.<\/li>\n<li>\u2018Entendiendo a la comuna ancestral del aqu\u00ed y ahora\u2019, Universidad de las Artes, 2017.<\/li>\n<\/ul>\n<p><strong>\u00c1rea de investigaci\u00f3n<\/strong><\/p>\n<ul>\n<li>Estado y r\u00e9gimen comunal, sistemas comunitarios, territorialidad, etnicidad, globalizaci\u00f3n cultural, estudios pos coloniales, interculturalidad, turismo, patrimonio.<\/li>\n<\/ul>\n<p><strong>\u00c1rea de inter\u00e9s<\/strong><\/p>\n<ul>\n<li>Territorialidad, etnicidad, pol\u00edticas p\u00fablicas, Antropolog\u00eda de Turismo, Globalizaci\u00f3n, estudios poscoloniales, Estado y r\u00e9gimen comunal, desarrollo comunal y desarrollo tur\u00edstico, estudios de ancestralidad e interculturalidad, estudios y criticas del desarrollo.<\/li>\n<\/ul>","protected":false},"excerpt":{"rendered":"<p>Antrop\u00f3loga e investigadora nacida en Viena, Austria. Trabaj\u00f3 en el Instituto Nacional del Patrimonio como Coordinadora del \u00c1rea Inmaterial de la Regi\u00f3n 5 desarrollando actividades y proyectos enfocados en la salvaguardia, la promoci\u00f3n y el rescate del Patrimonio Cultural Inmaterial del Ecuador. Ha dictado talleres y ponencias en torno al patrimonio, turismo, territorialidad e interculturalidad [&hellip;]<\/p>\n","protected":false},"author":1,"featured_media":1230,"comment_status":"closed","ping_status":"open","sticky":false,"template":"","format":"standard","meta":{"_acf_changed":false,"_uag_custom_page_level_css":"","_monsterinsights_skip_tracking":false,"_monsterinsights_sitenote_active":false,"_monsterinsights_sitenote_note":"","_monsterinsights_sitenote_category":0,"cybocfi_hide_featured_image":"","footnotes":""},"categories":[75],"tags":[],"infouartes":[],"class_list":["post-1227","post","type-post","status-publish","format-standard","has-post-thumbnail","hentry","category-docentes"],"acf":[],"yoast_head":"<!-- This site is optimized with the Yoast SEO plugin v27.4 - https:\/\/yoast.com\/product\/yoast-seo-wordpress\/ -->\n<title>Universidad de las Artes - Marie-Therese Lager, antrop\u00f3loga y docente de la UArtes<\/title>\n<meta name=\"description\" content=\"Universidad de las Artes - Marie-Therese Lager, antrop\u00f3loga y docente de la UArtes\" \/>\n<meta name=\"robots\" content=\"index, follow, max-snippet:-1, max-image-preview:large, max-video-preview:-1\" \/>\n<link rel=\"canonical\" href=\"https:\/\/www.uartes.edu.ec\/sitio\/en\/blog\/2018\/02\/09\/marie-therese-lager-antropologa-y-docente-de-la-uartes\/\" \/>\n<meta property=\"og:locale\" content=\"en_US\" \/>\n<meta property=\"og:type\" content=\"article\" \/>\n<meta property=\"og:title\" content=\"Universidad de las Artes - Marie-Therese Lager, antrop\u00f3loga y docente de la UArtes\" \/>\n<meta property=\"og:description\" content=\"Universidad de las Artes - Marie-Therese Lager, antrop\u00f3loga y docente de la UArtes\" \/>\n<meta property=\"og:url\" content=\"https:\/\/www.uartes.edu.ec\/sitio\/en\/blog\/2018\/02\/09\/marie-therese-lager-antropologa-y-docente-de-la-uartes\/\" \/>\n<meta property=\"og:site_name\" content=\"Universidad de las Artes\" \/>\n<meta property=\"article:publisher\" content=\"https:\/\/www.facebook.com\/uartesec\" \/>\n<meta property=\"article:published_time\" content=\"2018-02-09T20:23:08+00:00\" \/>\n<meta property=\"article:modified_time\" content=\"2024-07-04T16:53:58+00:00\" \/>\n<meta name=\"author\" content=\"Universidad de las Artes\" \/>\n<meta name=\"twitter:card\" content=\"summary_large_image\" \/>\n<meta name=\"twitter:creator\" content=\"@uartesec\" \/>\n<meta name=\"twitter:site\" content=\"@uartesec\" \/>\n<meta name=\"twitter:label1\" content=\"Written by\" \/>\n\t<meta name=\"twitter:data1\" content=\"Universidad de las Artes\" \/>\n\t<meta name=\"twitter:label2\" content=\"Est. reading time\" \/>\n\t<meta name=\"twitter:data2\" content=\"2 minutes\" \/>\n<script type=\"application\/ld+json\" class=\"yoast-schema-graph\">{\"@context\":\"https:\\\/\\\/schema.org\",\"@graph\":[{\"@type\":\"Article\",\"@id\":\"https:\\\/\\\/www.uartes.edu.ec\\\/sitio\\\/en\\\/blog\\\/2018\\\/02\\\/09\\\/marie-therese-lager-antropologa-y-docente-de-la-uartes\\\/#article\",\"isPartOf\":{\"@id\":\"https:\\\/\\\/www.uartes.edu.ec\\\/sitio\\\/en\\\/blog\\\/2018\\\/02\\\/09\\\/marie-therese-lager-antropologa-y-docente-de-la-uartes\\\/\"},\"author\":{\"name\":\"Universidad de las Artes\",\"@id\":\"https:\\\/\\\/www.uartes.edu.ec\\\/sitio\\\/en\\\/#\\\/schema\\\/person\\\/f33f8c1d2af0d5c80a38c8abf458184a\"},\"headline\":\"Marie-Therese Lager, antrop\u00f3loga y docente de la UArtes\",\"datePublished\":\"2018-02-09T20:23:08+00:00\",\"dateModified\":\"2024-07-04T16:53:58+00:00\",\"mainEntityOfPage\":{\"@id\":\"https:\\\/\\\/www.uartes.edu.ec\\\/sitio\\\/en\\\/blog\\\/2018\\\/02\\\/09\\\/marie-therese-lager-antropologa-y-docente-de-la-uartes\\\/\"},\"wordCount\":374,\"publisher\":{\"@id\":\"https:\\\/\\\/www.uartes.edu.ec\\\/sitio\\\/en\\\/#organization\"},\"image\":{\"@id\":\"https:\\\/\\\/www.uartes.edu.ec\\\/sitio\\\/en\\\/blog\\\/2018\\\/02\\\/09\\\/marie-therese-lager-antropologa-y-docente-de-la-uartes\\\/#primaryimage\"},\"thumbnailUrl\":\"\",\"articleSection\":[\"Docentes\"],\"inLanguage\":\"en-US\"},{\"@type\":[\"WebPage\",\"ItemPage\"],\"@id\":\"https:\\\/\\\/www.uartes.edu.ec\\\/sitio\\\/en\\\/blog\\\/2018\\\/02\\\/09\\\/marie-therese-lager-antropologa-y-docente-de-la-uartes\\\/\",\"url\":\"https:\\\/\\\/www.uartes.edu.ec\\\/sitio\\\/en\\\/blog\\\/2018\\\/02\\\/09\\\/marie-therese-lager-antropologa-y-docente-de-la-uartes\\\/\",\"name\":\"Universidad de las Artes - Marie-Therese Lager, antrop\u00f3loga y docente de la UArtes\",\"isPartOf\":{\"@id\":\"https:\\\/\\\/www.uartes.edu.ec\\\/sitio\\\/en\\\/#website\"},\"primaryImageOfPage\":{\"@id\":\"https:\\\/\\\/www.uartes.edu.ec\\\/sitio\\\/en\\\/blog\\\/2018\\\/02\\\/09\\\/marie-therese-lager-antropologa-y-docente-de-la-uartes\\\/#primaryimage\"},\"image\":{\"@id\":\"https:\\\/\\\/www.uartes.edu.ec\\\/sitio\\\/en\\\/blog\\\/2018\\\/02\\\/09\\\/marie-therese-lager-antropologa-y-docente-de-la-uartes\\\/#primaryimage\"},\"thumbnailUrl\":\"\",\"datePublished\":\"2018-02-09T20:23:08+00:00\",\"dateModified\":\"2024-07-04T16:53:58+00:00\",\"description\":\"Universidad de las Artes - Marie-Therese Lager, antrop\u00f3loga y docente de la UArtes\",\"breadcrumb\":{\"@id\":\"https:\\\/\\\/www.uartes.edu.ec\\\/sitio\\\/en\\\/blog\\\/2018\\\/02\\\/09\\\/marie-therese-lager-antropologa-y-docente-de-la-uartes\\\/#breadcrumb\"},\"inLanguage\":\"en-US\",\"potentialAction\":[{\"@type\":\"ReadAction\",\"target\":[\"https:\\\/\\\/www.uartes.edu.ec\\\/sitio\\\/en\\\/blog\\\/2018\\\/02\\\/09\\\/marie-therese-lager-antropologa-y-docente-de-la-uartes\\\/\"]}]},{\"@type\":\"ImageObject\",\"inLanguage\":\"en-US\",\"@id\":\"https:\\\/\\\/www.uartes.edu.ec\\\/sitio\\\/en\\\/blog\\\/2018\\\/02\\\/09\\\/marie-therese-lager-antropologa-y-docente-de-la-uartes\\\/#primaryimage\",\"url\":\"\",\"contentUrl\":\"\"},{\"@type\":\"BreadcrumbList\",\"@id\":\"https:\\\/\\\/www.uartes.edu.ec\\\/sitio\\\/en\\\/blog\\\/2018\\\/02\\\/09\\\/marie-therese-lager-antropologa-y-docente-de-la-uartes\\\/#breadcrumb\",\"itemListElement\":[{\"@type\":\"ListItem\",\"position\":1,\"name\":\"Inicio\",\"item\":\"https:\\\/\\\/www.uartes.edu.ec\\\/sitio\\\/\"},{\"@type\":\"ListItem\",\"position\":2,\"name\":\"Marie-Therese Lager, antrop\u00f3loga y docente de la UArtes\"}]},{\"@type\":\"WebSite\",\"@id\":\"https:\\\/\\\/www.uartes.edu.ec\\\/sitio\\\/en\\\/#website\",\"url\":\"https:\\\/\\\/www.uartes.edu.ec\\\/sitio\\\/en\\\/\",\"name\":\"Universidad de las Artes\",\"description\":\"Sitio oficial de la Universidad Nacional de las Artes del Ecuador\",\"publisher\":{\"@id\":\"https:\\\/\\\/www.uartes.edu.ec\\\/sitio\\\/en\\\/#organization\"},\"potentialAction\":[{\"@type\":\"SearchAction\",\"target\":{\"@type\":\"EntryPoint\",\"urlTemplate\":\"https:\\\/\\\/www.uartes.edu.ec\\\/sitio\\\/en\\\/?s={search_term_string}\"},\"query-input\":{\"@type\":\"PropertyValueSpecification\",\"valueRequired\":true,\"valueName\":\"search_term_string\"}}],\"inLanguage\":\"en-US\"},{\"@type\":\"Organization\",\"@id\":\"https:\\\/\\\/www.uartes.edu.ec\\\/sitio\\\/en\\\/#organization\",\"name\":\"Universidad de las Artes\",\"url\":\"https:\\\/\\\/www.uartes.edu.ec\\\/sitio\\\/en\\\/\",\"logo\":{\"@type\":\"ImageObject\",\"inLanguage\":\"en-US\",\"@id\":\"https:\\\/\\\/www.uartes.edu.ec\\\/sitio\\\/en\\\/#\\\/schema\\\/logo\\\/image\\\/\",\"url\":\"https:\\\/\\\/www.uartes.edu.ec\\\/sitio\\\/wp-content\\\/uploads\\\/2022\\\/07\\\/logo-ua-horizontal.png\",\"contentUrl\":\"https:\\\/\\\/www.uartes.edu.ec\\\/sitio\\\/wp-content\\\/uploads\\\/2022\\\/07\\\/logo-ua-horizontal.png\",\"width\":800,\"height\":276,\"caption\":\"Universidad de las Artes\"},\"image\":{\"@id\":\"https:\\\/\\\/www.uartes.edu.ec\\\/sitio\\\/en\\\/#\\\/schema\\\/logo\\\/image\\\/\"},\"sameAs\":[\"https:\\\/\\\/www.facebook.com\\\/uartesec\",\"https:\\\/\\\/x.com\\\/uartesec\",\"https:\\\/\\\/www.tiktok.com\\\/@uartesec\"]},{\"@type\":\"Person\",\"@id\":\"https:\\\/\\\/www.uartes.edu.ec\\\/sitio\\\/en\\\/#\\\/schema\\\/person\\\/f33f8c1d2af0d5c80a38c8abf458184a\",\"name\":\"Universidad de las Artes\",\"image\":{\"@type\":\"ImageObject\",\"inLanguage\":\"en-US\",\"@id\":\"https:\\\/\\\/secure.gravatar.com\\\/avatar\\\/52e4757902f5cfa5ac52d020e5be83cae5487519154b6c35482fe08d589f3c13?s=96&d=mm&r=g\",\"url\":\"https:\\\/\\\/secure.gravatar.com\\\/avatar\\\/52e4757902f5cfa5ac52d020e5be83cae5487519154b6c35482fe08d589f3c13?s=96&d=mm&r=g\",\"contentUrl\":\"https:\\\/\\\/secure.gravatar.com\\\/avatar\\\/52e4757902f5cfa5ac52d020e5be83cae5487519154b6c35482fe08d589f3c13?s=96&d=mm&r=g\",\"caption\":\"Universidad de las Artes\"},\"url\":\"https:\\\/\\\/www.uartes.edu.ec\\\/sitio\\\/en\\\/blog\\\/author\\\/dircomadm\\\/\"}]}<\/script>\n<!-- \/ Yoast SEO plugin. -->","yoast_head_json":{"title":"Universidad de las Artes - Marie-Therese Lager, antrop\u00f3loga y docente de la UArtes","description":"Universidad de las Artes - Marie-Therese Lager, antrop\u00f3loga y docente de la UArtes","robots":{"index":"index","follow":"follow","max-snippet":"max-snippet:-1","max-image-preview":"max-image-preview:large","max-video-preview":"max-video-preview:-1"},"canonical":"https:\/\/www.uartes.edu.ec\/sitio\/en\/blog\/2018\/02\/09\/marie-therese-lager-antropologa-y-docente-de-la-uartes\/","og_locale":"en_US","og_type":"article","og_title":"Universidad de las Artes - Marie-Therese Lager, antrop\u00f3loga y docente de la UArtes","og_description":"Universidad de las Artes - Marie-Therese Lager, antrop\u00f3loga y docente de la UArtes","og_url":"https:\/\/www.uartes.edu.ec\/sitio\/en\/blog\/2018\/02\/09\/marie-therese-lager-antropologa-y-docente-de-la-uartes\/","og_site_name":"Universidad de las Artes","article_publisher":"https:\/\/www.facebook.com\/uartesec","article_published_time":"2018-02-09T20:23:08+00:00","article_modified_time":"2024-07-04T16:53:58+00:00","author":"Universidad de las Artes","twitter_card":"summary_large_image","twitter_creator":"@uartesec","twitter_site":"@uartesec","twitter_misc":{"Written by":"Universidad de las Artes","Est. reading time":"2 minutes"},"schema":{"@context":"https:\/\/schema.org","@graph":[{"@type":"Article","@id":"https:\/\/www.uartes.edu.ec\/sitio\/en\/blog\/2018\/02\/09\/marie-therese-lager-antropologa-y-docente-de-la-uartes\/#article","isPartOf":{"@id":"https:\/\/www.uartes.edu.ec\/sitio\/en\/blog\/2018\/02\/09\/marie-therese-lager-antropologa-y-docente-de-la-uartes\/"},"author":{"name":"Universidad de las Artes","@id":"https:\/\/www.uartes.edu.ec\/sitio\/en\/#\/schema\/person\/f33f8c1d2af0d5c80a38c8abf458184a"},"headline":"Marie-Therese Lager, antrop\u00f3loga y docente de la UArtes","datePublished":"2018-02-09T20:23:08+00:00","dateModified":"2024-07-04T16:53:58+00:00","mainEntityOfPage":{"@id":"https:\/\/www.uartes.edu.ec\/sitio\/en\/blog\/2018\/02\/09\/marie-therese-lager-antropologa-y-docente-de-la-uartes\/"},"wordCount":374,"publisher":{"@id":"https:\/\/www.uartes.edu.ec\/sitio\/en\/#organization"},"image":{"@id":"https:\/\/www.uartes.edu.ec\/sitio\/en\/blog\/2018\/02\/09\/marie-therese-lager-antropologa-y-docente-de-la-uartes\/#primaryimage"},"thumbnailUrl":"","articleSection":["Docentes"],"inLanguage":"en-US"},{"@type":["WebPage","ItemPage"],"@id":"https:\/\/www.uartes.edu.ec\/sitio\/en\/blog\/2018\/02\/09\/marie-therese-lager-antropologa-y-docente-de-la-uartes\/","url":"https:\/\/www.uartes.edu.ec\/sitio\/en\/blog\/2018\/02\/09\/marie-therese-lager-antropologa-y-docente-de-la-uartes\/","name":"Universidad de las Artes - Marie-Therese Lager, antrop\u00f3loga y docente de la UArtes","isPartOf":{"@id":"https:\/\/www.uartes.edu.ec\/sitio\/en\/#website"},"primaryImageOfPage":{"@id":"https:\/\/www.uartes.edu.ec\/sitio\/en\/blog\/2018\/02\/09\/marie-therese-lager-antropologa-y-docente-de-la-uartes\/#primaryimage"},"image":{"@id":"https:\/\/www.uartes.edu.ec\/sitio\/en\/blog\/2018\/02\/09\/marie-therese-lager-antropologa-y-docente-de-la-uartes\/#primaryimage"},"thumbnailUrl":"","datePublished":"2018-02-09T20:23:08+00:00","dateModified":"2024-07-04T16:53:58+00:00","description":"Universidad de las Artes - Marie-Therese Lager, antrop\u00f3loga y docente de la UArtes","breadcrumb":{"@id":"https:\/\/www.uartes.edu.ec\/sitio\/en\/blog\/2018\/02\/09\/marie-therese-lager-antropologa-y-docente-de-la-uartes\/#breadcrumb"},"inLanguage":"en-US","potentialAction":[{"@type":"ReadAction","target":["https:\/\/www.uartes.edu.ec\/sitio\/en\/blog\/2018\/02\/09\/marie-therese-lager-antropologa-y-docente-de-la-uartes\/"]}]},{"@type":"ImageObject","inLanguage":"en-US","@id":"https:\/\/www.uartes.edu.ec\/sitio\/en\/blog\/2018\/02\/09\/marie-therese-lager-antropologa-y-docente-de-la-uartes\/#primaryimage","url":"","contentUrl":""},{"@type":"BreadcrumbList","@id":"https:\/\/www.uartes.edu.ec\/sitio\/en\/blog\/2018\/02\/09\/marie-therese-lager-antropologa-y-docente-de-la-uartes\/#breadcrumb","itemListElement":[{"@type":"ListItem","position":1,"name":"Inicio","item":"https:\/\/www.uartes.edu.ec\/sitio\/"},{"@type":"ListItem","position":2,"name":"Marie-Therese Lager, antrop\u00f3loga y docente de la UArtes"}]},{"@type":"WebSite","@id":"https:\/\/www.uartes.edu.ec\/sitio\/en\/#website","url":"https:\/\/www.uartes.edu.ec\/sitio\/en\/","name":"Universidad de las Artes","description":"Sitio oficial de la Universidad Nacional de las Artes del Ecuador","publisher":{"@id":"https:\/\/www.uartes.edu.ec\/sitio\/en\/#organization"},"potentialAction":[{"@type":"SearchAction","target":{"@type":"EntryPoint","urlTemplate":"https:\/\/www.uartes.edu.ec\/sitio\/en\/?s={search_term_string}"},"query-input":{"@type":"PropertyValueSpecification","valueRequired":true,"valueName":"search_term_string"}}],"inLanguage":"en-US"},{"@type":"Organization","@id":"https:\/\/www.uartes.edu.ec\/sitio\/en\/#organization","name":"Universidad de las Artes","url":"https:\/\/www.uartes.edu.ec\/sitio\/en\/","logo":{"@type":"ImageObject","inLanguage":"en-US","@id":"https:\/\/www.uartes.edu.ec\/sitio\/en\/#\/schema\/logo\/image\/","url":"https:\/\/www.uartes.edu.ec\/sitio\/wp-content\/uploads\/2022\/07\/logo-ua-horizontal.png","contentUrl":"https:\/\/www.uartes.edu.ec\/sitio\/wp-content\/uploads\/2022\/07\/logo-ua-horizontal.png","width":800,"height":276,"caption":"Universidad de las Artes"},"image":{"@id":"https:\/\/www.uartes.edu.ec\/sitio\/en\/#\/schema\/logo\/image\/"},"sameAs":["https:\/\/www.facebook.com\/uartesec","https:\/\/x.com\/uartesec","https:\/\/www.tiktok.com\/@uartesec"]},{"@type":"Person","@id":"https:\/\/www.uartes.edu.ec\/sitio\/en\/#\/schema\/person\/f33f8c1d2af0d5c80a38c8abf458184a","name":"Universidad de las Artes","image":{"@type":"ImageObject","inLanguage":"en-US","@id":"https:\/\/secure.gravatar.com\/avatar\/52e4757902f5cfa5ac52d020e5be83cae5487519154b6c35482fe08d589f3c13?s=96&d=mm&r=g","url":"https:\/\/secure.gravatar.com\/avatar\/52e4757902f5cfa5ac52d020e5be83cae5487519154b6c35482fe08d589f3c13?s=96&d=mm&r=g","contentUrl":"https:\/\/secure.gravatar.com\/avatar\/52e4757902f5cfa5ac52d020e5be83cae5487519154b6c35482fe08d589f3c13?s=96&d=mm&r=g","caption":"Universidad de las Artes"},"url":"https:\/\/www.uartes.edu.ec\/sitio\/en\/blog\/author\/dircomadm\/"}]}},"uagb_featured_image_src":{"full":false,"thumbnail":false,"medium":false,"medium_large":false,"large":false,"1536x1536":false,"2048x2048":false,"trp-custom-language-flag":false,"htmega_size_585x295":false,"htmega_size_1170x536":false,"htmega_size_396x360":false,"gb-block-post-grid-landscape":false,"gb-block-post-grid-square":false,"university-hub-thumb":false},"uagb_author_info":{"display_name":"Universidad de las Artes","author_link":"https:\/\/www.uartes.edu.ec\/sitio\/en\/blog\/author\/dircomadm\/"},"uagb_comment_info":0,"uagb_excerpt":"Antrop\u00f3loga e investigadora nacida en Viena, Austria. Trabaj\u00f3 en el Instituto Nacional del Patrimonio como Coordinadora del \u00c1rea Inmaterial de la Regi\u00f3n 5 desarrollando actividades y proyectos enfocados en la salvaguardia, la promoci\u00f3n y el rescate del Patrimonio Cultural Inmaterial del Ecuador. Ha dictado talleres y ponencias en torno al patrimonio, turismo, territorialidad e interculturalidad&hellip;","featured_image_src":null,"featured_image_src_square":null,"author_info":{"display_name":"Universidad de las Artes","author_link":"https:\/\/www.uartes.edu.ec\/sitio\/en\/blog\/author\/dircomadm\/"},"publishpress_future_workflow_manual_trigger":{"enabledWorkflows":[]},"distributor_meta":false,"distributor_terms":false,"distributor_media":false,"distributor_original_site_name":"Universidad de las Artes","distributor_original_site_url":"https:\/\/www.uartes.edu.ec\/sitio\/en","push-errors":false,"_links":{"self":[{"href":"https:\/\/www.uartes.edu.ec\/sitio\/en\/wp-json\/wp\/v2\/posts\/1227","targetHints":{"allow":["GET"]}}],"collection":[{"href":"https:\/\/www.uartes.edu.ec\/sitio\/en\/wp-json\/wp\/v2\/posts"}],"about":[{"href":"https:\/\/www.uartes.edu.ec\/sitio\/en\/wp-json\/wp\/v2\/types\/post"}],"author":[{"embeddable":true,"href":"https:\/\/www.uartes.edu.ec\/sitio\/en\/wp-json\/wp\/v2\/users\/1"}],"replies":[{"embeddable":true,"href":"https:\/\/www.uartes.edu.ec\/sitio\/en\/wp-json\/wp\/v2\/comments?post=1227"}],"version-history":[{"count":1,"href":"https:\/\/www.uartes.edu.ec\/sitio\/en\/wp-json\/wp\/v2\/posts\/1227\/revisions"}],"predecessor-version":[{"id":57888,"href":"https:\/\/www.uartes.edu.ec\/sitio\/en\/wp-json\/wp\/v2\/posts\/1227\/revisions\/57888"}],"wp:featuredmedia":[{"embeddable":true,"href":"https:\/\/www.uartes.edu.ec\/sitio\/en\/wp-json\/"}],"wp:attachment":[{"href":"https:\/\/www.uartes.edu.ec\/sitio\/en\/wp-json\/wp\/v2\/media?parent=1227"}],"wp:term":[{"taxonomy":"category","embeddable":true,"href":"https:\/\/www.uartes.edu.ec\/sitio\/en\/wp-json\/wp\/v2\/categories?post=1227"},{"taxonomy":"post_tag","embeddable":true,"href":"https:\/\/www.uartes.edu.ec\/sitio\/en\/wp-json\/wp\/v2\/tags?post=1227"},{"taxonomy":"infouartes","embeddable":true,"href":"https:\/\/www.uartes.edu.ec\/sitio\/en\/wp-json\/wp\/v2\/infouartes?post=1227"}],"curies":[{"name":"wp","href":"https:\/\/api.w.org\/{rel}","templated":true}]}}