{"id":1232,"date":"2018-02-15T14:21:17","date_gmt":"2018-02-15T19:21:17","guid":{"rendered":"http:\/\/www.uartes.edu.ec\/infouartes\/?p=1232"},"modified":"2024-07-04T11:53:58","modified_gmt":"2024-07-04T16:53:58","slug":"carteles-ecuatorianos-sobre-independencia-se-exhibiran-en-polonia","status":"publish","type":"post","link":"https:\/\/www.uartes.edu.ec\/sitio\/en\/blog\/2018\/02\/15\/carteles-ecuatorianos-sobre-independencia-se-exhibiran-en-polonia\/","title":{"rendered":"Carteles ecuatorianos sobre \u2018independencia\u2019 se exhibir\u00e1n en Polonia"},"content":{"rendered":"<p>Los carteles de Kenia Carbo, Marco Antonio Saenz, Manuel C\u00f3rdova, Universidad de las Artes, de Mar\u00eda P\u00eda Vela, Pontificia Universidad Cat\u00f3lica del Ecuador, y de Valentina Bol\u00edvar Granizo, Universidad Casa Grande, fueron seleccionados para formar parte de la muestra internacional de carteles de gran formato, \u2018100 carteles por la independencia\u2019, que tendr\u00e1 lugar en el Poster Museum de Wilan\u00f3w, en Varsovia, Polonia, desde el 15 de marzo al 13 de mayo de 2018.<\/p>\n<p>Esta convocatoria la realiz\u00f3 la Academia Polaco-Japonesa de Tecnolog\u00edas de la Informaci\u00f3n y el Poster Museum de Wilan\u00f3w, de Polonia. Las curadoras del proyecto internacional son la profesora Em\u00e9rita Marjatta Itkonen (Universidad de Aalto, Helsinki) y Ewa Satalecka (PJAIT, Varsovia). La curadora en Ecuador es la grafista Mar\u00eda Mercedes Salgado. En la muestra participar\u00e1n artistas de veinte pa\u00edses del mundo, Argentina y Ecuador resaltan como los pa\u00edses invitados por Latinoam\u00e9rica.<\/p>\n<p>En Ecuador la participaci\u00f3n fue a nivel nacional. La Factor\u00eda, la Universidad de las Artes y el Encuentro Internacional de Dise\u00f1o (Crom\u00eda) abrieron una convocatoria para la construcci\u00f3n de carteles sobre el tema \u2018independencia\u2019 invitando a estudiantes del pa\u00eds. \u201cLas otras Universidad hicieron talleres con sus estudiantes, en nuestro caso hicimos una convocatoria nacional para abrir las puertas a los estudiantes de todo el Ecuador\u201d, explica Mar\u00eda Mercedes Salgado.<\/p>\n<p>Si bien Ecuador no cuenta con una tradici\u00f3n relacionada a la producci\u00f3n de carteles, este formato no deja de ser un producto v\u00e1lido en la ense\u00f1anza, comenta Salgado, \u201cel cartel es una pieza gr\u00e1fica que debe expresar un concepto a trav\u00e9s de un visual llevado a su m\u00ednima expresi\u00f3n, resumir en pocos elementos un concepto complejo, no es nada f\u00e1cil\u201d, explica.<\/p>\n<p>El jurado que determin\u00f3 la selecci\u00f3n final de los cinco carteles de tres universidades del pa\u00eds estuvo conformado por Paolo Vignola (fil\u00f3sofo), Pamela Villavicencio (dise\u00f1adora), Yor Moscozo (dise\u00f1ador), Armando Busquets (artista pl\u00e1stico) y Mar\u00eda Mercedes Salgado. La convocatoria reuni\u00f3 a 31 carteles de los que se seleccion\u00f3 cinco, adem\u00e1s de la exhibici\u00f3n, los carteles finalistas formar\u00e1n parte del cat\u00e1logo que se editar\u00e1 sobre la muestra.<\/p>\n<p><strong>Actividades en torno a la convocatoria<\/strong><\/p>\n<p>Partiendo del hecho que el cartel constituye para el dise\u00f1ador una plataforma de desarrollo y libertad creativa, tanto por la complejidad intelectual que demandan sus procesos de conceptualizaci\u00f3n como por la condici\u00f3n generalizada de ser hoy un tipo de producto cultural, La Factor\u00eda, en colaboraci\u00f3n con la UArtes, realiz\u00f3 varias actividades destinadas a dialogar y reflexionar sobre el cartel como soporte cultural y sobre el tema \u2018independencia\u2019.<\/p>\n<p>En el mes de diciembre de 2017, se realiz\u00f3 una residencia art\u00edstica para estudiante en la que, de manera participativa y en formato de taller, se reflexion\u00f3 sobre el cartel como soporte gr\u00e1fico y sobre la noci\u00f3n de independencia. Esta actividad se llev\u00f3 a cabo en el marco de la convocatoria nacional y como herramienta para que los artistas optimizar\u00e1n sus carteles a concursar.<\/p>\n<p style=\"text-align: center\">[embedyt] https:\/\/www.youtube.com\/watch?v=P5mEUrm7-j4[\/embedyt]<\/p>\n<p>En el mes de noviembre de 2017, en el contexto de los Encuentros P\u00fablicos de Artes, Interactos, se llev\u00f3 a cabo una mesa de di\u00e1logo sobre la noci\u00f3n de independencia en la que participaron un fil\u00f3sofo, un gestor cultural y un investigador.<\/p>\n<p style=\"text-align: center\">[embedyt] https:\/\/www.youtube.com\/watch?v=ae5b1Qpi5DM[\/embedyt]<\/p>\n<p>Estas propuestas fueron una iniciativa de <a href=\"http:\/\/msghdesign.blogspot.com\/\">La Factor\u00eda<\/a>, estructura cultural fundada en 2010 para residencias art\u00edsticas en relaci\u00f3n con las comunidades de la zona costera sur del Ecuador. Este espacio instalado re\u00fane a estudiantes de universidades nacionales e internacionales con artesanos de la zona para el desarrollo de proyectos destinados a solventar necesidades primarias de los habitantes.<\/p>\n<p><strong>Sobre los carteles ganadores<\/strong><\/p>\n<p style=\"text-align: center\">[metaslider id=1236]<\/p>\n<p>Kenia Carbo \u2013 Universidad de las Artes<\/p>\n<p>En mi cartel planteo un nuevo tipo de juego de la rayuela, donde el orden tradicional del juego es alterado para aumentar la posibilidad de errar. El juego que propongo, ilustra de alg\u00fan modo las contradicciones inherentes a la noci\u00f3n de Independencia.<\/p>\n<p>Marco S\u00e1enz \u2013 Universidad de las Artes<\/p>\n<p>Intento sugerir la tensi\u00f3n latente impl\u00edcita en el concepto de independencia; as\u00ed como las ideas de \u201csalvaci\u00f3n\u201d o \u201cemancipaci\u00f3n\u201d, el concepto de Independencia traduce nociones fabricadas al calor de la construcci\u00f3n ciertos modelos sociales; parecen conceptos seguros y estables, pero no lo son.<\/p>\n<p>Manuel C\u00f3rdova \u2013 Universidad de las Artes<\/p>\n<p>A partir de representaci\u00f3n de un artefacto mec\u00e1nico absurdo que intenta alimentarse de s\u00ed mismo; la imagen que propongo, habla de la imposibilidad de una pretendida Independencia. El color rojo del bot\u00f3n, sugiere que el dispositivo est\u00e1 prendido, sin embargo, es f\u00e1cil advertir que es imposible alimentarse de su propia energ\u00eda.<\/p>\n<p>Mar\u00eda P\u00eda Vela \u2013 Pontificia Universidad Cat\u00f3lica del Ecuador<\/p>\n<p>Mi cartel propone una met\u00e1fora \u2013quiz\u00e1s ideal- de la independencia. Le interesan las posibilidades sem\u00e1nticas que puedan derivarse de la imagen de un sujeto que se teje a s\u00ed mismo.<\/p>\n<p>Valentina Bol\u00edvar \u2013 Universidad Casa Grande<\/p>\n<p>Mi cartel se aproxima a la idea de \u201ccaminar\u201d, de andar solo; de la posibilidad de ser o no independiente. Por eso el \u00e1rbol, paradigm\u00e1tico s\u00edmbolo del car\u00e1cter sist\u00e9mico de la naturaleza y del sistema de sus interrelaciones.<\/p>\n","protected":false},"excerpt":{"rendered":"<p>Los carteles de Kenia Carbo, Marco Antonio Saenz, Manuel C\u00f3rdova, Universidad de las Artes, de Mar\u00eda P\u00eda Vela, Pontificia Universidad Cat\u00f3lica del Ecuador, y de Valentina Bol\u00edvar Granizo, Universidad Casa Grande, fueron seleccionados para formar parte de la muestra internacional de carteles de gran formato, \u2018100 carteles por la independencia\u2019, que tendr\u00e1 lugar en el [&hellip;]<\/p>\n","protected":false},"author":1,"featured_media":1237,"comment_status":"closed","ping_status":"open","sticky":false,"template":"","format":"standard","meta":{"_acf_changed":false,"_uag_custom_page_level_css":"","_monsterinsights_skip_tracking":false,"_monsterinsights_sitenote_active":false,"_monsterinsights_sitenote_note":"","_monsterinsights_sitenote_category":0,"cybocfi_hide_featured_image":"","footnotes":""},"categories":[82],"tags":[],"infouartes":[],"class_list":["post-1232","post","type-post","status-publish","format-standard","has-post-thumbnail","hentry","category-artes"],"acf":[],"yoast_head":"<!-- This site is optimized with the Yoast SEO plugin v27.4 - https:\/\/yoast.com\/product\/yoast-seo-wordpress\/ -->\n<title>Universidad de las Artes - Carteles ecuatorianos sobre \u2018independencia\u2019 se exhibir\u00e1n en Polonia<\/title>\n<meta name=\"description\" content=\"Universidad de las Artes - Carteles ecuatorianos sobre \u2018independencia\u2019 se exhibir\u00e1n en Polonia\" \/>\n<meta name=\"robots\" content=\"index, follow, max-snippet:-1, max-image-preview:large, max-video-preview:-1\" \/>\n<link rel=\"canonical\" href=\"https:\/\/www.uartes.edu.ec\/sitio\/en\/blog\/2018\/02\/15\/carteles-ecuatorianos-sobre-independencia-se-exhibiran-en-polonia\/\" \/>\n<meta property=\"og:locale\" content=\"en_US\" \/>\n<meta property=\"og:type\" content=\"article\" \/>\n<meta property=\"og:title\" content=\"Universidad de las Artes - Carteles ecuatorianos sobre \u2018independencia\u2019 se exhibir\u00e1n en Polonia\" \/>\n<meta property=\"og:description\" content=\"Universidad de las Artes - Carteles ecuatorianos sobre \u2018independencia\u2019 se exhibir\u00e1n en Polonia\" \/>\n<meta property=\"og:url\" content=\"https:\/\/www.uartes.edu.ec\/sitio\/en\/blog\/2018\/02\/15\/carteles-ecuatorianos-sobre-independencia-se-exhibiran-en-polonia\/\" \/>\n<meta property=\"og:site_name\" content=\"Universidad de las Artes\" \/>\n<meta property=\"article:publisher\" content=\"https:\/\/www.facebook.com\/uartesec\" \/>\n<meta property=\"article:published_time\" content=\"2018-02-15T19:21:17+00:00\" \/>\n<meta property=\"article:modified_time\" content=\"2024-07-04T16:53:58+00:00\" \/>\n<meta name=\"author\" content=\"Universidad de las Artes\" \/>\n<meta name=\"twitter:card\" content=\"summary_large_image\" \/>\n<meta name=\"twitter:creator\" content=\"@uartesec\" \/>\n<meta name=\"twitter:site\" content=\"@uartesec\" \/>\n<meta name=\"twitter:label1\" content=\"Written by\" \/>\n\t<meta name=\"twitter:data1\" content=\"Universidad de las Artes\" \/>\n\t<meta name=\"twitter:label2\" content=\"Est. reading time\" \/>\n\t<meta name=\"twitter:data2\" content=\"5 minutes\" \/>\n<script type=\"application\/ld+json\" class=\"yoast-schema-graph\">{\"@context\":\"https:\\\/\\\/schema.org\",\"@graph\":[{\"@type\":\"Article\",\"@id\":\"https:\\\/\\\/www.uartes.edu.ec\\\/sitio\\\/en\\\/blog\\\/2018\\\/02\\\/15\\\/carteles-ecuatorianos-sobre-independencia-se-exhibiran-en-polonia\\\/#article\",\"isPartOf\":{\"@id\":\"https:\\\/\\\/www.uartes.edu.ec\\\/sitio\\\/en\\\/blog\\\/2018\\\/02\\\/15\\\/carteles-ecuatorianos-sobre-independencia-se-exhibiran-en-polonia\\\/\"},\"author\":{\"name\":\"Universidad de las Artes\",\"@id\":\"https:\\\/\\\/www.uartes.edu.ec\\\/sitio\\\/en\\\/#\\\/schema\\\/person\\\/f33f8c1d2af0d5c80a38c8abf458184a\"},\"headline\":\"Carteles ecuatorianos sobre \u2018independencia\u2019 se exhibir\u00e1n en Polonia\",\"datePublished\":\"2018-02-15T19:21:17+00:00\",\"dateModified\":\"2024-07-04T16:53:58+00:00\",\"mainEntityOfPage\":{\"@id\":\"https:\\\/\\\/www.uartes.edu.ec\\\/sitio\\\/en\\\/blog\\\/2018\\\/02\\\/15\\\/carteles-ecuatorianos-sobre-independencia-se-exhibiran-en-polonia\\\/\"},\"wordCount\":923,\"publisher\":{\"@id\":\"https:\\\/\\\/www.uartes.edu.ec\\\/sitio\\\/en\\\/#organization\"},\"image\":{\"@id\":\"https:\\\/\\\/www.uartes.edu.ec\\\/sitio\\\/en\\\/blog\\\/2018\\\/02\\\/15\\\/carteles-ecuatorianos-sobre-independencia-se-exhibiran-en-polonia\\\/#primaryimage\"},\"thumbnailUrl\":\"\",\"articleSection\":[\"Artes\"],\"inLanguage\":\"en-US\"},{\"@type\":[\"WebPage\",\"ItemPage\"],\"@id\":\"https:\\\/\\\/www.uartes.edu.ec\\\/sitio\\\/en\\\/blog\\\/2018\\\/02\\\/15\\\/carteles-ecuatorianos-sobre-independencia-se-exhibiran-en-polonia\\\/\",\"url\":\"https:\\\/\\\/www.uartes.edu.ec\\\/sitio\\\/en\\\/blog\\\/2018\\\/02\\\/15\\\/carteles-ecuatorianos-sobre-independencia-se-exhibiran-en-polonia\\\/\",\"name\":\"Universidad de las Artes - Carteles ecuatorianos sobre \u2018independencia\u2019 se exhibir\u00e1n en Polonia\",\"isPartOf\":{\"@id\":\"https:\\\/\\\/www.uartes.edu.ec\\\/sitio\\\/en\\\/#website\"},\"primaryImageOfPage\":{\"@id\":\"https:\\\/\\\/www.uartes.edu.ec\\\/sitio\\\/en\\\/blog\\\/2018\\\/02\\\/15\\\/carteles-ecuatorianos-sobre-independencia-se-exhibiran-en-polonia\\\/#primaryimage\"},\"image\":{\"@id\":\"https:\\\/\\\/www.uartes.edu.ec\\\/sitio\\\/en\\\/blog\\\/2018\\\/02\\\/15\\\/carteles-ecuatorianos-sobre-independencia-se-exhibiran-en-polonia\\\/#primaryimage\"},\"thumbnailUrl\":\"\",\"datePublished\":\"2018-02-15T19:21:17+00:00\",\"dateModified\":\"2024-07-04T16:53:58+00:00\",\"description\":\"Universidad de las Artes - Carteles ecuatorianos sobre \u2018independencia\u2019 se exhibir\u00e1n en Polonia\",\"breadcrumb\":{\"@id\":\"https:\\\/\\\/www.uartes.edu.ec\\\/sitio\\\/en\\\/blog\\\/2018\\\/02\\\/15\\\/carteles-ecuatorianos-sobre-independencia-se-exhibiran-en-polonia\\\/#breadcrumb\"},\"inLanguage\":\"en-US\",\"potentialAction\":[{\"@type\":\"ReadAction\",\"target\":[\"https:\\\/\\\/www.uartes.edu.ec\\\/sitio\\\/en\\\/blog\\\/2018\\\/02\\\/15\\\/carteles-ecuatorianos-sobre-independencia-se-exhibiran-en-polonia\\\/\"]}]},{\"@type\":\"ImageObject\",\"inLanguage\":\"en-US\",\"@id\":\"https:\\\/\\\/www.uartes.edu.ec\\\/sitio\\\/en\\\/blog\\\/2018\\\/02\\\/15\\\/carteles-ecuatorianos-sobre-independencia-se-exhibiran-en-polonia\\\/#primaryimage\",\"url\":\"\",\"contentUrl\":\"\"},{\"@type\":\"BreadcrumbList\",\"@id\":\"https:\\\/\\\/www.uartes.edu.ec\\\/sitio\\\/en\\\/blog\\\/2018\\\/02\\\/15\\\/carteles-ecuatorianos-sobre-independencia-se-exhibiran-en-polonia\\\/#breadcrumb\",\"itemListElement\":[{\"@type\":\"ListItem\",\"position\":1,\"name\":\"Inicio\",\"item\":\"https:\\\/\\\/www.uartes.edu.ec\\\/sitio\\\/\"},{\"@type\":\"ListItem\",\"position\":2,\"name\":\"Carteles ecuatorianos sobre \u2018independencia\u2019 se exhibir\u00e1n en Polonia\"}]},{\"@type\":\"WebSite\",\"@id\":\"https:\\\/\\\/www.uartes.edu.ec\\\/sitio\\\/en\\\/#website\",\"url\":\"https:\\\/\\\/www.uartes.edu.ec\\\/sitio\\\/en\\\/\",\"name\":\"Universidad de las Artes\",\"description\":\"Sitio oficial de la Universidad Nacional de las Artes del Ecuador\",\"publisher\":{\"@id\":\"https:\\\/\\\/www.uartes.edu.ec\\\/sitio\\\/en\\\/#organization\"},\"potentialAction\":[{\"@type\":\"SearchAction\",\"target\":{\"@type\":\"EntryPoint\",\"urlTemplate\":\"https:\\\/\\\/www.uartes.edu.ec\\\/sitio\\\/en\\\/?s={search_term_string}\"},\"query-input\":{\"@type\":\"PropertyValueSpecification\",\"valueRequired\":true,\"valueName\":\"search_term_string\"}}],\"inLanguage\":\"en-US\"},{\"@type\":\"Organization\",\"@id\":\"https:\\\/\\\/www.uartes.edu.ec\\\/sitio\\\/en\\\/#organization\",\"name\":\"Universidad de las Artes\",\"url\":\"https:\\\/\\\/www.uartes.edu.ec\\\/sitio\\\/en\\\/\",\"logo\":{\"@type\":\"ImageObject\",\"inLanguage\":\"en-US\",\"@id\":\"https:\\\/\\\/www.uartes.edu.ec\\\/sitio\\\/en\\\/#\\\/schema\\\/logo\\\/image\\\/\",\"url\":\"https:\\\/\\\/www.uartes.edu.ec\\\/sitio\\\/wp-content\\\/uploads\\\/2022\\\/07\\\/logo-ua-horizontal.png\",\"contentUrl\":\"https:\\\/\\\/www.uartes.edu.ec\\\/sitio\\\/wp-content\\\/uploads\\\/2022\\\/07\\\/logo-ua-horizontal.png\",\"width\":800,\"height\":276,\"caption\":\"Universidad de las Artes\"},\"image\":{\"@id\":\"https:\\\/\\\/www.uartes.edu.ec\\\/sitio\\\/en\\\/#\\\/schema\\\/logo\\\/image\\\/\"},\"sameAs\":[\"https:\\\/\\\/www.facebook.com\\\/uartesec\",\"https:\\\/\\\/x.com\\\/uartesec\",\"https:\\\/\\\/www.tiktok.com\\\/@uartesec\"]},{\"@type\":\"Person\",\"@id\":\"https:\\\/\\\/www.uartes.edu.ec\\\/sitio\\\/en\\\/#\\\/schema\\\/person\\\/f33f8c1d2af0d5c80a38c8abf458184a\",\"name\":\"Universidad de las Artes\",\"image\":{\"@type\":\"ImageObject\",\"inLanguage\":\"en-US\",\"@id\":\"https:\\\/\\\/secure.gravatar.com\\\/avatar\\\/52e4757902f5cfa5ac52d020e5be83cae5487519154b6c35482fe08d589f3c13?s=96&d=mm&r=g\",\"url\":\"https:\\\/\\\/secure.gravatar.com\\\/avatar\\\/52e4757902f5cfa5ac52d020e5be83cae5487519154b6c35482fe08d589f3c13?s=96&d=mm&r=g\",\"contentUrl\":\"https:\\\/\\\/secure.gravatar.com\\\/avatar\\\/52e4757902f5cfa5ac52d020e5be83cae5487519154b6c35482fe08d589f3c13?s=96&d=mm&r=g\",\"caption\":\"Universidad de las Artes\"},\"url\":\"https:\\\/\\\/www.uartes.edu.ec\\\/sitio\\\/en\\\/blog\\\/author\\\/dircomadm\\\/\"}]}<\/script>\n<!-- \/ Yoast SEO plugin. -->","yoast_head_json":{"title":"Universidad de las Artes - Carteles ecuatorianos sobre \u2018independencia\u2019 se exhibir\u00e1n en Polonia","description":"Universidad de las Artes - Carteles ecuatorianos sobre \u2018independencia\u2019 se exhibir\u00e1n en Polonia","robots":{"index":"index","follow":"follow","max-snippet":"max-snippet:-1","max-image-preview":"max-image-preview:large","max-video-preview":"max-video-preview:-1"},"canonical":"https:\/\/www.uartes.edu.ec\/sitio\/en\/blog\/2018\/02\/15\/carteles-ecuatorianos-sobre-independencia-se-exhibiran-en-polonia\/","og_locale":"en_US","og_type":"article","og_title":"Universidad de las Artes - Carteles ecuatorianos sobre \u2018independencia\u2019 se exhibir\u00e1n en Polonia","og_description":"Universidad de las Artes - Carteles ecuatorianos sobre \u2018independencia\u2019 se exhibir\u00e1n en Polonia","og_url":"https:\/\/www.uartes.edu.ec\/sitio\/en\/blog\/2018\/02\/15\/carteles-ecuatorianos-sobre-independencia-se-exhibiran-en-polonia\/","og_site_name":"Universidad de las Artes","article_publisher":"https:\/\/www.facebook.com\/uartesec","article_published_time":"2018-02-15T19:21:17+00:00","article_modified_time":"2024-07-04T16:53:58+00:00","author":"Universidad de las Artes","twitter_card":"summary_large_image","twitter_creator":"@uartesec","twitter_site":"@uartesec","twitter_misc":{"Written by":"Universidad de las Artes","Est. reading time":"5 minutes"},"schema":{"@context":"https:\/\/schema.org","@graph":[{"@type":"Article","@id":"https:\/\/www.uartes.edu.ec\/sitio\/en\/blog\/2018\/02\/15\/carteles-ecuatorianos-sobre-independencia-se-exhibiran-en-polonia\/#article","isPartOf":{"@id":"https:\/\/www.uartes.edu.ec\/sitio\/en\/blog\/2018\/02\/15\/carteles-ecuatorianos-sobre-independencia-se-exhibiran-en-polonia\/"},"author":{"name":"Universidad de las Artes","@id":"https:\/\/www.uartes.edu.ec\/sitio\/en\/#\/schema\/person\/f33f8c1d2af0d5c80a38c8abf458184a"},"headline":"Carteles ecuatorianos sobre \u2018independencia\u2019 se exhibir\u00e1n en Polonia","datePublished":"2018-02-15T19:21:17+00:00","dateModified":"2024-07-04T16:53:58+00:00","mainEntityOfPage":{"@id":"https:\/\/www.uartes.edu.ec\/sitio\/en\/blog\/2018\/02\/15\/carteles-ecuatorianos-sobre-independencia-se-exhibiran-en-polonia\/"},"wordCount":923,"publisher":{"@id":"https:\/\/www.uartes.edu.ec\/sitio\/en\/#organization"},"image":{"@id":"https:\/\/www.uartes.edu.ec\/sitio\/en\/blog\/2018\/02\/15\/carteles-ecuatorianos-sobre-independencia-se-exhibiran-en-polonia\/#primaryimage"},"thumbnailUrl":"","articleSection":["Artes"],"inLanguage":"en-US"},{"@type":["WebPage","ItemPage"],"@id":"https:\/\/www.uartes.edu.ec\/sitio\/en\/blog\/2018\/02\/15\/carteles-ecuatorianos-sobre-independencia-se-exhibiran-en-polonia\/","url":"https:\/\/www.uartes.edu.ec\/sitio\/en\/blog\/2018\/02\/15\/carteles-ecuatorianos-sobre-independencia-se-exhibiran-en-polonia\/","name":"Universidad de las Artes - Carteles ecuatorianos sobre \u2018independencia\u2019 se exhibir\u00e1n en Polonia","isPartOf":{"@id":"https:\/\/www.uartes.edu.ec\/sitio\/en\/#website"},"primaryImageOfPage":{"@id":"https:\/\/www.uartes.edu.ec\/sitio\/en\/blog\/2018\/02\/15\/carteles-ecuatorianos-sobre-independencia-se-exhibiran-en-polonia\/#primaryimage"},"image":{"@id":"https:\/\/www.uartes.edu.ec\/sitio\/en\/blog\/2018\/02\/15\/carteles-ecuatorianos-sobre-independencia-se-exhibiran-en-polonia\/#primaryimage"},"thumbnailUrl":"","datePublished":"2018-02-15T19:21:17+00:00","dateModified":"2024-07-04T16:53:58+00:00","description":"Universidad de las Artes - Carteles ecuatorianos sobre \u2018independencia\u2019 se exhibir\u00e1n en Polonia","breadcrumb":{"@id":"https:\/\/www.uartes.edu.ec\/sitio\/en\/blog\/2018\/02\/15\/carteles-ecuatorianos-sobre-independencia-se-exhibiran-en-polonia\/#breadcrumb"},"inLanguage":"en-US","potentialAction":[{"@type":"ReadAction","target":["https:\/\/www.uartes.edu.ec\/sitio\/en\/blog\/2018\/02\/15\/carteles-ecuatorianos-sobre-independencia-se-exhibiran-en-polonia\/"]}]},{"@type":"ImageObject","inLanguage":"en-US","@id":"https:\/\/www.uartes.edu.ec\/sitio\/en\/blog\/2018\/02\/15\/carteles-ecuatorianos-sobre-independencia-se-exhibiran-en-polonia\/#primaryimage","url":"","contentUrl":""},{"@type":"BreadcrumbList","@id":"https:\/\/www.uartes.edu.ec\/sitio\/en\/blog\/2018\/02\/15\/carteles-ecuatorianos-sobre-independencia-se-exhibiran-en-polonia\/#breadcrumb","itemListElement":[{"@type":"ListItem","position":1,"name":"Inicio","item":"https:\/\/www.uartes.edu.ec\/sitio\/"},{"@type":"ListItem","position":2,"name":"Carteles ecuatorianos sobre \u2018independencia\u2019 se exhibir\u00e1n en Polonia"}]},{"@type":"WebSite","@id":"https:\/\/www.uartes.edu.ec\/sitio\/en\/#website","url":"https:\/\/www.uartes.edu.ec\/sitio\/en\/","name":"Universidad de las Artes","description":"Sitio oficial de la Universidad Nacional de las Artes del Ecuador","publisher":{"@id":"https:\/\/www.uartes.edu.ec\/sitio\/en\/#organization"},"potentialAction":[{"@type":"SearchAction","target":{"@type":"EntryPoint","urlTemplate":"https:\/\/www.uartes.edu.ec\/sitio\/en\/?s={search_term_string}"},"query-input":{"@type":"PropertyValueSpecification","valueRequired":true,"valueName":"search_term_string"}}],"inLanguage":"en-US"},{"@type":"Organization","@id":"https:\/\/www.uartes.edu.ec\/sitio\/en\/#organization","name":"Universidad de las Artes","url":"https:\/\/www.uartes.edu.ec\/sitio\/en\/","logo":{"@type":"ImageObject","inLanguage":"en-US","@id":"https:\/\/www.uartes.edu.ec\/sitio\/en\/#\/schema\/logo\/image\/","url":"https:\/\/www.uartes.edu.ec\/sitio\/wp-content\/uploads\/2022\/07\/logo-ua-horizontal.png","contentUrl":"https:\/\/www.uartes.edu.ec\/sitio\/wp-content\/uploads\/2022\/07\/logo-ua-horizontal.png","width":800,"height":276,"caption":"Universidad de las Artes"},"image":{"@id":"https:\/\/www.uartes.edu.ec\/sitio\/en\/#\/schema\/logo\/image\/"},"sameAs":["https:\/\/www.facebook.com\/uartesec","https:\/\/x.com\/uartesec","https:\/\/www.tiktok.com\/@uartesec"]},{"@type":"Person","@id":"https:\/\/www.uartes.edu.ec\/sitio\/en\/#\/schema\/person\/f33f8c1d2af0d5c80a38c8abf458184a","name":"Universidad de las Artes","image":{"@type":"ImageObject","inLanguage":"en-US","@id":"https:\/\/secure.gravatar.com\/avatar\/52e4757902f5cfa5ac52d020e5be83cae5487519154b6c35482fe08d589f3c13?s=96&d=mm&r=g","url":"https:\/\/secure.gravatar.com\/avatar\/52e4757902f5cfa5ac52d020e5be83cae5487519154b6c35482fe08d589f3c13?s=96&d=mm&r=g","contentUrl":"https:\/\/secure.gravatar.com\/avatar\/52e4757902f5cfa5ac52d020e5be83cae5487519154b6c35482fe08d589f3c13?s=96&d=mm&r=g","caption":"Universidad de las Artes"},"url":"https:\/\/www.uartes.edu.ec\/sitio\/en\/blog\/author\/dircomadm\/"}]}},"uagb_featured_image_src":{"full":false,"thumbnail":false,"medium":false,"medium_large":false,"large":false,"1536x1536":false,"2048x2048":false,"trp-custom-language-flag":false,"htmega_size_585x295":false,"htmega_size_1170x536":false,"htmega_size_396x360":false,"gb-block-post-grid-landscape":false,"gb-block-post-grid-square":false,"university-hub-thumb":false},"uagb_author_info":{"display_name":"Universidad de las Artes","author_link":"https:\/\/www.uartes.edu.ec\/sitio\/en\/blog\/author\/dircomadm\/"},"uagb_comment_info":0,"uagb_excerpt":"Los carteles de Kenia Carbo, Marco Antonio Saenz, Manuel C\u00f3rdova, Universidad de las Artes, de Mar\u00eda P\u00eda Vela, Pontificia Universidad Cat\u00f3lica del Ecuador, y de Valentina Bol\u00edvar Granizo, Universidad Casa Grande, fueron seleccionados para formar parte de la muestra internacional de carteles de gran formato, \u2018100 carteles por la independencia\u2019, que tendr\u00e1 lugar en el&hellip;","featured_image_src":null,"featured_image_src_square":null,"author_info":{"display_name":"Universidad de las Artes","author_link":"https:\/\/www.uartes.edu.ec\/sitio\/en\/blog\/author\/dircomadm\/"},"publishpress_future_workflow_manual_trigger":{"enabledWorkflows":[]},"distributor_meta":false,"distributor_terms":false,"distributor_media":false,"distributor_original_site_name":"Universidad de las Artes","distributor_original_site_url":"https:\/\/www.uartes.edu.ec\/sitio\/en","push-errors":false,"_links":{"self":[{"href":"https:\/\/www.uartes.edu.ec\/sitio\/en\/wp-json\/wp\/v2\/posts\/1232","targetHints":{"allow":["GET"]}}],"collection":[{"href":"https:\/\/www.uartes.edu.ec\/sitio\/en\/wp-json\/wp\/v2\/posts"}],"about":[{"href":"https:\/\/www.uartes.edu.ec\/sitio\/en\/wp-json\/wp\/v2\/types\/post"}],"author":[{"embeddable":true,"href":"https:\/\/www.uartes.edu.ec\/sitio\/en\/wp-json\/wp\/v2\/users\/1"}],"replies":[{"embeddable":true,"href":"https:\/\/www.uartes.edu.ec\/sitio\/en\/wp-json\/wp\/v2\/comments?post=1232"}],"version-history":[{"count":1,"href":"https:\/\/www.uartes.edu.ec\/sitio\/en\/wp-json\/wp\/v2\/posts\/1232\/revisions"}],"predecessor-version":[{"id":57887,"href":"https:\/\/www.uartes.edu.ec\/sitio\/en\/wp-json\/wp\/v2\/posts\/1232\/revisions\/57887"}],"wp:featuredmedia":[{"embeddable":true,"href":"https:\/\/www.uartes.edu.ec\/sitio\/en\/wp-json\/"}],"wp:attachment":[{"href":"https:\/\/www.uartes.edu.ec\/sitio\/en\/wp-json\/wp\/v2\/media?parent=1232"}],"wp:term":[{"taxonomy":"category","embeddable":true,"href":"https:\/\/www.uartes.edu.ec\/sitio\/en\/wp-json\/wp\/v2\/categories?post=1232"},{"taxonomy":"post_tag","embeddable":true,"href":"https:\/\/www.uartes.edu.ec\/sitio\/en\/wp-json\/wp\/v2\/tags?post=1232"},{"taxonomy":"infouartes","embeddable":true,"href":"https:\/\/www.uartes.edu.ec\/sitio\/en\/wp-json\/wp\/v2\/infouartes?post=1232"}],"curies":[{"name":"wp","href":"https:\/\/api.w.org\/{rel}","templated":true}]}}