{"id":12367,"date":"2020-12-30T11:51:00","date_gmt":"2020-12-30T16:51:00","guid":{"rendered":"http:\/\/www.uartes.edu.ec\/sitio\/?p=12367"},"modified":"2024-07-04T11:33:03","modified_gmt":"2024-07-04T16:33:03","slug":"la-autoetnografia-en-la-vida-secreta-de-las-rosas-del-relato-intimo-al-relato-social","status":"publish","type":"post","link":"https:\/\/www.uartes.edu.ec\/sitio\/en\/blog\/2020\/12\/30\/la-autoetnografia-en-la-vida-secreta-de-las-rosas-del-relato-intimo-al-relato-social\/","title":{"rendered":"La autoetnograf\u00eda en \u201cLa vida secreta de las Rosas\u201d, del relato \u00edntimo al relato social"},"content":{"rendered":"<p>Rosa Ileana Matamoros Calder\u00f3n, licenciada en Cine por la Universidad de las Artes, present\u00f3 como trabajo final de tesis <em>La vida secreta de las Rosas,<\/em> un documental performativo en primera persona en la tradici\u00f3n de filmes y autores como <em>The Sweetest Sound <\/em>(2001), del norteamericano Alan Berliner; <em>Genoveva<\/em> (2015), de la chilena Paola Castillo; o, <em>Cinco caminos a Dar\u00edo<\/em> (2010), del ecuatoriano Dar\u00edo Aguirre.<\/p>\n\n\n\n<p>Ante el tribunal de defensa, conformado por los docentes Julie Tom\u00e9, Javier Andrade y Arturo Serrano, la autora del guion de largometraje <em>La vida secreta de las Rosas<\/em> expuso que las pel\u00edculas en primera persona, que abordan temas autobiogr\u00e1ficos, son una clase de no-ficci\u00f3n cinematogr\u00e1fica que puede construirse como una autoetnograf\u00eda.<\/p>\n\n\n\n<p>La posibilidad de que el relato de una experiencia personal e \u00edntima del autor o autora d\u00e9 cuenta de la realidad social y cultural del contexto en el que transcurre su existencia, se confirma en una amplia tradici\u00f3n de este subg\u00e9nero del cine documental universal, y que tiene importantes exponentes en la cinematograf\u00eda ecuatoriana.<\/p>\n\n\n\n<p>El estudio de este tipo de relato audiovisual y de los recursos y dispositivos que utilizan sus directores para representar los resultados o los procesos de su investigaci\u00f3n autoetnogr\u00e1fica ha sido fundamental en la escritura del guion de La vida secreta de las Rosas.<\/p>\n\n\n\n<p>El guion mencionado tiene un antecedente cinematogr\u00e1fico directo. En 2018, como proyecto de Laboratorio de Rodaje 2, Matamoros dirigi\u00f3 <em>Rosita,<\/em> un cortometraje en el que trataba de reconstruir a su t\u00eda a partir de aquella pel\u00edcula de 8mm. <em>Rosita<\/em> se estren\u00f3 en el Festival de Cine Documental Encuentros de Otro Cine, EDOC (2018), y ha participado en m\u00e1s de 15 festivales nacionales e internacionales.<\/p>\n\n\n\n<p><em>\u201cLa vida secreta de las Rosas<\/em> es un viaje que atraviesa distintas \u00e9pocas, historias y personalidades, desde los tiempos de mi bisabuela, cuenta, pasando por las dictaduras, las conquistas feministas y la \u00e9poca actual; hoy y antes, ser una mujer libre ha sido una lucha diaria. Ellas hicieron tambi\u00e9n eso que llamamos la historia de la humanidad, solamente que a las que decidieron vivir fuera de los est\u00e1ndares, la mayor\u00eda del tiempo, las silenciaron\u201d, explica la autora en su documento de tesis.<\/p>\n\n\n\n<p>Agrega que todav\u00eda parece que no es conveniente hablar fuerte, protestar, gritar, ser grosera, cuando eres del g\u00e9nero femenino. En distintos lugares y tiempos, \u201cla vida secreta\u201d busca reconstruir historias, desmitificar cuentos, aflojar las lenguas y sentir lo que realmente significa la vida desde la piel de una Rosa.<\/p>\n\n\n\n<p>El objetivo general de este producto art\u00edstico, se\u00f1ala Rosa Ileana Matamoros, es reflexionar sobre el proceso de investigaci\u00f3n y escritura de <em>La vida secreta de las Rosas,<\/em> as\u00ed como sobre las motivaciones, dispositivos, recursos narrativos utilizados en este guion y de otros filmes (nacionales y extranjeros), que han sido referencias para su creaci\u00f3n.<\/p>\n\n\n\n<p>En torno a la pertinencia del proyecto, la licenciada de Cine indica que se inscribe en una tradici\u00f3n que no es nueva en la cinematograf\u00eda ecuatoriana de las \u00faltimas d\u00e9cadas: pel\u00edculas que partiendo desde la subjetividad m\u00e1s \u00edntima abordan relatos colectivos, sociales, estructurales, y que han sido bien recibidas por la cr\u00edtica y el p\u00fablico.<\/p>\n\n\n\n<p>Siguiendo la propuesta de la montajista y directora chilena Coti Donoso, el proceso de investigaci\u00f3n y escritura de <em>La vida secreta de las Rosas,<\/em> como ejercicio formal, elige para s\u00ed la definici\u00f3n de no-ficci\u00f3n (que proviene de la literatura) como \u201cuna reivindicaci\u00f3n de la gama de posibilidades que permite el cine, y un rechazo a las limitaciones que conlleva la palabra documental. La (re) utilizaci\u00f3n del t\u00e9rmino no-ficci\u00f3n es un acto pol\u00edtico consciente del contexto hist\u00f3rico del cine y un alejamiento a la necesidad de crear f\u00f3rmulas y maneras para satisfacer un cine industrial capitalista\u201d.<\/p>\n\n\n\n<p>Como conclusi\u00f3n, Rosa Ileana Matamoros precisa que en <em>Rosita<\/em> indaga en la vida de una t\u00eda que se llama como ella, pero que nunca conoci\u00f3, a trav\u00e9s de una vieja pel\u00edcula de cine casero.<\/p>\n\n\n\n<p>Su realizaci\u00f3n se convirti\u00f3 en un viaje de autodescubrimiento que le dej\u00f3 varias inquietudes sobre la experiencia vital de ser mujer, especialmente en un pa\u00eds latinoamericano y conservador como el Ecuador.<\/p>\n\n\n\n<p>Otros personajes e ideas surgieron durante la investigaci\u00f3n del cortometraje: relatos sobre la familia, la importancia de las historias que nos cuentan desde chicas, las luchas feministas y sociales libradas por las mujeres, la memoria y el cine. Y as\u00ed inici\u00f3 la escritura de La vida secreta de las Rosas.<\/p>\n\n\n\n<p>Rosa Ileana Matamoros, en su proyecto de titulaci\u00f3n, eligi\u00f3 partir de una hip\u00e9rbole: asegurar que odia su primer nombre. \u201cDir\u00e9 que lo siento como una carga, una herencia indeseable, una mansi\u00f3n embrujada. La realidad es que fui bautizada seg\u00fan una antigua costumbre familiar por parte materna: todas las primog\u00e9nitas se llamar\u00e1n Rosa\u201d.<\/p>","protected":false},"excerpt":{"rendered":"<p>Rosa Ileana Matamoros Calder\u00f3n, licenciada en Cine por la Universidad de las Artes, present\u00f3 como trabajo final de tesis La vida secreta de las Rosas, un documental performativo en primera persona en la tradici\u00f3n de filmes y autores como The Sweetest Sound (2001), del norteamericano Alan Berliner; Genoveva (2015), de la chilena Paola Castillo; o, Cinco caminos a Dar\u00edo (2010), del ecuatoriano Dar\u00edo Aguirre.<\/p>","protected":false},"author":1,"featured_media":12360,"comment_status":"closed","ping_status":"closed","sticky":false,"template":"","format":"standard","meta":{"_acf_changed":false,"_uag_custom_page_level_css":"","_monsterinsights_skip_tracking":false,"_monsterinsights_sitenote_active":false,"_monsterinsights_sitenote_note":"","_monsterinsights_sitenote_category":0,"cybocfi_hide_featured_image":"","footnotes":""},"categories":[80,147,76],"tags":[200],"infouartes":[],"class_list":["post-12367","post","type-post","status-publish","format-standard","has-post-thumbnail","hentry","category-academico","category-cine","category-estudiantes","tag-titulacion"],"acf":[],"yoast_head":"<!-- This site is optimized with the Yoast SEO plugin v27.4 - https:\/\/yoast.com\/product\/yoast-seo-wordpress\/ -->\n<title>Universidad de las Artes - La autoetnograf\u00eda en \u201cLa vida secreta de las Rosas\u201d, del relato \u00edntimo al relato social<\/title>\n<meta name=\"description\" content=\"Universidad de las Artes - La autoetnograf\u00eda en \u201cLa vida secreta de las Rosas\u201d, del relato \u00edntimo al relato social\" \/>\n<meta name=\"robots\" content=\"index, follow, max-snippet:-1, max-image-preview:large, max-video-preview:-1\" \/>\n<link rel=\"canonical\" href=\"https:\/\/www.uartes.edu.ec\/sitio\/en\/blog\/2020\/12\/30\/la-autoetnografia-en-la-vida-secreta-de-las-rosas-del-relato-intimo-al-relato-social\/\" \/>\n<meta property=\"og:locale\" content=\"en_US\" \/>\n<meta property=\"og:type\" content=\"article\" \/>\n<meta property=\"og:title\" content=\"Universidad de las Artes - La autoetnograf\u00eda en \u201cLa vida secreta de las Rosas\u201d, del relato \u00edntimo al relato social\" \/>\n<meta property=\"og:description\" content=\"Universidad de las Artes - La autoetnograf\u00eda en \u201cLa vida secreta de las Rosas\u201d, del relato \u00edntimo al relato social\" \/>\n<meta property=\"og:url\" content=\"https:\/\/www.uartes.edu.ec\/sitio\/en\/blog\/2020\/12\/30\/la-autoetnografia-en-la-vida-secreta-de-las-rosas-del-relato-intimo-al-relato-social\/\" \/>\n<meta property=\"og:site_name\" content=\"Universidad de las Artes\" \/>\n<meta property=\"article:publisher\" content=\"https:\/\/www.facebook.com\/uartesec\" \/>\n<meta property=\"article:published_time\" content=\"2020-12-30T16:51:00+00:00\" \/>\n<meta property=\"article:modified_time\" content=\"2024-07-04T16:33:03+00:00\" \/>\n<meta property=\"og:image\" content=\"https:\/\/www.uartes.edu.ec\/sitio\/wp-content\/uploads\/2021\/01\/02-ROSA-ILEANA-MATAMOROS.jpg\" \/>\n\t<meta property=\"og:image:width\" content=\"2000\" \/>\n\t<meta property=\"og:image:height\" content=\"1333\" \/>\n\t<meta property=\"og:image:type\" content=\"image\/jpeg\" \/>\n<meta name=\"author\" content=\"Universidad de las Artes\" \/>\n<meta name=\"twitter:card\" content=\"summary_large_image\" \/>\n<meta name=\"twitter:creator\" content=\"@uartesec\" \/>\n<meta name=\"twitter:site\" content=\"@uartesec\" \/>\n<meta name=\"twitter:label1\" content=\"Written by\" \/>\n\t<meta name=\"twitter:data1\" content=\"Universidad de las Artes\" \/>\n\t<meta name=\"twitter:label2\" content=\"Est. reading time\" \/>\n\t<meta name=\"twitter:data2\" content=\"4 minutes\" \/>\n<script type=\"application\/ld+json\" class=\"yoast-schema-graph\">{\"@context\":\"https:\\\/\\\/schema.org\",\"@graph\":[{\"@type\":\"Article\",\"@id\":\"https:\\\/\\\/www.uartes.edu.ec\\\/sitio\\\/en\\\/blog\\\/2020\\\/12\\\/30\\\/la-autoetnografia-en-la-vida-secreta-de-las-rosas-del-relato-intimo-al-relato-social\\\/#article\",\"isPartOf\":{\"@id\":\"https:\\\/\\\/www.uartes.edu.ec\\\/sitio\\\/en\\\/blog\\\/2020\\\/12\\\/30\\\/la-autoetnografia-en-la-vida-secreta-de-las-rosas-del-relato-intimo-al-relato-social\\\/\"},\"author\":{\"name\":\"Universidad de las Artes\",\"@id\":\"https:\\\/\\\/www.uartes.edu.ec\\\/sitio\\\/en\\\/#\\\/schema\\\/person\\\/f33f8c1d2af0d5c80a38c8abf458184a\"},\"headline\":\"La autoetnograf\u00eda en \u201cLa vida secreta de las Rosas\u201d, del relato \u00edntimo al relato social\",\"datePublished\":\"2020-12-30T16:51:00+00:00\",\"dateModified\":\"2024-07-04T16:33:03+00:00\",\"mainEntityOfPage\":{\"@id\":\"https:\\\/\\\/www.uartes.edu.ec\\\/sitio\\\/en\\\/blog\\\/2020\\\/12\\\/30\\\/la-autoetnografia-en-la-vida-secreta-de-las-rosas-del-relato-intimo-al-relato-social\\\/\"},\"wordCount\":844,\"publisher\":{\"@id\":\"https:\\\/\\\/www.uartes.edu.ec\\\/sitio\\\/en\\\/#organization\"},\"image\":{\"@id\":\"https:\\\/\\\/www.uartes.edu.ec\\\/sitio\\\/en\\\/blog\\\/2020\\\/12\\\/30\\\/la-autoetnografia-en-la-vida-secreta-de-las-rosas-del-relato-intimo-al-relato-social\\\/#primaryimage\"},\"thumbnailUrl\":\"https:\\\/\\\/www.uartes.edu.ec\\\/sitio\\\/wp-content\\\/uploads\\\/2021\\\/01\\\/02-ROSA-ILEANA-MATAMOROS.jpg\",\"keywords\":[\"titulaci\u00f3n\"],\"articleSection\":[\"Acad\u00e9mico\",\"Cine\",\"Estudiantes\"],\"inLanguage\":\"en-US\"},{\"@type\":[\"WebPage\",\"ItemPage\"],\"@id\":\"https:\\\/\\\/www.uartes.edu.ec\\\/sitio\\\/en\\\/blog\\\/2020\\\/12\\\/30\\\/la-autoetnografia-en-la-vida-secreta-de-las-rosas-del-relato-intimo-al-relato-social\\\/\",\"url\":\"https:\\\/\\\/www.uartes.edu.ec\\\/sitio\\\/en\\\/blog\\\/2020\\\/12\\\/30\\\/la-autoetnografia-en-la-vida-secreta-de-las-rosas-del-relato-intimo-al-relato-social\\\/\",\"name\":\"Universidad de las Artes - La autoetnograf\u00eda en \u201cLa vida secreta de las Rosas\u201d, del relato \u00edntimo al relato social\",\"isPartOf\":{\"@id\":\"https:\\\/\\\/www.uartes.edu.ec\\\/sitio\\\/en\\\/#website\"},\"primaryImageOfPage\":{\"@id\":\"https:\\\/\\\/www.uartes.edu.ec\\\/sitio\\\/en\\\/blog\\\/2020\\\/12\\\/30\\\/la-autoetnografia-en-la-vida-secreta-de-las-rosas-del-relato-intimo-al-relato-social\\\/#primaryimage\"},\"image\":{\"@id\":\"https:\\\/\\\/www.uartes.edu.ec\\\/sitio\\\/en\\\/blog\\\/2020\\\/12\\\/30\\\/la-autoetnografia-en-la-vida-secreta-de-las-rosas-del-relato-intimo-al-relato-social\\\/#primaryimage\"},\"thumbnailUrl\":\"https:\\\/\\\/www.uartes.edu.ec\\\/sitio\\\/wp-content\\\/uploads\\\/2021\\\/01\\\/02-ROSA-ILEANA-MATAMOROS.jpg\",\"datePublished\":\"2020-12-30T16:51:00+00:00\",\"dateModified\":\"2024-07-04T16:33:03+00:00\",\"description\":\"Universidad de las Artes - La autoetnograf\u00eda en \u201cLa vida secreta de las Rosas\u201d, del relato \u00edntimo al relato social\",\"breadcrumb\":{\"@id\":\"https:\\\/\\\/www.uartes.edu.ec\\\/sitio\\\/en\\\/blog\\\/2020\\\/12\\\/30\\\/la-autoetnografia-en-la-vida-secreta-de-las-rosas-del-relato-intimo-al-relato-social\\\/#breadcrumb\"},\"inLanguage\":\"en-US\",\"potentialAction\":[{\"@type\":\"ReadAction\",\"target\":[\"https:\\\/\\\/www.uartes.edu.ec\\\/sitio\\\/en\\\/blog\\\/2020\\\/12\\\/30\\\/la-autoetnografia-en-la-vida-secreta-de-las-rosas-del-relato-intimo-al-relato-social\\\/\"]}]},{\"@type\":\"ImageObject\",\"inLanguage\":\"en-US\",\"@id\":\"https:\\\/\\\/www.uartes.edu.ec\\\/sitio\\\/en\\\/blog\\\/2020\\\/12\\\/30\\\/la-autoetnografia-en-la-vida-secreta-de-las-rosas-del-relato-intimo-al-relato-social\\\/#primaryimage\",\"url\":\"https:\\\/\\\/www.uartes.edu.ec\\\/sitio\\\/wp-content\\\/uploads\\\/2021\\\/01\\\/02-ROSA-ILEANA-MATAMOROS.jpg\",\"contentUrl\":\"https:\\\/\\\/www.uartes.edu.ec\\\/sitio\\\/wp-content\\\/uploads\\\/2021\\\/01\\\/02-ROSA-ILEANA-MATAMOROS.jpg\",\"width\":2000,\"height\":1333},{\"@type\":\"BreadcrumbList\",\"@id\":\"https:\\\/\\\/www.uartes.edu.ec\\\/sitio\\\/en\\\/blog\\\/2020\\\/12\\\/30\\\/la-autoetnografia-en-la-vida-secreta-de-las-rosas-del-relato-intimo-al-relato-social\\\/#breadcrumb\",\"itemListElement\":[{\"@type\":\"ListItem\",\"position\":1,\"name\":\"Inicio\",\"item\":\"https:\\\/\\\/www.uartes.edu.ec\\\/sitio\\\/\"},{\"@type\":\"ListItem\",\"position\":2,\"name\":\"La autoetnograf\u00eda en \u201cLa vida secreta de las Rosas\u201d, del relato \u00edntimo al relato social\"}]},{\"@type\":\"WebSite\",\"@id\":\"https:\\\/\\\/www.uartes.edu.ec\\\/sitio\\\/en\\\/#website\",\"url\":\"https:\\\/\\\/www.uartes.edu.ec\\\/sitio\\\/en\\\/\",\"name\":\"Universidad de las Artes\",\"description\":\"Sitio oficial de la Universidad Nacional de las Artes del Ecuador\",\"publisher\":{\"@id\":\"https:\\\/\\\/www.uartes.edu.ec\\\/sitio\\\/en\\\/#organization\"},\"potentialAction\":[{\"@type\":\"SearchAction\",\"target\":{\"@type\":\"EntryPoint\",\"urlTemplate\":\"https:\\\/\\\/www.uartes.edu.ec\\\/sitio\\\/en\\\/?s={search_term_string}\"},\"query-input\":{\"@type\":\"PropertyValueSpecification\",\"valueRequired\":true,\"valueName\":\"search_term_string\"}}],\"inLanguage\":\"en-US\"},{\"@type\":\"Organization\",\"@id\":\"https:\\\/\\\/www.uartes.edu.ec\\\/sitio\\\/en\\\/#organization\",\"name\":\"Universidad de las Artes\",\"url\":\"https:\\\/\\\/www.uartes.edu.ec\\\/sitio\\\/en\\\/\",\"logo\":{\"@type\":\"ImageObject\",\"inLanguage\":\"en-US\",\"@id\":\"https:\\\/\\\/www.uartes.edu.ec\\\/sitio\\\/en\\\/#\\\/schema\\\/logo\\\/image\\\/\",\"url\":\"https:\\\/\\\/www.uartes.edu.ec\\\/sitio\\\/wp-content\\\/uploads\\\/2022\\\/07\\\/logo-ua-horizontal.png\",\"contentUrl\":\"https:\\\/\\\/www.uartes.edu.ec\\\/sitio\\\/wp-content\\\/uploads\\\/2022\\\/07\\\/logo-ua-horizontal.png\",\"width\":800,\"height\":276,\"caption\":\"Universidad de las Artes\"},\"image\":{\"@id\":\"https:\\\/\\\/www.uartes.edu.ec\\\/sitio\\\/en\\\/#\\\/schema\\\/logo\\\/image\\\/\"},\"sameAs\":[\"https:\\\/\\\/www.facebook.com\\\/uartesec\",\"https:\\\/\\\/x.com\\\/uartesec\",\"https:\\\/\\\/www.tiktok.com\\\/@uartesec\"]},{\"@type\":\"Person\",\"@id\":\"https:\\\/\\\/www.uartes.edu.ec\\\/sitio\\\/en\\\/#\\\/schema\\\/person\\\/f33f8c1d2af0d5c80a38c8abf458184a\",\"name\":\"Universidad de las Artes\",\"image\":{\"@type\":\"ImageObject\",\"inLanguage\":\"en-US\",\"@id\":\"https:\\\/\\\/secure.gravatar.com\\\/avatar\\\/52e4757902f5cfa5ac52d020e5be83cae5487519154b6c35482fe08d589f3c13?s=96&d=mm&r=g\",\"url\":\"https:\\\/\\\/secure.gravatar.com\\\/avatar\\\/52e4757902f5cfa5ac52d020e5be83cae5487519154b6c35482fe08d589f3c13?s=96&d=mm&r=g\",\"contentUrl\":\"https:\\\/\\\/secure.gravatar.com\\\/avatar\\\/52e4757902f5cfa5ac52d020e5be83cae5487519154b6c35482fe08d589f3c13?s=96&d=mm&r=g\",\"caption\":\"Universidad de las Artes\"},\"url\":\"https:\\\/\\\/www.uartes.edu.ec\\\/sitio\\\/en\\\/blog\\\/author\\\/dircomadm\\\/\"}]}<\/script>\n<!-- \/ Yoast SEO plugin. -->","yoast_head_json":{"title":"Universidad de las Artes - La autoetnograf\u00eda en \u201cLa vida secreta de las Rosas\u201d, del relato \u00edntimo al relato social","description":"Universidad de las Artes - La autoetnograf\u00eda en \u201cLa vida secreta de las Rosas\u201d, del relato \u00edntimo al relato social","robots":{"index":"index","follow":"follow","max-snippet":"max-snippet:-1","max-image-preview":"max-image-preview:large","max-video-preview":"max-video-preview:-1"},"canonical":"https:\/\/www.uartes.edu.ec\/sitio\/en\/blog\/2020\/12\/30\/la-autoetnografia-en-la-vida-secreta-de-las-rosas-del-relato-intimo-al-relato-social\/","og_locale":"en_US","og_type":"article","og_title":"Universidad de las Artes - La autoetnograf\u00eda en \u201cLa vida secreta de las Rosas\u201d, del relato \u00edntimo al relato social","og_description":"Universidad de las Artes - La autoetnograf\u00eda en \u201cLa vida secreta de las Rosas\u201d, del relato \u00edntimo al relato social","og_url":"https:\/\/www.uartes.edu.ec\/sitio\/en\/blog\/2020\/12\/30\/la-autoetnografia-en-la-vida-secreta-de-las-rosas-del-relato-intimo-al-relato-social\/","og_site_name":"Universidad de las Artes","article_publisher":"https:\/\/www.facebook.com\/uartesec","article_published_time":"2020-12-30T16:51:00+00:00","article_modified_time":"2024-07-04T16:33:03+00:00","og_image":[{"width":2000,"height":1333,"url":"https:\/\/www.uartes.edu.ec\/sitio\/wp-content\/uploads\/2021\/01\/02-ROSA-ILEANA-MATAMOROS.jpg","type":"image\/jpeg"}],"author":"Universidad de las Artes","twitter_card":"summary_large_image","twitter_creator":"@uartesec","twitter_site":"@uartesec","twitter_misc":{"Written by":"Universidad de las Artes","Est. reading time":"4 minutes"},"schema":{"@context":"https:\/\/schema.org","@graph":[{"@type":"Article","@id":"https:\/\/www.uartes.edu.ec\/sitio\/en\/blog\/2020\/12\/30\/la-autoetnografia-en-la-vida-secreta-de-las-rosas-del-relato-intimo-al-relato-social\/#article","isPartOf":{"@id":"https:\/\/www.uartes.edu.ec\/sitio\/en\/blog\/2020\/12\/30\/la-autoetnografia-en-la-vida-secreta-de-las-rosas-del-relato-intimo-al-relato-social\/"},"author":{"name":"Universidad de las Artes","@id":"https:\/\/www.uartes.edu.ec\/sitio\/en\/#\/schema\/person\/f33f8c1d2af0d5c80a38c8abf458184a"},"headline":"La autoetnograf\u00eda en \u201cLa vida secreta de las Rosas\u201d, del relato \u00edntimo al relato social","datePublished":"2020-12-30T16:51:00+00:00","dateModified":"2024-07-04T16:33:03+00:00","mainEntityOfPage":{"@id":"https:\/\/www.uartes.edu.ec\/sitio\/en\/blog\/2020\/12\/30\/la-autoetnografia-en-la-vida-secreta-de-las-rosas-del-relato-intimo-al-relato-social\/"},"wordCount":844,"publisher":{"@id":"https:\/\/www.uartes.edu.ec\/sitio\/en\/#organization"},"image":{"@id":"https:\/\/www.uartes.edu.ec\/sitio\/en\/blog\/2020\/12\/30\/la-autoetnografia-en-la-vida-secreta-de-las-rosas-del-relato-intimo-al-relato-social\/#primaryimage"},"thumbnailUrl":"https:\/\/www.uartes.edu.ec\/sitio\/wp-content\/uploads\/2021\/01\/02-ROSA-ILEANA-MATAMOROS.jpg","keywords":["titulaci\u00f3n"],"articleSection":["Acad\u00e9mico","Cine","Estudiantes"],"inLanguage":"en-US"},{"@type":["WebPage","ItemPage"],"@id":"https:\/\/www.uartes.edu.ec\/sitio\/en\/blog\/2020\/12\/30\/la-autoetnografia-en-la-vida-secreta-de-las-rosas-del-relato-intimo-al-relato-social\/","url":"https:\/\/www.uartes.edu.ec\/sitio\/en\/blog\/2020\/12\/30\/la-autoetnografia-en-la-vida-secreta-de-las-rosas-del-relato-intimo-al-relato-social\/","name":"Universidad de las Artes - La autoetnograf\u00eda en \u201cLa vida secreta de las Rosas\u201d, del relato \u00edntimo al relato social","isPartOf":{"@id":"https:\/\/www.uartes.edu.ec\/sitio\/en\/#website"},"primaryImageOfPage":{"@id":"https:\/\/www.uartes.edu.ec\/sitio\/en\/blog\/2020\/12\/30\/la-autoetnografia-en-la-vida-secreta-de-las-rosas-del-relato-intimo-al-relato-social\/#primaryimage"},"image":{"@id":"https:\/\/www.uartes.edu.ec\/sitio\/en\/blog\/2020\/12\/30\/la-autoetnografia-en-la-vida-secreta-de-las-rosas-del-relato-intimo-al-relato-social\/#primaryimage"},"thumbnailUrl":"https:\/\/www.uartes.edu.ec\/sitio\/wp-content\/uploads\/2021\/01\/02-ROSA-ILEANA-MATAMOROS.jpg","datePublished":"2020-12-30T16:51:00+00:00","dateModified":"2024-07-04T16:33:03+00:00","description":"Universidad de las Artes - La autoetnograf\u00eda en \u201cLa vida secreta de las Rosas\u201d, del relato \u00edntimo al relato social","breadcrumb":{"@id":"https:\/\/www.uartes.edu.ec\/sitio\/en\/blog\/2020\/12\/30\/la-autoetnografia-en-la-vida-secreta-de-las-rosas-del-relato-intimo-al-relato-social\/#breadcrumb"},"inLanguage":"en-US","potentialAction":[{"@type":"ReadAction","target":["https:\/\/www.uartes.edu.ec\/sitio\/en\/blog\/2020\/12\/30\/la-autoetnografia-en-la-vida-secreta-de-las-rosas-del-relato-intimo-al-relato-social\/"]}]},{"@type":"ImageObject","inLanguage":"en-US","@id":"https:\/\/www.uartes.edu.ec\/sitio\/en\/blog\/2020\/12\/30\/la-autoetnografia-en-la-vida-secreta-de-las-rosas-del-relato-intimo-al-relato-social\/#primaryimage","url":"https:\/\/www.uartes.edu.ec\/sitio\/wp-content\/uploads\/2021\/01\/02-ROSA-ILEANA-MATAMOROS.jpg","contentUrl":"https:\/\/www.uartes.edu.ec\/sitio\/wp-content\/uploads\/2021\/01\/02-ROSA-ILEANA-MATAMOROS.jpg","width":2000,"height":1333},{"@type":"BreadcrumbList","@id":"https:\/\/www.uartes.edu.ec\/sitio\/en\/blog\/2020\/12\/30\/la-autoetnografia-en-la-vida-secreta-de-las-rosas-del-relato-intimo-al-relato-social\/#breadcrumb","itemListElement":[{"@type":"ListItem","position":1,"name":"Inicio","item":"https:\/\/www.uartes.edu.ec\/sitio\/"},{"@type":"ListItem","position":2,"name":"La autoetnograf\u00eda en \u201cLa vida secreta de las Rosas\u201d, del relato \u00edntimo al relato social"}]},{"@type":"WebSite","@id":"https:\/\/www.uartes.edu.ec\/sitio\/en\/#website","url":"https:\/\/www.uartes.edu.ec\/sitio\/en\/","name":"Universidad de las Artes","description":"Sitio oficial de la Universidad Nacional de las Artes del Ecuador","publisher":{"@id":"https:\/\/www.uartes.edu.ec\/sitio\/en\/#organization"},"potentialAction":[{"@type":"SearchAction","target":{"@type":"EntryPoint","urlTemplate":"https:\/\/www.uartes.edu.ec\/sitio\/en\/?s={search_term_string}"},"query-input":{"@type":"PropertyValueSpecification","valueRequired":true,"valueName":"search_term_string"}}],"inLanguage":"en-US"},{"@type":"Organization","@id":"https:\/\/www.uartes.edu.ec\/sitio\/en\/#organization","name":"Universidad de las Artes","url":"https:\/\/www.uartes.edu.ec\/sitio\/en\/","logo":{"@type":"ImageObject","inLanguage":"en-US","@id":"https:\/\/www.uartes.edu.ec\/sitio\/en\/#\/schema\/logo\/image\/","url":"https:\/\/www.uartes.edu.ec\/sitio\/wp-content\/uploads\/2022\/07\/logo-ua-horizontal.png","contentUrl":"https:\/\/www.uartes.edu.ec\/sitio\/wp-content\/uploads\/2022\/07\/logo-ua-horizontal.png","width":800,"height":276,"caption":"Universidad de las Artes"},"image":{"@id":"https:\/\/www.uartes.edu.ec\/sitio\/en\/#\/schema\/logo\/image\/"},"sameAs":["https:\/\/www.facebook.com\/uartesec","https:\/\/x.com\/uartesec","https:\/\/www.tiktok.com\/@uartesec"]},{"@type":"Person","@id":"https:\/\/www.uartes.edu.ec\/sitio\/en\/#\/schema\/person\/f33f8c1d2af0d5c80a38c8abf458184a","name":"Universidad de las Artes","image":{"@type":"ImageObject","inLanguage":"en-US","@id":"https:\/\/secure.gravatar.com\/avatar\/52e4757902f5cfa5ac52d020e5be83cae5487519154b6c35482fe08d589f3c13?s=96&d=mm&r=g","url":"https:\/\/secure.gravatar.com\/avatar\/52e4757902f5cfa5ac52d020e5be83cae5487519154b6c35482fe08d589f3c13?s=96&d=mm&r=g","contentUrl":"https:\/\/secure.gravatar.com\/avatar\/52e4757902f5cfa5ac52d020e5be83cae5487519154b6c35482fe08d589f3c13?s=96&d=mm&r=g","caption":"Universidad de las Artes"},"url":"https:\/\/www.uartes.edu.ec\/sitio\/en\/blog\/author\/dircomadm\/"}]}},"uagb_featured_image_src":{"full":["https:\/\/www.uartes.edu.ec\/sitio\/wp-content\/uploads\/2021\/01\/02-ROSA-ILEANA-MATAMOROS.jpg",2000,1333,false],"thumbnail":["https:\/\/www.uartes.edu.ec\/sitio\/wp-content\/uploads\/2021\/01\/02-ROSA-ILEANA-MATAMOROS-150x150.jpg",150,150,true],"medium":["https:\/\/www.uartes.edu.ec\/sitio\/wp-content\/uploads\/2021\/01\/02-ROSA-ILEANA-MATAMOROS-300x200.jpg",300,200,true],"medium_large":["https:\/\/www.uartes.edu.ec\/sitio\/wp-content\/uploads\/2021\/01\/02-ROSA-ILEANA-MATAMOROS-768x512.jpg",768,512,true],"large":["https:\/\/www.uartes.edu.ec\/sitio\/wp-content\/uploads\/2021\/01\/02-ROSA-ILEANA-MATAMOROS-644x429.jpg",644,429,true],"1536x1536":["https:\/\/www.uartes.edu.ec\/sitio\/wp-content\/uploads\/2021\/01\/02-ROSA-ILEANA-MATAMOROS-1536x1024.jpg",1536,1024,true],"2048x2048":["https:\/\/www.uartes.edu.ec\/sitio\/wp-content\/uploads\/2021\/01\/02-ROSA-ILEANA-MATAMOROS.jpg",2000,1333,false],"trp-custom-language-flag":["https:\/\/www.uartes.edu.ec\/sitio\/wp-content\/uploads\/2021\/01\/02-ROSA-ILEANA-MATAMOROS.jpg",18,12,false],"htmega_size_585x295":["https:\/\/www.uartes.edu.ec\/sitio\/wp-content\/uploads\/2021\/01\/02-ROSA-ILEANA-MATAMOROS-585x295.jpg",585,295,true],"htmega_size_1170x536":["https:\/\/www.uartes.edu.ec\/sitio\/wp-content\/uploads\/2021\/01\/02-ROSA-ILEANA-MATAMOROS-1170x536.jpg",1170,536,true],"htmega_size_396x360":["https:\/\/www.uartes.edu.ec\/sitio\/wp-content\/uploads\/2021\/01\/02-ROSA-ILEANA-MATAMOROS-396x360.jpg",396,360,true],"gb-block-post-grid-landscape":["https:\/\/www.uartes.edu.ec\/sitio\/wp-content\/uploads\/2021\/01\/02-ROSA-ILEANA-MATAMOROS.jpg",600,400,false],"gb-block-post-grid-square":["https:\/\/www.uartes.edu.ec\/sitio\/wp-content\/uploads\/2021\/01\/02-ROSA-ILEANA-MATAMOROS.jpg",600,400,false],"university-hub-thumb":["https:\/\/www.uartes.edu.ec\/sitio\/wp-content\/uploads\/2021\/01\/02-ROSA-ILEANA-MATAMOROS.jpg",400,267,false],"mailpoet_newsletter_max":["https:\/\/www.uartes.edu.ec\/sitio\/wp-content\/uploads\/2021\/01\/02-ROSA-ILEANA-MATAMOROS.jpg",1320,880,false]},"uagb_author_info":{"display_name":"Universidad de las Artes","author_link":"https:\/\/www.uartes.edu.ec\/sitio\/en\/blog\/author\/dircomadm\/"},"uagb_comment_info":0,"uagb_excerpt":"Rosa Ileana Matamoros Calder\u00f3n, licenciada en Cine por la Universidad de las Artes, present\u00f3 como trabajo final de tesis La vida secreta de las Rosas, un documental performativo en primera persona en la tradici\u00f3n de filmes y autores como The Sweetest Sound (2001), del norteamericano Alan Berliner; Genoveva (2015), de la chilena Paola Castillo; o,&hellip;","featured_image_src":"https:\/\/www.uartes.edu.ec\/sitio\/wp-content\/uploads\/2021\/01\/02-ROSA-ILEANA-MATAMOROS.jpg","featured_image_src_square":"https:\/\/www.uartes.edu.ec\/sitio\/wp-content\/uploads\/2021\/01\/02-ROSA-ILEANA-MATAMOROS.jpg","author_info":{"display_name":"Universidad de las Artes","author_link":"https:\/\/www.uartes.edu.ec\/sitio\/en\/blog\/author\/dircomadm\/"},"publishpress_future_workflow_manual_trigger":{"enabledWorkflows":[]},"distributor_meta":false,"distributor_terms":false,"distributor_media":false,"distributor_original_site_name":"Universidad de las Artes","distributor_original_site_url":"https:\/\/www.uartes.edu.ec\/sitio\/en","push-errors":false,"_links":{"self":[{"href":"https:\/\/www.uartes.edu.ec\/sitio\/en\/wp-json\/wp\/v2\/posts\/12367","targetHints":{"allow":["GET"]}}],"collection":[{"href":"https:\/\/www.uartes.edu.ec\/sitio\/en\/wp-json\/wp\/v2\/posts"}],"about":[{"href":"https:\/\/www.uartes.edu.ec\/sitio\/en\/wp-json\/wp\/v2\/types\/post"}],"author":[{"embeddable":true,"href":"https:\/\/www.uartes.edu.ec\/sitio\/en\/wp-json\/wp\/v2\/users\/1"}],"replies":[{"embeddable":true,"href":"https:\/\/www.uartes.edu.ec\/sitio\/en\/wp-json\/wp\/v2\/comments?post=12367"}],"version-history":[{"count":1,"href":"https:\/\/www.uartes.edu.ec\/sitio\/en\/wp-json\/wp\/v2\/posts\/12367\/revisions"}],"predecessor-version":[{"id":12368,"href":"https:\/\/www.uartes.edu.ec\/sitio\/en\/wp-json\/wp\/v2\/posts\/12367\/revisions\/12368"}],"wp:featuredmedia":[{"embeddable":true,"href":"https:\/\/www.uartes.edu.ec\/sitio\/en\/wp-json\/wp\/v2\/media\/12360"}],"wp:attachment":[{"href":"https:\/\/www.uartes.edu.ec\/sitio\/en\/wp-json\/wp\/v2\/media?parent=12367"}],"wp:term":[{"taxonomy":"category","embeddable":true,"href":"https:\/\/www.uartes.edu.ec\/sitio\/en\/wp-json\/wp\/v2\/categories?post=12367"},{"taxonomy":"post_tag","embeddable":true,"href":"https:\/\/www.uartes.edu.ec\/sitio\/en\/wp-json\/wp\/v2\/tags?post=12367"},{"taxonomy":"infouartes","embeddable":true,"href":"https:\/\/www.uartes.edu.ec\/sitio\/en\/wp-json\/wp\/v2\/infouartes?post=12367"}],"curies":[{"name":"wp","href":"https:\/\/api.w.org\/{rel}","templated":true}]}}