{"id":12462,"date":"2021-01-18T17:30:45","date_gmt":"2021-01-18T22:30:45","guid":{"rendered":"http:\/\/www.uartes.edu.ec\/sitio\/?p=12462"},"modified":"2024-07-04T11:28:22","modified_gmt":"2024-07-04T16:28:22","slug":"practicas-preprofesionales-en-la-uartes-una-convocatoria-permanente","status":"publish","type":"post","link":"https:\/\/www.uartes.edu.ec\/sitio\/en\/blog\/2021\/01\/18\/practicas-preprofesionales-en-la-uartes-una-convocatoria-permanente\/","title":{"rendered":"Pr\u00e1cticas Preprofesionales en la UArtes, una convocatoria permanente"},"content":{"rendered":"<p class=\"has-text-align-right\"><em>El Dr. Ernesto Mora, jefe de Pr\u00e1cticas Preprofesionales de la Universidad de las Artes, revela que el rector William Herrera ha decidido automatizar el proceso administrativo de las PPP.<\/em><\/p>\n\n\n\n<p>&nbsp;\u201cPost\u00falate a las pr\u00e1cticas preprofesionales con UArtes Ediciones\u201d. La propuesta la hace la Editorial de la Universidad de las Artes, que mantiene abierta la convocatoria para que los estudiantes de la UArtes realicen en el primer trimestre del 2021 estas actividades acad\u00e9micas.<\/p>\n\n\n\n<p>Durante el presente periodo, contin\u00faa en su invitaci\u00f3n UArtes Ediciones, \u201cse espera de los practicantes que hagan un poco de investigaci\u00f3n para el levantamiento de una base de datos, alg\u00fan ejercicio de escritura (fundamentalmente rese\u00f1as), revisi\u00f3n de pruebas diagramadas y manejo de redes sociales. La postulaci\u00f3n se realiza enviando el CV a <a href=\"mailto:editorial@uartes.edu.ec\">editorial@uartes.edu.ec<\/a> hasta el 29 de enero\u201d.<\/p>\n\n\n\n<p>El doctor Ernesto Mora Queipo, jefe de Pr\u00e1cticas Preprofesionales (PPP) de la UArtes, indica que estas est\u00e1n dise\u00f1adas para que los estudiantes puedan proveerse de las experiencias necesarias para su inserci\u00f3n efectiva en el campo laboral de su especialidad art\u00edstica: se pueden realizar en todas las unidades, \u00e1reas y escuelas de la universidad, y tambi\u00e9n a nivel externo.<\/p>\n\n\n\n<p>La definici\u00f3n de las PPP marca el punto de partida de una serie de inquietudes acerca del proceso, los periodos, las diferencias con pasant\u00edas, los objetivos, la duraci\u00f3n, las convocatorias y, principalmente, las dificultades manifestadas por los alumnos en cuanto a los varios pasos que deben dar para poderlas realizar.<\/p>\n\n\n\n<p>En esto \u00faltimo, el doctor Ernesto Mora reconoce que resulta engorroso ir recopilando las firmas de los formularios \u2013m\u00e1s a\u00fan con la modalidad teletrabajo, adoptada para evitar la propagaci\u00f3n del coronavirus\u2013 y adelanta una importante noticia: El rector de la UArtes, doctor William Herrera, ha decidido automatizar los procesos administrativos relativos a las pr\u00e1cticas preprofesionales. \u201cEste es un gran reto, porque es un proceso complejo. No obstante, tenemos todo un equipo multidisciplinario trabajando para ello\u201d, anota.<\/p>\n\n\n\n<p>A\u00f1ade que la meta propuesta por el rector, y en la que todos est\u00e1n comprometidos, es que el nuevo Sistema de Pr\u00e1cticas Preprofesionales (SIPP) sea estrenado en el primer periodo del 2021.<\/p>\n\n\n\n<p>Realizar pr\u00e1cticas relacionadas con la formaci\u00f3n acad\u00e9mica y art\u00edstica del estudiante; complementar la formaci\u00f3n profesional y contribuir al desarrollo sociocultural; e, incorporar saberes, habilidades, actitudes y competencias vinculadas a situaciones reales del mundo laboral que contribuyan a mejorar las posibilidades de inserci\u00f3n en ese \u00e1mbito, son los objetivos espec\u00edficos de las PPP, as\u00ed como el articular con los estudiantes espacios de desarrollo profesional relacionados con los campos espec\u00edficos de desempe\u00f1o laboral art\u00edstico.<\/p>\n\n\n\n<p>A diferencia de las pasant\u00edas, las PPP no son remuneradas y el estudiante debe cumplir cuatrocientas (400) horas de ellas. \u201cLas pr\u00e1cticas laborales deben sumar 240 horas y las de servicio comunitario 160\u201d, explica el doctor Mora y refiere que las pr\u00e1cticas preprofesionales &nbsp;hacen parte del dise\u00f1o curricular de todas las carreras de la UArtes. \u201cActualmente, los estudiantes pueden iniciarlas desde el cuarto semestre y deben culminarlas antes de ingresar a la Unidad de Titulaci\u00f3n\u201d.<\/p>\n\n\n\n<p>La convocatoria a PPP es un proceso permanente. Los perfiles solicitados son publicados en el SGA y los estudiantes interesados proceden a contactar al coordinador de pr\u00e1cticas preprofesionales de sus respectivas escuelas, quien les orienta sobre el correspondiente proceso de postulaci\u00f3n.<\/p>\n\n\n\n<p>Es el coordinador de PPP de cada carrera quien conduce el proceso. Estas se pueden realizar dentro o fuera de la UArtes y debe, en cualquiera de los casos, garantizar al estudiante la aplicaci\u00f3n de los conocimientos adquiridos durante su carrera. \u201cEste es un criterio b\u00e1sico para definir qu\u00e9 \u00e1reas o unidades pueden o no recibir a nuestros practicantes\u201d.<\/p>\n\n\n\n<p>\u00bfQu\u00e9 determina el \u00e1rea, la escuela o la unidad de la UArtes en las que se pueden hacer las PPP? Primero, responde el jefe de Pr\u00e1cticas Preprofesionales, la necesidad y el requerimiento que realiza el \u00e1rea o unidad. \u201cSegundo, la pertinencia de las tareas previstas por la unidad, respecto a la especialidad del practicante. Esto incluye a las escuelas, como asistente de c\u00e1tedra o asistente de investigaci\u00f3n, entre otros\u201d.<\/p>\n\n\n\n<p>Agrega que, cuando se trata de una pr\u00e1ctica laboral, se designa un docente tutor, quien junto al estudiante, y en atenci\u00f3n los requerimientos de una instituci\u00f3n solicitante, dise\u00f1a un proyecto para la realizaci\u00f3n de la pr\u00e1ctica. Se establecen unos compromisos con la instituci\u00f3n receptora y se procede a la realizaci\u00f3n de la pr\u00e1ctica. Esta es luego evaluada por todos los actores que participan en ella: el estudiante, el docente tutor, el receptor de la instituci\u00f3n y el coordinador de PPP. Luego de aprobada la PPP, el coordinador emite un certificado de culminaci\u00f3n, que habilita al estudiante para inscribir su Unidad de Titulaci\u00f3n.<\/p>\n\n\n\n<p>Cuando se trata de una pr\u00e1ctica de servicio comunitario, esta se realiza a trav\u00e9s de los proyectos desarrollados desde la Direcci\u00f3n de Vinculaci\u00f3n con la Sociedad, a cargo de Mar\u00eda Jos\u00e9 Icaza.<\/p>\n\n\n\n<p>Es de anotar que la Jefatura de Pr\u00e1cticas Preprofesionales se form\u00f3 en septiembre del 2020 con el prop\u00f3sito de dise\u00f1ar e implementar un modelo de gesti\u00f3n para que junto a la Direcci\u00f3n de Vinculaci\u00f3n con la Sociedad y la Direcci\u00f3n de Educaci\u00f3n Continua impacte positivamente en el desarrollo de las capacidades art\u00edsticas de los ciudadanos del Ecuador y del mundo. \u201cDe esta manera, estaremos promoviendo la construcci\u00f3n de un mundo m\u00e1s saludable, armonioso y pr\u00f3spero\u201d, sostiene el doctor Ernesto Mora.<\/p>","protected":false},"excerpt":{"rendered":"<p>El Dr. Ernesto Mora, jefe de Pr\u00e1cticas Preprofesionales de la Universidad de las Artes, revela que el rector William Herrera ha decidido automatizar el proceso administrativo de las PPP.<\/p>","protected":false},"author":1,"featured_media":12457,"comment_status":"closed","ping_status":"closed","sticky":false,"template":"","format":"standard","meta":{"_acf_changed":false,"_uag_custom_page_level_css":"","_monsterinsights_skip_tracking":false,"_monsterinsights_sitenote_active":false,"_monsterinsights_sitenote_note":"","_monsterinsights_sitenote_category":0,"cybocfi_hide_featured_image":"","footnotes":""},"categories":[80,75,76,153],"tags":[416],"infouartes":[],"class_list":["post-12462","post","type-post","status-publish","format-standard","has-post-thumbnail","hentry","category-academico","category-docentes","category-estudiantes","category-vida-estudiantil","tag-practicas-pre-profesionales"],"acf":[],"yoast_head":"<!-- This site is optimized with the Yoast SEO plugin v27.4 - https:\/\/yoast.com\/product\/yoast-seo-wordpress\/ -->\n<title>Universidad de las Artes - Pr\u00e1cticas Preprofesionales en la UArtes, una convocatoria permanente<\/title>\n<meta name=\"description\" content=\"Universidad de las Artes - Pr\u00e1cticas Preprofesionales en la UArtes, una convocatoria permanente\" \/>\n<meta name=\"robots\" content=\"index, follow, max-snippet:-1, max-image-preview:large, max-video-preview:-1\" \/>\n<link rel=\"canonical\" href=\"https:\/\/www.uartes.edu.ec\/sitio\/en\/blog\/2021\/01\/18\/practicas-preprofesionales-en-la-uartes-una-convocatoria-permanente\/\" \/>\n<meta property=\"og:locale\" content=\"en_US\" \/>\n<meta property=\"og:type\" content=\"article\" \/>\n<meta property=\"og:title\" content=\"Universidad de las Artes - Pr\u00e1cticas Preprofesionales en la UArtes, una convocatoria permanente\" \/>\n<meta property=\"og:description\" content=\"Universidad de las Artes - Pr\u00e1cticas Preprofesionales en la UArtes, una convocatoria permanente\" \/>\n<meta property=\"og:url\" content=\"https:\/\/www.uartes.edu.ec\/sitio\/en\/blog\/2021\/01\/18\/practicas-preprofesionales-en-la-uartes-una-convocatoria-permanente\/\" \/>\n<meta property=\"og:site_name\" content=\"Universidad de las Artes\" \/>\n<meta property=\"article:publisher\" content=\"https:\/\/www.facebook.com\/uartesec\" \/>\n<meta property=\"article:published_time\" content=\"2021-01-18T22:30:45+00:00\" \/>\n<meta property=\"article:modified_time\" content=\"2024-07-04T16:28:22+00:00\" \/>\n<meta property=\"og:image\" content=\"https:\/\/www.uartes.edu.ec\/sitio\/wp-content\/uploads\/2021\/01\/ERNESTO-MORA.jpg\" \/>\n\t<meta property=\"og:image:width\" content=\"2000\" \/>\n\t<meta property=\"og:image:height\" content=\"1333\" \/>\n\t<meta property=\"og:image:type\" content=\"image\/jpeg\" \/>\n<meta name=\"author\" content=\"Universidad de las Artes\" \/>\n<meta name=\"twitter:card\" content=\"summary_large_image\" \/>\n<meta name=\"twitter:creator\" content=\"@uartesec\" \/>\n<meta name=\"twitter:site\" content=\"@uartesec\" \/>\n<meta name=\"twitter:label1\" content=\"Written by\" \/>\n\t<meta name=\"twitter:data1\" content=\"Universidad de las Artes\" \/>\n\t<meta name=\"twitter:label2\" content=\"Est. reading time\" \/>\n\t<meta name=\"twitter:data2\" content=\"5 minutes\" \/>\n<script type=\"application\/ld+json\" class=\"yoast-schema-graph\">{\"@context\":\"https:\\\/\\\/schema.org\",\"@graph\":[{\"@type\":\"Article\",\"@id\":\"https:\\\/\\\/www.uartes.edu.ec\\\/sitio\\\/en\\\/blog\\\/2021\\\/01\\\/18\\\/practicas-preprofesionales-en-la-uartes-una-convocatoria-permanente\\\/#article\",\"isPartOf\":{\"@id\":\"https:\\\/\\\/www.uartes.edu.ec\\\/sitio\\\/en\\\/blog\\\/2021\\\/01\\\/18\\\/practicas-preprofesionales-en-la-uartes-una-convocatoria-permanente\\\/\"},\"author\":{\"name\":\"Universidad de las Artes\",\"@id\":\"https:\\\/\\\/www.uartes.edu.ec\\\/sitio\\\/en\\\/#\\\/schema\\\/person\\\/f33f8c1d2af0d5c80a38c8abf458184a\"},\"headline\":\"Pr\u00e1cticas Preprofesionales en la UArtes, una convocatoria permanente\",\"datePublished\":\"2021-01-18T22:30:45+00:00\",\"dateModified\":\"2024-07-04T16:28:22+00:00\",\"mainEntityOfPage\":{\"@id\":\"https:\\\/\\\/www.uartes.edu.ec\\\/sitio\\\/en\\\/blog\\\/2021\\\/01\\\/18\\\/practicas-preprofesionales-en-la-uartes-una-convocatoria-permanente\\\/\"},\"wordCount\":960,\"publisher\":{\"@id\":\"https:\\\/\\\/www.uartes.edu.ec\\\/sitio\\\/en\\\/#organization\"},\"image\":{\"@id\":\"https:\\\/\\\/www.uartes.edu.ec\\\/sitio\\\/en\\\/blog\\\/2021\\\/01\\\/18\\\/practicas-preprofesionales-en-la-uartes-una-convocatoria-permanente\\\/#primaryimage\"},\"thumbnailUrl\":\"https:\\\/\\\/www.uartes.edu.ec\\\/sitio\\\/wp-content\\\/uploads\\\/2021\\\/01\\\/ERNESTO-MORA.jpg\",\"keywords\":[\"pr\u00e1cticas pre-profesionales\"],\"articleSection\":[\"Acad\u00e9mico\",\"Docentes\",\"Estudiantes\",\"Vida Estudiantil\"],\"inLanguage\":\"en-US\"},{\"@type\":[\"WebPage\",\"ItemPage\"],\"@id\":\"https:\\\/\\\/www.uartes.edu.ec\\\/sitio\\\/en\\\/blog\\\/2021\\\/01\\\/18\\\/practicas-preprofesionales-en-la-uartes-una-convocatoria-permanente\\\/\",\"url\":\"https:\\\/\\\/www.uartes.edu.ec\\\/sitio\\\/en\\\/blog\\\/2021\\\/01\\\/18\\\/practicas-preprofesionales-en-la-uartes-una-convocatoria-permanente\\\/\",\"name\":\"Universidad de las Artes - Pr\u00e1cticas Preprofesionales en la UArtes, una convocatoria permanente\",\"isPartOf\":{\"@id\":\"https:\\\/\\\/www.uartes.edu.ec\\\/sitio\\\/en\\\/#website\"},\"primaryImageOfPage\":{\"@id\":\"https:\\\/\\\/www.uartes.edu.ec\\\/sitio\\\/en\\\/blog\\\/2021\\\/01\\\/18\\\/practicas-preprofesionales-en-la-uartes-una-convocatoria-permanente\\\/#primaryimage\"},\"image\":{\"@id\":\"https:\\\/\\\/www.uartes.edu.ec\\\/sitio\\\/en\\\/blog\\\/2021\\\/01\\\/18\\\/practicas-preprofesionales-en-la-uartes-una-convocatoria-permanente\\\/#primaryimage\"},\"thumbnailUrl\":\"https:\\\/\\\/www.uartes.edu.ec\\\/sitio\\\/wp-content\\\/uploads\\\/2021\\\/01\\\/ERNESTO-MORA.jpg\",\"datePublished\":\"2021-01-18T22:30:45+00:00\",\"dateModified\":\"2024-07-04T16:28:22+00:00\",\"description\":\"Universidad de las Artes - Pr\u00e1cticas Preprofesionales en la UArtes, una convocatoria permanente\",\"breadcrumb\":{\"@id\":\"https:\\\/\\\/www.uartes.edu.ec\\\/sitio\\\/en\\\/blog\\\/2021\\\/01\\\/18\\\/practicas-preprofesionales-en-la-uartes-una-convocatoria-permanente\\\/#breadcrumb\"},\"inLanguage\":\"en-US\",\"potentialAction\":[{\"@type\":\"ReadAction\",\"target\":[\"https:\\\/\\\/www.uartes.edu.ec\\\/sitio\\\/en\\\/blog\\\/2021\\\/01\\\/18\\\/practicas-preprofesionales-en-la-uartes-una-convocatoria-permanente\\\/\"]}]},{\"@type\":\"ImageObject\",\"inLanguage\":\"en-US\",\"@id\":\"https:\\\/\\\/www.uartes.edu.ec\\\/sitio\\\/en\\\/blog\\\/2021\\\/01\\\/18\\\/practicas-preprofesionales-en-la-uartes-una-convocatoria-permanente\\\/#primaryimage\",\"url\":\"https:\\\/\\\/www.uartes.edu.ec\\\/sitio\\\/wp-content\\\/uploads\\\/2021\\\/01\\\/ERNESTO-MORA.jpg\",\"contentUrl\":\"https:\\\/\\\/www.uartes.edu.ec\\\/sitio\\\/wp-content\\\/uploads\\\/2021\\\/01\\\/ERNESTO-MORA.jpg\",\"width\":2000,\"height\":1333},{\"@type\":\"BreadcrumbList\",\"@id\":\"https:\\\/\\\/www.uartes.edu.ec\\\/sitio\\\/en\\\/blog\\\/2021\\\/01\\\/18\\\/practicas-preprofesionales-en-la-uartes-una-convocatoria-permanente\\\/#breadcrumb\",\"itemListElement\":[{\"@type\":\"ListItem\",\"position\":1,\"name\":\"Inicio\",\"item\":\"https:\\\/\\\/www.uartes.edu.ec\\\/sitio\\\/\"},{\"@type\":\"ListItem\",\"position\":2,\"name\":\"Pr\u00e1cticas Preprofesionales en la UArtes, una convocatoria permanente\"}]},{\"@type\":\"WebSite\",\"@id\":\"https:\\\/\\\/www.uartes.edu.ec\\\/sitio\\\/en\\\/#website\",\"url\":\"https:\\\/\\\/www.uartes.edu.ec\\\/sitio\\\/en\\\/\",\"name\":\"Universidad de las Artes\",\"description\":\"Sitio oficial de la Universidad Nacional de las Artes del Ecuador\",\"publisher\":{\"@id\":\"https:\\\/\\\/www.uartes.edu.ec\\\/sitio\\\/en\\\/#organization\"},\"potentialAction\":[{\"@type\":\"SearchAction\",\"target\":{\"@type\":\"EntryPoint\",\"urlTemplate\":\"https:\\\/\\\/www.uartes.edu.ec\\\/sitio\\\/en\\\/?s={search_term_string}\"},\"query-input\":{\"@type\":\"PropertyValueSpecification\",\"valueRequired\":true,\"valueName\":\"search_term_string\"}}],\"inLanguage\":\"en-US\"},{\"@type\":\"Organization\",\"@id\":\"https:\\\/\\\/www.uartes.edu.ec\\\/sitio\\\/en\\\/#organization\",\"name\":\"Universidad de las Artes\",\"url\":\"https:\\\/\\\/www.uartes.edu.ec\\\/sitio\\\/en\\\/\",\"logo\":{\"@type\":\"ImageObject\",\"inLanguage\":\"en-US\",\"@id\":\"https:\\\/\\\/www.uartes.edu.ec\\\/sitio\\\/en\\\/#\\\/schema\\\/logo\\\/image\\\/\",\"url\":\"https:\\\/\\\/www.uartes.edu.ec\\\/sitio\\\/wp-content\\\/uploads\\\/2022\\\/07\\\/logo-ua-horizontal.png\",\"contentUrl\":\"https:\\\/\\\/www.uartes.edu.ec\\\/sitio\\\/wp-content\\\/uploads\\\/2022\\\/07\\\/logo-ua-horizontal.png\",\"width\":800,\"height\":276,\"caption\":\"Universidad de las Artes\"},\"image\":{\"@id\":\"https:\\\/\\\/www.uartes.edu.ec\\\/sitio\\\/en\\\/#\\\/schema\\\/logo\\\/image\\\/\"},\"sameAs\":[\"https:\\\/\\\/www.facebook.com\\\/uartesec\",\"https:\\\/\\\/x.com\\\/uartesec\",\"https:\\\/\\\/www.tiktok.com\\\/@uartesec\"]},{\"@type\":\"Person\",\"@id\":\"https:\\\/\\\/www.uartes.edu.ec\\\/sitio\\\/en\\\/#\\\/schema\\\/person\\\/f33f8c1d2af0d5c80a38c8abf458184a\",\"name\":\"Universidad de las Artes\",\"image\":{\"@type\":\"ImageObject\",\"inLanguage\":\"en-US\",\"@id\":\"https:\\\/\\\/secure.gravatar.com\\\/avatar\\\/52e4757902f5cfa5ac52d020e5be83cae5487519154b6c35482fe08d589f3c13?s=96&d=mm&r=g\",\"url\":\"https:\\\/\\\/secure.gravatar.com\\\/avatar\\\/52e4757902f5cfa5ac52d020e5be83cae5487519154b6c35482fe08d589f3c13?s=96&d=mm&r=g\",\"contentUrl\":\"https:\\\/\\\/secure.gravatar.com\\\/avatar\\\/52e4757902f5cfa5ac52d020e5be83cae5487519154b6c35482fe08d589f3c13?s=96&d=mm&r=g\",\"caption\":\"Universidad de las Artes\"},\"url\":\"https:\\\/\\\/www.uartes.edu.ec\\\/sitio\\\/en\\\/blog\\\/author\\\/dircomadm\\\/\"}]}<\/script>\n<!-- \/ Yoast SEO plugin. -->","yoast_head_json":{"title":"Universidad de las Artes - Pr\u00e1cticas Preprofesionales en la UArtes, una convocatoria permanente","description":"Universidad de las Artes - Pr\u00e1cticas Preprofesionales en la UArtes, una convocatoria permanente","robots":{"index":"index","follow":"follow","max-snippet":"max-snippet:-1","max-image-preview":"max-image-preview:large","max-video-preview":"max-video-preview:-1"},"canonical":"https:\/\/www.uartes.edu.ec\/sitio\/en\/blog\/2021\/01\/18\/practicas-preprofesionales-en-la-uartes-una-convocatoria-permanente\/","og_locale":"en_US","og_type":"article","og_title":"Universidad de las Artes - Pr\u00e1cticas Preprofesionales en la UArtes, una convocatoria permanente","og_description":"Universidad de las Artes - Pr\u00e1cticas Preprofesionales en la UArtes, una convocatoria permanente","og_url":"https:\/\/www.uartes.edu.ec\/sitio\/en\/blog\/2021\/01\/18\/practicas-preprofesionales-en-la-uartes-una-convocatoria-permanente\/","og_site_name":"Universidad de las Artes","article_publisher":"https:\/\/www.facebook.com\/uartesec","article_published_time":"2021-01-18T22:30:45+00:00","article_modified_time":"2024-07-04T16:28:22+00:00","og_image":[{"width":2000,"height":1333,"url":"https:\/\/www.uartes.edu.ec\/sitio\/wp-content\/uploads\/2021\/01\/ERNESTO-MORA.jpg","type":"image\/jpeg"}],"author":"Universidad de las Artes","twitter_card":"summary_large_image","twitter_creator":"@uartesec","twitter_site":"@uartesec","twitter_misc":{"Written by":"Universidad de las Artes","Est. reading time":"5 minutes"},"schema":{"@context":"https:\/\/schema.org","@graph":[{"@type":"Article","@id":"https:\/\/www.uartes.edu.ec\/sitio\/en\/blog\/2021\/01\/18\/practicas-preprofesionales-en-la-uartes-una-convocatoria-permanente\/#article","isPartOf":{"@id":"https:\/\/www.uartes.edu.ec\/sitio\/en\/blog\/2021\/01\/18\/practicas-preprofesionales-en-la-uartes-una-convocatoria-permanente\/"},"author":{"name":"Universidad de las Artes","@id":"https:\/\/www.uartes.edu.ec\/sitio\/en\/#\/schema\/person\/f33f8c1d2af0d5c80a38c8abf458184a"},"headline":"Pr\u00e1cticas Preprofesionales en la UArtes, una convocatoria permanente","datePublished":"2021-01-18T22:30:45+00:00","dateModified":"2024-07-04T16:28:22+00:00","mainEntityOfPage":{"@id":"https:\/\/www.uartes.edu.ec\/sitio\/en\/blog\/2021\/01\/18\/practicas-preprofesionales-en-la-uartes-una-convocatoria-permanente\/"},"wordCount":960,"publisher":{"@id":"https:\/\/www.uartes.edu.ec\/sitio\/en\/#organization"},"image":{"@id":"https:\/\/www.uartes.edu.ec\/sitio\/en\/blog\/2021\/01\/18\/practicas-preprofesionales-en-la-uartes-una-convocatoria-permanente\/#primaryimage"},"thumbnailUrl":"https:\/\/www.uartes.edu.ec\/sitio\/wp-content\/uploads\/2021\/01\/ERNESTO-MORA.jpg","keywords":["pr\u00e1cticas pre-profesionales"],"articleSection":["Acad\u00e9mico","Docentes","Estudiantes","Vida Estudiantil"],"inLanguage":"en-US"},{"@type":["WebPage","ItemPage"],"@id":"https:\/\/www.uartes.edu.ec\/sitio\/en\/blog\/2021\/01\/18\/practicas-preprofesionales-en-la-uartes-una-convocatoria-permanente\/","url":"https:\/\/www.uartes.edu.ec\/sitio\/en\/blog\/2021\/01\/18\/practicas-preprofesionales-en-la-uartes-una-convocatoria-permanente\/","name":"Universidad de las Artes - Pr\u00e1cticas Preprofesionales en la UArtes, una convocatoria permanente","isPartOf":{"@id":"https:\/\/www.uartes.edu.ec\/sitio\/en\/#website"},"primaryImageOfPage":{"@id":"https:\/\/www.uartes.edu.ec\/sitio\/en\/blog\/2021\/01\/18\/practicas-preprofesionales-en-la-uartes-una-convocatoria-permanente\/#primaryimage"},"image":{"@id":"https:\/\/www.uartes.edu.ec\/sitio\/en\/blog\/2021\/01\/18\/practicas-preprofesionales-en-la-uartes-una-convocatoria-permanente\/#primaryimage"},"thumbnailUrl":"https:\/\/www.uartes.edu.ec\/sitio\/wp-content\/uploads\/2021\/01\/ERNESTO-MORA.jpg","datePublished":"2021-01-18T22:30:45+00:00","dateModified":"2024-07-04T16:28:22+00:00","description":"Universidad de las Artes - Pr\u00e1cticas Preprofesionales en la UArtes, una convocatoria permanente","breadcrumb":{"@id":"https:\/\/www.uartes.edu.ec\/sitio\/en\/blog\/2021\/01\/18\/practicas-preprofesionales-en-la-uartes-una-convocatoria-permanente\/#breadcrumb"},"inLanguage":"en-US","potentialAction":[{"@type":"ReadAction","target":["https:\/\/www.uartes.edu.ec\/sitio\/en\/blog\/2021\/01\/18\/practicas-preprofesionales-en-la-uartes-una-convocatoria-permanente\/"]}]},{"@type":"ImageObject","inLanguage":"en-US","@id":"https:\/\/www.uartes.edu.ec\/sitio\/en\/blog\/2021\/01\/18\/practicas-preprofesionales-en-la-uartes-una-convocatoria-permanente\/#primaryimage","url":"https:\/\/www.uartes.edu.ec\/sitio\/wp-content\/uploads\/2021\/01\/ERNESTO-MORA.jpg","contentUrl":"https:\/\/www.uartes.edu.ec\/sitio\/wp-content\/uploads\/2021\/01\/ERNESTO-MORA.jpg","width":2000,"height":1333},{"@type":"BreadcrumbList","@id":"https:\/\/www.uartes.edu.ec\/sitio\/en\/blog\/2021\/01\/18\/practicas-preprofesionales-en-la-uartes-una-convocatoria-permanente\/#breadcrumb","itemListElement":[{"@type":"ListItem","position":1,"name":"Inicio","item":"https:\/\/www.uartes.edu.ec\/sitio\/"},{"@type":"ListItem","position":2,"name":"Pr\u00e1cticas Preprofesionales en la UArtes, una convocatoria permanente"}]},{"@type":"WebSite","@id":"https:\/\/www.uartes.edu.ec\/sitio\/en\/#website","url":"https:\/\/www.uartes.edu.ec\/sitio\/en\/","name":"Universidad de las Artes","description":"Sitio oficial de la Universidad Nacional de las Artes del Ecuador","publisher":{"@id":"https:\/\/www.uartes.edu.ec\/sitio\/en\/#organization"},"potentialAction":[{"@type":"SearchAction","target":{"@type":"EntryPoint","urlTemplate":"https:\/\/www.uartes.edu.ec\/sitio\/en\/?s={search_term_string}"},"query-input":{"@type":"PropertyValueSpecification","valueRequired":true,"valueName":"search_term_string"}}],"inLanguage":"en-US"},{"@type":"Organization","@id":"https:\/\/www.uartes.edu.ec\/sitio\/en\/#organization","name":"Universidad de las Artes","url":"https:\/\/www.uartes.edu.ec\/sitio\/en\/","logo":{"@type":"ImageObject","inLanguage":"en-US","@id":"https:\/\/www.uartes.edu.ec\/sitio\/en\/#\/schema\/logo\/image\/","url":"https:\/\/www.uartes.edu.ec\/sitio\/wp-content\/uploads\/2022\/07\/logo-ua-horizontal.png","contentUrl":"https:\/\/www.uartes.edu.ec\/sitio\/wp-content\/uploads\/2022\/07\/logo-ua-horizontal.png","width":800,"height":276,"caption":"Universidad de las Artes"},"image":{"@id":"https:\/\/www.uartes.edu.ec\/sitio\/en\/#\/schema\/logo\/image\/"},"sameAs":["https:\/\/www.facebook.com\/uartesec","https:\/\/x.com\/uartesec","https:\/\/www.tiktok.com\/@uartesec"]},{"@type":"Person","@id":"https:\/\/www.uartes.edu.ec\/sitio\/en\/#\/schema\/person\/f33f8c1d2af0d5c80a38c8abf458184a","name":"Universidad de las Artes","image":{"@type":"ImageObject","inLanguage":"en-US","@id":"https:\/\/secure.gravatar.com\/avatar\/52e4757902f5cfa5ac52d020e5be83cae5487519154b6c35482fe08d589f3c13?s=96&d=mm&r=g","url":"https:\/\/secure.gravatar.com\/avatar\/52e4757902f5cfa5ac52d020e5be83cae5487519154b6c35482fe08d589f3c13?s=96&d=mm&r=g","contentUrl":"https:\/\/secure.gravatar.com\/avatar\/52e4757902f5cfa5ac52d020e5be83cae5487519154b6c35482fe08d589f3c13?s=96&d=mm&r=g","caption":"Universidad de las Artes"},"url":"https:\/\/www.uartes.edu.ec\/sitio\/en\/blog\/author\/dircomadm\/"}]}},"uagb_featured_image_src":{"full":["https:\/\/www.uartes.edu.ec\/sitio\/wp-content\/uploads\/2021\/01\/ERNESTO-MORA.jpg",2000,1333,false],"thumbnail":["https:\/\/www.uartes.edu.ec\/sitio\/wp-content\/uploads\/2021\/01\/ERNESTO-MORA-150x150.jpg",150,150,true],"medium":["https:\/\/www.uartes.edu.ec\/sitio\/wp-content\/uploads\/2021\/01\/ERNESTO-MORA-300x200.jpg",300,200,true],"medium_large":["https:\/\/www.uartes.edu.ec\/sitio\/wp-content\/uploads\/2021\/01\/ERNESTO-MORA-768x512.jpg",768,512,true],"large":["https:\/\/www.uartes.edu.ec\/sitio\/wp-content\/uploads\/2021\/01\/ERNESTO-MORA-644x429.jpg",644,429,true],"1536x1536":["https:\/\/www.uartes.edu.ec\/sitio\/wp-content\/uploads\/2021\/01\/ERNESTO-MORA-1536x1024.jpg",1536,1024,true],"2048x2048":["https:\/\/www.uartes.edu.ec\/sitio\/wp-content\/uploads\/2021\/01\/ERNESTO-MORA.jpg",2000,1333,false],"trp-custom-language-flag":["https:\/\/www.uartes.edu.ec\/sitio\/wp-content\/uploads\/2021\/01\/ERNESTO-MORA.jpg",18,12,false],"htmega_size_585x295":["https:\/\/www.uartes.edu.ec\/sitio\/wp-content\/uploads\/2021\/01\/ERNESTO-MORA-585x295.jpg",585,295,true],"htmega_size_1170x536":["https:\/\/www.uartes.edu.ec\/sitio\/wp-content\/uploads\/2021\/01\/ERNESTO-MORA-1170x536.jpg",1170,536,true],"htmega_size_396x360":["https:\/\/www.uartes.edu.ec\/sitio\/wp-content\/uploads\/2021\/01\/ERNESTO-MORA-396x360.jpg",396,360,true],"gb-block-post-grid-landscape":["https:\/\/www.uartes.edu.ec\/sitio\/wp-content\/uploads\/2021\/01\/ERNESTO-MORA.jpg",600,400,false],"gb-block-post-grid-square":["https:\/\/www.uartes.edu.ec\/sitio\/wp-content\/uploads\/2021\/01\/ERNESTO-MORA.jpg",600,400,false],"university-hub-thumb":["https:\/\/www.uartes.edu.ec\/sitio\/wp-content\/uploads\/2021\/01\/ERNESTO-MORA.jpg",400,267,false]},"uagb_author_info":{"display_name":"Universidad de las Artes","author_link":"https:\/\/www.uartes.edu.ec\/sitio\/en\/blog\/author\/dircomadm\/"},"uagb_comment_info":0,"uagb_excerpt":"El Dr. Ernesto Mora, jefe de Pr\u00e1cticas Preprofesionales de la Universidad de las Artes, revela que el rector William Herrera ha decidido automatizar el proceso administrativo de las PPP.","featured_image_src":"https:\/\/www.uartes.edu.ec\/sitio\/wp-content\/uploads\/2021\/01\/ERNESTO-MORA.jpg","featured_image_src_square":"https:\/\/www.uartes.edu.ec\/sitio\/wp-content\/uploads\/2021\/01\/ERNESTO-MORA.jpg","author_info":{"display_name":"Universidad de las Artes","author_link":"https:\/\/www.uartes.edu.ec\/sitio\/en\/blog\/author\/dircomadm\/"},"publishpress_future_workflow_manual_trigger":{"enabledWorkflows":[]},"distributor_meta":false,"distributor_terms":false,"distributor_media":false,"distributor_original_site_name":"Universidad de las Artes","distributor_original_site_url":"https:\/\/www.uartes.edu.ec\/sitio\/en","push-errors":false,"_links":{"self":[{"href":"https:\/\/www.uartes.edu.ec\/sitio\/en\/wp-json\/wp\/v2\/posts\/12462","targetHints":{"allow":["GET"]}}],"collection":[{"href":"https:\/\/www.uartes.edu.ec\/sitio\/en\/wp-json\/wp\/v2\/posts"}],"about":[{"href":"https:\/\/www.uartes.edu.ec\/sitio\/en\/wp-json\/wp\/v2\/types\/post"}],"author":[{"embeddable":true,"href":"https:\/\/www.uartes.edu.ec\/sitio\/en\/wp-json\/wp\/v2\/users\/1"}],"replies":[{"embeddable":true,"href":"https:\/\/www.uartes.edu.ec\/sitio\/en\/wp-json\/wp\/v2\/comments?post=12462"}],"version-history":[{"count":1,"href":"https:\/\/www.uartes.edu.ec\/sitio\/en\/wp-json\/wp\/v2\/posts\/12462\/revisions"}],"predecessor-version":[{"id":12464,"href":"https:\/\/www.uartes.edu.ec\/sitio\/en\/wp-json\/wp\/v2\/posts\/12462\/revisions\/12464"}],"wp:featuredmedia":[{"embeddable":true,"href":"https:\/\/www.uartes.edu.ec\/sitio\/en\/wp-json\/wp\/v2\/media\/12457"}],"wp:attachment":[{"href":"https:\/\/www.uartes.edu.ec\/sitio\/en\/wp-json\/wp\/v2\/media?parent=12462"}],"wp:term":[{"taxonomy":"category","embeddable":true,"href":"https:\/\/www.uartes.edu.ec\/sitio\/en\/wp-json\/wp\/v2\/categories?post=12462"},{"taxonomy":"post_tag","embeddable":true,"href":"https:\/\/www.uartes.edu.ec\/sitio\/en\/wp-json\/wp\/v2\/tags?post=12462"},{"taxonomy":"infouartes","embeddable":true,"href":"https:\/\/www.uartes.edu.ec\/sitio\/en\/wp-json\/wp\/v2\/infouartes?post=12462"}],"curies":[{"name":"wp","href":"https:\/\/api.w.org\/{rel}","templated":true}]}}