{"id":12480,"date":"2021-01-21T14:02:32","date_gmt":"2021-01-21T19:02:32","guid":{"rendered":"http:\/\/www.uartes.edu.ec\/sitio\/?p=12480"},"modified":"2024-07-04T11:28:21","modified_gmt":"2024-07-04T16:28:21","slug":"en-reunion-se-dara-a-conocer-el-plan-de-titulacion-sin-practicas-pendientes","status":"publish","type":"post","link":"https:\/\/www.uartes.edu.ec\/sitio\/en\/blog\/2021\/01\/21\/en-reunion-se-dara-a-conocer-el-plan-de-titulacion-sin-practicas-pendientes\/","title":{"rendered":"En reuni\u00f3n se dar\u00e1 a conocer el Plan de Titulaci\u00f3n Sin Pr\u00e1cticas Pendientes"},"content":{"rendered":"<p>Desde la Jefatura de Pr\u00e1cticas Preprofesionales (PPP) de la Universidad de las Artes se invita a los estudiantes de octavo y noveno semestre que a\u00fan no las han realizado ni culminado a participar este viernes 22 de enero de 2021, a las 18:30 y v\u00eda Zoom, en una reuni\u00f3n cuyo objetivo es programarlas.<\/p>\n\n\n\n<p>Establecer un Plan de Titulaci\u00f3n Sin Pr\u00e1cticas Pendientes (TSPP) es la propuesta, se\u00f1ala el doctor Ernesto Mora, jefe de Pr\u00e1cticas Preprofesionales, concebidas estas como actividades acad\u00e9micas dise\u00f1adas para que los estudiantes puedan proveerse de las experiencias necesarias para su inserci\u00f3n efectiva en el campo laboral de su especialidad art\u00edstica. Se pueden realizar en todas las unidades, \u00e1reas y escuelas de la UArtes y tambi\u00e9n a nivel externo.<\/p>\n\n\n\n<p>La propuesta del TSPP se suma a la decisi\u00f3n adoptada por el rector de la UArtes, doctor William Herrera, de automatizar los procesos administrativos relativos a las pr\u00e1cticas preprofesionales, lo cual, indica Ernesto Mora, es un gran reto por ser un proceso complejo. \u201cNo obstante, tenemos todo un equipo multidisciplinario trabajando para ello\u201d.<\/p>\n\n\n\n<p>La meta propuesta por el rector de la UArtes es que el nuevo Sistema de Pr\u00e1cticas Preprofesionales (SIPP) sea estrenado en el primer periodo del 2021, a fin de poder disminuir e incluso eliminar un engorroso proceso de postulaci\u00f3n que lleva al estudiante a recopilar firmas para los formularios.<\/p>\n\n\n\n<p>Los estudiantes de octavo y noveno semestre de la UArtes que est\u00e9n interesados en participar y conocer m\u00e1s acerca del Plan TSPP pueden conectarse a la reuni\u00f3n de este viernes 22 de enero a trav\u00e9s del enlace: <a href=\"https:\/\/cedia.zoom.us\/j\/85418899925\">https:\/\/cedia.zoom.us\/j\/85418899925<\/a>. La ID es: 854 1889 9925.<\/p>\n\n\n\n<p>Para mayor informaci\u00f3n sobre el Plan TSPP comunicarse con las docentes Elizabeth Medina (<a href=\"mailto:elizabeth.medina@uartes.edu.ec\">elizabeth.medina@uartes.edu.ec<\/a>) y Gilda de Mujica (<a href=\"mailto:gilda.sanchez@uartes.edu.ec\">gilda.sanchez@uartes.edu.ec<\/a>).<\/p>","protected":false},"excerpt":{"rendered":"<p>Desde la Jefatura de Pr\u00e1cticas Preprofesionales (PPP) de la Universidad de las Artes se invita a los estudiantes de octavo y noveno semestre que a\u00fan no las han realizado ni culminado a participar este viernes 22 de enero de 2021, a las 18:30 y v\u00eda Zoom, en una reuni\u00f3n cuyo objetivo es programarlas.<\/p>","protected":false},"author":1,"featured_media":9075,"comment_status":"closed","ping_status":"closed","sticky":false,"template":"","format":"standard","meta":{"_acf_changed":false,"_uag_custom_page_level_css":"","_monsterinsights_skip_tracking":false,"_monsterinsights_sitenote_active":false,"_monsterinsights_sitenote_note":"","_monsterinsights_sitenote_category":0,"cybocfi_hide_featured_image":"","footnotes":""},"categories":[80,75,76,79],"tags":[416],"infouartes":[],"class_list":["post-12480","post","type-post","status-publish","format-standard","has-post-thumbnail","hentry","category-academico","category-docentes","category-estudiantes","category-vinculo","tag-practicas-pre-profesionales"],"acf":[],"yoast_head":"<!-- This site is optimized with the Yoast SEO plugin v27.4 - https:\/\/yoast.com\/product\/yoast-seo-wordpress\/ -->\n<title>Universidad de las Artes - En reuni\u00f3n se dar\u00e1 a conocer el Plan de Titulaci\u00f3n Sin Pr\u00e1cticas Pendientes<\/title>\n<meta name=\"description\" content=\"Universidad de las Artes - En reuni\u00f3n se dar\u00e1 a conocer el Plan de Titulaci\u00f3n Sin Pr\u00e1cticas Pendientes\" \/>\n<meta name=\"robots\" content=\"index, follow, max-snippet:-1, max-image-preview:large, max-video-preview:-1\" \/>\n<link rel=\"canonical\" href=\"https:\/\/www.uartes.edu.ec\/sitio\/en\/blog\/2021\/01\/21\/en-reunion-se-dara-a-conocer-el-plan-de-titulacion-sin-practicas-pendientes\/\" \/>\n<meta property=\"og:locale\" content=\"en_US\" \/>\n<meta property=\"og:type\" content=\"article\" \/>\n<meta property=\"og:title\" content=\"Universidad de las Artes - En reuni\u00f3n se dar\u00e1 a conocer el Plan de Titulaci\u00f3n Sin Pr\u00e1cticas Pendientes\" \/>\n<meta property=\"og:description\" content=\"Universidad de las Artes - En reuni\u00f3n se dar\u00e1 a conocer el Plan de Titulaci\u00f3n Sin Pr\u00e1cticas Pendientes\" \/>\n<meta property=\"og:url\" content=\"https:\/\/www.uartes.edu.ec\/sitio\/en\/blog\/2021\/01\/21\/en-reunion-se-dara-a-conocer-el-plan-de-titulacion-sin-practicas-pendientes\/\" \/>\n<meta property=\"og:site_name\" content=\"Universidad de las Artes\" \/>\n<meta property=\"article:publisher\" content=\"https:\/\/www.facebook.com\/uartesec\" \/>\n<meta property=\"article:published_time\" content=\"2021-01-21T19:02:32+00:00\" \/>\n<meta property=\"article:modified_time\" content=\"2024-07-04T16:28:21+00:00\" \/>\n<meta property=\"og:image\" content=\"https:\/\/www.uartes.edu.ec\/sitio\/wp-content\/uploads\/2020\/09\/Pasanti\u0301as-UArtes.jpg\" \/>\n\t<meta property=\"og:image:width\" content=\"2000\" \/>\n\t<meta property=\"og:image:height\" content=\"1333\" \/>\n\t<meta property=\"og:image:type\" content=\"image\/jpeg\" \/>\n<meta name=\"author\" content=\"Universidad de las Artes\" \/>\n<meta name=\"twitter:card\" content=\"summary_large_image\" \/>\n<meta name=\"twitter:creator\" content=\"@uartesec\" \/>\n<meta name=\"twitter:site\" content=\"@uartesec\" \/>\n<meta name=\"twitter:label1\" content=\"Written by\" \/>\n\t<meta name=\"twitter:data1\" content=\"Universidad de las Artes\" \/>\n\t<meta name=\"twitter:label2\" content=\"Est. reading time\" \/>\n\t<meta name=\"twitter:data2\" content=\"2 minutes\" \/>\n<script type=\"application\/ld+json\" class=\"yoast-schema-graph\">{\"@context\":\"https:\\\/\\\/schema.org\",\"@graph\":[{\"@type\":\"Article\",\"@id\":\"https:\\\/\\\/www.uartes.edu.ec\\\/sitio\\\/en\\\/blog\\\/2021\\\/01\\\/21\\\/en-reunion-se-dara-a-conocer-el-plan-de-titulacion-sin-practicas-pendientes\\\/#article\",\"isPartOf\":{\"@id\":\"https:\\\/\\\/www.uartes.edu.ec\\\/sitio\\\/en\\\/blog\\\/2021\\\/01\\\/21\\\/en-reunion-se-dara-a-conocer-el-plan-de-titulacion-sin-practicas-pendientes\\\/\"},\"author\":{\"name\":\"Universidad de las Artes\",\"@id\":\"https:\\\/\\\/www.uartes.edu.ec\\\/sitio\\\/en\\\/#\\\/schema\\\/person\\\/f33f8c1d2af0d5c80a38c8abf458184a\"},\"headline\":\"En reuni\u00f3n se dar\u00e1 a conocer el Plan de Titulaci\u00f3n Sin Pr\u00e1cticas Pendientes\",\"datePublished\":\"2021-01-21T19:02:32+00:00\",\"dateModified\":\"2024-07-04T16:28:21+00:00\",\"mainEntityOfPage\":{\"@id\":\"https:\\\/\\\/www.uartes.edu.ec\\\/sitio\\\/en\\\/blog\\\/2021\\\/01\\\/21\\\/en-reunion-se-dara-a-conocer-el-plan-de-titulacion-sin-practicas-pendientes\\\/\"},\"wordCount\":327,\"publisher\":{\"@id\":\"https:\\\/\\\/www.uartes.edu.ec\\\/sitio\\\/en\\\/#organization\"},\"image\":{\"@id\":\"https:\\\/\\\/www.uartes.edu.ec\\\/sitio\\\/en\\\/blog\\\/2021\\\/01\\\/21\\\/en-reunion-se-dara-a-conocer-el-plan-de-titulacion-sin-practicas-pendientes\\\/#primaryimage\"},\"thumbnailUrl\":\"https:\\\/\\\/www.uartes.edu.ec\\\/sitio\\\/wp-content\\\/uploads\\\/2020\\\/09\\\/Pasanti\u0301as-UArtes.jpg\",\"keywords\":[\"pr\u00e1cticas pre-profesionales\"],\"articleSection\":[\"Acad\u00e9mico\",\"Docentes\",\"Estudiantes\",\"V\u00ednculo\"],\"inLanguage\":\"en-US\"},{\"@type\":[\"WebPage\",\"ItemPage\"],\"@id\":\"https:\\\/\\\/www.uartes.edu.ec\\\/sitio\\\/en\\\/blog\\\/2021\\\/01\\\/21\\\/en-reunion-se-dara-a-conocer-el-plan-de-titulacion-sin-practicas-pendientes\\\/\",\"url\":\"https:\\\/\\\/www.uartes.edu.ec\\\/sitio\\\/en\\\/blog\\\/2021\\\/01\\\/21\\\/en-reunion-se-dara-a-conocer-el-plan-de-titulacion-sin-practicas-pendientes\\\/\",\"name\":\"Universidad de las Artes - En reuni\u00f3n se dar\u00e1 a conocer el Plan de Titulaci\u00f3n Sin Pr\u00e1cticas Pendientes\",\"isPartOf\":{\"@id\":\"https:\\\/\\\/www.uartes.edu.ec\\\/sitio\\\/en\\\/#website\"},\"primaryImageOfPage\":{\"@id\":\"https:\\\/\\\/www.uartes.edu.ec\\\/sitio\\\/en\\\/blog\\\/2021\\\/01\\\/21\\\/en-reunion-se-dara-a-conocer-el-plan-de-titulacion-sin-practicas-pendientes\\\/#primaryimage\"},\"image\":{\"@id\":\"https:\\\/\\\/www.uartes.edu.ec\\\/sitio\\\/en\\\/blog\\\/2021\\\/01\\\/21\\\/en-reunion-se-dara-a-conocer-el-plan-de-titulacion-sin-practicas-pendientes\\\/#primaryimage\"},\"thumbnailUrl\":\"https:\\\/\\\/www.uartes.edu.ec\\\/sitio\\\/wp-content\\\/uploads\\\/2020\\\/09\\\/Pasanti\u0301as-UArtes.jpg\",\"datePublished\":\"2021-01-21T19:02:32+00:00\",\"dateModified\":\"2024-07-04T16:28:21+00:00\",\"description\":\"Universidad de las Artes - En reuni\u00f3n se dar\u00e1 a conocer el Plan de Titulaci\u00f3n Sin Pr\u00e1cticas Pendientes\",\"breadcrumb\":{\"@id\":\"https:\\\/\\\/www.uartes.edu.ec\\\/sitio\\\/en\\\/blog\\\/2021\\\/01\\\/21\\\/en-reunion-se-dara-a-conocer-el-plan-de-titulacion-sin-practicas-pendientes\\\/#breadcrumb\"},\"inLanguage\":\"en-US\",\"potentialAction\":[{\"@type\":\"ReadAction\",\"target\":[\"https:\\\/\\\/www.uartes.edu.ec\\\/sitio\\\/en\\\/blog\\\/2021\\\/01\\\/21\\\/en-reunion-se-dara-a-conocer-el-plan-de-titulacion-sin-practicas-pendientes\\\/\"]}]},{\"@type\":\"ImageObject\",\"inLanguage\":\"en-US\",\"@id\":\"https:\\\/\\\/www.uartes.edu.ec\\\/sitio\\\/en\\\/blog\\\/2021\\\/01\\\/21\\\/en-reunion-se-dara-a-conocer-el-plan-de-titulacion-sin-practicas-pendientes\\\/#primaryimage\",\"url\":\"https:\\\/\\\/www.uartes.edu.ec\\\/sitio\\\/wp-content\\\/uploads\\\/2020\\\/09\\\/Pasanti\u0301as-UArtes.jpg\",\"contentUrl\":\"https:\\\/\\\/www.uartes.edu.ec\\\/sitio\\\/wp-content\\\/uploads\\\/2020\\\/09\\\/Pasanti\u0301as-UArtes.jpg\",\"width\":2000,\"height\":1333},{\"@type\":\"BreadcrumbList\",\"@id\":\"https:\\\/\\\/www.uartes.edu.ec\\\/sitio\\\/en\\\/blog\\\/2021\\\/01\\\/21\\\/en-reunion-se-dara-a-conocer-el-plan-de-titulacion-sin-practicas-pendientes\\\/#breadcrumb\",\"itemListElement\":[{\"@type\":\"ListItem\",\"position\":1,\"name\":\"Inicio\",\"item\":\"https:\\\/\\\/www.uartes.edu.ec\\\/sitio\\\/\"},{\"@type\":\"ListItem\",\"position\":2,\"name\":\"En reuni\u00f3n se dar\u00e1 a conocer el Plan de Titulaci\u00f3n Sin Pr\u00e1cticas Pendientes\"}]},{\"@type\":\"WebSite\",\"@id\":\"https:\\\/\\\/www.uartes.edu.ec\\\/sitio\\\/en\\\/#website\",\"url\":\"https:\\\/\\\/www.uartes.edu.ec\\\/sitio\\\/en\\\/\",\"name\":\"Universidad de las Artes\",\"description\":\"Sitio oficial de la Universidad Nacional de las Artes del Ecuador\",\"publisher\":{\"@id\":\"https:\\\/\\\/www.uartes.edu.ec\\\/sitio\\\/en\\\/#organization\"},\"potentialAction\":[{\"@type\":\"SearchAction\",\"target\":{\"@type\":\"EntryPoint\",\"urlTemplate\":\"https:\\\/\\\/www.uartes.edu.ec\\\/sitio\\\/en\\\/?s={search_term_string}\"},\"query-input\":{\"@type\":\"PropertyValueSpecification\",\"valueRequired\":true,\"valueName\":\"search_term_string\"}}],\"inLanguage\":\"en-US\"},{\"@type\":\"Organization\",\"@id\":\"https:\\\/\\\/www.uartes.edu.ec\\\/sitio\\\/en\\\/#organization\",\"name\":\"Universidad de las Artes\",\"url\":\"https:\\\/\\\/www.uartes.edu.ec\\\/sitio\\\/en\\\/\",\"logo\":{\"@type\":\"ImageObject\",\"inLanguage\":\"en-US\",\"@id\":\"https:\\\/\\\/www.uartes.edu.ec\\\/sitio\\\/en\\\/#\\\/schema\\\/logo\\\/image\\\/\",\"url\":\"https:\\\/\\\/www.uartes.edu.ec\\\/sitio\\\/wp-content\\\/uploads\\\/2022\\\/07\\\/logo-ua-horizontal.png\",\"contentUrl\":\"https:\\\/\\\/www.uartes.edu.ec\\\/sitio\\\/wp-content\\\/uploads\\\/2022\\\/07\\\/logo-ua-horizontal.png\",\"width\":800,\"height\":276,\"caption\":\"Universidad de las Artes\"},\"image\":{\"@id\":\"https:\\\/\\\/www.uartes.edu.ec\\\/sitio\\\/en\\\/#\\\/schema\\\/logo\\\/image\\\/\"},\"sameAs\":[\"https:\\\/\\\/www.facebook.com\\\/uartesec\",\"https:\\\/\\\/x.com\\\/uartesec\",\"https:\\\/\\\/www.tiktok.com\\\/@uartesec\"]},{\"@type\":\"Person\",\"@id\":\"https:\\\/\\\/www.uartes.edu.ec\\\/sitio\\\/en\\\/#\\\/schema\\\/person\\\/f33f8c1d2af0d5c80a38c8abf458184a\",\"name\":\"Universidad de las Artes\",\"image\":{\"@type\":\"ImageObject\",\"inLanguage\":\"en-US\",\"@id\":\"https:\\\/\\\/secure.gravatar.com\\\/avatar\\\/52e4757902f5cfa5ac52d020e5be83cae5487519154b6c35482fe08d589f3c13?s=96&d=mm&r=g\",\"url\":\"https:\\\/\\\/secure.gravatar.com\\\/avatar\\\/52e4757902f5cfa5ac52d020e5be83cae5487519154b6c35482fe08d589f3c13?s=96&d=mm&r=g\",\"contentUrl\":\"https:\\\/\\\/secure.gravatar.com\\\/avatar\\\/52e4757902f5cfa5ac52d020e5be83cae5487519154b6c35482fe08d589f3c13?s=96&d=mm&r=g\",\"caption\":\"Universidad de las Artes\"},\"url\":\"https:\\\/\\\/www.uartes.edu.ec\\\/sitio\\\/en\\\/blog\\\/author\\\/dircomadm\\\/\"}]}<\/script>\n<!-- \/ Yoast SEO plugin. -->","yoast_head_json":{"title":"Universidad de las Artes - En reuni\u00f3n se dar\u00e1 a conocer el Plan de Titulaci\u00f3n Sin Pr\u00e1cticas Pendientes","description":"Universidad de las Artes - En reuni\u00f3n se dar\u00e1 a conocer el Plan de Titulaci\u00f3n Sin Pr\u00e1cticas Pendientes","robots":{"index":"index","follow":"follow","max-snippet":"max-snippet:-1","max-image-preview":"max-image-preview:large","max-video-preview":"max-video-preview:-1"},"canonical":"https:\/\/www.uartes.edu.ec\/sitio\/en\/blog\/2021\/01\/21\/en-reunion-se-dara-a-conocer-el-plan-de-titulacion-sin-practicas-pendientes\/","og_locale":"en_US","og_type":"article","og_title":"Universidad de las Artes - En reuni\u00f3n se dar\u00e1 a conocer el Plan de Titulaci\u00f3n Sin Pr\u00e1cticas Pendientes","og_description":"Universidad de las Artes - En reuni\u00f3n se dar\u00e1 a conocer el Plan de Titulaci\u00f3n Sin Pr\u00e1cticas Pendientes","og_url":"https:\/\/www.uartes.edu.ec\/sitio\/en\/blog\/2021\/01\/21\/en-reunion-se-dara-a-conocer-el-plan-de-titulacion-sin-practicas-pendientes\/","og_site_name":"Universidad de las Artes","article_publisher":"https:\/\/www.facebook.com\/uartesec","article_published_time":"2021-01-21T19:02:32+00:00","article_modified_time":"2024-07-04T16:28:21+00:00","og_image":[{"width":2000,"height":1333,"url":"https:\/\/www.uartes.edu.ec\/sitio\/wp-content\/uploads\/2020\/09\/Pasanti\u0301as-UArtes.jpg","type":"image\/jpeg"}],"author":"Universidad de las Artes","twitter_card":"summary_large_image","twitter_creator":"@uartesec","twitter_site":"@uartesec","twitter_misc":{"Written by":"Universidad de las Artes","Est. reading time":"2 minutes"},"schema":{"@context":"https:\/\/schema.org","@graph":[{"@type":"Article","@id":"https:\/\/www.uartes.edu.ec\/sitio\/en\/blog\/2021\/01\/21\/en-reunion-se-dara-a-conocer-el-plan-de-titulacion-sin-practicas-pendientes\/#article","isPartOf":{"@id":"https:\/\/www.uartes.edu.ec\/sitio\/en\/blog\/2021\/01\/21\/en-reunion-se-dara-a-conocer-el-plan-de-titulacion-sin-practicas-pendientes\/"},"author":{"name":"Universidad de las Artes","@id":"https:\/\/www.uartes.edu.ec\/sitio\/en\/#\/schema\/person\/f33f8c1d2af0d5c80a38c8abf458184a"},"headline":"En reuni\u00f3n se dar\u00e1 a conocer el Plan de Titulaci\u00f3n Sin Pr\u00e1cticas Pendientes","datePublished":"2021-01-21T19:02:32+00:00","dateModified":"2024-07-04T16:28:21+00:00","mainEntityOfPage":{"@id":"https:\/\/www.uartes.edu.ec\/sitio\/en\/blog\/2021\/01\/21\/en-reunion-se-dara-a-conocer-el-plan-de-titulacion-sin-practicas-pendientes\/"},"wordCount":327,"publisher":{"@id":"https:\/\/www.uartes.edu.ec\/sitio\/en\/#organization"},"image":{"@id":"https:\/\/www.uartes.edu.ec\/sitio\/en\/blog\/2021\/01\/21\/en-reunion-se-dara-a-conocer-el-plan-de-titulacion-sin-practicas-pendientes\/#primaryimage"},"thumbnailUrl":"https:\/\/www.uartes.edu.ec\/sitio\/wp-content\/uploads\/2020\/09\/Pasanti\u0301as-UArtes.jpg","keywords":["pr\u00e1cticas pre-profesionales"],"articleSection":["Acad\u00e9mico","Docentes","Estudiantes","V\u00ednculo"],"inLanguage":"en-US"},{"@type":["WebPage","ItemPage"],"@id":"https:\/\/www.uartes.edu.ec\/sitio\/en\/blog\/2021\/01\/21\/en-reunion-se-dara-a-conocer-el-plan-de-titulacion-sin-practicas-pendientes\/","url":"https:\/\/www.uartes.edu.ec\/sitio\/en\/blog\/2021\/01\/21\/en-reunion-se-dara-a-conocer-el-plan-de-titulacion-sin-practicas-pendientes\/","name":"Universidad de las Artes - En reuni\u00f3n se dar\u00e1 a conocer el Plan de Titulaci\u00f3n Sin Pr\u00e1cticas Pendientes","isPartOf":{"@id":"https:\/\/www.uartes.edu.ec\/sitio\/en\/#website"},"primaryImageOfPage":{"@id":"https:\/\/www.uartes.edu.ec\/sitio\/en\/blog\/2021\/01\/21\/en-reunion-se-dara-a-conocer-el-plan-de-titulacion-sin-practicas-pendientes\/#primaryimage"},"image":{"@id":"https:\/\/www.uartes.edu.ec\/sitio\/en\/blog\/2021\/01\/21\/en-reunion-se-dara-a-conocer-el-plan-de-titulacion-sin-practicas-pendientes\/#primaryimage"},"thumbnailUrl":"https:\/\/www.uartes.edu.ec\/sitio\/wp-content\/uploads\/2020\/09\/Pasanti\u0301as-UArtes.jpg","datePublished":"2021-01-21T19:02:32+00:00","dateModified":"2024-07-04T16:28:21+00:00","description":"Universidad de las Artes - En reuni\u00f3n se dar\u00e1 a conocer el Plan de Titulaci\u00f3n Sin Pr\u00e1cticas Pendientes","breadcrumb":{"@id":"https:\/\/www.uartes.edu.ec\/sitio\/en\/blog\/2021\/01\/21\/en-reunion-se-dara-a-conocer-el-plan-de-titulacion-sin-practicas-pendientes\/#breadcrumb"},"inLanguage":"en-US","potentialAction":[{"@type":"ReadAction","target":["https:\/\/www.uartes.edu.ec\/sitio\/en\/blog\/2021\/01\/21\/en-reunion-se-dara-a-conocer-el-plan-de-titulacion-sin-practicas-pendientes\/"]}]},{"@type":"ImageObject","inLanguage":"en-US","@id":"https:\/\/www.uartes.edu.ec\/sitio\/en\/blog\/2021\/01\/21\/en-reunion-se-dara-a-conocer-el-plan-de-titulacion-sin-practicas-pendientes\/#primaryimage","url":"https:\/\/www.uartes.edu.ec\/sitio\/wp-content\/uploads\/2020\/09\/Pasanti\u0301as-UArtes.jpg","contentUrl":"https:\/\/www.uartes.edu.ec\/sitio\/wp-content\/uploads\/2020\/09\/Pasanti\u0301as-UArtes.jpg","width":2000,"height":1333},{"@type":"BreadcrumbList","@id":"https:\/\/www.uartes.edu.ec\/sitio\/en\/blog\/2021\/01\/21\/en-reunion-se-dara-a-conocer-el-plan-de-titulacion-sin-practicas-pendientes\/#breadcrumb","itemListElement":[{"@type":"ListItem","position":1,"name":"Inicio","item":"https:\/\/www.uartes.edu.ec\/sitio\/"},{"@type":"ListItem","position":2,"name":"En reuni\u00f3n se dar\u00e1 a conocer el Plan de Titulaci\u00f3n Sin Pr\u00e1cticas Pendientes"}]},{"@type":"WebSite","@id":"https:\/\/www.uartes.edu.ec\/sitio\/en\/#website","url":"https:\/\/www.uartes.edu.ec\/sitio\/en\/","name":"Universidad de las Artes","description":"Sitio oficial de la Universidad Nacional de las Artes del Ecuador","publisher":{"@id":"https:\/\/www.uartes.edu.ec\/sitio\/en\/#organization"},"potentialAction":[{"@type":"SearchAction","target":{"@type":"EntryPoint","urlTemplate":"https:\/\/www.uartes.edu.ec\/sitio\/en\/?s={search_term_string}"},"query-input":{"@type":"PropertyValueSpecification","valueRequired":true,"valueName":"search_term_string"}}],"inLanguage":"en-US"},{"@type":"Organization","@id":"https:\/\/www.uartes.edu.ec\/sitio\/en\/#organization","name":"Universidad de las Artes","url":"https:\/\/www.uartes.edu.ec\/sitio\/en\/","logo":{"@type":"ImageObject","inLanguage":"en-US","@id":"https:\/\/www.uartes.edu.ec\/sitio\/en\/#\/schema\/logo\/image\/","url":"https:\/\/www.uartes.edu.ec\/sitio\/wp-content\/uploads\/2022\/07\/logo-ua-horizontal.png","contentUrl":"https:\/\/www.uartes.edu.ec\/sitio\/wp-content\/uploads\/2022\/07\/logo-ua-horizontal.png","width":800,"height":276,"caption":"Universidad de las Artes"},"image":{"@id":"https:\/\/www.uartes.edu.ec\/sitio\/en\/#\/schema\/logo\/image\/"},"sameAs":["https:\/\/www.facebook.com\/uartesec","https:\/\/x.com\/uartesec","https:\/\/www.tiktok.com\/@uartesec"]},{"@type":"Person","@id":"https:\/\/www.uartes.edu.ec\/sitio\/en\/#\/schema\/person\/f33f8c1d2af0d5c80a38c8abf458184a","name":"Universidad de las Artes","image":{"@type":"ImageObject","inLanguage":"en-US","@id":"https:\/\/secure.gravatar.com\/avatar\/52e4757902f5cfa5ac52d020e5be83cae5487519154b6c35482fe08d589f3c13?s=96&d=mm&r=g","url":"https:\/\/secure.gravatar.com\/avatar\/52e4757902f5cfa5ac52d020e5be83cae5487519154b6c35482fe08d589f3c13?s=96&d=mm&r=g","contentUrl":"https:\/\/secure.gravatar.com\/avatar\/52e4757902f5cfa5ac52d020e5be83cae5487519154b6c35482fe08d589f3c13?s=96&d=mm&r=g","caption":"Universidad de las Artes"},"url":"https:\/\/www.uartes.edu.ec\/sitio\/en\/blog\/author\/dircomadm\/"}]}},"uagb_featured_image_src":{"full":["https:\/\/www.uartes.edu.ec\/sitio\/wp-content\/uploads\/2020\/09\/Pasanti\u0301as-UArtes.jpg",2000,1333,false],"thumbnail":["https:\/\/www.uartes.edu.ec\/sitio\/wp-content\/uploads\/2020\/09\/Pasanti\u0301as-UArtes-150x150.jpg",150,150,true],"medium":["https:\/\/www.uartes.edu.ec\/sitio\/wp-content\/uploads\/2020\/09\/Pasanti\u0301as-UArtes-300x200.jpg",300,200,true],"medium_large":["https:\/\/www.uartes.edu.ec\/sitio\/wp-content\/uploads\/2020\/09\/Pasanti\u0301as-UArtes-768x512.jpg",768,512,true],"large":["https:\/\/www.uartes.edu.ec\/sitio\/wp-content\/uploads\/2020\/09\/Pasanti\u0301as-UArtes-644x429.jpg",644,429,true],"1536x1536":["https:\/\/www.uartes.edu.ec\/sitio\/wp-content\/uploads\/2020\/09\/Pasanti\u0301as-UArtes-1536x1024.jpg",1536,1024,true],"2048x2048":["https:\/\/www.uartes.edu.ec\/sitio\/wp-content\/uploads\/2020\/09\/Pasanti\u0301as-UArtes.jpg",2000,1333,false],"trp-custom-language-flag":["https:\/\/www.uartes.edu.ec\/sitio\/wp-content\/uploads\/2020\/09\/Pasanti\u0301as-UArtes.jpg",18,12,false],"htmega_size_585x295":["https:\/\/www.uartes.edu.ec\/sitio\/wp-content\/uploads\/2020\/09\/Pasanti\u0301as-UArtes-585x295.jpg",585,295,true],"htmega_size_1170x536":["https:\/\/www.uartes.edu.ec\/sitio\/wp-content\/uploads\/2020\/09\/Pasanti\u0301as-UArtes-1170x536.jpg",1170,536,true],"htmega_size_396x360":["https:\/\/www.uartes.edu.ec\/sitio\/wp-content\/uploads\/2020\/09\/Pasanti\u0301as-UArtes-396x360.jpg",396,360,true],"gb-block-post-grid-landscape":["https:\/\/www.uartes.edu.ec\/sitio\/wp-content\/uploads\/2020\/09\/Pasanti\u0301as-UArtes.jpg",600,400,false],"gb-block-post-grid-square":["https:\/\/www.uartes.edu.ec\/sitio\/wp-content\/uploads\/2020\/09\/Pasanti\u0301as-UArtes.jpg",600,400,false],"university-hub-thumb":["https:\/\/www.uartes.edu.ec\/sitio\/wp-content\/uploads\/2020\/09\/Pasanti\u0301as-UArtes-400x267.jpg",400,267,true]},"uagb_author_info":{"display_name":"Universidad de las Artes","author_link":"https:\/\/www.uartes.edu.ec\/sitio\/en\/blog\/author\/dircomadm\/"},"uagb_comment_info":0,"uagb_excerpt":"Desde la Jefatura de Pr\u00e1cticas Preprofesionales (PPP) de la Universidad de las Artes se invita a los estudiantes de octavo y noveno semestre que a\u00fan no las han realizado ni culminado a participar este viernes 22 de enero de 2021, a las 18:30 y v\u00eda Zoom, en una reuni\u00f3n cuyo objetivo es programarlas.","featured_image_src":"https:\/\/www.uartes.edu.ec\/sitio\/wp-content\/uploads\/2020\/09\/Pasanti\u0301as-UArtes.jpg","featured_image_src_square":"https:\/\/www.uartes.edu.ec\/sitio\/wp-content\/uploads\/2020\/09\/Pasanti\u0301as-UArtes.jpg","author_info":{"display_name":"Universidad de las Artes","author_link":"https:\/\/www.uartes.edu.ec\/sitio\/en\/blog\/author\/dircomadm\/"},"publishpress_future_workflow_manual_trigger":{"enabledWorkflows":[]},"distributor_meta":false,"distributor_terms":false,"distributor_media":false,"distributor_original_site_name":"Universidad de las Artes","distributor_original_site_url":"https:\/\/www.uartes.edu.ec\/sitio\/en","push-errors":false,"_links":{"self":[{"href":"https:\/\/www.uartes.edu.ec\/sitio\/en\/wp-json\/wp\/v2\/posts\/12480","targetHints":{"allow":["GET"]}}],"collection":[{"href":"https:\/\/www.uartes.edu.ec\/sitio\/en\/wp-json\/wp\/v2\/posts"}],"about":[{"href":"https:\/\/www.uartes.edu.ec\/sitio\/en\/wp-json\/wp\/v2\/types\/post"}],"author":[{"embeddable":true,"href":"https:\/\/www.uartes.edu.ec\/sitio\/en\/wp-json\/wp\/v2\/users\/1"}],"replies":[{"embeddable":true,"href":"https:\/\/www.uartes.edu.ec\/sitio\/en\/wp-json\/wp\/v2\/comments?post=12480"}],"version-history":[{"count":1,"href":"https:\/\/www.uartes.edu.ec\/sitio\/en\/wp-json\/wp\/v2\/posts\/12480\/revisions"}],"predecessor-version":[{"id":12481,"href":"https:\/\/www.uartes.edu.ec\/sitio\/en\/wp-json\/wp\/v2\/posts\/12480\/revisions\/12481"}],"wp:featuredmedia":[{"embeddable":true,"href":"https:\/\/www.uartes.edu.ec\/sitio\/en\/wp-json\/wp\/v2\/media\/9075"}],"wp:attachment":[{"href":"https:\/\/www.uartes.edu.ec\/sitio\/en\/wp-json\/wp\/v2\/media?parent=12480"}],"wp:term":[{"taxonomy":"category","embeddable":true,"href":"https:\/\/www.uartes.edu.ec\/sitio\/en\/wp-json\/wp\/v2\/categories?post=12480"},{"taxonomy":"post_tag","embeddable":true,"href":"https:\/\/www.uartes.edu.ec\/sitio\/en\/wp-json\/wp\/v2\/tags?post=12480"},{"taxonomy":"infouartes","embeddable":true,"href":"https:\/\/www.uartes.edu.ec\/sitio\/en\/wp-json\/wp\/v2\/infouartes?post=12480"}],"curies":[{"name":"wp","href":"https:\/\/api.w.org\/{rel}","templated":true}]}}