{"id":1263,"date":"2018-02-20T16:28:10","date_gmt":"2018-02-20T21:28:10","guid":{"rendered":"http:\/\/www.uartes.edu.ec\/infouartes\/?p=1263"},"modified":"2024-07-04T11:53:58","modified_gmt":"2024-07-04T16:53:58","slug":"yulianela-perez-garcia-historiadora-y-docente-de-la-uartes","status":"publish","type":"post","link":"https:\/\/www.uartes.edu.ec\/sitio\/en\/blog\/2018\/02\/20\/yulianela-perez-garcia-historiadora-y-docente-de-la-uartes\/","title":{"rendered":"Yulianela P\u00e9rez Garc\u00eda, historiadora y docente de la UArtes"},"content":{"rendered":"<p>Historiadora y polit\u00f3loga nacida en La Habana, Cuba. Fue profesora en la Universidad de La Habana donde imparti\u00f3 cursos de pre y postgrado sobre historia, cultura y religi\u00f3n en \u00c1frica y Asia, procesos migratorios internacionales y talleres de metodolog\u00eda e investigaci\u00f3n en ciencias sociales. Sobre estas tem\u00e1ticas dispone de m\u00e1s de una decena de publicaciones entre libros, cap\u00edtulos de libros y art\u00edculos en revistas latinoamericanas de Cuba, M\u00e9xico, Colombia y Argentina. Tambi\u00e9n trabaj\u00f3 como profesora en el Instituto Superior de Relaciones Internacionales \u201cRa\u00fal Roa Garc\u00eda\u201d en Cuba.<\/p>\n<p>Cuenta con una Maestr\u00eda en Historia Contempor\u00e1nea con Menci\u00f3n en Estudios Afroasi\u00e1ticos (2011) y Doctorado en Ciencias Pol\u00edticas (2017) por la Universidad de La Habana, Cuba.<\/p>\n<p>Actualmente es docente en la Unidad Transversal de Teor\u00edas Cr\u00edticas y Pr\u00e1cticas Experimentales en Artes de la Universidad de las Artes.<\/p>\n<p><strong>Recorrido acad\u00e9mico<\/strong><\/p>\n<ul>\n<li>Miembro del Banco Internacional de Evaluadores Externos del Consejo Latinoamericano de Ciencias Sociales (CLACSO), Buenos Aires, Argentina, desde 2014.<\/li>\n<li>Miembro del Consejo Cient\u00edfico de la revista <em>Mundi Migratios<\/em> del Centro de Estudios sobre Migraciones Internacionales, Universidad de La Habana, 2013-2016.<\/li>\n<li>Miembro de la Secci\u00f3n Cubana de la Asociaci\u00f3n Latinoamericana de Estudios de Asia y \u00c1frica (ALADAA), desde 2013.<\/li>\n<li>Miembro de la Red Internacional de Migraci\u00f3n y Desarrollo con sede en la Unidad de Estudios del Desarrollo de la Universidad Aut\u00f3noma de Zacatecas, M\u00e9xico, desde 2011.<\/li>\n<li>Miembro Adjunto de la C\u00e1tedra Interdisciplinaria de Estudios Africanos \u201cAm\u00edlcar Cabral\u201d, Universidad de La Habana, Cuba, desde 2008.<\/li>\n<li>Investigadora del Centro de Estudios sobre \u00c1frica y Medio Oriente, cuerpo asesor del Ministerio de Relaciones Exteriores de Cuba, 2006-2009.<\/li>\n<\/ul>\n<p><strong>Libros publicados<\/strong><\/p>\n<ul>\n<li><em>Migraci\u00f3n y trabajo entre las regiones del sur desde la perspectiva global: un an\u00e1lisis del flujo de cubanos hacia Angola<\/em>. Ciudad Aut\u00f3noma de Buenos Aires, Argentina: CLACSO, 2015. Disponible en: <a href=\"http:\/\/biblioteca.clacso.edu.ar\/clacso\/sur-sur\/20151216015515\/Migracion_y_trabajo.pdf\">http:\/\/biblioteca.clacso.edu.ar\/clacso\/sur-sur\/20151216015515\/Migracion_y_trabajo.pdf<\/a><\/li>\n<\/ul>\n<p><strong>Algunos de sus m\u00e1s recientes art\u00edculos<\/strong><\/p>\n<ul>\n<li>\u201cUna mirada hist\u00f3rico-pol\u00edtica a la institucionalizaci\u00f3n de la cultura en el Ecuador\u201d. En: <em>Yachana: Revista Cient\u00edfica<\/em>. 2017, Vol. 2. (En proceso de edici\u00f3n).<\/li>\n<li>\u201cRepresentaciones sociales sobre la migraci\u00f3n de cubanos hacia Angola\u201d. En: <em>Migraci\u00f3n y desarrollo<\/em>. 2017, Vol. 15, n\u00ba28, pp 65-93. Disponible en: <a href=\"http:\/\/rimd.reduaz.mx\/revista\/rev28\/3.pdf\">http:\/\/rimd.reduaz.mx\/revista\/rev28\/3.pdf<\/a>.<\/li>\n<li>\u201cLas migraciones laborales entre las regiones del Sur\u201d. En: <em>Contra Relatos desde el Sur. Apuntes sobre \u00c1frica y Medio Oriente<\/em>. 2016, A\u00f1o XII, n\u00ba13, pp. 13-24. Disponible en: <a href=\"http:\/\/estudiosafricanos.cea.unc.edu.ar\/files\/03-15189-41399-1-PB.pdf\">http:\/\/estudiosafricanos.cea.unc.edu.ar\/files\/03-15189-41399-1-PB.pdf<\/a>.<\/li>\n<\/ul>\n<p><strong>Premios y reconocimientos<\/strong><\/p>\n<ul>\n<li>Ganadora del Premio Nacional de la Academia de Ciencias de la Rep\u00fablica de Cuba, 2015.<\/li>\n<li>Ganadora del Concurso de BECAS SUR-SUR 2014 \u201cTrabajo y Bienestar en el Sur\u201d del Programa de Colaboraci\u00f3n Tricontinental Sur-Sur 2013-2015, promovido por CLACSO, CODESRIA y Asdi, 2014.<\/li>\n<\/ul>\n<p><strong>Proyectos de investigaci\u00f3n en curso<\/strong><\/p>\n<ul>\n<li>Los abordajes te\u00f3ricos-metodol\u00f3gicos de la Ciencia Pol\u00edtica en los debates sobre la cultura: avances y retrocesos en el contexto latinoamericano (2017-2018).<\/li>\n<\/ul>\n<p><strong>\u00c1rea de investigaci\u00f3n<\/strong><\/p>\n<p>Procesos migratorios internacionales; relaciones internacionales; historia contempor\u00e1nea de \u00c1frica, Asia y Am\u00e9rica Latina; relaciones Sur-Sur; arte y cultura isl\u00e1mica.<\/p>\n<p><strong>\u00c1rea de inter\u00e9s<\/strong><\/p>\n<p>Migraci\u00f3n; religi\u00f3n y cultura; dimensi\u00f3n pol\u00edtica en los estudios culturales; arte y pol\u00edtica.<\/p>","protected":false},"excerpt":{"rendered":"<p>Historiadora y polit\u00f3loga nacida en La Habana, Cuba. Fue profesora en la Universidad de La Habana donde imparti\u00f3 cursos de pre y postgrado sobre historia, cultura y religi\u00f3n en \u00c1frica y Asia, procesos migratorios internacionales y talleres de metodolog\u00eda e investigaci\u00f3n en ciencias sociales. Sobre estas tem\u00e1ticas dispone de m\u00e1s de una decena de publicaciones [&hellip;]<\/p>\n","protected":false},"author":1,"featured_media":1264,"comment_status":"closed","ping_status":"open","sticky":false,"template":"","format":"standard","meta":{"_acf_changed":false,"_uag_custom_page_level_css":"","_monsterinsights_skip_tracking":false,"_monsterinsights_sitenote_active":false,"_monsterinsights_sitenote_note":"","_monsterinsights_sitenote_category":0,"cybocfi_hide_featured_image":"","footnotes":""},"categories":[75],"tags":[],"infouartes":[],"class_list":["post-1263","post","type-post","status-publish","format-standard","has-post-thumbnail","hentry","category-docentes"],"acf":[],"yoast_head":"<!-- This site is optimized with the Yoast SEO plugin v27.4 - https:\/\/yoast.com\/product\/yoast-seo-wordpress\/ -->\n<title>Universidad de las Artes - Yulianela P\u00e9rez Garc\u00eda, historiadora y docente de la UArtes<\/title>\n<meta name=\"description\" content=\"Universidad de las Artes - Yulianela P\u00e9rez Garc\u00eda, historiadora y docente de la UArtes\" \/>\n<meta name=\"robots\" content=\"index, follow, max-snippet:-1, max-image-preview:large, max-video-preview:-1\" \/>\n<link rel=\"canonical\" href=\"https:\/\/www.uartes.edu.ec\/sitio\/en\/blog\/2018\/02\/20\/yulianela-perez-garcia-historiadora-y-docente-de-la-uartes\/\" \/>\n<meta property=\"og:locale\" content=\"en_US\" \/>\n<meta property=\"og:type\" content=\"article\" \/>\n<meta property=\"og:title\" content=\"Universidad de las Artes - Yulianela P\u00e9rez Garc\u00eda, historiadora y docente de la UArtes\" \/>\n<meta property=\"og:description\" content=\"Universidad de las Artes - Yulianela P\u00e9rez Garc\u00eda, historiadora y docente de la UArtes\" \/>\n<meta property=\"og:url\" content=\"https:\/\/www.uartes.edu.ec\/sitio\/en\/blog\/2018\/02\/20\/yulianela-perez-garcia-historiadora-y-docente-de-la-uartes\/\" \/>\n<meta property=\"og:site_name\" content=\"Universidad de las Artes\" \/>\n<meta property=\"article:publisher\" content=\"https:\/\/www.facebook.com\/uartesec\" \/>\n<meta property=\"article:published_time\" content=\"2018-02-20T21:28:10+00:00\" \/>\n<meta property=\"article:modified_time\" content=\"2024-07-04T16:53:58+00:00\" \/>\n<meta name=\"author\" content=\"Universidad de las Artes\" \/>\n<meta name=\"twitter:card\" content=\"summary_large_image\" \/>\n<meta name=\"twitter:creator\" content=\"@uartesec\" \/>\n<meta name=\"twitter:site\" content=\"@uartesec\" \/>\n<meta name=\"twitter:label1\" content=\"Written by\" \/>\n\t<meta name=\"twitter:data1\" content=\"Universidad de las Artes\" \/>\n\t<meta name=\"twitter:label2\" content=\"Est. reading time\" \/>\n\t<meta name=\"twitter:data2\" content=\"3 minutes\" \/>\n<script type=\"application\/ld+json\" class=\"yoast-schema-graph\">{\"@context\":\"https:\\\/\\\/schema.org\",\"@graph\":[{\"@type\":\"Article\",\"@id\":\"https:\\\/\\\/www.uartes.edu.ec\\\/sitio\\\/en\\\/blog\\\/2018\\\/02\\\/20\\\/yulianela-perez-garcia-historiadora-y-docente-de-la-uartes\\\/#article\",\"isPartOf\":{\"@id\":\"https:\\\/\\\/www.uartes.edu.ec\\\/sitio\\\/en\\\/blog\\\/2018\\\/02\\\/20\\\/yulianela-perez-garcia-historiadora-y-docente-de-la-uartes\\\/\"},\"author\":{\"name\":\"Universidad de las Artes\",\"@id\":\"https:\\\/\\\/www.uartes.edu.ec\\\/sitio\\\/en\\\/#\\\/schema\\\/person\\\/f33f8c1d2af0d5c80a38c8abf458184a\"},\"headline\":\"Yulianela P\u00e9rez Garc\u00eda, historiadora y docente de la UArtes\",\"datePublished\":\"2018-02-20T21:28:10+00:00\",\"dateModified\":\"2024-07-04T16:53:58+00:00\",\"mainEntityOfPage\":{\"@id\":\"https:\\\/\\\/www.uartes.edu.ec\\\/sitio\\\/en\\\/blog\\\/2018\\\/02\\\/20\\\/yulianela-perez-garcia-historiadora-y-docente-de-la-uartes\\\/\"},\"wordCount\":562,\"publisher\":{\"@id\":\"https:\\\/\\\/www.uartes.edu.ec\\\/sitio\\\/en\\\/#organization\"},\"image\":{\"@id\":\"https:\\\/\\\/www.uartes.edu.ec\\\/sitio\\\/en\\\/blog\\\/2018\\\/02\\\/20\\\/yulianela-perez-garcia-historiadora-y-docente-de-la-uartes\\\/#primaryimage\"},\"thumbnailUrl\":\"\",\"articleSection\":[\"Docentes\"],\"inLanguage\":\"en-US\"},{\"@type\":[\"WebPage\",\"ItemPage\"],\"@id\":\"https:\\\/\\\/www.uartes.edu.ec\\\/sitio\\\/en\\\/blog\\\/2018\\\/02\\\/20\\\/yulianela-perez-garcia-historiadora-y-docente-de-la-uartes\\\/\",\"url\":\"https:\\\/\\\/www.uartes.edu.ec\\\/sitio\\\/en\\\/blog\\\/2018\\\/02\\\/20\\\/yulianela-perez-garcia-historiadora-y-docente-de-la-uartes\\\/\",\"name\":\"Universidad de las Artes - Yulianela P\u00e9rez Garc\u00eda, historiadora y docente de la UArtes\",\"isPartOf\":{\"@id\":\"https:\\\/\\\/www.uartes.edu.ec\\\/sitio\\\/en\\\/#website\"},\"primaryImageOfPage\":{\"@id\":\"https:\\\/\\\/www.uartes.edu.ec\\\/sitio\\\/en\\\/blog\\\/2018\\\/02\\\/20\\\/yulianela-perez-garcia-historiadora-y-docente-de-la-uartes\\\/#primaryimage\"},\"image\":{\"@id\":\"https:\\\/\\\/www.uartes.edu.ec\\\/sitio\\\/en\\\/blog\\\/2018\\\/02\\\/20\\\/yulianela-perez-garcia-historiadora-y-docente-de-la-uartes\\\/#primaryimage\"},\"thumbnailUrl\":\"\",\"datePublished\":\"2018-02-20T21:28:10+00:00\",\"dateModified\":\"2024-07-04T16:53:58+00:00\",\"description\":\"Universidad de las Artes - Yulianela P\u00e9rez Garc\u00eda, historiadora y docente de la UArtes\",\"breadcrumb\":{\"@id\":\"https:\\\/\\\/www.uartes.edu.ec\\\/sitio\\\/en\\\/blog\\\/2018\\\/02\\\/20\\\/yulianela-perez-garcia-historiadora-y-docente-de-la-uartes\\\/#breadcrumb\"},\"inLanguage\":\"en-US\",\"potentialAction\":[{\"@type\":\"ReadAction\",\"target\":[\"https:\\\/\\\/www.uartes.edu.ec\\\/sitio\\\/en\\\/blog\\\/2018\\\/02\\\/20\\\/yulianela-perez-garcia-historiadora-y-docente-de-la-uartes\\\/\"]}]},{\"@type\":\"ImageObject\",\"inLanguage\":\"en-US\",\"@id\":\"https:\\\/\\\/www.uartes.edu.ec\\\/sitio\\\/en\\\/blog\\\/2018\\\/02\\\/20\\\/yulianela-perez-garcia-historiadora-y-docente-de-la-uartes\\\/#primaryimage\",\"url\":\"\",\"contentUrl\":\"\"},{\"@type\":\"BreadcrumbList\",\"@id\":\"https:\\\/\\\/www.uartes.edu.ec\\\/sitio\\\/en\\\/blog\\\/2018\\\/02\\\/20\\\/yulianela-perez-garcia-historiadora-y-docente-de-la-uartes\\\/#breadcrumb\",\"itemListElement\":[{\"@type\":\"ListItem\",\"position\":1,\"name\":\"Inicio\",\"item\":\"https:\\\/\\\/www.uartes.edu.ec\\\/sitio\\\/\"},{\"@type\":\"ListItem\",\"position\":2,\"name\":\"Yulianela P\u00e9rez Garc\u00eda, historiadora y docente de la UArtes\"}]},{\"@type\":\"WebSite\",\"@id\":\"https:\\\/\\\/www.uartes.edu.ec\\\/sitio\\\/en\\\/#website\",\"url\":\"https:\\\/\\\/www.uartes.edu.ec\\\/sitio\\\/en\\\/\",\"name\":\"Universidad de las Artes\",\"description\":\"Sitio oficial de la Universidad Nacional de las Artes del Ecuador\",\"publisher\":{\"@id\":\"https:\\\/\\\/www.uartes.edu.ec\\\/sitio\\\/en\\\/#organization\"},\"potentialAction\":[{\"@type\":\"SearchAction\",\"target\":{\"@type\":\"EntryPoint\",\"urlTemplate\":\"https:\\\/\\\/www.uartes.edu.ec\\\/sitio\\\/en\\\/?s={search_term_string}\"},\"query-input\":{\"@type\":\"PropertyValueSpecification\",\"valueRequired\":true,\"valueName\":\"search_term_string\"}}],\"inLanguage\":\"en-US\"},{\"@type\":\"Organization\",\"@id\":\"https:\\\/\\\/www.uartes.edu.ec\\\/sitio\\\/en\\\/#organization\",\"name\":\"Universidad de las Artes\",\"url\":\"https:\\\/\\\/www.uartes.edu.ec\\\/sitio\\\/en\\\/\",\"logo\":{\"@type\":\"ImageObject\",\"inLanguage\":\"en-US\",\"@id\":\"https:\\\/\\\/www.uartes.edu.ec\\\/sitio\\\/en\\\/#\\\/schema\\\/logo\\\/image\\\/\",\"url\":\"https:\\\/\\\/www.uartes.edu.ec\\\/sitio\\\/wp-content\\\/uploads\\\/2022\\\/07\\\/logo-ua-horizontal.png\",\"contentUrl\":\"https:\\\/\\\/www.uartes.edu.ec\\\/sitio\\\/wp-content\\\/uploads\\\/2022\\\/07\\\/logo-ua-horizontal.png\",\"width\":800,\"height\":276,\"caption\":\"Universidad de las Artes\"},\"image\":{\"@id\":\"https:\\\/\\\/www.uartes.edu.ec\\\/sitio\\\/en\\\/#\\\/schema\\\/logo\\\/image\\\/\"},\"sameAs\":[\"https:\\\/\\\/www.facebook.com\\\/uartesec\",\"https:\\\/\\\/x.com\\\/uartesec\",\"https:\\\/\\\/www.tiktok.com\\\/@uartesec\"]},{\"@type\":\"Person\",\"@id\":\"https:\\\/\\\/www.uartes.edu.ec\\\/sitio\\\/en\\\/#\\\/schema\\\/person\\\/f33f8c1d2af0d5c80a38c8abf458184a\",\"name\":\"Universidad de las Artes\",\"image\":{\"@type\":\"ImageObject\",\"inLanguage\":\"en-US\",\"@id\":\"https:\\\/\\\/secure.gravatar.com\\\/avatar\\\/52e4757902f5cfa5ac52d020e5be83cae5487519154b6c35482fe08d589f3c13?s=96&d=mm&r=g\",\"url\":\"https:\\\/\\\/secure.gravatar.com\\\/avatar\\\/52e4757902f5cfa5ac52d020e5be83cae5487519154b6c35482fe08d589f3c13?s=96&d=mm&r=g\",\"contentUrl\":\"https:\\\/\\\/secure.gravatar.com\\\/avatar\\\/52e4757902f5cfa5ac52d020e5be83cae5487519154b6c35482fe08d589f3c13?s=96&d=mm&r=g\",\"caption\":\"Universidad de las Artes\"},\"url\":\"https:\\\/\\\/www.uartes.edu.ec\\\/sitio\\\/en\\\/blog\\\/author\\\/dircomadm\\\/\"}]}<\/script>\n<!-- \/ Yoast SEO plugin. -->","yoast_head_json":{"title":"Universidad de las Artes - Yulianela P\u00e9rez Garc\u00eda, historiadora y docente de la UArtes","description":"Universidad de las Artes - Yulianela P\u00e9rez Garc\u00eda, historiadora y docente de la UArtes","robots":{"index":"index","follow":"follow","max-snippet":"max-snippet:-1","max-image-preview":"max-image-preview:large","max-video-preview":"max-video-preview:-1"},"canonical":"https:\/\/www.uartes.edu.ec\/sitio\/en\/blog\/2018\/02\/20\/yulianela-perez-garcia-historiadora-y-docente-de-la-uartes\/","og_locale":"en_US","og_type":"article","og_title":"Universidad de las Artes - Yulianela P\u00e9rez Garc\u00eda, historiadora y docente de la UArtes","og_description":"Universidad de las Artes - Yulianela P\u00e9rez Garc\u00eda, historiadora y docente de la UArtes","og_url":"https:\/\/www.uartes.edu.ec\/sitio\/en\/blog\/2018\/02\/20\/yulianela-perez-garcia-historiadora-y-docente-de-la-uartes\/","og_site_name":"Universidad de las Artes","article_publisher":"https:\/\/www.facebook.com\/uartesec","article_published_time":"2018-02-20T21:28:10+00:00","article_modified_time":"2024-07-04T16:53:58+00:00","author":"Universidad de las Artes","twitter_card":"summary_large_image","twitter_creator":"@uartesec","twitter_site":"@uartesec","twitter_misc":{"Written by":"Universidad de las Artes","Est. reading time":"3 minutes"},"schema":{"@context":"https:\/\/schema.org","@graph":[{"@type":"Article","@id":"https:\/\/www.uartes.edu.ec\/sitio\/en\/blog\/2018\/02\/20\/yulianela-perez-garcia-historiadora-y-docente-de-la-uartes\/#article","isPartOf":{"@id":"https:\/\/www.uartes.edu.ec\/sitio\/en\/blog\/2018\/02\/20\/yulianela-perez-garcia-historiadora-y-docente-de-la-uartes\/"},"author":{"name":"Universidad de las Artes","@id":"https:\/\/www.uartes.edu.ec\/sitio\/en\/#\/schema\/person\/f33f8c1d2af0d5c80a38c8abf458184a"},"headline":"Yulianela P\u00e9rez Garc\u00eda, historiadora y docente de la UArtes","datePublished":"2018-02-20T21:28:10+00:00","dateModified":"2024-07-04T16:53:58+00:00","mainEntityOfPage":{"@id":"https:\/\/www.uartes.edu.ec\/sitio\/en\/blog\/2018\/02\/20\/yulianela-perez-garcia-historiadora-y-docente-de-la-uartes\/"},"wordCount":562,"publisher":{"@id":"https:\/\/www.uartes.edu.ec\/sitio\/en\/#organization"},"image":{"@id":"https:\/\/www.uartes.edu.ec\/sitio\/en\/blog\/2018\/02\/20\/yulianela-perez-garcia-historiadora-y-docente-de-la-uartes\/#primaryimage"},"thumbnailUrl":"","articleSection":["Docentes"],"inLanguage":"en-US"},{"@type":["WebPage","ItemPage"],"@id":"https:\/\/www.uartes.edu.ec\/sitio\/en\/blog\/2018\/02\/20\/yulianela-perez-garcia-historiadora-y-docente-de-la-uartes\/","url":"https:\/\/www.uartes.edu.ec\/sitio\/en\/blog\/2018\/02\/20\/yulianela-perez-garcia-historiadora-y-docente-de-la-uartes\/","name":"Universidad de las Artes - Yulianela P\u00e9rez Garc\u00eda, historiadora y docente de la UArtes","isPartOf":{"@id":"https:\/\/www.uartes.edu.ec\/sitio\/en\/#website"},"primaryImageOfPage":{"@id":"https:\/\/www.uartes.edu.ec\/sitio\/en\/blog\/2018\/02\/20\/yulianela-perez-garcia-historiadora-y-docente-de-la-uartes\/#primaryimage"},"image":{"@id":"https:\/\/www.uartes.edu.ec\/sitio\/en\/blog\/2018\/02\/20\/yulianela-perez-garcia-historiadora-y-docente-de-la-uartes\/#primaryimage"},"thumbnailUrl":"","datePublished":"2018-02-20T21:28:10+00:00","dateModified":"2024-07-04T16:53:58+00:00","description":"Universidad de las Artes - Yulianela P\u00e9rez Garc\u00eda, historiadora y docente de la UArtes","breadcrumb":{"@id":"https:\/\/www.uartes.edu.ec\/sitio\/en\/blog\/2018\/02\/20\/yulianela-perez-garcia-historiadora-y-docente-de-la-uartes\/#breadcrumb"},"inLanguage":"en-US","potentialAction":[{"@type":"ReadAction","target":["https:\/\/www.uartes.edu.ec\/sitio\/en\/blog\/2018\/02\/20\/yulianela-perez-garcia-historiadora-y-docente-de-la-uartes\/"]}]},{"@type":"ImageObject","inLanguage":"en-US","@id":"https:\/\/www.uartes.edu.ec\/sitio\/en\/blog\/2018\/02\/20\/yulianela-perez-garcia-historiadora-y-docente-de-la-uartes\/#primaryimage","url":"","contentUrl":""},{"@type":"BreadcrumbList","@id":"https:\/\/www.uartes.edu.ec\/sitio\/en\/blog\/2018\/02\/20\/yulianela-perez-garcia-historiadora-y-docente-de-la-uartes\/#breadcrumb","itemListElement":[{"@type":"ListItem","position":1,"name":"Inicio","item":"https:\/\/www.uartes.edu.ec\/sitio\/"},{"@type":"ListItem","position":2,"name":"Yulianela P\u00e9rez Garc\u00eda, historiadora y docente de la UArtes"}]},{"@type":"WebSite","@id":"https:\/\/www.uartes.edu.ec\/sitio\/en\/#website","url":"https:\/\/www.uartes.edu.ec\/sitio\/en\/","name":"Universidad de las Artes","description":"Sitio oficial de la Universidad Nacional de las Artes del Ecuador","publisher":{"@id":"https:\/\/www.uartes.edu.ec\/sitio\/en\/#organization"},"potentialAction":[{"@type":"SearchAction","target":{"@type":"EntryPoint","urlTemplate":"https:\/\/www.uartes.edu.ec\/sitio\/en\/?s={search_term_string}"},"query-input":{"@type":"PropertyValueSpecification","valueRequired":true,"valueName":"search_term_string"}}],"inLanguage":"en-US"},{"@type":"Organization","@id":"https:\/\/www.uartes.edu.ec\/sitio\/en\/#organization","name":"Universidad de las Artes","url":"https:\/\/www.uartes.edu.ec\/sitio\/en\/","logo":{"@type":"ImageObject","inLanguage":"en-US","@id":"https:\/\/www.uartes.edu.ec\/sitio\/en\/#\/schema\/logo\/image\/","url":"https:\/\/www.uartes.edu.ec\/sitio\/wp-content\/uploads\/2022\/07\/logo-ua-horizontal.png","contentUrl":"https:\/\/www.uartes.edu.ec\/sitio\/wp-content\/uploads\/2022\/07\/logo-ua-horizontal.png","width":800,"height":276,"caption":"Universidad de las Artes"},"image":{"@id":"https:\/\/www.uartes.edu.ec\/sitio\/en\/#\/schema\/logo\/image\/"},"sameAs":["https:\/\/www.facebook.com\/uartesec","https:\/\/x.com\/uartesec","https:\/\/www.tiktok.com\/@uartesec"]},{"@type":"Person","@id":"https:\/\/www.uartes.edu.ec\/sitio\/en\/#\/schema\/person\/f33f8c1d2af0d5c80a38c8abf458184a","name":"Universidad de las Artes","image":{"@type":"ImageObject","inLanguage":"en-US","@id":"https:\/\/secure.gravatar.com\/avatar\/52e4757902f5cfa5ac52d020e5be83cae5487519154b6c35482fe08d589f3c13?s=96&d=mm&r=g","url":"https:\/\/secure.gravatar.com\/avatar\/52e4757902f5cfa5ac52d020e5be83cae5487519154b6c35482fe08d589f3c13?s=96&d=mm&r=g","contentUrl":"https:\/\/secure.gravatar.com\/avatar\/52e4757902f5cfa5ac52d020e5be83cae5487519154b6c35482fe08d589f3c13?s=96&d=mm&r=g","caption":"Universidad de las Artes"},"url":"https:\/\/www.uartes.edu.ec\/sitio\/en\/blog\/author\/dircomadm\/"}]}},"uagb_featured_image_src":{"full":false,"thumbnail":false,"medium":false,"medium_large":false,"large":false,"1536x1536":false,"2048x2048":false,"trp-custom-language-flag":false,"htmega_size_585x295":false,"htmega_size_1170x536":false,"htmega_size_396x360":false,"gb-block-post-grid-landscape":false,"gb-block-post-grid-square":false,"university-hub-thumb":false,"mailpoet_newsletter_max":false},"uagb_author_info":{"display_name":"Universidad de las Artes","author_link":"https:\/\/www.uartes.edu.ec\/sitio\/en\/blog\/author\/dircomadm\/"},"uagb_comment_info":0,"uagb_excerpt":"Historiadora y polit\u00f3loga nacida en La Habana, Cuba. Fue profesora en la Universidad de La Habana donde imparti\u00f3 cursos de pre y postgrado sobre historia, cultura y religi\u00f3n en \u00c1frica y Asia, procesos migratorios internacionales y talleres de metodolog\u00eda e investigaci\u00f3n en ciencias sociales. Sobre estas tem\u00e1ticas dispone de m\u00e1s de una decena de publicaciones&hellip;","featured_image_src":null,"featured_image_src_square":null,"author_info":{"display_name":"Universidad de las Artes","author_link":"https:\/\/www.uartes.edu.ec\/sitio\/en\/blog\/author\/dircomadm\/"},"publishpress_future_workflow_manual_trigger":{"enabledWorkflows":[]},"distributor_meta":false,"distributor_terms":false,"distributor_media":false,"distributor_original_site_name":"Universidad de las Artes","distributor_original_site_url":"https:\/\/www.uartes.edu.ec\/sitio\/en","push-errors":false,"_links":{"self":[{"href":"https:\/\/www.uartes.edu.ec\/sitio\/en\/wp-json\/wp\/v2\/posts\/1263","targetHints":{"allow":["GET"]}}],"collection":[{"href":"https:\/\/www.uartes.edu.ec\/sitio\/en\/wp-json\/wp\/v2\/posts"}],"about":[{"href":"https:\/\/www.uartes.edu.ec\/sitio\/en\/wp-json\/wp\/v2\/types\/post"}],"author":[{"embeddable":true,"href":"https:\/\/www.uartes.edu.ec\/sitio\/en\/wp-json\/wp\/v2\/users\/1"}],"replies":[{"embeddable":true,"href":"https:\/\/www.uartes.edu.ec\/sitio\/en\/wp-json\/wp\/v2\/comments?post=1263"}],"version-history":[{"count":1,"href":"https:\/\/www.uartes.edu.ec\/sitio\/en\/wp-json\/wp\/v2\/posts\/1263\/revisions"}],"predecessor-version":[{"id":57884,"href":"https:\/\/www.uartes.edu.ec\/sitio\/en\/wp-json\/wp\/v2\/posts\/1263\/revisions\/57884"}],"wp:featuredmedia":[{"embeddable":true,"href":"https:\/\/www.uartes.edu.ec\/sitio\/en\/wp-json\/"}],"wp:attachment":[{"href":"https:\/\/www.uartes.edu.ec\/sitio\/en\/wp-json\/wp\/v2\/media?parent=1263"}],"wp:term":[{"taxonomy":"category","embeddable":true,"href":"https:\/\/www.uartes.edu.ec\/sitio\/en\/wp-json\/wp\/v2\/categories?post=1263"},{"taxonomy":"post_tag","embeddable":true,"href":"https:\/\/www.uartes.edu.ec\/sitio\/en\/wp-json\/wp\/v2\/tags?post=1263"},{"taxonomy":"infouartes","embeddable":true,"href":"https:\/\/www.uartes.edu.ec\/sitio\/en\/wp-json\/wp\/v2\/infouartes?post=1263"}],"curies":[{"name":"wp","href":"https:\/\/api.w.org\/{rel}","templated":true}]}}