{"id":13158,"date":"2021-03-31T15:32:09","date_gmt":"2021-03-31T20:32:09","guid":{"rendered":"http:\/\/www.uartes.edu.ec\/sitio\/?p=13158"},"modified":"2024-07-04T11:27:29","modified_gmt":"2024-07-04T16:27:29","slug":"sala-ria-de-la-biblioteca-de-las-artes-participo-en-cuarta-edicion-de-encuentro-iberoamericano","status":"publish","type":"post","link":"https:\/\/www.uartes.edu.ec\/sitio\/en\/blog\/2021\/03\/31\/sala-ria-de-la-biblioteca-de-las-artes-participo-en-cuarta-edicion-de-encuentro-iberoamericano\/","title":{"rendered":"Sala R\u00eda, en el IV Encuentro Iberoamericano de Educaci\u00f3n Art\u00edstica y Buenas Pr\u00e1cticas\u00a0"},"content":{"rendered":"<p>A inicios del 2020, la Organizaci\u00f3n de Estados Iberoamericanos (OEI) Ecuador lanz\u00f3 junto con Arteeducarte una convocatoria para participar en el 4to Encuentro Soy Somos de Educaci\u00f3n Art\u00edstica y Buenas Pr\u00e1cticas. Su realizaci\u00f3n estaba prevista para abril de ese mismo a\u00f1o, pero debido a la pandemia por COVID-19 se suspendi\u00f3 y cambi\u00f3 su modalidad de presencial a virtual. &nbsp;<\/p>\n\n\n\n<p>Una de las particularidades de la cita, que congreg\u00f3 a pa\u00edses iberoamericanos, fue una sesi\u00f3n de posters de proyectos de educaci\u00f3n art\u00edstica en ejecuci\u00f3n. Ana Mar\u00eda Gonz\u00e1lez, directora de la Sala R\u00eda de la Biblioteca de las Artes, comenta que se tom\u00f3 la decisi\u00f3n de postular para el encuentro \u201cporque somos un espacio de educaci\u00f3n y creaci\u00f3n en el que convive la ni\u00f1ez con diferentes manifestaciones art\u00edsticas, familias, artistas profesionales, estudiantes de arte y pedagog\u00eda, docentes universitarios y la comunidad\u201d.&nbsp;<\/p>\n\n\n\n<p>Junto con R\u00eda fueron m\u00e1s de 50 los postulantes, pero la sala que la Biblioteca de las Artes implement\u00f3 para la creaci\u00f3n y educaci\u00f3n en&nbsp;artes&nbsp;para ni\u00f1as, ni\u00f1os y adolescentes result\u00f3 seleccionada entre 15 proyectos, lo cual, opina Ana Mar\u00eda Gonz\u00e1lez, evidencia que est\u00e1n sucediendo cosas muy interesantes en este espacio y que la visi\u00f3n de tener un espacio para la ni\u00f1ez y adolescencia dentro de la UArtes fue acertada.<\/p>\n\n\n\n<p>En la sesi\u00f3n de posters la Sala R\u00eda fue presentada por su directora como un proyecto de investigaci\u00f3n y respondi\u00f3 inquietudes manifestadas por artistas y educadores de varias ciudades del Ecuador, de otros pa\u00edses latinoamericanos y de Espa\u00f1a. Hubo un valioso intercambio de experiencias con los encargados de proyectos como Sue\u00f1o Yumbo, Museo Casa del Alabado, InConcerto, TRAP The Rythmic Art Proyect, P.E.R.A. Lab, entre otras propuestas provenientes de Brasil, Colombia, Per\u00fa, Uruguay, Argentina y Chile, refiere Ana Mar\u00eda Gonz\u00e1lez.<\/p>\n\n\n\n<p>Destaca, asimismo, la importancia de haber podido presentar los resultados que la Sala R\u00eda de la Biblioteca de las Artes ha obtenido tras dos a\u00f1os de funcionamiento. \u201cNos hace dar cuenta de que ya no es un espacio nuevo de la Universidad de las Artes, sino que es un lugar donde ya se est\u00e1n dando procesos art\u00edsticos y pedag\u00f3gicos interesantes y se pueden estudiar.&nbsp; Durante la presentaci\u00f3n conversamos sobre las actividades y ejes de funcionamiento de R\u00eda antes de la pandemia por COVID-19 y lo que hemos estado haciendo para continuar en contacto con los usuarios de forma virtual durante el \u00faltimo a\u00f1o\u201d.&nbsp;<\/p>\n\n\n\n<h3 class=\"wp-block-heading\"><strong>Apuntes<\/strong><\/h3>\n\n\n\n<p>Arteducarte es un proyecto de educaci\u00f3n art\u00edstica independiente privado, sin fines de lucro, creado en 2000,&nbsp;que se dedica a estimular la creatividad y expresi\u00f3n de ni\u00f1as, ni\u00f1os y j\u00f3venes de instituciones educativas p\u00fablicas en el Ecuador a trav\u00e9s de procesos art\u00edsticos, los cuales fomentan su capacidad de aprendizaje, autoestima y valores.<\/p>\n\n\n\n<p>Utiliza un m\u00e9todo innovador que facilita el aprendizaje de temas complejos, cuyo pretexto inicial es el temario escolar para finalmente desarrollar ejes significativos de los mundos sociales de los estudiantes. Temas como ciudadan\u00eda, comunidad, migraci\u00f3n, interculturalidad, memoria, diversidad, multiculturalidad, patrimonio, medio ambiente, g\u00e9nero, sexualidad, equidad, inclusi\u00f3n, valores, identidad, educaci\u00f3n para la paz, salud son algunos de los aspectos que trabaja el proyecto.&nbsp;Una gama muy diversa y original de proyectos art\u00edsticos, se dise\u00f1a a\u00f1o a a\u00f1o para cada tema. Se trata de un trabajo multidisciplinario que involucra a un grupo s\u00f3lidamente formado y continuamente entrenado de&nbsp;artistas, quienes junto a voluntarios y maestros forman un excelente equipo de trabajo.<\/p>\n\n\n\n<p>La OEI es\u202fla entidad decana&nbsp;del sistema de cooperaci\u00f3n iberoamericano, con\u202fm\u00e1s de 70\u202fa\u00f1os de&nbsp;vida, la mayor presencia&nbsp;f\u00edsica&nbsp;en la regi\u00f3n&nbsp;(con 18 oficinas nacionales y una secretar\u00eda general en Madrid) y el mayor volumen de proyectos y convenios activos&nbsp;(m\u00e1s de\u202fmedio millar en ejecuci\u00f3n&nbsp;actualmente&nbsp;en&nbsp;los pa\u00edses&nbsp;iberoamericanos).\u202fLleva a cabo&nbsp;sus actividades bajo las\u202fdin\u00e1micas\u202fde\u202fla cooperaci\u00f3n Sur-Sur,\u202fgenerando alianzas&nbsp;en Iberoam\u00e9rica&nbsp;en materia de\u202feducaci\u00f3n, ciencia, cultura, lenguas y derechos humanos.<\/p>\n\n\n\n<p>M\u00e1s informaci\u00f3n:<br><a href=\"https:\/\/oei.int\/es\/iberoamerica\/oei\">https:\/\/oei.int\/es\/iberoamerica\/oei<\/a><br><a href=\"http:\/\/www.arteducarte.com\/\">www.arteducarte.com<\/a>&nbsp;<\/p>","protected":false},"excerpt":{"rendered":"<p>A inicios del 2020, la Organizaci\u00f3n de Estados Iberoamericanos (OEI) Ecuador lanz\u00f3 junto con Arteeducarte una convocatoria para participar en el 4to Encuentro Soy Somos de Educaci\u00f3n Art\u00edstica y Buenas Pr\u00e1cticas. Su realizaci\u00f3n estaba prevista para abril de ese mismo a\u00f1o, pero debido a la pandemia por COVID-19 se suspendi\u00f3 y cambi\u00f3 su modalidad de presencial a virtual.  <\/p>","protected":false},"author":1,"featured_media":13157,"comment_status":"closed","ping_status":"closed","sticky":false,"template":"","format":"standard","meta":{"_acf_changed":false,"_uag_custom_page_level_css":"","_monsterinsights_skip_tracking":false,"_monsterinsights_sitenote_active":false,"_monsterinsights_sitenote_note":"","_monsterinsights_sitenote_category":0,"cybocfi_hide_featured_image":"","footnotes":""},"categories":[80,79],"tags":[211,1204,164,120],"infouartes":[],"class_list":["post-13158","post","type-post","status-publish","format-standard","has-post-thumbnail","hentry","category-academico","category-vinculo","tag-covid19","tag-educacion-artistica-intercultural","tag-oei","tag-ria"],"acf":[],"yoast_head":"<!-- This site is optimized with the Yoast SEO plugin v27.4 - https:\/\/yoast.com\/product\/yoast-seo-wordpress\/ -->\n<title>Universidad de las Artes - Sala R\u00eda, en el IV Encuentro Iberoamericano de Educaci\u00f3n Art\u00edstica y Buenas Pr\u00e1cticas\u00a0<\/title>\n<meta name=\"description\" content=\"Universidad de las Artes - Sala R\u00eda, en el IV Encuentro Iberoamericano de Educaci\u00f3n Art\u00edstica y Buenas Pr\u00e1cticas\u00a0\" \/>\n<meta name=\"robots\" content=\"index, follow, max-snippet:-1, max-image-preview:large, max-video-preview:-1\" \/>\n<link rel=\"canonical\" href=\"https:\/\/www.uartes.edu.ec\/sitio\/en\/blog\/2021\/03\/31\/sala-ria-de-la-biblioteca-de-las-artes-participo-en-cuarta-edicion-de-encuentro-iberoamericano\/\" \/>\n<meta property=\"og:locale\" content=\"en_US\" \/>\n<meta property=\"og:type\" content=\"article\" \/>\n<meta property=\"og:title\" content=\"Universidad de las Artes - Sala R\u00eda, en el IV Encuentro Iberoamericano de Educaci\u00f3n Art\u00edstica y Buenas Pr\u00e1cticas\u00a0\" \/>\n<meta property=\"og:description\" content=\"Universidad de las Artes - Sala R\u00eda, en el IV Encuentro Iberoamericano de Educaci\u00f3n Art\u00edstica y Buenas Pr\u00e1cticas\u00a0\" \/>\n<meta property=\"og:url\" content=\"https:\/\/www.uartes.edu.ec\/sitio\/en\/blog\/2021\/03\/31\/sala-ria-de-la-biblioteca-de-las-artes-participo-en-cuarta-edicion-de-encuentro-iberoamericano\/\" \/>\n<meta property=\"og:site_name\" content=\"Universidad de las Artes\" \/>\n<meta property=\"article:publisher\" content=\"https:\/\/www.facebook.com\/uartesec\" \/>\n<meta property=\"article:published_time\" content=\"2021-03-31T20:32:09+00:00\" \/>\n<meta property=\"article:modified_time\" content=\"2024-07-04T16:27:29+00:00\" \/>\n<meta property=\"og:image\" content=\"https:\/\/www.uartes.edu.ec\/sitio\/wp-content\/uploads\/2021\/03\/SOY-SOMOS-FINAL.jpg\" \/>\n\t<meta property=\"og:image:width\" content=\"1999\" \/>\n\t<meta property=\"og:image:height\" content=\"1333\" \/>\n\t<meta property=\"og:image:type\" content=\"image\/jpeg\" \/>\n<meta name=\"author\" content=\"Universidad de las Artes\" \/>\n<meta name=\"twitter:card\" content=\"summary_large_image\" \/>\n<meta name=\"twitter:creator\" content=\"@uartesec\" \/>\n<meta name=\"twitter:site\" content=\"@uartesec\" \/>\n<meta name=\"twitter:label1\" content=\"Written by\" \/>\n\t<meta name=\"twitter:data1\" content=\"Universidad de las Artes\" \/>\n\t<meta name=\"twitter:label2\" content=\"Est. reading time\" \/>\n\t<meta name=\"twitter:data2\" content=\"3 minutes\" \/>\n<script type=\"application\/ld+json\" class=\"yoast-schema-graph\">{\"@context\":\"https:\\\/\\\/schema.org\",\"@graph\":[{\"@type\":\"Article\",\"@id\":\"https:\\\/\\\/www.uartes.edu.ec\\\/sitio\\\/en\\\/blog\\\/2021\\\/03\\\/31\\\/sala-ria-de-la-biblioteca-de-las-artes-participo-en-cuarta-edicion-de-encuentro-iberoamericano\\\/#article\",\"isPartOf\":{\"@id\":\"https:\\\/\\\/www.uartes.edu.ec\\\/sitio\\\/en\\\/blog\\\/2021\\\/03\\\/31\\\/sala-ria-de-la-biblioteca-de-las-artes-participo-en-cuarta-edicion-de-encuentro-iberoamericano\\\/\"},\"author\":{\"name\":\"Universidad de las Artes\",\"@id\":\"https:\\\/\\\/www.uartes.edu.ec\\\/sitio\\\/en\\\/#\\\/schema\\\/person\\\/f33f8c1d2af0d5c80a38c8abf458184a\"},\"headline\":\"Sala R\u00eda, en el IV Encuentro Iberoamericano de Educaci\u00f3n Art\u00edstica y Buenas Pr\u00e1cticas\u00a0\",\"datePublished\":\"2021-03-31T20:32:09+00:00\",\"dateModified\":\"2024-07-04T16:27:29+00:00\",\"mainEntityOfPage\":{\"@id\":\"https:\\\/\\\/www.uartes.edu.ec\\\/sitio\\\/en\\\/blog\\\/2021\\\/03\\\/31\\\/sala-ria-de-la-biblioteca-de-las-artes-participo-en-cuarta-edicion-de-encuentro-iberoamericano\\\/\"},\"wordCount\":765,\"publisher\":{\"@id\":\"https:\\\/\\\/www.uartes.edu.ec\\\/sitio\\\/en\\\/#organization\"},\"image\":{\"@id\":\"https:\\\/\\\/www.uartes.edu.ec\\\/sitio\\\/en\\\/blog\\\/2021\\\/03\\\/31\\\/sala-ria-de-la-biblioteca-de-las-artes-participo-en-cuarta-edicion-de-encuentro-iberoamericano\\\/#primaryimage\"},\"thumbnailUrl\":\"https:\\\/\\\/www.uartes.edu.ec\\\/sitio\\\/wp-content\\\/uploads\\\/2021\\\/03\\\/SOY-SOMOS-FINAL.jpg\",\"keywords\":[\"covid19\",\"educaci\u00f3n art\u00edstica intercultural\",\"OEI\",\"r\u00eda\"],\"articleSection\":[\"Acad\u00e9mico\",\"V\u00ednculo\"],\"inLanguage\":\"en-US\"},{\"@type\":[\"WebPage\",\"ItemPage\"],\"@id\":\"https:\\\/\\\/www.uartes.edu.ec\\\/sitio\\\/en\\\/blog\\\/2021\\\/03\\\/31\\\/sala-ria-de-la-biblioteca-de-las-artes-participo-en-cuarta-edicion-de-encuentro-iberoamericano\\\/\",\"url\":\"https:\\\/\\\/www.uartes.edu.ec\\\/sitio\\\/en\\\/blog\\\/2021\\\/03\\\/31\\\/sala-ria-de-la-biblioteca-de-las-artes-participo-en-cuarta-edicion-de-encuentro-iberoamericano\\\/\",\"name\":\"Universidad de las Artes - Sala R\u00eda, en el IV Encuentro Iberoamericano de Educaci\u00f3n Art\u00edstica y Buenas Pr\u00e1cticas\u00a0\",\"isPartOf\":{\"@id\":\"https:\\\/\\\/www.uartes.edu.ec\\\/sitio\\\/en\\\/#website\"},\"primaryImageOfPage\":{\"@id\":\"https:\\\/\\\/www.uartes.edu.ec\\\/sitio\\\/en\\\/blog\\\/2021\\\/03\\\/31\\\/sala-ria-de-la-biblioteca-de-las-artes-participo-en-cuarta-edicion-de-encuentro-iberoamericano\\\/#primaryimage\"},\"image\":{\"@id\":\"https:\\\/\\\/www.uartes.edu.ec\\\/sitio\\\/en\\\/blog\\\/2021\\\/03\\\/31\\\/sala-ria-de-la-biblioteca-de-las-artes-participo-en-cuarta-edicion-de-encuentro-iberoamericano\\\/#primaryimage\"},\"thumbnailUrl\":\"https:\\\/\\\/www.uartes.edu.ec\\\/sitio\\\/wp-content\\\/uploads\\\/2021\\\/03\\\/SOY-SOMOS-FINAL.jpg\",\"datePublished\":\"2021-03-31T20:32:09+00:00\",\"dateModified\":\"2024-07-04T16:27:29+00:00\",\"description\":\"Universidad de las Artes - Sala R\u00eda, en el IV Encuentro Iberoamericano de Educaci\u00f3n Art\u00edstica y Buenas Pr\u00e1cticas\u00a0\",\"breadcrumb\":{\"@id\":\"https:\\\/\\\/www.uartes.edu.ec\\\/sitio\\\/en\\\/blog\\\/2021\\\/03\\\/31\\\/sala-ria-de-la-biblioteca-de-las-artes-participo-en-cuarta-edicion-de-encuentro-iberoamericano\\\/#breadcrumb\"},\"inLanguage\":\"en-US\",\"potentialAction\":[{\"@type\":\"ReadAction\",\"target\":[\"https:\\\/\\\/www.uartes.edu.ec\\\/sitio\\\/en\\\/blog\\\/2021\\\/03\\\/31\\\/sala-ria-de-la-biblioteca-de-las-artes-participo-en-cuarta-edicion-de-encuentro-iberoamericano\\\/\"]}]},{\"@type\":\"ImageObject\",\"inLanguage\":\"en-US\",\"@id\":\"https:\\\/\\\/www.uartes.edu.ec\\\/sitio\\\/en\\\/blog\\\/2021\\\/03\\\/31\\\/sala-ria-de-la-biblioteca-de-las-artes-participo-en-cuarta-edicion-de-encuentro-iberoamericano\\\/#primaryimage\",\"url\":\"https:\\\/\\\/www.uartes.edu.ec\\\/sitio\\\/wp-content\\\/uploads\\\/2021\\\/03\\\/SOY-SOMOS-FINAL.jpg\",\"contentUrl\":\"https:\\\/\\\/www.uartes.edu.ec\\\/sitio\\\/wp-content\\\/uploads\\\/2021\\\/03\\\/SOY-SOMOS-FINAL.jpg\",\"width\":1999,\"height\":1333,\"caption\":\"Soy Somos, 4to Encuentro Iberoamericano de Educaci\u00f3n Art\u00edstica & Buenas Pr\u00e1cticas\"},{\"@type\":\"BreadcrumbList\",\"@id\":\"https:\\\/\\\/www.uartes.edu.ec\\\/sitio\\\/en\\\/blog\\\/2021\\\/03\\\/31\\\/sala-ria-de-la-biblioteca-de-las-artes-participo-en-cuarta-edicion-de-encuentro-iberoamericano\\\/#breadcrumb\",\"itemListElement\":[{\"@type\":\"ListItem\",\"position\":1,\"name\":\"Inicio\",\"item\":\"https:\\\/\\\/www.uartes.edu.ec\\\/sitio\\\/\"},{\"@type\":\"ListItem\",\"position\":2,\"name\":\"Sala R\u00eda, en el IV Encuentro Iberoamericano de Educaci\u00f3n Art\u00edstica y Buenas Pr\u00e1cticas\u00a0\"}]},{\"@type\":\"WebSite\",\"@id\":\"https:\\\/\\\/www.uartes.edu.ec\\\/sitio\\\/en\\\/#website\",\"url\":\"https:\\\/\\\/www.uartes.edu.ec\\\/sitio\\\/en\\\/\",\"name\":\"Universidad de las Artes\",\"description\":\"Sitio oficial de la Universidad Nacional de las Artes del Ecuador\",\"publisher\":{\"@id\":\"https:\\\/\\\/www.uartes.edu.ec\\\/sitio\\\/en\\\/#organization\"},\"potentialAction\":[{\"@type\":\"SearchAction\",\"target\":{\"@type\":\"EntryPoint\",\"urlTemplate\":\"https:\\\/\\\/www.uartes.edu.ec\\\/sitio\\\/en\\\/?s={search_term_string}\"},\"query-input\":{\"@type\":\"PropertyValueSpecification\",\"valueRequired\":true,\"valueName\":\"search_term_string\"}}],\"inLanguage\":\"en-US\"},{\"@type\":\"Organization\",\"@id\":\"https:\\\/\\\/www.uartes.edu.ec\\\/sitio\\\/en\\\/#organization\",\"name\":\"Universidad de las Artes\",\"url\":\"https:\\\/\\\/www.uartes.edu.ec\\\/sitio\\\/en\\\/\",\"logo\":{\"@type\":\"ImageObject\",\"inLanguage\":\"en-US\",\"@id\":\"https:\\\/\\\/www.uartes.edu.ec\\\/sitio\\\/en\\\/#\\\/schema\\\/logo\\\/image\\\/\",\"url\":\"https:\\\/\\\/www.uartes.edu.ec\\\/sitio\\\/wp-content\\\/uploads\\\/2022\\\/07\\\/logo-ua-horizontal.png\",\"contentUrl\":\"https:\\\/\\\/www.uartes.edu.ec\\\/sitio\\\/wp-content\\\/uploads\\\/2022\\\/07\\\/logo-ua-horizontal.png\",\"width\":800,\"height\":276,\"caption\":\"Universidad de las Artes\"},\"image\":{\"@id\":\"https:\\\/\\\/www.uartes.edu.ec\\\/sitio\\\/en\\\/#\\\/schema\\\/logo\\\/image\\\/\"},\"sameAs\":[\"https:\\\/\\\/www.facebook.com\\\/uartesec\",\"https:\\\/\\\/x.com\\\/uartesec\",\"https:\\\/\\\/www.tiktok.com\\\/@uartesec\"]},{\"@type\":\"Person\",\"@id\":\"https:\\\/\\\/www.uartes.edu.ec\\\/sitio\\\/en\\\/#\\\/schema\\\/person\\\/f33f8c1d2af0d5c80a38c8abf458184a\",\"name\":\"Universidad de las Artes\",\"image\":{\"@type\":\"ImageObject\",\"inLanguage\":\"en-US\",\"@id\":\"https:\\\/\\\/secure.gravatar.com\\\/avatar\\\/52e4757902f5cfa5ac52d020e5be83cae5487519154b6c35482fe08d589f3c13?s=96&d=mm&r=g\",\"url\":\"https:\\\/\\\/secure.gravatar.com\\\/avatar\\\/52e4757902f5cfa5ac52d020e5be83cae5487519154b6c35482fe08d589f3c13?s=96&d=mm&r=g\",\"contentUrl\":\"https:\\\/\\\/secure.gravatar.com\\\/avatar\\\/52e4757902f5cfa5ac52d020e5be83cae5487519154b6c35482fe08d589f3c13?s=96&d=mm&r=g\",\"caption\":\"Universidad de las Artes\"},\"url\":\"https:\\\/\\\/www.uartes.edu.ec\\\/sitio\\\/en\\\/blog\\\/author\\\/dircomadm\\\/\"}]}<\/script>\n<!-- \/ Yoast SEO plugin. -->","yoast_head_json":{"title":"Universidad de las Artes - Sala R\u00eda, en el IV Encuentro Iberoamericano de Educaci\u00f3n Art\u00edstica y Buenas Pr\u00e1cticas\u00a0","description":"Universidad de las Artes - Sala R\u00eda, en el IV Encuentro Iberoamericano de Educaci\u00f3n Art\u00edstica y Buenas Pr\u00e1cticas\u00a0","robots":{"index":"index","follow":"follow","max-snippet":"max-snippet:-1","max-image-preview":"max-image-preview:large","max-video-preview":"max-video-preview:-1"},"canonical":"https:\/\/www.uartes.edu.ec\/sitio\/en\/blog\/2021\/03\/31\/sala-ria-de-la-biblioteca-de-las-artes-participo-en-cuarta-edicion-de-encuentro-iberoamericano\/","og_locale":"en_US","og_type":"article","og_title":"Universidad de las Artes - Sala R\u00eda, en el IV Encuentro Iberoamericano de Educaci\u00f3n Art\u00edstica y Buenas Pr\u00e1cticas\u00a0","og_description":"Universidad de las Artes - Sala R\u00eda, en el IV Encuentro Iberoamericano de Educaci\u00f3n Art\u00edstica y Buenas Pr\u00e1cticas\u00a0","og_url":"https:\/\/www.uartes.edu.ec\/sitio\/en\/blog\/2021\/03\/31\/sala-ria-de-la-biblioteca-de-las-artes-participo-en-cuarta-edicion-de-encuentro-iberoamericano\/","og_site_name":"Universidad de las Artes","article_publisher":"https:\/\/www.facebook.com\/uartesec","article_published_time":"2021-03-31T20:32:09+00:00","article_modified_time":"2024-07-04T16:27:29+00:00","og_image":[{"width":1999,"height":1333,"url":"https:\/\/www.uartes.edu.ec\/sitio\/wp-content\/uploads\/2021\/03\/SOY-SOMOS-FINAL.jpg","type":"image\/jpeg"}],"author":"Universidad de las Artes","twitter_card":"summary_large_image","twitter_creator":"@uartesec","twitter_site":"@uartesec","twitter_misc":{"Written by":"Universidad de las Artes","Est. reading time":"3 minutes"},"schema":{"@context":"https:\/\/schema.org","@graph":[{"@type":"Article","@id":"https:\/\/www.uartes.edu.ec\/sitio\/en\/blog\/2021\/03\/31\/sala-ria-de-la-biblioteca-de-las-artes-participo-en-cuarta-edicion-de-encuentro-iberoamericano\/#article","isPartOf":{"@id":"https:\/\/www.uartes.edu.ec\/sitio\/en\/blog\/2021\/03\/31\/sala-ria-de-la-biblioteca-de-las-artes-participo-en-cuarta-edicion-de-encuentro-iberoamericano\/"},"author":{"name":"Universidad de las Artes","@id":"https:\/\/www.uartes.edu.ec\/sitio\/en\/#\/schema\/person\/f33f8c1d2af0d5c80a38c8abf458184a"},"headline":"Sala R\u00eda, en el IV Encuentro Iberoamericano de Educaci\u00f3n Art\u00edstica y Buenas Pr\u00e1cticas\u00a0","datePublished":"2021-03-31T20:32:09+00:00","dateModified":"2024-07-04T16:27:29+00:00","mainEntityOfPage":{"@id":"https:\/\/www.uartes.edu.ec\/sitio\/en\/blog\/2021\/03\/31\/sala-ria-de-la-biblioteca-de-las-artes-participo-en-cuarta-edicion-de-encuentro-iberoamericano\/"},"wordCount":765,"publisher":{"@id":"https:\/\/www.uartes.edu.ec\/sitio\/en\/#organization"},"image":{"@id":"https:\/\/www.uartes.edu.ec\/sitio\/en\/blog\/2021\/03\/31\/sala-ria-de-la-biblioteca-de-las-artes-participo-en-cuarta-edicion-de-encuentro-iberoamericano\/#primaryimage"},"thumbnailUrl":"https:\/\/www.uartes.edu.ec\/sitio\/wp-content\/uploads\/2021\/03\/SOY-SOMOS-FINAL.jpg","keywords":["covid19","educaci\u00f3n art\u00edstica intercultural","OEI","r\u00eda"],"articleSection":["Acad\u00e9mico","V\u00ednculo"],"inLanguage":"en-US"},{"@type":["WebPage","ItemPage"],"@id":"https:\/\/www.uartes.edu.ec\/sitio\/en\/blog\/2021\/03\/31\/sala-ria-de-la-biblioteca-de-las-artes-participo-en-cuarta-edicion-de-encuentro-iberoamericano\/","url":"https:\/\/www.uartes.edu.ec\/sitio\/en\/blog\/2021\/03\/31\/sala-ria-de-la-biblioteca-de-las-artes-participo-en-cuarta-edicion-de-encuentro-iberoamericano\/","name":"Universidad de las Artes - Sala R\u00eda, en el IV Encuentro Iberoamericano de Educaci\u00f3n Art\u00edstica y Buenas Pr\u00e1cticas\u00a0","isPartOf":{"@id":"https:\/\/www.uartes.edu.ec\/sitio\/en\/#website"},"primaryImageOfPage":{"@id":"https:\/\/www.uartes.edu.ec\/sitio\/en\/blog\/2021\/03\/31\/sala-ria-de-la-biblioteca-de-las-artes-participo-en-cuarta-edicion-de-encuentro-iberoamericano\/#primaryimage"},"image":{"@id":"https:\/\/www.uartes.edu.ec\/sitio\/en\/blog\/2021\/03\/31\/sala-ria-de-la-biblioteca-de-las-artes-participo-en-cuarta-edicion-de-encuentro-iberoamericano\/#primaryimage"},"thumbnailUrl":"https:\/\/www.uartes.edu.ec\/sitio\/wp-content\/uploads\/2021\/03\/SOY-SOMOS-FINAL.jpg","datePublished":"2021-03-31T20:32:09+00:00","dateModified":"2024-07-04T16:27:29+00:00","description":"Universidad de las Artes - Sala R\u00eda, en el IV Encuentro Iberoamericano de Educaci\u00f3n Art\u00edstica y Buenas Pr\u00e1cticas\u00a0","breadcrumb":{"@id":"https:\/\/www.uartes.edu.ec\/sitio\/en\/blog\/2021\/03\/31\/sala-ria-de-la-biblioteca-de-las-artes-participo-en-cuarta-edicion-de-encuentro-iberoamericano\/#breadcrumb"},"inLanguage":"en-US","potentialAction":[{"@type":"ReadAction","target":["https:\/\/www.uartes.edu.ec\/sitio\/en\/blog\/2021\/03\/31\/sala-ria-de-la-biblioteca-de-las-artes-participo-en-cuarta-edicion-de-encuentro-iberoamericano\/"]}]},{"@type":"ImageObject","inLanguage":"en-US","@id":"https:\/\/www.uartes.edu.ec\/sitio\/en\/blog\/2021\/03\/31\/sala-ria-de-la-biblioteca-de-las-artes-participo-en-cuarta-edicion-de-encuentro-iberoamericano\/#primaryimage","url":"https:\/\/www.uartes.edu.ec\/sitio\/wp-content\/uploads\/2021\/03\/SOY-SOMOS-FINAL.jpg","contentUrl":"https:\/\/www.uartes.edu.ec\/sitio\/wp-content\/uploads\/2021\/03\/SOY-SOMOS-FINAL.jpg","width":1999,"height":1333,"caption":"Soy Somos, 4to Encuentro Iberoamericano de Educaci\u00f3n Art\u00edstica & Buenas Pr\u00e1cticas"},{"@type":"BreadcrumbList","@id":"https:\/\/www.uartes.edu.ec\/sitio\/en\/blog\/2021\/03\/31\/sala-ria-de-la-biblioteca-de-las-artes-participo-en-cuarta-edicion-de-encuentro-iberoamericano\/#breadcrumb","itemListElement":[{"@type":"ListItem","position":1,"name":"Inicio","item":"https:\/\/www.uartes.edu.ec\/sitio\/"},{"@type":"ListItem","position":2,"name":"Sala R\u00eda, en el IV Encuentro Iberoamericano de Educaci\u00f3n Art\u00edstica y Buenas Pr\u00e1cticas\u00a0"}]},{"@type":"WebSite","@id":"https:\/\/www.uartes.edu.ec\/sitio\/en\/#website","url":"https:\/\/www.uartes.edu.ec\/sitio\/en\/","name":"Universidad de las Artes","description":"Sitio oficial de la Universidad Nacional de las Artes del Ecuador","publisher":{"@id":"https:\/\/www.uartes.edu.ec\/sitio\/en\/#organization"},"potentialAction":[{"@type":"SearchAction","target":{"@type":"EntryPoint","urlTemplate":"https:\/\/www.uartes.edu.ec\/sitio\/en\/?s={search_term_string}"},"query-input":{"@type":"PropertyValueSpecification","valueRequired":true,"valueName":"search_term_string"}}],"inLanguage":"en-US"},{"@type":"Organization","@id":"https:\/\/www.uartes.edu.ec\/sitio\/en\/#organization","name":"Universidad de las Artes","url":"https:\/\/www.uartes.edu.ec\/sitio\/en\/","logo":{"@type":"ImageObject","inLanguage":"en-US","@id":"https:\/\/www.uartes.edu.ec\/sitio\/en\/#\/schema\/logo\/image\/","url":"https:\/\/www.uartes.edu.ec\/sitio\/wp-content\/uploads\/2022\/07\/logo-ua-horizontal.png","contentUrl":"https:\/\/www.uartes.edu.ec\/sitio\/wp-content\/uploads\/2022\/07\/logo-ua-horizontal.png","width":800,"height":276,"caption":"Universidad de las Artes"},"image":{"@id":"https:\/\/www.uartes.edu.ec\/sitio\/en\/#\/schema\/logo\/image\/"},"sameAs":["https:\/\/www.facebook.com\/uartesec","https:\/\/x.com\/uartesec","https:\/\/www.tiktok.com\/@uartesec"]},{"@type":"Person","@id":"https:\/\/www.uartes.edu.ec\/sitio\/en\/#\/schema\/person\/f33f8c1d2af0d5c80a38c8abf458184a","name":"Universidad de las Artes","image":{"@type":"ImageObject","inLanguage":"en-US","@id":"https:\/\/secure.gravatar.com\/avatar\/52e4757902f5cfa5ac52d020e5be83cae5487519154b6c35482fe08d589f3c13?s=96&d=mm&r=g","url":"https:\/\/secure.gravatar.com\/avatar\/52e4757902f5cfa5ac52d020e5be83cae5487519154b6c35482fe08d589f3c13?s=96&d=mm&r=g","contentUrl":"https:\/\/secure.gravatar.com\/avatar\/52e4757902f5cfa5ac52d020e5be83cae5487519154b6c35482fe08d589f3c13?s=96&d=mm&r=g","caption":"Universidad de las Artes"},"url":"https:\/\/www.uartes.edu.ec\/sitio\/en\/blog\/author\/dircomadm\/"}]}},"uagb_featured_image_src":{"full":["https:\/\/www.uartes.edu.ec\/sitio\/wp-content\/uploads\/2021\/03\/SOY-SOMOS-FINAL.jpg",1999,1333,false],"thumbnail":["https:\/\/www.uartes.edu.ec\/sitio\/wp-content\/uploads\/2021\/03\/SOY-SOMOS-FINAL-150x150.jpg",150,150,true],"medium":["https:\/\/www.uartes.edu.ec\/sitio\/wp-content\/uploads\/2021\/03\/SOY-SOMOS-FINAL-300x200.jpg",300,200,true],"medium_large":["https:\/\/www.uartes.edu.ec\/sitio\/wp-content\/uploads\/2021\/03\/SOY-SOMOS-FINAL-768x512.jpg",768,512,true],"large":["https:\/\/www.uartes.edu.ec\/sitio\/wp-content\/uploads\/2021\/03\/SOY-SOMOS-FINAL-644x429.jpg",644,429,true],"1536x1536":["https:\/\/www.uartes.edu.ec\/sitio\/wp-content\/uploads\/2021\/03\/SOY-SOMOS-FINAL-1536x1024.jpg",1536,1024,true],"2048x2048":["https:\/\/www.uartes.edu.ec\/sitio\/wp-content\/uploads\/2021\/03\/SOY-SOMOS-FINAL.jpg",1999,1333,false],"trp-custom-language-flag":["https:\/\/www.uartes.edu.ec\/sitio\/wp-content\/uploads\/2021\/03\/SOY-SOMOS-FINAL.jpg",18,12,false],"htmega_size_585x295":["https:\/\/www.uartes.edu.ec\/sitio\/wp-content\/uploads\/2021\/03\/SOY-SOMOS-FINAL-585x295.jpg",585,295,true],"htmega_size_1170x536":["https:\/\/www.uartes.edu.ec\/sitio\/wp-content\/uploads\/2021\/03\/SOY-SOMOS-FINAL-1170x536.jpg",1170,536,true],"htmega_size_396x360":["https:\/\/www.uartes.edu.ec\/sitio\/wp-content\/uploads\/2021\/03\/SOY-SOMOS-FINAL-396x360.jpg",396,360,true],"gb-block-post-grid-landscape":["https:\/\/www.uartes.edu.ec\/sitio\/wp-content\/uploads\/2021\/03\/SOY-SOMOS-FINAL.jpg",600,400,false],"gb-block-post-grid-square":["https:\/\/www.uartes.edu.ec\/sitio\/wp-content\/uploads\/2021\/03\/SOY-SOMOS-FINAL.jpg",600,400,false],"university-hub-thumb":["https:\/\/www.uartes.edu.ec\/sitio\/wp-content\/uploads\/2021\/03\/SOY-SOMOS-FINAL-400x267.jpg",400,267,true]},"uagb_author_info":{"display_name":"Universidad de las Artes","author_link":"https:\/\/www.uartes.edu.ec\/sitio\/en\/blog\/author\/dircomadm\/"},"uagb_comment_info":0,"uagb_excerpt":"A inicios del 2020, la Organizaci\u00f3n de Estados Iberoamericanos (OEI) Ecuador lanz\u00f3 junto con Arteeducarte una convocatoria para participar en el 4to Encuentro Soy Somos de Educaci\u00f3n Art\u00edstica y Buenas Pr\u00e1cticas. Su realizaci\u00f3n estaba prevista para abril de ese mismo a\u00f1o, pero debido a la pandemia por COVID-19 se suspendi\u00f3 y cambi\u00f3 su modalidad de&hellip;","featured_image_src":"https:\/\/www.uartes.edu.ec\/sitio\/wp-content\/uploads\/2021\/03\/SOY-SOMOS-FINAL.jpg","featured_image_src_square":"https:\/\/www.uartes.edu.ec\/sitio\/wp-content\/uploads\/2021\/03\/SOY-SOMOS-FINAL.jpg","author_info":{"display_name":"Universidad de las Artes","author_link":"https:\/\/www.uartes.edu.ec\/sitio\/en\/blog\/author\/dircomadm\/"},"publishpress_future_workflow_manual_trigger":{"enabledWorkflows":[]},"distributor_meta":false,"distributor_terms":false,"distributor_media":false,"distributor_original_site_name":"Universidad de las Artes","distributor_original_site_url":"https:\/\/www.uartes.edu.ec\/sitio\/en","push-errors":false,"_links":{"self":[{"href":"https:\/\/www.uartes.edu.ec\/sitio\/en\/wp-json\/wp\/v2\/posts\/13158","targetHints":{"allow":["GET"]}}],"collection":[{"href":"https:\/\/www.uartes.edu.ec\/sitio\/en\/wp-json\/wp\/v2\/posts"}],"about":[{"href":"https:\/\/www.uartes.edu.ec\/sitio\/en\/wp-json\/wp\/v2\/types\/post"}],"author":[{"embeddable":true,"href":"https:\/\/www.uartes.edu.ec\/sitio\/en\/wp-json\/wp\/v2\/users\/1"}],"replies":[{"embeddable":true,"href":"https:\/\/www.uartes.edu.ec\/sitio\/en\/wp-json\/wp\/v2\/comments?post=13158"}],"version-history":[{"count":4,"href":"https:\/\/www.uartes.edu.ec\/sitio\/en\/wp-json\/wp\/v2\/posts\/13158\/revisions"}],"predecessor-version":[{"id":35080,"href":"https:\/\/www.uartes.edu.ec\/sitio\/en\/wp-json\/wp\/v2\/posts\/13158\/revisions\/35080"}],"wp:featuredmedia":[{"embeddable":true,"href":"https:\/\/www.uartes.edu.ec\/sitio\/en\/wp-json\/wp\/v2\/media\/13157"}],"wp:attachment":[{"href":"https:\/\/www.uartes.edu.ec\/sitio\/en\/wp-json\/wp\/v2\/media?parent=13158"}],"wp:term":[{"taxonomy":"category","embeddable":true,"href":"https:\/\/www.uartes.edu.ec\/sitio\/en\/wp-json\/wp\/v2\/categories?post=13158"},{"taxonomy":"post_tag","embeddable":true,"href":"https:\/\/www.uartes.edu.ec\/sitio\/en\/wp-json\/wp\/v2\/tags?post=13158"},{"taxonomy":"infouartes","embeddable":true,"href":"https:\/\/www.uartes.edu.ec\/sitio\/en\/wp-json\/wp\/v2\/infouartes?post=13158"}],"curies":[{"name":"wp","href":"https:\/\/api.w.org\/{rel}","templated":true}]}}