{"id":13162,"date":"2021-03-31T15:59:06","date_gmt":"2021-03-31T20:59:06","guid":{"rendered":"http:\/\/www.uartes.edu.ec\/sitio\/?p=13162"},"modified":"2024-07-04T11:27:29","modified_gmt":"2024-07-04T16:27:29","slug":"593-espacio-ideas-en-desarrollo-conversatorios-speed-mentoring-para-reactivacion-del-sector-artistico-y-cultural","status":"publish","type":"post","link":"https:\/\/www.uartes.edu.ec\/sitio\/en\/blog\/2021\/03\/31\/593-espacio-ideas-en-desarrollo-conversatorios-speed-mentoring-para-reactivacion-del-sector-artistico-y-cultural\/","title":{"rendered":"+593 ESPACIO | Ideas en desarrollo: Conversatorios &#038; Speed Mentoring para reactivaci\u00f3n del sector art\u00edstico y cultural"},"content":{"rendered":"<p>La Direcci\u00f3n de Econom\u00edas Creativas e Innovaci\u00f3n del Centro de Producci\u00f3n e Innovaci\u00f3n MZ14 de la Universidad de las Artes, con el respaldo y aval del Hub 58, puso en marcha su iniciativa +593 ESPACIO | Ideas en desarrollo como una instancia que permita el acercamiento a perspectivas e intercambio de ideas disruptivas, que van desde lo personal hasta el territorio, sobre Pr\u00e1cticas Culturales y Creativas (PCC) que permitan contactar actores y gestores culturales con inter\u00e9s com\u00fan para identificar y solventar problem\u00e1ticas comunes sobre pol\u00edticas de fomento, de financiamiento, de incentivos y derechos para una posible soluci\u00f3n \u00e1gil en el contexto de la actual pandemia del COVID-19.<\/p>\n\n\n\n<h3 class=\"wp-block-heading\"><strong>Conversatorios<\/strong><\/h3>\n\n\n\n<p>En este espacio se cont\u00f3 con la participaci\u00f3n de Consuelo Hidalgo, Matilde Ampuero, Mariana Andrade, Ram\u00f3n Barranco, M\u00f3nica Varea, Daniela Ram\u00edrez, Jorge Parra, Jos\u00e9 Javier Vel\u00e1stegui, Juana Guarderas, Luc\u00eda Y\u00e1nez, Alina Cede\u00f1o, Anabelle Trujillo, Rudy Arana, Ketsia Borosky, Gustavo Le\u00f3n, Jordy de los Milagros, Aurora Wonders (Carlos Velazco), Sarah\u00ed Bass\u00f3 (Daniel Moreno), Angie La\u00ednez, Federico Koelle, Loly Vallejo, Mauricio Gil, Cristian Armijo, F\u00e9lix Lavayen, Mart\u00edn S\u00e1nchez, Fernando Naranjo, Clara Medina, Clara Ayala, Elena Gui, Pakita Mart\u00ednez, Silvia Buend\u00eda, Dami\u00e1n Andrade, Lucho Mueckay, M\u00f3nika Cuesta, Mar\u00eda Fernanda Segovia, Mayra Salazar, Grace Correa, Stalyn Ramos, Kathiuska Peralta, Arah\u00ed Vega, V\u00edctor Jaramillo, Stephanny Reeson, Alejandra Bueno, Marcela Holgu\u00edn H., Gabriela Montalvo, Mar\u00eda Fernanda L\u00f3pez y Mar\u00eda Jos\u00e9 F\u00e9lix.<\/p>\n\n\n\n<p>Fueron seis semanas \u2013del 12 de enero al 18 de febrero\u2013 con conversatorios los d\u00edas martes, mi\u00e9rcoles y jueves; un total de 47 invitados de diferentes sectores art\u00edsticos, culturales e investigadores.<\/p>\n\n\n\n<h3 class=\"wp-block-heading\"><strong>Speed Mentoring<\/strong><\/h3>\n\n\n\n<p>Participaron diez emprendimientos multidisciplinarios en artes digitales, artes pl\u00e1sticas, artes sonoras, artes esc\u00e9nicas, artes visuales e investigaci\u00f3n tanto de la comunidad UArtes como de la sociedad.<\/p>\n\n\n\n<p>Se cont\u00f3 con la intervenci\u00f3n de Lenin Soria, Juan Sebasti\u00e1n Vallejo, Mar\u00eda Alexandra Benalc\u00e1zar, Yv\u00e1n Mend\u00edvez, Carlos Alberto Feraud, Juan Esteban Gonz\u00e1lez, Evelyn Gallegos, Diana Sol\u00f3rzano, \u00c1ngel Murillo, Daniela Falcon\u00ed, Mar\u00eda Araujo y Katherine \u00c1vila, reconocidos profesionales con una amplia trayectoria en asesoramiento a emprendimientos de las industrias creativas.<\/p>\n\n\n\n<p>Jornadas intensas con 18 reuniones encaminadas a brindar asesoramiento y herramientas en diferentes campos necesarios para lograr sostenibilidad y sustentabilidad de los proyectos participantes, y superar las barreras y obst\u00e1culos a los que se enfrentan actualmente en la etapa inicial.<\/p>\n\n\n\n<h3 class=\"wp-block-heading\"><strong>+593 Espacio | Ideas en construcci\u00f3n<\/strong><\/h3>\n\n\n\n<p>Es parte del Programa de Fomento a la Econom\u00eda Creativa e Innovaci\u00f3n que desde MZ14, y con autogesti\u00f3n, ofrece asesor\u00edas y contenidos para todas y todos. Impulsando el desarrollo de emprendimientos de las econom\u00edas creativas, a trav\u00e9s del fomento a la capacitaci\u00f3n, creaci\u00f3n, distribuci\u00f3n, circulaci\u00f3n y comercializaci\u00f3n de bienes y servicios art\u00edsticos y culturales, integrando el concepto de cadena de valor y promoviendo el trabajo en red e impulso de nuevos emprendimientos culturales; entendiendo las artes como un catalizador de la econom\u00eda social, la generaci\u00f3n de conocimiento y el empoderamiento ciudadano.<\/p>\n\n\n\n<p>Con un total de 20.978 personas alcanzadas y 2.657 interacciones superamos nuestras expectativas durante los 20 d\u00edas repartidos en seis semanas, con 30 horas de transmisi\u00f3n. En nuestras estad\u00edsticas destaca que continuamos teniendo interacciones nacionales de Guayaquil, Quito, Cuenca, Ibarra, Loja, Machala, Ambato, Riobamba y Santo Domingo, e internacional de Bogot\u00e1. Esta iniciativa contin\u00faa siendo observada desde Ecuador, Colombia, Argentina, Alemania, Espa\u00f1a, Estados Unidos, M\u00e9xico, Chile y Pa\u00edses Bajos. Ratificamos as\u00ed el aporte desde la academia hacia los sectores de las Industrias Creativas y Culturales con procesos que permitan la profesionalizaci\u00f3n de la gesti\u00f3n cultural, buscando identificar proyectos existentes en cuanto a tesis, talleres, materias curriculares de estudiantes y graduados de la UArtes, proyectos de v\u00ednculo con la comunidad e investigaciones, brindando acompa\u00f1amiento t\u00e9cnico como parte de la actividad de mediaci\u00f3n con los p\u00fablicos y contribuir a la formaci\u00f3n para lograr incrementar los consumos culturales con temas de actualidad y pertinencia al contexto que vivimos:<\/p>\n\n\n\n<ul class=\"wp-block-list\"><li>GESTORAS CULTURALES: retos 2021<\/li><li>APUNTES MICSUR: 2014 &#8211; 2018, \u00bfqu\u00e9 esperar al 2021 &#8211; MICSUR URUGUAY?<\/li><li>ESPACIOS ESC\u00c9NICOS: \u00bfOdisea Star Trek?<\/li><li>DANCING QUEER | DJanes y la noche. \u00bfC\u00f3mo pinta?<\/li><li>TRANS-VERSALIDAD: miradas al quehacer cultural en la comunidad LGBTIQ+<\/li><li>LA ESCENA QUEER: complejidades y futuro econ\u00f3mico<\/li><li>COLECTIVOS: cajas de resonancia creativa<\/li><li>TRANSMEDIA LITERARIA: \u00bfrealidad pre o post pandemia?<\/li><li>CASA DE LA CULTURA BEJAMIN CARRI\u00d3N: rol en el siglo XXI<\/li><li>ACTIVISMO O AGITACI\u00d3N CULTURAL: \u00a1He ah\u00ed la cuesti\u00f3n!<\/li><li>NUEVAS MASCULINIDADES EN LA CULTURA: \u00bfCu\u00e1ndo hablar?<\/li><li>DANZA CONTEMPOR\u00c1NEA: desaf\u00edos actuales 2021<\/li><li>PR EN CULTURA: \u00bfa lo Jane Fonda o Arnold Schwarzenegger?<\/li><li>PERIODISMO Y CULTURA: noticia vs. rating<\/li><li>TURISMO CULTURAL: \u00bfuna industria creativa en expansi\u00f3n?<\/li><li>#FemPower vs #FemEmpowerment<\/li><li>BOX ARTE: disentir en pol\u00edtica p\u00fablica &#8211; romanticismo transgresor<\/li><\/ul>\n\n\n\n<p>Todos estos conversatorios se encuentran disponibles a la comunidad en el perfil de Facebook de MZ14 (<a href=\"https:\/\/www.facebook.com\/mz14ec\">https:\/\/www.facebook.com\/mz14ec<\/a>).<\/p>","protected":false},"excerpt":{"rendered":"<p>La Direcci\u00f3n de Econom\u00edas Creativas e Innovaci\u00f3n del Centro de Producci\u00f3n e Innovaci\u00f3n MZ14 de la Universidad de las Artes, con el respaldo y aval del Hub 58, puso en marcha esta iniciativa.<\/p>","protected":false},"author":1,"featured_media":13156,"comment_status":"closed","ping_status":"closed","sticky":false,"template":"","format":"standard","meta":{"_acf_changed":false,"_uag_custom_page_level_css":"","_monsterinsights_skip_tracking":false,"_monsterinsights_sitenote_active":false,"_monsterinsights_sitenote_note":"","_monsterinsights_sitenote_category":0,"cybocfi_hide_featured_image":"","footnotes":""},"categories":[82,79],"tags":[211,308,106],"infouartes":[],"class_list":["post-13162","post","type-post","status-publish","format-standard","has-post-thumbnail","hentry","category-artes","category-vinculo","tag-covid19","tag-economias-creativas","tag-mz14"],"acf":[],"yoast_head":"<!-- This site is optimized with the Yoast SEO plugin v27.4 - https:\/\/yoast.com\/product\/yoast-seo-wordpress\/ -->\n<title>Universidad de las Artes - +593 ESPACIO | Ideas en desarrollo: Conversatorios &amp; Speed Mentoring para reactivaci\u00f3n del sector art\u00edstico y cultural<\/title>\n<meta name=\"description\" content=\"Universidad de las Artes - +593 ESPACIO | Ideas en desarrollo: Conversatorios &amp; Speed Mentoring para reactivaci\u00f3n del sector art\u00edstico y cultural\" \/>\n<meta name=\"robots\" content=\"index, follow, max-snippet:-1, max-image-preview:large, max-video-preview:-1\" \/>\n<link rel=\"canonical\" href=\"https:\/\/www.uartes.edu.ec\/sitio\/en\/blog\/2021\/03\/31\/593-espacio-ideas-en-desarrollo-conversatorios-speed-mentoring-para-reactivacion-del-sector-artistico-y-cultural\/\" \/>\n<meta property=\"og:locale\" content=\"en_US\" \/>\n<meta property=\"og:type\" content=\"article\" \/>\n<meta property=\"og:title\" content=\"Universidad de las Artes - +593 ESPACIO | Ideas en desarrollo: Conversatorios &amp; Speed Mentoring para reactivaci\u00f3n del sector art\u00edstico y cultural\" \/>\n<meta property=\"og:description\" content=\"Universidad de las Artes - +593 ESPACIO | Ideas en desarrollo: Conversatorios &amp; Speed Mentoring para reactivaci\u00f3n del sector art\u00edstico y cultural\" \/>\n<meta property=\"og:url\" content=\"https:\/\/www.uartes.edu.ec\/sitio\/en\/blog\/2021\/03\/31\/593-espacio-ideas-en-desarrollo-conversatorios-speed-mentoring-para-reactivacion-del-sector-artistico-y-cultural\/\" \/>\n<meta property=\"og:site_name\" content=\"Universidad de las Artes\" \/>\n<meta property=\"article:publisher\" content=\"https:\/\/www.facebook.com\/uartesec\" \/>\n<meta property=\"article:published_time\" content=\"2021-03-31T20:59:06+00:00\" \/>\n<meta property=\"article:modified_time\" content=\"2024-07-04T16:27:29+00:00\" \/>\n<meta property=\"og:image\" content=\"https:\/\/www.uartes.edu.ec\/sitio\/wp-content\/uploads\/2021\/03\/mz14-charlas-varias.jpg\" \/>\n\t<meta property=\"og:image:width\" content=\"1999\" \/>\n\t<meta property=\"og:image:height\" content=\"1333\" \/>\n\t<meta property=\"og:image:type\" content=\"image\/jpeg\" \/>\n<meta name=\"author\" content=\"Universidad de las Artes\" \/>\n<meta name=\"twitter:card\" content=\"summary_large_image\" \/>\n<meta name=\"twitter:creator\" content=\"@uartesec\" \/>\n<meta name=\"twitter:site\" content=\"@uartesec\" \/>\n<meta name=\"twitter:label1\" content=\"Written by\" \/>\n\t<meta name=\"twitter:data1\" content=\"Universidad de las Artes\" \/>\n\t<meta name=\"twitter:label2\" content=\"Est. reading time\" \/>\n\t<meta name=\"twitter:data2\" content=\"4 minutes\" \/>\n<script type=\"application\/ld+json\" class=\"yoast-schema-graph\">{\"@context\":\"https:\\\/\\\/schema.org\",\"@graph\":[{\"@type\":\"Article\",\"@id\":\"https:\\\/\\\/www.uartes.edu.ec\\\/sitio\\\/en\\\/blog\\\/2021\\\/03\\\/31\\\/593-espacio-ideas-en-desarrollo-conversatorios-speed-mentoring-para-reactivacion-del-sector-artistico-y-cultural\\\/#article\",\"isPartOf\":{\"@id\":\"https:\\\/\\\/www.uartes.edu.ec\\\/sitio\\\/en\\\/blog\\\/2021\\\/03\\\/31\\\/593-espacio-ideas-en-desarrollo-conversatorios-speed-mentoring-para-reactivacion-del-sector-artistico-y-cultural\\\/\"},\"author\":{\"name\":\"Universidad de las Artes\",\"@id\":\"https:\\\/\\\/www.uartes.edu.ec\\\/sitio\\\/en\\\/#\\\/schema\\\/person\\\/f33f8c1d2af0d5c80a38c8abf458184a\"},\"headline\":\"+593 ESPACIO | Ideas en desarrollo: Conversatorios &#038; Speed Mentoring para reactivaci\u00f3n del sector art\u00edstico y cultural\",\"datePublished\":\"2021-03-31T20:59:06+00:00\",\"dateModified\":\"2024-07-04T16:27:29+00:00\",\"mainEntityOfPage\":{\"@id\":\"https:\\\/\\\/www.uartes.edu.ec\\\/sitio\\\/en\\\/blog\\\/2021\\\/03\\\/31\\\/593-espacio-ideas-en-desarrollo-conversatorios-speed-mentoring-para-reactivacion-del-sector-artistico-y-cultural\\\/\"},\"wordCount\":859,\"publisher\":{\"@id\":\"https:\\\/\\\/www.uartes.edu.ec\\\/sitio\\\/en\\\/#organization\"},\"image\":{\"@id\":\"https:\\\/\\\/www.uartes.edu.ec\\\/sitio\\\/en\\\/blog\\\/2021\\\/03\\\/31\\\/593-espacio-ideas-en-desarrollo-conversatorios-speed-mentoring-para-reactivacion-del-sector-artistico-y-cultural\\\/#primaryimage\"},\"thumbnailUrl\":\"https:\\\/\\\/www.uartes.edu.ec\\\/sitio\\\/wp-content\\\/uploads\\\/2021\\\/03\\\/mz14-charlas-varias.jpg\",\"keywords\":[\"covid19\",\"econom\u00edas creativas\",\"mz14\"],\"articleSection\":[\"Artes\",\"V\u00ednculo\"],\"inLanguage\":\"en-US\"},{\"@type\":[\"WebPage\",\"ItemPage\"],\"@id\":\"https:\\\/\\\/www.uartes.edu.ec\\\/sitio\\\/en\\\/blog\\\/2021\\\/03\\\/31\\\/593-espacio-ideas-en-desarrollo-conversatorios-speed-mentoring-para-reactivacion-del-sector-artistico-y-cultural\\\/\",\"url\":\"https:\\\/\\\/www.uartes.edu.ec\\\/sitio\\\/en\\\/blog\\\/2021\\\/03\\\/31\\\/593-espacio-ideas-en-desarrollo-conversatorios-speed-mentoring-para-reactivacion-del-sector-artistico-y-cultural\\\/\",\"name\":\"Universidad de las Artes - +593 ESPACIO | Ideas en desarrollo: Conversatorios & Speed Mentoring para reactivaci\u00f3n del sector art\u00edstico y cultural\",\"isPartOf\":{\"@id\":\"https:\\\/\\\/www.uartes.edu.ec\\\/sitio\\\/en\\\/#website\"},\"primaryImageOfPage\":{\"@id\":\"https:\\\/\\\/www.uartes.edu.ec\\\/sitio\\\/en\\\/blog\\\/2021\\\/03\\\/31\\\/593-espacio-ideas-en-desarrollo-conversatorios-speed-mentoring-para-reactivacion-del-sector-artistico-y-cultural\\\/#primaryimage\"},\"image\":{\"@id\":\"https:\\\/\\\/www.uartes.edu.ec\\\/sitio\\\/en\\\/blog\\\/2021\\\/03\\\/31\\\/593-espacio-ideas-en-desarrollo-conversatorios-speed-mentoring-para-reactivacion-del-sector-artistico-y-cultural\\\/#primaryimage\"},\"thumbnailUrl\":\"https:\\\/\\\/www.uartes.edu.ec\\\/sitio\\\/wp-content\\\/uploads\\\/2021\\\/03\\\/mz14-charlas-varias.jpg\",\"datePublished\":\"2021-03-31T20:59:06+00:00\",\"dateModified\":\"2024-07-04T16:27:29+00:00\",\"description\":\"Universidad de las Artes - +593 ESPACIO | Ideas en desarrollo: Conversatorios & Speed Mentoring para reactivaci\u00f3n del sector art\u00edstico y cultural\",\"breadcrumb\":{\"@id\":\"https:\\\/\\\/www.uartes.edu.ec\\\/sitio\\\/en\\\/blog\\\/2021\\\/03\\\/31\\\/593-espacio-ideas-en-desarrollo-conversatorios-speed-mentoring-para-reactivacion-del-sector-artistico-y-cultural\\\/#breadcrumb\"},\"inLanguage\":\"en-US\",\"potentialAction\":[{\"@type\":\"ReadAction\",\"target\":[\"https:\\\/\\\/www.uartes.edu.ec\\\/sitio\\\/en\\\/blog\\\/2021\\\/03\\\/31\\\/593-espacio-ideas-en-desarrollo-conversatorios-speed-mentoring-para-reactivacion-del-sector-artistico-y-cultural\\\/\"]}]},{\"@type\":\"ImageObject\",\"inLanguage\":\"en-US\",\"@id\":\"https:\\\/\\\/www.uartes.edu.ec\\\/sitio\\\/en\\\/blog\\\/2021\\\/03\\\/31\\\/593-espacio-ideas-en-desarrollo-conversatorios-speed-mentoring-para-reactivacion-del-sector-artistico-y-cultural\\\/#primaryimage\",\"url\":\"https:\\\/\\\/www.uartes.edu.ec\\\/sitio\\\/wp-content\\\/uploads\\\/2021\\\/03\\\/mz14-charlas-varias.jpg\",\"contentUrl\":\"https:\\\/\\\/www.uartes.edu.ec\\\/sitio\\\/wp-content\\\/uploads\\\/2021\\\/03\\\/mz14-charlas-varias.jpg\",\"width\":1999,\"height\":1333,\"caption\":\"Conversatorios de +593 Espacio\"},{\"@type\":\"BreadcrumbList\",\"@id\":\"https:\\\/\\\/www.uartes.edu.ec\\\/sitio\\\/en\\\/blog\\\/2021\\\/03\\\/31\\\/593-espacio-ideas-en-desarrollo-conversatorios-speed-mentoring-para-reactivacion-del-sector-artistico-y-cultural\\\/#breadcrumb\",\"itemListElement\":[{\"@type\":\"ListItem\",\"position\":1,\"name\":\"Inicio\",\"item\":\"https:\\\/\\\/www.uartes.edu.ec\\\/sitio\\\/\"},{\"@type\":\"ListItem\",\"position\":2,\"name\":\"+593 ESPACIO | Ideas en desarrollo: Conversatorios &#038; Speed Mentoring para reactivaci\u00f3n del sector art\u00edstico y cultural\"}]},{\"@type\":\"WebSite\",\"@id\":\"https:\\\/\\\/www.uartes.edu.ec\\\/sitio\\\/en\\\/#website\",\"url\":\"https:\\\/\\\/www.uartes.edu.ec\\\/sitio\\\/en\\\/\",\"name\":\"Universidad de las Artes\",\"description\":\"Sitio oficial de la Universidad Nacional de las Artes del Ecuador\",\"publisher\":{\"@id\":\"https:\\\/\\\/www.uartes.edu.ec\\\/sitio\\\/en\\\/#organization\"},\"potentialAction\":[{\"@type\":\"SearchAction\",\"target\":{\"@type\":\"EntryPoint\",\"urlTemplate\":\"https:\\\/\\\/www.uartes.edu.ec\\\/sitio\\\/en\\\/?s={search_term_string}\"},\"query-input\":{\"@type\":\"PropertyValueSpecification\",\"valueRequired\":true,\"valueName\":\"search_term_string\"}}],\"inLanguage\":\"en-US\"},{\"@type\":\"Organization\",\"@id\":\"https:\\\/\\\/www.uartes.edu.ec\\\/sitio\\\/en\\\/#organization\",\"name\":\"Universidad de las Artes\",\"url\":\"https:\\\/\\\/www.uartes.edu.ec\\\/sitio\\\/en\\\/\",\"logo\":{\"@type\":\"ImageObject\",\"inLanguage\":\"en-US\",\"@id\":\"https:\\\/\\\/www.uartes.edu.ec\\\/sitio\\\/en\\\/#\\\/schema\\\/logo\\\/image\\\/\",\"url\":\"https:\\\/\\\/www.uartes.edu.ec\\\/sitio\\\/wp-content\\\/uploads\\\/2022\\\/07\\\/logo-ua-horizontal.png\",\"contentUrl\":\"https:\\\/\\\/www.uartes.edu.ec\\\/sitio\\\/wp-content\\\/uploads\\\/2022\\\/07\\\/logo-ua-horizontal.png\",\"width\":800,\"height\":276,\"caption\":\"Universidad de las Artes\"},\"image\":{\"@id\":\"https:\\\/\\\/www.uartes.edu.ec\\\/sitio\\\/en\\\/#\\\/schema\\\/logo\\\/image\\\/\"},\"sameAs\":[\"https:\\\/\\\/www.facebook.com\\\/uartesec\",\"https:\\\/\\\/x.com\\\/uartesec\",\"https:\\\/\\\/www.tiktok.com\\\/@uartesec\"]},{\"@type\":\"Person\",\"@id\":\"https:\\\/\\\/www.uartes.edu.ec\\\/sitio\\\/en\\\/#\\\/schema\\\/person\\\/f33f8c1d2af0d5c80a38c8abf458184a\",\"name\":\"Universidad de las Artes\",\"image\":{\"@type\":\"ImageObject\",\"inLanguage\":\"en-US\",\"@id\":\"https:\\\/\\\/secure.gravatar.com\\\/avatar\\\/52e4757902f5cfa5ac52d020e5be83cae5487519154b6c35482fe08d589f3c13?s=96&d=mm&r=g\",\"url\":\"https:\\\/\\\/secure.gravatar.com\\\/avatar\\\/52e4757902f5cfa5ac52d020e5be83cae5487519154b6c35482fe08d589f3c13?s=96&d=mm&r=g\",\"contentUrl\":\"https:\\\/\\\/secure.gravatar.com\\\/avatar\\\/52e4757902f5cfa5ac52d020e5be83cae5487519154b6c35482fe08d589f3c13?s=96&d=mm&r=g\",\"caption\":\"Universidad de las Artes\"},\"url\":\"https:\\\/\\\/www.uartes.edu.ec\\\/sitio\\\/en\\\/blog\\\/author\\\/dircomadm\\\/\"}]}<\/script>\n<!-- \/ Yoast SEO plugin. -->","yoast_head_json":{"title":"Universidad de las Artes - +593 ESPACIO | Ideas en desarrollo: Conversatorios & Speed Mentoring para reactivaci\u00f3n del sector art\u00edstico y cultural","description":"Universidad de las Artes - +593 ESPACIO | Ideas en desarrollo: Conversatorios & Speed Mentoring para reactivaci\u00f3n del sector art\u00edstico y cultural","robots":{"index":"index","follow":"follow","max-snippet":"max-snippet:-1","max-image-preview":"max-image-preview:large","max-video-preview":"max-video-preview:-1"},"canonical":"https:\/\/www.uartes.edu.ec\/sitio\/en\/blog\/2021\/03\/31\/593-espacio-ideas-en-desarrollo-conversatorios-speed-mentoring-para-reactivacion-del-sector-artistico-y-cultural\/","og_locale":"en_US","og_type":"article","og_title":"Universidad de las Artes - +593 ESPACIO | Ideas en desarrollo: Conversatorios & Speed Mentoring para reactivaci\u00f3n del sector art\u00edstico y cultural","og_description":"Universidad de las Artes - +593 ESPACIO | Ideas en desarrollo: Conversatorios & Speed Mentoring para reactivaci\u00f3n del sector art\u00edstico y cultural","og_url":"https:\/\/www.uartes.edu.ec\/sitio\/en\/blog\/2021\/03\/31\/593-espacio-ideas-en-desarrollo-conversatorios-speed-mentoring-para-reactivacion-del-sector-artistico-y-cultural\/","og_site_name":"Universidad de las Artes","article_publisher":"https:\/\/www.facebook.com\/uartesec","article_published_time":"2021-03-31T20:59:06+00:00","article_modified_time":"2024-07-04T16:27:29+00:00","og_image":[{"width":1999,"height":1333,"url":"https:\/\/www.uartes.edu.ec\/sitio\/wp-content\/uploads\/2021\/03\/mz14-charlas-varias.jpg","type":"image\/jpeg"}],"author":"Universidad de las Artes","twitter_card":"summary_large_image","twitter_creator":"@uartesec","twitter_site":"@uartesec","twitter_misc":{"Written by":"Universidad de las Artes","Est. reading time":"4 minutes"},"schema":{"@context":"https:\/\/schema.org","@graph":[{"@type":"Article","@id":"https:\/\/www.uartes.edu.ec\/sitio\/en\/blog\/2021\/03\/31\/593-espacio-ideas-en-desarrollo-conversatorios-speed-mentoring-para-reactivacion-del-sector-artistico-y-cultural\/#article","isPartOf":{"@id":"https:\/\/www.uartes.edu.ec\/sitio\/en\/blog\/2021\/03\/31\/593-espacio-ideas-en-desarrollo-conversatorios-speed-mentoring-para-reactivacion-del-sector-artistico-y-cultural\/"},"author":{"name":"Universidad de las Artes","@id":"https:\/\/www.uartes.edu.ec\/sitio\/en\/#\/schema\/person\/f33f8c1d2af0d5c80a38c8abf458184a"},"headline":"+593 ESPACIO | Ideas en desarrollo: Conversatorios &#038; Speed Mentoring para reactivaci\u00f3n del sector art\u00edstico y cultural","datePublished":"2021-03-31T20:59:06+00:00","dateModified":"2024-07-04T16:27:29+00:00","mainEntityOfPage":{"@id":"https:\/\/www.uartes.edu.ec\/sitio\/en\/blog\/2021\/03\/31\/593-espacio-ideas-en-desarrollo-conversatorios-speed-mentoring-para-reactivacion-del-sector-artistico-y-cultural\/"},"wordCount":859,"publisher":{"@id":"https:\/\/www.uartes.edu.ec\/sitio\/en\/#organization"},"image":{"@id":"https:\/\/www.uartes.edu.ec\/sitio\/en\/blog\/2021\/03\/31\/593-espacio-ideas-en-desarrollo-conversatorios-speed-mentoring-para-reactivacion-del-sector-artistico-y-cultural\/#primaryimage"},"thumbnailUrl":"https:\/\/www.uartes.edu.ec\/sitio\/wp-content\/uploads\/2021\/03\/mz14-charlas-varias.jpg","keywords":["covid19","econom\u00edas creativas","mz14"],"articleSection":["Artes","V\u00ednculo"],"inLanguage":"en-US"},{"@type":["WebPage","ItemPage"],"@id":"https:\/\/www.uartes.edu.ec\/sitio\/en\/blog\/2021\/03\/31\/593-espacio-ideas-en-desarrollo-conversatorios-speed-mentoring-para-reactivacion-del-sector-artistico-y-cultural\/","url":"https:\/\/www.uartes.edu.ec\/sitio\/en\/blog\/2021\/03\/31\/593-espacio-ideas-en-desarrollo-conversatorios-speed-mentoring-para-reactivacion-del-sector-artistico-y-cultural\/","name":"Universidad de las Artes - +593 ESPACIO | Ideas en desarrollo: Conversatorios & Speed Mentoring para reactivaci\u00f3n del sector art\u00edstico y cultural","isPartOf":{"@id":"https:\/\/www.uartes.edu.ec\/sitio\/en\/#website"},"primaryImageOfPage":{"@id":"https:\/\/www.uartes.edu.ec\/sitio\/en\/blog\/2021\/03\/31\/593-espacio-ideas-en-desarrollo-conversatorios-speed-mentoring-para-reactivacion-del-sector-artistico-y-cultural\/#primaryimage"},"image":{"@id":"https:\/\/www.uartes.edu.ec\/sitio\/en\/blog\/2021\/03\/31\/593-espacio-ideas-en-desarrollo-conversatorios-speed-mentoring-para-reactivacion-del-sector-artistico-y-cultural\/#primaryimage"},"thumbnailUrl":"https:\/\/www.uartes.edu.ec\/sitio\/wp-content\/uploads\/2021\/03\/mz14-charlas-varias.jpg","datePublished":"2021-03-31T20:59:06+00:00","dateModified":"2024-07-04T16:27:29+00:00","description":"Universidad de las Artes - +593 ESPACIO | Ideas en desarrollo: Conversatorios & Speed Mentoring para reactivaci\u00f3n del sector art\u00edstico y cultural","breadcrumb":{"@id":"https:\/\/www.uartes.edu.ec\/sitio\/en\/blog\/2021\/03\/31\/593-espacio-ideas-en-desarrollo-conversatorios-speed-mentoring-para-reactivacion-del-sector-artistico-y-cultural\/#breadcrumb"},"inLanguage":"en-US","potentialAction":[{"@type":"ReadAction","target":["https:\/\/www.uartes.edu.ec\/sitio\/en\/blog\/2021\/03\/31\/593-espacio-ideas-en-desarrollo-conversatorios-speed-mentoring-para-reactivacion-del-sector-artistico-y-cultural\/"]}]},{"@type":"ImageObject","inLanguage":"en-US","@id":"https:\/\/www.uartes.edu.ec\/sitio\/en\/blog\/2021\/03\/31\/593-espacio-ideas-en-desarrollo-conversatorios-speed-mentoring-para-reactivacion-del-sector-artistico-y-cultural\/#primaryimage","url":"https:\/\/www.uartes.edu.ec\/sitio\/wp-content\/uploads\/2021\/03\/mz14-charlas-varias.jpg","contentUrl":"https:\/\/www.uartes.edu.ec\/sitio\/wp-content\/uploads\/2021\/03\/mz14-charlas-varias.jpg","width":1999,"height":1333,"caption":"Conversatorios de +593 Espacio"},{"@type":"BreadcrumbList","@id":"https:\/\/www.uartes.edu.ec\/sitio\/en\/blog\/2021\/03\/31\/593-espacio-ideas-en-desarrollo-conversatorios-speed-mentoring-para-reactivacion-del-sector-artistico-y-cultural\/#breadcrumb","itemListElement":[{"@type":"ListItem","position":1,"name":"Inicio","item":"https:\/\/www.uartes.edu.ec\/sitio\/"},{"@type":"ListItem","position":2,"name":"+593 ESPACIO | Ideas en desarrollo: Conversatorios &#038; Speed Mentoring para reactivaci\u00f3n del sector art\u00edstico y cultural"}]},{"@type":"WebSite","@id":"https:\/\/www.uartes.edu.ec\/sitio\/en\/#website","url":"https:\/\/www.uartes.edu.ec\/sitio\/en\/","name":"Universidad de las Artes","description":"Sitio oficial de la Universidad Nacional de las Artes del Ecuador","publisher":{"@id":"https:\/\/www.uartes.edu.ec\/sitio\/en\/#organization"},"potentialAction":[{"@type":"SearchAction","target":{"@type":"EntryPoint","urlTemplate":"https:\/\/www.uartes.edu.ec\/sitio\/en\/?s={search_term_string}"},"query-input":{"@type":"PropertyValueSpecification","valueRequired":true,"valueName":"search_term_string"}}],"inLanguage":"en-US"},{"@type":"Organization","@id":"https:\/\/www.uartes.edu.ec\/sitio\/en\/#organization","name":"Universidad de las Artes","url":"https:\/\/www.uartes.edu.ec\/sitio\/en\/","logo":{"@type":"ImageObject","inLanguage":"en-US","@id":"https:\/\/www.uartes.edu.ec\/sitio\/en\/#\/schema\/logo\/image\/","url":"https:\/\/www.uartes.edu.ec\/sitio\/wp-content\/uploads\/2022\/07\/logo-ua-horizontal.png","contentUrl":"https:\/\/www.uartes.edu.ec\/sitio\/wp-content\/uploads\/2022\/07\/logo-ua-horizontal.png","width":800,"height":276,"caption":"Universidad de las Artes"},"image":{"@id":"https:\/\/www.uartes.edu.ec\/sitio\/en\/#\/schema\/logo\/image\/"},"sameAs":["https:\/\/www.facebook.com\/uartesec","https:\/\/x.com\/uartesec","https:\/\/www.tiktok.com\/@uartesec"]},{"@type":"Person","@id":"https:\/\/www.uartes.edu.ec\/sitio\/en\/#\/schema\/person\/f33f8c1d2af0d5c80a38c8abf458184a","name":"Universidad de las Artes","image":{"@type":"ImageObject","inLanguage":"en-US","@id":"https:\/\/secure.gravatar.com\/avatar\/52e4757902f5cfa5ac52d020e5be83cae5487519154b6c35482fe08d589f3c13?s=96&d=mm&r=g","url":"https:\/\/secure.gravatar.com\/avatar\/52e4757902f5cfa5ac52d020e5be83cae5487519154b6c35482fe08d589f3c13?s=96&d=mm&r=g","contentUrl":"https:\/\/secure.gravatar.com\/avatar\/52e4757902f5cfa5ac52d020e5be83cae5487519154b6c35482fe08d589f3c13?s=96&d=mm&r=g","caption":"Universidad de las Artes"},"url":"https:\/\/www.uartes.edu.ec\/sitio\/en\/blog\/author\/dircomadm\/"}]}},"uagb_featured_image_src":{"full":["https:\/\/www.uartes.edu.ec\/sitio\/wp-content\/uploads\/2021\/03\/mz14-charlas-varias.jpg",1999,1333,false],"thumbnail":["https:\/\/www.uartes.edu.ec\/sitio\/wp-content\/uploads\/2021\/03\/mz14-charlas-varias-150x150.jpg",150,150,true],"medium":["https:\/\/www.uartes.edu.ec\/sitio\/wp-content\/uploads\/2021\/03\/mz14-charlas-varias-300x200.jpg",300,200,true],"medium_large":["https:\/\/www.uartes.edu.ec\/sitio\/wp-content\/uploads\/2021\/03\/mz14-charlas-varias-768x512.jpg",768,512,true],"large":["https:\/\/www.uartes.edu.ec\/sitio\/wp-content\/uploads\/2021\/03\/mz14-charlas-varias-644x429.jpg",644,429,true],"1536x1536":["https:\/\/www.uartes.edu.ec\/sitio\/wp-content\/uploads\/2021\/03\/mz14-charlas-varias-1536x1024.jpg",1536,1024,true],"2048x2048":["https:\/\/www.uartes.edu.ec\/sitio\/wp-content\/uploads\/2021\/03\/mz14-charlas-varias.jpg",1999,1333,false],"trp-custom-language-flag":["https:\/\/www.uartes.edu.ec\/sitio\/wp-content\/uploads\/2021\/03\/mz14-charlas-varias.jpg",18,12,false],"htmega_size_585x295":["https:\/\/www.uartes.edu.ec\/sitio\/wp-content\/uploads\/2021\/03\/mz14-charlas-varias-585x295.jpg",585,295,true],"htmega_size_1170x536":["https:\/\/www.uartes.edu.ec\/sitio\/wp-content\/uploads\/2021\/03\/mz14-charlas-varias-1170x536.jpg",1170,536,true],"htmega_size_396x360":["https:\/\/www.uartes.edu.ec\/sitio\/wp-content\/uploads\/2021\/03\/mz14-charlas-varias-396x360.jpg",396,360,true],"gb-block-post-grid-landscape":["https:\/\/www.uartes.edu.ec\/sitio\/wp-content\/uploads\/2021\/03\/mz14-charlas-varias.jpg",600,400,false],"gb-block-post-grid-square":["https:\/\/www.uartes.edu.ec\/sitio\/wp-content\/uploads\/2021\/03\/mz14-charlas-varias.jpg",600,400,false],"university-hub-thumb":["https:\/\/www.uartes.edu.ec\/sitio\/wp-content\/uploads\/2021\/03\/mz14-charlas-varias-400x267.jpg",400,267,true]},"uagb_author_info":{"display_name":"Universidad de las Artes","author_link":"https:\/\/www.uartes.edu.ec\/sitio\/en\/blog\/author\/dircomadm\/"},"uagb_comment_info":0,"uagb_excerpt":"La Direcci\u00f3n de Econom\u00edas Creativas e Innovaci\u00f3n del Centro de Producci\u00f3n e Innovaci\u00f3n MZ14 de la Universidad de las Artes, con el respaldo y aval del Hub 58, puso en marcha esta iniciativa.","featured_image_src":"https:\/\/www.uartes.edu.ec\/sitio\/wp-content\/uploads\/2021\/03\/mz14-charlas-varias.jpg","featured_image_src_square":"https:\/\/www.uartes.edu.ec\/sitio\/wp-content\/uploads\/2021\/03\/mz14-charlas-varias.jpg","author_info":{"display_name":"Universidad de las Artes","author_link":"https:\/\/www.uartes.edu.ec\/sitio\/en\/blog\/author\/dircomadm\/"},"publishpress_future_workflow_manual_trigger":{"enabledWorkflows":[]},"distributor_meta":false,"distributor_terms":false,"distributor_media":false,"distributor_original_site_name":"Universidad de las Artes","distributor_original_site_url":"https:\/\/www.uartes.edu.ec\/sitio\/en","push-errors":false,"_links":{"self":[{"href":"https:\/\/www.uartes.edu.ec\/sitio\/en\/wp-json\/wp\/v2\/posts\/13162","targetHints":{"allow":["GET"]}}],"collection":[{"href":"https:\/\/www.uartes.edu.ec\/sitio\/en\/wp-json\/wp\/v2\/posts"}],"about":[{"href":"https:\/\/www.uartes.edu.ec\/sitio\/en\/wp-json\/wp\/v2\/types\/post"}],"author":[{"embeddable":true,"href":"https:\/\/www.uartes.edu.ec\/sitio\/en\/wp-json\/wp\/v2\/users\/1"}],"replies":[{"embeddable":true,"href":"https:\/\/www.uartes.edu.ec\/sitio\/en\/wp-json\/wp\/v2\/comments?post=13162"}],"version-history":[{"count":1,"href":"https:\/\/www.uartes.edu.ec\/sitio\/en\/wp-json\/wp\/v2\/posts\/13162\/revisions"}],"predecessor-version":[{"id":13163,"href":"https:\/\/www.uartes.edu.ec\/sitio\/en\/wp-json\/wp\/v2\/posts\/13162\/revisions\/13163"}],"wp:featuredmedia":[{"embeddable":true,"href":"https:\/\/www.uartes.edu.ec\/sitio\/en\/wp-json\/wp\/v2\/media\/13156"}],"wp:attachment":[{"href":"https:\/\/www.uartes.edu.ec\/sitio\/en\/wp-json\/wp\/v2\/media?parent=13162"}],"wp:term":[{"taxonomy":"category","embeddable":true,"href":"https:\/\/www.uartes.edu.ec\/sitio\/en\/wp-json\/wp\/v2\/categories?post=13162"},{"taxonomy":"post_tag","embeddable":true,"href":"https:\/\/www.uartes.edu.ec\/sitio\/en\/wp-json\/wp\/v2\/tags?post=13162"},{"taxonomy":"infouartes","embeddable":true,"href":"https:\/\/www.uartes.edu.ec\/sitio\/en\/wp-json\/wp\/v2\/infouartes?post=13162"}],"curies":[{"name":"wp","href":"https:\/\/api.w.org\/{rel}","templated":true}]}}