{"id":13164,"date":"2021-04-01T08:46:41","date_gmt":"2021-04-01T13:46:41","guid":{"rendered":"http:\/\/www.uartes.edu.ec\/sitio\/?p=13164"},"modified":"2024-07-04T11:27:29","modified_gmt":"2024-07-04T16:27:29","slug":"estudiantes-de-visuales-de-la-uartes-presentan-sus-trabajos-de-titulacion-en-varios-espacios-expositivos","status":"publish","type":"post","link":"https:\/\/www.uartes.edu.ec\/sitio\/en\/blog\/2021\/04\/01\/estudiantes-de-visuales-de-la-uartes-presentan-sus-trabajos-de-titulacion-en-varios-espacios-expositivos\/","title":{"rendered":"Estudiantes de Visuales de la UArtes presentan sus trabajos de titulaci\u00f3n en varios sitios y formatos expositivos"},"content":{"rendered":"<p>A lo largo de estos primeros meses de 2021, los estudiantes de la Escuela de Artes Visuales de la Universidad de las Artes han venido presentando sus muestras y obras de titulaci\u00f3n, adapt\u00e1ndose a modalidades virtuales o dando paso \u2013de a poco\u2013 a la presencialidad bajo estrictas medidas de bioseguridad por la pandemia del COVID-19.<\/p>\n\n\n\n<p>InfoUArtes recurri\u00f3 a las cuentas de las <a href=\"https:\/\/www.facebook.com\/Visuales.UArtesI\">redes sociales de la Escuela de Artes Visuales<\/a>, as\u00ed como al <a href=\"https:\/\/visualesuartes.wordpress.com\/\">blog Comunidad Visuales<\/a>, a fin de hacer un repaso de los trabajos presentados y los que est\u00e1n por exponerse. En este \u00faltimo grupo se enmarca <em>Dog backwards is God, <\/em>la exposici\u00f3n que Jorge Morocho (@jorge__morocho) y Xavier Coronel (@x_coronelv) tienen previsto inaugurar ma\u00f1ana, jueves 1 de abril, a las 17:00, en el MAAC (Malec\u00f3n y Loja). Estar\u00e1 abierta hasta el 2 de mayo y la pr\u00e1ctica individual de sus autores se ver\u00e1 reflejada en sus pinturas y en la condici\u00f3n de la imagen como flujo, el trabajo pict\u00f3rico a trav\u00e9s del banco de archivos y el fen\u00f3meno de la traducci\u00f3n de la luz al pasar de un medio a otro.<\/p>\n\n\n\n<p>Para el pr\u00f3ximo 7 de abril, mediante la plataforma Zoom (ID: 8652-6484-067), la estudiante y artista Roc\u00edo Soria-D\u00edaz (@erre4ab1) presentar\u00e1 a las 19:00 su trabajo de titulaci\u00f3n <em>Tr\u00e1fico, Hibridaci\u00f3n y Desborde,<\/em> un solo virtual show donde experimenta con la imagen en movimiento, la presentaci\u00f3n del cuerpo en pantalla e instalaciones. La autora describe a su obra como \u201cla exploraci\u00f3n programada, el \u00e9nfasis de modos de representaci\u00f3n desde las pr\u00e1cticas de nuevos medios que buscan aproximarse a determinados espacios dist\u00f3picos de la virtualidad, espacios que nos enfrentan a sentidos de pertenencia, a un camino y posible desaparici\u00f3n o transformaci\u00f3n\u201d. Presentada por Q Galer\u00eda (@qgaleria), la curadur\u00eda de la muestra es de Carlos Ter\u00e1n Vargas, con la coordinaci\u00f3n de Byron Toledo, adem\u00e1s de las intervenciones musicales de Hannah Lee y Blacio.<\/p>\n\n\n\n<p>Hasta el 9 de abril se podr\u00e1 apreciar el trabajo de Jos\u00e9 Mor\u00e1n Castillo (@pintymoran), quien a su trabajo de titulaci\u00f3n denomin\u00f3 <em>Utop\u00eda Fallida.<\/em> Se inaugur\u00f3 el 26 de marzo en la Biblioteca Municipal Rosa Pazmi\u00f1o de Guevara del cant\u00f3n Dur\u00e1n, ubicada en Av. Sibambe entre Ambato y Babahoyo.<\/p>\n\n\n\n<p>Tambi\u00e9n el 26 de marzo, en el Taller Maldonado se inaugur\u00f3 la muestra <em>Alrededor del Norte,<\/em> de Francesca Palma Ter\u00e1n (@francescapalmateran), con la curadur\u00eda de Zayra S\u00e1nchez. Al blog Comunidad Visuales la artista explic\u00f3 que en su trabajo \u201cla memoria es entendida como un material en bruto que discrimina, compara y resalta su devenir; por la cual llego a priorizar la l\u00ednea, el patr\u00f3n, figuras cerradas y geom\u00e9tricas que particularizar\u00e1n nuevos entornos\u201d. Es parte de la serie<em> La percepci\u00f3n visual es circunscrita (?)<\/em>.<\/p>\n\n\n\n<p>En el mismo espacio, en los meses de enero y febrero, Nikita F\u00e9lix, Roberto Noboa, Omar Bereche, Daniel Tovar&nbsp;y&nbsp;Janio Navarrete expusieron de manera colectiva <em>AUTRE.<\/em> Sobre la producci\u00f3n de lo presentado, uno de los autores, Bereche, se\u00f1al\u00f3 la relaci\u00f3n existente entre el comportamiento humano y la conducta animal. \u201cReflexionar el inconsciente como un v\u00ednculo con nuestras formas de ser primitivas\u201d, dijo.<\/p>\n\n\n\n<div class=\"wp-block-image is-style-default\"><figure class=\"aligncenter size-full\"><img fetchpriority=\"high\" decoding=\"async\" width=\"1999\" height=\"1333\" src=\"http:\/\/www.uartes.edu.ec\/sitio\/wp-content\/uploads\/2021\/04\/ARTES-VISUALES-2.jpg\" alt=\"\" class=\"wp-image-13166\" srcset=\"https:\/\/www.uartes.edu.ec\/sitio\/wp-content\/uploads\/2021\/04\/ARTES-VISUALES-2.jpg 1999w, https:\/\/www.uartes.edu.ec\/sitio\/wp-content\/uploads\/2021\/04\/ARTES-VISUALES-2-300x200.jpg 300w, https:\/\/www.uartes.edu.ec\/sitio\/wp-content\/uploads\/2021\/04\/ARTES-VISUALES-2-644x429.jpg 644w, https:\/\/www.uartes.edu.ec\/sitio\/wp-content\/uploads\/2021\/04\/ARTES-VISUALES-2-768x512.jpg 768w, https:\/\/www.uartes.edu.ec\/sitio\/wp-content\/uploads\/2021\/04\/ARTES-VISUALES-2-1536x1024.jpg 1536w, https:\/\/www.uartes.edu.ec\/sitio\/wp-content\/uploads\/2021\/04\/ARTES-VISUALES-2-600x400.jpg 600w, https:\/\/www.uartes.edu.ec\/sitio\/wp-content\/uploads\/2021\/04\/ARTES-VISUALES-2-400x267.jpg 400w, https:\/\/www.uartes.edu.ec\/sitio\/wp-content\/uploads\/2021\/04\/ARTES-VISUALES-2-272x182.jpg 272w\" sizes=\"(max-width: 1999px) 100vw, 1999px\" \/><figcaption>Exposici\u00f3n Loop Mz K2 V2, de Andrea Moreira, de la muestra Se me va y viene; tomada del blog Comunidad Visuales<\/figcaption><\/figure><\/div>\n\n\n\n<p>En el Taller Maldonado, el tambi\u00e9n estudiante de Artes Visuales Luis Morej\u00f3n present\u00f3 <em>Jamais Vu,<\/em> cuya curadur\u00eda hizo Ivanna Santoro. Y de Harold Maridue\u00f1a (@harold.mariduena) permanecer\u00e1 abierta hasta el 3 de abril (se inaugur\u00f3 el 19 de marzo) <em>Adversario<\/em>, un estudio de escenarios que cuenta con fen\u00f3menos lum\u00ednicos, puntos de vista y continuidades que prevalecen dentro de la misma imagen; se puede visitar de 11:00 a 18:00.<\/p>\n\n\n\n<p>Es de anotar que en la p\u00e1gina de Instagram, @taller_maldonado visualiza y da cuenta de varias de las obras que los alumnos-artistas de la UArtes han presentado en el lugar.<\/p>\n\n\n\n<p>En el espacio expositivo Onder (@espacioonder), que es parte de La Mancomunidad Mu\u00e9gano (Tom\u00e1s Mart\u00ednez y Panam\u00e1), se mantuvo del 6 al 21 de marzo pasados <em>Cuba Libre,<\/em> propuesta en la que se apreciaron obras como <em>Cumplea\u00f1os 9119, De sabido a cucaracha y de cucaracha a muerto, la veda es un ceclo<\/em> e <em>Is dis it<\/em>, de C\u00e9sar S\u00e1nchez, Alfredo Castillo y Diego Kang, respectivamente. En el mismo lugar se inaugur\u00f3 el 20 de febrero <em>La vuelta al amanecer <\/em>de Ivana Coello (@ivacoello1995), quien invit\u00f3 al espectador a recorrer sus vivencias, explorando la memoria, a trav\u00e9s de im\u00e1genes y lienzos en tanto forma una secuencia narrativa.<\/p>\n\n\n\n<p>Del 26 de febrero al 5 de marzo se present\u00f3 en la ciudadela Urdenor la muestra <em>Ecos en una Quimera Fluctuante,<\/em> de Ronald Soria Pazmi\u00f1o (@ronald_andre), con la curadur\u00eda de Victoria Sol\u00f3rzano.<\/p>\n\n\n\n<p>Igualmente en febrero se present\u00f3 el trabajo colectivo <em>Se me va y viene<\/em> de los estudiantes-artistas Luis Alvarado, \u00c1mber Arias, Erick Balladares Cristina D\u00edaz, Stephanie Garz\u00f3n, Mayleen Lama, V\u00edctor Hugo Mendoza, Stefany Guzm\u00e1n, Andrea Moreira, Daniel Ochoa, Jefferson Onofre, Adri\u00e1n Ram\u00edrez, Marcela Silvestre, Kimberly Yagual y Diego Zambrano. La curadur\u00eda estuvo a cargo de Ivanna Santoro y Ren\u00e9 Ponce, con la participaci\u00f3n especial del docente Saidel Brito. Se trat\u00f3 de una muestra de car\u00e1cter pict\u00f3rico, la cual naci\u00f3 a partir de la materia Po\u00e9ticas Pict\u00f3ricas I del itinerario de pintura de la Escuela de Artes Visuales.<\/p>\n\n\n\n<p>En la imagen principal: Muestra <em>Adversario,<\/em> de Harold Maridue\u00f1a; tomada de @taller_maldonado.<\/p>","protected":false},"excerpt":{"rendered":"<p>A lo largo de estos primeros meses de 2021, los estudiantes de la Escuela de Artes Visuales de la UArtes han venido presentando sus muestras de titulaci\u00f3n, adapt\u00e1ndose a modalidades virtuales o dando paso \u2013de a poco\u2013 a la presencialidad bajo estrictas medidas de bioseguridad por la pandemia del COVID-19. Aqu\u00ed un repaso de lo presentado y lo que est\u00e1 por exponerse. <\/p>","protected":false},"author":1,"featured_media":13165,"comment_status":"closed","ping_status":"closed","sticky":false,"template":"","format":"standard","meta":{"_acf_changed":false,"_uag_custom_page_level_css":"","_monsterinsights_skip_tracking":false,"_monsterinsights_sitenote_active":false,"_monsterinsights_sitenote_note":"","_monsterinsights_sitenote_category":0,"cybocfi_hide_featured_image":"","footnotes":""},"categories":[80,157,76],"tags":[211,200],"infouartes":[],"class_list":["post-13164","post","type-post","status-publish","format-standard","has-post-thumbnail","hentry","category-academico","category-artes-visuales","category-estudiantes","tag-covid19","tag-titulacion"],"acf":[],"yoast_head":"<!-- This site is optimized with the Yoast SEO plugin v27.4 - https:\/\/yoast.com\/product\/yoast-seo-wordpress\/ -->\n<title>Universidad de las Artes - Estudiantes de Visuales de la UArtes presentan sus trabajos de titulaci\u00f3n en varios sitios y formatos expositivos<\/title>\n<meta name=\"description\" content=\"Universidad de las Artes - Estudiantes de Visuales de la UArtes presentan sus trabajos de titulaci\u00f3n en varios sitios y formatos expositivos\" \/>\n<meta name=\"robots\" content=\"index, follow, max-snippet:-1, max-image-preview:large, max-video-preview:-1\" \/>\n<link rel=\"canonical\" href=\"https:\/\/www.uartes.edu.ec\/sitio\/en\/blog\/2021\/04\/01\/estudiantes-de-visuales-de-la-uartes-presentan-sus-trabajos-de-titulacion-en-varios-espacios-expositivos\/\" \/>\n<meta property=\"og:locale\" content=\"en_US\" \/>\n<meta property=\"og:type\" content=\"article\" \/>\n<meta property=\"og:title\" content=\"Universidad de las Artes - Estudiantes de Visuales de la UArtes presentan sus trabajos de titulaci\u00f3n en varios sitios y formatos expositivos\" \/>\n<meta property=\"og:description\" content=\"Universidad de las Artes - Estudiantes de Visuales de la UArtes presentan sus trabajos de titulaci\u00f3n en varios sitios y formatos expositivos\" \/>\n<meta property=\"og:url\" content=\"https:\/\/www.uartes.edu.ec\/sitio\/en\/blog\/2021\/04\/01\/estudiantes-de-visuales-de-la-uartes-presentan-sus-trabajos-de-titulacion-en-varios-espacios-expositivos\/\" \/>\n<meta property=\"og:site_name\" content=\"Universidad de las Artes\" \/>\n<meta property=\"article:publisher\" content=\"https:\/\/www.facebook.com\/uartesec\" \/>\n<meta property=\"article:published_time\" content=\"2021-04-01T13:46:41+00:00\" \/>\n<meta property=\"article:modified_time\" content=\"2024-07-04T16:27:29+00:00\" \/>\n<meta property=\"og:image\" content=\"https:\/\/www.uartes.edu.ec\/sitio\/wp-content\/uploads\/2021\/04\/ARTES-VISUALES-1.jpg\" \/>\n\t<meta property=\"og:image:width\" content=\"1999\" \/>\n\t<meta property=\"og:image:height\" content=\"1333\" \/>\n\t<meta property=\"og:image:type\" content=\"image\/jpeg\" \/>\n<meta name=\"author\" content=\"Universidad de las Artes\" \/>\n<meta name=\"twitter:card\" content=\"summary_large_image\" \/>\n<meta name=\"twitter:creator\" content=\"@uartesec\" \/>\n<meta name=\"twitter:site\" content=\"@uartesec\" \/>\n<meta name=\"twitter:label1\" content=\"Written by\" \/>\n\t<meta name=\"twitter:data1\" content=\"Universidad de las Artes\" \/>\n\t<meta name=\"twitter:label2\" content=\"Est. reading time\" \/>\n\t<meta name=\"twitter:data2\" content=\"5 minutes\" \/>\n<script type=\"application\/ld+json\" class=\"yoast-schema-graph\">{\"@context\":\"https:\\\/\\\/schema.org\",\"@graph\":[{\"@type\":\"Article\",\"@id\":\"https:\\\/\\\/www.uartes.edu.ec\\\/sitio\\\/en\\\/blog\\\/2021\\\/04\\\/01\\\/estudiantes-de-visuales-de-la-uartes-presentan-sus-trabajos-de-titulacion-en-varios-espacios-expositivos\\\/#article\",\"isPartOf\":{\"@id\":\"https:\\\/\\\/www.uartes.edu.ec\\\/sitio\\\/en\\\/blog\\\/2021\\\/04\\\/01\\\/estudiantes-de-visuales-de-la-uartes-presentan-sus-trabajos-de-titulacion-en-varios-espacios-expositivos\\\/\"},\"author\":{\"name\":\"Universidad de las Artes\",\"@id\":\"https:\\\/\\\/www.uartes.edu.ec\\\/sitio\\\/en\\\/#\\\/schema\\\/person\\\/f33f8c1d2af0d5c80a38c8abf458184a\"},\"headline\":\"Estudiantes de Visuales de la UArtes presentan sus trabajos de titulaci\u00f3n en varios sitios y formatos expositivos\",\"datePublished\":\"2021-04-01T13:46:41+00:00\",\"dateModified\":\"2024-07-04T16:27:29+00:00\",\"mainEntityOfPage\":{\"@id\":\"https:\\\/\\\/www.uartes.edu.ec\\\/sitio\\\/en\\\/blog\\\/2021\\\/04\\\/01\\\/estudiantes-de-visuales-de-la-uartes-presentan-sus-trabajos-de-titulacion-en-varios-espacios-expositivos\\\/\"},\"wordCount\":961,\"publisher\":{\"@id\":\"https:\\\/\\\/www.uartes.edu.ec\\\/sitio\\\/en\\\/#organization\"},\"image\":{\"@id\":\"https:\\\/\\\/www.uartes.edu.ec\\\/sitio\\\/en\\\/blog\\\/2021\\\/04\\\/01\\\/estudiantes-de-visuales-de-la-uartes-presentan-sus-trabajos-de-titulacion-en-varios-espacios-expositivos\\\/#primaryimage\"},\"thumbnailUrl\":\"https:\\\/\\\/www.uartes.edu.ec\\\/sitio\\\/wp-content\\\/uploads\\\/2021\\\/04\\\/ARTES-VISUALES-1.jpg\",\"keywords\":[\"covid19\",\"titulaci\u00f3n\"],\"articleSection\":[\"Acad\u00e9mico\",\"Artes Visuales\",\"Estudiantes\"],\"inLanguage\":\"en-US\"},{\"@type\":[\"WebPage\",\"ItemPage\"],\"@id\":\"https:\\\/\\\/www.uartes.edu.ec\\\/sitio\\\/en\\\/blog\\\/2021\\\/04\\\/01\\\/estudiantes-de-visuales-de-la-uartes-presentan-sus-trabajos-de-titulacion-en-varios-espacios-expositivos\\\/\",\"url\":\"https:\\\/\\\/www.uartes.edu.ec\\\/sitio\\\/en\\\/blog\\\/2021\\\/04\\\/01\\\/estudiantes-de-visuales-de-la-uartes-presentan-sus-trabajos-de-titulacion-en-varios-espacios-expositivos\\\/\",\"name\":\"Universidad de las Artes - Estudiantes de Visuales de la UArtes presentan sus trabajos de titulaci\u00f3n en varios sitios y formatos expositivos\",\"isPartOf\":{\"@id\":\"https:\\\/\\\/www.uartes.edu.ec\\\/sitio\\\/en\\\/#website\"},\"primaryImageOfPage\":{\"@id\":\"https:\\\/\\\/www.uartes.edu.ec\\\/sitio\\\/en\\\/blog\\\/2021\\\/04\\\/01\\\/estudiantes-de-visuales-de-la-uartes-presentan-sus-trabajos-de-titulacion-en-varios-espacios-expositivos\\\/#primaryimage\"},\"image\":{\"@id\":\"https:\\\/\\\/www.uartes.edu.ec\\\/sitio\\\/en\\\/blog\\\/2021\\\/04\\\/01\\\/estudiantes-de-visuales-de-la-uartes-presentan-sus-trabajos-de-titulacion-en-varios-espacios-expositivos\\\/#primaryimage\"},\"thumbnailUrl\":\"https:\\\/\\\/www.uartes.edu.ec\\\/sitio\\\/wp-content\\\/uploads\\\/2021\\\/04\\\/ARTES-VISUALES-1.jpg\",\"datePublished\":\"2021-04-01T13:46:41+00:00\",\"dateModified\":\"2024-07-04T16:27:29+00:00\",\"description\":\"Universidad de las Artes - Estudiantes de Visuales de la UArtes presentan sus trabajos de titulaci\u00f3n en varios sitios y formatos expositivos\",\"breadcrumb\":{\"@id\":\"https:\\\/\\\/www.uartes.edu.ec\\\/sitio\\\/en\\\/blog\\\/2021\\\/04\\\/01\\\/estudiantes-de-visuales-de-la-uartes-presentan-sus-trabajos-de-titulacion-en-varios-espacios-expositivos\\\/#breadcrumb\"},\"inLanguage\":\"en-US\",\"potentialAction\":[{\"@type\":\"ReadAction\",\"target\":[\"https:\\\/\\\/www.uartes.edu.ec\\\/sitio\\\/en\\\/blog\\\/2021\\\/04\\\/01\\\/estudiantes-de-visuales-de-la-uartes-presentan-sus-trabajos-de-titulacion-en-varios-espacios-expositivos\\\/\"]}]},{\"@type\":\"ImageObject\",\"inLanguage\":\"en-US\",\"@id\":\"https:\\\/\\\/www.uartes.edu.ec\\\/sitio\\\/en\\\/blog\\\/2021\\\/04\\\/01\\\/estudiantes-de-visuales-de-la-uartes-presentan-sus-trabajos-de-titulacion-en-varios-espacios-expositivos\\\/#primaryimage\",\"url\":\"https:\\\/\\\/www.uartes.edu.ec\\\/sitio\\\/wp-content\\\/uploads\\\/2021\\\/04\\\/ARTES-VISUALES-1.jpg\",\"contentUrl\":\"https:\\\/\\\/www.uartes.edu.ec\\\/sitio\\\/wp-content\\\/uploads\\\/2021\\\/04\\\/ARTES-VISUALES-1.jpg\",\"width\":1999,\"height\":1333,\"caption\":\"Muestra Adversario, de Harold Maridue\u00f1a; tomada de @taller_maldonado\"},{\"@type\":\"BreadcrumbList\",\"@id\":\"https:\\\/\\\/www.uartes.edu.ec\\\/sitio\\\/en\\\/blog\\\/2021\\\/04\\\/01\\\/estudiantes-de-visuales-de-la-uartes-presentan-sus-trabajos-de-titulacion-en-varios-espacios-expositivos\\\/#breadcrumb\",\"itemListElement\":[{\"@type\":\"ListItem\",\"position\":1,\"name\":\"Inicio\",\"item\":\"https:\\\/\\\/www.uartes.edu.ec\\\/sitio\\\/\"},{\"@type\":\"ListItem\",\"position\":2,\"name\":\"Estudiantes de Visuales de la UArtes presentan sus trabajos de titulaci\u00f3n en varios sitios y formatos expositivos\"}]},{\"@type\":\"WebSite\",\"@id\":\"https:\\\/\\\/www.uartes.edu.ec\\\/sitio\\\/en\\\/#website\",\"url\":\"https:\\\/\\\/www.uartes.edu.ec\\\/sitio\\\/en\\\/\",\"name\":\"Universidad de las Artes\",\"description\":\"Sitio oficial de la Universidad Nacional de las Artes del Ecuador\",\"publisher\":{\"@id\":\"https:\\\/\\\/www.uartes.edu.ec\\\/sitio\\\/en\\\/#organization\"},\"potentialAction\":[{\"@type\":\"SearchAction\",\"target\":{\"@type\":\"EntryPoint\",\"urlTemplate\":\"https:\\\/\\\/www.uartes.edu.ec\\\/sitio\\\/en\\\/?s={search_term_string}\"},\"query-input\":{\"@type\":\"PropertyValueSpecification\",\"valueRequired\":true,\"valueName\":\"search_term_string\"}}],\"inLanguage\":\"en-US\"},{\"@type\":\"Organization\",\"@id\":\"https:\\\/\\\/www.uartes.edu.ec\\\/sitio\\\/en\\\/#organization\",\"name\":\"Universidad de las Artes\",\"url\":\"https:\\\/\\\/www.uartes.edu.ec\\\/sitio\\\/en\\\/\",\"logo\":{\"@type\":\"ImageObject\",\"inLanguage\":\"en-US\",\"@id\":\"https:\\\/\\\/www.uartes.edu.ec\\\/sitio\\\/en\\\/#\\\/schema\\\/logo\\\/image\\\/\",\"url\":\"https:\\\/\\\/www.uartes.edu.ec\\\/sitio\\\/wp-content\\\/uploads\\\/2022\\\/07\\\/logo-ua-horizontal.png\",\"contentUrl\":\"https:\\\/\\\/www.uartes.edu.ec\\\/sitio\\\/wp-content\\\/uploads\\\/2022\\\/07\\\/logo-ua-horizontal.png\",\"width\":800,\"height\":276,\"caption\":\"Universidad de las Artes\"},\"image\":{\"@id\":\"https:\\\/\\\/www.uartes.edu.ec\\\/sitio\\\/en\\\/#\\\/schema\\\/logo\\\/image\\\/\"},\"sameAs\":[\"https:\\\/\\\/www.facebook.com\\\/uartesec\",\"https:\\\/\\\/x.com\\\/uartesec\",\"https:\\\/\\\/www.tiktok.com\\\/@uartesec\"]},{\"@type\":\"Person\",\"@id\":\"https:\\\/\\\/www.uartes.edu.ec\\\/sitio\\\/en\\\/#\\\/schema\\\/person\\\/f33f8c1d2af0d5c80a38c8abf458184a\",\"name\":\"Universidad de las Artes\",\"image\":{\"@type\":\"ImageObject\",\"inLanguage\":\"en-US\",\"@id\":\"https:\\\/\\\/secure.gravatar.com\\\/avatar\\\/52e4757902f5cfa5ac52d020e5be83cae5487519154b6c35482fe08d589f3c13?s=96&d=mm&r=g\",\"url\":\"https:\\\/\\\/secure.gravatar.com\\\/avatar\\\/52e4757902f5cfa5ac52d020e5be83cae5487519154b6c35482fe08d589f3c13?s=96&d=mm&r=g\",\"contentUrl\":\"https:\\\/\\\/secure.gravatar.com\\\/avatar\\\/52e4757902f5cfa5ac52d020e5be83cae5487519154b6c35482fe08d589f3c13?s=96&d=mm&r=g\",\"caption\":\"Universidad de las Artes\"},\"url\":\"https:\\\/\\\/www.uartes.edu.ec\\\/sitio\\\/en\\\/blog\\\/author\\\/dircomadm\\\/\"}]}<\/script>\n<!-- \/ Yoast SEO plugin. -->","yoast_head_json":{"title":"Universidad de las Artes - Estudiantes de Visuales de la UArtes presentan sus trabajos de titulaci\u00f3n en varios sitios y formatos expositivos","description":"Universidad de las Artes - Estudiantes de Visuales de la UArtes presentan sus trabajos de titulaci\u00f3n en varios sitios y formatos expositivos","robots":{"index":"index","follow":"follow","max-snippet":"max-snippet:-1","max-image-preview":"max-image-preview:large","max-video-preview":"max-video-preview:-1"},"canonical":"https:\/\/www.uartes.edu.ec\/sitio\/en\/blog\/2021\/04\/01\/estudiantes-de-visuales-de-la-uartes-presentan-sus-trabajos-de-titulacion-en-varios-espacios-expositivos\/","og_locale":"en_US","og_type":"article","og_title":"Universidad de las Artes - Estudiantes de Visuales de la UArtes presentan sus trabajos de titulaci\u00f3n en varios sitios y formatos expositivos","og_description":"Universidad de las Artes - Estudiantes de Visuales de la UArtes presentan sus trabajos de titulaci\u00f3n en varios sitios y formatos expositivos","og_url":"https:\/\/www.uartes.edu.ec\/sitio\/en\/blog\/2021\/04\/01\/estudiantes-de-visuales-de-la-uartes-presentan-sus-trabajos-de-titulacion-en-varios-espacios-expositivos\/","og_site_name":"Universidad de las Artes","article_publisher":"https:\/\/www.facebook.com\/uartesec","article_published_time":"2021-04-01T13:46:41+00:00","article_modified_time":"2024-07-04T16:27:29+00:00","og_image":[{"width":1999,"height":1333,"url":"https:\/\/www.uartes.edu.ec\/sitio\/wp-content\/uploads\/2021\/04\/ARTES-VISUALES-1.jpg","type":"image\/jpeg"}],"author":"Universidad de las Artes","twitter_card":"summary_large_image","twitter_creator":"@uartesec","twitter_site":"@uartesec","twitter_misc":{"Written by":"Universidad de las Artes","Est. reading time":"5 minutes"},"schema":{"@context":"https:\/\/schema.org","@graph":[{"@type":"Article","@id":"https:\/\/www.uartes.edu.ec\/sitio\/en\/blog\/2021\/04\/01\/estudiantes-de-visuales-de-la-uartes-presentan-sus-trabajos-de-titulacion-en-varios-espacios-expositivos\/#article","isPartOf":{"@id":"https:\/\/www.uartes.edu.ec\/sitio\/en\/blog\/2021\/04\/01\/estudiantes-de-visuales-de-la-uartes-presentan-sus-trabajos-de-titulacion-en-varios-espacios-expositivos\/"},"author":{"name":"Universidad de las Artes","@id":"https:\/\/www.uartes.edu.ec\/sitio\/en\/#\/schema\/person\/f33f8c1d2af0d5c80a38c8abf458184a"},"headline":"Estudiantes de Visuales de la UArtes presentan sus trabajos de titulaci\u00f3n en varios sitios y formatos expositivos","datePublished":"2021-04-01T13:46:41+00:00","dateModified":"2024-07-04T16:27:29+00:00","mainEntityOfPage":{"@id":"https:\/\/www.uartes.edu.ec\/sitio\/en\/blog\/2021\/04\/01\/estudiantes-de-visuales-de-la-uartes-presentan-sus-trabajos-de-titulacion-en-varios-espacios-expositivos\/"},"wordCount":961,"publisher":{"@id":"https:\/\/www.uartes.edu.ec\/sitio\/en\/#organization"},"image":{"@id":"https:\/\/www.uartes.edu.ec\/sitio\/en\/blog\/2021\/04\/01\/estudiantes-de-visuales-de-la-uartes-presentan-sus-trabajos-de-titulacion-en-varios-espacios-expositivos\/#primaryimage"},"thumbnailUrl":"https:\/\/www.uartes.edu.ec\/sitio\/wp-content\/uploads\/2021\/04\/ARTES-VISUALES-1.jpg","keywords":["covid19","titulaci\u00f3n"],"articleSection":["Acad\u00e9mico","Artes Visuales","Estudiantes"],"inLanguage":"en-US"},{"@type":["WebPage","ItemPage"],"@id":"https:\/\/www.uartes.edu.ec\/sitio\/en\/blog\/2021\/04\/01\/estudiantes-de-visuales-de-la-uartes-presentan-sus-trabajos-de-titulacion-en-varios-espacios-expositivos\/","url":"https:\/\/www.uartes.edu.ec\/sitio\/en\/blog\/2021\/04\/01\/estudiantes-de-visuales-de-la-uartes-presentan-sus-trabajos-de-titulacion-en-varios-espacios-expositivos\/","name":"Universidad de las Artes - Estudiantes de Visuales de la UArtes presentan sus trabajos de titulaci\u00f3n en varios sitios y formatos expositivos","isPartOf":{"@id":"https:\/\/www.uartes.edu.ec\/sitio\/en\/#website"},"primaryImageOfPage":{"@id":"https:\/\/www.uartes.edu.ec\/sitio\/en\/blog\/2021\/04\/01\/estudiantes-de-visuales-de-la-uartes-presentan-sus-trabajos-de-titulacion-en-varios-espacios-expositivos\/#primaryimage"},"image":{"@id":"https:\/\/www.uartes.edu.ec\/sitio\/en\/blog\/2021\/04\/01\/estudiantes-de-visuales-de-la-uartes-presentan-sus-trabajos-de-titulacion-en-varios-espacios-expositivos\/#primaryimage"},"thumbnailUrl":"https:\/\/www.uartes.edu.ec\/sitio\/wp-content\/uploads\/2021\/04\/ARTES-VISUALES-1.jpg","datePublished":"2021-04-01T13:46:41+00:00","dateModified":"2024-07-04T16:27:29+00:00","description":"Universidad de las Artes - Estudiantes de Visuales de la UArtes presentan sus trabajos de titulaci\u00f3n en varios sitios y formatos expositivos","breadcrumb":{"@id":"https:\/\/www.uartes.edu.ec\/sitio\/en\/blog\/2021\/04\/01\/estudiantes-de-visuales-de-la-uartes-presentan-sus-trabajos-de-titulacion-en-varios-espacios-expositivos\/#breadcrumb"},"inLanguage":"en-US","potentialAction":[{"@type":"ReadAction","target":["https:\/\/www.uartes.edu.ec\/sitio\/en\/blog\/2021\/04\/01\/estudiantes-de-visuales-de-la-uartes-presentan-sus-trabajos-de-titulacion-en-varios-espacios-expositivos\/"]}]},{"@type":"ImageObject","inLanguage":"en-US","@id":"https:\/\/www.uartes.edu.ec\/sitio\/en\/blog\/2021\/04\/01\/estudiantes-de-visuales-de-la-uartes-presentan-sus-trabajos-de-titulacion-en-varios-espacios-expositivos\/#primaryimage","url":"https:\/\/www.uartes.edu.ec\/sitio\/wp-content\/uploads\/2021\/04\/ARTES-VISUALES-1.jpg","contentUrl":"https:\/\/www.uartes.edu.ec\/sitio\/wp-content\/uploads\/2021\/04\/ARTES-VISUALES-1.jpg","width":1999,"height":1333,"caption":"Muestra Adversario, de Harold Maridue\u00f1a; tomada de @taller_maldonado"},{"@type":"BreadcrumbList","@id":"https:\/\/www.uartes.edu.ec\/sitio\/en\/blog\/2021\/04\/01\/estudiantes-de-visuales-de-la-uartes-presentan-sus-trabajos-de-titulacion-en-varios-espacios-expositivos\/#breadcrumb","itemListElement":[{"@type":"ListItem","position":1,"name":"Inicio","item":"https:\/\/www.uartes.edu.ec\/sitio\/"},{"@type":"ListItem","position":2,"name":"Estudiantes de Visuales de la UArtes presentan sus trabajos de titulaci\u00f3n en varios sitios y formatos expositivos"}]},{"@type":"WebSite","@id":"https:\/\/www.uartes.edu.ec\/sitio\/en\/#website","url":"https:\/\/www.uartes.edu.ec\/sitio\/en\/","name":"Universidad de las Artes","description":"Sitio oficial de la Universidad Nacional de las Artes del Ecuador","publisher":{"@id":"https:\/\/www.uartes.edu.ec\/sitio\/en\/#organization"},"potentialAction":[{"@type":"SearchAction","target":{"@type":"EntryPoint","urlTemplate":"https:\/\/www.uartes.edu.ec\/sitio\/en\/?s={search_term_string}"},"query-input":{"@type":"PropertyValueSpecification","valueRequired":true,"valueName":"search_term_string"}}],"inLanguage":"en-US"},{"@type":"Organization","@id":"https:\/\/www.uartes.edu.ec\/sitio\/en\/#organization","name":"Universidad de las Artes","url":"https:\/\/www.uartes.edu.ec\/sitio\/en\/","logo":{"@type":"ImageObject","inLanguage":"en-US","@id":"https:\/\/www.uartes.edu.ec\/sitio\/en\/#\/schema\/logo\/image\/","url":"https:\/\/www.uartes.edu.ec\/sitio\/wp-content\/uploads\/2022\/07\/logo-ua-horizontal.png","contentUrl":"https:\/\/www.uartes.edu.ec\/sitio\/wp-content\/uploads\/2022\/07\/logo-ua-horizontal.png","width":800,"height":276,"caption":"Universidad de las Artes"},"image":{"@id":"https:\/\/www.uartes.edu.ec\/sitio\/en\/#\/schema\/logo\/image\/"},"sameAs":["https:\/\/www.facebook.com\/uartesec","https:\/\/x.com\/uartesec","https:\/\/www.tiktok.com\/@uartesec"]},{"@type":"Person","@id":"https:\/\/www.uartes.edu.ec\/sitio\/en\/#\/schema\/person\/f33f8c1d2af0d5c80a38c8abf458184a","name":"Universidad de las Artes","image":{"@type":"ImageObject","inLanguage":"en-US","@id":"https:\/\/secure.gravatar.com\/avatar\/52e4757902f5cfa5ac52d020e5be83cae5487519154b6c35482fe08d589f3c13?s=96&d=mm&r=g","url":"https:\/\/secure.gravatar.com\/avatar\/52e4757902f5cfa5ac52d020e5be83cae5487519154b6c35482fe08d589f3c13?s=96&d=mm&r=g","contentUrl":"https:\/\/secure.gravatar.com\/avatar\/52e4757902f5cfa5ac52d020e5be83cae5487519154b6c35482fe08d589f3c13?s=96&d=mm&r=g","caption":"Universidad de las Artes"},"url":"https:\/\/www.uartes.edu.ec\/sitio\/en\/blog\/author\/dircomadm\/"}]}},"uagb_featured_image_src":{"full":["https:\/\/www.uartes.edu.ec\/sitio\/wp-content\/uploads\/2021\/04\/ARTES-VISUALES-1.jpg",1999,1333,false],"thumbnail":["https:\/\/www.uartes.edu.ec\/sitio\/wp-content\/uploads\/2021\/04\/ARTES-VISUALES-1-150x150.jpg",150,150,true],"medium":["https:\/\/www.uartes.edu.ec\/sitio\/wp-content\/uploads\/2021\/04\/ARTES-VISUALES-1-300x200.jpg",300,200,true],"medium_large":["https:\/\/www.uartes.edu.ec\/sitio\/wp-content\/uploads\/2021\/04\/ARTES-VISUALES-1-768x512.jpg",768,512,true],"large":["https:\/\/www.uartes.edu.ec\/sitio\/wp-content\/uploads\/2021\/04\/ARTES-VISUALES-1-644x429.jpg",644,429,true],"1536x1536":["https:\/\/www.uartes.edu.ec\/sitio\/wp-content\/uploads\/2021\/04\/ARTES-VISUALES-1-1536x1024.jpg",1536,1024,true],"2048x2048":["https:\/\/www.uartes.edu.ec\/sitio\/wp-content\/uploads\/2021\/04\/ARTES-VISUALES-1.jpg",1999,1333,false],"trp-custom-language-flag":["https:\/\/www.uartes.edu.ec\/sitio\/wp-content\/uploads\/2021\/04\/ARTES-VISUALES-1.jpg",18,12,false],"htmega_size_585x295":["https:\/\/www.uartes.edu.ec\/sitio\/wp-content\/uploads\/2021\/04\/ARTES-VISUALES-1-585x295.jpg",585,295,true],"htmega_size_1170x536":["https:\/\/www.uartes.edu.ec\/sitio\/wp-content\/uploads\/2021\/04\/ARTES-VISUALES-1-1170x536.jpg",1170,536,true],"htmega_size_396x360":["https:\/\/www.uartes.edu.ec\/sitio\/wp-content\/uploads\/2021\/04\/ARTES-VISUALES-1-396x360.jpg",396,360,true],"gb-block-post-grid-landscape":["https:\/\/www.uartes.edu.ec\/sitio\/wp-content\/uploads\/2021\/04\/ARTES-VISUALES-1.jpg",600,400,false],"gb-block-post-grid-square":["https:\/\/www.uartes.edu.ec\/sitio\/wp-content\/uploads\/2021\/04\/ARTES-VISUALES-1.jpg",600,400,false],"university-hub-thumb":["https:\/\/www.uartes.edu.ec\/sitio\/wp-content\/uploads\/2021\/04\/ARTES-VISUALES-1-400x267.jpg",400,267,true]},"uagb_author_info":{"display_name":"Universidad de las Artes","author_link":"https:\/\/www.uartes.edu.ec\/sitio\/en\/blog\/author\/dircomadm\/"},"uagb_comment_info":0,"uagb_excerpt":"A lo largo de estos primeros meses de 2021, los estudiantes de la Escuela de Artes Visuales de la UArtes han venido presentando sus muestras de titulaci\u00f3n, adapt\u00e1ndose a modalidades virtuales o dando paso \u2013de a poco\u2013 a la presencialidad bajo estrictas medidas de bioseguridad por la pandemia del COVID-19. Aqu\u00ed un repaso de lo&hellip;","featured_image_src":"https:\/\/www.uartes.edu.ec\/sitio\/wp-content\/uploads\/2021\/04\/ARTES-VISUALES-1.jpg","featured_image_src_square":"https:\/\/www.uartes.edu.ec\/sitio\/wp-content\/uploads\/2021\/04\/ARTES-VISUALES-1.jpg","author_info":{"display_name":"Universidad de las Artes","author_link":"https:\/\/www.uartes.edu.ec\/sitio\/en\/blog\/author\/dircomadm\/"},"publishpress_future_workflow_manual_trigger":{"enabledWorkflows":[]},"distributor_meta":false,"distributor_terms":false,"distributor_media":false,"distributor_original_site_name":"Universidad de las Artes","distributor_original_site_url":"https:\/\/www.uartes.edu.ec\/sitio\/en","push-errors":false,"_links":{"self":[{"href":"https:\/\/www.uartes.edu.ec\/sitio\/en\/wp-json\/wp\/v2\/posts\/13164","targetHints":{"allow":["GET"]}}],"collection":[{"href":"https:\/\/www.uartes.edu.ec\/sitio\/en\/wp-json\/wp\/v2\/posts"}],"about":[{"href":"https:\/\/www.uartes.edu.ec\/sitio\/en\/wp-json\/wp\/v2\/types\/post"}],"author":[{"embeddable":true,"href":"https:\/\/www.uartes.edu.ec\/sitio\/en\/wp-json\/wp\/v2\/users\/1"}],"replies":[{"embeddable":true,"href":"https:\/\/www.uartes.edu.ec\/sitio\/en\/wp-json\/wp\/v2\/comments?post=13164"}],"version-history":[{"count":6,"href":"https:\/\/www.uartes.edu.ec\/sitio\/en\/wp-json\/wp\/v2\/posts\/13164\/revisions"}],"predecessor-version":[{"id":57012,"href":"https:\/\/www.uartes.edu.ec\/sitio\/en\/wp-json\/wp\/v2\/posts\/13164\/revisions\/57012"}],"wp:featuredmedia":[{"embeddable":true,"href":"https:\/\/www.uartes.edu.ec\/sitio\/en\/wp-json\/wp\/v2\/media\/13165"}],"wp:attachment":[{"href":"https:\/\/www.uartes.edu.ec\/sitio\/en\/wp-json\/wp\/v2\/media?parent=13164"}],"wp:term":[{"taxonomy":"category","embeddable":true,"href":"https:\/\/www.uartes.edu.ec\/sitio\/en\/wp-json\/wp\/v2\/categories?post=13164"},{"taxonomy":"post_tag","embeddable":true,"href":"https:\/\/www.uartes.edu.ec\/sitio\/en\/wp-json\/wp\/v2\/tags?post=13164"},{"taxonomy":"infouartes","embeddable":true,"href":"https:\/\/www.uartes.edu.ec\/sitio\/en\/wp-json\/wp\/v2\/infouartes?post=13164"}],"curies":[{"name":"wp","href":"https:\/\/api.w.org\/{rel}","templated":true}]}}