{"id":1329,"date":"2018-03-07T14:39:11","date_gmt":"2018-03-07T19:39:11","guid":{"rendered":"http:\/\/www.uartes.edu.ec\/infouartes\/?p=1329"},"modified":"2024-07-04T11:53:57","modified_gmt":"2024-07-04T16:53:57","slug":"universidad-de-las-artes-se-adhiere-a-la-huelga-feminista-8m","status":"publish","type":"post","link":"https:\/\/www.uartes.edu.ec\/sitio\/en\/blog\/2018\/03\/07\/universidad-de-las-artes-se-adhiere-a-la-huelga-feminista-8m\/","title":{"rendered":"Universidad de las Artes se adhiere a la Huelga Feminista 8M"},"content":{"rendered":"<p>En marzo de 2017, en el marco del Paro Internacional de Mujeres convocado por\u00a0#NiUnaMenos, la Universidad de las Artes asumi\u00f3 como pol\u00edtica institucional la lucha por la erradicaci\u00f3n de la violencia, marginaci\u00f3n y discriminaci\u00f3n de las mujeres al suscribir las pol\u00edticas de transversalizaci\u00f3n e institucionalizaci\u00f3n del enfoque de g\u00e9nero; de igual manera, declar\u00f3 a la instituci\u00f3n como un espacio libre de violencia.<\/p>\n<p>Este a\u00f1o, la UArtes se adhiere nuevamente a la Huelga Feminista, convocada por organizaciones de lucha por los derechos de las mujeres en todo el mundo, este pr\u00f3ximo 8 de marzo de 2018. Activistas, miembros de la comunidad UArtes, preparan para este 8M una agenda de trabajo reivindicativa de la lucha del movimiento por pol\u00edticas p\u00fablicas claras a favor de las mujeres, por el cese de acoso, agresiones, humillaciones, marginaciones y exclusiones a las que son sometidas diariamente, por vivir en un espacio\/ambiente seguro para tod@s, entre otras reivindicaciones.<\/p>\n<p>\u201cSi bien las mujeres han alcanzado un espacio dentro de la sociedad, a\u00fan no es suficiente. Y no es suficiente porque a\u00fan tenemos mujeres marginalizadas y violentadas \u2013femicidio\u2013; pero existen otros tipos de violencia, machismos y micromachismos, que relegan a las mujeres a un segundo plano en la toma de decisiones y acciones, que las convierten en un objeto, que no permiten su libre expresi\u00f3n a\u00fan en el campo laboral. Este es un momento en el que debemos parar y ser combativas, por los derechos propios y colectivos, de las mujeres y tambi\u00e9n de los hombres\u201d, dice Natalia Tamayo, activista y Coordinadora de la Biblioteca de las Artes.<\/p>\n<p>Conscientes del valor transformador de las artes, la Universidad se suma a las acciones de la Huelga Feminista a trav\u00e9s de un programa art\u00edstico y de activaci\u00f3n de conciencias a trav\u00e9s del arte que busca erradicar las inequidades y violencias, y deconstruir roles, imaginarios y pr\u00e1cticas que las sostienen.<\/p>\n<p><a href=\"https:\/\/twitter.com\/hashtag\/HaciaLaHuelgaFeminista?src=hash\">#HaciaLaHuelgaFeminista<\/a><\/p>\n<p>Conoce la <a href=\"http:\/\/www.uartes.edu.ec\/descargables\/8m\/2018%20programa%208M.pdf\">Agenda 8M<\/a> de la UArtes.<\/p>","protected":false},"excerpt":{"rendered":"<p>En marzo de 2017, en el marco del Paro Internacional de Mujeres convocado por\u00a0#NiUnaMenos, la Universidad de las Artes asumi\u00f3 como pol\u00edtica institucional la lucha por la erradicaci\u00f3n de la violencia, marginaci\u00f3n y discriminaci\u00f3n de las mujeres al suscribir las pol\u00edticas de transversalizaci\u00f3n e institucionalizaci\u00f3n del enfoque de g\u00e9nero; de igual manera, declar\u00f3 a la [&hellip;]<\/p>\n","protected":false},"author":1,"featured_media":1330,"comment_status":"closed","ping_status":"open","sticky":false,"template":"","format":"standard","meta":{"_acf_changed":false,"_uag_custom_page_level_css":"","_monsterinsights_skip_tracking":false,"_monsterinsights_sitenote_active":false,"_monsterinsights_sitenote_note":"","_monsterinsights_sitenote_category":0,"cybocfi_hide_featured_image":"","footnotes":""},"categories":[79],"tags":[60],"infouartes":[],"class_list":["post-1329","post","type-post","status-publish","format-standard","has-post-thumbnail","hentry","category-vinculo","tag-8m"],"acf":[],"yoast_head":"<!-- This site is optimized with the Yoast SEO plugin v27.4 - https:\/\/yoast.com\/product\/yoast-seo-wordpress\/ -->\n<title>Universidad de las Artes - Universidad de las Artes se adhiere a la Huelga Feminista 8M<\/title>\n<meta name=\"description\" content=\"Universidad de las Artes - Universidad de las Artes se adhiere a la Huelga Feminista 8M\" \/>\n<meta name=\"robots\" content=\"index, follow, max-snippet:-1, max-image-preview:large, max-video-preview:-1\" \/>\n<link rel=\"canonical\" href=\"https:\/\/www.uartes.edu.ec\/sitio\/en\/blog\/2018\/03\/07\/universidad-de-las-artes-se-adhiere-a-la-huelga-feminista-8m\/\" \/>\n<meta property=\"og:locale\" content=\"en_US\" \/>\n<meta property=\"og:type\" content=\"article\" \/>\n<meta property=\"og:title\" content=\"Universidad de las Artes - Universidad de las Artes se adhiere a la Huelga Feminista 8M\" \/>\n<meta property=\"og:description\" content=\"Universidad de las Artes - Universidad de las Artes se adhiere a la Huelga Feminista 8M\" \/>\n<meta property=\"og:url\" content=\"https:\/\/www.uartes.edu.ec\/sitio\/en\/blog\/2018\/03\/07\/universidad-de-las-artes-se-adhiere-a-la-huelga-feminista-8m\/\" \/>\n<meta property=\"og:site_name\" content=\"Universidad de las Artes\" \/>\n<meta property=\"article:publisher\" content=\"https:\/\/www.facebook.com\/uartesec\" \/>\n<meta property=\"article:published_time\" content=\"2018-03-07T19:39:11+00:00\" \/>\n<meta property=\"article:modified_time\" content=\"2024-07-04T16:53:57+00:00\" \/>\n<meta name=\"author\" content=\"Universidad de las Artes\" \/>\n<meta name=\"twitter:card\" content=\"summary_large_image\" \/>\n<meta name=\"twitter:creator\" content=\"@uartesec\" \/>\n<meta name=\"twitter:site\" content=\"@uartesec\" \/>\n<meta name=\"twitter:label1\" content=\"Written by\" \/>\n\t<meta name=\"twitter:data1\" content=\"Universidad de las Artes\" \/>\n\t<meta name=\"twitter:label2\" content=\"Est. reading time\" \/>\n\t<meta name=\"twitter:data2\" content=\"2 minutes\" \/>\n<script type=\"application\/ld+json\" class=\"yoast-schema-graph\">{\"@context\":\"https:\\\/\\\/schema.org\",\"@graph\":[{\"@type\":\"Article\",\"@id\":\"https:\\\/\\\/www.uartes.edu.ec\\\/sitio\\\/en\\\/blog\\\/2018\\\/03\\\/07\\\/universidad-de-las-artes-se-adhiere-a-la-huelga-feminista-8m\\\/#article\",\"isPartOf\":{\"@id\":\"https:\\\/\\\/www.uartes.edu.ec\\\/sitio\\\/en\\\/blog\\\/2018\\\/03\\\/07\\\/universidad-de-las-artes-se-adhiere-a-la-huelga-feminista-8m\\\/\"},\"author\":{\"name\":\"Universidad de las Artes\",\"@id\":\"https:\\\/\\\/www.uartes.edu.ec\\\/sitio\\\/en\\\/#\\\/schema\\\/person\\\/f33f8c1d2af0d5c80a38c8abf458184a\"},\"headline\":\"Universidad de las Artes se adhiere a la Huelga Feminista 8M\",\"datePublished\":\"2018-03-07T19:39:11+00:00\",\"dateModified\":\"2024-07-04T16:53:57+00:00\",\"mainEntityOfPage\":{\"@id\":\"https:\\\/\\\/www.uartes.edu.ec\\\/sitio\\\/en\\\/blog\\\/2018\\\/03\\\/07\\\/universidad-de-las-artes-se-adhiere-a-la-huelga-feminista-8m\\\/\"},\"wordCount\":350,\"publisher\":{\"@id\":\"https:\\\/\\\/www.uartes.edu.ec\\\/sitio\\\/en\\\/#organization\"},\"image\":{\"@id\":\"https:\\\/\\\/www.uartes.edu.ec\\\/sitio\\\/en\\\/blog\\\/2018\\\/03\\\/07\\\/universidad-de-las-artes-se-adhiere-a-la-huelga-feminista-8m\\\/#primaryimage\"},\"thumbnailUrl\":\"\",\"keywords\":[\"8m\"],\"articleSection\":[\"V\u00ednculo\"],\"inLanguage\":\"en-US\"},{\"@type\":[\"WebPage\",\"ItemPage\"],\"@id\":\"https:\\\/\\\/www.uartes.edu.ec\\\/sitio\\\/en\\\/blog\\\/2018\\\/03\\\/07\\\/universidad-de-las-artes-se-adhiere-a-la-huelga-feminista-8m\\\/\",\"url\":\"https:\\\/\\\/www.uartes.edu.ec\\\/sitio\\\/en\\\/blog\\\/2018\\\/03\\\/07\\\/universidad-de-las-artes-se-adhiere-a-la-huelga-feminista-8m\\\/\",\"name\":\"Universidad de las Artes - Universidad de las Artes se adhiere a la Huelga Feminista 8M\",\"isPartOf\":{\"@id\":\"https:\\\/\\\/www.uartes.edu.ec\\\/sitio\\\/en\\\/#website\"},\"primaryImageOfPage\":{\"@id\":\"https:\\\/\\\/www.uartes.edu.ec\\\/sitio\\\/en\\\/blog\\\/2018\\\/03\\\/07\\\/universidad-de-las-artes-se-adhiere-a-la-huelga-feminista-8m\\\/#primaryimage\"},\"image\":{\"@id\":\"https:\\\/\\\/www.uartes.edu.ec\\\/sitio\\\/en\\\/blog\\\/2018\\\/03\\\/07\\\/universidad-de-las-artes-se-adhiere-a-la-huelga-feminista-8m\\\/#primaryimage\"},\"thumbnailUrl\":\"\",\"datePublished\":\"2018-03-07T19:39:11+00:00\",\"dateModified\":\"2024-07-04T16:53:57+00:00\",\"description\":\"Universidad de las Artes - Universidad de las Artes se adhiere a la Huelga Feminista 8M\",\"breadcrumb\":{\"@id\":\"https:\\\/\\\/www.uartes.edu.ec\\\/sitio\\\/en\\\/blog\\\/2018\\\/03\\\/07\\\/universidad-de-las-artes-se-adhiere-a-la-huelga-feminista-8m\\\/#breadcrumb\"},\"inLanguage\":\"en-US\",\"potentialAction\":[{\"@type\":\"ReadAction\",\"target\":[\"https:\\\/\\\/www.uartes.edu.ec\\\/sitio\\\/en\\\/blog\\\/2018\\\/03\\\/07\\\/universidad-de-las-artes-se-adhiere-a-la-huelga-feminista-8m\\\/\"]}]},{\"@type\":\"ImageObject\",\"inLanguage\":\"en-US\",\"@id\":\"https:\\\/\\\/www.uartes.edu.ec\\\/sitio\\\/en\\\/blog\\\/2018\\\/03\\\/07\\\/universidad-de-las-artes-se-adhiere-a-la-huelga-feminista-8m\\\/#primaryimage\",\"url\":\"\",\"contentUrl\":\"\"},{\"@type\":\"BreadcrumbList\",\"@id\":\"https:\\\/\\\/www.uartes.edu.ec\\\/sitio\\\/en\\\/blog\\\/2018\\\/03\\\/07\\\/universidad-de-las-artes-se-adhiere-a-la-huelga-feminista-8m\\\/#breadcrumb\",\"itemListElement\":[{\"@type\":\"ListItem\",\"position\":1,\"name\":\"Inicio\",\"item\":\"https:\\\/\\\/www.uartes.edu.ec\\\/sitio\\\/\"},{\"@type\":\"ListItem\",\"position\":2,\"name\":\"Universidad de las Artes se adhiere a la Huelga Feminista 8M\"}]},{\"@type\":\"WebSite\",\"@id\":\"https:\\\/\\\/www.uartes.edu.ec\\\/sitio\\\/en\\\/#website\",\"url\":\"https:\\\/\\\/www.uartes.edu.ec\\\/sitio\\\/en\\\/\",\"name\":\"Universidad de las Artes\",\"description\":\"Sitio oficial de la Universidad Nacional de las Artes del Ecuador\",\"publisher\":{\"@id\":\"https:\\\/\\\/www.uartes.edu.ec\\\/sitio\\\/en\\\/#organization\"},\"potentialAction\":[{\"@type\":\"SearchAction\",\"target\":{\"@type\":\"EntryPoint\",\"urlTemplate\":\"https:\\\/\\\/www.uartes.edu.ec\\\/sitio\\\/en\\\/?s={search_term_string}\"},\"query-input\":{\"@type\":\"PropertyValueSpecification\",\"valueRequired\":true,\"valueName\":\"search_term_string\"}}],\"inLanguage\":\"en-US\"},{\"@type\":\"Organization\",\"@id\":\"https:\\\/\\\/www.uartes.edu.ec\\\/sitio\\\/en\\\/#organization\",\"name\":\"Universidad de las Artes\",\"url\":\"https:\\\/\\\/www.uartes.edu.ec\\\/sitio\\\/en\\\/\",\"logo\":{\"@type\":\"ImageObject\",\"inLanguage\":\"en-US\",\"@id\":\"https:\\\/\\\/www.uartes.edu.ec\\\/sitio\\\/en\\\/#\\\/schema\\\/logo\\\/image\\\/\",\"url\":\"https:\\\/\\\/www.uartes.edu.ec\\\/sitio\\\/wp-content\\\/uploads\\\/2022\\\/07\\\/logo-ua-horizontal.png\",\"contentUrl\":\"https:\\\/\\\/www.uartes.edu.ec\\\/sitio\\\/wp-content\\\/uploads\\\/2022\\\/07\\\/logo-ua-horizontal.png\",\"width\":800,\"height\":276,\"caption\":\"Universidad de las Artes\"},\"image\":{\"@id\":\"https:\\\/\\\/www.uartes.edu.ec\\\/sitio\\\/en\\\/#\\\/schema\\\/logo\\\/image\\\/\"},\"sameAs\":[\"https:\\\/\\\/www.facebook.com\\\/uartesec\",\"https:\\\/\\\/x.com\\\/uartesec\",\"https:\\\/\\\/www.tiktok.com\\\/@uartesec\"]},{\"@type\":\"Person\",\"@id\":\"https:\\\/\\\/www.uartes.edu.ec\\\/sitio\\\/en\\\/#\\\/schema\\\/person\\\/f33f8c1d2af0d5c80a38c8abf458184a\",\"name\":\"Universidad de las Artes\",\"image\":{\"@type\":\"ImageObject\",\"inLanguage\":\"en-US\",\"@id\":\"https:\\\/\\\/secure.gravatar.com\\\/avatar\\\/52e4757902f5cfa5ac52d020e5be83cae5487519154b6c35482fe08d589f3c13?s=96&d=mm&r=g\",\"url\":\"https:\\\/\\\/secure.gravatar.com\\\/avatar\\\/52e4757902f5cfa5ac52d020e5be83cae5487519154b6c35482fe08d589f3c13?s=96&d=mm&r=g\",\"contentUrl\":\"https:\\\/\\\/secure.gravatar.com\\\/avatar\\\/52e4757902f5cfa5ac52d020e5be83cae5487519154b6c35482fe08d589f3c13?s=96&d=mm&r=g\",\"caption\":\"Universidad de las Artes\"},\"url\":\"https:\\\/\\\/www.uartes.edu.ec\\\/sitio\\\/en\\\/blog\\\/author\\\/dircomadm\\\/\"}]}<\/script>\n<!-- \/ Yoast SEO plugin. -->","yoast_head_json":{"title":"Universidad de las Artes - Universidad de las Artes se adhiere a la Huelga Feminista 8M","description":"Universidad de las Artes - Universidad de las Artes se adhiere a la Huelga Feminista 8M","robots":{"index":"index","follow":"follow","max-snippet":"max-snippet:-1","max-image-preview":"max-image-preview:large","max-video-preview":"max-video-preview:-1"},"canonical":"https:\/\/www.uartes.edu.ec\/sitio\/en\/blog\/2018\/03\/07\/universidad-de-las-artes-se-adhiere-a-la-huelga-feminista-8m\/","og_locale":"en_US","og_type":"article","og_title":"Universidad de las Artes - Universidad de las Artes se adhiere a la Huelga Feminista 8M","og_description":"Universidad de las Artes - Universidad de las Artes se adhiere a la Huelga Feminista 8M","og_url":"https:\/\/www.uartes.edu.ec\/sitio\/en\/blog\/2018\/03\/07\/universidad-de-las-artes-se-adhiere-a-la-huelga-feminista-8m\/","og_site_name":"Universidad de las Artes","article_publisher":"https:\/\/www.facebook.com\/uartesec","article_published_time":"2018-03-07T19:39:11+00:00","article_modified_time":"2024-07-04T16:53:57+00:00","author":"Universidad de las Artes","twitter_card":"summary_large_image","twitter_creator":"@uartesec","twitter_site":"@uartesec","twitter_misc":{"Written by":"Universidad de las Artes","Est. reading time":"2 minutes"},"schema":{"@context":"https:\/\/schema.org","@graph":[{"@type":"Article","@id":"https:\/\/www.uartes.edu.ec\/sitio\/en\/blog\/2018\/03\/07\/universidad-de-las-artes-se-adhiere-a-la-huelga-feminista-8m\/#article","isPartOf":{"@id":"https:\/\/www.uartes.edu.ec\/sitio\/en\/blog\/2018\/03\/07\/universidad-de-las-artes-se-adhiere-a-la-huelga-feminista-8m\/"},"author":{"name":"Universidad de las Artes","@id":"https:\/\/www.uartes.edu.ec\/sitio\/en\/#\/schema\/person\/f33f8c1d2af0d5c80a38c8abf458184a"},"headline":"Universidad de las Artes se adhiere a la Huelga Feminista 8M","datePublished":"2018-03-07T19:39:11+00:00","dateModified":"2024-07-04T16:53:57+00:00","mainEntityOfPage":{"@id":"https:\/\/www.uartes.edu.ec\/sitio\/en\/blog\/2018\/03\/07\/universidad-de-las-artes-se-adhiere-a-la-huelga-feminista-8m\/"},"wordCount":350,"publisher":{"@id":"https:\/\/www.uartes.edu.ec\/sitio\/en\/#organization"},"image":{"@id":"https:\/\/www.uartes.edu.ec\/sitio\/en\/blog\/2018\/03\/07\/universidad-de-las-artes-se-adhiere-a-la-huelga-feminista-8m\/#primaryimage"},"thumbnailUrl":"","keywords":["8m"],"articleSection":["V\u00ednculo"],"inLanguage":"en-US"},{"@type":["WebPage","ItemPage"],"@id":"https:\/\/www.uartes.edu.ec\/sitio\/en\/blog\/2018\/03\/07\/universidad-de-las-artes-se-adhiere-a-la-huelga-feminista-8m\/","url":"https:\/\/www.uartes.edu.ec\/sitio\/en\/blog\/2018\/03\/07\/universidad-de-las-artes-se-adhiere-a-la-huelga-feminista-8m\/","name":"Universidad de las Artes - Universidad de las Artes se adhiere a la Huelga Feminista 8M","isPartOf":{"@id":"https:\/\/www.uartes.edu.ec\/sitio\/en\/#website"},"primaryImageOfPage":{"@id":"https:\/\/www.uartes.edu.ec\/sitio\/en\/blog\/2018\/03\/07\/universidad-de-las-artes-se-adhiere-a-la-huelga-feminista-8m\/#primaryimage"},"image":{"@id":"https:\/\/www.uartes.edu.ec\/sitio\/en\/blog\/2018\/03\/07\/universidad-de-las-artes-se-adhiere-a-la-huelga-feminista-8m\/#primaryimage"},"thumbnailUrl":"","datePublished":"2018-03-07T19:39:11+00:00","dateModified":"2024-07-04T16:53:57+00:00","description":"Universidad de las Artes - Universidad de las Artes se adhiere a la Huelga Feminista 8M","breadcrumb":{"@id":"https:\/\/www.uartes.edu.ec\/sitio\/en\/blog\/2018\/03\/07\/universidad-de-las-artes-se-adhiere-a-la-huelga-feminista-8m\/#breadcrumb"},"inLanguage":"en-US","potentialAction":[{"@type":"ReadAction","target":["https:\/\/www.uartes.edu.ec\/sitio\/en\/blog\/2018\/03\/07\/universidad-de-las-artes-se-adhiere-a-la-huelga-feminista-8m\/"]}]},{"@type":"ImageObject","inLanguage":"en-US","@id":"https:\/\/www.uartes.edu.ec\/sitio\/en\/blog\/2018\/03\/07\/universidad-de-las-artes-se-adhiere-a-la-huelga-feminista-8m\/#primaryimage","url":"","contentUrl":""},{"@type":"BreadcrumbList","@id":"https:\/\/www.uartes.edu.ec\/sitio\/en\/blog\/2018\/03\/07\/universidad-de-las-artes-se-adhiere-a-la-huelga-feminista-8m\/#breadcrumb","itemListElement":[{"@type":"ListItem","position":1,"name":"Inicio","item":"https:\/\/www.uartes.edu.ec\/sitio\/"},{"@type":"ListItem","position":2,"name":"Universidad de las Artes se adhiere a la Huelga Feminista 8M"}]},{"@type":"WebSite","@id":"https:\/\/www.uartes.edu.ec\/sitio\/en\/#website","url":"https:\/\/www.uartes.edu.ec\/sitio\/en\/","name":"Universidad de las Artes","description":"Sitio oficial de la Universidad Nacional de las Artes del Ecuador","publisher":{"@id":"https:\/\/www.uartes.edu.ec\/sitio\/en\/#organization"},"potentialAction":[{"@type":"SearchAction","target":{"@type":"EntryPoint","urlTemplate":"https:\/\/www.uartes.edu.ec\/sitio\/en\/?s={search_term_string}"},"query-input":{"@type":"PropertyValueSpecification","valueRequired":true,"valueName":"search_term_string"}}],"inLanguage":"en-US"},{"@type":"Organization","@id":"https:\/\/www.uartes.edu.ec\/sitio\/en\/#organization","name":"Universidad de las Artes","url":"https:\/\/www.uartes.edu.ec\/sitio\/en\/","logo":{"@type":"ImageObject","inLanguage":"en-US","@id":"https:\/\/www.uartes.edu.ec\/sitio\/en\/#\/schema\/logo\/image\/","url":"https:\/\/www.uartes.edu.ec\/sitio\/wp-content\/uploads\/2022\/07\/logo-ua-horizontal.png","contentUrl":"https:\/\/www.uartes.edu.ec\/sitio\/wp-content\/uploads\/2022\/07\/logo-ua-horizontal.png","width":800,"height":276,"caption":"Universidad de las Artes"},"image":{"@id":"https:\/\/www.uartes.edu.ec\/sitio\/en\/#\/schema\/logo\/image\/"},"sameAs":["https:\/\/www.facebook.com\/uartesec","https:\/\/x.com\/uartesec","https:\/\/www.tiktok.com\/@uartesec"]},{"@type":"Person","@id":"https:\/\/www.uartes.edu.ec\/sitio\/en\/#\/schema\/person\/f33f8c1d2af0d5c80a38c8abf458184a","name":"Universidad de las Artes","image":{"@type":"ImageObject","inLanguage":"en-US","@id":"https:\/\/secure.gravatar.com\/avatar\/52e4757902f5cfa5ac52d020e5be83cae5487519154b6c35482fe08d589f3c13?s=96&d=mm&r=g","url":"https:\/\/secure.gravatar.com\/avatar\/52e4757902f5cfa5ac52d020e5be83cae5487519154b6c35482fe08d589f3c13?s=96&d=mm&r=g","contentUrl":"https:\/\/secure.gravatar.com\/avatar\/52e4757902f5cfa5ac52d020e5be83cae5487519154b6c35482fe08d589f3c13?s=96&d=mm&r=g","caption":"Universidad de las Artes"},"url":"https:\/\/www.uartes.edu.ec\/sitio\/en\/blog\/author\/dircomadm\/"}]}},"uagb_featured_image_src":{"full":false,"thumbnail":false,"medium":false,"medium_large":false,"large":false,"1536x1536":false,"2048x2048":false,"trp-custom-language-flag":false,"htmega_size_585x295":false,"htmega_size_1170x536":false,"htmega_size_396x360":false,"gb-block-post-grid-landscape":false,"gb-block-post-grid-square":false,"university-hub-thumb":false,"mailpoet_newsletter_max":false},"uagb_author_info":{"display_name":"Universidad de las Artes","author_link":"https:\/\/www.uartes.edu.ec\/sitio\/en\/blog\/author\/dircomadm\/"},"uagb_comment_info":0,"uagb_excerpt":"En marzo de 2017, en el marco del Paro Internacional de Mujeres convocado por\u00a0#NiUnaMenos, la Universidad de las Artes asumi\u00f3 como pol\u00edtica institucional la lucha por la erradicaci\u00f3n de la violencia, marginaci\u00f3n y discriminaci\u00f3n de las mujeres al suscribir las pol\u00edticas de transversalizaci\u00f3n e institucionalizaci\u00f3n del enfoque de g\u00e9nero; de igual manera, declar\u00f3 a la&hellip;","featured_image_src":null,"featured_image_src_square":null,"author_info":{"display_name":"Universidad de las Artes","author_link":"https:\/\/www.uartes.edu.ec\/sitio\/en\/blog\/author\/dircomadm\/"},"publishpress_future_workflow_manual_trigger":{"enabledWorkflows":[]},"distributor_meta":false,"distributor_terms":false,"distributor_media":false,"distributor_original_site_name":"Universidad de las Artes","distributor_original_site_url":"https:\/\/www.uartes.edu.ec\/sitio\/en","push-errors":false,"_links":{"self":[{"href":"https:\/\/www.uartes.edu.ec\/sitio\/en\/wp-json\/wp\/v2\/posts\/1329","targetHints":{"allow":["GET"]}}],"collection":[{"href":"https:\/\/www.uartes.edu.ec\/sitio\/en\/wp-json\/wp\/v2\/posts"}],"about":[{"href":"https:\/\/www.uartes.edu.ec\/sitio\/en\/wp-json\/wp\/v2\/types\/post"}],"author":[{"embeddable":true,"href":"https:\/\/www.uartes.edu.ec\/sitio\/en\/wp-json\/wp\/v2\/users\/1"}],"replies":[{"embeddable":true,"href":"https:\/\/www.uartes.edu.ec\/sitio\/en\/wp-json\/wp\/v2\/comments?post=1329"}],"version-history":[{"count":1,"href":"https:\/\/www.uartes.edu.ec\/sitio\/en\/wp-json\/wp\/v2\/posts\/1329\/revisions"}],"predecessor-version":[{"id":57872,"href":"https:\/\/www.uartes.edu.ec\/sitio\/en\/wp-json\/wp\/v2\/posts\/1329\/revisions\/57872"}],"wp:featuredmedia":[{"embeddable":true,"href":"https:\/\/www.uartes.edu.ec\/sitio\/en\/wp-json\/"}],"wp:attachment":[{"href":"https:\/\/www.uartes.edu.ec\/sitio\/en\/wp-json\/wp\/v2\/media?parent=1329"}],"wp:term":[{"taxonomy":"category","embeddable":true,"href":"https:\/\/www.uartes.edu.ec\/sitio\/en\/wp-json\/wp\/v2\/categories?post=1329"},{"taxonomy":"post_tag","embeddable":true,"href":"https:\/\/www.uartes.edu.ec\/sitio\/en\/wp-json\/wp\/v2\/tags?post=1329"},{"taxonomy":"infouartes","embeddable":true,"href":"https:\/\/www.uartes.edu.ec\/sitio\/en\/wp-json\/wp\/v2\/infouartes?post=1329"}],"curies":[{"name":"wp","href":"https:\/\/api.w.org\/{rel}","templated":true}]}}