{"id":13369,"date":"2021-04-22T09:33:00","date_gmt":"2021-04-22T14:33:00","guid":{"rendered":"http:\/\/www.uartes.edu.ec\/sitio\/?p=13369"},"modified":"2024-07-04T11:27:23","modified_gmt":"2024-07-04T16:27:23","slug":"la-uartes-y-la-unl-realizan-una-presentacion-conjunta-de-obras-en-el-dia-mundial-del-libro","status":"publish","type":"post","link":"https:\/\/www.uartes.edu.ec\/sitio\/en\/blog\/2021\/04\/23\/la-uartes-y-la-unl-realizan-una-presentacion-conjunta-de-obras-en-el-dia-mundial-del-libro\/","title":{"rendered":"La UArtes y la UNL realizan una presentaci\u00f3n conjunta de obras en el D\u00eda Mundial del Libro"},"content":{"rendered":"<p>La Universidad de las Artes y la Universidad Nacional de Loja realizar\u00e1n este viernes 23 de abril de 2021 la presentaci\u00f3n conjunta de los libros <em>Producci\u00f3n Musical Investigaci\u00f3n y Pedagog\u00eda en Artes<\/em>, de la autor\u00eda de los docentes UArtes Meining Cheung y Luis P\u00e9rez Valero, y <em>Memoria de las I Jornadas de Investigaci\u00f3n Musical, <\/em>editado por Chemary Larez, Marianela Arocha y Ver\u00f3nica Pardo, de la UNL.<\/p>\n\n\n\n<p>El lanzamiento se produce por la celebraci\u00f3n del D\u00eda Mundial del Libro y el Derecho de Autor, instituido desde 1995 por la Organizaci\u00f3n de las Naciones Unidas para la Educaci\u00f3n, la Ciencia y la Cultura (UNESCO) con el prop\u00f3sito de fomentar la lectura, la industria editorial y la protecci\u00f3n de la propiedad intelectual.<\/p>\n\n\n\n<p>Publicada por UArtes Ediciones, la obra <em>Producci\u00f3n Musical Investigaci\u00f3n y Pedagog\u00eda en Artes<\/em> propone un forma de organizar el estudio de la producci\u00f3n musical, una actividad que se ejerce desde hace tiempo, pero que desde hace poco se estudia como carrera en el pa\u00eds. Entre otras cosas, los autores se nutren del proceso de titulaci\u00f3n de los graduados de la primera promoci\u00f3n de la Universidad de las Artes.<\/p>\n\n\n\n<p>Su edici\u00f3n era necesaria y pertinente, se indic\u00f3 en julio pasado cuando de manera virtual fue dada a conocer; el libro, se destac\u00f3 entonces, fue uno de los ganadores de la convocatoria que hizo UArtes Ediciones. Meining Cheung Ruiz y Luis P\u00e9rez Valero son docentes de la Escuela de Artes Sonoras, para la cual es su segunda publicaci\u00f3n. La primera fue la revista <em>Sonocordia<\/em>, propuesta editorial cient\u00edfica, colectiva y arbitrada acad\u00e9micamente.<\/p>\n\n\n\n<p>El libro de la UNL, <em>Memoria de las I Jornadas de Investigaci\u00f3n Musical<\/em> es un registro de la actividad del mismo nombre realizada por la Universidad Nacional de Loja. En su contenido se trata, entre otros temas, de&nbsp;musicolog\u00eda hist\u00f3rica,&nbsp;de&nbsp;repositorios eclesi\u00e1sticos, la edici\u00f3n musical,&nbsp;la industria, la&nbsp;m\u00fasica popular,&nbsp;las vanguardias&nbsp;y&nbsp;la etnomusicolog\u00eda.&nbsp;<\/p>\n\n\n\n<p>La presentaci\u00f3n conjunta de las publicaciones estar\u00e1 moderada por Jos\u00e9 Miguel Cabrera, director de UArtes Ediciones. Ser\u00e1 a las 18:00 en una transmisi\u00f3n en vivo <a href=\"https:\/\/cedia.zoom.us\/j\/3077172755\">https:\/\/cedia.zoom.us\/j\/3077172755<\/a>. De los autores del libro de la UArtes estar\u00e1 presente Meining Cheung Ruiz y por la obra de la UNL, una de sus editoras: Chemary Larez.<\/p>","protected":false},"excerpt":{"rendered":"<p>La Universidad de las Artes y la Universidad Nacional de Loja realizar\u00e1n este viernes 23 de abril de 2021 la presentaci\u00f3n conjunta de los libros Producci\u00f3n Musical Investigaci\u00f3n y Pedagog\u00eda en Artes, de la autor\u00eda de los docentes UArtes Meining Cheung y Luis P\u00e9rez Valero, y Memoria de las I Jornadas de Investigaci\u00f3n Musical, editado por Chemary Larez, Marianela Arocha y Ver\u00f3nica Pardo, de la UNL.<\/p>","protected":false},"author":10,"featured_media":13376,"comment_status":"closed","ping_status":"closed","sticky":false,"template":"","format":"standard","meta":{"_acf_changed":false,"_uag_custom_page_level_css":"","_monsterinsights_skip_tracking":false,"_monsterinsights_sitenote_active":false,"_monsterinsights_sitenote_note":"","_monsterinsights_sitenote_category":0,"cybocfi_hide_featured_image":"","footnotes":""},"categories":[80,150,75,284],"tags":[453,452],"infouartes":[],"class_list":["post-13369","post","type-post","status-publish","format-standard","has-post-thumbnail","hentry","category-academico","category-artes-sonoras","category-docentes","category-investigacion","tag-dia-mundial-del-libro","tag-unl"],"acf":[],"yoast_head":"<!-- This site is optimized with the Yoast SEO plugin v27.4 - https:\/\/yoast.com\/product\/yoast-seo-wordpress\/ -->\n<title>Universidad de las Artes - La UArtes y la UNL realizan una presentaci\u00f3n conjunta de obras en el D\u00eda Mundial del Libro<\/title>\n<meta name=\"description\" content=\"Universidad de las Artes - La UArtes y la UNL realizan una presentaci\u00f3n conjunta de obras en el D\u00eda Mundial del Libro\" \/>\n<meta name=\"robots\" content=\"index, follow, max-snippet:-1, max-image-preview:large, max-video-preview:-1\" \/>\n<link rel=\"canonical\" href=\"https:\/\/www.uartes.edu.ec\/sitio\/en\/blog\/2021\/04\/23\/la-uartes-y-la-unl-realizan-una-presentacion-conjunta-de-obras-en-el-dia-mundial-del-libro\/\" \/>\n<meta property=\"og:locale\" content=\"en_US\" \/>\n<meta property=\"og:type\" content=\"article\" \/>\n<meta property=\"og:title\" content=\"Universidad de las Artes - La UArtes y la UNL realizan una presentaci\u00f3n conjunta de obras en el D\u00eda Mundial del Libro\" \/>\n<meta property=\"og:description\" content=\"Universidad de las Artes - La UArtes y la UNL realizan una presentaci\u00f3n conjunta de obras en el D\u00eda Mundial del Libro\" \/>\n<meta property=\"og:url\" content=\"https:\/\/www.uartes.edu.ec\/sitio\/en\/blog\/2021\/04\/23\/la-uartes-y-la-unl-realizan-una-presentacion-conjunta-de-obras-en-el-dia-mundial-del-libro\/\" \/>\n<meta property=\"og:site_name\" content=\"Universidad de las Artes\" \/>\n<meta property=\"article:publisher\" content=\"https:\/\/www.facebook.com\/uartesec\" \/>\n<meta property=\"article:published_time\" content=\"2021-04-22T14:33:00+00:00\" \/>\n<meta property=\"article:modified_time\" content=\"2024-07-04T16:27:23+00:00\" \/>\n<meta property=\"og:image\" content=\"https:\/\/www.uartes.edu.ec\/sitio\/wp-content\/uploads\/2021\/04\/libros-ok.jpg\" \/>\n\t<meta property=\"og:image:width\" content=\"1280\" \/>\n\t<meta property=\"og:image:height\" content=\"854\" \/>\n\t<meta property=\"og:image:type\" content=\"image\/jpeg\" \/>\n<meta name=\"author\" content=\"ccortez\" \/>\n<meta name=\"twitter:card\" content=\"summary_large_image\" \/>\n<meta name=\"twitter:creator\" content=\"@uartesec\" \/>\n<meta name=\"twitter:site\" content=\"@uartesec\" \/>\n<meta name=\"twitter:label1\" content=\"Written by\" \/>\n\t<meta name=\"twitter:data1\" content=\"ccortez\" \/>\n\t<meta name=\"twitter:label2\" content=\"Est. reading time\" \/>\n\t<meta name=\"twitter:data2\" content=\"2 minutes\" \/>\n<script type=\"application\/ld+json\" class=\"yoast-schema-graph\">{\"@context\":\"https:\\\/\\\/schema.org\",\"@graph\":[{\"@type\":\"Article\",\"@id\":\"https:\\\/\\\/www.uartes.edu.ec\\\/sitio\\\/en\\\/blog\\\/2021\\\/04\\\/23\\\/la-uartes-y-la-unl-realizan-una-presentacion-conjunta-de-obras-en-el-dia-mundial-del-libro\\\/#article\",\"isPartOf\":{\"@id\":\"https:\\\/\\\/www.uartes.edu.ec\\\/sitio\\\/en\\\/blog\\\/2021\\\/04\\\/23\\\/la-uartes-y-la-unl-realizan-una-presentacion-conjunta-de-obras-en-el-dia-mundial-del-libro\\\/\"},\"author\":{\"name\":\"ccortez\",\"@id\":\"https:\\\/\\\/www.uartes.edu.ec\\\/sitio\\\/en\\\/#\\\/schema\\\/person\\\/efa1b8275797664fd7f13a79ccc0b1f4\"},\"headline\":\"La UArtes y la UNL realizan una presentaci\u00f3n conjunta de obras en el D\u00eda Mundial del Libro\",\"datePublished\":\"2021-04-22T14:33:00+00:00\",\"dateModified\":\"2024-07-04T16:27:23+00:00\",\"mainEntityOfPage\":{\"@id\":\"https:\\\/\\\/www.uartes.edu.ec\\\/sitio\\\/en\\\/blog\\\/2021\\\/04\\\/23\\\/la-uartes-y-la-unl-realizan-una-presentacion-conjunta-de-obras-en-el-dia-mundial-del-libro\\\/\"},\"wordCount\":430,\"publisher\":{\"@id\":\"https:\\\/\\\/www.uartes.edu.ec\\\/sitio\\\/en\\\/#organization\"},\"image\":{\"@id\":\"https:\\\/\\\/www.uartes.edu.ec\\\/sitio\\\/en\\\/blog\\\/2021\\\/04\\\/23\\\/la-uartes-y-la-unl-realizan-una-presentacion-conjunta-de-obras-en-el-dia-mundial-del-libro\\\/#primaryimage\"},\"thumbnailUrl\":\"https:\\\/\\\/www.uartes.edu.ec\\\/sitio\\\/wp-content\\\/uploads\\\/2021\\\/04\\\/libros-ok.jpg\",\"keywords\":[\"D\u00eda Mundial del Libro\",\"UNL\"],\"articleSection\":[\"Acad\u00e9mico\",\"Artes Sonoras\",\"Docentes\",\"Investigaci\u00f3n\"],\"inLanguage\":\"en-US\"},{\"@type\":[\"WebPage\",\"ItemPage\"],\"@id\":\"https:\\\/\\\/www.uartes.edu.ec\\\/sitio\\\/en\\\/blog\\\/2021\\\/04\\\/23\\\/la-uartes-y-la-unl-realizan-una-presentacion-conjunta-de-obras-en-el-dia-mundial-del-libro\\\/\",\"url\":\"https:\\\/\\\/www.uartes.edu.ec\\\/sitio\\\/en\\\/blog\\\/2021\\\/04\\\/23\\\/la-uartes-y-la-unl-realizan-una-presentacion-conjunta-de-obras-en-el-dia-mundial-del-libro\\\/\",\"name\":\"Universidad de las Artes - La UArtes y la UNL realizan una presentaci\u00f3n conjunta de obras en el D\u00eda Mundial del Libro\",\"isPartOf\":{\"@id\":\"https:\\\/\\\/www.uartes.edu.ec\\\/sitio\\\/en\\\/#website\"},\"primaryImageOfPage\":{\"@id\":\"https:\\\/\\\/www.uartes.edu.ec\\\/sitio\\\/en\\\/blog\\\/2021\\\/04\\\/23\\\/la-uartes-y-la-unl-realizan-una-presentacion-conjunta-de-obras-en-el-dia-mundial-del-libro\\\/#primaryimage\"},\"image\":{\"@id\":\"https:\\\/\\\/www.uartes.edu.ec\\\/sitio\\\/en\\\/blog\\\/2021\\\/04\\\/23\\\/la-uartes-y-la-unl-realizan-una-presentacion-conjunta-de-obras-en-el-dia-mundial-del-libro\\\/#primaryimage\"},\"thumbnailUrl\":\"https:\\\/\\\/www.uartes.edu.ec\\\/sitio\\\/wp-content\\\/uploads\\\/2021\\\/04\\\/libros-ok.jpg\",\"datePublished\":\"2021-04-22T14:33:00+00:00\",\"dateModified\":\"2024-07-04T16:27:23+00:00\",\"description\":\"Universidad de las Artes - La UArtes y la UNL realizan una presentaci\u00f3n conjunta de obras en el D\u00eda Mundial del Libro\",\"breadcrumb\":{\"@id\":\"https:\\\/\\\/www.uartes.edu.ec\\\/sitio\\\/en\\\/blog\\\/2021\\\/04\\\/23\\\/la-uartes-y-la-unl-realizan-una-presentacion-conjunta-de-obras-en-el-dia-mundial-del-libro\\\/#breadcrumb\"},\"inLanguage\":\"en-US\",\"potentialAction\":[{\"@type\":\"ReadAction\",\"target\":[\"https:\\\/\\\/www.uartes.edu.ec\\\/sitio\\\/en\\\/blog\\\/2021\\\/04\\\/23\\\/la-uartes-y-la-unl-realizan-una-presentacion-conjunta-de-obras-en-el-dia-mundial-del-libro\\\/\"]}]},{\"@type\":\"ImageObject\",\"inLanguage\":\"en-US\",\"@id\":\"https:\\\/\\\/www.uartes.edu.ec\\\/sitio\\\/en\\\/blog\\\/2021\\\/04\\\/23\\\/la-uartes-y-la-unl-realizan-una-presentacion-conjunta-de-obras-en-el-dia-mundial-del-libro\\\/#primaryimage\",\"url\":\"https:\\\/\\\/www.uartes.edu.ec\\\/sitio\\\/wp-content\\\/uploads\\\/2021\\\/04\\\/libros-ok.jpg\",\"contentUrl\":\"https:\\\/\\\/www.uartes.edu.ec\\\/sitio\\\/wp-content\\\/uploads\\\/2021\\\/04\\\/libros-ok.jpg\",\"width\":1280,\"height\":854},{\"@type\":\"BreadcrumbList\",\"@id\":\"https:\\\/\\\/www.uartes.edu.ec\\\/sitio\\\/en\\\/blog\\\/2021\\\/04\\\/23\\\/la-uartes-y-la-unl-realizan-una-presentacion-conjunta-de-obras-en-el-dia-mundial-del-libro\\\/#breadcrumb\",\"itemListElement\":[{\"@type\":\"ListItem\",\"position\":1,\"name\":\"Inicio\",\"item\":\"https:\\\/\\\/www.uartes.edu.ec\\\/sitio\\\/\"},{\"@type\":\"ListItem\",\"position\":2,\"name\":\"La UArtes y la UNL realizan una presentaci\u00f3n conjunta de obras en el D\u00eda Mundial del Libro\"}]},{\"@type\":\"WebSite\",\"@id\":\"https:\\\/\\\/www.uartes.edu.ec\\\/sitio\\\/en\\\/#website\",\"url\":\"https:\\\/\\\/www.uartes.edu.ec\\\/sitio\\\/en\\\/\",\"name\":\"Universidad de las Artes\",\"description\":\"Sitio oficial de la Universidad Nacional de las Artes del Ecuador\",\"publisher\":{\"@id\":\"https:\\\/\\\/www.uartes.edu.ec\\\/sitio\\\/en\\\/#organization\"},\"potentialAction\":[{\"@type\":\"SearchAction\",\"target\":{\"@type\":\"EntryPoint\",\"urlTemplate\":\"https:\\\/\\\/www.uartes.edu.ec\\\/sitio\\\/en\\\/?s={search_term_string}\"},\"query-input\":{\"@type\":\"PropertyValueSpecification\",\"valueRequired\":true,\"valueName\":\"search_term_string\"}}],\"inLanguage\":\"en-US\"},{\"@type\":\"Organization\",\"@id\":\"https:\\\/\\\/www.uartes.edu.ec\\\/sitio\\\/en\\\/#organization\",\"name\":\"Universidad de las Artes\",\"url\":\"https:\\\/\\\/www.uartes.edu.ec\\\/sitio\\\/en\\\/\",\"logo\":{\"@type\":\"ImageObject\",\"inLanguage\":\"en-US\",\"@id\":\"https:\\\/\\\/www.uartes.edu.ec\\\/sitio\\\/en\\\/#\\\/schema\\\/logo\\\/image\\\/\",\"url\":\"https:\\\/\\\/www.uartes.edu.ec\\\/sitio\\\/wp-content\\\/uploads\\\/2022\\\/07\\\/logo-ua-horizontal.png\",\"contentUrl\":\"https:\\\/\\\/www.uartes.edu.ec\\\/sitio\\\/wp-content\\\/uploads\\\/2022\\\/07\\\/logo-ua-horizontal.png\",\"width\":800,\"height\":276,\"caption\":\"Universidad de las Artes\"},\"image\":{\"@id\":\"https:\\\/\\\/www.uartes.edu.ec\\\/sitio\\\/en\\\/#\\\/schema\\\/logo\\\/image\\\/\"},\"sameAs\":[\"https:\\\/\\\/www.facebook.com\\\/uartesec\",\"https:\\\/\\\/x.com\\\/uartesec\",\"https:\\\/\\\/www.tiktok.com\\\/@uartesec\"]},{\"@type\":\"Person\",\"@id\":\"https:\\\/\\\/www.uartes.edu.ec\\\/sitio\\\/en\\\/#\\\/schema\\\/person\\\/efa1b8275797664fd7f13a79ccc0b1f4\",\"name\":\"ccortez\",\"image\":{\"@type\":\"ImageObject\",\"inLanguage\":\"en-US\",\"@id\":\"https:\\\/\\\/secure.gravatar.com\\\/avatar\\\/b2a6f664a3ae8e074346ef91775736c5ec479e637ecced6842de9dc98b5da9cd?s=96&d=mm&r=g\",\"url\":\"https:\\\/\\\/secure.gravatar.com\\\/avatar\\\/b2a6f664a3ae8e074346ef91775736c5ec479e637ecced6842de9dc98b5da9cd?s=96&d=mm&r=g\",\"contentUrl\":\"https:\\\/\\\/secure.gravatar.com\\\/avatar\\\/b2a6f664a3ae8e074346ef91775736c5ec479e637ecced6842de9dc98b5da9cd?s=96&d=mm&r=g\",\"caption\":\"ccortez\"},\"url\":\"https:\\\/\\\/www.uartes.edu.ec\\\/sitio\\\/en\\\/blog\\\/author\\\/ccortez\\\/\"}]}<\/script>\n<!-- \/ Yoast SEO plugin. -->","yoast_head_json":{"title":"Universidad de las Artes - La UArtes y la UNL realizan una presentaci\u00f3n conjunta de obras en el D\u00eda Mundial del Libro","description":"Universidad de las Artes - La UArtes y la UNL realizan una presentaci\u00f3n conjunta de obras en el D\u00eda Mundial del Libro","robots":{"index":"index","follow":"follow","max-snippet":"max-snippet:-1","max-image-preview":"max-image-preview:large","max-video-preview":"max-video-preview:-1"},"canonical":"https:\/\/www.uartes.edu.ec\/sitio\/en\/blog\/2021\/04\/23\/la-uartes-y-la-unl-realizan-una-presentacion-conjunta-de-obras-en-el-dia-mundial-del-libro\/","og_locale":"en_US","og_type":"article","og_title":"Universidad de las Artes - La UArtes y la UNL realizan una presentaci\u00f3n conjunta de obras en el D\u00eda Mundial del Libro","og_description":"Universidad de las Artes - La UArtes y la UNL realizan una presentaci\u00f3n conjunta de obras en el D\u00eda Mundial del Libro","og_url":"https:\/\/www.uartes.edu.ec\/sitio\/en\/blog\/2021\/04\/23\/la-uartes-y-la-unl-realizan-una-presentacion-conjunta-de-obras-en-el-dia-mundial-del-libro\/","og_site_name":"Universidad de las Artes","article_publisher":"https:\/\/www.facebook.com\/uartesec","article_published_time":"2021-04-22T14:33:00+00:00","article_modified_time":"2024-07-04T16:27:23+00:00","og_image":[{"width":1280,"height":854,"url":"https:\/\/www.uartes.edu.ec\/sitio\/wp-content\/uploads\/2021\/04\/libros-ok.jpg","type":"image\/jpeg"}],"author":"ccortez","twitter_card":"summary_large_image","twitter_creator":"@uartesec","twitter_site":"@uartesec","twitter_misc":{"Written by":"ccortez","Est. reading time":"2 minutes"},"schema":{"@context":"https:\/\/schema.org","@graph":[{"@type":"Article","@id":"https:\/\/www.uartes.edu.ec\/sitio\/en\/blog\/2021\/04\/23\/la-uartes-y-la-unl-realizan-una-presentacion-conjunta-de-obras-en-el-dia-mundial-del-libro\/#article","isPartOf":{"@id":"https:\/\/www.uartes.edu.ec\/sitio\/en\/blog\/2021\/04\/23\/la-uartes-y-la-unl-realizan-una-presentacion-conjunta-de-obras-en-el-dia-mundial-del-libro\/"},"author":{"name":"ccortez","@id":"https:\/\/www.uartes.edu.ec\/sitio\/en\/#\/schema\/person\/efa1b8275797664fd7f13a79ccc0b1f4"},"headline":"La UArtes y la UNL realizan una presentaci\u00f3n conjunta de obras en el D\u00eda Mundial del Libro","datePublished":"2021-04-22T14:33:00+00:00","dateModified":"2024-07-04T16:27:23+00:00","mainEntityOfPage":{"@id":"https:\/\/www.uartes.edu.ec\/sitio\/en\/blog\/2021\/04\/23\/la-uartes-y-la-unl-realizan-una-presentacion-conjunta-de-obras-en-el-dia-mundial-del-libro\/"},"wordCount":430,"publisher":{"@id":"https:\/\/www.uartes.edu.ec\/sitio\/en\/#organization"},"image":{"@id":"https:\/\/www.uartes.edu.ec\/sitio\/en\/blog\/2021\/04\/23\/la-uartes-y-la-unl-realizan-una-presentacion-conjunta-de-obras-en-el-dia-mundial-del-libro\/#primaryimage"},"thumbnailUrl":"https:\/\/www.uartes.edu.ec\/sitio\/wp-content\/uploads\/2021\/04\/libros-ok.jpg","keywords":["D\u00eda Mundial del Libro","UNL"],"articleSection":["Acad\u00e9mico","Artes Sonoras","Docentes","Investigaci\u00f3n"],"inLanguage":"en-US"},{"@type":["WebPage","ItemPage"],"@id":"https:\/\/www.uartes.edu.ec\/sitio\/en\/blog\/2021\/04\/23\/la-uartes-y-la-unl-realizan-una-presentacion-conjunta-de-obras-en-el-dia-mundial-del-libro\/","url":"https:\/\/www.uartes.edu.ec\/sitio\/en\/blog\/2021\/04\/23\/la-uartes-y-la-unl-realizan-una-presentacion-conjunta-de-obras-en-el-dia-mundial-del-libro\/","name":"Universidad de las Artes - La UArtes y la UNL realizan una presentaci\u00f3n conjunta de obras en el D\u00eda Mundial del Libro","isPartOf":{"@id":"https:\/\/www.uartes.edu.ec\/sitio\/en\/#website"},"primaryImageOfPage":{"@id":"https:\/\/www.uartes.edu.ec\/sitio\/en\/blog\/2021\/04\/23\/la-uartes-y-la-unl-realizan-una-presentacion-conjunta-de-obras-en-el-dia-mundial-del-libro\/#primaryimage"},"image":{"@id":"https:\/\/www.uartes.edu.ec\/sitio\/en\/blog\/2021\/04\/23\/la-uartes-y-la-unl-realizan-una-presentacion-conjunta-de-obras-en-el-dia-mundial-del-libro\/#primaryimage"},"thumbnailUrl":"https:\/\/www.uartes.edu.ec\/sitio\/wp-content\/uploads\/2021\/04\/libros-ok.jpg","datePublished":"2021-04-22T14:33:00+00:00","dateModified":"2024-07-04T16:27:23+00:00","description":"Universidad de las Artes - La UArtes y la UNL realizan una presentaci\u00f3n conjunta de obras en el D\u00eda Mundial del Libro","breadcrumb":{"@id":"https:\/\/www.uartes.edu.ec\/sitio\/en\/blog\/2021\/04\/23\/la-uartes-y-la-unl-realizan-una-presentacion-conjunta-de-obras-en-el-dia-mundial-del-libro\/#breadcrumb"},"inLanguage":"en-US","potentialAction":[{"@type":"ReadAction","target":["https:\/\/www.uartes.edu.ec\/sitio\/en\/blog\/2021\/04\/23\/la-uartes-y-la-unl-realizan-una-presentacion-conjunta-de-obras-en-el-dia-mundial-del-libro\/"]}]},{"@type":"ImageObject","inLanguage":"en-US","@id":"https:\/\/www.uartes.edu.ec\/sitio\/en\/blog\/2021\/04\/23\/la-uartes-y-la-unl-realizan-una-presentacion-conjunta-de-obras-en-el-dia-mundial-del-libro\/#primaryimage","url":"https:\/\/www.uartes.edu.ec\/sitio\/wp-content\/uploads\/2021\/04\/libros-ok.jpg","contentUrl":"https:\/\/www.uartes.edu.ec\/sitio\/wp-content\/uploads\/2021\/04\/libros-ok.jpg","width":1280,"height":854},{"@type":"BreadcrumbList","@id":"https:\/\/www.uartes.edu.ec\/sitio\/en\/blog\/2021\/04\/23\/la-uartes-y-la-unl-realizan-una-presentacion-conjunta-de-obras-en-el-dia-mundial-del-libro\/#breadcrumb","itemListElement":[{"@type":"ListItem","position":1,"name":"Inicio","item":"https:\/\/www.uartes.edu.ec\/sitio\/"},{"@type":"ListItem","position":2,"name":"La UArtes y la UNL realizan una presentaci\u00f3n conjunta de obras en el D\u00eda Mundial del Libro"}]},{"@type":"WebSite","@id":"https:\/\/www.uartes.edu.ec\/sitio\/en\/#website","url":"https:\/\/www.uartes.edu.ec\/sitio\/en\/","name":"Universidad de las Artes","description":"Sitio oficial de la Universidad Nacional de las Artes del Ecuador","publisher":{"@id":"https:\/\/www.uartes.edu.ec\/sitio\/en\/#organization"},"potentialAction":[{"@type":"SearchAction","target":{"@type":"EntryPoint","urlTemplate":"https:\/\/www.uartes.edu.ec\/sitio\/en\/?s={search_term_string}"},"query-input":{"@type":"PropertyValueSpecification","valueRequired":true,"valueName":"search_term_string"}}],"inLanguage":"en-US"},{"@type":"Organization","@id":"https:\/\/www.uartes.edu.ec\/sitio\/en\/#organization","name":"Universidad de las Artes","url":"https:\/\/www.uartes.edu.ec\/sitio\/en\/","logo":{"@type":"ImageObject","inLanguage":"en-US","@id":"https:\/\/www.uartes.edu.ec\/sitio\/en\/#\/schema\/logo\/image\/","url":"https:\/\/www.uartes.edu.ec\/sitio\/wp-content\/uploads\/2022\/07\/logo-ua-horizontal.png","contentUrl":"https:\/\/www.uartes.edu.ec\/sitio\/wp-content\/uploads\/2022\/07\/logo-ua-horizontal.png","width":800,"height":276,"caption":"Universidad de las Artes"},"image":{"@id":"https:\/\/www.uartes.edu.ec\/sitio\/en\/#\/schema\/logo\/image\/"},"sameAs":["https:\/\/www.facebook.com\/uartesec","https:\/\/x.com\/uartesec","https:\/\/www.tiktok.com\/@uartesec"]},{"@type":"Person","@id":"https:\/\/www.uartes.edu.ec\/sitio\/en\/#\/schema\/person\/efa1b8275797664fd7f13a79ccc0b1f4","name":"ccortez","image":{"@type":"ImageObject","inLanguage":"en-US","@id":"https:\/\/secure.gravatar.com\/avatar\/b2a6f664a3ae8e074346ef91775736c5ec479e637ecced6842de9dc98b5da9cd?s=96&d=mm&r=g","url":"https:\/\/secure.gravatar.com\/avatar\/b2a6f664a3ae8e074346ef91775736c5ec479e637ecced6842de9dc98b5da9cd?s=96&d=mm&r=g","contentUrl":"https:\/\/secure.gravatar.com\/avatar\/b2a6f664a3ae8e074346ef91775736c5ec479e637ecced6842de9dc98b5da9cd?s=96&d=mm&r=g","caption":"ccortez"},"url":"https:\/\/www.uartes.edu.ec\/sitio\/en\/blog\/author\/ccortez\/"}]}},"uagb_featured_image_src":{"full":["https:\/\/www.uartes.edu.ec\/sitio\/wp-content\/uploads\/2021\/04\/libros-ok.jpg",1280,854,false],"thumbnail":["https:\/\/www.uartes.edu.ec\/sitio\/wp-content\/uploads\/2021\/04\/libros-ok-150x150.jpg",150,150,true],"medium":["https:\/\/www.uartes.edu.ec\/sitio\/wp-content\/uploads\/2021\/04\/libros-ok-300x200.jpg",300,200,true],"medium_large":["https:\/\/www.uartes.edu.ec\/sitio\/wp-content\/uploads\/2021\/04\/libros-ok-768x512.jpg",768,512,true],"large":["https:\/\/www.uartes.edu.ec\/sitio\/wp-content\/uploads\/2021\/04\/libros-ok-644x430.jpg",644,430,true],"1536x1536":["https:\/\/www.uartes.edu.ec\/sitio\/wp-content\/uploads\/2021\/04\/libros-ok.jpg",1280,854,false],"2048x2048":["https:\/\/www.uartes.edu.ec\/sitio\/wp-content\/uploads\/2021\/04\/libros-ok.jpg",1280,854,false],"trp-custom-language-flag":["https:\/\/www.uartes.edu.ec\/sitio\/wp-content\/uploads\/2021\/04\/libros-ok.jpg",18,12,false],"htmega_size_585x295":["https:\/\/www.uartes.edu.ec\/sitio\/wp-content\/uploads\/2021\/04\/libros-ok-585x295.jpg",585,295,true],"htmega_size_1170x536":["https:\/\/www.uartes.edu.ec\/sitio\/wp-content\/uploads\/2021\/04\/libros-ok-1170x536.jpg",1170,536,true],"htmega_size_396x360":["https:\/\/www.uartes.edu.ec\/sitio\/wp-content\/uploads\/2021\/04\/libros-ok-396x360.jpg",396,360,true],"gb-block-post-grid-landscape":["https:\/\/www.uartes.edu.ec\/sitio\/wp-content\/uploads\/2021\/04\/libros-ok.jpg",600,400,false],"gb-block-post-grid-square":["https:\/\/www.uartes.edu.ec\/sitio\/wp-content\/uploads\/2021\/04\/libros-ok.jpg",600,400,false],"university-hub-thumb":["https:\/\/www.uartes.edu.ec\/sitio\/wp-content\/uploads\/2021\/04\/libros-ok-400x267.jpg",400,267,true],"mailpoet_newsletter_max":["https:\/\/www.uartes.edu.ec\/sitio\/wp-content\/uploads\/2021\/04\/libros-ok.jpg",1280,854,false]},"uagb_author_info":{"display_name":"ccortez","author_link":"https:\/\/www.uartes.edu.ec\/sitio\/en\/blog\/author\/ccortez\/"},"uagb_comment_info":0,"uagb_excerpt":"La Universidad de las Artes y la Universidad Nacional de Loja realizar\u00e1n este viernes 23 de abril de 2021 la presentaci\u00f3n conjunta de los libros Producci\u00f3n Musical Investigaci\u00f3n y Pedagog\u00eda en Artes, de la autor\u00eda de los docentes UArtes Meining Cheung y Luis P\u00e9rez Valero, y Memoria de las I Jornadas de Investigaci\u00f3n Musical, editado&hellip;","featured_image_src":"https:\/\/www.uartes.edu.ec\/sitio\/wp-content\/uploads\/2021\/04\/libros-ok.jpg","featured_image_src_square":"https:\/\/www.uartes.edu.ec\/sitio\/wp-content\/uploads\/2021\/04\/libros-ok.jpg","author_info":{"display_name":"ccortez","author_link":"https:\/\/www.uartes.edu.ec\/sitio\/en\/blog\/author\/ccortez\/"},"publishpress_future_workflow_manual_trigger":{"enabledWorkflows":[]},"distributor_meta":false,"distributor_terms":false,"distributor_media":false,"distributor_original_site_name":"Universidad de las Artes","distributor_original_site_url":"https:\/\/www.uartes.edu.ec\/sitio\/en","push-errors":false,"_links":{"self":[{"href":"https:\/\/www.uartes.edu.ec\/sitio\/en\/wp-json\/wp\/v2\/posts\/13369","targetHints":{"allow":["GET"]}}],"collection":[{"href":"https:\/\/www.uartes.edu.ec\/sitio\/en\/wp-json\/wp\/v2\/posts"}],"about":[{"href":"https:\/\/www.uartes.edu.ec\/sitio\/en\/wp-json\/wp\/v2\/types\/post"}],"author":[{"embeddable":true,"href":"https:\/\/www.uartes.edu.ec\/sitio\/en\/wp-json\/wp\/v2\/users\/10"}],"replies":[{"embeddable":true,"href":"https:\/\/www.uartes.edu.ec\/sitio\/en\/wp-json\/wp\/v2\/comments?post=13369"}],"version-history":[{"count":2,"href":"https:\/\/www.uartes.edu.ec\/sitio\/en\/wp-json\/wp\/v2\/posts\/13369\/revisions"}],"predecessor-version":[{"id":13430,"href":"https:\/\/www.uartes.edu.ec\/sitio\/en\/wp-json\/wp\/v2\/posts\/13369\/revisions\/13430"}],"wp:featuredmedia":[{"embeddable":true,"href":"https:\/\/www.uartes.edu.ec\/sitio\/en\/wp-json\/wp\/v2\/media\/13376"}],"wp:attachment":[{"href":"https:\/\/www.uartes.edu.ec\/sitio\/en\/wp-json\/wp\/v2\/media?parent=13369"}],"wp:term":[{"taxonomy":"category","embeddable":true,"href":"https:\/\/www.uartes.edu.ec\/sitio\/en\/wp-json\/wp\/v2\/categories?post=13369"},{"taxonomy":"post_tag","embeddable":true,"href":"https:\/\/www.uartes.edu.ec\/sitio\/en\/wp-json\/wp\/v2\/tags?post=13369"},{"taxonomy":"infouartes","embeddable":true,"href":"https:\/\/www.uartes.edu.ec\/sitio\/en\/wp-json\/wp\/v2\/infouartes?post=13369"}],"curies":[{"name":"wp","href":"https:\/\/api.w.org\/{rel}","templated":true}]}}