{"id":13396,"date":"2021-04-23T19:40:32","date_gmt":"2021-04-24T00:40:32","guid":{"rendered":"http:\/\/www.uartes.edu.ec\/sitio\/?p=13396"},"modified":"2024-07-04T11:27:23","modified_gmt":"2024-07-04T16:27:23","slug":"ilia-presenta-el-tercer-numero-de-la-revista-f-ilia","status":"publish","type":"post","link":"https:\/\/www.uartes.edu.ec\/sitio\/en\/blog\/2021\/04\/23\/ilia-presenta-el-tercer-numero-de-la-revista-f-ilia\/","title":{"rendered":"ILIA presenta el tercer n\u00famero de la Revista F-ILIA"},"content":{"rendered":"<p>El Instituto Latinoamericano de Investigaci\u00f3n en Artes, dispositivo de la Universidad de las Artes, realizar\u00e1 el jueves 29 de abril de 2021 la presentaci\u00f3n del tercer n\u00famero de la <em>Revista<\/em> <em>F-ILIA,<\/em> mismo que est\u00e1 dedicado al&nbsp;Grupo de Trabajo CLACSO Arte, Educaci\u00f3n y Ciudadan\u00eda. Su lanzamiento est\u00e1 programado de manera virtual, desde las 14:00 hasta las 16:00.<\/p>\n\n\n\n<p>El acto de presentaci\u00f3n lo conducir\u00e1 Jos\u00e9 Miguel Cabrera, director de UArtes Ediciones. Intervendr\u00e1 tras la bienvenida de rigor Dami\u00e1n del Valle, quien har\u00e1 referencia a esta publicaci\u00f3n del Grupo de Trabajo CLACSO (Consejo Latinoamericano de Ciencias Sociales). Es de anotar que el catedr\u00e1tico de la Universidad Nacional de las Artes de Argentina fue uno de los invitados al V Encuentro Internacional de Investigaci\u00f3n en Artes, organizado por la UArtes en julio de 2020, e integr\u00f3 una de las mesas de trabajo en la que justamente se dialog\u00f3 sobre las artes, educaci\u00f3n y ciudadan\u00eda.<\/p>\n\n\n\n<p>Del Valle dijo entonces que \u201cinvestigar en artes de alguna manera tiene que ver con establecer un di\u00e1logo de saberes; sin duda, es necesario romper ciertas formas de producci\u00f3n muy establecidas en las universidades de corte tradicional y las artes tienen la obligaci\u00f3n de traer estos debates, paneles y jornadas como estos. Podemos decir que las artes est\u00e1n en la universidad o deber\u00edan estar para comprometerse a transformarlas\u201d.<\/p>\n\n\n\n<p>Tras la intervenci\u00f3n de Dami\u00e1n del Valle, Cabrera presentar\u00e1 el contenido del tercer n\u00famero de la <em>Revista F-ILIA, <\/em>sus art\u00edculos, sus autores, sus ejes. Al docente Fernando Montenegro le corresponder\u00e1 dar detalles de los art\u00edculos. Habr\u00e1 para el efecto una mesa redonda con autoras y autores acerca de la \u201cEducaci\u00f3n y Pedagog\u00edas en Artes: una reflexi\u00f3n desde Am\u00e9rica Latina para el Siglo XXI\u201d. Intervendr\u00e1n Victoria Orce, de Argentina, y Manuel Kingman, de Ecuador. Tambi\u00e9n Rosa Mar\u00eda Guadalupe Rivera Garc\u00eda, de M\u00e9xico, con la tem\u00e1tica \u201cCrear y educar: El quehacer de artistas docentes en una propuesta de formaci\u00f3n en educaci\u00f3n art\u00edstica\u201d.<\/p>\n\n\n\n<p>De \u201cTexturas\u201d, Cabrera dar\u00e1 a conocer un extracto de la conversaci\u00f3n entre Ramiro (Noriega) y&nbsp; Sandra (Tambutti) acerca de las Universidades en Artes en Am\u00e9rica Latina.<\/p>\n\n\n\n<p>Se hablar\u00e1, adem\u00e1s, del \u201cArte urbano y la pol\u00edtica en Guayaquil, con enfoques del ejercicio contrapunteos y la participaci\u00f3n de Ana Carrillo e Ivanna Santoro, docente y estudiante UArtes, respectivamente; de \u201cArte, pol\u00edtica y ciudadan\u00eda\u201d. Tambi\u00e9n del \u201cRock y la contra cultura\u201d, art\u00edculo de Fernando Tamayo (Ecuador); y, \u201cVanguardias y dictadura\u201d, art\u00edculo de Dermis Le\u00f3n (Chile).<\/p>\n\n\n\n<p>El docente UArtes y director del ILIA Pablo Cardoso concluir\u00e1 con su intervenci\u00f3n la presentaci\u00f3n de la tercera edici\u00f3n de la <em>Revista F-ILIA.<\/em><\/p>","protected":false},"excerpt":{"rendered":"<p>El Instituto Latinoamericano de Investigaci\u00f3n en Artes, dispositivo de la Universidad de las Artes, realizar\u00e1 el jueves 29 de abril de 2021 la presentaci\u00f3n del tercer n\u00famero de la Revista F-ILIA.<\/p>","protected":false},"author":10,"featured_media":13405,"comment_status":"closed","ping_status":"closed","sticky":false,"template":"","format":"standard","meta":{"_acf_changed":false,"_uag_custom_page_level_css":"","_monsterinsights_skip_tracking":false,"_monsterinsights_sitenote_active":false,"_monsterinsights_sitenote_note":"","_monsterinsights_sitenote_category":0,"cybocfi_hide_featured_image":"","footnotes":""},"categories":[82,284,215],"tags":[169,216,37],"infouartes":[],"class_list":["post-13396","post","type-post","status-publish","format-standard","has-post-thumbnail","hentry","category-artes","category-investigacion","category-uartes-ediciones","tag-clacso","tag-f-ilia","tag-ilia"],"acf":[],"yoast_head":"<!-- This site is optimized with the Yoast SEO plugin v27.4 - https:\/\/yoast.com\/product\/yoast-seo-wordpress\/ -->\n<title>Universidad de las Artes - ILIA presenta el tercer n\u00famero de la Revista F-ILIA<\/title>\n<meta name=\"description\" content=\"Universidad de las Artes - ILIA presenta el tercer n\u00famero de la Revista F-ILIA\" \/>\n<meta name=\"robots\" content=\"index, follow, max-snippet:-1, max-image-preview:large, max-video-preview:-1\" \/>\n<link rel=\"canonical\" href=\"https:\/\/www.uartes.edu.ec\/sitio\/en\/blog\/2021\/04\/23\/ilia-presenta-el-tercer-numero-de-la-revista-f-ilia\/\" \/>\n<meta property=\"og:locale\" content=\"en_US\" \/>\n<meta property=\"og:type\" content=\"article\" \/>\n<meta property=\"og:title\" content=\"Universidad de las Artes - ILIA presenta el tercer n\u00famero de la Revista F-ILIA\" \/>\n<meta property=\"og:description\" content=\"Universidad de las Artes - ILIA presenta el tercer n\u00famero de la Revista F-ILIA\" \/>\n<meta property=\"og:url\" content=\"https:\/\/www.uartes.edu.ec\/sitio\/en\/blog\/2021\/04\/23\/ilia-presenta-el-tercer-numero-de-la-revista-f-ilia\/\" \/>\n<meta property=\"og:site_name\" content=\"Universidad de las Artes\" \/>\n<meta property=\"article:publisher\" content=\"https:\/\/www.facebook.com\/uartesec\" \/>\n<meta property=\"article:published_time\" content=\"2021-04-24T00:40:32+00:00\" \/>\n<meta property=\"article:modified_time\" content=\"2024-07-04T16:27:23+00:00\" \/>\n<meta property=\"og:image\" content=\"https:\/\/www.uartes.edu.ec\/sitio\/wp-content\/uploads\/2021\/04\/FILIA-3-WEB.jpg\" \/>\n\t<meta property=\"og:image:width\" content=\"2000\" \/>\n\t<meta property=\"og:image:height\" content=\"1333\" \/>\n\t<meta property=\"og:image:type\" content=\"image\/jpeg\" \/>\n<meta name=\"author\" content=\"ccortez\" \/>\n<meta name=\"twitter:card\" content=\"summary_large_image\" \/>\n<meta name=\"twitter:creator\" content=\"@uartesec\" \/>\n<meta name=\"twitter:site\" content=\"@uartesec\" \/>\n<meta name=\"twitter:label1\" content=\"Written by\" \/>\n\t<meta name=\"twitter:data1\" content=\"ccortez\" \/>\n\t<meta name=\"twitter:label2\" content=\"Est. reading time\" \/>\n\t<meta name=\"twitter:data2\" content=\"2 minutes\" \/>\n<script type=\"application\/ld+json\" class=\"yoast-schema-graph\">{\"@context\":\"https:\\\/\\\/schema.org\",\"@graph\":[{\"@type\":\"Article\",\"@id\":\"https:\\\/\\\/www.uartes.edu.ec\\\/sitio\\\/en\\\/blog\\\/2021\\\/04\\\/23\\\/ilia-presenta-el-tercer-numero-de-la-revista-f-ilia\\\/#article\",\"isPartOf\":{\"@id\":\"https:\\\/\\\/www.uartes.edu.ec\\\/sitio\\\/en\\\/blog\\\/2021\\\/04\\\/23\\\/ilia-presenta-el-tercer-numero-de-la-revista-f-ilia\\\/\"},\"author\":{\"name\":\"ccortez\",\"@id\":\"https:\\\/\\\/www.uartes.edu.ec\\\/sitio\\\/en\\\/#\\\/schema\\\/person\\\/efa1b8275797664fd7f13a79ccc0b1f4\"},\"headline\":\"ILIA presenta el tercer n\u00famero de la Revista F-ILIA\",\"datePublished\":\"2021-04-24T00:40:32+00:00\",\"dateModified\":\"2024-07-04T16:27:23+00:00\",\"mainEntityOfPage\":{\"@id\":\"https:\\\/\\\/www.uartes.edu.ec\\\/sitio\\\/en\\\/blog\\\/2021\\\/04\\\/23\\\/ilia-presenta-el-tercer-numero-de-la-revista-f-ilia\\\/\"},\"wordCount\":480,\"publisher\":{\"@id\":\"https:\\\/\\\/www.uartes.edu.ec\\\/sitio\\\/en\\\/#organization\"},\"image\":{\"@id\":\"https:\\\/\\\/www.uartes.edu.ec\\\/sitio\\\/en\\\/blog\\\/2021\\\/04\\\/23\\\/ilia-presenta-el-tercer-numero-de-la-revista-f-ilia\\\/#primaryimage\"},\"thumbnailUrl\":\"https:\\\/\\\/www.uartes.edu.ec\\\/sitio\\\/wp-content\\\/uploads\\\/2021\\\/04\\\/FILIA-3-WEB.jpg\",\"keywords\":[\"clacso\",\"f-ilia\",\"ilia\"],\"articleSection\":[\"Artes\",\"Investigaci\u00f3n\",\"UArtes Ediciones\"],\"inLanguage\":\"en-US\"},{\"@type\":[\"WebPage\",\"ItemPage\"],\"@id\":\"https:\\\/\\\/www.uartes.edu.ec\\\/sitio\\\/en\\\/blog\\\/2021\\\/04\\\/23\\\/ilia-presenta-el-tercer-numero-de-la-revista-f-ilia\\\/\",\"url\":\"https:\\\/\\\/www.uartes.edu.ec\\\/sitio\\\/en\\\/blog\\\/2021\\\/04\\\/23\\\/ilia-presenta-el-tercer-numero-de-la-revista-f-ilia\\\/\",\"name\":\"Universidad de las Artes - ILIA presenta el tercer n\u00famero de la Revista F-ILIA\",\"isPartOf\":{\"@id\":\"https:\\\/\\\/www.uartes.edu.ec\\\/sitio\\\/en\\\/#website\"},\"primaryImageOfPage\":{\"@id\":\"https:\\\/\\\/www.uartes.edu.ec\\\/sitio\\\/en\\\/blog\\\/2021\\\/04\\\/23\\\/ilia-presenta-el-tercer-numero-de-la-revista-f-ilia\\\/#primaryimage\"},\"image\":{\"@id\":\"https:\\\/\\\/www.uartes.edu.ec\\\/sitio\\\/en\\\/blog\\\/2021\\\/04\\\/23\\\/ilia-presenta-el-tercer-numero-de-la-revista-f-ilia\\\/#primaryimage\"},\"thumbnailUrl\":\"https:\\\/\\\/www.uartes.edu.ec\\\/sitio\\\/wp-content\\\/uploads\\\/2021\\\/04\\\/FILIA-3-WEB.jpg\",\"datePublished\":\"2021-04-24T00:40:32+00:00\",\"dateModified\":\"2024-07-04T16:27:23+00:00\",\"description\":\"Universidad de las Artes - ILIA presenta el tercer n\u00famero de la Revista F-ILIA\",\"breadcrumb\":{\"@id\":\"https:\\\/\\\/www.uartes.edu.ec\\\/sitio\\\/en\\\/blog\\\/2021\\\/04\\\/23\\\/ilia-presenta-el-tercer-numero-de-la-revista-f-ilia\\\/#breadcrumb\"},\"inLanguage\":\"en-US\",\"potentialAction\":[{\"@type\":\"ReadAction\",\"target\":[\"https:\\\/\\\/www.uartes.edu.ec\\\/sitio\\\/en\\\/blog\\\/2021\\\/04\\\/23\\\/ilia-presenta-el-tercer-numero-de-la-revista-f-ilia\\\/\"]}]},{\"@type\":\"ImageObject\",\"inLanguage\":\"en-US\",\"@id\":\"https:\\\/\\\/www.uartes.edu.ec\\\/sitio\\\/en\\\/blog\\\/2021\\\/04\\\/23\\\/ilia-presenta-el-tercer-numero-de-la-revista-f-ilia\\\/#primaryimage\",\"url\":\"https:\\\/\\\/www.uartes.edu.ec\\\/sitio\\\/wp-content\\\/uploads\\\/2021\\\/04\\\/FILIA-3-WEB.jpg\",\"contentUrl\":\"https:\\\/\\\/www.uartes.edu.ec\\\/sitio\\\/wp-content\\\/uploads\\\/2021\\\/04\\\/FILIA-3-WEB.jpg\",\"width\":2000,\"height\":1333,\"caption\":\"LANZAMIENTO FILIA 3\"},{\"@type\":\"BreadcrumbList\",\"@id\":\"https:\\\/\\\/www.uartes.edu.ec\\\/sitio\\\/en\\\/blog\\\/2021\\\/04\\\/23\\\/ilia-presenta-el-tercer-numero-de-la-revista-f-ilia\\\/#breadcrumb\",\"itemListElement\":[{\"@type\":\"ListItem\",\"position\":1,\"name\":\"Inicio\",\"item\":\"https:\\\/\\\/www.uartes.edu.ec\\\/sitio\\\/\"},{\"@type\":\"ListItem\",\"position\":2,\"name\":\"ILIA presenta el tercer n\u00famero de la Revista F-ILIA\"}]},{\"@type\":\"WebSite\",\"@id\":\"https:\\\/\\\/www.uartes.edu.ec\\\/sitio\\\/en\\\/#website\",\"url\":\"https:\\\/\\\/www.uartes.edu.ec\\\/sitio\\\/en\\\/\",\"name\":\"Universidad de las Artes\",\"description\":\"Sitio oficial de la Universidad Nacional de las Artes del Ecuador\",\"publisher\":{\"@id\":\"https:\\\/\\\/www.uartes.edu.ec\\\/sitio\\\/en\\\/#organization\"},\"potentialAction\":[{\"@type\":\"SearchAction\",\"target\":{\"@type\":\"EntryPoint\",\"urlTemplate\":\"https:\\\/\\\/www.uartes.edu.ec\\\/sitio\\\/en\\\/?s={search_term_string}\"},\"query-input\":{\"@type\":\"PropertyValueSpecification\",\"valueRequired\":true,\"valueName\":\"search_term_string\"}}],\"inLanguage\":\"en-US\"},{\"@type\":\"Organization\",\"@id\":\"https:\\\/\\\/www.uartes.edu.ec\\\/sitio\\\/en\\\/#organization\",\"name\":\"Universidad de las Artes\",\"url\":\"https:\\\/\\\/www.uartes.edu.ec\\\/sitio\\\/en\\\/\",\"logo\":{\"@type\":\"ImageObject\",\"inLanguage\":\"en-US\",\"@id\":\"https:\\\/\\\/www.uartes.edu.ec\\\/sitio\\\/en\\\/#\\\/schema\\\/logo\\\/image\\\/\",\"url\":\"https:\\\/\\\/www.uartes.edu.ec\\\/sitio\\\/wp-content\\\/uploads\\\/2022\\\/07\\\/logo-ua-horizontal.png\",\"contentUrl\":\"https:\\\/\\\/www.uartes.edu.ec\\\/sitio\\\/wp-content\\\/uploads\\\/2022\\\/07\\\/logo-ua-horizontal.png\",\"width\":800,\"height\":276,\"caption\":\"Universidad de las Artes\"},\"image\":{\"@id\":\"https:\\\/\\\/www.uartes.edu.ec\\\/sitio\\\/en\\\/#\\\/schema\\\/logo\\\/image\\\/\"},\"sameAs\":[\"https:\\\/\\\/www.facebook.com\\\/uartesec\",\"https:\\\/\\\/x.com\\\/uartesec\",\"https:\\\/\\\/www.tiktok.com\\\/@uartesec\"]},{\"@type\":\"Person\",\"@id\":\"https:\\\/\\\/www.uartes.edu.ec\\\/sitio\\\/en\\\/#\\\/schema\\\/person\\\/efa1b8275797664fd7f13a79ccc0b1f4\",\"name\":\"ccortez\",\"image\":{\"@type\":\"ImageObject\",\"inLanguage\":\"en-US\",\"@id\":\"https:\\\/\\\/secure.gravatar.com\\\/avatar\\\/b2a6f664a3ae8e074346ef91775736c5ec479e637ecced6842de9dc98b5da9cd?s=96&d=mm&r=g\",\"url\":\"https:\\\/\\\/secure.gravatar.com\\\/avatar\\\/b2a6f664a3ae8e074346ef91775736c5ec479e637ecced6842de9dc98b5da9cd?s=96&d=mm&r=g\",\"contentUrl\":\"https:\\\/\\\/secure.gravatar.com\\\/avatar\\\/b2a6f664a3ae8e074346ef91775736c5ec479e637ecced6842de9dc98b5da9cd?s=96&d=mm&r=g\",\"caption\":\"ccortez\"},\"url\":\"https:\\\/\\\/www.uartes.edu.ec\\\/sitio\\\/en\\\/blog\\\/author\\\/ccortez\\\/\"}]}<\/script>\n<!-- \/ Yoast SEO plugin. -->","yoast_head_json":{"title":"Universidad de las Artes - ILIA presenta el tercer n\u00famero de la Revista F-ILIA","description":"Universidad de las Artes - ILIA presenta el tercer n\u00famero de la Revista F-ILIA","robots":{"index":"index","follow":"follow","max-snippet":"max-snippet:-1","max-image-preview":"max-image-preview:large","max-video-preview":"max-video-preview:-1"},"canonical":"https:\/\/www.uartes.edu.ec\/sitio\/en\/blog\/2021\/04\/23\/ilia-presenta-el-tercer-numero-de-la-revista-f-ilia\/","og_locale":"en_US","og_type":"article","og_title":"Universidad de las Artes - ILIA presenta el tercer n\u00famero de la Revista F-ILIA","og_description":"Universidad de las Artes - ILIA presenta el tercer n\u00famero de la Revista F-ILIA","og_url":"https:\/\/www.uartes.edu.ec\/sitio\/en\/blog\/2021\/04\/23\/ilia-presenta-el-tercer-numero-de-la-revista-f-ilia\/","og_site_name":"Universidad de las Artes","article_publisher":"https:\/\/www.facebook.com\/uartesec","article_published_time":"2021-04-24T00:40:32+00:00","article_modified_time":"2024-07-04T16:27:23+00:00","og_image":[{"width":2000,"height":1333,"url":"https:\/\/www.uartes.edu.ec\/sitio\/wp-content\/uploads\/2021\/04\/FILIA-3-WEB.jpg","type":"image\/jpeg"}],"author":"ccortez","twitter_card":"summary_large_image","twitter_creator":"@uartesec","twitter_site":"@uartesec","twitter_misc":{"Written by":"ccortez","Est. reading time":"2 minutes"},"schema":{"@context":"https:\/\/schema.org","@graph":[{"@type":"Article","@id":"https:\/\/www.uartes.edu.ec\/sitio\/en\/blog\/2021\/04\/23\/ilia-presenta-el-tercer-numero-de-la-revista-f-ilia\/#article","isPartOf":{"@id":"https:\/\/www.uartes.edu.ec\/sitio\/en\/blog\/2021\/04\/23\/ilia-presenta-el-tercer-numero-de-la-revista-f-ilia\/"},"author":{"name":"ccortez","@id":"https:\/\/www.uartes.edu.ec\/sitio\/en\/#\/schema\/person\/efa1b8275797664fd7f13a79ccc0b1f4"},"headline":"ILIA presenta el tercer n\u00famero de la Revista F-ILIA","datePublished":"2021-04-24T00:40:32+00:00","dateModified":"2024-07-04T16:27:23+00:00","mainEntityOfPage":{"@id":"https:\/\/www.uartes.edu.ec\/sitio\/en\/blog\/2021\/04\/23\/ilia-presenta-el-tercer-numero-de-la-revista-f-ilia\/"},"wordCount":480,"publisher":{"@id":"https:\/\/www.uartes.edu.ec\/sitio\/en\/#organization"},"image":{"@id":"https:\/\/www.uartes.edu.ec\/sitio\/en\/blog\/2021\/04\/23\/ilia-presenta-el-tercer-numero-de-la-revista-f-ilia\/#primaryimage"},"thumbnailUrl":"https:\/\/www.uartes.edu.ec\/sitio\/wp-content\/uploads\/2021\/04\/FILIA-3-WEB.jpg","keywords":["clacso","f-ilia","ilia"],"articleSection":["Artes","Investigaci\u00f3n","UArtes Ediciones"],"inLanguage":"en-US"},{"@type":["WebPage","ItemPage"],"@id":"https:\/\/www.uartes.edu.ec\/sitio\/en\/blog\/2021\/04\/23\/ilia-presenta-el-tercer-numero-de-la-revista-f-ilia\/","url":"https:\/\/www.uartes.edu.ec\/sitio\/en\/blog\/2021\/04\/23\/ilia-presenta-el-tercer-numero-de-la-revista-f-ilia\/","name":"Universidad de las Artes - ILIA presenta el tercer n\u00famero de la Revista F-ILIA","isPartOf":{"@id":"https:\/\/www.uartes.edu.ec\/sitio\/en\/#website"},"primaryImageOfPage":{"@id":"https:\/\/www.uartes.edu.ec\/sitio\/en\/blog\/2021\/04\/23\/ilia-presenta-el-tercer-numero-de-la-revista-f-ilia\/#primaryimage"},"image":{"@id":"https:\/\/www.uartes.edu.ec\/sitio\/en\/blog\/2021\/04\/23\/ilia-presenta-el-tercer-numero-de-la-revista-f-ilia\/#primaryimage"},"thumbnailUrl":"https:\/\/www.uartes.edu.ec\/sitio\/wp-content\/uploads\/2021\/04\/FILIA-3-WEB.jpg","datePublished":"2021-04-24T00:40:32+00:00","dateModified":"2024-07-04T16:27:23+00:00","description":"Universidad de las Artes - ILIA presenta el tercer n\u00famero de la Revista F-ILIA","breadcrumb":{"@id":"https:\/\/www.uartes.edu.ec\/sitio\/en\/blog\/2021\/04\/23\/ilia-presenta-el-tercer-numero-de-la-revista-f-ilia\/#breadcrumb"},"inLanguage":"en-US","potentialAction":[{"@type":"ReadAction","target":["https:\/\/www.uartes.edu.ec\/sitio\/en\/blog\/2021\/04\/23\/ilia-presenta-el-tercer-numero-de-la-revista-f-ilia\/"]}]},{"@type":"ImageObject","inLanguage":"en-US","@id":"https:\/\/www.uartes.edu.ec\/sitio\/en\/blog\/2021\/04\/23\/ilia-presenta-el-tercer-numero-de-la-revista-f-ilia\/#primaryimage","url":"https:\/\/www.uartes.edu.ec\/sitio\/wp-content\/uploads\/2021\/04\/FILIA-3-WEB.jpg","contentUrl":"https:\/\/www.uartes.edu.ec\/sitio\/wp-content\/uploads\/2021\/04\/FILIA-3-WEB.jpg","width":2000,"height":1333,"caption":"LANZAMIENTO FILIA 3"},{"@type":"BreadcrumbList","@id":"https:\/\/www.uartes.edu.ec\/sitio\/en\/blog\/2021\/04\/23\/ilia-presenta-el-tercer-numero-de-la-revista-f-ilia\/#breadcrumb","itemListElement":[{"@type":"ListItem","position":1,"name":"Inicio","item":"https:\/\/www.uartes.edu.ec\/sitio\/"},{"@type":"ListItem","position":2,"name":"ILIA presenta el tercer n\u00famero de la Revista F-ILIA"}]},{"@type":"WebSite","@id":"https:\/\/www.uartes.edu.ec\/sitio\/en\/#website","url":"https:\/\/www.uartes.edu.ec\/sitio\/en\/","name":"Universidad de las Artes","description":"Sitio oficial de la Universidad Nacional de las Artes del Ecuador","publisher":{"@id":"https:\/\/www.uartes.edu.ec\/sitio\/en\/#organization"},"potentialAction":[{"@type":"SearchAction","target":{"@type":"EntryPoint","urlTemplate":"https:\/\/www.uartes.edu.ec\/sitio\/en\/?s={search_term_string}"},"query-input":{"@type":"PropertyValueSpecification","valueRequired":true,"valueName":"search_term_string"}}],"inLanguage":"en-US"},{"@type":"Organization","@id":"https:\/\/www.uartes.edu.ec\/sitio\/en\/#organization","name":"Universidad de las Artes","url":"https:\/\/www.uartes.edu.ec\/sitio\/en\/","logo":{"@type":"ImageObject","inLanguage":"en-US","@id":"https:\/\/www.uartes.edu.ec\/sitio\/en\/#\/schema\/logo\/image\/","url":"https:\/\/www.uartes.edu.ec\/sitio\/wp-content\/uploads\/2022\/07\/logo-ua-horizontal.png","contentUrl":"https:\/\/www.uartes.edu.ec\/sitio\/wp-content\/uploads\/2022\/07\/logo-ua-horizontal.png","width":800,"height":276,"caption":"Universidad de las Artes"},"image":{"@id":"https:\/\/www.uartes.edu.ec\/sitio\/en\/#\/schema\/logo\/image\/"},"sameAs":["https:\/\/www.facebook.com\/uartesec","https:\/\/x.com\/uartesec","https:\/\/www.tiktok.com\/@uartesec"]},{"@type":"Person","@id":"https:\/\/www.uartes.edu.ec\/sitio\/en\/#\/schema\/person\/efa1b8275797664fd7f13a79ccc0b1f4","name":"ccortez","image":{"@type":"ImageObject","inLanguage":"en-US","@id":"https:\/\/secure.gravatar.com\/avatar\/b2a6f664a3ae8e074346ef91775736c5ec479e637ecced6842de9dc98b5da9cd?s=96&d=mm&r=g","url":"https:\/\/secure.gravatar.com\/avatar\/b2a6f664a3ae8e074346ef91775736c5ec479e637ecced6842de9dc98b5da9cd?s=96&d=mm&r=g","contentUrl":"https:\/\/secure.gravatar.com\/avatar\/b2a6f664a3ae8e074346ef91775736c5ec479e637ecced6842de9dc98b5da9cd?s=96&d=mm&r=g","caption":"ccortez"},"url":"https:\/\/www.uartes.edu.ec\/sitio\/en\/blog\/author\/ccortez\/"}]}},"uagb_featured_image_src":{"full":["https:\/\/www.uartes.edu.ec\/sitio\/wp-content\/uploads\/2021\/04\/FILIA-3-WEB.jpg",2000,1333,false],"thumbnail":["https:\/\/www.uartes.edu.ec\/sitio\/wp-content\/uploads\/2021\/04\/FILIA-3-WEB-150x150.jpg",150,150,true],"medium":["https:\/\/www.uartes.edu.ec\/sitio\/wp-content\/uploads\/2021\/04\/FILIA-3-WEB-300x200.jpg",300,200,true],"medium_large":["https:\/\/www.uartes.edu.ec\/sitio\/wp-content\/uploads\/2021\/04\/FILIA-3-WEB-768x512.jpg",768,512,true],"large":["https:\/\/www.uartes.edu.ec\/sitio\/wp-content\/uploads\/2021\/04\/FILIA-3-WEB-644x429.jpg",644,429,true],"1536x1536":["https:\/\/www.uartes.edu.ec\/sitio\/wp-content\/uploads\/2021\/04\/FILIA-3-WEB-1536x1024.jpg",1536,1024,true],"2048x2048":["https:\/\/www.uartes.edu.ec\/sitio\/wp-content\/uploads\/2021\/04\/FILIA-3-WEB.jpg",2000,1333,false],"trp-custom-language-flag":["https:\/\/www.uartes.edu.ec\/sitio\/wp-content\/uploads\/2021\/04\/FILIA-3-WEB.jpg",18,12,false],"htmega_size_585x295":["https:\/\/www.uartes.edu.ec\/sitio\/wp-content\/uploads\/2021\/04\/FILIA-3-WEB-585x295.jpg",585,295,true],"htmega_size_1170x536":["https:\/\/www.uartes.edu.ec\/sitio\/wp-content\/uploads\/2021\/04\/FILIA-3-WEB-1170x536.jpg",1170,536,true],"htmega_size_396x360":["https:\/\/www.uartes.edu.ec\/sitio\/wp-content\/uploads\/2021\/04\/FILIA-3-WEB-396x360.jpg",396,360,true],"gb-block-post-grid-landscape":["https:\/\/www.uartes.edu.ec\/sitio\/wp-content\/uploads\/2021\/04\/FILIA-3-WEB.jpg",600,400,false],"gb-block-post-grid-square":["https:\/\/www.uartes.edu.ec\/sitio\/wp-content\/uploads\/2021\/04\/FILIA-3-WEB.jpg",600,400,false],"university-hub-thumb":["https:\/\/www.uartes.edu.ec\/sitio\/wp-content\/uploads\/2021\/04\/FILIA-3-WEB-400x267.jpg",400,267,true],"mailpoet_newsletter_max":["https:\/\/www.uartes.edu.ec\/sitio\/wp-content\/uploads\/2021\/04\/FILIA-3-WEB.jpg",1320,880,false]},"uagb_author_info":{"display_name":"ccortez","author_link":"https:\/\/www.uartes.edu.ec\/sitio\/en\/blog\/author\/ccortez\/"},"uagb_comment_info":0,"uagb_excerpt":"El Instituto Latinoamericano de Investigaci\u00f3n en Artes, dispositivo de la Universidad de las Artes, realizar\u00e1 el jueves 29 de abril de 2021 la presentaci\u00f3n del tercer n\u00famero de la Revista F-ILIA.","featured_image_src":"https:\/\/www.uartes.edu.ec\/sitio\/wp-content\/uploads\/2021\/04\/FILIA-3-WEB.jpg","featured_image_src_square":"https:\/\/www.uartes.edu.ec\/sitio\/wp-content\/uploads\/2021\/04\/FILIA-3-WEB.jpg","author_info":{"display_name":"ccortez","author_link":"https:\/\/www.uartes.edu.ec\/sitio\/en\/blog\/author\/ccortez\/"},"publishpress_future_workflow_manual_trigger":{"enabledWorkflows":[]},"distributor_meta":false,"distributor_terms":false,"distributor_media":false,"distributor_original_site_name":"Universidad de las Artes","distributor_original_site_url":"https:\/\/www.uartes.edu.ec\/sitio\/en","push-errors":false,"_links":{"self":[{"href":"https:\/\/www.uartes.edu.ec\/sitio\/en\/wp-json\/wp\/v2\/posts\/13396","targetHints":{"allow":["GET"]}}],"collection":[{"href":"https:\/\/www.uartes.edu.ec\/sitio\/en\/wp-json\/wp\/v2\/posts"}],"about":[{"href":"https:\/\/www.uartes.edu.ec\/sitio\/en\/wp-json\/wp\/v2\/types\/post"}],"author":[{"embeddable":true,"href":"https:\/\/www.uartes.edu.ec\/sitio\/en\/wp-json\/wp\/v2\/users\/10"}],"replies":[{"embeddable":true,"href":"https:\/\/www.uartes.edu.ec\/sitio\/en\/wp-json\/wp\/v2\/comments?post=13396"}],"version-history":[{"count":2,"href":"https:\/\/www.uartes.edu.ec\/sitio\/en\/wp-json\/wp\/v2\/posts\/13396\/revisions"}],"predecessor-version":[{"id":13452,"href":"https:\/\/www.uartes.edu.ec\/sitio\/en\/wp-json\/wp\/v2\/posts\/13396\/revisions\/13452"}],"wp:featuredmedia":[{"embeddable":true,"href":"https:\/\/www.uartes.edu.ec\/sitio\/en\/wp-json\/wp\/v2\/media\/13405"}],"wp:attachment":[{"href":"https:\/\/www.uartes.edu.ec\/sitio\/en\/wp-json\/wp\/v2\/media?parent=13396"}],"wp:term":[{"taxonomy":"category","embeddable":true,"href":"https:\/\/www.uartes.edu.ec\/sitio\/en\/wp-json\/wp\/v2\/categories?post=13396"},{"taxonomy":"post_tag","embeddable":true,"href":"https:\/\/www.uartes.edu.ec\/sitio\/en\/wp-json\/wp\/v2\/tags?post=13396"},{"taxonomy":"infouartes","embeddable":true,"href":"https:\/\/www.uartes.edu.ec\/sitio\/en\/wp-json\/wp\/v2\/infouartes?post=13396"}],"curies":[{"name":"wp","href":"https:\/\/api.w.org\/{rel}","templated":true}]}}