{"id":13619,"date":"2021-04-30T16:51:00","date_gmt":"2021-04-30T21:51:00","guid":{"rendered":"http:\/\/www.uartes.edu.ec\/sitio\/?p=13619"},"modified":"2024-07-04T11:27:20","modified_gmt":"2024-07-04T16:27:20","slug":"por-segunda-vez-la-uartes-realiza-las-case-via-online-el-lunes-arranca-su-iv-edicion","status":"publish","type":"post","link":"https:\/\/www.uartes.edu.ec\/sitio\/en\/blog\/2021\/05\/05\/por-segunda-vez-la-uartes-realiza-las-case-via-online-el-lunes-arranca-su-iv-edicion\/","title":{"rendered":"Por segunda vez la UArtes realiza las CASE v\u00eda online; el lunes arranca su IV edici\u00f3n"},"content":{"rendered":"<p>A pocas horas de dar inicio a los tres d\u00edas de las Conferencias de Audio y Sonido del Ecuador (CASE), que organizadas por la Escuela de Artes Sonoras de la Universidad de las Artes se desarrollar\u00e1n del 3 al 5 de mayo de 2021, el docente Daniel Orejuela explica que al igual que la anterior edici\u00f3n esta cuarta entrega ser\u00e1 virtual, pero tendr\u00e1 diferencias.<\/p>\n\n\n\n<p>As\u00ed, las jornadas de esta nueva edici\u00f3n de CASE no ser\u00e1n subidas al sitio web de la UArtes ni de la EAS, para que sean vistas en lo posterior. Se har\u00e1n online s\u00ed, pero de manera sincr\u00f3nica; tampoco tendr\u00e1 una tem\u00e1tica espec\u00edfica, pues se consider\u00f3 que dentro de la producci\u00f3n musical y de la industria musical el audio es bastante amplio. \u201cTenemos cine, sonido en vivo\u2026, por ello tratamos m\u00e1s bien de abrir el abanico para tener la mayor cantidad posible de interesados, de asistentes a las conferencias\u201d.&nbsp;<\/p>\n\n\n\n<p>Organizar de manera virtual una actividad de la magnitud de CASE, que cuenta con profesionales del sonido reconocidos tanto a nivel nacional como internacional y que, asimismo, goza de mucho prestigio, tiene sus pro y sus contras. Daniel Orejuela menciona la movilizaci\u00f3n que en tiempos presenciales se deb\u00eda hacer de los conferencistas y expositores de otros pa\u00edses. Ahora como es virtual, se puede contar con invitados que se encuentran en puntos diversos. Argentina, Brasil, Espa\u00f1a, Uruguay. Ya no tiene que viajar tanta gente. Incluso, anot\u00f3, cuando pase esta pandemia del COVID-19 que hoy nos obliga a recurrir a la virtualidad, se ha estimado mantener conferencias en esa modalidad.<\/p>\n\n\n\n<p>Como positivo el docente de la EAS refiri\u00f3, adem\u00e1s, la experiencia ganada. Como esta cuarta edici\u00f3n de CASE es la segunda que se desarrollar\u00e1 v\u00eda online, ya hay experticia y se puede sacar mucho m\u00e1s provecho de la tecnolog\u00eda.<\/p>\n\n\n\n<p>Y como todo \u201cpro\u201d, hay tambi\u00e9n los \u201ccontras\u201d. Como todos sabemos, sostuvo Daniel Orejuela, \u201cel no estar y no recibir la informaci\u00f3n directa. Las cuestiones pr\u00e1cticas son mucho m\u00e1s dif\u00edciles de realizar, porque el sonido en un estudio y directo se escucha mejor\u201d.<\/p>\n\n\n\n<p>Finalmente, consultado por el anuncio que consta en la programaci\u00f3n de las Conferencias de Audio y Sonido del Ecuador de los finalistas de la competencia Mezcla AES, Daniel Orejuela record\u00f3 que el concurso lo organiza la Asociaci\u00f3n de Ingenieros de Sonido (AES, por sus siglas en ingl\u00e9s), con destacada presencia en las CASE, y que en una convenci\u00f3n prevista para finales de a\u00f1o esta dar\u00e1 los respectivos detalles y har\u00e1 la premiaci\u00f3n. \u201cSolo vamos a anunciar a quienes quedaron finalistas\u201d, precis\u00f3. Es de anotar que en este certamen han participado estudiantes de la EAS, logrando los primeros lugares o reconocimientos.&nbsp;&nbsp;<\/p>","protected":false},"excerpt":{"rendered":"<p>A pocas horas de dar inicio a los tres d\u00edas de las Conferencias de Audio y Sonido del Ecuador (CASE), que organizadas por la Escuela de Artes Sonoras de la Universidad de las Artes se desarrollar\u00e1n del 3 al 5 de mayo de 2021, el docente Daniel Orejuela explica que al igual que la anterior edici\u00f3n esta cuarta entrega ser\u00e1 virtual, pero tendr\u00e1 diferencias.<\/p>","protected":false},"author":1,"featured_media":13608,"comment_status":"closed","ping_status":"closed","sticky":false,"template":"","format":"standard","meta":{"_acf_changed":false,"_uag_custom_page_level_css":"","_monsterinsights_skip_tracking":false,"_monsterinsights_sitenote_active":false,"_monsterinsights_sitenote_note":"","_monsterinsights_sitenote_category":0,"cybocfi_hide_featured_image":"","footnotes":""},"categories":[80,82,150,75,76],"tags":[458],"infouartes":[],"class_list":["post-13619","post","type-post","status-publish","format-standard","has-post-thumbnail","hentry","category-academico","category-artes","category-artes-sonoras","category-docentes","category-estudiantes","tag-case2021"],"acf":[],"yoast_head":"<!-- This site is optimized with the Yoast SEO plugin v27.4 - https:\/\/yoast.com\/product\/yoast-seo-wordpress\/ -->\n<title>Universidad de las Artes - Por segunda vez la UArtes realiza las CASE v\u00eda online; el lunes arranca su IV edici\u00f3n<\/title>\n<meta name=\"description\" content=\"Universidad de las Artes - Por segunda vez la UArtes realiza las CASE v\u00eda online; el lunes arranca su IV edici\u00f3n\" \/>\n<meta name=\"robots\" content=\"index, follow, max-snippet:-1, max-image-preview:large, max-video-preview:-1\" \/>\n<link rel=\"canonical\" href=\"https:\/\/www.uartes.edu.ec\/sitio\/en\/blog\/2021\/05\/05\/por-segunda-vez-la-uartes-realiza-las-case-via-online-el-lunes-arranca-su-iv-edicion\/\" \/>\n<meta property=\"og:locale\" content=\"en_US\" \/>\n<meta property=\"og:type\" content=\"article\" \/>\n<meta property=\"og:title\" content=\"Universidad de las Artes - Por segunda vez la UArtes realiza las CASE v\u00eda online; el lunes arranca su IV edici\u00f3n\" \/>\n<meta property=\"og:description\" content=\"Universidad de las Artes - Por segunda vez la UArtes realiza las CASE v\u00eda online; el lunes arranca su IV edici\u00f3n\" \/>\n<meta property=\"og:url\" content=\"https:\/\/www.uartes.edu.ec\/sitio\/en\/blog\/2021\/05\/05\/por-segunda-vez-la-uartes-realiza-las-case-via-online-el-lunes-arranca-su-iv-edicion\/\" \/>\n<meta property=\"og:site_name\" content=\"Universidad de las Artes\" \/>\n<meta property=\"article:publisher\" content=\"https:\/\/www.facebook.com\/uartesec\" \/>\n<meta property=\"article:published_time\" content=\"2021-04-30T21:51:00+00:00\" \/>\n<meta property=\"article:modified_time\" content=\"2024-07-04T16:27:20+00:00\" \/>\n<meta property=\"og:image\" content=\"https:\/\/www.uartes.edu.ec\/sitio\/wp-content\/uploads\/2021\/05\/CASE-SEGUNDA-EDICION.jpg\" \/>\n\t<meta property=\"og:image:width\" content=\"2000\" \/>\n\t<meta property=\"og:image:height\" content=\"1333\" \/>\n\t<meta property=\"og:image:type\" content=\"image\/jpeg\" \/>\n<meta name=\"author\" content=\"Universidad de las Artes\" \/>\n<meta name=\"twitter:card\" content=\"summary_large_image\" \/>\n<meta name=\"twitter:creator\" content=\"@uartesec\" \/>\n<meta name=\"twitter:site\" content=\"@uartesec\" \/>\n<meta name=\"twitter:label1\" content=\"Written by\" \/>\n\t<meta name=\"twitter:data1\" content=\"Universidad de las Artes\" \/>\n\t<meta name=\"twitter:label2\" content=\"Est. reading time\" \/>\n\t<meta name=\"twitter:data2\" content=\"2 minutes\" \/>\n<script type=\"application\/ld+json\" class=\"yoast-schema-graph\">{\"@context\":\"https:\\\/\\\/schema.org\",\"@graph\":[{\"@type\":\"Article\",\"@id\":\"https:\\\/\\\/www.uartes.edu.ec\\\/sitio\\\/en\\\/blog\\\/2021\\\/05\\\/05\\\/por-segunda-vez-la-uartes-realiza-las-case-via-online-el-lunes-arranca-su-iv-edicion\\\/#article\",\"isPartOf\":{\"@id\":\"https:\\\/\\\/www.uartes.edu.ec\\\/sitio\\\/en\\\/blog\\\/2021\\\/05\\\/05\\\/por-segunda-vez-la-uartes-realiza-las-case-via-online-el-lunes-arranca-su-iv-edicion\\\/\"},\"author\":{\"name\":\"Universidad de las Artes\",\"@id\":\"https:\\\/\\\/www.uartes.edu.ec\\\/sitio\\\/en\\\/#\\\/schema\\\/person\\\/f33f8c1d2af0d5c80a38c8abf458184a\"},\"headline\":\"Por segunda vez la UArtes realiza las CASE v\u00eda online; el lunes arranca su IV edici\u00f3n\",\"datePublished\":\"2021-04-30T21:51:00+00:00\",\"dateModified\":\"2024-07-04T16:27:20+00:00\",\"mainEntityOfPage\":{\"@id\":\"https:\\\/\\\/www.uartes.edu.ec\\\/sitio\\\/en\\\/blog\\\/2021\\\/05\\\/05\\\/por-segunda-vez-la-uartes-realiza-las-case-via-online-el-lunes-arranca-su-iv-edicion\\\/\"},\"wordCount\":491,\"publisher\":{\"@id\":\"https:\\\/\\\/www.uartes.edu.ec\\\/sitio\\\/en\\\/#organization\"},\"image\":{\"@id\":\"https:\\\/\\\/www.uartes.edu.ec\\\/sitio\\\/en\\\/blog\\\/2021\\\/05\\\/05\\\/por-segunda-vez-la-uartes-realiza-las-case-via-online-el-lunes-arranca-su-iv-edicion\\\/#primaryimage\"},\"thumbnailUrl\":\"https:\\\/\\\/www.uartes.edu.ec\\\/sitio\\\/wp-content\\\/uploads\\\/2021\\\/05\\\/CASE-SEGUNDA-EDICION.jpg\",\"keywords\":[\"case2021\"],\"articleSection\":[\"Acad\u00e9mico\",\"Artes\",\"Artes Sonoras\",\"Docentes\",\"Estudiantes\"],\"inLanguage\":\"en-US\"},{\"@type\":[\"WebPage\",\"ItemPage\"],\"@id\":\"https:\\\/\\\/www.uartes.edu.ec\\\/sitio\\\/en\\\/blog\\\/2021\\\/05\\\/05\\\/por-segunda-vez-la-uartes-realiza-las-case-via-online-el-lunes-arranca-su-iv-edicion\\\/\",\"url\":\"https:\\\/\\\/www.uartes.edu.ec\\\/sitio\\\/en\\\/blog\\\/2021\\\/05\\\/05\\\/por-segunda-vez-la-uartes-realiza-las-case-via-online-el-lunes-arranca-su-iv-edicion\\\/\",\"name\":\"Universidad de las Artes - Por segunda vez la UArtes realiza las CASE v\u00eda online; el lunes arranca su IV edici\u00f3n\",\"isPartOf\":{\"@id\":\"https:\\\/\\\/www.uartes.edu.ec\\\/sitio\\\/en\\\/#website\"},\"primaryImageOfPage\":{\"@id\":\"https:\\\/\\\/www.uartes.edu.ec\\\/sitio\\\/en\\\/blog\\\/2021\\\/05\\\/05\\\/por-segunda-vez-la-uartes-realiza-las-case-via-online-el-lunes-arranca-su-iv-edicion\\\/#primaryimage\"},\"image\":{\"@id\":\"https:\\\/\\\/www.uartes.edu.ec\\\/sitio\\\/en\\\/blog\\\/2021\\\/05\\\/05\\\/por-segunda-vez-la-uartes-realiza-las-case-via-online-el-lunes-arranca-su-iv-edicion\\\/#primaryimage\"},\"thumbnailUrl\":\"https:\\\/\\\/www.uartes.edu.ec\\\/sitio\\\/wp-content\\\/uploads\\\/2021\\\/05\\\/CASE-SEGUNDA-EDICION.jpg\",\"datePublished\":\"2021-04-30T21:51:00+00:00\",\"dateModified\":\"2024-07-04T16:27:20+00:00\",\"description\":\"Universidad de las Artes - Por segunda vez la UArtes realiza las CASE v\u00eda online; el lunes arranca su IV edici\u00f3n\",\"breadcrumb\":{\"@id\":\"https:\\\/\\\/www.uartes.edu.ec\\\/sitio\\\/en\\\/blog\\\/2021\\\/05\\\/05\\\/por-segunda-vez-la-uartes-realiza-las-case-via-online-el-lunes-arranca-su-iv-edicion\\\/#breadcrumb\"},\"inLanguage\":\"en-US\",\"potentialAction\":[{\"@type\":\"ReadAction\",\"target\":[\"https:\\\/\\\/www.uartes.edu.ec\\\/sitio\\\/en\\\/blog\\\/2021\\\/05\\\/05\\\/por-segunda-vez-la-uartes-realiza-las-case-via-online-el-lunes-arranca-su-iv-edicion\\\/\"]}]},{\"@type\":\"ImageObject\",\"inLanguage\":\"en-US\",\"@id\":\"https:\\\/\\\/www.uartes.edu.ec\\\/sitio\\\/en\\\/blog\\\/2021\\\/05\\\/05\\\/por-segunda-vez-la-uartes-realiza-las-case-via-online-el-lunes-arranca-su-iv-edicion\\\/#primaryimage\",\"url\":\"https:\\\/\\\/www.uartes.edu.ec\\\/sitio\\\/wp-content\\\/uploads\\\/2021\\\/05\\\/CASE-SEGUNDA-EDICION.jpg\",\"contentUrl\":\"https:\\\/\\\/www.uartes.edu.ec\\\/sitio\\\/wp-content\\\/uploads\\\/2021\\\/05\\\/CASE-SEGUNDA-EDICION.jpg\",\"width\":2000,\"height\":1333,\"caption\":\"Por segunda vez la UArtes realiza las CASE v\u00eda online; el lunes arranca su IV edici\u00f3n\"},{\"@type\":\"BreadcrumbList\",\"@id\":\"https:\\\/\\\/www.uartes.edu.ec\\\/sitio\\\/en\\\/blog\\\/2021\\\/05\\\/05\\\/por-segunda-vez-la-uartes-realiza-las-case-via-online-el-lunes-arranca-su-iv-edicion\\\/#breadcrumb\",\"itemListElement\":[{\"@type\":\"ListItem\",\"position\":1,\"name\":\"Inicio\",\"item\":\"https:\\\/\\\/www.uartes.edu.ec\\\/sitio\\\/\"},{\"@type\":\"ListItem\",\"position\":2,\"name\":\"Por segunda vez la UArtes realiza las CASE v\u00eda online; el lunes arranca su IV edici\u00f3n\"}]},{\"@type\":\"WebSite\",\"@id\":\"https:\\\/\\\/www.uartes.edu.ec\\\/sitio\\\/en\\\/#website\",\"url\":\"https:\\\/\\\/www.uartes.edu.ec\\\/sitio\\\/en\\\/\",\"name\":\"Universidad de las Artes\",\"description\":\"Sitio oficial de la Universidad Nacional de las Artes del Ecuador\",\"publisher\":{\"@id\":\"https:\\\/\\\/www.uartes.edu.ec\\\/sitio\\\/en\\\/#organization\"},\"potentialAction\":[{\"@type\":\"SearchAction\",\"target\":{\"@type\":\"EntryPoint\",\"urlTemplate\":\"https:\\\/\\\/www.uartes.edu.ec\\\/sitio\\\/en\\\/?s={search_term_string}\"},\"query-input\":{\"@type\":\"PropertyValueSpecification\",\"valueRequired\":true,\"valueName\":\"search_term_string\"}}],\"inLanguage\":\"en-US\"},{\"@type\":\"Organization\",\"@id\":\"https:\\\/\\\/www.uartes.edu.ec\\\/sitio\\\/en\\\/#organization\",\"name\":\"Universidad de las Artes\",\"url\":\"https:\\\/\\\/www.uartes.edu.ec\\\/sitio\\\/en\\\/\",\"logo\":{\"@type\":\"ImageObject\",\"inLanguage\":\"en-US\",\"@id\":\"https:\\\/\\\/www.uartes.edu.ec\\\/sitio\\\/en\\\/#\\\/schema\\\/logo\\\/image\\\/\",\"url\":\"https:\\\/\\\/www.uartes.edu.ec\\\/sitio\\\/wp-content\\\/uploads\\\/2022\\\/07\\\/logo-ua-horizontal.png\",\"contentUrl\":\"https:\\\/\\\/www.uartes.edu.ec\\\/sitio\\\/wp-content\\\/uploads\\\/2022\\\/07\\\/logo-ua-horizontal.png\",\"width\":800,\"height\":276,\"caption\":\"Universidad de las Artes\"},\"image\":{\"@id\":\"https:\\\/\\\/www.uartes.edu.ec\\\/sitio\\\/en\\\/#\\\/schema\\\/logo\\\/image\\\/\"},\"sameAs\":[\"https:\\\/\\\/www.facebook.com\\\/uartesec\",\"https:\\\/\\\/x.com\\\/uartesec\",\"https:\\\/\\\/www.tiktok.com\\\/@uartesec\"]},{\"@type\":\"Person\",\"@id\":\"https:\\\/\\\/www.uartes.edu.ec\\\/sitio\\\/en\\\/#\\\/schema\\\/person\\\/f33f8c1d2af0d5c80a38c8abf458184a\",\"name\":\"Universidad de las Artes\",\"image\":{\"@type\":\"ImageObject\",\"inLanguage\":\"en-US\",\"@id\":\"https:\\\/\\\/secure.gravatar.com\\\/avatar\\\/52e4757902f5cfa5ac52d020e5be83cae5487519154b6c35482fe08d589f3c13?s=96&d=mm&r=g\",\"url\":\"https:\\\/\\\/secure.gravatar.com\\\/avatar\\\/52e4757902f5cfa5ac52d020e5be83cae5487519154b6c35482fe08d589f3c13?s=96&d=mm&r=g\",\"contentUrl\":\"https:\\\/\\\/secure.gravatar.com\\\/avatar\\\/52e4757902f5cfa5ac52d020e5be83cae5487519154b6c35482fe08d589f3c13?s=96&d=mm&r=g\",\"caption\":\"Universidad de las Artes\"},\"url\":\"https:\\\/\\\/www.uartes.edu.ec\\\/sitio\\\/en\\\/blog\\\/author\\\/dircomadm\\\/\"}]}<\/script>\n<!-- \/ Yoast SEO plugin. -->","yoast_head_json":{"title":"Universidad de las Artes - Por segunda vez la UArtes realiza las CASE v\u00eda online; el lunes arranca su IV edici\u00f3n","description":"Universidad de las Artes - Por segunda vez la UArtes realiza las CASE v\u00eda online; el lunes arranca su IV edici\u00f3n","robots":{"index":"index","follow":"follow","max-snippet":"max-snippet:-1","max-image-preview":"max-image-preview:large","max-video-preview":"max-video-preview:-1"},"canonical":"https:\/\/www.uartes.edu.ec\/sitio\/en\/blog\/2021\/05\/05\/por-segunda-vez-la-uartes-realiza-las-case-via-online-el-lunes-arranca-su-iv-edicion\/","og_locale":"en_US","og_type":"article","og_title":"Universidad de las Artes - Por segunda vez la UArtes realiza las CASE v\u00eda online; el lunes arranca su IV edici\u00f3n","og_description":"Universidad de las Artes - Por segunda vez la UArtes realiza las CASE v\u00eda online; el lunes arranca su IV edici\u00f3n","og_url":"https:\/\/www.uartes.edu.ec\/sitio\/en\/blog\/2021\/05\/05\/por-segunda-vez-la-uartes-realiza-las-case-via-online-el-lunes-arranca-su-iv-edicion\/","og_site_name":"Universidad de las Artes","article_publisher":"https:\/\/www.facebook.com\/uartesec","article_published_time":"2021-04-30T21:51:00+00:00","article_modified_time":"2024-07-04T16:27:20+00:00","og_image":[{"width":2000,"height":1333,"url":"https:\/\/www.uartes.edu.ec\/sitio\/wp-content\/uploads\/2021\/05\/CASE-SEGUNDA-EDICION.jpg","type":"image\/jpeg"}],"author":"Universidad de las Artes","twitter_card":"summary_large_image","twitter_creator":"@uartesec","twitter_site":"@uartesec","twitter_misc":{"Written by":"Universidad de las Artes","Est. reading time":"2 minutes"},"schema":{"@context":"https:\/\/schema.org","@graph":[{"@type":"Article","@id":"https:\/\/www.uartes.edu.ec\/sitio\/en\/blog\/2021\/05\/05\/por-segunda-vez-la-uartes-realiza-las-case-via-online-el-lunes-arranca-su-iv-edicion\/#article","isPartOf":{"@id":"https:\/\/www.uartes.edu.ec\/sitio\/en\/blog\/2021\/05\/05\/por-segunda-vez-la-uartes-realiza-las-case-via-online-el-lunes-arranca-su-iv-edicion\/"},"author":{"name":"Universidad de las Artes","@id":"https:\/\/www.uartes.edu.ec\/sitio\/en\/#\/schema\/person\/f33f8c1d2af0d5c80a38c8abf458184a"},"headline":"Por segunda vez la UArtes realiza las CASE v\u00eda online; el lunes arranca su IV edici\u00f3n","datePublished":"2021-04-30T21:51:00+00:00","dateModified":"2024-07-04T16:27:20+00:00","mainEntityOfPage":{"@id":"https:\/\/www.uartes.edu.ec\/sitio\/en\/blog\/2021\/05\/05\/por-segunda-vez-la-uartes-realiza-las-case-via-online-el-lunes-arranca-su-iv-edicion\/"},"wordCount":491,"publisher":{"@id":"https:\/\/www.uartes.edu.ec\/sitio\/en\/#organization"},"image":{"@id":"https:\/\/www.uartes.edu.ec\/sitio\/en\/blog\/2021\/05\/05\/por-segunda-vez-la-uartes-realiza-las-case-via-online-el-lunes-arranca-su-iv-edicion\/#primaryimage"},"thumbnailUrl":"https:\/\/www.uartes.edu.ec\/sitio\/wp-content\/uploads\/2021\/05\/CASE-SEGUNDA-EDICION.jpg","keywords":["case2021"],"articleSection":["Acad\u00e9mico","Artes","Artes Sonoras","Docentes","Estudiantes"],"inLanguage":"en-US"},{"@type":["WebPage","ItemPage"],"@id":"https:\/\/www.uartes.edu.ec\/sitio\/en\/blog\/2021\/05\/05\/por-segunda-vez-la-uartes-realiza-las-case-via-online-el-lunes-arranca-su-iv-edicion\/","url":"https:\/\/www.uartes.edu.ec\/sitio\/en\/blog\/2021\/05\/05\/por-segunda-vez-la-uartes-realiza-las-case-via-online-el-lunes-arranca-su-iv-edicion\/","name":"Universidad de las Artes - Por segunda vez la UArtes realiza las CASE v\u00eda online; el lunes arranca su IV edici\u00f3n","isPartOf":{"@id":"https:\/\/www.uartes.edu.ec\/sitio\/en\/#website"},"primaryImageOfPage":{"@id":"https:\/\/www.uartes.edu.ec\/sitio\/en\/blog\/2021\/05\/05\/por-segunda-vez-la-uartes-realiza-las-case-via-online-el-lunes-arranca-su-iv-edicion\/#primaryimage"},"image":{"@id":"https:\/\/www.uartes.edu.ec\/sitio\/en\/blog\/2021\/05\/05\/por-segunda-vez-la-uartes-realiza-las-case-via-online-el-lunes-arranca-su-iv-edicion\/#primaryimage"},"thumbnailUrl":"https:\/\/www.uartes.edu.ec\/sitio\/wp-content\/uploads\/2021\/05\/CASE-SEGUNDA-EDICION.jpg","datePublished":"2021-04-30T21:51:00+00:00","dateModified":"2024-07-04T16:27:20+00:00","description":"Universidad de las Artes - Por segunda vez la UArtes realiza las CASE v\u00eda online; el lunes arranca su IV edici\u00f3n","breadcrumb":{"@id":"https:\/\/www.uartes.edu.ec\/sitio\/en\/blog\/2021\/05\/05\/por-segunda-vez-la-uartes-realiza-las-case-via-online-el-lunes-arranca-su-iv-edicion\/#breadcrumb"},"inLanguage":"en-US","potentialAction":[{"@type":"ReadAction","target":["https:\/\/www.uartes.edu.ec\/sitio\/en\/blog\/2021\/05\/05\/por-segunda-vez-la-uartes-realiza-las-case-via-online-el-lunes-arranca-su-iv-edicion\/"]}]},{"@type":"ImageObject","inLanguage":"en-US","@id":"https:\/\/www.uartes.edu.ec\/sitio\/en\/blog\/2021\/05\/05\/por-segunda-vez-la-uartes-realiza-las-case-via-online-el-lunes-arranca-su-iv-edicion\/#primaryimage","url":"https:\/\/www.uartes.edu.ec\/sitio\/wp-content\/uploads\/2021\/05\/CASE-SEGUNDA-EDICION.jpg","contentUrl":"https:\/\/www.uartes.edu.ec\/sitio\/wp-content\/uploads\/2021\/05\/CASE-SEGUNDA-EDICION.jpg","width":2000,"height":1333,"caption":"Por segunda vez la UArtes realiza las CASE v\u00eda online; el lunes arranca su IV edici\u00f3n"},{"@type":"BreadcrumbList","@id":"https:\/\/www.uartes.edu.ec\/sitio\/en\/blog\/2021\/05\/05\/por-segunda-vez-la-uartes-realiza-las-case-via-online-el-lunes-arranca-su-iv-edicion\/#breadcrumb","itemListElement":[{"@type":"ListItem","position":1,"name":"Inicio","item":"https:\/\/www.uartes.edu.ec\/sitio\/"},{"@type":"ListItem","position":2,"name":"Por segunda vez la UArtes realiza las CASE v\u00eda online; el lunes arranca su IV edici\u00f3n"}]},{"@type":"WebSite","@id":"https:\/\/www.uartes.edu.ec\/sitio\/en\/#website","url":"https:\/\/www.uartes.edu.ec\/sitio\/en\/","name":"Universidad de las Artes","description":"Sitio oficial de la Universidad Nacional de las Artes del Ecuador","publisher":{"@id":"https:\/\/www.uartes.edu.ec\/sitio\/en\/#organization"},"potentialAction":[{"@type":"SearchAction","target":{"@type":"EntryPoint","urlTemplate":"https:\/\/www.uartes.edu.ec\/sitio\/en\/?s={search_term_string}"},"query-input":{"@type":"PropertyValueSpecification","valueRequired":true,"valueName":"search_term_string"}}],"inLanguage":"en-US"},{"@type":"Organization","@id":"https:\/\/www.uartes.edu.ec\/sitio\/en\/#organization","name":"Universidad de las Artes","url":"https:\/\/www.uartes.edu.ec\/sitio\/en\/","logo":{"@type":"ImageObject","inLanguage":"en-US","@id":"https:\/\/www.uartes.edu.ec\/sitio\/en\/#\/schema\/logo\/image\/","url":"https:\/\/www.uartes.edu.ec\/sitio\/wp-content\/uploads\/2022\/07\/logo-ua-horizontal.png","contentUrl":"https:\/\/www.uartes.edu.ec\/sitio\/wp-content\/uploads\/2022\/07\/logo-ua-horizontal.png","width":800,"height":276,"caption":"Universidad de las Artes"},"image":{"@id":"https:\/\/www.uartes.edu.ec\/sitio\/en\/#\/schema\/logo\/image\/"},"sameAs":["https:\/\/www.facebook.com\/uartesec","https:\/\/x.com\/uartesec","https:\/\/www.tiktok.com\/@uartesec"]},{"@type":"Person","@id":"https:\/\/www.uartes.edu.ec\/sitio\/en\/#\/schema\/person\/f33f8c1d2af0d5c80a38c8abf458184a","name":"Universidad de las Artes","image":{"@type":"ImageObject","inLanguage":"en-US","@id":"https:\/\/secure.gravatar.com\/avatar\/52e4757902f5cfa5ac52d020e5be83cae5487519154b6c35482fe08d589f3c13?s=96&d=mm&r=g","url":"https:\/\/secure.gravatar.com\/avatar\/52e4757902f5cfa5ac52d020e5be83cae5487519154b6c35482fe08d589f3c13?s=96&d=mm&r=g","contentUrl":"https:\/\/secure.gravatar.com\/avatar\/52e4757902f5cfa5ac52d020e5be83cae5487519154b6c35482fe08d589f3c13?s=96&d=mm&r=g","caption":"Universidad de las Artes"},"url":"https:\/\/www.uartes.edu.ec\/sitio\/en\/blog\/author\/dircomadm\/"}]}},"uagb_featured_image_src":{"full":["https:\/\/www.uartes.edu.ec\/sitio\/wp-content\/uploads\/2021\/05\/CASE-SEGUNDA-EDICION.jpg",2000,1333,false],"thumbnail":["https:\/\/www.uartes.edu.ec\/sitio\/wp-content\/uploads\/2021\/05\/CASE-SEGUNDA-EDICION-150x150.jpg",150,150,true],"medium":["https:\/\/www.uartes.edu.ec\/sitio\/wp-content\/uploads\/2021\/05\/CASE-SEGUNDA-EDICION-300x200.jpg",300,200,true],"medium_large":["https:\/\/www.uartes.edu.ec\/sitio\/wp-content\/uploads\/2021\/05\/CASE-SEGUNDA-EDICION-768x512.jpg",768,512,true],"large":["https:\/\/www.uartes.edu.ec\/sitio\/wp-content\/uploads\/2021\/05\/CASE-SEGUNDA-EDICION-644x429.jpg",644,429,true],"1536x1536":["https:\/\/www.uartes.edu.ec\/sitio\/wp-content\/uploads\/2021\/05\/CASE-SEGUNDA-EDICION-1536x1024.jpg",1536,1024,true],"2048x2048":["https:\/\/www.uartes.edu.ec\/sitio\/wp-content\/uploads\/2021\/05\/CASE-SEGUNDA-EDICION.jpg",2000,1333,false],"trp-custom-language-flag":["https:\/\/www.uartes.edu.ec\/sitio\/wp-content\/uploads\/2021\/05\/CASE-SEGUNDA-EDICION.jpg",18,12,false],"htmega_size_585x295":["https:\/\/www.uartes.edu.ec\/sitio\/wp-content\/uploads\/2021\/05\/CASE-SEGUNDA-EDICION-585x295.jpg",585,295,true],"htmega_size_1170x536":["https:\/\/www.uartes.edu.ec\/sitio\/wp-content\/uploads\/2021\/05\/CASE-SEGUNDA-EDICION-1170x536.jpg",1170,536,true],"htmega_size_396x360":["https:\/\/www.uartes.edu.ec\/sitio\/wp-content\/uploads\/2021\/05\/CASE-SEGUNDA-EDICION-396x360.jpg",396,360,true],"gb-block-post-grid-landscape":["https:\/\/www.uartes.edu.ec\/sitio\/wp-content\/uploads\/2021\/05\/CASE-SEGUNDA-EDICION.jpg",600,400,false],"gb-block-post-grid-square":["https:\/\/www.uartes.edu.ec\/sitio\/wp-content\/uploads\/2021\/05\/CASE-SEGUNDA-EDICION.jpg",600,400,false],"university-hub-thumb":["https:\/\/www.uartes.edu.ec\/sitio\/wp-content\/uploads\/2021\/05\/CASE-SEGUNDA-EDICION-400x267.jpg",400,267,true],"mailpoet_newsletter_max":["https:\/\/www.uartes.edu.ec\/sitio\/wp-content\/uploads\/2021\/05\/CASE-SEGUNDA-EDICION.jpg",1320,880,false]},"uagb_author_info":{"display_name":"Universidad de las Artes","author_link":"https:\/\/www.uartes.edu.ec\/sitio\/en\/blog\/author\/dircomadm\/"},"uagb_comment_info":0,"uagb_excerpt":"A pocas horas de dar inicio a los tres d\u00edas de las Conferencias de Audio y Sonido del Ecuador (CASE), que organizadas por la Escuela de Artes Sonoras de la Universidad de las Artes se desarrollar\u00e1n del 3 al 5 de mayo de 2021, el docente Daniel Orejuela explica que al igual que la anterior&hellip;","featured_image_src":"https:\/\/www.uartes.edu.ec\/sitio\/wp-content\/uploads\/2021\/05\/CASE-SEGUNDA-EDICION.jpg","featured_image_src_square":"https:\/\/www.uartes.edu.ec\/sitio\/wp-content\/uploads\/2021\/05\/CASE-SEGUNDA-EDICION.jpg","author_info":{"display_name":"Universidad de las Artes","author_link":"https:\/\/www.uartes.edu.ec\/sitio\/en\/blog\/author\/dircomadm\/"},"publishpress_future_workflow_manual_trigger":{"enabledWorkflows":[]},"distributor_meta":false,"distributor_terms":false,"distributor_media":false,"distributor_original_site_name":"Universidad de las Artes","distributor_original_site_url":"https:\/\/www.uartes.edu.ec\/sitio\/en","push-errors":false,"_links":{"self":[{"href":"https:\/\/www.uartes.edu.ec\/sitio\/en\/wp-json\/wp\/v2\/posts\/13619","targetHints":{"allow":["GET"]}}],"collection":[{"href":"https:\/\/www.uartes.edu.ec\/sitio\/en\/wp-json\/wp\/v2\/posts"}],"about":[{"href":"https:\/\/www.uartes.edu.ec\/sitio\/en\/wp-json\/wp\/v2\/types\/post"}],"author":[{"embeddable":true,"href":"https:\/\/www.uartes.edu.ec\/sitio\/en\/wp-json\/wp\/v2\/users\/1"}],"replies":[{"embeddable":true,"href":"https:\/\/www.uartes.edu.ec\/sitio\/en\/wp-json\/wp\/v2\/comments?post=13619"}],"version-history":[{"count":1,"href":"https:\/\/www.uartes.edu.ec\/sitio\/en\/wp-json\/wp\/v2\/posts\/13619\/revisions"}],"predecessor-version":[{"id":13620,"href":"https:\/\/www.uartes.edu.ec\/sitio\/en\/wp-json\/wp\/v2\/posts\/13619\/revisions\/13620"}],"wp:featuredmedia":[{"embeddable":true,"href":"https:\/\/www.uartes.edu.ec\/sitio\/en\/wp-json\/wp\/v2\/media\/13608"}],"wp:attachment":[{"href":"https:\/\/www.uartes.edu.ec\/sitio\/en\/wp-json\/wp\/v2\/media?parent=13619"}],"wp:term":[{"taxonomy":"category","embeddable":true,"href":"https:\/\/www.uartes.edu.ec\/sitio\/en\/wp-json\/wp\/v2\/categories?post=13619"},{"taxonomy":"post_tag","embeddable":true,"href":"https:\/\/www.uartes.edu.ec\/sitio\/en\/wp-json\/wp\/v2\/tags?post=13619"},{"taxonomy":"infouartes","embeddable":true,"href":"https:\/\/www.uartes.edu.ec\/sitio\/en\/wp-json\/wp\/v2\/infouartes?post=13619"}],"curies":[{"name":"wp","href":"https:\/\/api.w.org\/{rel}","templated":true}]}}