{"id":1393,"date":"2018-03-23T16:20:29","date_gmt":"2018-03-23T21:20:29","guid":{"rendered":"http:\/\/www.uartes.edu.ec\/infouartes\/?p=1393"},"modified":"2024-07-04T11:53:55","modified_gmt":"2024-07-04T16:53:55","slug":"la-semana-cero-inaugura-el-primer-ciclo-academico-de-2018-en-la-uartes","status":"publish","type":"post","link":"https:\/\/www.uartes.edu.ec\/sitio\/en\/blog\/2018\/03\/23\/la-semana-cero-inaugura-el-primer-ciclo-academico-de-2018-en-la-uartes\/","title":{"rendered":"La Semana Cero inaugura el primer ciclo acad\u00e9mico de 2018 en la UArtes"},"content":{"rendered":"<p>Con sesiones de inducci\u00f3n sobre las carreras, programas y proyectos que mantiene la instituci\u00f3n, as\u00ed como con presentaciones art\u00edsticas, la Universidad de las Artes da inicio al primer ciclo acad\u00e9mico 2018 con la denominada Semana Cero, que se realiza del 2 al 5 de abril de 2018.<\/p>\n\n\n\n<p>\u201cAqu\u00ed inicia un camino de aventuras y descubrimientos en los que la percepci\u00f3n, emoci\u00f3n, memoria, lenguaje y pensamientos estar\u00e1n inmersos en procesos de ense\u00f1anzas &#8211; aprendizajes de un modelo educativo que va m\u00e1s all\u00e1 de las aulas; una sistem\u00e1tica exploraci\u00f3n de sentidos en la evoluci\u00f3n del conocimiento, actitudes y pr\u00e1cticas, en el camino a ser artistas profesionales\u201d.<\/p>\n\n\n\n<p>Se llama Semana Cero porque es el punto de partida de las 16 semanas acad\u00e9micas que comprende el semestre y que desembocar\u00e1 en la presentaci\u00f3n de los trabajos finales de los estudiantes.<\/p>\n\n\n\n<p>En este marco, el viernes 6 de abril, las unidades administrativas y acad\u00e9micas de la Universidad de las Artes mantendr\u00e1n un d\u00eda de trabajo colectivo en la tercera edici\u00f3n del D\u00eda de la Excelencia Acad\u00e9mica.<\/p>\n\n\n\n<p>Este espacio de reflexi\u00f3n se instaur\u00f3 en abril de 2017 y sirve como escenario de convivencia, encuentro, debate, intercambio y capacitaci\u00f3n entre el personal docente y administrativo, con el objeto de mejorar los procesos de gesti\u00f3n interna de la UArtes.<\/p>\n\n\n\n<p>Con estos procesos, la Universidad afianza su objetivo de convertirse en una instituci\u00f3n referente en calidad e innovaci\u00f3n educativa, con procesos internos de gesti\u00f3n \u00e1gil y de f\u00e1cil acceso, y con una comunidad universitaria comprometida con la excelencia tanto en el \u00e1mbito acad\u00e9mico como de los procesos administrativos.<\/p>\n\n\n\n<p>\u00a1La educaci\u00f3n en Artes es un derecho!<\/p>\n\n\n\n<div class=\"wp-block-image\"><figure class=\"aligncenter\"><img decoding=\"async\" src=\"http:\/\/www.uartes.edu.ec\/infouartes\/wp-content\/uploads\/2018\/03\/afiche-aF-01.jpg\" alt=\"\" class=\"wp-image-1394\" \/><\/figure><\/div>\n\n\n\n<p><em>La l\u00ednea gr\u00e1fica de Semana 0 fue creada por Roc\u00edo Soria D\u00edaz<\/em><\/p>","protected":false},"excerpt":{"rendered":"<p>Con sesiones de inducci\u00f3n sobre las carreras, programas y proyectos que mantiene la instituci\u00f3n, as\u00ed como con presentaciones art\u00edsticas, la Universidad de las Artes da inicio al primer ciclo acad\u00e9mico 2018 con la denominada Semana Cero, que se realiza del 2 al 5 de abril de 2018. \u201cAqu\u00ed inicia un camino de aventuras y descubrimientos [&hellip;]<\/p>\n","protected":false},"author":1,"featured_media":1396,"comment_status":"closed","ping_status":"closed","sticky":false,"template":"","format":"standard","meta":{"_acf_changed":false,"_uag_custom_page_level_css":"","_monsterinsights_skip_tracking":false,"_monsterinsights_sitenote_active":false,"_monsterinsights_sitenote_note":"","_monsterinsights_sitenote_category":0,"cybocfi_hide_featured_image":"","footnotes":""},"categories":[80],"tags":[],"infouartes":[],"class_list":["post-1393","post","type-post","status-publish","format-standard","has-post-thumbnail","hentry","category-academico"],"acf":[],"yoast_head":"<!-- This site is optimized with the Yoast SEO plugin v27.4 - https:\/\/yoast.com\/product\/yoast-seo-wordpress\/ -->\n<title>Universidad de las Artes - La Semana Cero inaugura el primer ciclo acad\u00e9mico de 2018 en la UArtes<\/title>\n<meta name=\"description\" content=\"Universidad de las Artes - La Semana Cero inaugura el primer ciclo acad\u00e9mico de 2018 en la UArtes\" \/>\n<meta name=\"robots\" content=\"index, follow, max-snippet:-1, max-image-preview:large, max-video-preview:-1\" \/>\n<link rel=\"canonical\" href=\"https:\/\/www.uartes.edu.ec\/sitio\/en\/blog\/2018\/03\/23\/la-semana-cero-inaugura-el-primer-ciclo-academico-de-2018-en-la-uartes\/\" \/>\n<meta property=\"og:locale\" content=\"en_US\" \/>\n<meta property=\"og:type\" content=\"article\" \/>\n<meta property=\"og:title\" content=\"Universidad de las Artes - La Semana Cero inaugura el primer ciclo acad\u00e9mico de 2018 en la UArtes\" \/>\n<meta property=\"og:description\" content=\"Universidad de las Artes - La Semana Cero inaugura el primer ciclo acad\u00e9mico de 2018 en la UArtes\" \/>\n<meta property=\"og:url\" content=\"https:\/\/www.uartes.edu.ec\/sitio\/en\/blog\/2018\/03\/23\/la-semana-cero-inaugura-el-primer-ciclo-academico-de-2018-en-la-uartes\/\" \/>\n<meta property=\"og:site_name\" content=\"Universidad de las Artes\" \/>\n<meta property=\"article:publisher\" content=\"https:\/\/www.facebook.com\/uartesec\" \/>\n<meta property=\"article:published_time\" content=\"2018-03-23T21:20:29+00:00\" \/>\n<meta property=\"article:modified_time\" content=\"2024-07-04T16:53:55+00:00\" \/>\n<meta name=\"author\" content=\"Universidad de las Artes\" \/>\n<meta name=\"twitter:card\" content=\"summary_large_image\" \/>\n<meta name=\"twitter:creator\" content=\"@uartesec\" \/>\n<meta name=\"twitter:site\" content=\"@uartesec\" \/>\n<meta name=\"twitter:label1\" content=\"Written by\" \/>\n\t<meta name=\"twitter:data1\" content=\"Universidad de las Artes\" \/>\n\t<meta name=\"twitter:label2\" content=\"Est. reading time\" \/>\n\t<meta name=\"twitter:data2\" content=\"2 minutes\" \/>\n<script type=\"application\/ld+json\" class=\"yoast-schema-graph\">{\"@context\":\"https:\\\/\\\/schema.org\",\"@graph\":[{\"@type\":\"Article\",\"@id\":\"https:\\\/\\\/www.uartes.edu.ec\\\/sitio\\\/en\\\/blog\\\/2018\\\/03\\\/23\\\/la-semana-cero-inaugura-el-primer-ciclo-academico-de-2018-en-la-uartes\\\/#article\",\"isPartOf\":{\"@id\":\"https:\\\/\\\/www.uartes.edu.ec\\\/sitio\\\/en\\\/blog\\\/2018\\\/03\\\/23\\\/la-semana-cero-inaugura-el-primer-ciclo-academico-de-2018-en-la-uartes\\\/\"},\"author\":{\"name\":\"Universidad de las Artes\",\"@id\":\"https:\\\/\\\/www.uartes.edu.ec\\\/sitio\\\/en\\\/#\\\/schema\\\/person\\\/f33f8c1d2af0d5c80a38c8abf458184a\"},\"headline\":\"La Semana Cero inaugura el primer ciclo acad\u00e9mico de 2018 en la UArtes\",\"datePublished\":\"2018-03-23T21:20:29+00:00\",\"dateModified\":\"2024-07-04T16:53:55+00:00\",\"mainEntityOfPage\":{\"@id\":\"https:\\\/\\\/www.uartes.edu.ec\\\/sitio\\\/en\\\/blog\\\/2018\\\/03\\\/23\\\/la-semana-cero-inaugura-el-primer-ciclo-academico-de-2018-en-la-uartes\\\/\"},\"wordCount\":317,\"publisher\":{\"@id\":\"https:\\\/\\\/www.uartes.edu.ec\\\/sitio\\\/en\\\/#organization\"},\"image\":{\"@id\":\"https:\\\/\\\/www.uartes.edu.ec\\\/sitio\\\/en\\\/blog\\\/2018\\\/03\\\/23\\\/la-semana-cero-inaugura-el-primer-ciclo-academico-de-2018-en-la-uartes\\\/#primaryimage\"},\"thumbnailUrl\":\"\",\"articleSection\":[\"Acad\u00e9mico\"],\"inLanguage\":\"en-US\"},{\"@type\":[\"WebPage\",\"ItemPage\"],\"@id\":\"https:\\\/\\\/www.uartes.edu.ec\\\/sitio\\\/en\\\/blog\\\/2018\\\/03\\\/23\\\/la-semana-cero-inaugura-el-primer-ciclo-academico-de-2018-en-la-uartes\\\/\",\"url\":\"https:\\\/\\\/www.uartes.edu.ec\\\/sitio\\\/en\\\/blog\\\/2018\\\/03\\\/23\\\/la-semana-cero-inaugura-el-primer-ciclo-academico-de-2018-en-la-uartes\\\/\",\"name\":\"Universidad de las Artes - La Semana Cero inaugura el primer ciclo acad\u00e9mico de 2018 en la UArtes\",\"isPartOf\":{\"@id\":\"https:\\\/\\\/www.uartes.edu.ec\\\/sitio\\\/en\\\/#website\"},\"primaryImageOfPage\":{\"@id\":\"https:\\\/\\\/www.uartes.edu.ec\\\/sitio\\\/en\\\/blog\\\/2018\\\/03\\\/23\\\/la-semana-cero-inaugura-el-primer-ciclo-academico-de-2018-en-la-uartes\\\/#primaryimage\"},\"image\":{\"@id\":\"https:\\\/\\\/www.uartes.edu.ec\\\/sitio\\\/en\\\/blog\\\/2018\\\/03\\\/23\\\/la-semana-cero-inaugura-el-primer-ciclo-academico-de-2018-en-la-uartes\\\/#primaryimage\"},\"thumbnailUrl\":\"\",\"datePublished\":\"2018-03-23T21:20:29+00:00\",\"dateModified\":\"2024-07-04T16:53:55+00:00\",\"description\":\"Universidad de las Artes - La Semana Cero inaugura el primer ciclo acad\u00e9mico de 2018 en la UArtes\",\"breadcrumb\":{\"@id\":\"https:\\\/\\\/www.uartes.edu.ec\\\/sitio\\\/en\\\/blog\\\/2018\\\/03\\\/23\\\/la-semana-cero-inaugura-el-primer-ciclo-academico-de-2018-en-la-uartes\\\/#breadcrumb\"},\"inLanguage\":\"en-US\",\"potentialAction\":[{\"@type\":\"ReadAction\",\"target\":[\"https:\\\/\\\/www.uartes.edu.ec\\\/sitio\\\/en\\\/blog\\\/2018\\\/03\\\/23\\\/la-semana-cero-inaugura-el-primer-ciclo-academico-de-2018-en-la-uartes\\\/\"]}]},{\"@type\":\"ImageObject\",\"inLanguage\":\"en-US\",\"@id\":\"https:\\\/\\\/www.uartes.edu.ec\\\/sitio\\\/en\\\/blog\\\/2018\\\/03\\\/23\\\/la-semana-cero-inaugura-el-primer-ciclo-academico-de-2018-en-la-uartes\\\/#primaryimage\",\"url\":\"\",\"contentUrl\":\"\"},{\"@type\":\"BreadcrumbList\",\"@id\":\"https:\\\/\\\/www.uartes.edu.ec\\\/sitio\\\/en\\\/blog\\\/2018\\\/03\\\/23\\\/la-semana-cero-inaugura-el-primer-ciclo-academico-de-2018-en-la-uartes\\\/#breadcrumb\",\"itemListElement\":[{\"@type\":\"ListItem\",\"position\":1,\"name\":\"Inicio\",\"item\":\"https:\\\/\\\/www.uartes.edu.ec\\\/sitio\\\/\"},{\"@type\":\"ListItem\",\"position\":2,\"name\":\"La Semana Cero inaugura el primer ciclo acad\u00e9mico de 2018 en la UArtes\"}]},{\"@type\":\"WebSite\",\"@id\":\"https:\\\/\\\/www.uartes.edu.ec\\\/sitio\\\/en\\\/#website\",\"url\":\"https:\\\/\\\/www.uartes.edu.ec\\\/sitio\\\/en\\\/\",\"name\":\"Universidad de las Artes\",\"description\":\"Sitio oficial de la Universidad Nacional de las Artes del Ecuador\",\"publisher\":{\"@id\":\"https:\\\/\\\/www.uartes.edu.ec\\\/sitio\\\/en\\\/#organization\"},\"potentialAction\":[{\"@type\":\"SearchAction\",\"target\":{\"@type\":\"EntryPoint\",\"urlTemplate\":\"https:\\\/\\\/www.uartes.edu.ec\\\/sitio\\\/en\\\/?s={search_term_string}\"},\"query-input\":{\"@type\":\"PropertyValueSpecification\",\"valueRequired\":true,\"valueName\":\"search_term_string\"}}],\"inLanguage\":\"en-US\"},{\"@type\":\"Organization\",\"@id\":\"https:\\\/\\\/www.uartes.edu.ec\\\/sitio\\\/en\\\/#organization\",\"name\":\"Universidad de las Artes\",\"url\":\"https:\\\/\\\/www.uartes.edu.ec\\\/sitio\\\/en\\\/\",\"logo\":{\"@type\":\"ImageObject\",\"inLanguage\":\"en-US\",\"@id\":\"https:\\\/\\\/www.uartes.edu.ec\\\/sitio\\\/en\\\/#\\\/schema\\\/logo\\\/image\\\/\",\"url\":\"https:\\\/\\\/www.uartes.edu.ec\\\/sitio\\\/wp-content\\\/uploads\\\/2022\\\/07\\\/logo-ua-horizontal.png\",\"contentUrl\":\"https:\\\/\\\/www.uartes.edu.ec\\\/sitio\\\/wp-content\\\/uploads\\\/2022\\\/07\\\/logo-ua-horizontal.png\",\"width\":800,\"height\":276,\"caption\":\"Universidad de las Artes\"},\"image\":{\"@id\":\"https:\\\/\\\/www.uartes.edu.ec\\\/sitio\\\/en\\\/#\\\/schema\\\/logo\\\/image\\\/\"},\"sameAs\":[\"https:\\\/\\\/www.facebook.com\\\/uartesec\",\"https:\\\/\\\/x.com\\\/uartesec\",\"https:\\\/\\\/www.tiktok.com\\\/@uartesec\"]},{\"@type\":\"Person\",\"@id\":\"https:\\\/\\\/www.uartes.edu.ec\\\/sitio\\\/en\\\/#\\\/schema\\\/person\\\/f33f8c1d2af0d5c80a38c8abf458184a\",\"name\":\"Universidad de las Artes\",\"image\":{\"@type\":\"ImageObject\",\"inLanguage\":\"en-US\",\"@id\":\"https:\\\/\\\/secure.gravatar.com\\\/avatar\\\/52e4757902f5cfa5ac52d020e5be83cae5487519154b6c35482fe08d589f3c13?s=96&d=mm&r=g\",\"url\":\"https:\\\/\\\/secure.gravatar.com\\\/avatar\\\/52e4757902f5cfa5ac52d020e5be83cae5487519154b6c35482fe08d589f3c13?s=96&d=mm&r=g\",\"contentUrl\":\"https:\\\/\\\/secure.gravatar.com\\\/avatar\\\/52e4757902f5cfa5ac52d020e5be83cae5487519154b6c35482fe08d589f3c13?s=96&d=mm&r=g\",\"caption\":\"Universidad de las Artes\"},\"url\":\"https:\\\/\\\/www.uartes.edu.ec\\\/sitio\\\/en\\\/blog\\\/author\\\/dircomadm\\\/\"}]}<\/script>\n<!-- \/ Yoast SEO plugin. -->","yoast_head_json":{"title":"Universidad de las Artes - La Semana Cero inaugura el primer ciclo acad\u00e9mico de 2018 en la UArtes","description":"Universidad de las Artes - La Semana Cero inaugura el primer ciclo acad\u00e9mico de 2018 en la UArtes","robots":{"index":"index","follow":"follow","max-snippet":"max-snippet:-1","max-image-preview":"max-image-preview:large","max-video-preview":"max-video-preview:-1"},"canonical":"https:\/\/www.uartes.edu.ec\/sitio\/en\/blog\/2018\/03\/23\/la-semana-cero-inaugura-el-primer-ciclo-academico-de-2018-en-la-uartes\/","og_locale":"en_US","og_type":"article","og_title":"Universidad de las Artes - La Semana Cero inaugura el primer ciclo acad\u00e9mico de 2018 en la UArtes","og_description":"Universidad de las Artes - La Semana Cero inaugura el primer ciclo acad\u00e9mico de 2018 en la UArtes","og_url":"https:\/\/www.uartes.edu.ec\/sitio\/en\/blog\/2018\/03\/23\/la-semana-cero-inaugura-el-primer-ciclo-academico-de-2018-en-la-uartes\/","og_site_name":"Universidad de las Artes","article_publisher":"https:\/\/www.facebook.com\/uartesec","article_published_time":"2018-03-23T21:20:29+00:00","article_modified_time":"2024-07-04T16:53:55+00:00","author":"Universidad de las Artes","twitter_card":"summary_large_image","twitter_creator":"@uartesec","twitter_site":"@uartesec","twitter_misc":{"Written by":"Universidad de las Artes","Est. reading time":"2 minutes"},"schema":{"@context":"https:\/\/schema.org","@graph":[{"@type":"Article","@id":"https:\/\/www.uartes.edu.ec\/sitio\/en\/blog\/2018\/03\/23\/la-semana-cero-inaugura-el-primer-ciclo-academico-de-2018-en-la-uartes\/#article","isPartOf":{"@id":"https:\/\/www.uartes.edu.ec\/sitio\/en\/blog\/2018\/03\/23\/la-semana-cero-inaugura-el-primer-ciclo-academico-de-2018-en-la-uartes\/"},"author":{"name":"Universidad de las Artes","@id":"https:\/\/www.uartes.edu.ec\/sitio\/en\/#\/schema\/person\/f33f8c1d2af0d5c80a38c8abf458184a"},"headline":"La Semana Cero inaugura el primer ciclo acad\u00e9mico de 2018 en la UArtes","datePublished":"2018-03-23T21:20:29+00:00","dateModified":"2024-07-04T16:53:55+00:00","mainEntityOfPage":{"@id":"https:\/\/www.uartes.edu.ec\/sitio\/en\/blog\/2018\/03\/23\/la-semana-cero-inaugura-el-primer-ciclo-academico-de-2018-en-la-uartes\/"},"wordCount":317,"publisher":{"@id":"https:\/\/www.uartes.edu.ec\/sitio\/en\/#organization"},"image":{"@id":"https:\/\/www.uartes.edu.ec\/sitio\/en\/blog\/2018\/03\/23\/la-semana-cero-inaugura-el-primer-ciclo-academico-de-2018-en-la-uartes\/#primaryimage"},"thumbnailUrl":"","articleSection":["Acad\u00e9mico"],"inLanguage":"en-US"},{"@type":["WebPage","ItemPage"],"@id":"https:\/\/www.uartes.edu.ec\/sitio\/en\/blog\/2018\/03\/23\/la-semana-cero-inaugura-el-primer-ciclo-academico-de-2018-en-la-uartes\/","url":"https:\/\/www.uartes.edu.ec\/sitio\/en\/blog\/2018\/03\/23\/la-semana-cero-inaugura-el-primer-ciclo-academico-de-2018-en-la-uartes\/","name":"Universidad de las Artes - La Semana Cero inaugura el primer ciclo acad\u00e9mico de 2018 en la UArtes","isPartOf":{"@id":"https:\/\/www.uartes.edu.ec\/sitio\/en\/#website"},"primaryImageOfPage":{"@id":"https:\/\/www.uartes.edu.ec\/sitio\/en\/blog\/2018\/03\/23\/la-semana-cero-inaugura-el-primer-ciclo-academico-de-2018-en-la-uartes\/#primaryimage"},"image":{"@id":"https:\/\/www.uartes.edu.ec\/sitio\/en\/blog\/2018\/03\/23\/la-semana-cero-inaugura-el-primer-ciclo-academico-de-2018-en-la-uartes\/#primaryimage"},"thumbnailUrl":"","datePublished":"2018-03-23T21:20:29+00:00","dateModified":"2024-07-04T16:53:55+00:00","description":"Universidad de las Artes - La Semana Cero inaugura el primer ciclo acad\u00e9mico de 2018 en la UArtes","breadcrumb":{"@id":"https:\/\/www.uartes.edu.ec\/sitio\/en\/blog\/2018\/03\/23\/la-semana-cero-inaugura-el-primer-ciclo-academico-de-2018-en-la-uartes\/#breadcrumb"},"inLanguage":"en-US","potentialAction":[{"@type":"ReadAction","target":["https:\/\/www.uartes.edu.ec\/sitio\/en\/blog\/2018\/03\/23\/la-semana-cero-inaugura-el-primer-ciclo-academico-de-2018-en-la-uartes\/"]}]},{"@type":"ImageObject","inLanguage":"en-US","@id":"https:\/\/www.uartes.edu.ec\/sitio\/en\/blog\/2018\/03\/23\/la-semana-cero-inaugura-el-primer-ciclo-academico-de-2018-en-la-uartes\/#primaryimage","url":"","contentUrl":""},{"@type":"BreadcrumbList","@id":"https:\/\/www.uartes.edu.ec\/sitio\/en\/blog\/2018\/03\/23\/la-semana-cero-inaugura-el-primer-ciclo-academico-de-2018-en-la-uartes\/#breadcrumb","itemListElement":[{"@type":"ListItem","position":1,"name":"Inicio","item":"https:\/\/www.uartes.edu.ec\/sitio\/"},{"@type":"ListItem","position":2,"name":"La Semana Cero inaugura el primer ciclo acad\u00e9mico de 2018 en la UArtes"}]},{"@type":"WebSite","@id":"https:\/\/www.uartes.edu.ec\/sitio\/en\/#website","url":"https:\/\/www.uartes.edu.ec\/sitio\/en\/","name":"Universidad de las Artes","description":"Sitio oficial de la Universidad Nacional de las Artes del Ecuador","publisher":{"@id":"https:\/\/www.uartes.edu.ec\/sitio\/en\/#organization"},"potentialAction":[{"@type":"SearchAction","target":{"@type":"EntryPoint","urlTemplate":"https:\/\/www.uartes.edu.ec\/sitio\/en\/?s={search_term_string}"},"query-input":{"@type":"PropertyValueSpecification","valueRequired":true,"valueName":"search_term_string"}}],"inLanguage":"en-US"},{"@type":"Organization","@id":"https:\/\/www.uartes.edu.ec\/sitio\/en\/#organization","name":"Universidad de las Artes","url":"https:\/\/www.uartes.edu.ec\/sitio\/en\/","logo":{"@type":"ImageObject","inLanguage":"en-US","@id":"https:\/\/www.uartes.edu.ec\/sitio\/en\/#\/schema\/logo\/image\/","url":"https:\/\/www.uartes.edu.ec\/sitio\/wp-content\/uploads\/2022\/07\/logo-ua-horizontal.png","contentUrl":"https:\/\/www.uartes.edu.ec\/sitio\/wp-content\/uploads\/2022\/07\/logo-ua-horizontal.png","width":800,"height":276,"caption":"Universidad de las Artes"},"image":{"@id":"https:\/\/www.uartes.edu.ec\/sitio\/en\/#\/schema\/logo\/image\/"},"sameAs":["https:\/\/www.facebook.com\/uartesec","https:\/\/x.com\/uartesec","https:\/\/www.tiktok.com\/@uartesec"]},{"@type":"Person","@id":"https:\/\/www.uartes.edu.ec\/sitio\/en\/#\/schema\/person\/f33f8c1d2af0d5c80a38c8abf458184a","name":"Universidad de las Artes","image":{"@type":"ImageObject","inLanguage":"en-US","@id":"https:\/\/secure.gravatar.com\/avatar\/52e4757902f5cfa5ac52d020e5be83cae5487519154b6c35482fe08d589f3c13?s=96&d=mm&r=g","url":"https:\/\/secure.gravatar.com\/avatar\/52e4757902f5cfa5ac52d020e5be83cae5487519154b6c35482fe08d589f3c13?s=96&d=mm&r=g","contentUrl":"https:\/\/secure.gravatar.com\/avatar\/52e4757902f5cfa5ac52d020e5be83cae5487519154b6c35482fe08d589f3c13?s=96&d=mm&r=g","caption":"Universidad de las Artes"},"url":"https:\/\/www.uartes.edu.ec\/sitio\/en\/blog\/author\/dircomadm\/"}]}},"uagb_featured_image_src":{"full":false,"thumbnail":false,"medium":false,"medium_large":false,"large":false,"1536x1536":false,"2048x2048":false,"trp-custom-language-flag":false,"htmega_size_585x295":false,"htmega_size_1170x536":false,"htmega_size_396x360":false,"gb-block-post-grid-landscape":false,"gb-block-post-grid-square":false,"university-hub-thumb":false},"uagb_author_info":{"display_name":"Universidad de las Artes","author_link":"https:\/\/www.uartes.edu.ec\/sitio\/en\/blog\/author\/dircomadm\/"},"uagb_comment_info":0,"uagb_excerpt":"Con sesiones de inducci\u00f3n sobre las carreras, programas y proyectos que mantiene la instituci\u00f3n, as\u00ed como con presentaciones art\u00edsticas, la Universidad de las Artes da inicio al primer ciclo acad\u00e9mico 2018 con la denominada Semana Cero, que se realiza del 2 al 5 de abril de 2018. \u201cAqu\u00ed inicia un camino de aventuras y descubrimientos&hellip;","featured_image_src":null,"featured_image_src_square":null,"author_info":{"display_name":"Universidad de las Artes","author_link":"https:\/\/www.uartes.edu.ec\/sitio\/en\/blog\/author\/dircomadm\/"},"publishpress_future_workflow_manual_trigger":{"enabledWorkflows":[]},"distributor_meta":false,"distributor_terms":false,"distributor_media":false,"distributor_original_site_name":"Universidad de las Artes","distributor_original_site_url":"https:\/\/www.uartes.edu.ec\/sitio\/en","push-errors":false,"_links":{"self":[{"href":"https:\/\/www.uartes.edu.ec\/sitio\/en\/wp-json\/wp\/v2\/posts\/1393","targetHints":{"allow":["GET"]}}],"collection":[{"href":"https:\/\/www.uartes.edu.ec\/sitio\/en\/wp-json\/wp\/v2\/posts"}],"about":[{"href":"https:\/\/www.uartes.edu.ec\/sitio\/en\/wp-json\/wp\/v2\/types\/post"}],"author":[{"embeddable":true,"href":"https:\/\/www.uartes.edu.ec\/sitio\/en\/wp-json\/wp\/v2\/users\/1"}],"replies":[{"embeddable":true,"href":"https:\/\/www.uartes.edu.ec\/sitio\/en\/wp-json\/wp\/v2\/comments?post=1393"}],"version-history":[{"count":3,"href":"https:\/\/www.uartes.edu.ec\/sitio\/en\/wp-json\/wp\/v2\/posts\/1393\/revisions"}],"predecessor-version":[{"id":57867,"href":"https:\/\/www.uartes.edu.ec\/sitio\/en\/wp-json\/wp\/v2\/posts\/1393\/revisions\/57867"}],"wp:featuredmedia":[{"embeddable":true,"href":"https:\/\/www.uartes.edu.ec\/sitio\/en\/wp-json\/"}],"wp:attachment":[{"href":"https:\/\/www.uartes.edu.ec\/sitio\/en\/wp-json\/wp\/v2\/media?parent=1393"}],"wp:term":[{"taxonomy":"category","embeddable":true,"href":"https:\/\/www.uartes.edu.ec\/sitio\/en\/wp-json\/wp\/v2\/categories?post=1393"},{"taxonomy":"post_tag","embeddable":true,"href":"https:\/\/www.uartes.edu.ec\/sitio\/en\/wp-json\/wp\/v2\/tags?post=1393"},{"taxonomy":"infouartes","embeddable":true,"href":"https:\/\/www.uartes.edu.ec\/sitio\/en\/wp-json\/wp\/v2\/infouartes?post=1393"}],"curies":[{"name":"wp","href":"https:\/\/api.w.org\/{rel}","templated":true}]}}