{"id":13945,"date":"2021-05-26T04:55:00","date_gmt":"2021-05-26T09:55:00","guid":{"rendered":"http:\/\/www.uartes.edu.ec\/sitio\/?p=13945"},"modified":"2024-07-04T11:27:12","modified_gmt":"2024-07-04T16:27:12","slug":"mascaragrafias-un-taller-que-se-inserta-en-la-propuesta-del-proyecto-umbrales","status":"publish","type":"post","link":"https:\/\/www.uartes.edu.ec\/sitio\/en\/blog\/2021\/05\/26\/mascaragrafias-un-taller-que-se-inserta-en-la-propuesta-del-proyecto-umbrales\/","title":{"rendered":"Mascaragraf\u00edas, un taller que se inserta en la propuesta del Proyecto Umbrales"},"content":{"rendered":"\n<p>El contacto con Gustavo Mart\u00edn Ar\u00e9balo, de la Escuela de Artes Esc\u00e9nicas de la Universidad de las Artes, se dio por iniciativa de Mariuxi \u00c1vila, especialista en seguimiento de proyectos de la Direcci\u00f3n de Vinculaci\u00f3n con la Sociedad, justamente por el desarrollo que el estudiante hizo de un taller de m\u00e1scaras, propiciado en tiempos de pandemia y marcado por la emergencia sanitaria registrada en el pa\u00eds.<\/p>\n\n\n\n<p>Las participantes fueron una ni\u00f1a y su madre, ambas venezolanas, establecidas en Quito. La labor de vincularlas con el universo de las m\u00e1scaras se dio a trav\u00e9s de un m\u00e9todo de investigaci\u00f3n art\u00edstico aprendido en la materia Laboratorio Interdisciplinar. Durante el proceso se realizaron bocetos preliminares mediante collage, dibujo y mitos de referencia, a fin de proporcionar herramientas de composici\u00f3n para el trazo de las proyecciones imaginarias.<\/p>\n\n\n\n<p>Acerca de las razones y fundamentaci\u00f3n del taller, es el estudiante quien en una relator\u00eda \u2013que estar\u00e1 al final de este texto\u2013 da detalles de su propuesta, la cual se inserta en el Proyecto Umbrales, mismo que plantea diferentes acciones sensibles en tiempos de emergencia sanitaria mediante la creaci\u00f3n y circulaci\u00f3n de pr\u00e1cticas art\u00edsticas y saberes diversos, como los talleres art\u00edsticos en entornos virtuales.<\/p>\n\n\n\n<p>Respondiendo a inquietudes de InfoUArtes, Gustavo Ar\u00e9balo indica: \u201cEl taller de m\u00e1scaras surge a partir de mi necesidad de completar las horas de PPP (servicio comunitario) y del hecho de que donde vivo \u2013La Casa Catapulta\u2013 tambi\u00e9n vive una ni\u00f1a de 9 a\u00f1os, quien, por razones t\u00e9cnicas y tecnol\u00f3gicas, no est\u00e1 asistiendo a la escuela. Me pareci\u00f3 oportuno ofrecerle tanto a ella como a la mam\u00e1 un espacio de formaci\u00f3n, ya que las casas culturales y centros comunitarios de la ciudad de Quito tambi\u00e9n pueden comprenderse como espacios de producci\u00f3n de conocimientos y transmisi\u00f3n de saberes. En este caso, se trat\u00f3 de una transmisi\u00f3n y, desde luego, de una implementaci\u00f3n de lo aprendido a lo largo de la carrera, soy estudiante de noveno nivel de Creaci\u00f3n Teatral\u201d.<\/p>\n\n\n\n<p>Agrega que en artes \u201cel impulso, el inter\u00e9s, operan como orientadores del tema. Y este, a su vez, permite el asentamiento del motivo. Es decir, ubica la investigaci\u00f3n, la transmisi\u00f3n del saber, las actividades, etc. En este caso, el taller de m\u00e1scaras consisti\u00f3 en ofrecer un espacio de encuentro como estrategia de resistencia al estado actual de pandemia y, a la vez, como tentativa t\u00e9cnica de apertura en la medida en que a trav\u00e9s de una dimensi\u00f3n l\u00fadica e imaginativa pudimos navegar y visitar ecolog\u00edas complejas, como el oc\u00e9ano y la literatura. Pues, las m\u00e1scaras que resultaron del proceso representan a personajes imaginados de las profundidades oce\u00e1nicas, y un zorro llamado Rap\u00f4so. Retomado por el poeta y escritor brasile\u00f1o Paulo Mendes Campos\u201d.<\/p>\n\n\n\n<p>Gustavo Ar\u00e9balo anota que se propuso promover la conformaci\u00f3n de un espacio de interaprendizaje para fortalecer y complejizar v\u00ednculos socio-afectivos a trav\u00e9s de pr\u00e1cticas y metodolog\u00edas provenientes de las artes, y vincular a las participantes con el universo de las m\u00e1scaras teniendo en cuenta sus posibilidades de uso y aplicaci\u00f3n; propiciar herramientas de composici\u00f3n para el trazo preliminar de bocetos y proyecciones imaginarias; y, por \u00faltimo, crear las m\u00e1scaras a trav\u00e9s de la realizaci\u00f3n de moldes en yeso y carta-pesta.<\/p>\n\n\n\n<p>\u201cLa composici\u00f3n del espacio sem\u00e1ntico, es decir, de la materialidad requerida, las t\u00e9cnicas, el lenguaje, etc., fue la instancia en la que mayor proximidad con los motivos pudimos establecer. Y en ese sentido, qued\u00e9 asombrado por los cuestionamientos que puede producir una ni\u00f1a de 9 a\u00f1os. Fue una experiencia emocionante\u201d.<\/p>\n\n\n\n<p>El estudiante expresa su agradecimiento a Mar\u00eda Jos\u00e9 Icaza, directora del Departamento de Vinculaci\u00f3n con la Comunidad, y a Mariuxi \u00c1vila, quien es parte de la unidad y responsable del Proyecto Umbrales, por la oportunidad de realizar el taller y la experiencia obtenida. Tambi\u00e9n se siente agradecido con Gabriela, por sus cualidades imaginativas, buen humor y empat\u00eda.&nbsp;<\/p>\n\n\n\n<div class=\"wp-block-image\"><figure class=\"aligncenter size-full\"><img fetchpriority=\"high\" decoding=\"async\" width=\"1015\" height=\"677\" src=\"http:\/\/www.uartes.edu.ec\/sitio\/wp-content\/uploads\/2021\/05\/Mascaragrafia-2.jpg\" alt=\"\" class=\"wp-image-13951\" srcset=\"https:\/\/www.uartes.edu.ec\/sitio\/wp-content\/uploads\/2021\/05\/Mascaragrafia-2.jpg 1015w, https:\/\/www.uartes.edu.ec\/sitio\/wp-content\/uploads\/2021\/05\/Mascaragrafia-2-300x200.jpg 300w, https:\/\/www.uartes.edu.ec\/sitio\/wp-content\/uploads\/2021\/05\/Mascaragrafia-2-644x430.jpg 644w, https:\/\/www.uartes.edu.ec\/sitio\/wp-content\/uploads\/2021\/05\/Mascaragrafia-2-768x512.jpg 768w, https:\/\/www.uartes.edu.ec\/sitio\/wp-content\/uploads\/2021\/05\/Mascaragrafia-2-600x400.jpg 600w, https:\/\/www.uartes.edu.ec\/sitio\/wp-content\/uploads\/2021\/05\/Mascaragrafia-2-400x267.jpg 400w, https:\/\/www.uartes.edu.ec\/sitio\/wp-content\/uploads\/2021\/05\/Mascaragrafia-2-272x182.jpg 272w\" sizes=\"(max-width: 1015px) 100vw, 1015px\" \/><\/figure><\/div>\n\n\n\n<h3 class=\"wp-block-heading\"><strong>\u201cM\u00e1scaras, peixes y zorros\u201d, relator\u00eda de Gustavo Mart\u00edn Ar\u00e9balo<\/strong><\/h3>\n\n\n\n<p>El advenimiento de la pandemia por el SARS-CoV-2 y la enfermedad Covid-19 que este provoca dio lugar a lo que las ciencias sociales clasifican de \u201cecho social total\u201d, es decir, un evento que sobrepasa los l\u00edmites de una crisis sanitaria y afecta directamente el tejido social en su conjunto hasta alterar todos los modos cotidianos de comportamiento. Con este plano de fondo, la necesidad de reflexiones ulteriores ha devenido una causa urgente y, a su vez, un motor para ejercer el pensamiento y el parto creativo desde la incertidumbre. El arte y los procesos culturales que de \u00e9l derivan tienen por ello ahora otra oportunidad para expresarse desde esa coyuntura y, en efecto, hacer sentir una vez m\u00e1s el s\u00edntoma de que estamos vivos, pero en peligro.<\/p>\n\n\n\n<p>Es urgente hacer focalizaciones precisas que posibiliten apuntalar la vida en otra l\u00f3gica; el arte, como medio expresivo de la creatividad humana constituye una base f\u00e9rtil para este prop\u00f3sito, y al mismo tiempo, propicia un espacio id\u00f3neo para el cultivo de responso-habilidades [1], es decir, el cultivo de unas capacidades de respuesta mutua: una reacci\u00f3n en colectivo que permita reconstruir complejos ecol\u00f3gicos y mantener una comunidad biol\u00f3gica menos agresiva con la vida. En este sentido, el Proyecto Umbrales: acciones en emergencia sanitaria, a trav\u00e9s de los procesos vitales que conjuga, puede ser pensado como una propuesta en sinton\u00eda con las urgencias actuales.<\/p>\n\n\n\n<p>Durante el mes de marzo de 2021, Umbrales\u2026 sirvi\u00f3 de cantero para el florecimiento de relaciones afectivas entre Gabriela, una ni\u00f1a de 9 a\u00f1os, la maravillosa profundidad de los azules del oc\u00e9ano que nunca ha visto, pero imagina, y un personaje de literatura brasile\u00f1a infanto-juvenil llamado Dom rap\u00f4so, a quien solo conoce por la tapa del libro que cay\u00f3 en sus manos de casualidad. Mi papel, por otra parte, consisti\u00f3 en ayudar a establecer la conexi\u00f3n entre Gabriela y estos dos universos, a trav\u00e9s de un m\u00e9todo de investigaci\u00f3n en artes que aprend\u00ed en la materia de Laboratorio interdisciplinario.<\/p>\n\n\n\n<p>La implementaci\u00f3n del m\u00e9todo conocido como Objeto de Frontera no pudo llevarse a cabo del mismo modo que en las clases dadas por el profesor Pedro Cagigal, sin embargo, s\u00ed pudo adaptarse a las necesidades de la ni\u00f1a. El objeto elegido para el taller fue la m\u00e1scara.<\/p>\n\n\n\n<p>Todas las referencias perspectivas que acumulamos durante el proceso de abordaje del objeto nos ayudaron a construir juntes una red de sentidos y asociaciones que desembocaron en la elaboraci\u00f3n de bocetos preliminares, y posteriormente, en la materializaci\u00f3n de dos m\u00e1scaras que representan de un modo figurativo especies de la fauna acu\u00e1tica y terrestre. La habilidad de conjugarse, de establecer relaciones de proximidad se jug\u00f3 en un espacio de trabajo eco-po\u00e9tico concreto, cargado de intensi\u00f3n y simbolismo.<\/p>\n\n\n\n<p>Personalmente, siento que la promoci\u00f3n y conformaci\u00f3n de espacios de interaprendizaje en el que se emplea m\u00e9todos y t\u00e9cnicas provenientes de las artes son fundamentales para fortalecer y complejizar los v\u00ednculos no solo a nivel socio-cultural, sino tambi\u00e9n socio-natural.<\/p>\n\n\n\n<p>[1]&nbsp;Para la bi\u00f3loga y fil\u00f3sofa estadounidense Donna Haraway, la idea de una responsabilidad individual no contempla el colectivo. Por lo tanto, la propuesta de su conjunci\u00f3n conceptual pasa por el orden de lo colectivo.<\/p>\n","protected":false},"excerpt":{"rendered":"<p>El contacto con Gustavo Mart\u00edn Ar\u00e9balo, de la Escuela de Artes Esc\u00e9nicas de la Universidad de las Artes, se dio por iniciativa de Mariuxi \u00c1vila, especialista en seguimiento de proyectos de la Direcci\u00f3n de Vinculaci\u00f3n con la Sociedad, justamente por el desarrollo que el estudiante hizo de un taller de m\u00e1scaras, propiciado en tiempos de pandemia y marcado por la emergencia sanitaria registrada en el pa\u00eds.<\/p>","protected":false},"author":10,"featured_media":13950,"comment_status":"open","ping_status":"open","sticky":false,"template":"","format":"standard","meta":{"_acf_changed":false,"_uag_custom_page_level_css":"","_monsterinsights_skip_tracking":false,"_monsterinsights_sitenote_active":false,"_monsterinsights_sitenote_note":"","_monsterinsights_sitenote_category":0,"cybocfi_hide_featured_image":"","footnotes":""},"categories":[159,76,79],"tags":[],"infouartes":[],"class_list":["post-13945","post","type-post","status-publish","format-standard","has-post-thumbnail","hentry","category-artes-escenicas","category-estudiantes","category-vinculo"],"acf":[],"yoast_head":"<!-- This site is optimized with the Yoast SEO plugin v27.4 - https:\/\/yoast.com\/product\/yoast-seo-wordpress\/ -->\n<title>Universidad de las Artes - Mascaragraf\u00edas, un taller que se inserta en la propuesta del Proyecto Umbrales<\/title>\n<meta name=\"description\" content=\"Universidad de las Artes - Mascaragraf\u00edas, un taller que se inserta en la propuesta del Proyecto Umbrales\" \/>\n<meta name=\"robots\" content=\"index, follow, max-snippet:-1, max-image-preview:large, max-video-preview:-1\" \/>\n<link rel=\"canonical\" href=\"https:\/\/www.uartes.edu.ec\/sitio\/en\/blog\/2021\/05\/26\/mascaragrafias-un-taller-que-se-inserta-en-la-propuesta-del-proyecto-umbrales\/\" \/>\n<meta property=\"og:locale\" content=\"en_US\" \/>\n<meta property=\"og:type\" content=\"article\" \/>\n<meta property=\"og:title\" content=\"Universidad de las Artes - Mascaragraf\u00edas, un taller que se inserta en la propuesta del Proyecto Umbrales\" \/>\n<meta property=\"og:description\" content=\"Universidad de las Artes - Mascaragraf\u00edas, un taller que se inserta en la propuesta del Proyecto Umbrales\" \/>\n<meta property=\"og:url\" content=\"https:\/\/www.uartes.edu.ec\/sitio\/en\/blog\/2021\/05\/26\/mascaragrafias-un-taller-que-se-inserta-en-la-propuesta-del-proyecto-umbrales\/\" \/>\n<meta property=\"og:site_name\" content=\"Universidad de las Artes\" \/>\n<meta property=\"article:publisher\" content=\"https:\/\/www.facebook.com\/uartesec\" \/>\n<meta property=\"article:published_time\" content=\"2021-05-26T09:55:00+00:00\" \/>\n<meta property=\"article:modified_time\" content=\"2024-07-04T16:27:12+00:00\" \/>\n<meta property=\"og:image\" content=\"https:\/\/www.uartes.edu.ec\/sitio\/wp-content\/uploads\/2021\/05\/Mascaragrafia-1-.jpg\" \/>\n\t<meta property=\"og:image:width\" content=\"1015\" \/>\n\t<meta property=\"og:image:height\" content=\"677\" \/>\n\t<meta property=\"og:image:type\" content=\"image\/jpeg\" \/>\n<meta name=\"author\" content=\"ccortez\" \/>\n<meta name=\"twitter:card\" content=\"summary_large_image\" \/>\n<meta name=\"twitter:creator\" content=\"@uartesec\" \/>\n<meta name=\"twitter:site\" content=\"@uartesec\" \/>\n<meta name=\"twitter:label1\" content=\"Written by\" \/>\n\t<meta name=\"twitter:data1\" content=\"ccortez\" \/>\n\t<meta name=\"twitter:label2\" content=\"Est. reading time\" \/>\n\t<meta name=\"twitter:data2\" content=\"6 minutes\" \/>\n<script type=\"application\/ld+json\" class=\"yoast-schema-graph\">{\"@context\":\"https:\\\/\\\/schema.org\",\"@graph\":[{\"@type\":\"Article\",\"@id\":\"https:\\\/\\\/www.uartes.edu.ec\\\/sitio\\\/en\\\/blog\\\/2021\\\/05\\\/26\\\/mascaragrafias-un-taller-que-se-inserta-en-la-propuesta-del-proyecto-umbrales\\\/#article\",\"isPartOf\":{\"@id\":\"https:\\\/\\\/www.uartes.edu.ec\\\/sitio\\\/en\\\/blog\\\/2021\\\/05\\\/26\\\/mascaragrafias-un-taller-que-se-inserta-en-la-propuesta-del-proyecto-umbrales\\\/\"},\"author\":{\"name\":\"ccortez\",\"@id\":\"https:\\\/\\\/www.uartes.edu.ec\\\/sitio\\\/en\\\/#\\\/schema\\\/person\\\/efa1b8275797664fd7f13a79ccc0b1f4\"},\"headline\":\"Mascaragraf\u00edas, un taller que se inserta en la propuesta del Proyecto Umbrales\",\"datePublished\":\"2021-05-26T09:55:00+00:00\",\"dateModified\":\"2024-07-04T16:27:12+00:00\",\"mainEntityOfPage\":{\"@id\":\"https:\\\/\\\/www.uartes.edu.ec\\\/sitio\\\/en\\\/blog\\\/2021\\\/05\\\/26\\\/mascaragrafias-un-taller-que-se-inserta-en-la-propuesta-del-proyecto-umbrales\\\/\"},\"wordCount\":1290,\"commentCount\":0,\"publisher\":{\"@id\":\"https:\\\/\\\/www.uartes.edu.ec\\\/sitio\\\/en\\\/#organization\"},\"image\":{\"@id\":\"https:\\\/\\\/www.uartes.edu.ec\\\/sitio\\\/en\\\/blog\\\/2021\\\/05\\\/26\\\/mascaragrafias-un-taller-que-se-inserta-en-la-propuesta-del-proyecto-umbrales\\\/#primaryimage\"},\"thumbnailUrl\":\"https:\\\/\\\/www.uartes.edu.ec\\\/sitio\\\/wp-content\\\/uploads\\\/2021\\\/05\\\/Mascaragrafia-1-.jpg\",\"articleSection\":[\"Artes Esc\u00e9nicas\",\"Estudiantes\",\"V\u00ednculo\"],\"inLanguage\":\"en-US\",\"potentialAction\":[{\"@type\":\"CommentAction\",\"name\":\"Comment\",\"target\":[\"https:\\\/\\\/www.uartes.edu.ec\\\/sitio\\\/en\\\/blog\\\/2021\\\/05\\\/26\\\/mascaragrafias-un-taller-que-se-inserta-en-la-propuesta-del-proyecto-umbrales\\\/#respond\"]}]},{\"@type\":[\"WebPage\",\"ItemPage\"],\"@id\":\"https:\\\/\\\/www.uartes.edu.ec\\\/sitio\\\/en\\\/blog\\\/2021\\\/05\\\/26\\\/mascaragrafias-un-taller-que-se-inserta-en-la-propuesta-del-proyecto-umbrales\\\/\",\"url\":\"https:\\\/\\\/www.uartes.edu.ec\\\/sitio\\\/en\\\/blog\\\/2021\\\/05\\\/26\\\/mascaragrafias-un-taller-que-se-inserta-en-la-propuesta-del-proyecto-umbrales\\\/\",\"name\":\"Universidad de las Artes - Mascaragraf\u00edas, un taller que se inserta en la propuesta del Proyecto Umbrales\",\"isPartOf\":{\"@id\":\"https:\\\/\\\/www.uartes.edu.ec\\\/sitio\\\/en\\\/#website\"},\"primaryImageOfPage\":{\"@id\":\"https:\\\/\\\/www.uartes.edu.ec\\\/sitio\\\/en\\\/blog\\\/2021\\\/05\\\/26\\\/mascaragrafias-un-taller-que-se-inserta-en-la-propuesta-del-proyecto-umbrales\\\/#primaryimage\"},\"image\":{\"@id\":\"https:\\\/\\\/www.uartes.edu.ec\\\/sitio\\\/en\\\/blog\\\/2021\\\/05\\\/26\\\/mascaragrafias-un-taller-que-se-inserta-en-la-propuesta-del-proyecto-umbrales\\\/#primaryimage\"},\"thumbnailUrl\":\"https:\\\/\\\/www.uartes.edu.ec\\\/sitio\\\/wp-content\\\/uploads\\\/2021\\\/05\\\/Mascaragrafia-1-.jpg\",\"datePublished\":\"2021-05-26T09:55:00+00:00\",\"dateModified\":\"2024-07-04T16:27:12+00:00\",\"description\":\"Universidad de las Artes - Mascaragraf\u00edas, un taller que se inserta en la propuesta del Proyecto Umbrales\",\"breadcrumb\":{\"@id\":\"https:\\\/\\\/www.uartes.edu.ec\\\/sitio\\\/en\\\/blog\\\/2021\\\/05\\\/26\\\/mascaragrafias-un-taller-que-se-inserta-en-la-propuesta-del-proyecto-umbrales\\\/#breadcrumb\"},\"inLanguage\":\"en-US\",\"potentialAction\":[{\"@type\":\"ReadAction\",\"target\":[\"https:\\\/\\\/www.uartes.edu.ec\\\/sitio\\\/en\\\/blog\\\/2021\\\/05\\\/26\\\/mascaragrafias-un-taller-que-se-inserta-en-la-propuesta-del-proyecto-umbrales\\\/\"]}]},{\"@type\":\"ImageObject\",\"inLanguage\":\"en-US\",\"@id\":\"https:\\\/\\\/www.uartes.edu.ec\\\/sitio\\\/en\\\/blog\\\/2021\\\/05\\\/26\\\/mascaragrafias-un-taller-que-se-inserta-en-la-propuesta-del-proyecto-umbrales\\\/#primaryimage\",\"url\":\"https:\\\/\\\/www.uartes.edu.ec\\\/sitio\\\/wp-content\\\/uploads\\\/2021\\\/05\\\/Mascaragrafia-1-.jpg\",\"contentUrl\":\"https:\\\/\\\/www.uartes.edu.ec\\\/sitio\\\/wp-content\\\/uploads\\\/2021\\\/05\\\/Mascaragrafia-1-.jpg\",\"width\":1015,\"height\":677},{\"@type\":\"BreadcrumbList\",\"@id\":\"https:\\\/\\\/www.uartes.edu.ec\\\/sitio\\\/en\\\/blog\\\/2021\\\/05\\\/26\\\/mascaragrafias-un-taller-que-se-inserta-en-la-propuesta-del-proyecto-umbrales\\\/#breadcrumb\",\"itemListElement\":[{\"@type\":\"ListItem\",\"position\":1,\"name\":\"Inicio\",\"item\":\"https:\\\/\\\/www.uartes.edu.ec\\\/sitio\\\/\"},{\"@type\":\"ListItem\",\"position\":2,\"name\":\"Mascaragraf\u00edas, un taller que se inserta en la propuesta del Proyecto Umbrales\"}]},{\"@type\":\"WebSite\",\"@id\":\"https:\\\/\\\/www.uartes.edu.ec\\\/sitio\\\/en\\\/#website\",\"url\":\"https:\\\/\\\/www.uartes.edu.ec\\\/sitio\\\/en\\\/\",\"name\":\"Universidad de las Artes\",\"description\":\"Sitio oficial de la Universidad Nacional de las Artes del Ecuador\",\"publisher\":{\"@id\":\"https:\\\/\\\/www.uartes.edu.ec\\\/sitio\\\/en\\\/#organization\"},\"potentialAction\":[{\"@type\":\"SearchAction\",\"target\":{\"@type\":\"EntryPoint\",\"urlTemplate\":\"https:\\\/\\\/www.uartes.edu.ec\\\/sitio\\\/en\\\/?s={search_term_string}\"},\"query-input\":{\"@type\":\"PropertyValueSpecification\",\"valueRequired\":true,\"valueName\":\"search_term_string\"}}],\"inLanguage\":\"en-US\"},{\"@type\":\"Organization\",\"@id\":\"https:\\\/\\\/www.uartes.edu.ec\\\/sitio\\\/en\\\/#organization\",\"name\":\"Universidad de las Artes\",\"url\":\"https:\\\/\\\/www.uartes.edu.ec\\\/sitio\\\/en\\\/\",\"logo\":{\"@type\":\"ImageObject\",\"inLanguage\":\"en-US\",\"@id\":\"https:\\\/\\\/www.uartes.edu.ec\\\/sitio\\\/en\\\/#\\\/schema\\\/logo\\\/image\\\/\",\"url\":\"https:\\\/\\\/www.uartes.edu.ec\\\/sitio\\\/wp-content\\\/uploads\\\/2022\\\/07\\\/logo-ua-horizontal.png\",\"contentUrl\":\"https:\\\/\\\/www.uartes.edu.ec\\\/sitio\\\/wp-content\\\/uploads\\\/2022\\\/07\\\/logo-ua-horizontal.png\",\"width\":800,\"height\":276,\"caption\":\"Universidad de las Artes\"},\"image\":{\"@id\":\"https:\\\/\\\/www.uartes.edu.ec\\\/sitio\\\/en\\\/#\\\/schema\\\/logo\\\/image\\\/\"},\"sameAs\":[\"https:\\\/\\\/www.facebook.com\\\/uartesec\",\"https:\\\/\\\/x.com\\\/uartesec\",\"https:\\\/\\\/www.tiktok.com\\\/@uartesec\"]},{\"@type\":\"Person\",\"@id\":\"https:\\\/\\\/www.uartes.edu.ec\\\/sitio\\\/en\\\/#\\\/schema\\\/person\\\/efa1b8275797664fd7f13a79ccc0b1f4\",\"name\":\"ccortez\",\"image\":{\"@type\":\"ImageObject\",\"inLanguage\":\"en-US\",\"@id\":\"https:\\\/\\\/secure.gravatar.com\\\/avatar\\\/b2a6f664a3ae8e074346ef91775736c5ec479e637ecced6842de9dc98b5da9cd?s=96&d=mm&r=g\",\"url\":\"https:\\\/\\\/secure.gravatar.com\\\/avatar\\\/b2a6f664a3ae8e074346ef91775736c5ec479e637ecced6842de9dc98b5da9cd?s=96&d=mm&r=g\",\"contentUrl\":\"https:\\\/\\\/secure.gravatar.com\\\/avatar\\\/b2a6f664a3ae8e074346ef91775736c5ec479e637ecced6842de9dc98b5da9cd?s=96&d=mm&r=g\",\"caption\":\"ccortez\"},\"url\":\"https:\\\/\\\/www.uartes.edu.ec\\\/sitio\\\/en\\\/blog\\\/author\\\/ccortez\\\/\"}]}<\/script>\n<!-- \/ Yoast SEO plugin. -->","yoast_head_json":{"title":"Universidad de las Artes - Mascaragraf\u00edas, un taller que se inserta en la propuesta del Proyecto Umbrales","description":"Universidad de las Artes - Mascaragraf\u00edas, un taller que se inserta en la propuesta del Proyecto Umbrales","robots":{"index":"index","follow":"follow","max-snippet":"max-snippet:-1","max-image-preview":"max-image-preview:large","max-video-preview":"max-video-preview:-1"},"canonical":"https:\/\/www.uartes.edu.ec\/sitio\/en\/blog\/2021\/05\/26\/mascaragrafias-un-taller-que-se-inserta-en-la-propuesta-del-proyecto-umbrales\/","og_locale":"en_US","og_type":"article","og_title":"Universidad de las Artes - Mascaragraf\u00edas, un taller que se inserta en la propuesta del Proyecto Umbrales","og_description":"Universidad de las Artes - Mascaragraf\u00edas, un taller que se inserta en la propuesta del Proyecto Umbrales","og_url":"https:\/\/www.uartes.edu.ec\/sitio\/en\/blog\/2021\/05\/26\/mascaragrafias-un-taller-que-se-inserta-en-la-propuesta-del-proyecto-umbrales\/","og_site_name":"Universidad de las Artes","article_publisher":"https:\/\/www.facebook.com\/uartesec","article_published_time":"2021-05-26T09:55:00+00:00","article_modified_time":"2024-07-04T16:27:12+00:00","og_image":[{"width":1015,"height":677,"url":"https:\/\/www.uartes.edu.ec\/sitio\/wp-content\/uploads\/2021\/05\/Mascaragrafia-1-.jpg","type":"image\/jpeg"}],"author":"ccortez","twitter_card":"summary_large_image","twitter_creator":"@uartesec","twitter_site":"@uartesec","twitter_misc":{"Written by":"ccortez","Est. reading time":"6 minutes"},"schema":{"@context":"https:\/\/schema.org","@graph":[{"@type":"Article","@id":"https:\/\/www.uartes.edu.ec\/sitio\/en\/blog\/2021\/05\/26\/mascaragrafias-un-taller-que-se-inserta-en-la-propuesta-del-proyecto-umbrales\/#article","isPartOf":{"@id":"https:\/\/www.uartes.edu.ec\/sitio\/en\/blog\/2021\/05\/26\/mascaragrafias-un-taller-que-se-inserta-en-la-propuesta-del-proyecto-umbrales\/"},"author":{"name":"ccortez","@id":"https:\/\/www.uartes.edu.ec\/sitio\/en\/#\/schema\/person\/efa1b8275797664fd7f13a79ccc0b1f4"},"headline":"Mascaragraf\u00edas, un taller que se inserta en la propuesta del Proyecto Umbrales","datePublished":"2021-05-26T09:55:00+00:00","dateModified":"2024-07-04T16:27:12+00:00","mainEntityOfPage":{"@id":"https:\/\/www.uartes.edu.ec\/sitio\/en\/blog\/2021\/05\/26\/mascaragrafias-un-taller-que-se-inserta-en-la-propuesta-del-proyecto-umbrales\/"},"wordCount":1290,"commentCount":0,"publisher":{"@id":"https:\/\/www.uartes.edu.ec\/sitio\/en\/#organization"},"image":{"@id":"https:\/\/www.uartes.edu.ec\/sitio\/en\/blog\/2021\/05\/26\/mascaragrafias-un-taller-que-se-inserta-en-la-propuesta-del-proyecto-umbrales\/#primaryimage"},"thumbnailUrl":"https:\/\/www.uartes.edu.ec\/sitio\/wp-content\/uploads\/2021\/05\/Mascaragrafia-1-.jpg","articleSection":["Artes Esc\u00e9nicas","Estudiantes","V\u00ednculo"],"inLanguage":"en-US","potentialAction":[{"@type":"CommentAction","name":"Comment","target":["https:\/\/www.uartes.edu.ec\/sitio\/en\/blog\/2021\/05\/26\/mascaragrafias-un-taller-que-se-inserta-en-la-propuesta-del-proyecto-umbrales\/#respond"]}]},{"@type":["WebPage","ItemPage"],"@id":"https:\/\/www.uartes.edu.ec\/sitio\/en\/blog\/2021\/05\/26\/mascaragrafias-un-taller-que-se-inserta-en-la-propuesta-del-proyecto-umbrales\/","url":"https:\/\/www.uartes.edu.ec\/sitio\/en\/blog\/2021\/05\/26\/mascaragrafias-un-taller-que-se-inserta-en-la-propuesta-del-proyecto-umbrales\/","name":"Universidad de las Artes - Mascaragraf\u00edas, un taller que se inserta en la propuesta del Proyecto Umbrales","isPartOf":{"@id":"https:\/\/www.uartes.edu.ec\/sitio\/en\/#website"},"primaryImageOfPage":{"@id":"https:\/\/www.uartes.edu.ec\/sitio\/en\/blog\/2021\/05\/26\/mascaragrafias-un-taller-que-se-inserta-en-la-propuesta-del-proyecto-umbrales\/#primaryimage"},"image":{"@id":"https:\/\/www.uartes.edu.ec\/sitio\/en\/blog\/2021\/05\/26\/mascaragrafias-un-taller-que-se-inserta-en-la-propuesta-del-proyecto-umbrales\/#primaryimage"},"thumbnailUrl":"https:\/\/www.uartes.edu.ec\/sitio\/wp-content\/uploads\/2021\/05\/Mascaragrafia-1-.jpg","datePublished":"2021-05-26T09:55:00+00:00","dateModified":"2024-07-04T16:27:12+00:00","description":"Universidad de las Artes - Mascaragraf\u00edas, un taller que se inserta en la propuesta del Proyecto Umbrales","breadcrumb":{"@id":"https:\/\/www.uartes.edu.ec\/sitio\/en\/blog\/2021\/05\/26\/mascaragrafias-un-taller-que-se-inserta-en-la-propuesta-del-proyecto-umbrales\/#breadcrumb"},"inLanguage":"en-US","potentialAction":[{"@type":"ReadAction","target":["https:\/\/www.uartes.edu.ec\/sitio\/en\/blog\/2021\/05\/26\/mascaragrafias-un-taller-que-se-inserta-en-la-propuesta-del-proyecto-umbrales\/"]}]},{"@type":"ImageObject","inLanguage":"en-US","@id":"https:\/\/www.uartes.edu.ec\/sitio\/en\/blog\/2021\/05\/26\/mascaragrafias-un-taller-que-se-inserta-en-la-propuesta-del-proyecto-umbrales\/#primaryimage","url":"https:\/\/www.uartes.edu.ec\/sitio\/wp-content\/uploads\/2021\/05\/Mascaragrafia-1-.jpg","contentUrl":"https:\/\/www.uartes.edu.ec\/sitio\/wp-content\/uploads\/2021\/05\/Mascaragrafia-1-.jpg","width":1015,"height":677},{"@type":"BreadcrumbList","@id":"https:\/\/www.uartes.edu.ec\/sitio\/en\/blog\/2021\/05\/26\/mascaragrafias-un-taller-que-se-inserta-en-la-propuesta-del-proyecto-umbrales\/#breadcrumb","itemListElement":[{"@type":"ListItem","position":1,"name":"Inicio","item":"https:\/\/www.uartes.edu.ec\/sitio\/"},{"@type":"ListItem","position":2,"name":"Mascaragraf\u00edas, un taller que se inserta en la propuesta del Proyecto Umbrales"}]},{"@type":"WebSite","@id":"https:\/\/www.uartes.edu.ec\/sitio\/en\/#website","url":"https:\/\/www.uartes.edu.ec\/sitio\/en\/","name":"Universidad de las Artes","description":"Sitio oficial de la Universidad Nacional de las Artes del Ecuador","publisher":{"@id":"https:\/\/www.uartes.edu.ec\/sitio\/en\/#organization"},"potentialAction":[{"@type":"SearchAction","target":{"@type":"EntryPoint","urlTemplate":"https:\/\/www.uartes.edu.ec\/sitio\/en\/?s={search_term_string}"},"query-input":{"@type":"PropertyValueSpecification","valueRequired":true,"valueName":"search_term_string"}}],"inLanguage":"en-US"},{"@type":"Organization","@id":"https:\/\/www.uartes.edu.ec\/sitio\/en\/#organization","name":"Universidad de las Artes","url":"https:\/\/www.uartes.edu.ec\/sitio\/en\/","logo":{"@type":"ImageObject","inLanguage":"en-US","@id":"https:\/\/www.uartes.edu.ec\/sitio\/en\/#\/schema\/logo\/image\/","url":"https:\/\/www.uartes.edu.ec\/sitio\/wp-content\/uploads\/2022\/07\/logo-ua-horizontal.png","contentUrl":"https:\/\/www.uartes.edu.ec\/sitio\/wp-content\/uploads\/2022\/07\/logo-ua-horizontal.png","width":800,"height":276,"caption":"Universidad de las Artes"},"image":{"@id":"https:\/\/www.uartes.edu.ec\/sitio\/en\/#\/schema\/logo\/image\/"},"sameAs":["https:\/\/www.facebook.com\/uartesec","https:\/\/x.com\/uartesec","https:\/\/www.tiktok.com\/@uartesec"]},{"@type":"Person","@id":"https:\/\/www.uartes.edu.ec\/sitio\/en\/#\/schema\/person\/efa1b8275797664fd7f13a79ccc0b1f4","name":"ccortez","image":{"@type":"ImageObject","inLanguage":"en-US","@id":"https:\/\/secure.gravatar.com\/avatar\/b2a6f664a3ae8e074346ef91775736c5ec479e637ecced6842de9dc98b5da9cd?s=96&d=mm&r=g","url":"https:\/\/secure.gravatar.com\/avatar\/b2a6f664a3ae8e074346ef91775736c5ec479e637ecced6842de9dc98b5da9cd?s=96&d=mm&r=g","contentUrl":"https:\/\/secure.gravatar.com\/avatar\/b2a6f664a3ae8e074346ef91775736c5ec479e637ecced6842de9dc98b5da9cd?s=96&d=mm&r=g","caption":"ccortez"},"url":"https:\/\/www.uartes.edu.ec\/sitio\/en\/blog\/author\/ccortez\/"}]}},"uagb_featured_image_src":{"full":["https:\/\/www.uartes.edu.ec\/sitio\/wp-content\/uploads\/2021\/05\/Mascaragrafia-1-.jpg",1015,677,false],"thumbnail":["https:\/\/www.uartes.edu.ec\/sitio\/wp-content\/uploads\/2021\/05\/Mascaragrafia-1--150x150.jpg",150,150,true],"medium":["https:\/\/www.uartes.edu.ec\/sitio\/wp-content\/uploads\/2021\/05\/Mascaragrafia-1--300x200.jpg",300,200,true],"medium_large":["https:\/\/www.uartes.edu.ec\/sitio\/wp-content\/uploads\/2021\/05\/Mascaragrafia-1--768x512.jpg",768,512,true],"large":["https:\/\/www.uartes.edu.ec\/sitio\/wp-content\/uploads\/2021\/05\/Mascaragrafia-1--644x430.jpg",644,430,true],"1536x1536":["https:\/\/www.uartes.edu.ec\/sitio\/wp-content\/uploads\/2021\/05\/Mascaragrafia-1-.jpg",1015,677,false],"2048x2048":["https:\/\/www.uartes.edu.ec\/sitio\/wp-content\/uploads\/2021\/05\/Mascaragrafia-1-.jpg",1015,677,false],"trp-custom-language-flag":["https:\/\/www.uartes.edu.ec\/sitio\/wp-content\/uploads\/2021\/05\/Mascaragrafia-1-.jpg",18,12,false],"htmega_size_585x295":["https:\/\/www.uartes.edu.ec\/sitio\/wp-content\/uploads\/2021\/05\/Mascaragrafia-1--585x295.jpg",585,295,true],"htmega_size_1170x536":["https:\/\/www.uartes.edu.ec\/sitio\/wp-content\/uploads\/2021\/05\/Mascaragrafia-1--1015x536.jpg",1015,536,true],"htmega_size_396x360":["https:\/\/www.uartes.edu.ec\/sitio\/wp-content\/uploads\/2021\/05\/Mascaragrafia-1--396x360.jpg",396,360,true],"gb-block-post-grid-landscape":["https:\/\/www.uartes.edu.ec\/sitio\/wp-content\/uploads\/2021\/05\/Mascaragrafia-1-.jpg",600,400,false],"gb-block-post-grid-square":["https:\/\/www.uartes.edu.ec\/sitio\/wp-content\/uploads\/2021\/05\/Mascaragrafia-1-.jpg",600,400,false],"university-hub-thumb":["https:\/\/www.uartes.edu.ec\/sitio\/wp-content\/uploads\/2021\/05\/Mascaragrafia-1--400x267.jpg",400,267,true]},"uagb_author_info":{"display_name":"ccortez","author_link":"https:\/\/www.uartes.edu.ec\/sitio\/en\/blog\/author\/ccortez\/"},"uagb_comment_info":0,"uagb_excerpt":"El contacto con Gustavo Mart\u00edn Ar\u00e9balo, de la Escuela de Artes Esc\u00e9nicas de la Universidad de las Artes, se dio por iniciativa de Mariuxi \u00c1vila, especialista en seguimiento de proyectos de la Direcci\u00f3n de Vinculaci\u00f3n con la Sociedad, justamente por el desarrollo que el estudiante hizo de un taller de m\u00e1scaras, propiciado en tiempos de&hellip;","featured_image_src":"https:\/\/www.uartes.edu.ec\/sitio\/wp-content\/uploads\/2021\/05\/Mascaragrafia-1-.jpg","featured_image_src_square":"https:\/\/www.uartes.edu.ec\/sitio\/wp-content\/uploads\/2021\/05\/Mascaragrafia-1-.jpg","author_info":{"display_name":"ccortez","author_link":"https:\/\/www.uartes.edu.ec\/sitio\/en\/blog\/author\/ccortez\/"},"publishpress_future_workflow_manual_trigger":{"enabledWorkflows":[]},"distributor_meta":false,"distributor_terms":false,"distributor_media":false,"distributor_original_site_name":"Universidad de las Artes","distributor_original_site_url":"https:\/\/www.uartes.edu.ec\/sitio\/en","push-errors":false,"_links":{"self":[{"href":"https:\/\/www.uartes.edu.ec\/sitio\/en\/wp-json\/wp\/v2\/posts\/13945","targetHints":{"allow":["GET"]}}],"collection":[{"href":"https:\/\/www.uartes.edu.ec\/sitio\/en\/wp-json\/wp\/v2\/posts"}],"about":[{"href":"https:\/\/www.uartes.edu.ec\/sitio\/en\/wp-json\/wp\/v2\/types\/post"}],"author":[{"embeddable":true,"href":"https:\/\/www.uartes.edu.ec\/sitio\/en\/wp-json\/wp\/v2\/users\/10"}],"replies":[{"embeddable":true,"href":"https:\/\/www.uartes.edu.ec\/sitio\/en\/wp-json\/wp\/v2\/comments?post=13945"}],"version-history":[{"count":2,"href":"https:\/\/www.uartes.edu.ec\/sitio\/en\/wp-json\/wp\/v2\/posts\/13945\/revisions"}],"predecessor-version":[{"id":13958,"href":"https:\/\/www.uartes.edu.ec\/sitio\/en\/wp-json\/wp\/v2\/posts\/13945\/revisions\/13958"}],"wp:featuredmedia":[{"embeddable":true,"href":"https:\/\/www.uartes.edu.ec\/sitio\/en\/wp-json\/wp\/v2\/media\/13950"}],"wp:attachment":[{"href":"https:\/\/www.uartes.edu.ec\/sitio\/en\/wp-json\/wp\/v2\/media?parent=13945"}],"wp:term":[{"taxonomy":"category","embeddable":true,"href":"https:\/\/www.uartes.edu.ec\/sitio\/en\/wp-json\/wp\/v2\/categories?post=13945"},{"taxonomy":"post_tag","embeddable":true,"href":"https:\/\/www.uartes.edu.ec\/sitio\/en\/wp-json\/wp\/v2\/tags?post=13945"},{"taxonomy":"infouartes","embeddable":true,"href":"https:\/\/www.uartes.edu.ec\/sitio\/en\/wp-json\/wp\/v2\/infouartes?post=13945"}],"curies":[{"name":"wp","href":"https:\/\/api.w.org\/{rel}","templated":true}]}}