{"id":13981,"date":"2021-05-31T08:59:34","date_gmt":"2021-05-31T13:59:34","guid":{"rendered":"http:\/\/www.uartes.edu.ec\/sitio\/?p=13981"},"modified":"2024-07-04T11:27:12","modified_gmt":"2024-07-04T16:27:12","slug":"que-hacer-luego-de-egresar-de-la-uartes-jefferson-cabrera-comparte-su-experiencia","status":"publish","type":"post","link":"https:\/\/www.uartes.edu.ec\/sitio\/en\/blog\/2021\/05\/31\/que-hacer-luego-de-egresar-de-la-uartes-jefferson-cabrera-comparte-su-experiencia\/","title":{"rendered":"\u00bfQu\u00e9 hacer tras egresar de la UArtes?, Jefferson Cabrera Amaiquema habla desde su experiencia los pasos a dar"},"content":{"rendered":"<p>Las recientes participaciones de Jefferson Cabrera Amaiquema en el I Encuentro Regional Costa de Gesti\u00f3n Cultural, organizado por el maestrante UArtes Miguel Cantos, y en el tambi\u00e9n I Simposio Internacional de Pedagog\u00eda, desarrollado por la Facultad de Filosof\u00eda, Letras y Ciencias de la Educaci\u00f3n de la Universidad T\u00e9cnica de Manab\u00ed, no han sido las \u00fanicas en las que el hoy licenciado de la Escuela de Literatura de la Universidad de las Artes ha tomado parte. Son ya varias sus intervenciones en actividades de orden cultural y acad\u00e9mico.&nbsp;<\/p>\n\n\n\n<p>En el primer simposio present\u00f3 los resultados de su tesis de grado \u201cLa escritura como tecnolog\u00eda: Yuyay, laboratorio de escritura\u201d. Yuyay, explica, es una aplicaci\u00f3n cuya gu\u00eda did\u00e1ctica se estructura en cuatro etapas de las teor\u00edas del aprendizaje cognitivo y la gamificaci\u00f3n: exploro, aprendo jugando, aprendo del otro e invento. \u201cEn estas, la escritura se convierte en el veh\u00edculo de interacci\u00f3n-creaci\u00f3n de personajes como producto del acto de ense\u00f1anza-aprendizaje del lenguaje oral y escrito\u201d.<\/p>\n\n\n\n<p>Tuvo tambi\u00e9n la intenci\u00f3n de presentar los resultados del proyecto \u00abNuevas Pedagog\u00edas en Artes y su relaci\u00f3n con los v\u00ednculos hacia las comunidades (VIP-2018-021)\u00bb del artista y docente UArtes Joaqu\u00edn Serrano, el cual para Cabrera Amaiquema observa tal relevancia que fue, incluso, su tesis de pregrado. \u00bfLas razones?, indag\u00f3 en posibilidades pedag\u00f3gicas y metodol\u00f3gicas desde la transdiciplinariedad, uno de los pilares que constituyeron la UArtes.&nbsp;<\/p>\n\n\n\n<p>Pero, m\u00e1s all\u00e1 de sus tesis e investigaciones, InfoUArtes contact\u00f3 a Cabrera Amaiquema para conocer los pasos que dio antes, durante y despu\u00e9s de su preparaci\u00f3n acad\u00e9mica en la UArtes, en especial al t\u00e9rmino de la carrera que es cuando el egresado pone en pr\u00e1ctica los conocimientos adquiridos.<\/p>\n\n\n\n<p>\u00bfC\u00f3mo llegas a la UArtes, qu\u00e9 hac\u00edas antes?, le preguntamos. \u00c9l respondi\u00f3: \u201cCurs\u00e9 medicina, carrera de la no me desvincul\u00e9 pese a no haber, por circunstancias personales, completado el pregrado; es una fase de mi vida que tras mi retiro del campo art\u00edstico cultural espero retomar. Mi madre me impuls\u00f3 hacia una preparaci\u00f3n constante, as\u00ed que siempre estuve metido en una serie de cursos. Mi familia ha estado vinculada a las artes. En los 70 mi madre form\u00f3 parte de la primera promoci\u00f3n de Danza de la Escuela Cubana para la Casa de la Cultura Ecuatoriana y otros familiares, entre artistas pl\u00e1sticos y m\u00fasicos, hac\u00edan lo que creo nos ha impulsado a todos: un popurr\u00ed de gen\u00e9tica cultural\u201d.<\/p>\n\n\n\n<p>Tras seguir el proceso pertinente, comenta que estuvo en la sesi\u00f3n inaugural donde el estudiantado observaba desde el espacio que hoy ubica a Malakita, en el pasaje Illingworth a una serie de personalidades que se emocionaban con la idea de una instituci\u00f3n p\u00fablica y de artes. Agrega que ya en la UArtes, el proceso formativo hizo posible que naciera JLA Colectivo de Artes y m\u00e1s adelante JLA Ediciones. Como JLA con Abel Cano, Layla L\u00f3pez, Mayleen Lama y Cynthia Paredes y el apoyo acad\u00e9mico de Jorge G\u00f3mez Rend\u00f3n y Alfredo Palacio Paret, adem\u00e1s de una asociaci\u00f3n del primer colectivo de danza formado desde la universidad al que llamaron KINESIA, cuya imagen a\u00fan indica ver en los afiches promocionales de la carrera de Danza de la Escuela de Artes Esc\u00e9nicas.<\/p>\n\n\n\n<p>Explica que JLA significa Justified Literature of the Arts y en la actualidad lo integran junto con Mayleen Lama, Solange del Pozo, Ericka Lam, Mar\u00eda Aspiazu, Karla Chinga, Cristina Pe\u00f1a, Elena Gui, Lisbeth D\u00e1vila, Christian Armijo y Jaime Silva.<\/p>\n\n\n\n<p>JLA Ediciones, la empresa unipersonal que fund\u00f3, est\u00e1 dedicada a la edici\u00f3n y publicaci\u00f3n de material literario e investigativo. La divisi\u00f3n editorial naci\u00f3 a mediados de 2017, a partir de la edici\u00f3n y compilaci\u00f3n de material investigativo para la Universidad Cat\u00f3lica de Santiago de Guayaquil y un levantamiento de proyecto de pregrado, publicaci\u00f3n que se encuentra libre en la plataforma ISSU y se titul\u00f3 \u201cAsperger, antecedentes, cuestionamiento y propuestas para el aula regular\u201d.<\/p>\n\n\n\n<p>\u201cLa editorial se transform\u00f3 y hoy est\u00e1 en proceso de convertirse en una sociedad con Lisbeth D\u00e1vila (direcci\u00f3n y subdirecci\u00f3n respectivamente), qu\u00e9 pas\u00e9 despu\u00e9s, no lo s\u00e9. Lo que s\u00ed es curioso es que todos confluimos en su momento en la UArtes y la mayor\u00eda sigue ah\u00ed, sea como estudiantes o docentes\u201d, indica y a\u00f1ade que JLA Ediciones cuenta con un Consejo Editorial Invitado, esto acorde a las tem\u00e1ticas del texto a publicarse, y empresas asociadas como RAMI, encargada de las operaciones log\u00edsticas y de ubicaci\u00f3n de imprenta; diagramadoras\/es, ilustradoras\/es, miembros de JLA Colectivo de Artes y miembros externos, seg\u00fan sea necesario y pertinente para los diferentes proyectos de publicaci\u00f3n editorial.<\/p>\n\n\n\n<p>Cabrera Amaiquema asegura que esto termin\u00f3 de asentar el concepto que buscaba JLA Ediciones y que la ha llevado a publicar hasta la fecha siete t\u00edtulos \u2013seis de ellos con Registro ISBN\u2013 y a extender sus alianzas lo que adem\u00e1s les permite tener direcci\u00f3n fiscal en Nueva York (EE.UU). Su \u00faltima publicaci\u00f3n investigativa se titula <em>Perspectivas Pedag\u00f3gicas<\/em> (2020), del docente UArtes Jorge Tigrero, misma que cuenta con el aval investigativo de la red IBERCIENCIA y de la Organizaci\u00f3n de Estados Iberoamericanos (Espa\u00f1a).<\/p>\n\n\n\n<p>Como logros conseguidos en su proceso destaca dos: ser finalista del Premio Nacional Juventudes 2019, en la categor\u00eda Artes; y, SONEMAS, proyecto generado en la c\u00e1tedra de Gesti\u00f3n y Pol\u00edtica de la Cultura de Mar\u00eda Fernanda L\u00f3pez que gan\u00f3 fondos concursables del entonces IFAIC, hoy IFCI.<\/p>\n\n\n\n<p>El licenciado Cabrera Amaiquema indica que es el trabajo desarrollado con JLA Ediciones el que da cuenta de su preparaci\u00f3n acad\u00e9mica en la UArtes, pues le ha permitido ampliar su visi\u00f3n como editor. Expresa que si bien su fortaleza recae en el material te\u00f3rico, tambi\u00e9n ha presentado obras desde lo creativo e incluso alternativo, como <em>Haikus: Vi\u00f1etas Portuarias<\/em> (2019), t\u00edtulo de bolsillo de fabricaci\u00f3n artesanal y de producci\u00f3n transversal entre las escuelas de Literatura y Artes Visuales, de la mano de los docentes Siomara Espa\u00f1a y Hern\u00e1n Z\u00fa\u00f1iga.<\/p>\n\n\n\n<p>En el 2020 propuso la publicaci\u00f3n en plataforma Google Play de una compilaci\u00f3n po\u00e9tica de egresados de Literatura, un segundo volumen investigativo sobre Pedagog\u00eda y un manual de Introducci\u00f3n al Dibujo, este ver\u00e1 la luz definitivamente antes de la Feria del Libro de Guayaquil 2021.<\/p>\n\n\n\n<p>Junto con el trabajo editorial y una vez egresado de la UArtes, Cabrera Amaiquema manifiesta que seguir\u00e1 inmerso en actividades de orden educativo y cultural. As\u00ed, por ejemplo, analiza una solicitud recibida para dictar un taller de gesti\u00f3n y administraci\u00f3n de espacios culturales en Santa Elena. \u201cHe sido invitado como artista y gestor a varias c\u00e1tedras de educaci\u00f3n superior tanto en la UArtes como en la UTE, UDLA y UTM. A\u00fan soy parte del comit\u00e9 organizador de CUMULUS, as\u00ed que seguir\u00e9 rondando por la UArtes. Ya veremos si se dan otras oportunidades, \u00bfpor qu\u00e9 no continuar? Si queremos ponernos un poco filos\u00f3ficos, eso lo decidir\u00e1n las fuerzas del universo\u201d.<\/p>\n\n\n\n<p><em>Texto: Carmen Cortez<\/em><br>I<em>m\u00e1genes, cortes\u00eda Jefferson Cabrera Amaiquema<\/em><\/p>","protected":false},"excerpt":{"rendered":"<p>Jefferson Cabrera Amaiquema es licenciado en Literatura por la UArtes y luego de graduarse ha participado en varias actividades acad\u00e9micas, como el I Encuentro Regional Costa de Gesti\u00f3n Cultural, organizado por el maestrante UArtes Miguel Cantos, y el I Simposio Internacional de Pedagog\u00eda, de la Universidad T\u00e9cnica de Manab\u00ed. De su experiencia, \u00e9l da cuenta de los pasos a dar tras la titulaci\u00f3n.<\/p>","protected":false},"author":10,"featured_media":13983,"comment_status":"open","ping_status":"open","sticky":false,"template":"","format":"standard","meta":{"_acf_changed":false,"_uag_custom_page_level_css":"","_monsterinsights_skip_tracking":false,"_monsterinsights_sitenote_active":false,"_monsterinsights_sitenote_note":"","_monsterinsights_sitenote_category":0,"cybocfi_hide_featured_image":"","footnotes":""},"categories":[80,82,76,175],"tags":[],"infouartes":[],"class_list":["post-13981","post","type-post","status-publish","format-standard","has-post-thumbnail","hentry","category-academico","category-artes","category-estudiantes","category-literatura"],"acf":[],"yoast_head":"<!-- This site is optimized with the Yoast SEO plugin v27.4 - https:\/\/yoast.com\/product\/yoast-seo-wordpress\/ -->\n<title>Universidad de las Artes - \u00bfQu\u00e9 hacer tras egresar de la UArtes?, Jefferson Cabrera Amaiquema habla desde su experiencia los pasos a dar<\/title>\n<meta name=\"description\" content=\"Universidad de las Artes - \u00bfQu\u00e9 hacer tras egresar de la UArtes?, Jefferson Cabrera Amaiquema habla desde su experiencia los pasos a dar\" \/>\n<meta name=\"robots\" content=\"index, follow, max-snippet:-1, max-image-preview:large, max-video-preview:-1\" \/>\n<link rel=\"canonical\" href=\"https:\/\/www.uartes.edu.ec\/sitio\/en\/blog\/2021\/05\/31\/que-hacer-luego-de-egresar-de-la-uartes-jefferson-cabrera-comparte-su-experiencia\/\" \/>\n<meta property=\"og:locale\" content=\"en_US\" \/>\n<meta property=\"og:type\" content=\"article\" \/>\n<meta property=\"og:title\" content=\"Universidad de las Artes - \u00bfQu\u00e9 hacer tras egresar de la UArtes?, Jefferson Cabrera Amaiquema habla desde su experiencia los pasos a dar\" \/>\n<meta property=\"og:description\" content=\"Universidad de las Artes - \u00bfQu\u00e9 hacer tras egresar de la UArtes?, Jefferson Cabrera Amaiquema habla desde su experiencia los pasos a dar\" \/>\n<meta property=\"og:url\" content=\"https:\/\/www.uartes.edu.ec\/sitio\/en\/blog\/2021\/05\/31\/que-hacer-luego-de-egresar-de-la-uartes-jefferson-cabrera-comparte-su-experiencia\/\" \/>\n<meta property=\"og:site_name\" content=\"Universidad de las Artes\" \/>\n<meta property=\"article:publisher\" content=\"https:\/\/www.facebook.com\/uartesec\" \/>\n<meta property=\"article:published_time\" content=\"2021-05-31T13:59:34+00:00\" \/>\n<meta property=\"article:modified_time\" content=\"2024-07-04T16:27:12+00:00\" \/>\n<meta property=\"og:image\" content=\"https:\/\/www.uartes.edu.ec\/sitio\/wp-content\/uploads\/2021\/05\/JEFFERSON-CABRERA.jpg\" \/>\n\t<meta property=\"og:image:width\" content=\"1015\" \/>\n\t<meta property=\"og:image:height\" content=\"677\" \/>\n\t<meta property=\"og:image:type\" content=\"image\/jpeg\" \/>\n<meta name=\"author\" content=\"ccortez\" \/>\n<meta name=\"twitter:card\" content=\"summary_large_image\" \/>\n<meta name=\"twitter:creator\" content=\"@uartesec\" \/>\n<meta name=\"twitter:site\" content=\"@uartesec\" \/>\n<meta name=\"twitter:label1\" content=\"Written by\" \/>\n\t<meta name=\"twitter:data1\" content=\"ccortez\" \/>\n\t<meta name=\"twitter:label2\" content=\"Est. reading time\" \/>\n\t<meta name=\"twitter:data2\" content=\"6 minutes\" \/>\n<script type=\"application\/ld+json\" class=\"yoast-schema-graph\">{\"@context\":\"https:\\\/\\\/schema.org\",\"@graph\":[{\"@type\":\"Article\",\"@id\":\"https:\\\/\\\/www.uartes.edu.ec\\\/sitio\\\/en\\\/blog\\\/2021\\\/05\\\/31\\\/que-hacer-luego-de-egresar-de-la-uartes-jefferson-cabrera-comparte-su-experiencia\\\/#article\",\"isPartOf\":{\"@id\":\"https:\\\/\\\/www.uartes.edu.ec\\\/sitio\\\/en\\\/blog\\\/2021\\\/05\\\/31\\\/que-hacer-luego-de-egresar-de-la-uartes-jefferson-cabrera-comparte-su-experiencia\\\/\"},\"author\":{\"name\":\"ccortez\",\"@id\":\"https:\\\/\\\/www.uartes.edu.ec\\\/sitio\\\/en\\\/#\\\/schema\\\/person\\\/efa1b8275797664fd7f13a79ccc0b1f4\"},\"headline\":\"\u00bfQu\u00e9 hacer tras egresar de la UArtes?, Jefferson Cabrera Amaiquema habla desde su experiencia los pasos a dar\",\"datePublished\":\"2021-05-31T13:59:34+00:00\",\"dateModified\":\"2024-07-04T16:27:12+00:00\",\"mainEntityOfPage\":{\"@id\":\"https:\\\/\\\/www.uartes.edu.ec\\\/sitio\\\/en\\\/blog\\\/2021\\\/05\\\/31\\\/que-hacer-luego-de-egresar-de-la-uartes-jefferson-cabrera-comparte-su-experiencia\\\/\"},\"wordCount\":1251,\"commentCount\":0,\"publisher\":{\"@id\":\"https:\\\/\\\/www.uartes.edu.ec\\\/sitio\\\/en\\\/#organization\"},\"image\":{\"@id\":\"https:\\\/\\\/www.uartes.edu.ec\\\/sitio\\\/en\\\/blog\\\/2021\\\/05\\\/31\\\/que-hacer-luego-de-egresar-de-la-uartes-jefferson-cabrera-comparte-su-experiencia\\\/#primaryimage\"},\"thumbnailUrl\":\"https:\\\/\\\/www.uartes.edu.ec\\\/sitio\\\/wp-content\\\/uploads\\\/2021\\\/05\\\/JEFFERSON-CABRERA.jpg\",\"articleSection\":[\"Acad\u00e9mico\",\"Artes\",\"Estudiantes\",\"Literatura\"],\"inLanguage\":\"en-US\",\"potentialAction\":[{\"@type\":\"CommentAction\",\"name\":\"Comment\",\"target\":[\"https:\\\/\\\/www.uartes.edu.ec\\\/sitio\\\/en\\\/blog\\\/2021\\\/05\\\/31\\\/que-hacer-luego-de-egresar-de-la-uartes-jefferson-cabrera-comparte-su-experiencia\\\/#respond\"]}]},{\"@type\":[\"WebPage\",\"ItemPage\"],\"@id\":\"https:\\\/\\\/www.uartes.edu.ec\\\/sitio\\\/en\\\/blog\\\/2021\\\/05\\\/31\\\/que-hacer-luego-de-egresar-de-la-uartes-jefferson-cabrera-comparte-su-experiencia\\\/\",\"url\":\"https:\\\/\\\/www.uartes.edu.ec\\\/sitio\\\/en\\\/blog\\\/2021\\\/05\\\/31\\\/que-hacer-luego-de-egresar-de-la-uartes-jefferson-cabrera-comparte-su-experiencia\\\/\",\"name\":\"Universidad de las Artes - \u00bfQu\u00e9 hacer tras egresar de la UArtes?, Jefferson Cabrera Amaiquema habla desde su experiencia los pasos a dar\",\"isPartOf\":{\"@id\":\"https:\\\/\\\/www.uartes.edu.ec\\\/sitio\\\/en\\\/#website\"},\"primaryImageOfPage\":{\"@id\":\"https:\\\/\\\/www.uartes.edu.ec\\\/sitio\\\/en\\\/blog\\\/2021\\\/05\\\/31\\\/que-hacer-luego-de-egresar-de-la-uartes-jefferson-cabrera-comparte-su-experiencia\\\/#primaryimage\"},\"image\":{\"@id\":\"https:\\\/\\\/www.uartes.edu.ec\\\/sitio\\\/en\\\/blog\\\/2021\\\/05\\\/31\\\/que-hacer-luego-de-egresar-de-la-uartes-jefferson-cabrera-comparte-su-experiencia\\\/#primaryimage\"},\"thumbnailUrl\":\"https:\\\/\\\/www.uartes.edu.ec\\\/sitio\\\/wp-content\\\/uploads\\\/2021\\\/05\\\/JEFFERSON-CABRERA.jpg\",\"datePublished\":\"2021-05-31T13:59:34+00:00\",\"dateModified\":\"2024-07-04T16:27:12+00:00\",\"description\":\"Universidad de las Artes - \u00bfQu\u00e9 hacer tras egresar de la UArtes?, Jefferson Cabrera Amaiquema habla desde su experiencia los pasos a dar\",\"breadcrumb\":{\"@id\":\"https:\\\/\\\/www.uartes.edu.ec\\\/sitio\\\/en\\\/blog\\\/2021\\\/05\\\/31\\\/que-hacer-luego-de-egresar-de-la-uartes-jefferson-cabrera-comparte-su-experiencia\\\/#breadcrumb\"},\"inLanguage\":\"en-US\",\"potentialAction\":[{\"@type\":\"ReadAction\",\"target\":[\"https:\\\/\\\/www.uartes.edu.ec\\\/sitio\\\/en\\\/blog\\\/2021\\\/05\\\/31\\\/que-hacer-luego-de-egresar-de-la-uartes-jefferson-cabrera-comparte-su-experiencia\\\/\"]}]},{\"@type\":\"ImageObject\",\"inLanguage\":\"en-US\",\"@id\":\"https:\\\/\\\/www.uartes.edu.ec\\\/sitio\\\/en\\\/blog\\\/2021\\\/05\\\/31\\\/que-hacer-luego-de-egresar-de-la-uartes-jefferson-cabrera-comparte-su-experiencia\\\/#primaryimage\",\"url\":\"https:\\\/\\\/www.uartes.edu.ec\\\/sitio\\\/wp-content\\\/uploads\\\/2021\\\/05\\\/JEFFERSON-CABRERA.jpg\",\"contentUrl\":\"https:\\\/\\\/www.uartes.edu.ec\\\/sitio\\\/wp-content\\\/uploads\\\/2021\\\/05\\\/JEFFERSON-CABRERA.jpg\",\"width\":1015,\"height\":677},{\"@type\":\"BreadcrumbList\",\"@id\":\"https:\\\/\\\/www.uartes.edu.ec\\\/sitio\\\/en\\\/blog\\\/2021\\\/05\\\/31\\\/que-hacer-luego-de-egresar-de-la-uartes-jefferson-cabrera-comparte-su-experiencia\\\/#breadcrumb\",\"itemListElement\":[{\"@type\":\"ListItem\",\"position\":1,\"name\":\"Inicio\",\"item\":\"https:\\\/\\\/www.uartes.edu.ec\\\/sitio\\\/\"},{\"@type\":\"ListItem\",\"position\":2,\"name\":\"\u00bfQu\u00e9 hacer tras egresar de la UArtes?, Jefferson Cabrera Amaiquema habla desde su experiencia los pasos a dar\"}]},{\"@type\":\"WebSite\",\"@id\":\"https:\\\/\\\/www.uartes.edu.ec\\\/sitio\\\/en\\\/#website\",\"url\":\"https:\\\/\\\/www.uartes.edu.ec\\\/sitio\\\/en\\\/\",\"name\":\"Universidad de las Artes\",\"description\":\"Sitio oficial de la Universidad Nacional de las Artes del Ecuador\",\"publisher\":{\"@id\":\"https:\\\/\\\/www.uartes.edu.ec\\\/sitio\\\/en\\\/#organization\"},\"potentialAction\":[{\"@type\":\"SearchAction\",\"target\":{\"@type\":\"EntryPoint\",\"urlTemplate\":\"https:\\\/\\\/www.uartes.edu.ec\\\/sitio\\\/en\\\/?s={search_term_string}\"},\"query-input\":{\"@type\":\"PropertyValueSpecification\",\"valueRequired\":true,\"valueName\":\"search_term_string\"}}],\"inLanguage\":\"en-US\"},{\"@type\":\"Organization\",\"@id\":\"https:\\\/\\\/www.uartes.edu.ec\\\/sitio\\\/en\\\/#organization\",\"name\":\"Universidad de las Artes\",\"url\":\"https:\\\/\\\/www.uartes.edu.ec\\\/sitio\\\/en\\\/\",\"logo\":{\"@type\":\"ImageObject\",\"inLanguage\":\"en-US\",\"@id\":\"https:\\\/\\\/www.uartes.edu.ec\\\/sitio\\\/en\\\/#\\\/schema\\\/logo\\\/image\\\/\",\"url\":\"https:\\\/\\\/www.uartes.edu.ec\\\/sitio\\\/wp-content\\\/uploads\\\/2022\\\/07\\\/logo-ua-horizontal.png\",\"contentUrl\":\"https:\\\/\\\/www.uartes.edu.ec\\\/sitio\\\/wp-content\\\/uploads\\\/2022\\\/07\\\/logo-ua-horizontal.png\",\"width\":800,\"height\":276,\"caption\":\"Universidad de las Artes\"},\"image\":{\"@id\":\"https:\\\/\\\/www.uartes.edu.ec\\\/sitio\\\/en\\\/#\\\/schema\\\/logo\\\/image\\\/\"},\"sameAs\":[\"https:\\\/\\\/www.facebook.com\\\/uartesec\",\"https:\\\/\\\/x.com\\\/uartesec\",\"https:\\\/\\\/www.tiktok.com\\\/@uartesec\"]},{\"@type\":\"Person\",\"@id\":\"https:\\\/\\\/www.uartes.edu.ec\\\/sitio\\\/en\\\/#\\\/schema\\\/person\\\/efa1b8275797664fd7f13a79ccc0b1f4\",\"name\":\"ccortez\",\"image\":{\"@type\":\"ImageObject\",\"inLanguage\":\"en-US\",\"@id\":\"https:\\\/\\\/secure.gravatar.com\\\/avatar\\\/b2a6f664a3ae8e074346ef91775736c5ec479e637ecced6842de9dc98b5da9cd?s=96&d=mm&r=g\",\"url\":\"https:\\\/\\\/secure.gravatar.com\\\/avatar\\\/b2a6f664a3ae8e074346ef91775736c5ec479e637ecced6842de9dc98b5da9cd?s=96&d=mm&r=g\",\"contentUrl\":\"https:\\\/\\\/secure.gravatar.com\\\/avatar\\\/b2a6f664a3ae8e074346ef91775736c5ec479e637ecced6842de9dc98b5da9cd?s=96&d=mm&r=g\",\"caption\":\"ccortez\"},\"url\":\"https:\\\/\\\/www.uartes.edu.ec\\\/sitio\\\/en\\\/blog\\\/author\\\/ccortez\\\/\"}]}<\/script>\n<!-- \/ Yoast SEO plugin. -->","yoast_head_json":{"title":"Universidad de las Artes - \u00bfQu\u00e9 hacer tras egresar de la UArtes?, Jefferson Cabrera Amaiquema habla desde su experiencia los pasos a dar","description":"Universidad de las Artes - \u00bfQu\u00e9 hacer tras egresar de la UArtes?, Jefferson Cabrera Amaiquema habla desde su experiencia los pasos a dar","robots":{"index":"index","follow":"follow","max-snippet":"max-snippet:-1","max-image-preview":"max-image-preview:large","max-video-preview":"max-video-preview:-1"},"canonical":"https:\/\/www.uartes.edu.ec\/sitio\/en\/blog\/2021\/05\/31\/que-hacer-luego-de-egresar-de-la-uartes-jefferson-cabrera-comparte-su-experiencia\/","og_locale":"en_US","og_type":"article","og_title":"Universidad de las Artes - \u00bfQu\u00e9 hacer tras egresar de la UArtes?, Jefferson Cabrera Amaiquema habla desde su experiencia los pasos a dar","og_description":"Universidad de las Artes - \u00bfQu\u00e9 hacer tras egresar de la UArtes?, Jefferson Cabrera Amaiquema habla desde su experiencia los pasos a dar","og_url":"https:\/\/www.uartes.edu.ec\/sitio\/en\/blog\/2021\/05\/31\/que-hacer-luego-de-egresar-de-la-uartes-jefferson-cabrera-comparte-su-experiencia\/","og_site_name":"Universidad de las Artes","article_publisher":"https:\/\/www.facebook.com\/uartesec","article_published_time":"2021-05-31T13:59:34+00:00","article_modified_time":"2024-07-04T16:27:12+00:00","og_image":[{"width":1015,"height":677,"url":"https:\/\/www.uartes.edu.ec\/sitio\/wp-content\/uploads\/2021\/05\/JEFFERSON-CABRERA.jpg","type":"image\/jpeg"}],"author":"ccortez","twitter_card":"summary_large_image","twitter_creator":"@uartesec","twitter_site":"@uartesec","twitter_misc":{"Written by":"ccortez","Est. reading time":"6 minutes"},"schema":{"@context":"https:\/\/schema.org","@graph":[{"@type":"Article","@id":"https:\/\/www.uartes.edu.ec\/sitio\/en\/blog\/2021\/05\/31\/que-hacer-luego-de-egresar-de-la-uartes-jefferson-cabrera-comparte-su-experiencia\/#article","isPartOf":{"@id":"https:\/\/www.uartes.edu.ec\/sitio\/en\/blog\/2021\/05\/31\/que-hacer-luego-de-egresar-de-la-uartes-jefferson-cabrera-comparte-su-experiencia\/"},"author":{"name":"ccortez","@id":"https:\/\/www.uartes.edu.ec\/sitio\/en\/#\/schema\/person\/efa1b8275797664fd7f13a79ccc0b1f4"},"headline":"\u00bfQu\u00e9 hacer tras egresar de la UArtes?, Jefferson Cabrera Amaiquema habla desde su experiencia los pasos a dar","datePublished":"2021-05-31T13:59:34+00:00","dateModified":"2024-07-04T16:27:12+00:00","mainEntityOfPage":{"@id":"https:\/\/www.uartes.edu.ec\/sitio\/en\/blog\/2021\/05\/31\/que-hacer-luego-de-egresar-de-la-uartes-jefferson-cabrera-comparte-su-experiencia\/"},"wordCount":1251,"commentCount":0,"publisher":{"@id":"https:\/\/www.uartes.edu.ec\/sitio\/en\/#organization"},"image":{"@id":"https:\/\/www.uartes.edu.ec\/sitio\/en\/blog\/2021\/05\/31\/que-hacer-luego-de-egresar-de-la-uartes-jefferson-cabrera-comparte-su-experiencia\/#primaryimage"},"thumbnailUrl":"https:\/\/www.uartes.edu.ec\/sitio\/wp-content\/uploads\/2021\/05\/JEFFERSON-CABRERA.jpg","articleSection":["Acad\u00e9mico","Artes","Estudiantes","Literatura"],"inLanguage":"en-US","potentialAction":[{"@type":"CommentAction","name":"Comment","target":["https:\/\/www.uartes.edu.ec\/sitio\/en\/blog\/2021\/05\/31\/que-hacer-luego-de-egresar-de-la-uartes-jefferson-cabrera-comparte-su-experiencia\/#respond"]}]},{"@type":["WebPage","ItemPage"],"@id":"https:\/\/www.uartes.edu.ec\/sitio\/en\/blog\/2021\/05\/31\/que-hacer-luego-de-egresar-de-la-uartes-jefferson-cabrera-comparte-su-experiencia\/","url":"https:\/\/www.uartes.edu.ec\/sitio\/en\/blog\/2021\/05\/31\/que-hacer-luego-de-egresar-de-la-uartes-jefferson-cabrera-comparte-su-experiencia\/","name":"Universidad de las Artes - \u00bfQu\u00e9 hacer tras egresar de la UArtes?, Jefferson Cabrera Amaiquema habla desde su experiencia los pasos a dar","isPartOf":{"@id":"https:\/\/www.uartes.edu.ec\/sitio\/en\/#website"},"primaryImageOfPage":{"@id":"https:\/\/www.uartes.edu.ec\/sitio\/en\/blog\/2021\/05\/31\/que-hacer-luego-de-egresar-de-la-uartes-jefferson-cabrera-comparte-su-experiencia\/#primaryimage"},"image":{"@id":"https:\/\/www.uartes.edu.ec\/sitio\/en\/blog\/2021\/05\/31\/que-hacer-luego-de-egresar-de-la-uartes-jefferson-cabrera-comparte-su-experiencia\/#primaryimage"},"thumbnailUrl":"https:\/\/www.uartes.edu.ec\/sitio\/wp-content\/uploads\/2021\/05\/JEFFERSON-CABRERA.jpg","datePublished":"2021-05-31T13:59:34+00:00","dateModified":"2024-07-04T16:27:12+00:00","description":"Universidad de las Artes - \u00bfQu\u00e9 hacer tras egresar de la UArtes?, Jefferson Cabrera Amaiquema habla desde su experiencia los pasos a dar","breadcrumb":{"@id":"https:\/\/www.uartes.edu.ec\/sitio\/en\/blog\/2021\/05\/31\/que-hacer-luego-de-egresar-de-la-uartes-jefferson-cabrera-comparte-su-experiencia\/#breadcrumb"},"inLanguage":"en-US","potentialAction":[{"@type":"ReadAction","target":["https:\/\/www.uartes.edu.ec\/sitio\/en\/blog\/2021\/05\/31\/que-hacer-luego-de-egresar-de-la-uartes-jefferson-cabrera-comparte-su-experiencia\/"]}]},{"@type":"ImageObject","inLanguage":"en-US","@id":"https:\/\/www.uartes.edu.ec\/sitio\/en\/blog\/2021\/05\/31\/que-hacer-luego-de-egresar-de-la-uartes-jefferson-cabrera-comparte-su-experiencia\/#primaryimage","url":"https:\/\/www.uartes.edu.ec\/sitio\/wp-content\/uploads\/2021\/05\/JEFFERSON-CABRERA.jpg","contentUrl":"https:\/\/www.uartes.edu.ec\/sitio\/wp-content\/uploads\/2021\/05\/JEFFERSON-CABRERA.jpg","width":1015,"height":677},{"@type":"BreadcrumbList","@id":"https:\/\/www.uartes.edu.ec\/sitio\/en\/blog\/2021\/05\/31\/que-hacer-luego-de-egresar-de-la-uartes-jefferson-cabrera-comparte-su-experiencia\/#breadcrumb","itemListElement":[{"@type":"ListItem","position":1,"name":"Inicio","item":"https:\/\/www.uartes.edu.ec\/sitio\/"},{"@type":"ListItem","position":2,"name":"\u00bfQu\u00e9 hacer tras egresar de la UArtes?, Jefferson Cabrera Amaiquema habla desde su experiencia los pasos a dar"}]},{"@type":"WebSite","@id":"https:\/\/www.uartes.edu.ec\/sitio\/en\/#website","url":"https:\/\/www.uartes.edu.ec\/sitio\/en\/","name":"Universidad de las Artes","description":"Sitio oficial de la Universidad Nacional de las Artes del Ecuador","publisher":{"@id":"https:\/\/www.uartes.edu.ec\/sitio\/en\/#organization"},"potentialAction":[{"@type":"SearchAction","target":{"@type":"EntryPoint","urlTemplate":"https:\/\/www.uartes.edu.ec\/sitio\/en\/?s={search_term_string}"},"query-input":{"@type":"PropertyValueSpecification","valueRequired":true,"valueName":"search_term_string"}}],"inLanguage":"en-US"},{"@type":"Organization","@id":"https:\/\/www.uartes.edu.ec\/sitio\/en\/#organization","name":"Universidad de las Artes","url":"https:\/\/www.uartes.edu.ec\/sitio\/en\/","logo":{"@type":"ImageObject","inLanguage":"en-US","@id":"https:\/\/www.uartes.edu.ec\/sitio\/en\/#\/schema\/logo\/image\/","url":"https:\/\/www.uartes.edu.ec\/sitio\/wp-content\/uploads\/2022\/07\/logo-ua-horizontal.png","contentUrl":"https:\/\/www.uartes.edu.ec\/sitio\/wp-content\/uploads\/2022\/07\/logo-ua-horizontal.png","width":800,"height":276,"caption":"Universidad de las Artes"},"image":{"@id":"https:\/\/www.uartes.edu.ec\/sitio\/en\/#\/schema\/logo\/image\/"},"sameAs":["https:\/\/www.facebook.com\/uartesec","https:\/\/x.com\/uartesec","https:\/\/www.tiktok.com\/@uartesec"]},{"@type":"Person","@id":"https:\/\/www.uartes.edu.ec\/sitio\/en\/#\/schema\/person\/efa1b8275797664fd7f13a79ccc0b1f4","name":"ccortez","image":{"@type":"ImageObject","inLanguage":"en-US","@id":"https:\/\/secure.gravatar.com\/avatar\/b2a6f664a3ae8e074346ef91775736c5ec479e637ecced6842de9dc98b5da9cd?s=96&d=mm&r=g","url":"https:\/\/secure.gravatar.com\/avatar\/b2a6f664a3ae8e074346ef91775736c5ec479e637ecced6842de9dc98b5da9cd?s=96&d=mm&r=g","contentUrl":"https:\/\/secure.gravatar.com\/avatar\/b2a6f664a3ae8e074346ef91775736c5ec479e637ecced6842de9dc98b5da9cd?s=96&d=mm&r=g","caption":"ccortez"},"url":"https:\/\/www.uartes.edu.ec\/sitio\/en\/blog\/author\/ccortez\/"}]}},"uagb_featured_image_src":{"full":["https:\/\/www.uartes.edu.ec\/sitio\/wp-content\/uploads\/2021\/05\/JEFFERSON-CABRERA.jpg",1015,677,false],"thumbnail":["https:\/\/www.uartes.edu.ec\/sitio\/wp-content\/uploads\/2021\/05\/JEFFERSON-CABRERA-150x150.jpg",150,150,true],"medium":["https:\/\/www.uartes.edu.ec\/sitio\/wp-content\/uploads\/2021\/05\/JEFFERSON-CABRERA-300x200.jpg",300,200,true],"medium_large":["https:\/\/www.uartes.edu.ec\/sitio\/wp-content\/uploads\/2021\/05\/JEFFERSON-CABRERA-768x512.jpg",768,512,true],"large":["https:\/\/www.uartes.edu.ec\/sitio\/wp-content\/uploads\/2021\/05\/JEFFERSON-CABRERA-644x430.jpg",644,430,true],"1536x1536":["https:\/\/www.uartes.edu.ec\/sitio\/wp-content\/uploads\/2021\/05\/JEFFERSON-CABRERA.jpg",1015,677,false],"2048x2048":["https:\/\/www.uartes.edu.ec\/sitio\/wp-content\/uploads\/2021\/05\/JEFFERSON-CABRERA.jpg",1015,677,false],"trp-custom-language-flag":["https:\/\/www.uartes.edu.ec\/sitio\/wp-content\/uploads\/2021\/05\/JEFFERSON-CABRERA.jpg",18,12,false],"htmega_size_585x295":["https:\/\/www.uartes.edu.ec\/sitio\/wp-content\/uploads\/2021\/05\/JEFFERSON-CABRERA-585x295.jpg",585,295,true],"htmega_size_1170x536":["https:\/\/www.uartes.edu.ec\/sitio\/wp-content\/uploads\/2021\/05\/JEFFERSON-CABRERA-1015x536.jpg",1015,536,true],"htmega_size_396x360":["https:\/\/www.uartes.edu.ec\/sitio\/wp-content\/uploads\/2021\/05\/JEFFERSON-CABRERA-396x360.jpg",396,360,true],"gb-block-post-grid-landscape":["https:\/\/www.uartes.edu.ec\/sitio\/wp-content\/uploads\/2021\/05\/JEFFERSON-CABRERA.jpg",600,400,false],"gb-block-post-grid-square":["https:\/\/www.uartes.edu.ec\/sitio\/wp-content\/uploads\/2021\/05\/JEFFERSON-CABRERA.jpg",600,400,false],"university-hub-thumb":["https:\/\/www.uartes.edu.ec\/sitio\/wp-content\/uploads\/2021\/05\/JEFFERSON-CABRERA-400x267.jpg",400,267,true]},"uagb_author_info":{"display_name":"ccortez","author_link":"https:\/\/www.uartes.edu.ec\/sitio\/en\/blog\/author\/ccortez\/"},"uagb_comment_info":0,"uagb_excerpt":"Jefferson Cabrera Amaiquema es licenciado en Literatura por la UArtes y luego de graduarse ha participado en varias actividades acad\u00e9micas, como el I Encuentro Regional Costa de Gesti\u00f3n Cultural, organizado por el maestrante UArtes Miguel Cantos, y el I Simposio Internacional de Pedagog\u00eda, de la Universidad T\u00e9cnica de Manab\u00ed. De su experiencia, \u00e9l da cuenta&hellip;","featured_image_src":"https:\/\/www.uartes.edu.ec\/sitio\/wp-content\/uploads\/2021\/05\/JEFFERSON-CABRERA.jpg","featured_image_src_square":"https:\/\/www.uartes.edu.ec\/sitio\/wp-content\/uploads\/2021\/05\/JEFFERSON-CABRERA.jpg","author_info":{"display_name":"ccortez","author_link":"https:\/\/www.uartes.edu.ec\/sitio\/en\/blog\/author\/ccortez\/"},"publishpress_future_workflow_manual_trigger":{"enabledWorkflows":[]},"distributor_meta":false,"distributor_terms":false,"distributor_media":false,"distributor_original_site_name":"Universidad de las Artes","distributor_original_site_url":"https:\/\/www.uartes.edu.ec\/sitio\/en","push-errors":false,"_links":{"self":[{"href":"https:\/\/www.uartes.edu.ec\/sitio\/en\/wp-json\/wp\/v2\/posts\/13981","targetHints":{"allow":["GET"]}}],"collection":[{"href":"https:\/\/www.uartes.edu.ec\/sitio\/en\/wp-json\/wp\/v2\/posts"}],"about":[{"href":"https:\/\/www.uartes.edu.ec\/sitio\/en\/wp-json\/wp\/v2\/types\/post"}],"author":[{"embeddable":true,"href":"https:\/\/www.uartes.edu.ec\/sitio\/en\/wp-json\/wp\/v2\/users\/10"}],"replies":[{"embeddable":true,"href":"https:\/\/www.uartes.edu.ec\/sitio\/en\/wp-json\/wp\/v2\/comments?post=13981"}],"version-history":[{"count":8,"href":"https:\/\/www.uartes.edu.ec\/sitio\/en\/wp-json\/wp\/v2\/posts\/13981\/revisions"}],"predecessor-version":[{"id":27509,"href":"https:\/\/www.uartes.edu.ec\/sitio\/en\/wp-json\/wp\/v2\/posts\/13981\/revisions\/27509"}],"wp:featuredmedia":[{"embeddable":true,"href":"https:\/\/www.uartes.edu.ec\/sitio\/en\/wp-json\/wp\/v2\/media\/13983"}],"wp:attachment":[{"href":"https:\/\/www.uartes.edu.ec\/sitio\/en\/wp-json\/wp\/v2\/media?parent=13981"}],"wp:term":[{"taxonomy":"category","embeddable":true,"href":"https:\/\/www.uartes.edu.ec\/sitio\/en\/wp-json\/wp\/v2\/categories?post=13981"},{"taxonomy":"post_tag","embeddable":true,"href":"https:\/\/www.uartes.edu.ec\/sitio\/en\/wp-json\/wp\/v2\/tags?post=13981"},{"taxonomy":"infouartes","embeddable":true,"href":"https:\/\/www.uartes.edu.ec\/sitio\/en\/wp-json\/wp\/v2\/infouartes?post=13981"}],"curies":[{"name":"wp","href":"https:\/\/api.w.org\/{rel}","templated":true}]}}