{"id":1401,"date":"2018-03-26T16:20:29","date_gmt":"2018-03-26T21:20:29","guid":{"rendered":"http:\/\/www.uartes.edu.ec\/infouartes\/?p=1401"},"modified":"2024-07-04T11:53:55","modified_gmt":"2024-07-04T16:53:55","slug":"un-viaje-por-el-corazon-de-la-serpiente-amaru","status":"publish","type":"post","link":"https:\/\/www.uartes.edu.ec\/sitio\/en\/blog\/2018\/03\/26\/un-viaje-por-el-corazon-de-la-serpiente-amaru\/","title":{"rendered":"Un viaje por el coraz\u00f3n de la serpiente (Amaru)"},"content":{"rendered":"<p><em>Por Laura Nivela<\/em><\/p>\n<p>El d\u00eda viernes 2 de febrero de 2018, a partir de las 5:30 a.m., el bus de la UArtes nos esperaba en el Campus Centro para un viaje programado a la provincia de Chimborazo. Este es el primer viaje programado, en conjunto con estudiantes de diversos niveles de Kichwa de la Universidad de las Artes, a Colta, Riobamba, Cajabamba y Guano con la finalidad de acercarnos a las comunidades kichwa hablantes y al territorio ancestral de los Puruw\u00e1.<\/p>\n<p>Antes de salir, nos reunimos en el Pasaje Illingworth y mientras esper\u00e1bamos a nuestro profesor de Kichwa, Arturo Muyulema, con el pasar de los minutos \u00edbamos creciendo en n\u00famero. Estamos listos para viajar, subimos las maletas y nos despedimos de nuestros padres, algunos solo suben sin ver atr\u00e1s.<\/p>\n<p>Nuestra primera parada. Luego de alrededor de seis horas de viaje, a las 11 a.m. llegamos a la laguna de Colta, donde se encuentra el Instituto Tecnol\u00f3gico Superior de Saberes Ancestrales y Nueva Conciencia \u201cJatun Yachay Wasi\u201d, creado como respuesta a la necesidad de estudiar, validar y revitalizar los saberes y conocimientos ancestrales de los pueblos originarios mediante la generaci\u00f3n de procesos acad\u00e9micos-cient\u00edficos direccionados al \u201cSumak Kawsay\u201d (buen vivir).<\/p>\n<p>En el Instituto aprendimos, a partir de un recorrido colectivo y ameno, sobre sus instalaciones hechas de materiales como la madera y la paja, aulas sin puertas de metal o materiales similares, porque lo que se busca es una manera de construcci\u00f3n cultural amigable con el medio ambiente y la posici\u00f3n con el sol. Asimilando el fr\u00edo aire del lugar y admirando las peque\u00f1as flores que encontr\u00e1bamos por el camino, nuestros gu\u00edas nos ense\u00f1aron huertos as\u00ed como el uso de las plantas medicinales. Nos ense\u00f1aron que existen plantas de clima caliente y de fr\u00edo, hembra y macho, siempre en dualidad y par, que partir de las lunas hay que saber cu\u00e1ndo podar y cosechar.<\/p>\n<p>Otro lugar que visitamos dentro del Instituto fue el \u2018Rupak Puyu\u2019 (El temazcal), que representa el vientre materno y el vientre de la Pachamama, nos explicaron que al momento de entrar limpia el cuerpo de toxinas, malas vibras y que para ello el temazcal debe estar a una temperatura alta, m\u00e1xima de hasta los 50 grados, lo que lleva al sujeto despu\u00e9s de la limpieza a un proceso de volver a nacer. Frente al temazcal hay un horno de piedras volc\u00e1nicas que funcionan como una salida para las energ\u00edas que acabamos de desechar. Al final de nuestro recorrido, el gu\u00eda dijo \u201cel bosque andino es como una serpiente y adentro est\u00e1 el coraz\u00f3n de la serpiente\u201d.<\/p>\n<p>Seguimos nuestro viaje a Cajabamba para buscar algo que comer porque luego nos esperaba el ascenso a la monta\u00f1a. De regreso pasamos nuevamente por \u201cJatun Yachay Wasi\u201d y la laguna de Colta, atravesamos la parroquia Santiago de Quito para entrar a la comunidad de \u2018Alajahuan\u2019, all\u00ed el bus nos llev\u00f3 hasta unos 100 metros de una capilla cat\u00f3lica construida en la cima de una monta\u00f1a sobre una waka (sitio sagrado) recubierta de \u00e1reas verdes y extensas laderas que lo circundan; all\u00ed se siente el soplo de los vientos provenientes de los 4 regiones o suyus representados por las monta\u00f1as de Chimborazo, Altar, mama Tungurahua y Sangay, desde la cima se aprecia toda la ciudad de Riobamba. En el templo, nos contaba Jos\u00e9 Parco (t\u00e9cnico de gesti\u00f3n de Interculturalidad del GAD Riobamba), que deg\u00fcellan gallos como ofrenda a la Pachamama y en las proximidades al carnaval acuden cientos de personas de diferentes comunidades ind\u00edgenas, inclusive de otras provincias, para bajar por las monta\u00f1as aleda\u00f1as en forma de zigzag, festejando y cantando.<\/p>\n<p>Nos vamos con el ultimo rayo de sol, camino detr\u00e1s de mis compa\u00f1eros, los veo bajar r\u00e1pidamente mientas los peque\u00f1os rayos de sol tocan sus cabezas. Inmediatamente la lluvia nos alcanz\u00f3 a manera de saludo con los extra\u00f1os, pero sin ser un impedimento en nuestro recorrido por los parajes de la monta\u00f1a y precipicios. En clara aceptaci\u00f3n nuestra, la lluvia se desvanece mientras llegamos a un sembr\u00edo de papas donde encontramos a una familia kichwa en un cave de papas en la comunidad Puchi Guallav\u00ed (la tierra de nuestro gu\u00eda Jos\u00e9 Parco), nos detuvimos para conversar y pudimos ver de cerca la cosecha de papas. Escuchamos las conversaciones en kichwa de nuestro profesor, las \u00a0traducciones de nuestro gu\u00eda, vimos los gestos y sus sonrisas. Me sorprendi\u00f3 que a tal temperatura pudieran trabajar con tan poca ropa, mientras nosotros nos ten\u00edamos que abrazar entre cuatro para poder contener un poco de calor\u2026<\/p>\n<p>De repente ya hab\u00edamos descendido la monta\u00f1a y cruzamos las parroquias de Pun\u00edn, San Luis y llegamos a Riobamba ya cayendo la noche\u2026 nos hospedamos en el centro, en el coraz\u00f3n de la ciudad. Antes de que termine la noche deambulamos alrededor de las grandes explanadas con antiguos rieles de trenes de la Plaza Eloy Alfaro, m\u00e1s conocida como \u201cLa Estaci\u00f3n\u201d.<\/p>\n<p>Casi al finalizar la noche y desde una terraza, entre las calles que se oscurecen y los sem\u00e1foros intermitentes, divisamos a dos personas caminando, envueltas en una s\u00e1bana con las bocas tapadas en pa\u00f1uelos oscuros. Caminaban sincronizadamente, tan pegadas que parec\u00edan siamesas. Las calles se vuelven a iluminar, las personas empiezan a moverse en grandes grupos, ellas han desaparecido.<\/p>\n<p>Guano es nuestro \u00faltimo destino del viaje. En nuestra entrada al museo municipal de Guano nos sorprendi\u00f3 la presencia del \u00faltimo hielero del Chimborazo, el tayta Baltazar Ushca, \u00e9l conversa fervientemente en espa\u00f1ol y en kichwa, con el profesor Muyulema, sobre sus viajes no solamente al Chimborazo sino al exterior, donde recibi\u00f3 un premio. En uno de sus di\u00e1logos, empezamos a conversar acerca del transporte del hielo:<\/p>\n<ul>\n<li>\u00bfCu\u00e1nto tarda el traslado para poder bajar el hielo?<\/li>\n<li>4 horas de subida y 4 horas de bajada<\/li>\n<li>\u00bfCu\u00e1nto dura el hielo?<\/li>\n<li>2 semanas en mitad de paja.<\/li>\n<\/ul>\n<p>Todos nos asombramos y tocamos sutilmente el hielo de gran tama\u00f1o que \u00e9l sostiene en sus manos como si no lo quemara y no quemara sus dedos. Nos sonr\u00ede y nosotros le sonre\u00edmos a \u00e9l.<\/p>\n<p><a href=\"http:\/\/www.uartes.edu.ec\/Para-Riobamba-vamos.php\"><strong>Conoce otro relato de este viaje a trav\u00e9s de la mirada de John Sub\u00eda Cant\u00f3<\/strong><\/a><\/p>\n<p>Nos reunimos de nuevo en el bus y tomamos el camino a la ciudad de Riobamba y emprendimos nuestro retorno a Guayaquil.<\/p>\n<p>En este viaje a la provincia de Chimborazo hemos estado pululando el coraz\u00f3n de la serpiente, entre siamesas fantasma, conversaciones, miradas, distintas formas de comunicaci\u00f3n, distintos climas y sentimientos. Creo en los ni\u00f1os sonrientes que he conocido en este viaje, en mis compa\u00f1eros de clase: Silia Aguilar, Josu\u00e9 Benjam\u00edn Loor Armend\u00e1riz, Nicole Elizabeth Coronado Narea, Erick Alexander Juma Albarran, Sharon Nivole Maila Maldonado, Valeria Karolina Bury Arellano, Luis Adri\u00e1n Andaluz J\u00e1come, Jorge Andr\u00e9s Brando Calero y John Sub\u00eda Cant\u00f3 y Diego Encalada.<\/p>\n<p>Mientras cada sonrisa se guarde en el recuerdo de las manos \/extensi\u00f3n\/ de las m\u00edas, mientras las sonrisas y el sonido del bus se guarden en la memoria del viaje, del movimiento, en peque\u00f1as gotas de lluvia en nuestras ventanas, seguir\u00e9 recordando el peque\u00f1o sonido de nuestros pies posando para las fotos.<\/p>\n<p>Detengo el tiempo. El viaje nunca se termina.<\/p>\n<p style=\"text-align: center\">[metaslider id=1404]<\/p>\n","protected":false},"excerpt":{"rendered":"<p>Por Laura Nivela El d\u00eda viernes 2 de febrero de 2018, a partir de las 5:30 a.m., el bus de la UArtes nos esperaba en el Campus Centro para un viaje programado a la provincia de Chimborazo. Este es el primer viaje programado, en conjunto con estudiantes de diversos niveles de Kichwa de la Universidad [&hellip;]<\/p>\n","protected":false},"author":1,"featured_media":1402,"comment_status":"closed","ping_status":"closed","sticky":false,"template":"","format":"standard","meta":{"_acf_changed":false,"_uag_custom_page_level_css":"","_monsterinsights_skip_tracking":false,"_monsterinsights_sitenote_active":false,"_monsterinsights_sitenote_note":"","_monsterinsights_sitenote_category":0,"cybocfi_hide_featured_image":"","footnotes":""},"categories":[76,79],"tags":[],"infouartes":[],"class_list":["post-1401","post","type-post","status-publish","format-standard","has-post-thumbnail","hentry","category-estudiantes","category-vinculo"],"acf":[],"yoast_head":"<!-- This site is optimized with the Yoast SEO plugin v27.4 - https:\/\/yoast.com\/product\/yoast-seo-wordpress\/ -->\n<title>Universidad de las Artes - Un viaje por el coraz\u00f3n de la serpiente (Amaru)<\/title>\n<meta name=\"description\" content=\"Universidad de las Artes - Un viaje por el coraz\u00f3n de la serpiente (Amaru)\" \/>\n<meta name=\"robots\" content=\"index, follow, max-snippet:-1, max-image-preview:large, max-video-preview:-1\" \/>\n<link rel=\"canonical\" href=\"https:\/\/www.uartes.edu.ec\/sitio\/en\/blog\/2018\/03\/26\/un-viaje-por-el-corazon-de-la-serpiente-amaru\/\" \/>\n<meta property=\"og:locale\" content=\"en_US\" \/>\n<meta property=\"og:type\" content=\"article\" \/>\n<meta property=\"og:title\" content=\"Universidad de las Artes - Un viaje por el coraz\u00f3n de la serpiente (Amaru)\" \/>\n<meta property=\"og:description\" content=\"Universidad de las Artes - Un viaje por el coraz\u00f3n de la serpiente (Amaru)\" \/>\n<meta property=\"og:url\" content=\"https:\/\/www.uartes.edu.ec\/sitio\/en\/blog\/2018\/03\/26\/un-viaje-por-el-corazon-de-la-serpiente-amaru\/\" \/>\n<meta property=\"og:site_name\" content=\"Universidad de las Artes\" \/>\n<meta property=\"article:publisher\" content=\"https:\/\/www.facebook.com\/uartesec\" \/>\n<meta property=\"article:published_time\" content=\"2018-03-26T21:20:29+00:00\" \/>\n<meta property=\"article:modified_time\" content=\"2024-07-04T16:53:55+00:00\" \/>\n<meta name=\"author\" content=\"Universidad de las Artes\" \/>\n<meta name=\"twitter:card\" content=\"summary_large_image\" \/>\n<meta name=\"twitter:creator\" content=\"@uartesec\" \/>\n<meta name=\"twitter:site\" content=\"@uartesec\" \/>\n<meta name=\"twitter:label1\" content=\"Written by\" \/>\n\t<meta name=\"twitter:data1\" content=\"Universidad de las Artes\" \/>\n\t<meta name=\"twitter:label2\" content=\"Est. reading time\" \/>\n\t<meta name=\"twitter:data2\" content=\"6 minutes\" \/>\n<script type=\"application\/ld+json\" class=\"yoast-schema-graph\">{\"@context\":\"https:\\\/\\\/schema.org\",\"@graph\":[{\"@type\":\"Article\",\"@id\":\"https:\\\/\\\/www.uartes.edu.ec\\\/sitio\\\/en\\\/blog\\\/2018\\\/03\\\/26\\\/un-viaje-por-el-corazon-de-la-serpiente-amaru\\\/#article\",\"isPartOf\":{\"@id\":\"https:\\\/\\\/www.uartes.edu.ec\\\/sitio\\\/en\\\/blog\\\/2018\\\/03\\\/26\\\/un-viaje-por-el-corazon-de-la-serpiente-amaru\\\/\"},\"author\":{\"name\":\"Universidad de las Artes\",\"@id\":\"https:\\\/\\\/www.uartes.edu.ec\\\/sitio\\\/en\\\/#\\\/schema\\\/person\\\/f33f8c1d2af0d5c80a38c8abf458184a\"},\"headline\":\"Un viaje por el coraz\u00f3n de la serpiente (Amaru)\",\"datePublished\":\"2018-03-26T21:20:29+00:00\",\"dateModified\":\"2024-07-04T16:53:55+00:00\",\"mainEntityOfPage\":{\"@id\":\"https:\\\/\\\/www.uartes.edu.ec\\\/sitio\\\/en\\\/blog\\\/2018\\\/03\\\/26\\\/un-viaje-por-el-corazon-de-la-serpiente-amaru\\\/\"},\"wordCount\":1260,\"publisher\":{\"@id\":\"https:\\\/\\\/www.uartes.edu.ec\\\/sitio\\\/en\\\/#organization\"},\"image\":{\"@id\":\"https:\\\/\\\/www.uartes.edu.ec\\\/sitio\\\/en\\\/blog\\\/2018\\\/03\\\/26\\\/un-viaje-por-el-corazon-de-la-serpiente-amaru\\\/#primaryimage\"},\"thumbnailUrl\":\"\",\"articleSection\":[\"Estudiantes\",\"V\u00ednculo\"],\"inLanguage\":\"en-US\"},{\"@type\":[\"WebPage\",\"ItemPage\"],\"@id\":\"https:\\\/\\\/www.uartes.edu.ec\\\/sitio\\\/en\\\/blog\\\/2018\\\/03\\\/26\\\/un-viaje-por-el-corazon-de-la-serpiente-amaru\\\/\",\"url\":\"https:\\\/\\\/www.uartes.edu.ec\\\/sitio\\\/en\\\/blog\\\/2018\\\/03\\\/26\\\/un-viaje-por-el-corazon-de-la-serpiente-amaru\\\/\",\"name\":\"Universidad de las Artes - Un viaje por el coraz\u00f3n de la serpiente (Amaru)\",\"isPartOf\":{\"@id\":\"https:\\\/\\\/www.uartes.edu.ec\\\/sitio\\\/en\\\/#website\"},\"primaryImageOfPage\":{\"@id\":\"https:\\\/\\\/www.uartes.edu.ec\\\/sitio\\\/en\\\/blog\\\/2018\\\/03\\\/26\\\/un-viaje-por-el-corazon-de-la-serpiente-amaru\\\/#primaryimage\"},\"image\":{\"@id\":\"https:\\\/\\\/www.uartes.edu.ec\\\/sitio\\\/en\\\/blog\\\/2018\\\/03\\\/26\\\/un-viaje-por-el-corazon-de-la-serpiente-amaru\\\/#primaryimage\"},\"thumbnailUrl\":\"\",\"datePublished\":\"2018-03-26T21:20:29+00:00\",\"dateModified\":\"2024-07-04T16:53:55+00:00\",\"description\":\"Universidad de las Artes - Un viaje por el coraz\u00f3n de la serpiente (Amaru)\",\"breadcrumb\":{\"@id\":\"https:\\\/\\\/www.uartes.edu.ec\\\/sitio\\\/en\\\/blog\\\/2018\\\/03\\\/26\\\/un-viaje-por-el-corazon-de-la-serpiente-amaru\\\/#breadcrumb\"},\"inLanguage\":\"en-US\",\"potentialAction\":[{\"@type\":\"ReadAction\",\"target\":[\"https:\\\/\\\/www.uartes.edu.ec\\\/sitio\\\/en\\\/blog\\\/2018\\\/03\\\/26\\\/un-viaje-por-el-corazon-de-la-serpiente-amaru\\\/\"]}]},{\"@type\":\"ImageObject\",\"inLanguage\":\"en-US\",\"@id\":\"https:\\\/\\\/www.uartes.edu.ec\\\/sitio\\\/en\\\/blog\\\/2018\\\/03\\\/26\\\/un-viaje-por-el-corazon-de-la-serpiente-amaru\\\/#primaryimage\",\"url\":\"\",\"contentUrl\":\"\"},{\"@type\":\"BreadcrumbList\",\"@id\":\"https:\\\/\\\/www.uartes.edu.ec\\\/sitio\\\/en\\\/blog\\\/2018\\\/03\\\/26\\\/un-viaje-por-el-corazon-de-la-serpiente-amaru\\\/#breadcrumb\",\"itemListElement\":[{\"@type\":\"ListItem\",\"position\":1,\"name\":\"Inicio\",\"item\":\"https:\\\/\\\/www.uartes.edu.ec\\\/sitio\\\/\"},{\"@type\":\"ListItem\",\"position\":2,\"name\":\"Un viaje por el coraz\u00f3n de la serpiente (Amaru)\"}]},{\"@type\":\"WebSite\",\"@id\":\"https:\\\/\\\/www.uartes.edu.ec\\\/sitio\\\/en\\\/#website\",\"url\":\"https:\\\/\\\/www.uartes.edu.ec\\\/sitio\\\/en\\\/\",\"name\":\"Universidad de las Artes\",\"description\":\"Sitio oficial de la Universidad Nacional de las Artes del Ecuador\",\"publisher\":{\"@id\":\"https:\\\/\\\/www.uartes.edu.ec\\\/sitio\\\/en\\\/#organization\"},\"potentialAction\":[{\"@type\":\"SearchAction\",\"target\":{\"@type\":\"EntryPoint\",\"urlTemplate\":\"https:\\\/\\\/www.uartes.edu.ec\\\/sitio\\\/en\\\/?s={search_term_string}\"},\"query-input\":{\"@type\":\"PropertyValueSpecification\",\"valueRequired\":true,\"valueName\":\"search_term_string\"}}],\"inLanguage\":\"en-US\"},{\"@type\":\"Organization\",\"@id\":\"https:\\\/\\\/www.uartes.edu.ec\\\/sitio\\\/en\\\/#organization\",\"name\":\"Universidad de las Artes\",\"url\":\"https:\\\/\\\/www.uartes.edu.ec\\\/sitio\\\/en\\\/\",\"logo\":{\"@type\":\"ImageObject\",\"inLanguage\":\"en-US\",\"@id\":\"https:\\\/\\\/www.uartes.edu.ec\\\/sitio\\\/en\\\/#\\\/schema\\\/logo\\\/image\\\/\",\"url\":\"https:\\\/\\\/www.uartes.edu.ec\\\/sitio\\\/wp-content\\\/uploads\\\/2022\\\/07\\\/logo-ua-horizontal.png\",\"contentUrl\":\"https:\\\/\\\/www.uartes.edu.ec\\\/sitio\\\/wp-content\\\/uploads\\\/2022\\\/07\\\/logo-ua-horizontal.png\",\"width\":800,\"height\":276,\"caption\":\"Universidad de las Artes\"},\"image\":{\"@id\":\"https:\\\/\\\/www.uartes.edu.ec\\\/sitio\\\/en\\\/#\\\/schema\\\/logo\\\/image\\\/\"},\"sameAs\":[\"https:\\\/\\\/www.facebook.com\\\/uartesec\",\"https:\\\/\\\/x.com\\\/uartesec\",\"https:\\\/\\\/www.tiktok.com\\\/@uartesec\"]},{\"@type\":\"Person\",\"@id\":\"https:\\\/\\\/www.uartes.edu.ec\\\/sitio\\\/en\\\/#\\\/schema\\\/person\\\/f33f8c1d2af0d5c80a38c8abf458184a\",\"name\":\"Universidad de las Artes\",\"image\":{\"@type\":\"ImageObject\",\"inLanguage\":\"en-US\",\"@id\":\"https:\\\/\\\/secure.gravatar.com\\\/avatar\\\/52e4757902f5cfa5ac52d020e5be83cae5487519154b6c35482fe08d589f3c13?s=96&d=mm&r=g\",\"url\":\"https:\\\/\\\/secure.gravatar.com\\\/avatar\\\/52e4757902f5cfa5ac52d020e5be83cae5487519154b6c35482fe08d589f3c13?s=96&d=mm&r=g\",\"contentUrl\":\"https:\\\/\\\/secure.gravatar.com\\\/avatar\\\/52e4757902f5cfa5ac52d020e5be83cae5487519154b6c35482fe08d589f3c13?s=96&d=mm&r=g\",\"caption\":\"Universidad de las Artes\"},\"url\":\"https:\\\/\\\/www.uartes.edu.ec\\\/sitio\\\/en\\\/blog\\\/author\\\/dircomadm\\\/\"}]}<\/script>\n<!-- \/ Yoast SEO plugin. -->","yoast_head_json":{"title":"Universidad de las Artes - Un viaje por el coraz\u00f3n de la serpiente (Amaru)","description":"Universidad de las Artes - Un viaje por el coraz\u00f3n de la serpiente (Amaru)","robots":{"index":"index","follow":"follow","max-snippet":"max-snippet:-1","max-image-preview":"max-image-preview:large","max-video-preview":"max-video-preview:-1"},"canonical":"https:\/\/www.uartes.edu.ec\/sitio\/en\/blog\/2018\/03\/26\/un-viaje-por-el-corazon-de-la-serpiente-amaru\/","og_locale":"en_US","og_type":"article","og_title":"Universidad de las Artes - Un viaje por el coraz\u00f3n de la serpiente (Amaru)","og_description":"Universidad de las Artes - Un viaje por el coraz\u00f3n de la serpiente (Amaru)","og_url":"https:\/\/www.uartes.edu.ec\/sitio\/en\/blog\/2018\/03\/26\/un-viaje-por-el-corazon-de-la-serpiente-amaru\/","og_site_name":"Universidad de las Artes","article_publisher":"https:\/\/www.facebook.com\/uartesec","article_published_time":"2018-03-26T21:20:29+00:00","article_modified_time":"2024-07-04T16:53:55+00:00","author":"Universidad de las Artes","twitter_card":"summary_large_image","twitter_creator":"@uartesec","twitter_site":"@uartesec","twitter_misc":{"Written by":"Universidad de las Artes","Est. reading time":"6 minutes"},"schema":{"@context":"https:\/\/schema.org","@graph":[{"@type":"Article","@id":"https:\/\/www.uartes.edu.ec\/sitio\/en\/blog\/2018\/03\/26\/un-viaje-por-el-corazon-de-la-serpiente-amaru\/#article","isPartOf":{"@id":"https:\/\/www.uartes.edu.ec\/sitio\/en\/blog\/2018\/03\/26\/un-viaje-por-el-corazon-de-la-serpiente-amaru\/"},"author":{"name":"Universidad de las Artes","@id":"https:\/\/www.uartes.edu.ec\/sitio\/en\/#\/schema\/person\/f33f8c1d2af0d5c80a38c8abf458184a"},"headline":"Un viaje por el coraz\u00f3n de la serpiente (Amaru)","datePublished":"2018-03-26T21:20:29+00:00","dateModified":"2024-07-04T16:53:55+00:00","mainEntityOfPage":{"@id":"https:\/\/www.uartes.edu.ec\/sitio\/en\/blog\/2018\/03\/26\/un-viaje-por-el-corazon-de-la-serpiente-amaru\/"},"wordCount":1260,"publisher":{"@id":"https:\/\/www.uartes.edu.ec\/sitio\/en\/#organization"},"image":{"@id":"https:\/\/www.uartes.edu.ec\/sitio\/en\/blog\/2018\/03\/26\/un-viaje-por-el-corazon-de-la-serpiente-amaru\/#primaryimage"},"thumbnailUrl":"","articleSection":["Estudiantes","V\u00ednculo"],"inLanguage":"en-US"},{"@type":["WebPage","ItemPage"],"@id":"https:\/\/www.uartes.edu.ec\/sitio\/en\/blog\/2018\/03\/26\/un-viaje-por-el-corazon-de-la-serpiente-amaru\/","url":"https:\/\/www.uartes.edu.ec\/sitio\/en\/blog\/2018\/03\/26\/un-viaje-por-el-corazon-de-la-serpiente-amaru\/","name":"Universidad de las Artes - Un viaje por el coraz\u00f3n de la serpiente (Amaru)","isPartOf":{"@id":"https:\/\/www.uartes.edu.ec\/sitio\/en\/#website"},"primaryImageOfPage":{"@id":"https:\/\/www.uartes.edu.ec\/sitio\/en\/blog\/2018\/03\/26\/un-viaje-por-el-corazon-de-la-serpiente-amaru\/#primaryimage"},"image":{"@id":"https:\/\/www.uartes.edu.ec\/sitio\/en\/blog\/2018\/03\/26\/un-viaje-por-el-corazon-de-la-serpiente-amaru\/#primaryimage"},"thumbnailUrl":"","datePublished":"2018-03-26T21:20:29+00:00","dateModified":"2024-07-04T16:53:55+00:00","description":"Universidad de las Artes - Un viaje por el coraz\u00f3n de la serpiente (Amaru)","breadcrumb":{"@id":"https:\/\/www.uartes.edu.ec\/sitio\/en\/blog\/2018\/03\/26\/un-viaje-por-el-corazon-de-la-serpiente-amaru\/#breadcrumb"},"inLanguage":"en-US","potentialAction":[{"@type":"ReadAction","target":["https:\/\/www.uartes.edu.ec\/sitio\/en\/blog\/2018\/03\/26\/un-viaje-por-el-corazon-de-la-serpiente-amaru\/"]}]},{"@type":"ImageObject","inLanguage":"en-US","@id":"https:\/\/www.uartes.edu.ec\/sitio\/en\/blog\/2018\/03\/26\/un-viaje-por-el-corazon-de-la-serpiente-amaru\/#primaryimage","url":"","contentUrl":""},{"@type":"BreadcrumbList","@id":"https:\/\/www.uartes.edu.ec\/sitio\/en\/blog\/2018\/03\/26\/un-viaje-por-el-corazon-de-la-serpiente-amaru\/#breadcrumb","itemListElement":[{"@type":"ListItem","position":1,"name":"Inicio","item":"https:\/\/www.uartes.edu.ec\/sitio\/"},{"@type":"ListItem","position":2,"name":"Un viaje por el coraz\u00f3n de la serpiente (Amaru)"}]},{"@type":"WebSite","@id":"https:\/\/www.uartes.edu.ec\/sitio\/en\/#website","url":"https:\/\/www.uartes.edu.ec\/sitio\/en\/","name":"Universidad de las Artes","description":"Sitio oficial de la Universidad Nacional de las Artes del Ecuador","publisher":{"@id":"https:\/\/www.uartes.edu.ec\/sitio\/en\/#organization"},"potentialAction":[{"@type":"SearchAction","target":{"@type":"EntryPoint","urlTemplate":"https:\/\/www.uartes.edu.ec\/sitio\/en\/?s={search_term_string}"},"query-input":{"@type":"PropertyValueSpecification","valueRequired":true,"valueName":"search_term_string"}}],"inLanguage":"en-US"},{"@type":"Organization","@id":"https:\/\/www.uartes.edu.ec\/sitio\/en\/#organization","name":"Universidad de las Artes","url":"https:\/\/www.uartes.edu.ec\/sitio\/en\/","logo":{"@type":"ImageObject","inLanguage":"en-US","@id":"https:\/\/www.uartes.edu.ec\/sitio\/en\/#\/schema\/logo\/image\/","url":"https:\/\/www.uartes.edu.ec\/sitio\/wp-content\/uploads\/2022\/07\/logo-ua-horizontal.png","contentUrl":"https:\/\/www.uartes.edu.ec\/sitio\/wp-content\/uploads\/2022\/07\/logo-ua-horizontal.png","width":800,"height":276,"caption":"Universidad de las Artes"},"image":{"@id":"https:\/\/www.uartes.edu.ec\/sitio\/en\/#\/schema\/logo\/image\/"},"sameAs":["https:\/\/www.facebook.com\/uartesec","https:\/\/x.com\/uartesec","https:\/\/www.tiktok.com\/@uartesec"]},{"@type":"Person","@id":"https:\/\/www.uartes.edu.ec\/sitio\/en\/#\/schema\/person\/f33f8c1d2af0d5c80a38c8abf458184a","name":"Universidad de las Artes","image":{"@type":"ImageObject","inLanguage":"en-US","@id":"https:\/\/secure.gravatar.com\/avatar\/52e4757902f5cfa5ac52d020e5be83cae5487519154b6c35482fe08d589f3c13?s=96&d=mm&r=g","url":"https:\/\/secure.gravatar.com\/avatar\/52e4757902f5cfa5ac52d020e5be83cae5487519154b6c35482fe08d589f3c13?s=96&d=mm&r=g","contentUrl":"https:\/\/secure.gravatar.com\/avatar\/52e4757902f5cfa5ac52d020e5be83cae5487519154b6c35482fe08d589f3c13?s=96&d=mm&r=g","caption":"Universidad de las Artes"},"url":"https:\/\/www.uartes.edu.ec\/sitio\/en\/blog\/author\/dircomadm\/"}]}},"uagb_featured_image_src":{"full":false,"thumbnail":false,"medium":false,"medium_large":false,"large":false,"1536x1536":false,"2048x2048":false,"trp-custom-language-flag":false,"htmega_size_585x295":false,"htmega_size_1170x536":false,"htmega_size_396x360":false,"gb-block-post-grid-landscape":false,"gb-block-post-grid-square":false,"university-hub-thumb":false},"uagb_author_info":{"display_name":"Universidad de las Artes","author_link":"https:\/\/www.uartes.edu.ec\/sitio\/en\/blog\/author\/dircomadm\/"},"uagb_comment_info":0,"uagb_excerpt":"Por Laura Nivela El d\u00eda viernes 2 de febrero de 2018, a partir de las 5:30 a.m., el bus de la UArtes nos esperaba en el Campus Centro para un viaje programado a la provincia de Chimborazo. Este es el primer viaje programado, en conjunto con estudiantes de diversos niveles de Kichwa de la Universidad&hellip;","featured_image_src":null,"featured_image_src_square":null,"author_info":{"display_name":"Universidad de las Artes","author_link":"https:\/\/www.uartes.edu.ec\/sitio\/en\/blog\/author\/dircomadm\/"},"publishpress_future_workflow_manual_trigger":{"enabledWorkflows":[]},"distributor_meta":false,"distributor_terms":false,"distributor_media":false,"distributor_original_site_name":"Universidad de las Artes","distributor_original_site_url":"https:\/\/www.uartes.edu.ec\/sitio\/en","push-errors":false,"_links":{"self":[{"href":"https:\/\/www.uartes.edu.ec\/sitio\/en\/wp-json\/wp\/v2\/posts\/1401","targetHints":{"allow":["GET"]}}],"collection":[{"href":"https:\/\/www.uartes.edu.ec\/sitio\/en\/wp-json\/wp\/v2\/posts"}],"about":[{"href":"https:\/\/www.uartes.edu.ec\/sitio\/en\/wp-json\/wp\/v2\/types\/post"}],"author":[{"embeddable":true,"href":"https:\/\/www.uartes.edu.ec\/sitio\/en\/wp-json\/wp\/v2\/users\/1"}],"replies":[{"embeddable":true,"href":"https:\/\/www.uartes.edu.ec\/sitio\/en\/wp-json\/wp\/v2\/comments?post=1401"}],"version-history":[{"count":1,"href":"https:\/\/www.uartes.edu.ec\/sitio\/en\/wp-json\/wp\/v2\/posts\/1401\/revisions"}],"predecessor-version":[{"id":3416,"href":"https:\/\/www.uartes.edu.ec\/sitio\/en\/wp-json\/wp\/v2\/posts\/1401\/revisions\/3416"}],"wp:featuredmedia":[{"embeddable":true,"href":"https:\/\/www.uartes.edu.ec\/sitio\/en\/wp-json\/"}],"wp:attachment":[{"href":"https:\/\/www.uartes.edu.ec\/sitio\/en\/wp-json\/wp\/v2\/media?parent=1401"}],"wp:term":[{"taxonomy":"category","embeddable":true,"href":"https:\/\/www.uartes.edu.ec\/sitio\/en\/wp-json\/wp\/v2\/categories?post=1401"},{"taxonomy":"post_tag","embeddable":true,"href":"https:\/\/www.uartes.edu.ec\/sitio\/en\/wp-json\/wp\/v2\/tags?post=1401"},{"taxonomy":"infouartes","embeddable":true,"href":"https:\/\/www.uartes.edu.ec\/sitio\/en\/wp-json\/wp\/v2\/infouartes?post=1401"}],"curies":[{"name":"wp","href":"https:\/\/api.w.org\/{rel}","templated":true}]}}