{"id":14012,"date":"2021-06-03T17:15:00","date_gmt":"2021-06-03T22:15:00","guid":{"rendered":"http:\/\/www.uartes.edu.ec\/sitio\/?p=14012"},"modified":"2024-07-04T11:27:12","modified_gmt":"2024-07-04T16:27:12","slug":"circulo-de-lectura-se-abre-en-la-biblioteca-de-las-artes","status":"publish","type":"post","link":"https:\/\/www.uartes.edu.ec\/sitio\/en\/blog\/2021\/06\/03\/circulo-de-lectura-se-abre-en-la-biblioteca-de-las-artes\/","title":{"rendered":"\u201cC\u00edrculo de Lectura\u201d se abre en la Biblioteca de las Artes"},"content":{"rendered":"<p>En este mes de junio de 2021 se abre en la Biblioteca de las Artes un nuevo espacio de lectura y escritura, pensado para la comunidad amante de la literatura. El proyecto se denomina&nbsp;\u201cC\u00edrculo de Lectura\u201d y participan de manera conjunta Vinculaci\u00f3n con la Comunidad, la Escuela de Literatura y La Casa Morada.<\/p>\n\n\n\n<p>\u201cVamos a leer libros, pensar en las historias que nos cuentan, discutir las ideas en torno a una novela, repensar la vida de l@s personajes y los autor@s y tambi\u00e9n la nuestra, imaginar otros mundos, sentir las palabras: los c\u00edrculos de lectura hacen eso y mucho m\u00e1s. Vamos a leer y comentar con la gu\u00eda de amantes lector@s, porque leer es un placer y nos reuniremos para comentar los libros que nos gustan\u201d, se\u00f1alan los organizadores de la iniciativa.<br><br>Las sesiones del \u201cC\u00edrculo de Lectura\u201d tendr\u00e1n lugar cada quince d\u00edas, desde las 19:00 hasta las 20:30, de manera virtual, a trav\u00e9s de la plataforma Zoom. Cada sesi\u00f3n tendr\u00e1 su gu\u00eda y ser\u00e1n las docentes Maritza Cino Alvear, Mar\u00eda Paulina Briones y Andrea Crespo Granada, y los estudiantes y egresados Zully Ord\u00f3\u00f1ez, Victoria Vaccaro, Cristian Alvarado, Margarethe Tirado y Juan Mart\u00edn Riofr\u00edo.<\/p>\n\n\n\n<p>En este mes se analizar\u00e1n los textos <em>Una habitaci\u00f3n propia<\/em>, de Wirginia Woolf, y <em>Las malas<\/em>, de Camila Sosa Villada. En la primera sesi\u00f3n participar\u00e1 la docente Martiza Cino y en la segunda, Victoria Vaccaro,<\/p>\n\n\n\n<h3 class=\"wp-block-heading\"><strong>M\u00e1s sobre los gu\u00edas de las sesiones<\/strong><\/h3>\n\n\n\n<p>Maritza Cino Alvear, docente de la Escuela de Literatura, es licenciada en Lengua Espa\u00f1ola y Literatura y tiene una\u00a0maestr\u00eda en Educaci\u00f3n Superior. Ha publicado ocho libros de poes\u00eda y uno de relatos. Sus textos aparecen en antolog\u00edas nacionales e internacionales. Parte de su obra ha sido traducida al ingl\u00e9s, italiano, portugu\u00e9s y franc\u00e9s.<\/p>\n\n\n\n<p>Mar\u00eda Paulina Briones naci\u00f3 en Guayaquil. Estudi\u00f3 Comunicaci\u00f3n Cultural y Literatura en la Universidad Cat\u00f3lica de Santiago de Guayaquil y cuenta con dos maestr\u00edas. Una de Estudios Avanzados en Literatura Espa\u00f1ola e Hispanoamericano, por la Universitat de Barcelona, y otra en Edici\u00f3n de Textos, por la Universidad de Salamanca. Gan\u00f3 el premio de poes\u00eda Ismael P\u00e9rez Pazmi\u00f1o, organizado por el diario El Universo con su libro <em>Tratado de los bordes o cercenaci\u00f3n del estero<\/em>. Es tambi\u00e9n novelista, dirige el sello Cad\u00e1ver Exquisito, fundadora de la Editorial Casa Morada y es docente de la Universidad de las Artes.<\/p>\n\n\n\n<p>Andrea Crespo Granada, docente en UArtes, ha publicado los libros <em>L.A. Monstruo<\/em> (Cad\u00e1ver exquisito, 2013), <em>Registro de la Habitada<\/em> (Premio Nacional Aurelio Espisona P\u00f3lit, 2016) y <em>Libro H\u00e9mbrico <\/em>(Premio David Ledesma, 2017)<\/p>\n\n\n\n<p>Zully Ordo\u00f1ez es egresada de la UArtes, de la Escuela de Literatura. Ha participado en Coloquio \u201cEl Devenir Animal y la Filosof\u00eda de Gilles Deleuze y F\u00e9lix Guattari\u201d, Universidad Central del Ecuador (Quito, 2019); Coloquio \u201cLiteraturas Fronterizas\u201d Universidad de las Artes del Ecuador (Guayaquil, 2019); ganadora de una Menci\u00f3n de Honor en el concurso de poes\u00eda Libre Libro de la Universidad de las Artes del Ecuador (Guayaquil, 2019); publicado poes\u00eda en la revista literaria de la Universidad Escuela Polit\u00e9cnica del Ecuador \u201cPixeletras\u201d (Guayaquil, 2019) y en el libro de poes\u00eda Caballos Nacidos del Polvo de Uartes Ediciones.<\/p>\n\n\n\n<p>V\u00edctoria Vaccaro, poeta, mujer trans, feminista. Sus poemas han sido publicados en Editorial Despertar, <em>Revista Tangente<\/em> e Iberoam\u00e9rica, revista y editorial literaria iberoamericana. En el marco de la V Edici\u00f3n de Libre Libro expuso una ponencia sobre las influencias en la poes\u00eda del poeta guayaquile\u00f1o Medardo \u00c1ngel Silva, cuyo texto fue despu\u00e9s publicado en la revista <em>Pie de P\u00e1gina.<\/em> Su primer poemario, <em>\u00c1rbol ginecol\u00f3gico, <\/em>fue publicado en el sello Minga Po\u00e9tica de la Editorial Cr\u00edmenes en Venus. Actualmente cursa la carrera de Literatura en la UArtes.<\/p>\n\n\n\n<p>Cristian Alvarado, licenciado en literatura por las Universidad de las Artes. Ha publicado art\u00edculos acad\u00e9micos y relatos de ficci\u00f3n en revistas como <em>La Deleuziana y Pixeletras.<\/em> Menci\u00f3n de honor en el I Concurso de Cuento \u201cLibre Libro\u201d 2018, cuyo texto se incluy\u00f3 en la antolog\u00eda de cuentos <em>La \u00faltima hora<\/em> (2018). Ha tenido participaciones en el primer coloquio de la red de estudios latinoamericanos Deleuze y Guattari, organizado por la Universidad Central de Quito, en 2019, y en el Primer Coloquio de Literaturas Comparadas \u201cNarrativas y Artes fronterizas\u201d de la UArtes en el 2019. Gan\u00f3 tambi\u00e9n la beca Comuna para residencias estudiantiles (2019). Co-organizador del club de lectura \u201cInfestaci\u00f3n\u201d, en cooperaci\u00f3n con el Departamento de V\u00ednculo con la Comunidad de la UArtes (2020).<\/p>\n\n\n\n<p>Margarethe Tirado, licenciada en Literatura por la UArtes con la tesis \u201cLa transitoriedad de los cuerpos en Gran sert\u00f3n: Veredas\u201d. Uno de sus ensayos, <em>Gilda Holst: potencias corp\u00f3reas de lo abyecto,<\/em> fue publicado en la revista <em>Pie de P\u00e1gina<\/em>. Ha participado en algunos recitales de poes\u00eda, proyectos vinculados a las letras y las artes transdisciplinarias, y en algunos conversatorios sobre literatura y filosof\u00eda, como el I Coloquio \u201cEl devenir animal en la filosof\u00eda de Gilles Deleuze y F\u00e9lix Guattari\u201d, de la Universidad Central, y el I Coloquio Literaturas Comparadas \u201cNarrativas y Artes Fronterizas\u201d, de la UArtes.<\/p>\n\n\n\n<p>Juan Mart\u00edn Riofr\u00edo (Quito, 2000), estudiante de literatura en la Universidad de las Artes. Reside en Guayaquil desde hace 15 a\u00f1os. Desde 2020, maneja el blog de Instagram: @ellectorsemiotico, espacio donde escribe rese\u00f1as sobre libros, y realiza entrevistas a escritores nacionales e internacionales.<\/p>\n\n\n\n<p>Link de inscripci\u00f3n:<br><a href=\"https:\/\/forms.office.com\/r\/wjgU8ehuye\" target=\"_blank\" rel=\"noreferrer noopener\">https:\/\/forms.office.com\/r\/wjgU8ehuye<\/a><\/p>","protected":false},"excerpt":{"rendered":"<p>En este mes de junio de 2021 se abre en la Biblioteca de las Artes un nuevo espacio de lectura y escritura, pensado para la comunidad amante de la literatura. El proyecto se denomina\u00a0\u201cC\u00edrculo de Lectura\u201d y participan de manera conjunta Vinculaci\u00f3n con la Comunidad, la Escuela de Literatura y La Casa Morada.<\/p>","protected":false},"author":10,"featured_media":14025,"comment_status":"open","ping_status":"open","sticky":false,"template":"","format":"standard","meta":{"_acf_changed":false,"_uag_custom_page_level_css":"","_monsterinsights_skip_tracking":false,"_monsterinsights_sitenote_active":false,"_monsterinsights_sitenote_note":"","_monsterinsights_sitenote_category":0,"cybocfi_hide_featured_image":"","footnotes":""},"categories":[75,76,175,79],"tags":[41],"infouartes":[],"class_list":["post-14012","post","type-post","status-publish","format-standard","has-post-thumbnail","hentry","category-docentes","category-estudiantes","category-literatura","category-vinculo","tag-biblioteca"],"acf":[],"yoast_head":"<!-- This site is optimized with the Yoast SEO plugin v27.4 - https:\/\/yoast.com\/product\/yoast-seo-wordpress\/ -->\n<title>Universidad de las Artes - \u201cC\u00edrculo de Lectura\u201d se abre en la Biblioteca de las Artes<\/title>\n<meta name=\"description\" content=\"Universidad de las Artes - \u201cC\u00edrculo de Lectura\u201d se abre en la Biblioteca de las Artes\" \/>\n<meta name=\"robots\" content=\"index, follow, max-snippet:-1, max-image-preview:large, max-video-preview:-1\" \/>\n<link rel=\"canonical\" href=\"https:\/\/www.uartes.edu.ec\/sitio\/en\/blog\/2021\/06\/03\/circulo-de-lectura-se-abre-en-la-biblioteca-de-las-artes\/\" \/>\n<meta property=\"og:locale\" content=\"en_US\" \/>\n<meta property=\"og:type\" content=\"article\" \/>\n<meta property=\"og:title\" content=\"Universidad de las Artes - \u201cC\u00edrculo de Lectura\u201d se abre en la Biblioteca de las Artes\" \/>\n<meta property=\"og:description\" content=\"Universidad de las Artes - \u201cC\u00edrculo de Lectura\u201d se abre en la Biblioteca de las Artes\" \/>\n<meta property=\"og:url\" content=\"https:\/\/www.uartes.edu.ec\/sitio\/en\/blog\/2021\/06\/03\/circulo-de-lectura-se-abre-en-la-biblioteca-de-las-artes\/\" \/>\n<meta property=\"og:site_name\" content=\"Universidad de las Artes\" \/>\n<meta property=\"article:publisher\" content=\"https:\/\/www.facebook.com\/uartesec\" \/>\n<meta property=\"article:published_time\" content=\"2021-06-03T22:15:00+00:00\" \/>\n<meta property=\"article:modified_time\" content=\"2024-07-04T16:27:12+00:00\" \/>\n<meta property=\"og:image\" content=\"https:\/\/www.uartes.edu.ec\/sitio\/wp-content\/uploads\/2021\/06\/CIRCULO-DE-LECURA.jpg\" \/>\n\t<meta property=\"og:image:width\" content=\"2000\" \/>\n\t<meta property=\"og:image:height\" content=\"1333\" \/>\n\t<meta property=\"og:image:type\" content=\"image\/jpeg\" \/>\n<meta name=\"author\" content=\"ccortez\" \/>\n<meta name=\"twitter:card\" content=\"summary_large_image\" \/>\n<meta name=\"twitter:creator\" content=\"@uartesec\" \/>\n<meta name=\"twitter:site\" content=\"@uartesec\" \/>\n<meta name=\"twitter:label1\" content=\"Written by\" \/>\n\t<meta name=\"twitter:data1\" content=\"ccortez\" \/>\n\t<meta name=\"twitter:label2\" content=\"Est. reading time\" \/>\n\t<meta name=\"twitter:data2\" content=\"4 minutes\" \/>\n<script type=\"application\/ld+json\" class=\"yoast-schema-graph\">{\"@context\":\"https:\\\/\\\/schema.org\",\"@graph\":[{\"@type\":\"Article\",\"@id\":\"https:\\\/\\\/www.uartes.edu.ec\\\/sitio\\\/en\\\/blog\\\/2021\\\/06\\\/03\\\/circulo-de-lectura-se-abre-en-la-biblioteca-de-las-artes\\\/#article\",\"isPartOf\":{\"@id\":\"https:\\\/\\\/www.uartes.edu.ec\\\/sitio\\\/en\\\/blog\\\/2021\\\/06\\\/03\\\/circulo-de-lectura-se-abre-en-la-biblioteca-de-las-artes\\\/\"},\"author\":{\"name\":\"ccortez\",\"@id\":\"https:\\\/\\\/www.uartes.edu.ec\\\/sitio\\\/en\\\/#\\\/schema\\\/person\\\/efa1b8275797664fd7f13a79ccc0b1f4\"},\"headline\":\"\u201cC\u00edrculo de Lectura\u201d se abre en la Biblioteca de las Artes\",\"datePublished\":\"2021-06-03T22:15:00+00:00\",\"dateModified\":\"2024-07-04T16:27:12+00:00\",\"mainEntityOfPage\":{\"@id\":\"https:\\\/\\\/www.uartes.edu.ec\\\/sitio\\\/en\\\/blog\\\/2021\\\/06\\\/03\\\/circulo-de-lectura-se-abre-en-la-biblioteca-de-las-artes\\\/\"},\"wordCount\":958,\"commentCount\":0,\"publisher\":{\"@id\":\"https:\\\/\\\/www.uartes.edu.ec\\\/sitio\\\/en\\\/#organization\"},\"image\":{\"@id\":\"https:\\\/\\\/www.uartes.edu.ec\\\/sitio\\\/en\\\/blog\\\/2021\\\/06\\\/03\\\/circulo-de-lectura-se-abre-en-la-biblioteca-de-las-artes\\\/#primaryimage\"},\"thumbnailUrl\":\"https:\\\/\\\/www.uartes.edu.ec\\\/sitio\\\/wp-content\\\/uploads\\\/2021\\\/06\\\/CIRCULO-DE-LECURA.jpg\",\"keywords\":[\"biblioteca\"],\"articleSection\":[\"Docentes\",\"Estudiantes\",\"Literatura\",\"V\u00ednculo\"],\"inLanguage\":\"en-US\",\"potentialAction\":[{\"@type\":\"CommentAction\",\"name\":\"Comment\",\"target\":[\"https:\\\/\\\/www.uartes.edu.ec\\\/sitio\\\/en\\\/blog\\\/2021\\\/06\\\/03\\\/circulo-de-lectura-se-abre-en-la-biblioteca-de-las-artes\\\/#respond\"]}]},{\"@type\":[\"WebPage\",\"ItemPage\"],\"@id\":\"https:\\\/\\\/www.uartes.edu.ec\\\/sitio\\\/en\\\/blog\\\/2021\\\/06\\\/03\\\/circulo-de-lectura-se-abre-en-la-biblioteca-de-las-artes\\\/\",\"url\":\"https:\\\/\\\/www.uartes.edu.ec\\\/sitio\\\/en\\\/blog\\\/2021\\\/06\\\/03\\\/circulo-de-lectura-se-abre-en-la-biblioteca-de-las-artes\\\/\",\"name\":\"Universidad de las Artes - \u201cC\u00edrculo de Lectura\u201d se abre en la Biblioteca de las Artes\",\"isPartOf\":{\"@id\":\"https:\\\/\\\/www.uartes.edu.ec\\\/sitio\\\/en\\\/#website\"},\"primaryImageOfPage\":{\"@id\":\"https:\\\/\\\/www.uartes.edu.ec\\\/sitio\\\/en\\\/blog\\\/2021\\\/06\\\/03\\\/circulo-de-lectura-se-abre-en-la-biblioteca-de-las-artes\\\/#primaryimage\"},\"image\":{\"@id\":\"https:\\\/\\\/www.uartes.edu.ec\\\/sitio\\\/en\\\/blog\\\/2021\\\/06\\\/03\\\/circulo-de-lectura-se-abre-en-la-biblioteca-de-las-artes\\\/#primaryimage\"},\"thumbnailUrl\":\"https:\\\/\\\/www.uartes.edu.ec\\\/sitio\\\/wp-content\\\/uploads\\\/2021\\\/06\\\/CIRCULO-DE-LECURA.jpg\",\"datePublished\":\"2021-06-03T22:15:00+00:00\",\"dateModified\":\"2024-07-04T16:27:12+00:00\",\"description\":\"Universidad de las Artes - \u201cC\u00edrculo de Lectura\u201d se abre en la Biblioteca de las Artes\",\"breadcrumb\":{\"@id\":\"https:\\\/\\\/www.uartes.edu.ec\\\/sitio\\\/en\\\/blog\\\/2021\\\/06\\\/03\\\/circulo-de-lectura-se-abre-en-la-biblioteca-de-las-artes\\\/#breadcrumb\"},\"inLanguage\":\"en-US\",\"potentialAction\":[{\"@type\":\"ReadAction\",\"target\":[\"https:\\\/\\\/www.uartes.edu.ec\\\/sitio\\\/en\\\/blog\\\/2021\\\/06\\\/03\\\/circulo-de-lectura-se-abre-en-la-biblioteca-de-las-artes\\\/\"]}]},{\"@type\":\"ImageObject\",\"inLanguage\":\"en-US\",\"@id\":\"https:\\\/\\\/www.uartes.edu.ec\\\/sitio\\\/en\\\/blog\\\/2021\\\/06\\\/03\\\/circulo-de-lectura-se-abre-en-la-biblioteca-de-las-artes\\\/#primaryimage\",\"url\":\"https:\\\/\\\/www.uartes.edu.ec\\\/sitio\\\/wp-content\\\/uploads\\\/2021\\\/06\\\/CIRCULO-DE-LECURA.jpg\",\"contentUrl\":\"https:\\\/\\\/www.uartes.edu.ec\\\/sitio\\\/wp-content\\\/uploads\\\/2021\\\/06\\\/CIRCULO-DE-LECURA.jpg\",\"width\":2000,\"height\":1333,\"caption\":\"\u201cC\u00edrculo de Lectura\u201d se abre en la Biblioteca de las Artes\"},{\"@type\":\"BreadcrumbList\",\"@id\":\"https:\\\/\\\/www.uartes.edu.ec\\\/sitio\\\/en\\\/blog\\\/2021\\\/06\\\/03\\\/circulo-de-lectura-se-abre-en-la-biblioteca-de-las-artes\\\/#breadcrumb\",\"itemListElement\":[{\"@type\":\"ListItem\",\"position\":1,\"name\":\"Inicio\",\"item\":\"https:\\\/\\\/www.uartes.edu.ec\\\/sitio\\\/\"},{\"@type\":\"ListItem\",\"position\":2,\"name\":\"\u201cC\u00edrculo de Lectura\u201d se abre en la Biblioteca de las Artes\"}]},{\"@type\":\"WebSite\",\"@id\":\"https:\\\/\\\/www.uartes.edu.ec\\\/sitio\\\/en\\\/#website\",\"url\":\"https:\\\/\\\/www.uartes.edu.ec\\\/sitio\\\/en\\\/\",\"name\":\"Universidad de las Artes\",\"description\":\"Sitio oficial de la Universidad Nacional de las Artes del Ecuador\",\"publisher\":{\"@id\":\"https:\\\/\\\/www.uartes.edu.ec\\\/sitio\\\/en\\\/#organization\"},\"potentialAction\":[{\"@type\":\"SearchAction\",\"target\":{\"@type\":\"EntryPoint\",\"urlTemplate\":\"https:\\\/\\\/www.uartes.edu.ec\\\/sitio\\\/en\\\/?s={search_term_string}\"},\"query-input\":{\"@type\":\"PropertyValueSpecification\",\"valueRequired\":true,\"valueName\":\"search_term_string\"}}],\"inLanguage\":\"en-US\"},{\"@type\":\"Organization\",\"@id\":\"https:\\\/\\\/www.uartes.edu.ec\\\/sitio\\\/en\\\/#organization\",\"name\":\"Universidad de las Artes\",\"url\":\"https:\\\/\\\/www.uartes.edu.ec\\\/sitio\\\/en\\\/\",\"logo\":{\"@type\":\"ImageObject\",\"inLanguage\":\"en-US\",\"@id\":\"https:\\\/\\\/www.uartes.edu.ec\\\/sitio\\\/en\\\/#\\\/schema\\\/logo\\\/image\\\/\",\"url\":\"https:\\\/\\\/www.uartes.edu.ec\\\/sitio\\\/wp-content\\\/uploads\\\/2022\\\/07\\\/logo-ua-horizontal.png\",\"contentUrl\":\"https:\\\/\\\/www.uartes.edu.ec\\\/sitio\\\/wp-content\\\/uploads\\\/2022\\\/07\\\/logo-ua-horizontal.png\",\"width\":800,\"height\":276,\"caption\":\"Universidad de las Artes\"},\"image\":{\"@id\":\"https:\\\/\\\/www.uartes.edu.ec\\\/sitio\\\/en\\\/#\\\/schema\\\/logo\\\/image\\\/\"},\"sameAs\":[\"https:\\\/\\\/www.facebook.com\\\/uartesec\",\"https:\\\/\\\/x.com\\\/uartesec\",\"https:\\\/\\\/www.tiktok.com\\\/@uartesec\"]},{\"@type\":\"Person\",\"@id\":\"https:\\\/\\\/www.uartes.edu.ec\\\/sitio\\\/en\\\/#\\\/schema\\\/person\\\/efa1b8275797664fd7f13a79ccc0b1f4\",\"name\":\"ccortez\",\"image\":{\"@type\":\"ImageObject\",\"inLanguage\":\"en-US\",\"@id\":\"https:\\\/\\\/secure.gravatar.com\\\/avatar\\\/b2a6f664a3ae8e074346ef91775736c5ec479e637ecced6842de9dc98b5da9cd?s=96&d=mm&r=g\",\"url\":\"https:\\\/\\\/secure.gravatar.com\\\/avatar\\\/b2a6f664a3ae8e074346ef91775736c5ec479e637ecced6842de9dc98b5da9cd?s=96&d=mm&r=g\",\"contentUrl\":\"https:\\\/\\\/secure.gravatar.com\\\/avatar\\\/b2a6f664a3ae8e074346ef91775736c5ec479e637ecced6842de9dc98b5da9cd?s=96&d=mm&r=g\",\"caption\":\"ccortez\"},\"url\":\"https:\\\/\\\/www.uartes.edu.ec\\\/sitio\\\/en\\\/blog\\\/author\\\/ccortez\\\/\"}]}<\/script>\n<!-- \/ Yoast SEO plugin. -->","yoast_head_json":{"title":"Universidad de las Artes - \u201cC\u00edrculo de Lectura\u201d se abre en la Biblioteca de las Artes","description":"Universidad de las Artes - \u201cC\u00edrculo de Lectura\u201d se abre en la Biblioteca de las Artes","robots":{"index":"index","follow":"follow","max-snippet":"max-snippet:-1","max-image-preview":"max-image-preview:large","max-video-preview":"max-video-preview:-1"},"canonical":"https:\/\/www.uartes.edu.ec\/sitio\/en\/blog\/2021\/06\/03\/circulo-de-lectura-se-abre-en-la-biblioteca-de-las-artes\/","og_locale":"en_US","og_type":"article","og_title":"Universidad de las Artes - \u201cC\u00edrculo de Lectura\u201d se abre en la Biblioteca de las Artes","og_description":"Universidad de las Artes - \u201cC\u00edrculo de Lectura\u201d se abre en la Biblioteca de las Artes","og_url":"https:\/\/www.uartes.edu.ec\/sitio\/en\/blog\/2021\/06\/03\/circulo-de-lectura-se-abre-en-la-biblioteca-de-las-artes\/","og_site_name":"Universidad de las Artes","article_publisher":"https:\/\/www.facebook.com\/uartesec","article_published_time":"2021-06-03T22:15:00+00:00","article_modified_time":"2024-07-04T16:27:12+00:00","og_image":[{"width":2000,"height":1333,"url":"https:\/\/www.uartes.edu.ec\/sitio\/wp-content\/uploads\/2021\/06\/CIRCULO-DE-LECURA.jpg","type":"image\/jpeg"}],"author":"ccortez","twitter_card":"summary_large_image","twitter_creator":"@uartesec","twitter_site":"@uartesec","twitter_misc":{"Written by":"ccortez","Est. reading time":"4 minutes"},"schema":{"@context":"https:\/\/schema.org","@graph":[{"@type":"Article","@id":"https:\/\/www.uartes.edu.ec\/sitio\/en\/blog\/2021\/06\/03\/circulo-de-lectura-se-abre-en-la-biblioteca-de-las-artes\/#article","isPartOf":{"@id":"https:\/\/www.uartes.edu.ec\/sitio\/en\/blog\/2021\/06\/03\/circulo-de-lectura-se-abre-en-la-biblioteca-de-las-artes\/"},"author":{"name":"ccortez","@id":"https:\/\/www.uartes.edu.ec\/sitio\/en\/#\/schema\/person\/efa1b8275797664fd7f13a79ccc0b1f4"},"headline":"\u201cC\u00edrculo de Lectura\u201d se abre en la Biblioteca de las Artes","datePublished":"2021-06-03T22:15:00+00:00","dateModified":"2024-07-04T16:27:12+00:00","mainEntityOfPage":{"@id":"https:\/\/www.uartes.edu.ec\/sitio\/en\/blog\/2021\/06\/03\/circulo-de-lectura-se-abre-en-la-biblioteca-de-las-artes\/"},"wordCount":958,"commentCount":0,"publisher":{"@id":"https:\/\/www.uartes.edu.ec\/sitio\/en\/#organization"},"image":{"@id":"https:\/\/www.uartes.edu.ec\/sitio\/en\/blog\/2021\/06\/03\/circulo-de-lectura-se-abre-en-la-biblioteca-de-las-artes\/#primaryimage"},"thumbnailUrl":"https:\/\/www.uartes.edu.ec\/sitio\/wp-content\/uploads\/2021\/06\/CIRCULO-DE-LECURA.jpg","keywords":["biblioteca"],"articleSection":["Docentes","Estudiantes","Literatura","V\u00ednculo"],"inLanguage":"en-US","potentialAction":[{"@type":"CommentAction","name":"Comment","target":["https:\/\/www.uartes.edu.ec\/sitio\/en\/blog\/2021\/06\/03\/circulo-de-lectura-se-abre-en-la-biblioteca-de-las-artes\/#respond"]}]},{"@type":["WebPage","ItemPage"],"@id":"https:\/\/www.uartes.edu.ec\/sitio\/en\/blog\/2021\/06\/03\/circulo-de-lectura-se-abre-en-la-biblioteca-de-las-artes\/","url":"https:\/\/www.uartes.edu.ec\/sitio\/en\/blog\/2021\/06\/03\/circulo-de-lectura-se-abre-en-la-biblioteca-de-las-artes\/","name":"Universidad de las Artes - \u201cC\u00edrculo de Lectura\u201d se abre en la Biblioteca de las Artes","isPartOf":{"@id":"https:\/\/www.uartes.edu.ec\/sitio\/en\/#website"},"primaryImageOfPage":{"@id":"https:\/\/www.uartes.edu.ec\/sitio\/en\/blog\/2021\/06\/03\/circulo-de-lectura-se-abre-en-la-biblioteca-de-las-artes\/#primaryimage"},"image":{"@id":"https:\/\/www.uartes.edu.ec\/sitio\/en\/blog\/2021\/06\/03\/circulo-de-lectura-se-abre-en-la-biblioteca-de-las-artes\/#primaryimage"},"thumbnailUrl":"https:\/\/www.uartes.edu.ec\/sitio\/wp-content\/uploads\/2021\/06\/CIRCULO-DE-LECURA.jpg","datePublished":"2021-06-03T22:15:00+00:00","dateModified":"2024-07-04T16:27:12+00:00","description":"Universidad de las Artes - \u201cC\u00edrculo de Lectura\u201d se abre en la Biblioteca de las Artes","breadcrumb":{"@id":"https:\/\/www.uartes.edu.ec\/sitio\/en\/blog\/2021\/06\/03\/circulo-de-lectura-se-abre-en-la-biblioteca-de-las-artes\/#breadcrumb"},"inLanguage":"en-US","potentialAction":[{"@type":"ReadAction","target":["https:\/\/www.uartes.edu.ec\/sitio\/en\/blog\/2021\/06\/03\/circulo-de-lectura-se-abre-en-la-biblioteca-de-las-artes\/"]}]},{"@type":"ImageObject","inLanguage":"en-US","@id":"https:\/\/www.uartes.edu.ec\/sitio\/en\/blog\/2021\/06\/03\/circulo-de-lectura-se-abre-en-la-biblioteca-de-las-artes\/#primaryimage","url":"https:\/\/www.uartes.edu.ec\/sitio\/wp-content\/uploads\/2021\/06\/CIRCULO-DE-LECURA.jpg","contentUrl":"https:\/\/www.uartes.edu.ec\/sitio\/wp-content\/uploads\/2021\/06\/CIRCULO-DE-LECURA.jpg","width":2000,"height":1333,"caption":"\u201cC\u00edrculo de Lectura\u201d se abre en la Biblioteca de las Artes"},{"@type":"BreadcrumbList","@id":"https:\/\/www.uartes.edu.ec\/sitio\/en\/blog\/2021\/06\/03\/circulo-de-lectura-se-abre-en-la-biblioteca-de-las-artes\/#breadcrumb","itemListElement":[{"@type":"ListItem","position":1,"name":"Inicio","item":"https:\/\/www.uartes.edu.ec\/sitio\/"},{"@type":"ListItem","position":2,"name":"\u201cC\u00edrculo de Lectura\u201d se abre en la Biblioteca de las Artes"}]},{"@type":"WebSite","@id":"https:\/\/www.uartes.edu.ec\/sitio\/en\/#website","url":"https:\/\/www.uartes.edu.ec\/sitio\/en\/","name":"Universidad de las Artes","description":"Sitio oficial de la Universidad Nacional de las Artes del Ecuador","publisher":{"@id":"https:\/\/www.uartes.edu.ec\/sitio\/en\/#organization"},"potentialAction":[{"@type":"SearchAction","target":{"@type":"EntryPoint","urlTemplate":"https:\/\/www.uartes.edu.ec\/sitio\/en\/?s={search_term_string}"},"query-input":{"@type":"PropertyValueSpecification","valueRequired":true,"valueName":"search_term_string"}}],"inLanguage":"en-US"},{"@type":"Organization","@id":"https:\/\/www.uartes.edu.ec\/sitio\/en\/#organization","name":"Universidad de las Artes","url":"https:\/\/www.uartes.edu.ec\/sitio\/en\/","logo":{"@type":"ImageObject","inLanguage":"en-US","@id":"https:\/\/www.uartes.edu.ec\/sitio\/en\/#\/schema\/logo\/image\/","url":"https:\/\/www.uartes.edu.ec\/sitio\/wp-content\/uploads\/2022\/07\/logo-ua-horizontal.png","contentUrl":"https:\/\/www.uartes.edu.ec\/sitio\/wp-content\/uploads\/2022\/07\/logo-ua-horizontal.png","width":800,"height":276,"caption":"Universidad de las Artes"},"image":{"@id":"https:\/\/www.uartes.edu.ec\/sitio\/en\/#\/schema\/logo\/image\/"},"sameAs":["https:\/\/www.facebook.com\/uartesec","https:\/\/x.com\/uartesec","https:\/\/www.tiktok.com\/@uartesec"]},{"@type":"Person","@id":"https:\/\/www.uartes.edu.ec\/sitio\/en\/#\/schema\/person\/efa1b8275797664fd7f13a79ccc0b1f4","name":"ccortez","image":{"@type":"ImageObject","inLanguage":"en-US","@id":"https:\/\/secure.gravatar.com\/avatar\/b2a6f664a3ae8e074346ef91775736c5ec479e637ecced6842de9dc98b5da9cd?s=96&d=mm&r=g","url":"https:\/\/secure.gravatar.com\/avatar\/b2a6f664a3ae8e074346ef91775736c5ec479e637ecced6842de9dc98b5da9cd?s=96&d=mm&r=g","contentUrl":"https:\/\/secure.gravatar.com\/avatar\/b2a6f664a3ae8e074346ef91775736c5ec479e637ecced6842de9dc98b5da9cd?s=96&d=mm&r=g","caption":"ccortez"},"url":"https:\/\/www.uartes.edu.ec\/sitio\/en\/blog\/author\/ccortez\/"}]}},"uagb_featured_image_src":{"full":["https:\/\/www.uartes.edu.ec\/sitio\/wp-content\/uploads\/2021\/06\/CIRCULO-DE-LECURA.jpg",2000,1333,false],"thumbnail":["https:\/\/www.uartes.edu.ec\/sitio\/wp-content\/uploads\/2021\/06\/CIRCULO-DE-LECURA-150x150.jpg",150,150,true],"medium":["https:\/\/www.uartes.edu.ec\/sitio\/wp-content\/uploads\/2021\/06\/CIRCULO-DE-LECURA-300x200.jpg",300,200,true],"medium_large":["https:\/\/www.uartes.edu.ec\/sitio\/wp-content\/uploads\/2021\/06\/CIRCULO-DE-LECURA-768x512.jpg",768,512,true],"large":["https:\/\/www.uartes.edu.ec\/sitio\/wp-content\/uploads\/2021\/06\/CIRCULO-DE-LECURA-644x429.jpg",644,429,true],"1536x1536":["https:\/\/www.uartes.edu.ec\/sitio\/wp-content\/uploads\/2021\/06\/CIRCULO-DE-LECURA-1536x1024.jpg",1536,1024,true],"2048x2048":["https:\/\/www.uartes.edu.ec\/sitio\/wp-content\/uploads\/2021\/06\/CIRCULO-DE-LECURA.jpg",2000,1333,false],"trp-custom-language-flag":["https:\/\/www.uartes.edu.ec\/sitio\/wp-content\/uploads\/2021\/06\/CIRCULO-DE-LECURA-16x12.jpg",16,12,true],"htmega_size_585x295":["https:\/\/www.uartes.edu.ec\/sitio\/wp-content\/uploads\/2021\/06\/CIRCULO-DE-LECURA-585x295.jpg",585,295,true],"htmega_size_1170x536":["https:\/\/www.uartes.edu.ec\/sitio\/wp-content\/uploads\/2021\/06\/CIRCULO-DE-LECURA-1170x536.jpg",1170,536,true],"htmega_size_396x360":["https:\/\/www.uartes.edu.ec\/sitio\/wp-content\/uploads\/2021\/06\/CIRCULO-DE-LECURA-396x360.jpg",396,360,true],"gb-block-post-grid-landscape":["https:\/\/www.uartes.edu.ec\/sitio\/wp-content\/uploads\/2021\/06\/CIRCULO-DE-LECURA.jpg",600,400,false],"gb-block-post-grid-square":["https:\/\/www.uartes.edu.ec\/sitio\/wp-content\/uploads\/2021\/06\/CIRCULO-DE-LECURA.jpg",600,400,false],"university-hub-thumb":["https:\/\/www.uartes.edu.ec\/sitio\/wp-content\/uploads\/2021\/06\/CIRCULO-DE-LECURA-400x267.jpg",400,267,true],"mailpoet_newsletter_max":["https:\/\/www.uartes.edu.ec\/sitio\/wp-content\/uploads\/2021\/06\/CIRCULO-DE-LECURA.jpg",1320,880,false]},"uagb_author_info":{"display_name":"ccortez","author_link":"https:\/\/www.uartes.edu.ec\/sitio\/en\/blog\/author\/ccortez\/"},"uagb_comment_info":0,"uagb_excerpt":"En este mes de junio de 2021 se abre en la Biblioteca de las Artes un nuevo espacio de lectura y escritura, pensado para la comunidad amante de la literatura. El proyecto se denomina\u00a0\u201cC\u00edrculo de Lectura\u201d y participan de manera conjunta Vinculaci\u00f3n con la Comunidad, la Escuela de Literatura y La Casa Morada.","featured_image_src":"https:\/\/www.uartes.edu.ec\/sitio\/wp-content\/uploads\/2021\/06\/CIRCULO-DE-LECURA.jpg","featured_image_src_square":"https:\/\/www.uartes.edu.ec\/sitio\/wp-content\/uploads\/2021\/06\/CIRCULO-DE-LECURA.jpg","author_info":{"display_name":"ccortez","author_link":"https:\/\/www.uartes.edu.ec\/sitio\/en\/blog\/author\/ccortez\/"},"publishpress_future_workflow_manual_trigger":{"enabledWorkflows":[]},"distributor_meta":false,"distributor_terms":false,"distributor_media":false,"distributor_original_site_name":"Universidad de las Artes","distributor_original_site_url":"https:\/\/www.uartes.edu.ec\/sitio\/en","push-errors":false,"_links":{"self":[{"href":"https:\/\/www.uartes.edu.ec\/sitio\/en\/wp-json\/wp\/v2\/posts\/14012","targetHints":{"allow":["GET"]}}],"collection":[{"href":"https:\/\/www.uartes.edu.ec\/sitio\/en\/wp-json\/wp\/v2\/posts"}],"about":[{"href":"https:\/\/www.uartes.edu.ec\/sitio\/en\/wp-json\/wp\/v2\/types\/post"}],"author":[{"embeddable":true,"href":"https:\/\/www.uartes.edu.ec\/sitio\/en\/wp-json\/wp\/v2\/users\/10"}],"replies":[{"embeddable":true,"href":"https:\/\/www.uartes.edu.ec\/sitio\/en\/wp-json\/wp\/v2\/comments?post=14012"}],"version-history":[{"count":2,"href":"https:\/\/www.uartes.edu.ec\/sitio\/en\/wp-json\/wp\/v2\/posts\/14012\/revisions"}],"predecessor-version":[{"id":14043,"href":"https:\/\/www.uartes.edu.ec\/sitio\/en\/wp-json\/wp\/v2\/posts\/14012\/revisions\/14043"}],"wp:featuredmedia":[{"embeddable":true,"href":"https:\/\/www.uartes.edu.ec\/sitio\/en\/wp-json\/wp\/v2\/media\/14025"}],"wp:attachment":[{"href":"https:\/\/www.uartes.edu.ec\/sitio\/en\/wp-json\/wp\/v2\/media?parent=14012"}],"wp:term":[{"taxonomy":"category","embeddable":true,"href":"https:\/\/www.uartes.edu.ec\/sitio\/en\/wp-json\/wp\/v2\/categories?post=14012"},{"taxonomy":"post_tag","embeddable":true,"href":"https:\/\/www.uartes.edu.ec\/sitio\/en\/wp-json\/wp\/v2\/tags?post=14012"},{"taxonomy":"infouartes","embeddable":true,"href":"https:\/\/www.uartes.edu.ec\/sitio\/en\/wp-json\/wp\/v2\/infouartes?post=14012"}],"curies":[{"name":"wp","href":"https:\/\/api.w.org\/{rel}","templated":true}]}}