{"id":1422,"date":"2018-03-27T16:20:28","date_gmt":"2018-03-27T21:20:28","guid":{"rendered":"http:\/\/www.uartes.edu.ec\/infouartes\/?p=1422"},"modified":"2024-07-04T11:53:55","modified_gmt":"2024-07-04T16:53:55","slug":"proyecto-yo-si-te-hago-todo-promueve-la-lucha-contra-la-violencia-de-genero","status":"publish","type":"post","link":"https:\/\/www.uartes.edu.ec\/sitio\/en\/blog\/2018\/03\/27\/proyecto-yo-si-te-hago-todo-promueve-la-lucha-contra-la-violencia-de-genero\/","title":{"rendered":"Proyecto \u2018Yo s\u00ed te hago todo\u2019 promueve la lucha contra la violencia de g\u00e9nero"},"content":{"rendered":"<p><em>Por Laura Nivela<\/em><\/p>\n<p>Diana Gardeneira, artista y estudiante de la carrera de Artes Visuales en la Universidad de las Artes, fue seleccionada en la convocatoria p\u00fablica nacional para proyectos art\u00edsticos y culturales 2017 \u2013 2018 por el Ministerio de Cultura y Patrimonio en la modalidad proyectos de creaci\u00f3n art\u00edstica en la disciplina de Artes pl\u00e1sticas y visuales con el proyecto de arte colaborativo titulado \u201cYo s\u00ed te hago todo\u201d.<\/p>\n<p>La idea del proyecto de arte colaborativo de Gardeneira es trabajar con telas y peque\u00f1os retazos de la misma, en diferentes texturas y colores, todas ellas unidas con un imperdible que las sostiene a la tela principal. Cada peque\u00f1o retazo de tela e imperdible representa a una mujer que ha sido violentada en Guayaquil, adem\u00e1s representa la transgresi\u00f3n y la uni\u00f3n de las sobrevivientes a trav\u00e9s de sus historias de vida.<\/p>\n<p>El proyecto se presenta como una manera para utilizar el arte como herramienta para crear espacios de di\u00e1logo sobre violencia de g\u00e9nero. \u201cAl momento de hacer arte, podemos hablar cada una de lo que es violencia, compartir sobre estas terribles cosas que nos pasan, y al mismo tiempo hablar sobre los roles de g\u00e9nero, los estereotipos, identidad, memoria, temas claves que salen de estas conversaciones. Se crean espacios enriquecedores para empezarte a cuestionar lo que uno piensa que es normal y no est\u00e1 bien\u201d, comenta Gardeneira.<\/p>\n<p>El proyecto comenz\u00f3 a materializarse en el 2017 en la clase \u2018Po\u00e9ticas visuales\u2019 con el docente Jorge Aycart. En la materia de C\u00e1tedra Libre 2, el docente Cristian Villavicencio, incentiv\u00f3 a sus alumnos a participar en el concurso del Ministerio de Cultura. \u201cDesde que yo entre a la UArtes me interes\u00f3 el tema del feminismo y siempre quise saber c\u00f3mo explorarlo en mi obra\u201d, explica Gardeneira.<\/p>\n<p>\u201cYo s\u00ed te hago todo\u201d toma como base el censo del INEC del 2011 sobre la \u201cViolencia de g\u00e9nero contra las mujeres ecuatorianas\u201d, que dio como resultado que el 60,60% de mujeres en el pa\u00eds han sufrido alg\u00fan tipo de violencia. Eso quiere decir que, 6 de cada 10 mujeres han sufrido violencia sexual, psicol\u00f3gica o f\u00edsica. Adem\u00e1s, Diana Gardeneira cre\u00f3 una encuesta v\u00eda online donde sali\u00f3 como resultado que el 95% de las mujeres hab\u00edan sufrido acoso en las calles.<\/p>\n<p>Una vez finalizado, el proyecto presentar\u00e1 con un total de 250 telas, todas colgadas en un cordel, en el espacio p\u00fablico. La obra medir\u00eda 50 metros y la idea es que la gente pueda pasar a trav\u00e9s de las telas pero, como comenta Gardeneira, \u201ces una obra interminable porque las historias de violencia van aumentando cada vez m\u00e1s\u201d.<\/p>\n<p>Hasta el momento el proyecto ha consistido en realizar reuniones para la creaci\u00f3n de las telas y manifestaciones en contra de la violencia de g\u00e9nero, frente a la Gobernaci\u00f3n (Universidad de las Artes) y el Museo Nahim Isa\u00edas, en la Plaza San Francisco por el 8M y en la casa de acogida Sor Dominga Bocca.<\/p>\n<p>\u201cEl proceso de poner\/tejer el imperdible en la tela es algo laborioso. De esta manera estamos todas tejiendo y compartiendo en el proceso, que es lo importante. El 17 mayo de 2018 habr\u00e1 una exposici\u00f3n y conversatorio de los avances hasta ese momento. La colaboraci\u00f3n es lo m\u00e1s enriquecedor de este trabajo\u201d, concluye Diana.<\/p>","protected":false},"excerpt":{"rendered":"<p>Por Laura Nivela Diana Gardeneira, artista y estudiante de la carrera de Artes Visuales en la Universidad de las Artes, fue seleccionada en la convocatoria p\u00fablica nacional para proyectos art\u00edsticos y culturales 2017 \u2013 2018 por el Ministerio de Cultura y Patrimonio en la modalidad proyectos de creaci\u00f3n art\u00edstica en la disciplina de Artes pl\u00e1sticas [&hellip;]<\/p>\n","protected":false},"author":1,"featured_media":1423,"comment_status":"closed","ping_status":"closed","sticky":false,"template":"","format":"standard","meta":{"_acf_changed":false,"_uag_custom_page_level_css":"","_monsterinsights_skip_tracking":false,"_monsterinsights_sitenote_active":false,"_monsterinsights_sitenote_note":"","_monsterinsights_sitenote_category":0,"cybocfi_hide_featured_image":"","footnotes":""},"categories":[76],"tags":[],"infouartes":[],"class_list":["post-1422","post","type-post","status-publish","format-standard","has-post-thumbnail","hentry","category-estudiantes"],"acf":[],"yoast_head":"<!-- This site is optimized with the Yoast SEO plugin v27.4 - https:\/\/yoast.com\/product\/yoast-seo-wordpress\/ -->\n<title>Universidad de las Artes - Proyecto \u2018Yo s\u00ed te hago todo\u2019 promueve la lucha contra la violencia de g\u00e9nero<\/title>\n<meta name=\"description\" content=\"Universidad de las Artes - Proyecto \u2018Yo s\u00ed te hago todo\u2019 promueve la lucha contra la violencia de g\u00e9nero\" \/>\n<meta name=\"robots\" content=\"index, follow, max-snippet:-1, max-image-preview:large, max-video-preview:-1\" \/>\n<link rel=\"canonical\" href=\"https:\/\/www.uartes.edu.ec\/sitio\/en\/blog\/2018\/03\/27\/proyecto-yo-si-te-hago-todo-promueve-la-lucha-contra-la-violencia-de-genero\/\" \/>\n<meta property=\"og:locale\" content=\"en_US\" \/>\n<meta property=\"og:type\" content=\"article\" \/>\n<meta property=\"og:title\" content=\"Universidad de las Artes - Proyecto \u2018Yo s\u00ed te hago todo\u2019 promueve la lucha contra la violencia de g\u00e9nero\" \/>\n<meta property=\"og:description\" content=\"Universidad de las Artes - Proyecto \u2018Yo s\u00ed te hago todo\u2019 promueve la lucha contra la violencia de g\u00e9nero\" \/>\n<meta property=\"og:url\" content=\"https:\/\/www.uartes.edu.ec\/sitio\/en\/blog\/2018\/03\/27\/proyecto-yo-si-te-hago-todo-promueve-la-lucha-contra-la-violencia-de-genero\/\" \/>\n<meta property=\"og:site_name\" content=\"Universidad de las Artes\" \/>\n<meta property=\"article:publisher\" content=\"https:\/\/www.facebook.com\/uartesec\" \/>\n<meta property=\"article:published_time\" content=\"2018-03-27T21:20:28+00:00\" \/>\n<meta property=\"article:modified_time\" content=\"2024-07-04T16:53:55+00:00\" \/>\n<meta name=\"author\" content=\"Universidad de las Artes\" \/>\n<meta name=\"twitter:card\" content=\"summary_large_image\" \/>\n<meta name=\"twitter:creator\" content=\"@uartesec\" \/>\n<meta name=\"twitter:site\" content=\"@uartesec\" \/>\n<meta name=\"twitter:label1\" content=\"Written by\" \/>\n\t<meta name=\"twitter:data1\" content=\"Universidad de las Artes\" \/>\n\t<meta name=\"twitter:label2\" content=\"Est. reading time\" \/>\n\t<meta name=\"twitter:data2\" content=\"3 minutes\" \/>\n<script type=\"application\/ld+json\" class=\"yoast-schema-graph\">{\"@context\":\"https:\\\/\\\/schema.org\",\"@graph\":[{\"@type\":\"Article\",\"@id\":\"https:\\\/\\\/www.uartes.edu.ec\\\/sitio\\\/en\\\/blog\\\/2018\\\/03\\\/27\\\/proyecto-yo-si-te-hago-todo-promueve-la-lucha-contra-la-violencia-de-genero\\\/#article\",\"isPartOf\":{\"@id\":\"https:\\\/\\\/www.uartes.edu.ec\\\/sitio\\\/en\\\/blog\\\/2018\\\/03\\\/27\\\/proyecto-yo-si-te-hago-todo-promueve-la-lucha-contra-la-violencia-de-genero\\\/\"},\"author\":{\"name\":\"Universidad de las Artes\",\"@id\":\"https:\\\/\\\/www.uartes.edu.ec\\\/sitio\\\/en\\\/#\\\/schema\\\/person\\\/f33f8c1d2af0d5c80a38c8abf458184a\"},\"headline\":\"Proyecto \u2018Yo s\u00ed te hago todo\u2019 promueve la lucha contra la violencia de g\u00e9nero\",\"datePublished\":\"2018-03-27T21:20:28+00:00\",\"dateModified\":\"2024-07-04T16:53:55+00:00\",\"mainEntityOfPage\":{\"@id\":\"https:\\\/\\\/www.uartes.edu.ec\\\/sitio\\\/en\\\/blog\\\/2018\\\/03\\\/27\\\/proyecto-yo-si-te-hago-todo-promueve-la-lucha-contra-la-violencia-de-genero\\\/\"},\"wordCount\":578,\"publisher\":{\"@id\":\"https:\\\/\\\/www.uartes.edu.ec\\\/sitio\\\/en\\\/#organization\"},\"image\":{\"@id\":\"https:\\\/\\\/www.uartes.edu.ec\\\/sitio\\\/en\\\/blog\\\/2018\\\/03\\\/27\\\/proyecto-yo-si-te-hago-todo-promueve-la-lucha-contra-la-violencia-de-genero\\\/#primaryimage\"},\"thumbnailUrl\":\"\",\"articleSection\":[\"Estudiantes\"],\"inLanguage\":\"en-US\"},{\"@type\":[\"WebPage\",\"ItemPage\"],\"@id\":\"https:\\\/\\\/www.uartes.edu.ec\\\/sitio\\\/en\\\/blog\\\/2018\\\/03\\\/27\\\/proyecto-yo-si-te-hago-todo-promueve-la-lucha-contra-la-violencia-de-genero\\\/\",\"url\":\"https:\\\/\\\/www.uartes.edu.ec\\\/sitio\\\/en\\\/blog\\\/2018\\\/03\\\/27\\\/proyecto-yo-si-te-hago-todo-promueve-la-lucha-contra-la-violencia-de-genero\\\/\",\"name\":\"Universidad de las Artes - Proyecto \u2018Yo s\u00ed te hago todo\u2019 promueve la lucha contra la violencia de g\u00e9nero\",\"isPartOf\":{\"@id\":\"https:\\\/\\\/www.uartes.edu.ec\\\/sitio\\\/en\\\/#website\"},\"primaryImageOfPage\":{\"@id\":\"https:\\\/\\\/www.uartes.edu.ec\\\/sitio\\\/en\\\/blog\\\/2018\\\/03\\\/27\\\/proyecto-yo-si-te-hago-todo-promueve-la-lucha-contra-la-violencia-de-genero\\\/#primaryimage\"},\"image\":{\"@id\":\"https:\\\/\\\/www.uartes.edu.ec\\\/sitio\\\/en\\\/blog\\\/2018\\\/03\\\/27\\\/proyecto-yo-si-te-hago-todo-promueve-la-lucha-contra-la-violencia-de-genero\\\/#primaryimage\"},\"thumbnailUrl\":\"\",\"datePublished\":\"2018-03-27T21:20:28+00:00\",\"dateModified\":\"2024-07-04T16:53:55+00:00\",\"description\":\"Universidad de las Artes - Proyecto \u2018Yo s\u00ed te hago todo\u2019 promueve la lucha contra la violencia de g\u00e9nero\",\"breadcrumb\":{\"@id\":\"https:\\\/\\\/www.uartes.edu.ec\\\/sitio\\\/en\\\/blog\\\/2018\\\/03\\\/27\\\/proyecto-yo-si-te-hago-todo-promueve-la-lucha-contra-la-violencia-de-genero\\\/#breadcrumb\"},\"inLanguage\":\"en-US\",\"potentialAction\":[{\"@type\":\"ReadAction\",\"target\":[\"https:\\\/\\\/www.uartes.edu.ec\\\/sitio\\\/en\\\/blog\\\/2018\\\/03\\\/27\\\/proyecto-yo-si-te-hago-todo-promueve-la-lucha-contra-la-violencia-de-genero\\\/\"]}]},{\"@type\":\"ImageObject\",\"inLanguage\":\"en-US\",\"@id\":\"https:\\\/\\\/www.uartes.edu.ec\\\/sitio\\\/en\\\/blog\\\/2018\\\/03\\\/27\\\/proyecto-yo-si-te-hago-todo-promueve-la-lucha-contra-la-violencia-de-genero\\\/#primaryimage\",\"url\":\"\",\"contentUrl\":\"\"},{\"@type\":\"BreadcrumbList\",\"@id\":\"https:\\\/\\\/www.uartes.edu.ec\\\/sitio\\\/en\\\/blog\\\/2018\\\/03\\\/27\\\/proyecto-yo-si-te-hago-todo-promueve-la-lucha-contra-la-violencia-de-genero\\\/#breadcrumb\",\"itemListElement\":[{\"@type\":\"ListItem\",\"position\":1,\"name\":\"Inicio\",\"item\":\"https:\\\/\\\/www.uartes.edu.ec\\\/sitio\\\/\"},{\"@type\":\"ListItem\",\"position\":2,\"name\":\"Proyecto \u2018Yo s\u00ed te hago todo\u2019 promueve la lucha contra la violencia de g\u00e9nero\"}]},{\"@type\":\"WebSite\",\"@id\":\"https:\\\/\\\/www.uartes.edu.ec\\\/sitio\\\/en\\\/#website\",\"url\":\"https:\\\/\\\/www.uartes.edu.ec\\\/sitio\\\/en\\\/\",\"name\":\"Universidad de las Artes\",\"description\":\"Sitio oficial de la Universidad Nacional de las Artes del Ecuador\",\"publisher\":{\"@id\":\"https:\\\/\\\/www.uartes.edu.ec\\\/sitio\\\/en\\\/#organization\"},\"potentialAction\":[{\"@type\":\"SearchAction\",\"target\":{\"@type\":\"EntryPoint\",\"urlTemplate\":\"https:\\\/\\\/www.uartes.edu.ec\\\/sitio\\\/en\\\/?s={search_term_string}\"},\"query-input\":{\"@type\":\"PropertyValueSpecification\",\"valueRequired\":true,\"valueName\":\"search_term_string\"}}],\"inLanguage\":\"en-US\"},{\"@type\":\"Organization\",\"@id\":\"https:\\\/\\\/www.uartes.edu.ec\\\/sitio\\\/en\\\/#organization\",\"name\":\"Universidad de las Artes\",\"url\":\"https:\\\/\\\/www.uartes.edu.ec\\\/sitio\\\/en\\\/\",\"logo\":{\"@type\":\"ImageObject\",\"inLanguage\":\"en-US\",\"@id\":\"https:\\\/\\\/www.uartes.edu.ec\\\/sitio\\\/en\\\/#\\\/schema\\\/logo\\\/image\\\/\",\"url\":\"https:\\\/\\\/www.uartes.edu.ec\\\/sitio\\\/wp-content\\\/uploads\\\/2022\\\/07\\\/logo-ua-horizontal.png\",\"contentUrl\":\"https:\\\/\\\/www.uartes.edu.ec\\\/sitio\\\/wp-content\\\/uploads\\\/2022\\\/07\\\/logo-ua-horizontal.png\",\"width\":800,\"height\":276,\"caption\":\"Universidad de las Artes\"},\"image\":{\"@id\":\"https:\\\/\\\/www.uartes.edu.ec\\\/sitio\\\/en\\\/#\\\/schema\\\/logo\\\/image\\\/\"},\"sameAs\":[\"https:\\\/\\\/www.facebook.com\\\/uartesec\",\"https:\\\/\\\/x.com\\\/uartesec\",\"https:\\\/\\\/www.tiktok.com\\\/@uartesec\"]},{\"@type\":\"Person\",\"@id\":\"https:\\\/\\\/www.uartes.edu.ec\\\/sitio\\\/en\\\/#\\\/schema\\\/person\\\/f33f8c1d2af0d5c80a38c8abf458184a\",\"name\":\"Universidad de las Artes\",\"image\":{\"@type\":\"ImageObject\",\"inLanguage\":\"en-US\",\"@id\":\"https:\\\/\\\/secure.gravatar.com\\\/avatar\\\/52e4757902f5cfa5ac52d020e5be83cae5487519154b6c35482fe08d589f3c13?s=96&d=mm&r=g\",\"url\":\"https:\\\/\\\/secure.gravatar.com\\\/avatar\\\/52e4757902f5cfa5ac52d020e5be83cae5487519154b6c35482fe08d589f3c13?s=96&d=mm&r=g\",\"contentUrl\":\"https:\\\/\\\/secure.gravatar.com\\\/avatar\\\/52e4757902f5cfa5ac52d020e5be83cae5487519154b6c35482fe08d589f3c13?s=96&d=mm&r=g\",\"caption\":\"Universidad de las Artes\"},\"url\":\"https:\\\/\\\/www.uartes.edu.ec\\\/sitio\\\/en\\\/blog\\\/author\\\/dircomadm\\\/\"}]}<\/script>\n<!-- \/ Yoast SEO plugin. -->","yoast_head_json":{"title":"Universidad de las Artes - Proyecto \u2018Yo s\u00ed te hago todo\u2019 promueve la lucha contra la violencia de g\u00e9nero","description":"Universidad de las Artes - Proyecto \u2018Yo s\u00ed te hago todo\u2019 promueve la lucha contra la violencia de g\u00e9nero","robots":{"index":"index","follow":"follow","max-snippet":"max-snippet:-1","max-image-preview":"max-image-preview:large","max-video-preview":"max-video-preview:-1"},"canonical":"https:\/\/www.uartes.edu.ec\/sitio\/en\/blog\/2018\/03\/27\/proyecto-yo-si-te-hago-todo-promueve-la-lucha-contra-la-violencia-de-genero\/","og_locale":"en_US","og_type":"article","og_title":"Universidad de las Artes - Proyecto \u2018Yo s\u00ed te hago todo\u2019 promueve la lucha contra la violencia de g\u00e9nero","og_description":"Universidad de las Artes - Proyecto \u2018Yo s\u00ed te hago todo\u2019 promueve la lucha contra la violencia de g\u00e9nero","og_url":"https:\/\/www.uartes.edu.ec\/sitio\/en\/blog\/2018\/03\/27\/proyecto-yo-si-te-hago-todo-promueve-la-lucha-contra-la-violencia-de-genero\/","og_site_name":"Universidad de las Artes","article_publisher":"https:\/\/www.facebook.com\/uartesec","article_published_time":"2018-03-27T21:20:28+00:00","article_modified_time":"2024-07-04T16:53:55+00:00","author":"Universidad de las Artes","twitter_card":"summary_large_image","twitter_creator":"@uartesec","twitter_site":"@uartesec","twitter_misc":{"Written by":"Universidad de las Artes","Est. reading time":"3 minutes"},"schema":{"@context":"https:\/\/schema.org","@graph":[{"@type":"Article","@id":"https:\/\/www.uartes.edu.ec\/sitio\/en\/blog\/2018\/03\/27\/proyecto-yo-si-te-hago-todo-promueve-la-lucha-contra-la-violencia-de-genero\/#article","isPartOf":{"@id":"https:\/\/www.uartes.edu.ec\/sitio\/en\/blog\/2018\/03\/27\/proyecto-yo-si-te-hago-todo-promueve-la-lucha-contra-la-violencia-de-genero\/"},"author":{"name":"Universidad de las Artes","@id":"https:\/\/www.uartes.edu.ec\/sitio\/en\/#\/schema\/person\/f33f8c1d2af0d5c80a38c8abf458184a"},"headline":"Proyecto \u2018Yo s\u00ed te hago todo\u2019 promueve la lucha contra la violencia de g\u00e9nero","datePublished":"2018-03-27T21:20:28+00:00","dateModified":"2024-07-04T16:53:55+00:00","mainEntityOfPage":{"@id":"https:\/\/www.uartes.edu.ec\/sitio\/en\/blog\/2018\/03\/27\/proyecto-yo-si-te-hago-todo-promueve-la-lucha-contra-la-violencia-de-genero\/"},"wordCount":578,"publisher":{"@id":"https:\/\/www.uartes.edu.ec\/sitio\/en\/#organization"},"image":{"@id":"https:\/\/www.uartes.edu.ec\/sitio\/en\/blog\/2018\/03\/27\/proyecto-yo-si-te-hago-todo-promueve-la-lucha-contra-la-violencia-de-genero\/#primaryimage"},"thumbnailUrl":"","articleSection":["Estudiantes"],"inLanguage":"en-US"},{"@type":["WebPage","ItemPage"],"@id":"https:\/\/www.uartes.edu.ec\/sitio\/en\/blog\/2018\/03\/27\/proyecto-yo-si-te-hago-todo-promueve-la-lucha-contra-la-violencia-de-genero\/","url":"https:\/\/www.uartes.edu.ec\/sitio\/en\/blog\/2018\/03\/27\/proyecto-yo-si-te-hago-todo-promueve-la-lucha-contra-la-violencia-de-genero\/","name":"Universidad de las Artes - Proyecto \u2018Yo s\u00ed te hago todo\u2019 promueve la lucha contra la violencia de g\u00e9nero","isPartOf":{"@id":"https:\/\/www.uartes.edu.ec\/sitio\/en\/#website"},"primaryImageOfPage":{"@id":"https:\/\/www.uartes.edu.ec\/sitio\/en\/blog\/2018\/03\/27\/proyecto-yo-si-te-hago-todo-promueve-la-lucha-contra-la-violencia-de-genero\/#primaryimage"},"image":{"@id":"https:\/\/www.uartes.edu.ec\/sitio\/en\/blog\/2018\/03\/27\/proyecto-yo-si-te-hago-todo-promueve-la-lucha-contra-la-violencia-de-genero\/#primaryimage"},"thumbnailUrl":"","datePublished":"2018-03-27T21:20:28+00:00","dateModified":"2024-07-04T16:53:55+00:00","description":"Universidad de las Artes - Proyecto \u2018Yo s\u00ed te hago todo\u2019 promueve la lucha contra la violencia de g\u00e9nero","breadcrumb":{"@id":"https:\/\/www.uartes.edu.ec\/sitio\/en\/blog\/2018\/03\/27\/proyecto-yo-si-te-hago-todo-promueve-la-lucha-contra-la-violencia-de-genero\/#breadcrumb"},"inLanguage":"en-US","potentialAction":[{"@type":"ReadAction","target":["https:\/\/www.uartes.edu.ec\/sitio\/en\/blog\/2018\/03\/27\/proyecto-yo-si-te-hago-todo-promueve-la-lucha-contra-la-violencia-de-genero\/"]}]},{"@type":"ImageObject","inLanguage":"en-US","@id":"https:\/\/www.uartes.edu.ec\/sitio\/en\/blog\/2018\/03\/27\/proyecto-yo-si-te-hago-todo-promueve-la-lucha-contra-la-violencia-de-genero\/#primaryimage","url":"","contentUrl":""},{"@type":"BreadcrumbList","@id":"https:\/\/www.uartes.edu.ec\/sitio\/en\/blog\/2018\/03\/27\/proyecto-yo-si-te-hago-todo-promueve-la-lucha-contra-la-violencia-de-genero\/#breadcrumb","itemListElement":[{"@type":"ListItem","position":1,"name":"Inicio","item":"https:\/\/www.uartes.edu.ec\/sitio\/"},{"@type":"ListItem","position":2,"name":"Proyecto \u2018Yo s\u00ed te hago todo\u2019 promueve la lucha contra la violencia de g\u00e9nero"}]},{"@type":"WebSite","@id":"https:\/\/www.uartes.edu.ec\/sitio\/en\/#website","url":"https:\/\/www.uartes.edu.ec\/sitio\/en\/","name":"Universidad de las Artes","description":"Sitio oficial de la Universidad Nacional de las Artes del Ecuador","publisher":{"@id":"https:\/\/www.uartes.edu.ec\/sitio\/en\/#organization"},"potentialAction":[{"@type":"SearchAction","target":{"@type":"EntryPoint","urlTemplate":"https:\/\/www.uartes.edu.ec\/sitio\/en\/?s={search_term_string}"},"query-input":{"@type":"PropertyValueSpecification","valueRequired":true,"valueName":"search_term_string"}}],"inLanguage":"en-US"},{"@type":"Organization","@id":"https:\/\/www.uartes.edu.ec\/sitio\/en\/#organization","name":"Universidad de las Artes","url":"https:\/\/www.uartes.edu.ec\/sitio\/en\/","logo":{"@type":"ImageObject","inLanguage":"en-US","@id":"https:\/\/www.uartes.edu.ec\/sitio\/en\/#\/schema\/logo\/image\/","url":"https:\/\/www.uartes.edu.ec\/sitio\/wp-content\/uploads\/2022\/07\/logo-ua-horizontal.png","contentUrl":"https:\/\/www.uartes.edu.ec\/sitio\/wp-content\/uploads\/2022\/07\/logo-ua-horizontal.png","width":800,"height":276,"caption":"Universidad de las Artes"},"image":{"@id":"https:\/\/www.uartes.edu.ec\/sitio\/en\/#\/schema\/logo\/image\/"},"sameAs":["https:\/\/www.facebook.com\/uartesec","https:\/\/x.com\/uartesec","https:\/\/www.tiktok.com\/@uartesec"]},{"@type":"Person","@id":"https:\/\/www.uartes.edu.ec\/sitio\/en\/#\/schema\/person\/f33f8c1d2af0d5c80a38c8abf458184a","name":"Universidad de las Artes","image":{"@type":"ImageObject","inLanguage":"en-US","@id":"https:\/\/secure.gravatar.com\/avatar\/52e4757902f5cfa5ac52d020e5be83cae5487519154b6c35482fe08d589f3c13?s=96&d=mm&r=g","url":"https:\/\/secure.gravatar.com\/avatar\/52e4757902f5cfa5ac52d020e5be83cae5487519154b6c35482fe08d589f3c13?s=96&d=mm&r=g","contentUrl":"https:\/\/secure.gravatar.com\/avatar\/52e4757902f5cfa5ac52d020e5be83cae5487519154b6c35482fe08d589f3c13?s=96&d=mm&r=g","caption":"Universidad de las Artes"},"url":"https:\/\/www.uartes.edu.ec\/sitio\/en\/blog\/author\/dircomadm\/"}]}},"uagb_featured_image_src":{"full":false,"thumbnail":false,"medium":false,"medium_large":false,"large":false,"1536x1536":false,"2048x2048":false,"trp-custom-language-flag":false,"htmega_size_585x295":false,"htmega_size_1170x536":false,"htmega_size_396x360":false,"gb-block-post-grid-landscape":false,"gb-block-post-grid-square":false,"university-hub-thumb":false},"uagb_author_info":{"display_name":"Universidad de las Artes","author_link":"https:\/\/www.uartes.edu.ec\/sitio\/en\/blog\/author\/dircomadm\/"},"uagb_comment_info":0,"uagb_excerpt":"Por Laura Nivela Diana Gardeneira, artista y estudiante de la carrera de Artes Visuales en la Universidad de las Artes, fue seleccionada en la convocatoria p\u00fablica nacional para proyectos art\u00edsticos y culturales 2017 \u2013 2018 por el Ministerio de Cultura y Patrimonio en la modalidad proyectos de creaci\u00f3n art\u00edstica en la disciplina de Artes pl\u00e1sticas&hellip;","featured_image_src":null,"featured_image_src_square":null,"author_info":{"display_name":"Universidad de las Artes","author_link":"https:\/\/www.uartes.edu.ec\/sitio\/en\/blog\/author\/dircomadm\/"},"publishpress_future_workflow_manual_trigger":{"enabledWorkflows":[]},"distributor_meta":false,"distributor_terms":false,"distributor_media":false,"distributor_original_site_name":"Universidad de las Artes","distributor_original_site_url":"https:\/\/www.uartes.edu.ec\/sitio\/en","push-errors":false,"_links":{"self":[{"href":"https:\/\/www.uartes.edu.ec\/sitio\/en\/wp-json\/wp\/v2\/posts\/1422","targetHints":{"allow":["GET"]}}],"collection":[{"href":"https:\/\/www.uartes.edu.ec\/sitio\/en\/wp-json\/wp\/v2\/posts"}],"about":[{"href":"https:\/\/www.uartes.edu.ec\/sitio\/en\/wp-json\/wp\/v2\/types\/post"}],"author":[{"embeddable":true,"href":"https:\/\/www.uartes.edu.ec\/sitio\/en\/wp-json\/wp\/v2\/users\/1"}],"replies":[{"embeddable":true,"href":"https:\/\/www.uartes.edu.ec\/sitio\/en\/wp-json\/wp\/v2\/comments?post=1422"}],"version-history":[{"count":1,"href":"https:\/\/www.uartes.edu.ec\/sitio\/en\/wp-json\/wp\/v2\/posts\/1422\/revisions"}],"predecessor-version":[{"id":3413,"href":"https:\/\/www.uartes.edu.ec\/sitio\/en\/wp-json\/wp\/v2\/posts\/1422\/revisions\/3413"}],"wp:featuredmedia":[{"embeddable":true,"href":"https:\/\/www.uartes.edu.ec\/sitio\/en\/wp-json\/"}],"wp:attachment":[{"href":"https:\/\/www.uartes.edu.ec\/sitio\/en\/wp-json\/wp\/v2\/media?parent=1422"}],"wp:term":[{"taxonomy":"category","embeddable":true,"href":"https:\/\/www.uartes.edu.ec\/sitio\/en\/wp-json\/wp\/v2\/categories?post=1422"},{"taxonomy":"post_tag","embeddable":true,"href":"https:\/\/www.uartes.edu.ec\/sitio\/en\/wp-json\/wp\/v2\/tags?post=1422"},{"taxonomy":"infouartes","embeddable":true,"href":"https:\/\/www.uartes.edu.ec\/sitio\/en\/wp-json\/wp\/v2\/infouartes?post=1422"}],"curies":[{"name":"wp","href":"https:\/\/api.w.org\/{rel}","templated":true}]}}