{"id":14246,"date":"2021-06-18T11:27:48","date_gmt":"2021-06-18T16:27:48","guid":{"rendered":"http:\/\/www.uartes.edu.ec\/sitio\/?p=14246"},"modified":"2024-07-04T11:26:13","modified_gmt":"2024-07-04T16:26:13","slug":"pie-de-pagina-invita-a-explorar-posibilidades-sensuales-de-las-palabras-e-imagenes-en-vigencia-6ta-convocatoria","status":"publish","type":"post","link":"https:\/\/www.uartes.edu.ec\/sitio\/en\/blog\/2021\/06\/18\/pie-de-pagina-invita-a-explorar-posibilidades-sensuales-de-las-palabras-e-imagenes-en-vigencia-6ta-convocatoria\/","title":{"rendered":"\u201cPie de p\u00e1gina\u201d invita a explorar posibilidades sensuales de las palabras e im\u00e1genes; en vigencia 6ta. convocatoria"},"content":{"rendered":"<p>Con una periodicidad semestral y secciones de textos acad\u00e9micos arbitrados, dosier creativo tem\u00e1tico y miscel\u00e1nea, la revista literaria digital <em>Pie de p\u00e1gina<\/em> se prepara para editar su sexto n\u00famero. Con ese prop\u00f3sito mantendr\u00e1 abierta hasta el 15 de julio de 2021 la convocatoria de invitaci\u00f3n para quienes deseen colaborar con sus textos.&nbsp;<\/p>\n\n\n\n<p>La publicaci\u00f3n de la Escuela de Literatura de la Universidad de las Artes tiene como objetivo difundir la investigaci\u00f3n, la cr\u00edtica y la creaci\u00f3n literaria en idioma espa\u00f1ol, con hincapi\u00e9 en el \u00e1mbito hisp\u00e1nico. Lo se\u00f1ala <em>Pie de p\u00e1gina<\/em> en sus redes sociales, donde da cuenta de que se receptar\u00e1n diversos trabajos con el fin de garantizar una mayor visibilidad para autoras y autores.<\/p>\n\n\n\n<p>En circulaci\u00f3n desde el 2018, la direcci\u00f3n de <em>Pie de p\u00e1gina<\/em> est\u00e1 a cargo de la doctora Siomara Espa\u00f1a, con las editor\u00edas conjuntas de las Mscs. Ana Camila Corral Escudero y Solange Rodr\u00edguez, todas docentes de la carrera de Literatura.<\/p>\n\n\n\n<p>En la convocatoria del n\u00famero 6 de <em>Pie de p\u00e1gina<\/em> consta que \u2013acorde a su l\u00ednea tem\u00e1tica y el formato\u2013 la invitaci\u00f3n a sus colaboradores y colaboradoras es para explorar las posibilidades sensuales de las palabras y las im\u00e1genes, por medio de textos breves de diversa naturaleza en los que el cuerpo y el lenguaje se celebren con erotismo y exceso, buscando despertar la sensibilidad y el placer en los lectores. Se receptar\u00e1n ensayos visuales, mapas, fotograf\u00edas, videos cortos, textos breves e hiperbreves, poemas, recetas literarias de cocina y fragmentos; siempre y cuando se traten de un trabajo est\u00e9tico que guarde relaci\u00f3n con la carnalidad festiva. Estos aportes deben ser rigurosamente in\u00e9ditos.<\/p>\n\n\n\n<p>Los art\u00edculos de teor\u00eda, an\u00e1lisis y cr\u00edtica no deber\u00e1n exceder las 10.000 palabras, incluyendo resumen, palabras clave, abstract, keywords, citas y notas. El documento puede ser enviado en cualquiera de estos formatos doc, docx, odt y rtf. Todos los textos deber\u00e1n regirse al sistema de citaci\u00f3n \u201cnotas y bibliograf\u00eda\u201d del Manual de estilo Chicago-Deusto.<\/p>\n\n\n\n<p>Los art\u00edculos acad\u00e9micos deber\u00e1n enviarse en dos archivos. El primero debe incluir el t\u00edtulo, el resumen (en espa\u00f1ol y en ingl\u00e9s) y las palabras claves (en espa\u00f1ol y en ingl\u00e9s). El segundo incluir\u00e1 el nombre del autor, la filiaci\u00f3n institucional, una breve ficha biogr\u00e1fica y los datos de contacto.<\/p>\n\n\n\n<p>Para el dosier creativo se aceptar\u00e1n trabajos inclinados hacia la tem\u00e1tica: Los placeres de la lengua. Se podr\u00e1 enviar ensayos, ensayos visuales, mapas, fotograf\u00edas, videos cortos, textos breves e hiperbreves, poemas, recetas literarias de cocina, fragmentos de novelas, cuentos u otras propuestas gen\u00e9ricas de la literatura; en cualquier caso, los trabajos no exceder\u00e1n las 1.500 palabras.<\/p>\n\n\n\n<p>Para la selecci\u00f3n de miscel\u00e1neas, rese\u00f1as, curiosidades literarias, obituarios, entre otras, las colaboraciones no deber\u00e1n exceder las 1.500 palabras.<\/p>\n\n\n\n<p>Para garantizar la calidad de las contribuciones, los art\u00edculos cient\u00edficos que cumplan con las normas y criterios editoriales pasar\u00e1n por un proceso de arbitraje a cargo de evaluadores externos a la Universidad de las Artes. Las colaboraciones acad\u00e9micas ser\u00e1n las \u00fanicas arbitradas, el resto de las secciones de <em>Pie de p\u00e1gina<\/em> quedar\u00e1n a criterio del Consejo Editorial.<\/p>\n\n\n\n<p>Todas las colaboraciones ser\u00e1n aceptadas hasta la fecha establecida (15 de julio del 2021) y deber\u00e1n ser enviadas al correo: <a href=\"mailto:piedepagina@uartes.edu.ec\">piedepagina@uartes.edu.ec<\/a><\/p>\n\n\n\n<p><strong>Apuntes&nbsp;<br><\/strong><em>Pie de p\u00e1gina<\/em>&nbsp;es una fiesta a la que concurren la cr\u00edtica y creaci\u00f3n literarias. Un nuevo espacio destinado a la investigaci\u00f3n, an\u00e1lisis y comentario de libros, en el campo de la literatura, que recoja los trabajos de los acad\u00e9micos del pa\u00eds y de Latinoam\u00e9rica. Un lugar que, preferentemente, muestre los textos narrativos y po\u00e9ticos de los creadores ecuatorianos y que, en gran medida, divulgue sus novedades. Al mismo tiempo, la revista buscar\u00e1 recuperar para la lectura actual, textos de los cl\u00e1sicos de nuestra literatura. Con ustedes, gente de lecturas, compartimos esta fiesta de la palabra.<\/p>\n\n\n\n<p>Esta es la rese\u00f1a que se lee en el <a href=\"http:\/\/piedepagina.uartes.edu.ec\">sitio web de la revista<\/a>, donde se encuentran todos sus n\u00fameros. Su primera publicaci\u00f3n tiene fecha 2 de octubre de 2018.<\/p>","protected":false},"excerpt":{"rendered":"<p>Con una periodicidad semestral y secciones de textos acad\u00e9micos arbitrados, dosier creativo tem\u00e1tico y miscel\u00e1nea, la revista literaria digital Pie de p\u00e1gina se prepara para editar su sexto n\u00famero. <\/p>","protected":false},"author":10,"featured_media":14242,"comment_status":"open","ping_status":"open","sticky":false,"template":"","format":"standard","meta":{"_acf_changed":false,"_uag_custom_page_level_css":"","_monsterinsights_skip_tracking":false,"_monsterinsights_sitenote_active":false,"_monsterinsights_sitenote_note":"","_monsterinsights_sitenote_category":0,"cybocfi_hide_featured_image":"","footnotes":""},"categories":[80,284,175,215],"tags":[402],"infouartes":[],"class_list":["post-14246","post","type-post","status-publish","format-standard","has-post-thumbnail","hentry","category-academico","category-investigacion","category-literatura","category-uartes-ediciones","tag-pie-de-pagina"],"acf":[],"yoast_head":"<!-- This site is optimized with the Yoast SEO plugin v27.4 - https:\/\/yoast.com\/product\/yoast-seo-wordpress\/ -->\n<title>Universidad de las Artes - \u201cPie de p\u00e1gina\u201d invita a explorar posibilidades sensuales de las palabras e im\u00e1genes; en vigencia 6ta. convocatoria<\/title>\n<meta name=\"description\" content=\"Universidad de las Artes - \u201cPie de p\u00e1gina\u201d invita a explorar posibilidades sensuales de las palabras e im\u00e1genes; en vigencia 6ta. convocatoria\" \/>\n<meta name=\"robots\" content=\"index, follow, max-snippet:-1, max-image-preview:large, max-video-preview:-1\" \/>\n<link rel=\"canonical\" href=\"https:\/\/www.uartes.edu.ec\/sitio\/en\/blog\/2021\/06\/18\/pie-de-pagina-invita-a-explorar-posibilidades-sensuales-de-las-palabras-e-imagenes-en-vigencia-6ta-convocatoria\/\" \/>\n<meta property=\"og:locale\" content=\"en_US\" \/>\n<meta property=\"og:type\" content=\"article\" \/>\n<meta property=\"og:title\" content=\"Universidad de las Artes - \u201cPie de p\u00e1gina\u201d invita a explorar posibilidades sensuales de las palabras e im\u00e1genes; en vigencia 6ta. convocatoria\" \/>\n<meta property=\"og:description\" content=\"Universidad de las Artes - \u201cPie de p\u00e1gina\u201d invita a explorar posibilidades sensuales de las palabras e im\u00e1genes; en vigencia 6ta. convocatoria\" \/>\n<meta property=\"og:url\" content=\"https:\/\/www.uartes.edu.ec\/sitio\/en\/blog\/2021\/06\/18\/pie-de-pagina-invita-a-explorar-posibilidades-sensuales-de-las-palabras-e-imagenes-en-vigencia-6ta-convocatoria\/\" \/>\n<meta property=\"og:site_name\" content=\"Universidad de las Artes\" \/>\n<meta property=\"article:publisher\" content=\"https:\/\/www.facebook.com\/uartesec\" \/>\n<meta property=\"article:published_time\" content=\"2021-06-18T16:27:48+00:00\" \/>\n<meta property=\"article:modified_time\" content=\"2024-07-04T16:26:13+00:00\" \/>\n<meta property=\"og:image\" content=\"https:\/\/www.uartes.edu.ec\/sitio\/wp-content\/uploads\/2021\/06\/banners-PIE-DE-PAGINA.jpg\" \/>\n\t<meta property=\"og:image:width\" content=\"2000\" \/>\n\t<meta property=\"og:image:height\" content=\"1333\" \/>\n\t<meta property=\"og:image:type\" content=\"image\/jpeg\" \/>\n<meta name=\"author\" content=\"ccortez\" \/>\n<meta name=\"twitter:card\" content=\"summary_large_image\" \/>\n<meta name=\"twitter:creator\" content=\"@uartesec\" \/>\n<meta name=\"twitter:site\" content=\"@uartesec\" \/>\n<meta name=\"twitter:label1\" content=\"Written by\" \/>\n\t<meta name=\"twitter:data1\" content=\"ccortez\" \/>\n\t<meta name=\"twitter:label2\" content=\"Est. reading time\" \/>\n\t<meta name=\"twitter:data2\" content=\"3 minutes\" \/>\n<script type=\"application\/ld+json\" class=\"yoast-schema-graph\">{\"@context\":\"https:\\\/\\\/schema.org\",\"@graph\":[{\"@type\":\"Article\",\"@id\":\"https:\\\/\\\/www.uartes.edu.ec\\\/sitio\\\/en\\\/blog\\\/2021\\\/06\\\/18\\\/pie-de-pagina-invita-a-explorar-posibilidades-sensuales-de-las-palabras-e-imagenes-en-vigencia-6ta-convocatoria\\\/#article\",\"isPartOf\":{\"@id\":\"https:\\\/\\\/www.uartes.edu.ec\\\/sitio\\\/en\\\/blog\\\/2021\\\/06\\\/18\\\/pie-de-pagina-invita-a-explorar-posibilidades-sensuales-de-las-palabras-e-imagenes-en-vigencia-6ta-convocatoria\\\/\"},\"author\":{\"name\":\"ccortez\",\"@id\":\"https:\\\/\\\/www.uartes.edu.ec\\\/sitio\\\/en\\\/#\\\/schema\\\/person\\\/efa1b8275797664fd7f13a79ccc0b1f4\"},\"headline\":\"\u201cPie de p\u00e1gina\u201d invita a explorar posibilidades sensuales de las palabras e im\u00e1genes; en vigencia 6ta. convocatoria\",\"datePublished\":\"2021-06-18T16:27:48+00:00\",\"dateModified\":\"2024-07-04T16:26:13+00:00\",\"mainEntityOfPage\":{\"@id\":\"https:\\\/\\\/www.uartes.edu.ec\\\/sitio\\\/en\\\/blog\\\/2021\\\/06\\\/18\\\/pie-de-pagina-invita-a-explorar-posibilidades-sensuales-de-las-palabras-e-imagenes-en-vigencia-6ta-convocatoria\\\/\"},\"wordCount\":747,\"commentCount\":0,\"publisher\":{\"@id\":\"https:\\\/\\\/www.uartes.edu.ec\\\/sitio\\\/en\\\/#organization\"},\"image\":{\"@id\":\"https:\\\/\\\/www.uartes.edu.ec\\\/sitio\\\/en\\\/blog\\\/2021\\\/06\\\/18\\\/pie-de-pagina-invita-a-explorar-posibilidades-sensuales-de-las-palabras-e-imagenes-en-vigencia-6ta-convocatoria\\\/#primaryimage\"},\"thumbnailUrl\":\"https:\\\/\\\/www.uartes.edu.ec\\\/sitio\\\/wp-content\\\/uploads\\\/2021\\\/06\\\/banners-PIE-DE-PAGINA.jpg\",\"keywords\":[\"pie de p\u00e1gina\"],\"articleSection\":[\"Acad\u00e9mico\",\"Investigaci\u00f3n\",\"Literatura\",\"UArtes Ediciones\"],\"inLanguage\":\"en-US\",\"potentialAction\":[{\"@type\":\"CommentAction\",\"name\":\"Comment\",\"target\":[\"https:\\\/\\\/www.uartes.edu.ec\\\/sitio\\\/en\\\/blog\\\/2021\\\/06\\\/18\\\/pie-de-pagina-invita-a-explorar-posibilidades-sensuales-de-las-palabras-e-imagenes-en-vigencia-6ta-convocatoria\\\/#respond\"]}]},{\"@type\":[\"WebPage\",\"ItemPage\"],\"@id\":\"https:\\\/\\\/www.uartes.edu.ec\\\/sitio\\\/en\\\/blog\\\/2021\\\/06\\\/18\\\/pie-de-pagina-invita-a-explorar-posibilidades-sensuales-de-las-palabras-e-imagenes-en-vigencia-6ta-convocatoria\\\/\",\"url\":\"https:\\\/\\\/www.uartes.edu.ec\\\/sitio\\\/en\\\/blog\\\/2021\\\/06\\\/18\\\/pie-de-pagina-invita-a-explorar-posibilidades-sensuales-de-las-palabras-e-imagenes-en-vigencia-6ta-convocatoria\\\/\",\"name\":\"Universidad de las Artes - \u201cPie de p\u00e1gina\u201d invita a explorar posibilidades sensuales de las palabras e im\u00e1genes; en vigencia 6ta. convocatoria\",\"isPartOf\":{\"@id\":\"https:\\\/\\\/www.uartes.edu.ec\\\/sitio\\\/en\\\/#website\"},\"primaryImageOfPage\":{\"@id\":\"https:\\\/\\\/www.uartes.edu.ec\\\/sitio\\\/en\\\/blog\\\/2021\\\/06\\\/18\\\/pie-de-pagina-invita-a-explorar-posibilidades-sensuales-de-las-palabras-e-imagenes-en-vigencia-6ta-convocatoria\\\/#primaryimage\"},\"image\":{\"@id\":\"https:\\\/\\\/www.uartes.edu.ec\\\/sitio\\\/en\\\/blog\\\/2021\\\/06\\\/18\\\/pie-de-pagina-invita-a-explorar-posibilidades-sensuales-de-las-palabras-e-imagenes-en-vigencia-6ta-convocatoria\\\/#primaryimage\"},\"thumbnailUrl\":\"https:\\\/\\\/www.uartes.edu.ec\\\/sitio\\\/wp-content\\\/uploads\\\/2021\\\/06\\\/banners-PIE-DE-PAGINA.jpg\",\"datePublished\":\"2021-06-18T16:27:48+00:00\",\"dateModified\":\"2024-07-04T16:26:13+00:00\",\"description\":\"Universidad de las Artes - \u201cPie de p\u00e1gina\u201d invita a explorar posibilidades sensuales de las palabras e im\u00e1genes; en vigencia 6ta. convocatoria\",\"breadcrumb\":{\"@id\":\"https:\\\/\\\/www.uartes.edu.ec\\\/sitio\\\/en\\\/blog\\\/2021\\\/06\\\/18\\\/pie-de-pagina-invita-a-explorar-posibilidades-sensuales-de-las-palabras-e-imagenes-en-vigencia-6ta-convocatoria\\\/#breadcrumb\"},\"inLanguage\":\"en-US\",\"potentialAction\":[{\"@type\":\"ReadAction\",\"target\":[\"https:\\\/\\\/www.uartes.edu.ec\\\/sitio\\\/en\\\/blog\\\/2021\\\/06\\\/18\\\/pie-de-pagina-invita-a-explorar-posibilidades-sensuales-de-las-palabras-e-imagenes-en-vigencia-6ta-convocatoria\\\/\"]}]},{\"@type\":\"ImageObject\",\"inLanguage\":\"en-US\",\"@id\":\"https:\\\/\\\/www.uartes.edu.ec\\\/sitio\\\/en\\\/blog\\\/2021\\\/06\\\/18\\\/pie-de-pagina-invita-a-explorar-posibilidades-sensuales-de-las-palabras-e-imagenes-en-vigencia-6ta-convocatoria\\\/#primaryimage\",\"url\":\"https:\\\/\\\/www.uartes.edu.ec\\\/sitio\\\/wp-content\\\/uploads\\\/2021\\\/06\\\/banners-PIE-DE-PAGINA.jpg\",\"contentUrl\":\"https:\\\/\\\/www.uartes.edu.ec\\\/sitio\\\/wp-content\\\/uploads\\\/2021\\\/06\\\/banners-PIE-DE-PAGINA.jpg\",\"width\":2000,\"height\":1333},{\"@type\":\"BreadcrumbList\",\"@id\":\"https:\\\/\\\/www.uartes.edu.ec\\\/sitio\\\/en\\\/blog\\\/2021\\\/06\\\/18\\\/pie-de-pagina-invita-a-explorar-posibilidades-sensuales-de-las-palabras-e-imagenes-en-vigencia-6ta-convocatoria\\\/#breadcrumb\",\"itemListElement\":[{\"@type\":\"ListItem\",\"position\":1,\"name\":\"Inicio\",\"item\":\"https:\\\/\\\/www.uartes.edu.ec\\\/sitio\\\/\"},{\"@type\":\"ListItem\",\"position\":2,\"name\":\"\u201cPie de p\u00e1gina\u201d invita a explorar posibilidades sensuales de las palabras e im\u00e1genes; en vigencia 6ta. convocatoria\"}]},{\"@type\":\"WebSite\",\"@id\":\"https:\\\/\\\/www.uartes.edu.ec\\\/sitio\\\/en\\\/#website\",\"url\":\"https:\\\/\\\/www.uartes.edu.ec\\\/sitio\\\/en\\\/\",\"name\":\"Universidad de las Artes\",\"description\":\"Sitio oficial de la Universidad Nacional de las Artes del Ecuador\",\"publisher\":{\"@id\":\"https:\\\/\\\/www.uartes.edu.ec\\\/sitio\\\/en\\\/#organization\"},\"potentialAction\":[{\"@type\":\"SearchAction\",\"target\":{\"@type\":\"EntryPoint\",\"urlTemplate\":\"https:\\\/\\\/www.uartes.edu.ec\\\/sitio\\\/en\\\/?s={search_term_string}\"},\"query-input\":{\"@type\":\"PropertyValueSpecification\",\"valueRequired\":true,\"valueName\":\"search_term_string\"}}],\"inLanguage\":\"en-US\"},{\"@type\":\"Organization\",\"@id\":\"https:\\\/\\\/www.uartes.edu.ec\\\/sitio\\\/en\\\/#organization\",\"name\":\"Universidad de las Artes\",\"url\":\"https:\\\/\\\/www.uartes.edu.ec\\\/sitio\\\/en\\\/\",\"logo\":{\"@type\":\"ImageObject\",\"inLanguage\":\"en-US\",\"@id\":\"https:\\\/\\\/www.uartes.edu.ec\\\/sitio\\\/en\\\/#\\\/schema\\\/logo\\\/image\\\/\",\"url\":\"https:\\\/\\\/www.uartes.edu.ec\\\/sitio\\\/wp-content\\\/uploads\\\/2022\\\/07\\\/logo-ua-horizontal.png\",\"contentUrl\":\"https:\\\/\\\/www.uartes.edu.ec\\\/sitio\\\/wp-content\\\/uploads\\\/2022\\\/07\\\/logo-ua-horizontal.png\",\"width\":800,\"height\":276,\"caption\":\"Universidad de las Artes\"},\"image\":{\"@id\":\"https:\\\/\\\/www.uartes.edu.ec\\\/sitio\\\/en\\\/#\\\/schema\\\/logo\\\/image\\\/\"},\"sameAs\":[\"https:\\\/\\\/www.facebook.com\\\/uartesec\",\"https:\\\/\\\/x.com\\\/uartesec\",\"https:\\\/\\\/www.tiktok.com\\\/@uartesec\"]},{\"@type\":\"Person\",\"@id\":\"https:\\\/\\\/www.uartes.edu.ec\\\/sitio\\\/en\\\/#\\\/schema\\\/person\\\/efa1b8275797664fd7f13a79ccc0b1f4\",\"name\":\"ccortez\",\"image\":{\"@type\":\"ImageObject\",\"inLanguage\":\"en-US\",\"@id\":\"https:\\\/\\\/secure.gravatar.com\\\/avatar\\\/b2a6f664a3ae8e074346ef91775736c5ec479e637ecced6842de9dc98b5da9cd?s=96&d=mm&r=g\",\"url\":\"https:\\\/\\\/secure.gravatar.com\\\/avatar\\\/b2a6f664a3ae8e074346ef91775736c5ec479e637ecced6842de9dc98b5da9cd?s=96&d=mm&r=g\",\"contentUrl\":\"https:\\\/\\\/secure.gravatar.com\\\/avatar\\\/b2a6f664a3ae8e074346ef91775736c5ec479e637ecced6842de9dc98b5da9cd?s=96&d=mm&r=g\",\"caption\":\"ccortez\"},\"url\":\"https:\\\/\\\/www.uartes.edu.ec\\\/sitio\\\/en\\\/blog\\\/author\\\/ccortez\\\/\"}]}<\/script>\n<!-- \/ Yoast SEO plugin. -->","yoast_head_json":{"title":"Universidad de las Artes - \u201cPie de p\u00e1gina\u201d invita a explorar posibilidades sensuales de las palabras e im\u00e1genes; en vigencia 6ta. convocatoria","description":"Universidad de las Artes - \u201cPie de p\u00e1gina\u201d invita a explorar posibilidades sensuales de las palabras e im\u00e1genes; en vigencia 6ta. convocatoria","robots":{"index":"index","follow":"follow","max-snippet":"max-snippet:-1","max-image-preview":"max-image-preview:large","max-video-preview":"max-video-preview:-1"},"canonical":"https:\/\/www.uartes.edu.ec\/sitio\/en\/blog\/2021\/06\/18\/pie-de-pagina-invita-a-explorar-posibilidades-sensuales-de-las-palabras-e-imagenes-en-vigencia-6ta-convocatoria\/","og_locale":"en_US","og_type":"article","og_title":"Universidad de las Artes - \u201cPie de p\u00e1gina\u201d invita a explorar posibilidades sensuales de las palabras e im\u00e1genes; en vigencia 6ta. convocatoria","og_description":"Universidad de las Artes - \u201cPie de p\u00e1gina\u201d invita a explorar posibilidades sensuales de las palabras e im\u00e1genes; en vigencia 6ta. convocatoria","og_url":"https:\/\/www.uartes.edu.ec\/sitio\/en\/blog\/2021\/06\/18\/pie-de-pagina-invita-a-explorar-posibilidades-sensuales-de-las-palabras-e-imagenes-en-vigencia-6ta-convocatoria\/","og_site_name":"Universidad de las Artes","article_publisher":"https:\/\/www.facebook.com\/uartesec","article_published_time":"2021-06-18T16:27:48+00:00","article_modified_time":"2024-07-04T16:26:13+00:00","og_image":[{"width":2000,"height":1333,"url":"https:\/\/www.uartes.edu.ec\/sitio\/wp-content\/uploads\/2021\/06\/banners-PIE-DE-PAGINA.jpg","type":"image\/jpeg"}],"author":"ccortez","twitter_card":"summary_large_image","twitter_creator":"@uartesec","twitter_site":"@uartesec","twitter_misc":{"Written by":"ccortez","Est. reading time":"3 minutes"},"schema":{"@context":"https:\/\/schema.org","@graph":[{"@type":"Article","@id":"https:\/\/www.uartes.edu.ec\/sitio\/en\/blog\/2021\/06\/18\/pie-de-pagina-invita-a-explorar-posibilidades-sensuales-de-las-palabras-e-imagenes-en-vigencia-6ta-convocatoria\/#article","isPartOf":{"@id":"https:\/\/www.uartes.edu.ec\/sitio\/en\/blog\/2021\/06\/18\/pie-de-pagina-invita-a-explorar-posibilidades-sensuales-de-las-palabras-e-imagenes-en-vigencia-6ta-convocatoria\/"},"author":{"name":"ccortez","@id":"https:\/\/www.uartes.edu.ec\/sitio\/en\/#\/schema\/person\/efa1b8275797664fd7f13a79ccc0b1f4"},"headline":"\u201cPie de p\u00e1gina\u201d invita a explorar posibilidades sensuales de las palabras e im\u00e1genes; en vigencia 6ta. convocatoria","datePublished":"2021-06-18T16:27:48+00:00","dateModified":"2024-07-04T16:26:13+00:00","mainEntityOfPage":{"@id":"https:\/\/www.uartes.edu.ec\/sitio\/en\/blog\/2021\/06\/18\/pie-de-pagina-invita-a-explorar-posibilidades-sensuales-de-las-palabras-e-imagenes-en-vigencia-6ta-convocatoria\/"},"wordCount":747,"commentCount":0,"publisher":{"@id":"https:\/\/www.uartes.edu.ec\/sitio\/en\/#organization"},"image":{"@id":"https:\/\/www.uartes.edu.ec\/sitio\/en\/blog\/2021\/06\/18\/pie-de-pagina-invita-a-explorar-posibilidades-sensuales-de-las-palabras-e-imagenes-en-vigencia-6ta-convocatoria\/#primaryimage"},"thumbnailUrl":"https:\/\/www.uartes.edu.ec\/sitio\/wp-content\/uploads\/2021\/06\/banners-PIE-DE-PAGINA.jpg","keywords":["pie de p\u00e1gina"],"articleSection":["Acad\u00e9mico","Investigaci\u00f3n","Literatura","UArtes Ediciones"],"inLanguage":"en-US","potentialAction":[{"@type":"CommentAction","name":"Comment","target":["https:\/\/www.uartes.edu.ec\/sitio\/en\/blog\/2021\/06\/18\/pie-de-pagina-invita-a-explorar-posibilidades-sensuales-de-las-palabras-e-imagenes-en-vigencia-6ta-convocatoria\/#respond"]}]},{"@type":["WebPage","ItemPage"],"@id":"https:\/\/www.uartes.edu.ec\/sitio\/en\/blog\/2021\/06\/18\/pie-de-pagina-invita-a-explorar-posibilidades-sensuales-de-las-palabras-e-imagenes-en-vigencia-6ta-convocatoria\/","url":"https:\/\/www.uartes.edu.ec\/sitio\/en\/blog\/2021\/06\/18\/pie-de-pagina-invita-a-explorar-posibilidades-sensuales-de-las-palabras-e-imagenes-en-vigencia-6ta-convocatoria\/","name":"Universidad de las Artes - \u201cPie de p\u00e1gina\u201d invita a explorar posibilidades sensuales de las palabras e im\u00e1genes; en vigencia 6ta. convocatoria","isPartOf":{"@id":"https:\/\/www.uartes.edu.ec\/sitio\/en\/#website"},"primaryImageOfPage":{"@id":"https:\/\/www.uartes.edu.ec\/sitio\/en\/blog\/2021\/06\/18\/pie-de-pagina-invita-a-explorar-posibilidades-sensuales-de-las-palabras-e-imagenes-en-vigencia-6ta-convocatoria\/#primaryimage"},"image":{"@id":"https:\/\/www.uartes.edu.ec\/sitio\/en\/blog\/2021\/06\/18\/pie-de-pagina-invita-a-explorar-posibilidades-sensuales-de-las-palabras-e-imagenes-en-vigencia-6ta-convocatoria\/#primaryimage"},"thumbnailUrl":"https:\/\/www.uartes.edu.ec\/sitio\/wp-content\/uploads\/2021\/06\/banners-PIE-DE-PAGINA.jpg","datePublished":"2021-06-18T16:27:48+00:00","dateModified":"2024-07-04T16:26:13+00:00","description":"Universidad de las Artes - \u201cPie de p\u00e1gina\u201d invita a explorar posibilidades sensuales de las palabras e im\u00e1genes; en vigencia 6ta. convocatoria","breadcrumb":{"@id":"https:\/\/www.uartes.edu.ec\/sitio\/en\/blog\/2021\/06\/18\/pie-de-pagina-invita-a-explorar-posibilidades-sensuales-de-las-palabras-e-imagenes-en-vigencia-6ta-convocatoria\/#breadcrumb"},"inLanguage":"en-US","potentialAction":[{"@type":"ReadAction","target":["https:\/\/www.uartes.edu.ec\/sitio\/en\/blog\/2021\/06\/18\/pie-de-pagina-invita-a-explorar-posibilidades-sensuales-de-las-palabras-e-imagenes-en-vigencia-6ta-convocatoria\/"]}]},{"@type":"ImageObject","inLanguage":"en-US","@id":"https:\/\/www.uartes.edu.ec\/sitio\/en\/blog\/2021\/06\/18\/pie-de-pagina-invita-a-explorar-posibilidades-sensuales-de-las-palabras-e-imagenes-en-vigencia-6ta-convocatoria\/#primaryimage","url":"https:\/\/www.uartes.edu.ec\/sitio\/wp-content\/uploads\/2021\/06\/banners-PIE-DE-PAGINA.jpg","contentUrl":"https:\/\/www.uartes.edu.ec\/sitio\/wp-content\/uploads\/2021\/06\/banners-PIE-DE-PAGINA.jpg","width":2000,"height":1333},{"@type":"BreadcrumbList","@id":"https:\/\/www.uartes.edu.ec\/sitio\/en\/blog\/2021\/06\/18\/pie-de-pagina-invita-a-explorar-posibilidades-sensuales-de-las-palabras-e-imagenes-en-vigencia-6ta-convocatoria\/#breadcrumb","itemListElement":[{"@type":"ListItem","position":1,"name":"Inicio","item":"https:\/\/www.uartes.edu.ec\/sitio\/"},{"@type":"ListItem","position":2,"name":"\u201cPie de p\u00e1gina\u201d invita a explorar posibilidades sensuales de las palabras e im\u00e1genes; en vigencia 6ta. convocatoria"}]},{"@type":"WebSite","@id":"https:\/\/www.uartes.edu.ec\/sitio\/en\/#website","url":"https:\/\/www.uartes.edu.ec\/sitio\/en\/","name":"Universidad de las Artes","description":"Sitio oficial de la Universidad Nacional de las Artes del Ecuador","publisher":{"@id":"https:\/\/www.uartes.edu.ec\/sitio\/en\/#organization"},"potentialAction":[{"@type":"SearchAction","target":{"@type":"EntryPoint","urlTemplate":"https:\/\/www.uartes.edu.ec\/sitio\/en\/?s={search_term_string}"},"query-input":{"@type":"PropertyValueSpecification","valueRequired":true,"valueName":"search_term_string"}}],"inLanguage":"en-US"},{"@type":"Organization","@id":"https:\/\/www.uartes.edu.ec\/sitio\/en\/#organization","name":"Universidad de las Artes","url":"https:\/\/www.uartes.edu.ec\/sitio\/en\/","logo":{"@type":"ImageObject","inLanguage":"en-US","@id":"https:\/\/www.uartes.edu.ec\/sitio\/en\/#\/schema\/logo\/image\/","url":"https:\/\/www.uartes.edu.ec\/sitio\/wp-content\/uploads\/2022\/07\/logo-ua-horizontal.png","contentUrl":"https:\/\/www.uartes.edu.ec\/sitio\/wp-content\/uploads\/2022\/07\/logo-ua-horizontal.png","width":800,"height":276,"caption":"Universidad de las Artes"},"image":{"@id":"https:\/\/www.uartes.edu.ec\/sitio\/en\/#\/schema\/logo\/image\/"},"sameAs":["https:\/\/www.facebook.com\/uartesec","https:\/\/x.com\/uartesec","https:\/\/www.tiktok.com\/@uartesec"]},{"@type":"Person","@id":"https:\/\/www.uartes.edu.ec\/sitio\/en\/#\/schema\/person\/efa1b8275797664fd7f13a79ccc0b1f4","name":"ccortez","image":{"@type":"ImageObject","inLanguage":"en-US","@id":"https:\/\/secure.gravatar.com\/avatar\/b2a6f664a3ae8e074346ef91775736c5ec479e637ecced6842de9dc98b5da9cd?s=96&d=mm&r=g","url":"https:\/\/secure.gravatar.com\/avatar\/b2a6f664a3ae8e074346ef91775736c5ec479e637ecced6842de9dc98b5da9cd?s=96&d=mm&r=g","contentUrl":"https:\/\/secure.gravatar.com\/avatar\/b2a6f664a3ae8e074346ef91775736c5ec479e637ecced6842de9dc98b5da9cd?s=96&d=mm&r=g","caption":"ccortez"},"url":"https:\/\/www.uartes.edu.ec\/sitio\/en\/blog\/author\/ccortez\/"}]}},"uagb_featured_image_src":{"full":["https:\/\/www.uartes.edu.ec\/sitio\/wp-content\/uploads\/2021\/06\/banners-PIE-DE-PAGINA.jpg",2000,1333,false],"thumbnail":["https:\/\/www.uartes.edu.ec\/sitio\/wp-content\/uploads\/2021\/06\/banners-PIE-DE-PAGINA-150x150.jpg",150,150,true],"medium":["https:\/\/www.uartes.edu.ec\/sitio\/wp-content\/uploads\/2021\/06\/banners-PIE-DE-PAGINA-300x200.jpg",300,200,true],"medium_large":["https:\/\/www.uartes.edu.ec\/sitio\/wp-content\/uploads\/2021\/06\/banners-PIE-DE-PAGINA-768x512.jpg",768,512,true],"large":["https:\/\/www.uartes.edu.ec\/sitio\/wp-content\/uploads\/2021\/06\/banners-PIE-DE-PAGINA-644x429.jpg",644,429,true],"1536x1536":["https:\/\/www.uartes.edu.ec\/sitio\/wp-content\/uploads\/2021\/06\/banners-PIE-DE-PAGINA-1536x1024.jpg",1536,1024,true],"2048x2048":["https:\/\/www.uartes.edu.ec\/sitio\/wp-content\/uploads\/2021\/06\/banners-PIE-DE-PAGINA.jpg",2000,1333,false],"trp-custom-language-flag":["https:\/\/www.uartes.edu.ec\/sitio\/wp-content\/uploads\/2021\/06\/banners-PIE-DE-PAGINA-16x12.jpg",16,12,true],"htmega_size_585x295":["https:\/\/www.uartes.edu.ec\/sitio\/wp-content\/uploads\/2021\/06\/banners-PIE-DE-PAGINA-585x295.jpg",585,295,true],"htmega_size_1170x536":["https:\/\/www.uartes.edu.ec\/sitio\/wp-content\/uploads\/2021\/06\/banners-PIE-DE-PAGINA-1170x536.jpg",1170,536,true],"htmega_size_396x360":["https:\/\/www.uartes.edu.ec\/sitio\/wp-content\/uploads\/2021\/06\/banners-PIE-DE-PAGINA-396x360.jpg",396,360,true],"gb-block-post-grid-landscape":["https:\/\/www.uartes.edu.ec\/sitio\/wp-content\/uploads\/2021\/06\/banners-PIE-DE-PAGINA.jpg",600,400,false],"gb-block-post-grid-square":["https:\/\/www.uartes.edu.ec\/sitio\/wp-content\/uploads\/2021\/06\/banners-PIE-DE-PAGINA.jpg",600,400,false],"university-hub-thumb":["https:\/\/www.uartes.edu.ec\/sitio\/wp-content\/uploads\/2021\/06\/banners-PIE-DE-PAGINA-400x267.jpg",400,267,true]},"uagb_author_info":{"display_name":"ccortez","author_link":"https:\/\/www.uartes.edu.ec\/sitio\/en\/blog\/author\/ccortez\/"},"uagb_comment_info":0,"uagb_excerpt":"Con una periodicidad semestral y secciones de textos acad\u00e9micos arbitrados, dosier creativo tem\u00e1tico y miscel\u00e1nea, la revista literaria digital Pie de p\u00e1gina se prepara para editar su sexto n\u00famero.","featured_image_src":"https:\/\/www.uartes.edu.ec\/sitio\/wp-content\/uploads\/2021\/06\/banners-PIE-DE-PAGINA.jpg","featured_image_src_square":"https:\/\/www.uartes.edu.ec\/sitio\/wp-content\/uploads\/2021\/06\/banners-PIE-DE-PAGINA.jpg","author_info":{"display_name":"ccortez","author_link":"https:\/\/www.uartes.edu.ec\/sitio\/en\/blog\/author\/ccortez\/"},"publishpress_future_workflow_manual_trigger":{"enabledWorkflows":[]},"distributor_meta":false,"distributor_terms":false,"distributor_media":false,"distributor_original_site_name":"Universidad de las Artes","distributor_original_site_url":"https:\/\/www.uartes.edu.ec\/sitio\/en","push-errors":false,"_links":{"self":[{"href":"https:\/\/www.uartes.edu.ec\/sitio\/en\/wp-json\/wp\/v2\/posts\/14246","targetHints":{"allow":["GET"]}}],"collection":[{"href":"https:\/\/www.uartes.edu.ec\/sitio\/en\/wp-json\/wp\/v2\/posts"}],"about":[{"href":"https:\/\/www.uartes.edu.ec\/sitio\/en\/wp-json\/wp\/v2\/types\/post"}],"author":[{"embeddable":true,"href":"https:\/\/www.uartes.edu.ec\/sitio\/en\/wp-json\/wp\/v2\/users\/10"}],"replies":[{"embeddable":true,"href":"https:\/\/www.uartes.edu.ec\/sitio\/en\/wp-json\/wp\/v2\/comments?post=14246"}],"version-history":[{"count":2,"href":"https:\/\/www.uartes.edu.ec\/sitio\/en\/wp-json\/wp\/v2\/posts\/14246\/revisions"}],"predecessor-version":[{"id":14270,"href":"https:\/\/www.uartes.edu.ec\/sitio\/en\/wp-json\/wp\/v2\/posts\/14246\/revisions\/14270"}],"wp:featuredmedia":[{"embeddable":true,"href":"https:\/\/www.uartes.edu.ec\/sitio\/en\/wp-json\/wp\/v2\/media\/14242"}],"wp:attachment":[{"href":"https:\/\/www.uartes.edu.ec\/sitio\/en\/wp-json\/wp\/v2\/media?parent=14246"}],"wp:term":[{"taxonomy":"category","embeddable":true,"href":"https:\/\/www.uartes.edu.ec\/sitio\/en\/wp-json\/wp\/v2\/categories?post=14246"},{"taxonomy":"post_tag","embeddable":true,"href":"https:\/\/www.uartes.edu.ec\/sitio\/en\/wp-json\/wp\/v2\/tags?post=14246"},{"taxonomy":"infouartes","embeddable":true,"href":"https:\/\/www.uartes.edu.ec\/sitio\/en\/wp-json\/wp\/v2\/infouartes?post=14246"}],"curies":[{"name":"wp","href":"https:\/\/api.w.org\/{rel}","templated":true}]}}