{"id":14249,"date":"2021-06-18T11:25:38","date_gmt":"2021-06-18T16:25:38","guid":{"rendered":"http:\/\/www.uartes.edu.ec\/sitio\/?p=14249"},"modified":"2024-07-04T11:26:13","modified_gmt":"2024-07-04T16:26:13","slug":"los-ciclos-de-juan-posso-el-docente-uartes-lanza-su-nuevo-album","status":"publish","type":"post","link":"https:\/\/www.uartes.edu.ec\/sitio\/en\/blog\/2021\/06\/18\/los-ciclos-de-juan-posso-el-docente-uartes-lanza-su-nuevo-album\/","title":{"rendered":"Los CICLOS de Juan Posso,                                      el docente UArtes lanza su nuevo \u00e1lbum"},"content":{"rendered":"<p>A su nuevo disco el compositor ecuatoriano Juan Posso lo titul\u00f3 <em>CICLOS<\/em> y desde el 18 de mayo de 2021 circula en Spotify, Deezer, Amazon Music y Apple music.<\/p>\n\n\n\n<p>El trabajo discogr\u00e1fico de Juan Posso, tambi\u00e9n docente titular de la Universidad de las Artes y profesor de Producci\u00f3n Musical de la Universidad Esp\u00edritu Santo, consta de seis canciones, las cuales marcan el cierre de la temporada 2019\u20132020 en la que se conform\u00f3 un tr\u00edo instrumental con Rafael Guzm\u00e1n, en el piano; Giovanni Berm\u00fadez, en el contrabajo; y, \u00e9l, en la bater\u00eda y composici\u00f3n.<\/p>\n\n\n\n<p><em>CICLOS<\/em> explora frecuencias num\u00e9ricas que se contraponen entre s\u00ed y que al juntarse con las armon\u00edas crean una sonoridad moderna que deriva en patrones c\u00edclicos musicales plasmados en una sesi\u00f3n en vivo. En su realizaci\u00f3n intervinieron tambi\u00e9n Carlos Luis Osejo, mezcla y masterizaci\u00f3n; y, Mito L\u00f3pez, edici\u00f3n de video.<\/p>\n\n\n\n<p><em>Reencuentro, Resiliencia, Mandala, Tribulaci\u00f3n, Piedra<\/em> and <em>El Final<\/em> son los temas de <em>CICLOS<\/em>. De estas composiciones es importante destacar que <em>Reencuentro<\/em> result\u00f3 semifinalista en el 7virtual Jazz de Mil\u00e1n, Italia, concurso que constituye una plataforma internacional en la que se descubren nuevos y sobresalientes talentos, tanto profesionales como amateurs.<\/p>\n\n\n\n<p>Acerca de su producci\u00f3n musical, el artista revela: Realic\u00e9 mi primer EP como solista llamado <em>Resiliencia<\/em>, el cual se present\u00f3 en el Teatro Centro de Arte, en Guayaquil; el Teatro Nacional Sucre, en el marco del Festival Internacional de Jazz 2019, en Quito; y, en el festival Bosphorus Fest, en Bogot\u00e1-Colombia 2019. En 2021 estoy lanzando <em>CICLOS,<\/em> un disco de seis temas en una sesi\u00f3n en vivo, grabado en los Estudios Runa (de la capital ecuatoriana), que ha sido parte de los Festivales 7virtual Jazz Club (Mil\u00e1n) y Bosphorus Fest (Bogot\u00e1) en las ediciones 2020. Soy un artista activo que utiliza platillos Bosphorus y baquetas Vater Percussion.<\/p>\n\n\n\n<p>Agrega que haber nacido en Quito, capital ecuatoriana que est\u00e1 en el medio del mundo, lo expuso a la influencia de muchas culturas de diferentes lugares. \u201cMi m\u00fasica es una mezcla de influencias como el jazz, el metal y la m\u00fasica latina, basada en la improvisaci\u00f3n. Comenc\u00e9 a tocar metal y hard core emp\u00edricamente, present\u00e1ndome en festivales como Rock al Parque (Colombia), Makinaria fest (Brasil) y en diferentes lugares en Per\u00fa, Chile, Venezuela y Ecuador\u201d.<\/p>\n\n\n\n<p>Con el proyecto de worldmusic Sarazino (Cumbancha R\u00e9cords), Juan Posso indica haber recorrido Estados Unidos y Canad\u00e1, tocando en el Kennedy Center Washington D.C. y el Festival Nuits de Afriques en Montreal. \u201cObtuve un Magna Cum Laude en el M\u00e1ster en Interpretaci\u00f3n Contempor\u00e1nea en la prestigiosa Berklee College of Music-Campus Valencia, donde form\u00e9 parte de los proyectos musicales de V\u00edctor Mendoza y Perico Sambeat, tocando en la Convenci\u00f3n de Yamaha en Madrid, la Convenci\u00f3n de Conservatorios europeos en Valencia, el Festival de Inclusi\u00f3n en Ljuljana, Eslovenia\u201d.<\/p>\n\n\n\n<p>En la actualidad, Juan Posso es el creador del proyecto Juan Posso Jazz Tr\u00edo, que trabaja tanto con composiciones originales como con improvisaciones. Es un artista patrocinado por Bosphorus Cymbals (Turqu\u00eda) y Vater Percussion (USA). En la UArtes imparte clases de instrumento, ensambles y arreglos.<\/p>\n\n\n\n<p>Sigue a Juan Posso en sus redes: <a href=\"https:\/\/www.youtube.com\/channel\/UCJJT2F1E4Ix9j5-d29jNSwg\/featured\">YouTube<\/a>, <a href=\"https:\/\/www.instagram.com\/juanpossodrums\/\">Instagram<\/a>, <a href=\"https:\/\/www.facebook.com\/juan.posso.5\">Facebook<\/a>.<br>M\u00e1s info en: <a href=\"http:\/\/www.juanpossodrums.com\">www.juanpossodrums.com<\/a><\/p>","protected":false},"excerpt":{"rendered":"<p>A su nuevo disco el compositor ecuatoriano Juan Posso lo titul\u00f3 CICLOS y desde el 18 de mayo de 2021 circula en Spotify, Deezer, Amazon Music y Apple music.<\/p>","protected":false},"author":10,"featured_media":14252,"comment_status":"open","ping_status":"open","sticky":false,"template":"","format":"standard","meta":{"_acf_changed":false,"_uag_custom_page_level_css":"","_monsterinsights_skip_tracking":false,"_monsterinsights_sitenote_active":false,"_monsterinsights_sitenote_note":"","_monsterinsights_sitenote_category":0,"cybocfi_hide_featured_image":"","footnotes":""},"categories":[82,150,75],"tags":[],"infouartes":[],"class_list":["post-14249","post","type-post","status-publish","format-standard","has-post-thumbnail","hentry","category-artes","category-artes-sonoras","category-docentes"],"acf":[],"yoast_head":"<!-- This site is optimized with the Yoast SEO plugin v27.4 - https:\/\/yoast.com\/product\/yoast-seo-wordpress\/ -->\n<title>Universidad de las Artes - Los CICLOS de Juan Posso,                   el docente UArtes lanza su nuevo \u00e1lbum<\/title>\n<meta name=\"description\" content=\"Universidad de las Artes - Los CICLOS de Juan Posso,                   el docente UArtes lanza su nuevo \u00e1lbum\" \/>\n<meta name=\"robots\" content=\"index, follow, max-snippet:-1, max-image-preview:large, max-video-preview:-1\" \/>\n<link rel=\"canonical\" href=\"https:\/\/www.uartes.edu.ec\/sitio\/en\/blog\/2021\/06\/18\/los-ciclos-de-juan-posso-el-docente-uartes-lanza-su-nuevo-album\/\" \/>\n<meta property=\"og:locale\" content=\"en_US\" \/>\n<meta property=\"og:type\" content=\"article\" \/>\n<meta property=\"og:title\" content=\"Universidad de las Artes - Los CICLOS de Juan Posso,                   el docente UArtes lanza su nuevo \u00e1lbum\" \/>\n<meta property=\"og:description\" content=\"Universidad de las Artes - Los CICLOS de Juan Posso,                   el docente UArtes lanza su nuevo \u00e1lbum\" \/>\n<meta property=\"og:url\" content=\"https:\/\/www.uartes.edu.ec\/sitio\/en\/blog\/2021\/06\/18\/los-ciclos-de-juan-posso-el-docente-uartes-lanza-su-nuevo-album\/\" \/>\n<meta property=\"og:site_name\" content=\"Universidad de las Artes\" \/>\n<meta property=\"article:publisher\" content=\"https:\/\/www.facebook.com\/uartesec\" \/>\n<meta property=\"article:published_time\" content=\"2021-06-18T16:25:38+00:00\" \/>\n<meta property=\"article:modified_time\" content=\"2024-07-04T16:26:13+00:00\" \/>\n<meta property=\"og:image\" content=\"https:\/\/www.uartes.edu.ec\/sitio\/wp-content\/uploads\/2021\/06\/JUAN-POSSO-REDES.jpg\" \/>\n\t<meta property=\"og:image:width\" content=\"2000\" \/>\n\t<meta property=\"og:image:height\" content=\"1333\" \/>\n\t<meta property=\"og:image:type\" content=\"image\/jpeg\" \/>\n<meta name=\"author\" content=\"ccortez\" \/>\n<meta name=\"twitter:card\" content=\"summary_large_image\" \/>\n<meta name=\"twitter:creator\" content=\"@uartesec\" \/>\n<meta name=\"twitter:site\" content=\"@uartesec\" \/>\n<meta name=\"twitter:label1\" content=\"Written by\" \/>\n\t<meta name=\"twitter:data1\" content=\"ccortez\" \/>\n\t<meta name=\"twitter:label2\" content=\"Est. reading time\" \/>\n\t<meta name=\"twitter:data2\" content=\"3 minutes\" \/>\n<script type=\"application\/ld+json\" class=\"yoast-schema-graph\">{\"@context\":\"https:\\\/\\\/schema.org\",\"@graph\":[{\"@type\":\"Article\",\"@id\":\"https:\\\/\\\/www.uartes.edu.ec\\\/sitio\\\/en\\\/blog\\\/2021\\\/06\\\/18\\\/los-ciclos-de-juan-posso-el-docente-uartes-lanza-su-nuevo-album\\\/#article\",\"isPartOf\":{\"@id\":\"https:\\\/\\\/www.uartes.edu.ec\\\/sitio\\\/en\\\/blog\\\/2021\\\/06\\\/18\\\/los-ciclos-de-juan-posso-el-docente-uartes-lanza-su-nuevo-album\\\/\"},\"author\":{\"name\":\"ccortez\",\"@id\":\"https:\\\/\\\/www.uartes.edu.ec\\\/sitio\\\/en\\\/#\\\/schema\\\/person\\\/efa1b8275797664fd7f13a79ccc0b1f4\"},\"headline\":\"Los CICLOS de Juan Posso, el docente UArtes lanza su nuevo \u00e1lbum\",\"datePublished\":\"2021-06-18T16:25:38+00:00\",\"dateModified\":\"2024-07-04T16:26:13+00:00\",\"mainEntityOfPage\":{\"@id\":\"https:\\\/\\\/www.uartes.edu.ec\\\/sitio\\\/en\\\/blog\\\/2021\\\/06\\\/18\\\/los-ciclos-de-juan-posso-el-docente-uartes-lanza-su-nuevo-album\\\/\"},\"wordCount\":566,\"commentCount\":0,\"publisher\":{\"@id\":\"https:\\\/\\\/www.uartes.edu.ec\\\/sitio\\\/en\\\/#organization\"},\"image\":{\"@id\":\"https:\\\/\\\/www.uartes.edu.ec\\\/sitio\\\/en\\\/blog\\\/2021\\\/06\\\/18\\\/los-ciclos-de-juan-posso-el-docente-uartes-lanza-su-nuevo-album\\\/#primaryimage\"},\"thumbnailUrl\":\"https:\\\/\\\/www.uartes.edu.ec\\\/sitio\\\/wp-content\\\/uploads\\\/2021\\\/06\\\/JUAN-POSSO-REDES.jpg\",\"articleSection\":[\"Artes\",\"Artes Sonoras\",\"Docentes\"],\"inLanguage\":\"en-US\",\"potentialAction\":[{\"@type\":\"CommentAction\",\"name\":\"Comment\",\"target\":[\"https:\\\/\\\/www.uartes.edu.ec\\\/sitio\\\/en\\\/blog\\\/2021\\\/06\\\/18\\\/los-ciclos-de-juan-posso-el-docente-uartes-lanza-su-nuevo-album\\\/#respond\"]}]},{\"@type\":[\"WebPage\",\"ItemPage\"],\"@id\":\"https:\\\/\\\/www.uartes.edu.ec\\\/sitio\\\/en\\\/blog\\\/2021\\\/06\\\/18\\\/los-ciclos-de-juan-posso-el-docente-uartes-lanza-su-nuevo-album\\\/\",\"url\":\"https:\\\/\\\/www.uartes.edu.ec\\\/sitio\\\/en\\\/blog\\\/2021\\\/06\\\/18\\\/los-ciclos-de-juan-posso-el-docente-uartes-lanza-su-nuevo-album\\\/\",\"name\":\"Universidad de las Artes - Los CICLOS de Juan Posso, el docente UArtes lanza su nuevo \u00e1lbum\",\"isPartOf\":{\"@id\":\"https:\\\/\\\/www.uartes.edu.ec\\\/sitio\\\/en\\\/#website\"},\"primaryImageOfPage\":{\"@id\":\"https:\\\/\\\/www.uartes.edu.ec\\\/sitio\\\/en\\\/blog\\\/2021\\\/06\\\/18\\\/los-ciclos-de-juan-posso-el-docente-uartes-lanza-su-nuevo-album\\\/#primaryimage\"},\"image\":{\"@id\":\"https:\\\/\\\/www.uartes.edu.ec\\\/sitio\\\/en\\\/blog\\\/2021\\\/06\\\/18\\\/los-ciclos-de-juan-posso-el-docente-uartes-lanza-su-nuevo-album\\\/#primaryimage\"},\"thumbnailUrl\":\"https:\\\/\\\/www.uartes.edu.ec\\\/sitio\\\/wp-content\\\/uploads\\\/2021\\\/06\\\/JUAN-POSSO-REDES.jpg\",\"datePublished\":\"2021-06-18T16:25:38+00:00\",\"dateModified\":\"2024-07-04T16:26:13+00:00\",\"description\":\"Universidad de las Artes - Los CICLOS de Juan Posso, el docente UArtes lanza su nuevo \u00e1lbum\",\"breadcrumb\":{\"@id\":\"https:\\\/\\\/www.uartes.edu.ec\\\/sitio\\\/en\\\/blog\\\/2021\\\/06\\\/18\\\/los-ciclos-de-juan-posso-el-docente-uartes-lanza-su-nuevo-album\\\/#breadcrumb\"},\"inLanguage\":\"en-US\",\"potentialAction\":[{\"@type\":\"ReadAction\",\"target\":[\"https:\\\/\\\/www.uartes.edu.ec\\\/sitio\\\/en\\\/blog\\\/2021\\\/06\\\/18\\\/los-ciclos-de-juan-posso-el-docente-uartes-lanza-su-nuevo-album\\\/\"]}]},{\"@type\":\"ImageObject\",\"inLanguage\":\"en-US\",\"@id\":\"https:\\\/\\\/www.uartes.edu.ec\\\/sitio\\\/en\\\/blog\\\/2021\\\/06\\\/18\\\/los-ciclos-de-juan-posso-el-docente-uartes-lanza-su-nuevo-album\\\/#primaryimage\",\"url\":\"https:\\\/\\\/www.uartes.edu.ec\\\/sitio\\\/wp-content\\\/uploads\\\/2021\\\/06\\\/JUAN-POSSO-REDES.jpg\",\"contentUrl\":\"https:\\\/\\\/www.uartes.edu.ec\\\/sitio\\\/wp-content\\\/uploads\\\/2021\\\/06\\\/JUAN-POSSO-REDES.jpg\",\"width\":2000,\"height\":1333,\"caption\":\"Los CICLOS de Juan Posso, el docente UArtes lanza su nuevo \u00e1lbum\"},{\"@type\":\"BreadcrumbList\",\"@id\":\"https:\\\/\\\/www.uartes.edu.ec\\\/sitio\\\/en\\\/blog\\\/2021\\\/06\\\/18\\\/los-ciclos-de-juan-posso-el-docente-uartes-lanza-su-nuevo-album\\\/#breadcrumb\",\"itemListElement\":[{\"@type\":\"ListItem\",\"position\":1,\"name\":\"Inicio\",\"item\":\"https:\\\/\\\/www.uartes.edu.ec\\\/sitio\\\/\"},{\"@type\":\"ListItem\",\"position\":2,\"name\":\"Los CICLOS de Juan Posso, el docente UArtes lanza su nuevo \u00e1lbum\"}]},{\"@type\":\"WebSite\",\"@id\":\"https:\\\/\\\/www.uartes.edu.ec\\\/sitio\\\/en\\\/#website\",\"url\":\"https:\\\/\\\/www.uartes.edu.ec\\\/sitio\\\/en\\\/\",\"name\":\"Universidad de las Artes\",\"description\":\"Sitio oficial de la Universidad Nacional de las Artes del Ecuador\",\"publisher\":{\"@id\":\"https:\\\/\\\/www.uartes.edu.ec\\\/sitio\\\/en\\\/#organization\"},\"potentialAction\":[{\"@type\":\"SearchAction\",\"target\":{\"@type\":\"EntryPoint\",\"urlTemplate\":\"https:\\\/\\\/www.uartes.edu.ec\\\/sitio\\\/en\\\/?s={search_term_string}\"},\"query-input\":{\"@type\":\"PropertyValueSpecification\",\"valueRequired\":true,\"valueName\":\"search_term_string\"}}],\"inLanguage\":\"en-US\"},{\"@type\":\"Organization\",\"@id\":\"https:\\\/\\\/www.uartes.edu.ec\\\/sitio\\\/en\\\/#organization\",\"name\":\"Universidad de las Artes\",\"url\":\"https:\\\/\\\/www.uartes.edu.ec\\\/sitio\\\/en\\\/\",\"logo\":{\"@type\":\"ImageObject\",\"inLanguage\":\"en-US\",\"@id\":\"https:\\\/\\\/www.uartes.edu.ec\\\/sitio\\\/en\\\/#\\\/schema\\\/logo\\\/image\\\/\",\"url\":\"https:\\\/\\\/www.uartes.edu.ec\\\/sitio\\\/wp-content\\\/uploads\\\/2022\\\/07\\\/logo-ua-horizontal.png\",\"contentUrl\":\"https:\\\/\\\/www.uartes.edu.ec\\\/sitio\\\/wp-content\\\/uploads\\\/2022\\\/07\\\/logo-ua-horizontal.png\",\"width\":800,\"height\":276,\"caption\":\"Universidad de las Artes\"},\"image\":{\"@id\":\"https:\\\/\\\/www.uartes.edu.ec\\\/sitio\\\/en\\\/#\\\/schema\\\/logo\\\/image\\\/\"},\"sameAs\":[\"https:\\\/\\\/www.facebook.com\\\/uartesec\",\"https:\\\/\\\/x.com\\\/uartesec\",\"https:\\\/\\\/www.tiktok.com\\\/@uartesec\"]},{\"@type\":\"Person\",\"@id\":\"https:\\\/\\\/www.uartes.edu.ec\\\/sitio\\\/en\\\/#\\\/schema\\\/person\\\/efa1b8275797664fd7f13a79ccc0b1f4\",\"name\":\"ccortez\",\"image\":{\"@type\":\"ImageObject\",\"inLanguage\":\"en-US\",\"@id\":\"https:\\\/\\\/secure.gravatar.com\\\/avatar\\\/b2a6f664a3ae8e074346ef91775736c5ec479e637ecced6842de9dc98b5da9cd?s=96&d=mm&r=g\",\"url\":\"https:\\\/\\\/secure.gravatar.com\\\/avatar\\\/b2a6f664a3ae8e074346ef91775736c5ec479e637ecced6842de9dc98b5da9cd?s=96&d=mm&r=g\",\"contentUrl\":\"https:\\\/\\\/secure.gravatar.com\\\/avatar\\\/b2a6f664a3ae8e074346ef91775736c5ec479e637ecced6842de9dc98b5da9cd?s=96&d=mm&r=g\",\"caption\":\"ccortez\"},\"url\":\"https:\\\/\\\/www.uartes.edu.ec\\\/sitio\\\/en\\\/blog\\\/author\\\/ccortez\\\/\"}]}<\/script>\n<!-- \/ Yoast SEO plugin. -->","yoast_head_json":{"title":"Universidad de las Artes - Los CICLOS de Juan Posso,                   el docente UArtes lanza su nuevo \u00e1lbum","description":"Universidad de las Artes - Los CICLOS de Juan Posso,                   el docente UArtes lanza su nuevo \u00e1lbum","robots":{"index":"index","follow":"follow","max-snippet":"max-snippet:-1","max-image-preview":"max-image-preview:large","max-video-preview":"max-video-preview:-1"},"canonical":"https:\/\/www.uartes.edu.ec\/sitio\/en\/blog\/2021\/06\/18\/los-ciclos-de-juan-posso-el-docente-uartes-lanza-su-nuevo-album\/","og_locale":"en_US","og_type":"article","og_title":"Universidad de las Artes - Los CICLOS de Juan Posso,                   el docente UArtes lanza su nuevo \u00e1lbum","og_description":"Universidad de las Artes - Los CICLOS de Juan Posso,                   el docente UArtes lanza su nuevo \u00e1lbum","og_url":"https:\/\/www.uartes.edu.ec\/sitio\/en\/blog\/2021\/06\/18\/los-ciclos-de-juan-posso-el-docente-uartes-lanza-su-nuevo-album\/","og_site_name":"Universidad de las Artes","article_publisher":"https:\/\/www.facebook.com\/uartesec","article_published_time":"2021-06-18T16:25:38+00:00","article_modified_time":"2024-07-04T16:26:13+00:00","og_image":[{"width":2000,"height":1333,"url":"https:\/\/www.uartes.edu.ec\/sitio\/wp-content\/uploads\/2021\/06\/JUAN-POSSO-REDES.jpg","type":"image\/jpeg"}],"author":"ccortez","twitter_card":"summary_large_image","twitter_creator":"@uartesec","twitter_site":"@uartesec","twitter_misc":{"Written by":"ccortez","Est. reading time":"3 minutes"},"schema":{"@context":"https:\/\/schema.org","@graph":[{"@type":"Article","@id":"https:\/\/www.uartes.edu.ec\/sitio\/en\/blog\/2021\/06\/18\/los-ciclos-de-juan-posso-el-docente-uartes-lanza-su-nuevo-album\/#article","isPartOf":{"@id":"https:\/\/www.uartes.edu.ec\/sitio\/en\/blog\/2021\/06\/18\/los-ciclos-de-juan-posso-el-docente-uartes-lanza-su-nuevo-album\/"},"author":{"name":"ccortez","@id":"https:\/\/www.uartes.edu.ec\/sitio\/en\/#\/schema\/person\/efa1b8275797664fd7f13a79ccc0b1f4"},"headline":"Los CICLOS de Juan Posso, el docente UArtes lanza su nuevo \u00e1lbum","datePublished":"2021-06-18T16:25:38+00:00","dateModified":"2024-07-04T16:26:13+00:00","mainEntityOfPage":{"@id":"https:\/\/www.uartes.edu.ec\/sitio\/en\/blog\/2021\/06\/18\/los-ciclos-de-juan-posso-el-docente-uartes-lanza-su-nuevo-album\/"},"wordCount":566,"commentCount":0,"publisher":{"@id":"https:\/\/www.uartes.edu.ec\/sitio\/en\/#organization"},"image":{"@id":"https:\/\/www.uartes.edu.ec\/sitio\/en\/blog\/2021\/06\/18\/los-ciclos-de-juan-posso-el-docente-uartes-lanza-su-nuevo-album\/#primaryimage"},"thumbnailUrl":"https:\/\/www.uartes.edu.ec\/sitio\/wp-content\/uploads\/2021\/06\/JUAN-POSSO-REDES.jpg","articleSection":["Artes","Artes Sonoras","Docentes"],"inLanguage":"en-US","potentialAction":[{"@type":"CommentAction","name":"Comment","target":["https:\/\/www.uartes.edu.ec\/sitio\/en\/blog\/2021\/06\/18\/los-ciclos-de-juan-posso-el-docente-uartes-lanza-su-nuevo-album\/#respond"]}]},{"@type":["WebPage","ItemPage"],"@id":"https:\/\/www.uartes.edu.ec\/sitio\/en\/blog\/2021\/06\/18\/los-ciclos-de-juan-posso-el-docente-uartes-lanza-su-nuevo-album\/","url":"https:\/\/www.uartes.edu.ec\/sitio\/en\/blog\/2021\/06\/18\/los-ciclos-de-juan-posso-el-docente-uartes-lanza-su-nuevo-album\/","name":"Universidad de las Artes - Los CICLOS de Juan Posso, el docente UArtes lanza su nuevo \u00e1lbum","isPartOf":{"@id":"https:\/\/www.uartes.edu.ec\/sitio\/en\/#website"},"primaryImageOfPage":{"@id":"https:\/\/www.uartes.edu.ec\/sitio\/en\/blog\/2021\/06\/18\/los-ciclos-de-juan-posso-el-docente-uartes-lanza-su-nuevo-album\/#primaryimage"},"image":{"@id":"https:\/\/www.uartes.edu.ec\/sitio\/en\/blog\/2021\/06\/18\/los-ciclos-de-juan-posso-el-docente-uartes-lanza-su-nuevo-album\/#primaryimage"},"thumbnailUrl":"https:\/\/www.uartes.edu.ec\/sitio\/wp-content\/uploads\/2021\/06\/JUAN-POSSO-REDES.jpg","datePublished":"2021-06-18T16:25:38+00:00","dateModified":"2024-07-04T16:26:13+00:00","description":"Universidad de las Artes - Los CICLOS de Juan Posso, el docente UArtes lanza su nuevo \u00e1lbum","breadcrumb":{"@id":"https:\/\/www.uartes.edu.ec\/sitio\/en\/blog\/2021\/06\/18\/los-ciclos-de-juan-posso-el-docente-uartes-lanza-su-nuevo-album\/#breadcrumb"},"inLanguage":"en-US","potentialAction":[{"@type":"ReadAction","target":["https:\/\/www.uartes.edu.ec\/sitio\/en\/blog\/2021\/06\/18\/los-ciclos-de-juan-posso-el-docente-uartes-lanza-su-nuevo-album\/"]}]},{"@type":"ImageObject","inLanguage":"en-US","@id":"https:\/\/www.uartes.edu.ec\/sitio\/en\/blog\/2021\/06\/18\/los-ciclos-de-juan-posso-el-docente-uartes-lanza-su-nuevo-album\/#primaryimage","url":"https:\/\/www.uartes.edu.ec\/sitio\/wp-content\/uploads\/2021\/06\/JUAN-POSSO-REDES.jpg","contentUrl":"https:\/\/www.uartes.edu.ec\/sitio\/wp-content\/uploads\/2021\/06\/JUAN-POSSO-REDES.jpg","width":2000,"height":1333,"caption":"Los CICLOS de Juan Posso, el docente UArtes lanza su nuevo \u00e1lbum"},{"@type":"BreadcrumbList","@id":"https:\/\/www.uartes.edu.ec\/sitio\/en\/blog\/2021\/06\/18\/los-ciclos-de-juan-posso-el-docente-uartes-lanza-su-nuevo-album\/#breadcrumb","itemListElement":[{"@type":"ListItem","position":1,"name":"Inicio","item":"https:\/\/www.uartes.edu.ec\/sitio\/"},{"@type":"ListItem","position":2,"name":"Los CICLOS de Juan Posso, el docente UArtes lanza su nuevo \u00e1lbum"}]},{"@type":"WebSite","@id":"https:\/\/www.uartes.edu.ec\/sitio\/en\/#website","url":"https:\/\/www.uartes.edu.ec\/sitio\/en\/","name":"Universidad de las Artes","description":"Sitio oficial de la Universidad Nacional de las Artes del Ecuador","publisher":{"@id":"https:\/\/www.uartes.edu.ec\/sitio\/en\/#organization"},"potentialAction":[{"@type":"SearchAction","target":{"@type":"EntryPoint","urlTemplate":"https:\/\/www.uartes.edu.ec\/sitio\/en\/?s={search_term_string}"},"query-input":{"@type":"PropertyValueSpecification","valueRequired":true,"valueName":"search_term_string"}}],"inLanguage":"en-US"},{"@type":"Organization","@id":"https:\/\/www.uartes.edu.ec\/sitio\/en\/#organization","name":"Universidad de las Artes","url":"https:\/\/www.uartes.edu.ec\/sitio\/en\/","logo":{"@type":"ImageObject","inLanguage":"en-US","@id":"https:\/\/www.uartes.edu.ec\/sitio\/en\/#\/schema\/logo\/image\/","url":"https:\/\/www.uartes.edu.ec\/sitio\/wp-content\/uploads\/2022\/07\/logo-ua-horizontal.png","contentUrl":"https:\/\/www.uartes.edu.ec\/sitio\/wp-content\/uploads\/2022\/07\/logo-ua-horizontal.png","width":800,"height":276,"caption":"Universidad de las Artes"},"image":{"@id":"https:\/\/www.uartes.edu.ec\/sitio\/en\/#\/schema\/logo\/image\/"},"sameAs":["https:\/\/www.facebook.com\/uartesec","https:\/\/x.com\/uartesec","https:\/\/www.tiktok.com\/@uartesec"]},{"@type":"Person","@id":"https:\/\/www.uartes.edu.ec\/sitio\/en\/#\/schema\/person\/efa1b8275797664fd7f13a79ccc0b1f4","name":"ccortez","image":{"@type":"ImageObject","inLanguage":"en-US","@id":"https:\/\/secure.gravatar.com\/avatar\/b2a6f664a3ae8e074346ef91775736c5ec479e637ecced6842de9dc98b5da9cd?s=96&d=mm&r=g","url":"https:\/\/secure.gravatar.com\/avatar\/b2a6f664a3ae8e074346ef91775736c5ec479e637ecced6842de9dc98b5da9cd?s=96&d=mm&r=g","contentUrl":"https:\/\/secure.gravatar.com\/avatar\/b2a6f664a3ae8e074346ef91775736c5ec479e637ecced6842de9dc98b5da9cd?s=96&d=mm&r=g","caption":"ccortez"},"url":"https:\/\/www.uartes.edu.ec\/sitio\/en\/blog\/author\/ccortez\/"}]}},"uagb_featured_image_src":{"full":["https:\/\/www.uartes.edu.ec\/sitio\/wp-content\/uploads\/2021\/06\/JUAN-POSSO-REDES.jpg",2000,1333,false],"thumbnail":["https:\/\/www.uartes.edu.ec\/sitio\/wp-content\/uploads\/2021\/06\/JUAN-POSSO-REDES-150x150.jpg",150,150,true],"medium":["https:\/\/www.uartes.edu.ec\/sitio\/wp-content\/uploads\/2021\/06\/JUAN-POSSO-REDES-300x200.jpg",300,200,true],"medium_large":["https:\/\/www.uartes.edu.ec\/sitio\/wp-content\/uploads\/2021\/06\/JUAN-POSSO-REDES-768x512.jpg",768,512,true],"large":["https:\/\/www.uartes.edu.ec\/sitio\/wp-content\/uploads\/2021\/06\/JUAN-POSSO-REDES-644x429.jpg",644,429,true],"1536x1536":["https:\/\/www.uartes.edu.ec\/sitio\/wp-content\/uploads\/2021\/06\/JUAN-POSSO-REDES-1536x1024.jpg",1536,1024,true],"2048x2048":["https:\/\/www.uartes.edu.ec\/sitio\/wp-content\/uploads\/2021\/06\/JUAN-POSSO-REDES.jpg",2000,1333,false],"trp-custom-language-flag":["https:\/\/www.uartes.edu.ec\/sitio\/wp-content\/uploads\/2021\/06\/JUAN-POSSO-REDES-16x12.jpg",16,12,true],"htmega_size_585x295":["https:\/\/www.uartes.edu.ec\/sitio\/wp-content\/uploads\/2021\/06\/JUAN-POSSO-REDES-585x295.jpg",585,295,true],"htmega_size_1170x536":["https:\/\/www.uartes.edu.ec\/sitio\/wp-content\/uploads\/2021\/06\/JUAN-POSSO-REDES-1170x536.jpg",1170,536,true],"htmega_size_396x360":["https:\/\/www.uartes.edu.ec\/sitio\/wp-content\/uploads\/2021\/06\/JUAN-POSSO-REDES-396x360.jpg",396,360,true],"gb-block-post-grid-landscape":["https:\/\/www.uartes.edu.ec\/sitio\/wp-content\/uploads\/2021\/06\/JUAN-POSSO-REDES.jpg",600,400,false],"gb-block-post-grid-square":["https:\/\/www.uartes.edu.ec\/sitio\/wp-content\/uploads\/2021\/06\/JUAN-POSSO-REDES.jpg",600,400,false],"university-hub-thumb":["https:\/\/www.uartes.edu.ec\/sitio\/wp-content\/uploads\/2021\/06\/JUAN-POSSO-REDES-400x267.jpg",400,267,true]},"uagb_author_info":{"display_name":"ccortez","author_link":"https:\/\/www.uartes.edu.ec\/sitio\/en\/blog\/author\/ccortez\/"},"uagb_comment_info":0,"uagb_excerpt":"A su nuevo disco el compositor ecuatoriano Juan Posso lo titul\u00f3 CICLOS y desde el 18 de mayo de 2021 circula en Spotify, Deezer, Amazon Music y Apple music.","featured_image_src":"https:\/\/www.uartes.edu.ec\/sitio\/wp-content\/uploads\/2021\/06\/JUAN-POSSO-REDES.jpg","featured_image_src_square":"https:\/\/www.uartes.edu.ec\/sitio\/wp-content\/uploads\/2021\/06\/JUAN-POSSO-REDES.jpg","author_info":{"display_name":"ccortez","author_link":"https:\/\/www.uartes.edu.ec\/sitio\/en\/blog\/author\/ccortez\/"},"publishpress_future_workflow_manual_trigger":{"enabledWorkflows":[]},"distributor_meta":false,"distributor_terms":false,"distributor_media":false,"distributor_original_site_name":"Universidad de las Artes","distributor_original_site_url":"https:\/\/www.uartes.edu.ec\/sitio\/en","push-errors":false,"_links":{"self":[{"href":"https:\/\/www.uartes.edu.ec\/sitio\/en\/wp-json\/wp\/v2\/posts\/14249","targetHints":{"allow":["GET"]}}],"collection":[{"href":"https:\/\/www.uartes.edu.ec\/sitio\/en\/wp-json\/wp\/v2\/posts"}],"about":[{"href":"https:\/\/www.uartes.edu.ec\/sitio\/en\/wp-json\/wp\/v2\/types\/post"}],"author":[{"embeddable":true,"href":"https:\/\/www.uartes.edu.ec\/sitio\/en\/wp-json\/wp\/v2\/users\/10"}],"replies":[{"embeddable":true,"href":"https:\/\/www.uartes.edu.ec\/sitio\/en\/wp-json\/wp\/v2\/comments?post=14249"}],"version-history":[{"count":2,"href":"https:\/\/www.uartes.edu.ec\/sitio\/en\/wp-json\/wp\/v2\/posts\/14249\/revisions"}],"predecessor-version":[{"id":14268,"href":"https:\/\/www.uartes.edu.ec\/sitio\/en\/wp-json\/wp\/v2\/posts\/14249\/revisions\/14268"}],"wp:featuredmedia":[{"embeddable":true,"href":"https:\/\/www.uartes.edu.ec\/sitio\/en\/wp-json\/wp\/v2\/media\/14252"}],"wp:attachment":[{"href":"https:\/\/www.uartes.edu.ec\/sitio\/en\/wp-json\/wp\/v2\/media?parent=14249"}],"wp:term":[{"taxonomy":"category","embeddable":true,"href":"https:\/\/www.uartes.edu.ec\/sitio\/en\/wp-json\/wp\/v2\/categories?post=14249"},{"taxonomy":"post_tag","embeddable":true,"href":"https:\/\/www.uartes.edu.ec\/sitio\/en\/wp-json\/wp\/v2\/tags?post=14249"},{"taxonomy":"infouartes","embeddable":true,"href":"https:\/\/www.uartes.edu.ec\/sitio\/en\/wp-json\/wp\/v2\/infouartes?post=14249"}],"curies":[{"name":"wp","href":"https:\/\/api.w.org\/{rel}","templated":true}]}}