{"id":1462,"date":"2018-04-09T16:20:28","date_gmt":"2018-04-09T21:20:28","guid":{"rendered":"http:\/\/www.uartes.edu.ec\/infouartes\/?p=1462"},"modified":"2024-07-04T11:53:54","modified_gmt":"2024-07-04T16:53:54","slug":"siomara-espana-participa-en-festival-de-poesia-en-marruecos-y-presenta-nuevo-libro-en-espana","status":"publish","type":"post","link":"https:\/\/www.uartes.edu.ec\/sitio\/en\/blog\/2018\/04\/09\/siomara-espana-participa-en-festival-de-poesia-en-marruecos-y-presenta-nuevo-libro-en-espana\/","title":{"rendered":"Siomara Espa\u00f1a participa en Festival de Poes\u00eda en Marruecos y presenta nuevo libro en Espa\u00f1a"},"content":{"rendered":"<p>Siomara Espa\u00f1a, poeta y docente de la Escuela de Literatura de la Universidad de las Artes, participa como invitada especial en el VI Festival Internacional de Poes\u00eda de Safi, en Marruecos, uno de los festivales de poes\u00eda m\u00e1s importantes del mundo \u00e1rabe. Espa\u00f1a, cuya antolog\u00eda po\u00e9tica \u00abJardines en el Aire\u00bb fue traducida \u00edntegramente al \u00e1rabe por la editorial Hafa en Alejandr\u00eda en el 2016, tambi\u00e9n cuenta con traducciones de su poes\u00eda en franc\u00e9s, ingl\u00e9s, portugu\u00e9s, y japon\u00e9s.<\/p>\n<p>Es la primera vez que un poeta ecuatoriano participa en el Festival, que organiza la Fundaci\u00f3n Al-Kalima y que recorre varias localidades con recitales, conferencias y debates en ciudades como Safi, Asilah, Meknes, T\u00e1nger y Marrakech. En el Festival participan 35 poetas de 22 pa\u00edses, entes ellos Colombia, Venezuela, Chile, Per\u00fa, Espa\u00f1a, Inglaterra, Bulgaria, Finlandia, Chipre, China. India, Egipto, Palestina, T\u00fanez, Lituania, entre otros.<\/p>\n<p><strong>Nuevo libro se presenta en Madrid<\/strong><\/p>\n<p>En la ciudad de Madrid, la poeta presentar\u00e1 su nuevo libro \u00abCelebraci\u00f3n de la Memoria\u00bb, publicado por la reconocida editorial espa\u00f1ola Huerga y Fierro.<\/p>\n<p>La poeta y cr\u00edtica madrile\u00f1a, Ariadna Garc\u00eda, estar\u00e1 a cargo de la presentaci\u00f3n de este nuevo libro de Siomara Espa\u00f1a que abre un recorrido por la vejez, el recuerdo y la cercan\u00eda de la muerte, como memoria intermitente de la vida.<img fetchpriority=\"high\" decoding=\"async\" class=\"aligncenter size-full wp-image-1463\" src=\"http:\/\/www.uartes.edu.ec\/infouartes\/wp-content\/uploads\/2018\/04\/libro.jpg\" alt=\"\" width=\"800\" height=\"903\" \/><\/p>","protected":false},"excerpt":{"rendered":"<p>Siomara Espa\u00f1a, poeta y docente de la Escuela de Literatura de la Universidad de las Artes, participa como invitada especial en el VI Festival Internacional de Poes\u00eda de Safi, en Marruecos, uno de los festivales de poes\u00eda m\u00e1s importantes del mundo \u00e1rabe. Espa\u00f1a, cuya antolog\u00eda po\u00e9tica \u00abJardines en el Aire\u00bb fue traducida \u00edntegramente al \u00e1rabe [&hellip;]<\/p>\n","protected":false},"author":1,"featured_media":1465,"comment_status":"closed","ping_status":"closed","sticky":false,"template":"","format":"standard","meta":{"_acf_changed":false,"_uag_custom_page_level_css":"","_monsterinsights_skip_tracking":false,"_monsterinsights_sitenote_active":false,"_monsterinsights_sitenote_note":"","_monsterinsights_sitenote_category":0,"cybocfi_hide_featured_image":"","footnotes":""},"categories":[75],"tags":[],"infouartes":[],"class_list":["post-1462","post","type-post","status-publish","format-standard","has-post-thumbnail","hentry","category-docentes"],"acf":[],"yoast_head":"<!-- This site is optimized with the Yoast SEO plugin v27.4 - https:\/\/yoast.com\/product\/yoast-seo-wordpress\/ -->\n<title>Universidad de las Artes - Siomara Espa\u00f1a participa en Festival de Poes\u00eda en Marruecos y presenta nuevo libro en Espa\u00f1a<\/title>\n<meta name=\"description\" content=\"Universidad de las Artes - Siomara Espa\u00f1a participa en Festival de Poes\u00eda en Marruecos y presenta nuevo libro en Espa\u00f1a\" \/>\n<meta name=\"robots\" content=\"index, follow, max-snippet:-1, max-image-preview:large, max-video-preview:-1\" \/>\n<link rel=\"canonical\" href=\"https:\/\/www.uartes.edu.ec\/sitio\/en\/blog\/2018\/04\/09\/siomara-espana-participa-en-festival-de-poesia-en-marruecos-y-presenta-nuevo-libro-en-espana\/\" \/>\n<meta property=\"og:locale\" content=\"en_US\" \/>\n<meta property=\"og:type\" content=\"article\" \/>\n<meta property=\"og:title\" content=\"Universidad de las Artes - Siomara Espa\u00f1a participa en Festival de Poes\u00eda en Marruecos y presenta nuevo libro en Espa\u00f1a\" \/>\n<meta property=\"og:description\" content=\"Universidad de las Artes - Siomara Espa\u00f1a participa en Festival de Poes\u00eda en Marruecos y presenta nuevo libro en Espa\u00f1a\" \/>\n<meta property=\"og:url\" content=\"https:\/\/www.uartes.edu.ec\/sitio\/en\/blog\/2018\/04\/09\/siomara-espana-participa-en-festival-de-poesia-en-marruecos-y-presenta-nuevo-libro-en-espana\/\" \/>\n<meta property=\"og:site_name\" content=\"Universidad de las Artes\" \/>\n<meta property=\"article:publisher\" content=\"https:\/\/www.facebook.com\/uartesec\" \/>\n<meta property=\"article:published_time\" content=\"2018-04-09T21:20:28+00:00\" \/>\n<meta property=\"article:modified_time\" content=\"2024-07-04T16:53:54+00:00\" \/>\n<meta name=\"author\" content=\"Universidad de las Artes\" \/>\n<meta name=\"twitter:card\" content=\"summary_large_image\" \/>\n<meta name=\"twitter:creator\" content=\"@uartesec\" \/>\n<meta name=\"twitter:site\" content=\"@uartesec\" \/>\n<meta name=\"twitter:label1\" content=\"Written by\" \/>\n\t<meta name=\"twitter:data1\" content=\"Universidad de las Artes\" \/>\n\t<meta name=\"twitter:label2\" content=\"Est. reading time\" \/>\n\t<meta name=\"twitter:data2\" content=\"1 minute\" \/>\n<script type=\"application\/ld+json\" class=\"yoast-schema-graph\">{\"@context\":\"https:\\\/\\\/schema.org\",\"@graph\":[{\"@type\":\"Article\",\"@id\":\"https:\\\/\\\/www.uartes.edu.ec\\\/sitio\\\/en\\\/blog\\\/2018\\\/04\\\/09\\\/siomara-espana-participa-en-festival-de-poesia-en-marruecos-y-presenta-nuevo-libro-en-espana\\\/#article\",\"isPartOf\":{\"@id\":\"https:\\\/\\\/www.uartes.edu.ec\\\/sitio\\\/en\\\/blog\\\/2018\\\/04\\\/09\\\/siomara-espana-participa-en-festival-de-poesia-en-marruecos-y-presenta-nuevo-libro-en-espana\\\/\"},\"author\":{\"name\":\"Universidad de las Artes\",\"@id\":\"https:\\\/\\\/www.uartes.edu.ec\\\/sitio\\\/en\\\/#\\\/schema\\\/person\\\/f33f8c1d2af0d5c80a38c8abf458184a\"},\"headline\":\"Siomara Espa\u00f1a participa en Festival de Poes\u00eda en Marruecos y presenta nuevo libro en Espa\u00f1a\",\"datePublished\":\"2018-04-09T21:20:28+00:00\",\"dateModified\":\"2024-07-04T16:53:54+00:00\",\"mainEntityOfPage\":{\"@id\":\"https:\\\/\\\/www.uartes.edu.ec\\\/sitio\\\/en\\\/blog\\\/2018\\\/04\\\/09\\\/siomara-espana-participa-en-festival-de-poesia-en-marruecos-y-presenta-nuevo-libro-en-espana\\\/\"},\"wordCount\":254,\"publisher\":{\"@id\":\"https:\\\/\\\/www.uartes.edu.ec\\\/sitio\\\/en\\\/#organization\"},\"image\":{\"@id\":\"https:\\\/\\\/www.uartes.edu.ec\\\/sitio\\\/en\\\/blog\\\/2018\\\/04\\\/09\\\/siomara-espana-participa-en-festival-de-poesia-en-marruecos-y-presenta-nuevo-libro-en-espana\\\/#primaryimage\"},\"thumbnailUrl\":\"\",\"articleSection\":[\"Docentes\"],\"inLanguage\":\"en-US\"},{\"@type\":[\"WebPage\",\"ItemPage\"],\"@id\":\"https:\\\/\\\/www.uartes.edu.ec\\\/sitio\\\/en\\\/blog\\\/2018\\\/04\\\/09\\\/siomara-espana-participa-en-festival-de-poesia-en-marruecos-y-presenta-nuevo-libro-en-espana\\\/\",\"url\":\"https:\\\/\\\/www.uartes.edu.ec\\\/sitio\\\/en\\\/blog\\\/2018\\\/04\\\/09\\\/siomara-espana-participa-en-festival-de-poesia-en-marruecos-y-presenta-nuevo-libro-en-espana\\\/\",\"name\":\"Universidad de las Artes - Siomara Espa\u00f1a participa en Festival de Poes\u00eda en Marruecos y presenta nuevo libro en Espa\u00f1a\",\"isPartOf\":{\"@id\":\"https:\\\/\\\/www.uartes.edu.ec\\\/sitio\\\/en\\\/#website\"},\"primaryImageOfPage\":{\"@id\":\"https:\\\/\\\/www.uartes.edu.ec\\\/sitio\\\/en\\\/blog\\\/2018\\\/04\\\/09\\\/siomara-espana-participa-en-festival-de-poesia-en-marruecos-y-presenta-nuevo-libro-en-espana\\\/#primaryimage\"},\"image\":{\"@id\":\"https:\\\/\\\/www.uartes.edu.ec\\\/sitio\\\/en\\\/blog\\\/2018\\\/04\\\/09\\\/siomara-espana-participa-en-festival-de-poesia-en-marruecos-y-presenta-nuevo-libro-en-espana\\\/#primaryimage\"},\"thumbnailUrl\":\"\",\"datePublished\":\"2018-04-09T21:20:28+00:00\",\"dateModified\":\"2024-07-04T16:53:54+00:00\",\"description\":\"Universidad de las Artes - Siomara Espa\u00f1a participa en Festival de Poes\u00eda en Marruecos y presenta nuevo libro en Espa\u00f1a\",\"breadcrumb\":{\"@id\":\"https:\\\/\\\/www.uartes.edu.ec\\\/sitio\\\/en\\\/blog\\\/2018\\\/04\\\/09\\\/siomara-espana-participa-en-festival-de-poesia-en-marruecos-y-presenta-nuevo-libro-en-espana\\\/#breadcrumb\"},\"inLanguage\":\"en-US\",\"potentialAction\":[{\"@type\":\"ReadAction\",\"target\":[\"https:\\\/\\\/www.uartes.edu.ec\\\/sitio\\\/en\\\/blog\\\/2018\\\/04\\\/09\\\/siomara-espana-participa-en-festival-de-poesia-en-marruecos-y-presenta-nuevo-libro-en-espana\\\/\"]}]},{\"@type\":\"ImageObject\",\"inLanguage\":\"en-US\",\"@id\":\"https:\\\/\\\/www.uartes.edu.ec\\\/sitio\\\/en\\\/blog\\\/2018\\\/04\\\/09\\\/siomara-espana-participa-en-festival-de-poesia-en-marruecos-y-presenta-nuevo-libro-en-espana\\\/#primaryimage\",\"url\":\"\",\"contentUrl\":\"\"},{\"@type\":\"BreadcrumbList\",\"@id\":\"https:\\\/\\\/www.uartes.edu.ec\\\/sitio\\\/en\\\/blog\\\/2018\\\/04\\\/09\\\/siomara-espana-participa-en-festival-de-poesia-en-marruecos-y-presenta-nuevo-libro-en-espana\\\/#breadcrumb\",\"itemListElement\":[{\"@type\":\"ListItem\",\"position\":1,\"name\":\"Inicio\",\"item\":\"https:\\\/\\\/www.uartes.edu.ec\\\/sitio\\\/\"},{\"@type\":\"ListItem\",\"position\":2,\"name\":\"Siomara Espa\u00f1a participa en Festival de Poes\u00eda en Marruecos y presenta nuevo libro en Espa\u00f1a\"}]},{\"@type\":\"WebSite\",\"@id\":\"https:\\\/\\\/www.uartes.edu.ec\\\/sitio\\\/en\\\/#website\",\"url\":\"https:\\\/\\\/www.uartes.edu.ec\\\/sitio\\\/en\\\/\",\"name\":\"Universidad de las Artes\",\"description\":\"Sitio oficial de la Universidad Nacional de las Artes del Ecuador\",\"publisher\":{\"@id\":\"https:\\\/\\\/www.uartes.edu.ec\\\/sitio\\\/en\\\/#organization\"},\"potentialAction\":[{\"@type\":\"SearchAction\",\"target\":{\"@type\":\"EntryPoint\",\"urlTemplate\":\"https:\\\/\\\/www.uartes.edu.ec\\\/sitio\\\/en\\\/?s={search_term_string}\"},\"query-input\":{\"@type\":\"PropertyValueSpecification\",\"valueRequired\":true,\"valueName\":\"search_term_string\"}}],\"inLanguage\":\"en-US\"},{\"@type\":\"Organization\",\"@id\":\"https:\\\/\\\/www.uartes.edu.ec\\\/sitio\\\/en\\\/#organization\",\"name\":\"Universidad de las Artes\",\"url\":\"https:\\\/\\\/www.uartes.edu.ec\\\/sitio\\\/en\\\/\",\"logo\":{\"@type\":\"ImageObject\",\"inLanguage\":\"en-US\",\"@id\":\"https:\\\/\\\/www.uartes.edu.ec\\\/sitio\\\/en\\\/#\\\/schema\\\/logo\\\/image\\\/\",\"url\":\"https:\\\/\\\/www.uartes.edu.ec\\\/sitio\\\/wp-content\\\/uploads\\\/2022\\\/07\\\/logo-ua-horizontal.png\",\"contentUrl\":\"https:\\\/\\\/www.uartes.edu.ec\\\/sitio\\\/wp-content\\\/uploads\\\/2022\\\/07\\\/logo-ua-horizontal.png\",\"width\":800,\"height\":276,\"caption\":\"Universidad de las Artes\"},\"image\":{\"@id\":\"https:\\\/\\\/www.uartes.edu.ec\\\/sitio\\\/en\\\/#\\\/schema\\\/logo\\\/image\\\/\"},\"sameAs\":[\"https:\\\/\\\/www.facebook.com\\\/uartesec\",\"https:\\\/\\\/x.com\\\/uartesec\",\"https:\\\/\\\/www.tiktok.com\\\/@uartesec\"]},{\"@type\":\"Person\",\"@id\":\"https:\\\/\\\/www.uartes.edu.ec\\\/sitio\\\/en\\\/#\\\/schema\\\/person\\\/f33f8c1d2af0d5c80a38c8abf458184a\",\"name\":\"Universidad de las Artes\",\"image\":{\"@type\":\"ImageObject\",\"inLanguage\":\"en-US\",\"@id\":\"https:\\\/\\\/secure.gravatar.com\\\/avatar\\\/52e4757902f5cfa5ac52d020e5be83cae5487519154b6c35482fe08d589f3c13?s=96&d=mm&r=g\",\"url\":\"https:\\\/\\\/secure.gravatar.com\\\/avatar\\\/52e4757902f5cfa5ac52d020e5be83cae5487519154b6c35482fe08d589f3c13?s=96&d=mm&r=g\",\"contentUrl\":\"https:\\\/\\\/secure.gravatar.com\\\/avatar\\\/52e4757902f5cfa5ac52d020e5be83cae5487519154b6c35482fe08d589f3c13?s=96&d=mm&r=g\",\"caption\":\"Universidad de las Artes\"},\"url\":\"https:\\\/\\\/www.uartes.edu.ec\\\/sitio\\\/en\\\/blog\\\/author\\\/dircomadm\\\/\"}]}<\/script>\n<!-- \/ Yoast SEO plugin. -->","yoast_head_json":{"title":"Universidad de las Artes - Siomara Espa\u00f1a participa en Festival de Poes\u00eda en Marruecos y presenta nuevo libro en Espa\u00f1a","description":"Universidad de las Artes - Siomara Espa\u00f1a participa en Festival de Poes\u00eda en Marruecos y presenta nuevo libro en Espa\u00f1a","robots":{"index":"index","follow":"follow","max-snippet":"max-snippet:-1","max-image-preview":"max-image-preview:large","max-video-preview":"max-video-preview:-1"},"canonical":"https:\/\/www.uartes.edu.ec\/sitio\/en\/blog\/2018\/04\/09\/siomara-espana-participa-en-festival-de-poesia-en-marruecos-y-presenta-nuevo-libro-en-espana\/","og_locale":"en_US","og_type":"article","og_title":"Universidad de las Artes - Siomara Espa\u00f1a participa en Festival de Poes\u00eda en Marruecos y presenta nuevo libro en Espa\u00f1a","og_description":"Universidad de las Artes - Siomara Espa\u00f1a participa en Festival de Poes\u00eda en Marruecos y presenta nuevo libro en Espa\u00f1a","og_url":"https:\/\/www.uartes.edu.ec\/sitio\/en\/blog\/2018\/04\/09\/siomara-espana-participa-en-festival-de-poesia-en-marruecos-y-presenta-nuevo-libro-en-espana\/","og_site_name":"Universidad de las Artes","article_publisher":"https:\/\/www.facebook.com\/uartesec","article_published_time":"2018-04-09T21:20:28+00:00","article_modified_time":"2024-07-04T16:53:54+00:00","author":"Universidad de las Artes","twitter_card":"summary_large_image","twitter_creator":"@uartesec","twitter_site":"@uartesec","twitter_misc":{"Written by":"Universidad de las Artes","Est. reading time":"1 minute"},"schema":{"@context":"https:\/\/schema.org","@graph":[{"@type":"Article","@id":"https:\/\/www.uartes.edu.ec\/sitio\/en\/blog\/2018\/04\/09\/siomara-espana-participa-en-festival-de-poesia-en-marruecos-y-presenta-nuevo-libro-en-espana\/#article","isPartOf":{"@id":"https:\/\/www.uartes.edu.ec\/sitio\/en\/blog\/2018\/04\/09\/siomara-espana-participa-en-festival-de-poesia-en-marruecos-y-presenta-nuevo-libro-en-espana\/"},"author":{"name":"Universidad de las Artes","@id":"https:\/\/www.uartes.edu.ec\/sitio\/en\/#\/schema\/person\/f33f8c1d2af0d5c80a38c8abf458184a"},"headline":"Siomara Espa\u00f1a participa en Festival de Poes\u00eda en Marruecos y presenta nuevo libro en Espa\u00f1a","datePublished":"2018-04-09T21:20:28+00:00","dateModified":"2024-07-04T16:53:54+00:00","mainEntityOfPage":{"@id":"https:\/\/www.uartes.edu.ec\/sitio\/en\/blog\/2018\/04\/09\/siomara-espana-participa-en-festival-de-poesia-en-marruecos-y-presenta-nuevo-libro-en-espana\/"},"wordCount":254,"publisher":{"@id":"https:\/\/www.uartes.edu.ec\/sitio\/en\/#organization"},"image":{"@id":"https:\/\/www.uartes.edu.ec\/sitio\/en\/blog\/2018\/04\/09\/siomara-espana-participa-en-festival-de-poesia-en-marruecos-y-presenta-nuevo-libro-en-espana\/#primaryimage"},"thumbnailUrl":"","articleSection":["Docentes"],"inLanguage":"en-US"},{"@type":["WebPage","ItemPage"],"@id":"https:\/\/www.uartes.edu.ec\/sitio\/en\/blog\/2018\/04\/09\/siomara-espana-participa-en-festival-de-poesia-en-marruecos-y-presenta-nuevo-libro-en-espana\/","url":"https:\/\/www.uartes.edu.ec\/sitio\/en\/blog\/2018\/04\/09\/siomara-espana-participa-en-festival-de-poesia-en-marruecos-y-presenta-nuevo-libro-en-espana\/","name":"Universidad de las Artes - Siomara Espa\u00f1a participa en Festival de Poes\u00eda en Marruecos y presenta nuevo libro en Espa\u00f1a","isPartOf":{"@id":"https:\/\/www.uartes.edu.ec\/sitio\/en\/#website"},"primaryImageOfPage":{"@id":"https:\/\/www.uartes.edu.ec\/sitio\/en\/blog\/2018\/04\/09\/siomara-espana-participa-en-festival-de-poesia-en-marruecos-y-presenta-nuevo-libro-en-espana\/#primaryimage"},"image":{"@id":"https:\/\/www.uartes.edu.ec\/sitio\/en\/blog\/2018\/04\/09\/siomara-espana-participa-en-festival-de-poesia-en-marruecos-y-presenta-nuevo-libro-en-espana\/#primaryimage"},"thumbnailUrl":"","datePublished":"2018-04-09T21:20:28+00:00","dateModified":"2024-07-04T16:53:54+00:00","description":"Universidad de las Artes - Siomara Espa\u00f1a participa en Festival de Poes\u00eda en Marruecos y presenta nuevo libro en Espa\u00f1a","breadcrumb":{"@id":"https:\/\/www.uartes.edu.ec\/sitio\/en\/blog\/2018\/04\/09\/siomara-espana-participa-en-festival-de-poesia-en-marruecos-y-presenta-nuevo-libro-en-espana\/#breadcrumb"},"inLanguage":"en-US","potentialAction":[{"@type":"ReadAction","target":["https:\/\/www.uartes.edu.ec\/sitio\/en\/blog\/2018\/04\/09\/siomara-espana-participa-en-festival-de-poesia-en-marruecos-y-presenta-nuevo-libro-en-espana\/"]}]},{"@type":"ImageObject","inLanguage":"en-US","@id":"https:\/\/www.uartes.edu.ec\/sitio\/en\/blog\/2018\/04\/09\/siomara-espana-participa-en-festival-de-poesia-en-marruecos-y-presenta-nuevo-libro-en-espana\/#primaryimage","url":"","contentUrl":""},{"@type":"BreadcrumbList","@id":"https:\/\/www.uartes.edu.ec\/sitio\/en\/blog\/2018\/04\/09\/siomara-espana-participa-en-festival-de-poesia-en-marruecos-y-presenta-nuevo-libro-en-espana\/#breadcrumb","itemListElement":[{"@type":"ListItem","position":1,"name":"Inicio","item":"https:\/\/www.uartes.edu.ec\/sitio\/"},{"@type":"ListItem","position":2,"name":"Siomara Espa\u00f1a participa en Festival de Poes\u00eda en Marruecos y presenta nuevo libro en Espa\u00f1a"}]},{"@type":"WebSite","@id":"https:\/\/www.uartes.edu.ec\/sitio\/en\/#website","url":"https:\/\/www.uartes.edu.ec\/sitio\/en\/","name":"Universidad de las Artes","description":"Sitio oficial de la Universidad Nacional de las Artes del Ecuador","publisher":{"@id":"https:\/\/www.uartes.edu.ec\/sitio\/en\/#organization"},"potentialAction":[{"@type":"SearchAction","target":{"@type":"EntryPoint","urlTemplate":"https:\/\/www.uartes.edu.ec\/sitio\/en\/?s={search_term_string}"},"query-input":{"@type":"PropertyValueSpecification","valueRequired":true,"valueName":"search_term_string"}}],"inLanguage":"en-US"},{"@type":"Organization","@id":"https:\/\/www.uartes.edu.ec\/sitio\/en\/#organization","name":"Universidad de las Artes","url":"https:\/\/www.uartes.edu.ec\/sitio\/en\/","logo":{"@type":"ImageObject","inLanguage":"en-US","@id":"https:\/\/www.uartes.edu.ec\/sitio\/en\/#\/schema\/logo\/image\/","url":"https:\/\/www.uartes.edu.ec\/sitio\/wp-content\/uploads\/2022\/07\/logo-ua-horizontal.png","contentUrl":"https:\/\/www.uartes.edu.ec\/sitio\/wp-content\/uploads\/2022\/07\/logo-ua-horizontal.png","width":800,"height":276,"caption":"Universidad de las Artes"},"image":{"@id":"https:\/\/www.uartes.edu.ec\/sitio\/en\/#\/schema\/logo\/image\/"},"sameAs":["https:\/\/www.facebook.com\/uartesec","https:\/\/x.com\/uartesec","https:\/\/www.tiktok.com\/@uartesec"]},{"@type":"Person","@id":"https:\/\/www.uartes.edu.ec\/sitio\/en\/#\/schema\/person\/f33f8c1d2af0d5c80a38c8abf458184a","name":"Universidad de las Artes","image":{"@type":"ImageObject","inLanguage":"en-US","@id":"https:\/\/secure.gravatar.com\/avatar\/52e4757902f5cfa5ac52d020e5be83cae5487519154b6c35482fe08d589f3c13?s=96&d=mm&r=g","url":"https:\/\/secure.gravatar.com\/avatar\/52e4757902f5cfa5ac52d020e5be83cae5487519154b6c35482fe08d589f3c13?s=96&d=mm&r=g","contentUrl":"https:\/\/secure.gravatar.com\/avatar\/52e4757902f5cfa5ac52d020e5be83cae5487519154b6c35482fe08d589f3c13?s=96&d=mm&r=g","caption":"Universidad de las Artes"},"url":"https:\/\/www.uartes.edu.ec\/sitio\/en\/blog\/author\/dircomadm\/"}]}},"uagb_featured_image_src":{"full":false,"thumbnail":false,"medium":false,"medium_large":false,"large":false,"1536x1536":false,"2048x2048":false,"trp-custom-language-flag":false,"htmega_size_585x295":false,"htmega_size_1170x536":false,"htmega_size_396x360":false,"gb-block-post-grid-landscape":false,"gb-block-post-grid-square":false,"university-hub-thumb":false},"uagb_author_info":{"display_name":"Universidad de las Artes","author_link":"https:\/\/www.uartes.edu.ec\/sitio\/en\/blog\/author\/dircomadm\/"},"uagb_comment_info":0,"uagb_excerpt":"Siomara Espa\u00f1a, poeta y docente de la Escuela de Literatura de la Universidad de las Artes, participa como invitada especial en el VI Festival Internacional de Poes\u00eda de Safi, en Marruecos, uno de los festivales de poes\u00eda m\u00e1s importantes del mundo \u00e1rabe. Espa\u00f1a, cuya antolog\u00eda po\u00e9tica \u00abJardines en el Aire\u00bb fue traducida \u00edntegramente al \u00e1rabe&hellip;","featured_image_src":null,"featured_image_src_square":null,"author_info":{"display_name":"Universidad de las Artes","author_link":"https:\/\/www.uartes.edu.ec\/sitio\/en\/blog\/author\/dircomadm\/"},"publishpress_future_workflow_manual_trigger":{"enabledWorkflows":[]},"distributor_meta":false,"distributor_terms":false,"distributor_media":false,"distributor_original_site_name":"Universidad de las Artes","distributor_original_site_url":"https:\/\/www.uartes.edu.ec\/sitio\/en","push-errors":false,"_links":{"self":[{"href":"https:\/\/www.uartes.edu.ec\/sitio\/en\/wp-json\/wp\/v2\/posts\/1462","targetHints":{"allow":["GET"]}}],"collection":[{"href":"https:\/\/www.uartes.edu.ec\/sitio\/en\/wp-json\/wp\/v2\/posts"}],"about":[{"href":"https:\/\/www.uartes.edu.ec\/sitio\/en\/wp-json\/wp\/v2\/types\/post"}],"author":[{"embeddable":true,"href":"https:\/\/www.uartes.edu.ec\/sitio\/en\/wp-json\/wp\/v2\/users\/1"}],"replies":[{"embeddable":true,"href":"https:\/\/www.uartes.edu.ec\/sitio\/en\/wp-json\/wp\/v2\/comments?post=1462"}],"version-history":[{"count":1,"href":"https:\/\/www.uartes.edu.ec\/sitio\/en\/wp-json\/wp\/v2\/posts\/1462\/revisions"}],"predecessor-version":[{"id":3402,"href":"https:\/\/www.uartes.edu.ec\/sitio\/en\/wp-json\/wp\/v2\/posts\/1462\/revisions\/3402"}],"wp:featuredmedia":[{"embeddable":true,"href":"https:\/\/www.uartes.edu.ec\/sitio\/en\/wp-json\/"}],"wp:attachment":[{"href":"https:\/\/www.uartes.edu.ec\/sitio\/en\/wp-json\/wp\/v2\/media?parent=1462"}],"wp:term":[{"taxonomy":"category","embeddable":true,"href":"https:\/\/www.uartes.edu.ec\/sitio\/en\/wp-json\/wp\/v2\/categories?post=1462"},{"taxonomy":"post_tag","embeddable":true,"href":"https:\/\/www.uartes.edu.ec\/sitio\/en\/wp-json\/wp\/v2\/tags?post=1462"},{"taxonomy":"infouartes","embeddable":true,"href":"https:\/\/www.uartes.edu.ec\/sitio\/en\/wp-json\/wp\/v2\/infouartes?post=1462"}],"curies":[{"name":"wp","href":"https:\/\/api.w.org\/{rel}","templated":true}]}}