{"id":1469,"date":"2018-04-10T16:20:28","date_gmt":"2018-04-10T21:20:28","guid":{"rendered":"http:\/\/www.uartes.edu.ec\/infouartes\/?p=1469"},"modified":"2024-07-04T11:53:54","modified_gmt":"2024-07-04T16:53:54","slug":"comision-gestora-ratifica-a-ramiro-noriega-como-rector-y-designa-a-nuevos-vicerrectores","status":"publish","type":"post","link":"https:\/\/www.uartes.edu.ec\/sitio\/en\/blog\/2018\/04\/10\/comision-gestora-ratifica-a-ramiro-noriega-como-rector-y-designa-a-nuevos-vicerrectores\/","title":{"rendered":"Comisi\u00f3n Gestora ratifica a Ramiro Noriega como Rector y designa a nuevos vicerrectores"},"content":{"rendered":"<p>La Comisi\u00f3n Gestora de la Universidad de las Artes, mediante Resoluci\u00f3n No. 006-2018 del 6 de abril de 2018, ratific\u00f3 al Dr. Ramiro Noriega Fern\u00e1ndez en sus funciones como Presidente de la Comisi\u00f3n Gestora y Rector de la instituci\u00f3n. La Comisi\u00f3n de la UArtes fue designada por el Secretario de Educaci\u00f3n Superior, Augusto Barrera, el pasado mes de febrero.<\/p>\n<p>En esta sesi\u00f3n ordinaria de la Comisi\u00f3n de la UArtes, se ratific\u00f3 tambi\u00e9n a la comisionada Mar\u00eda Paulina Soto como Vicerrectora Acad\u00e9mica, y se asign\u00f3 al comisionado Ra\u00fal Vallejo las funciones de Vicerrector de Investigaci\u00f3n y Posgrados, y al comisionado Andrey Astaiza como Vicerrector de Relaciones Internacionales y V\u00ednculo con la Comunidad.<\/p>\n<p>La ratificaci\u00f3n de Ramiro Noriega, de Mar\u00eda Paulina Soto, as\u00ed como la designaci\u00f3n de nuevos Vicerrectores consolida un modelo de gesti\u00f3n que ha ubicado a la UArtes entre las Universidades nuevas con mejores resultados en materia de gesti\u00f3n y consolidaci\u00f3n institucional, acad\u00e9mica y cultural, lo que le permite avanzar hacia su proceso de constituci\u00f3n como una universidad de pleno derecho.<\/p>\n<p>De acuerdo al nuevo modelo de gesti\u00f3n, las Comisiones Gestoras de las Universidades del pa\u00eds que se encuentran en proceso de creaci\u00f3n e institucionalizaci\u00f3n estar\u00e1n conformadas por miembros internos y externos. En el caso de la Universidad de las Artes, la Comisi\u00f3n Gestora est\u00e1 integrada por miembros internos: Ramiro Noriega \u2013Rector\u2013, Ra\u00fal Vallejo, Andrey Astaiza y Mar\u00eda Paulina Soto; y por miembros externos: Luc\u00eda Dur\u00e1n Sol\u00eds, Manuel Sarmiento, <span style=\"text-decoration: line-through\">Cote<\/span> Mar\u00eda Jos\u00e9 Zurita, en representaci\u00f3n del Ministro de Cultura, Adrian Bonilla, Subsecretario de Educaci\u00f3n, en representaci\u00f3n de la SENESCYT; la abogada Jamie Miranda acompa\u00f1a el trabajo de la Comisi\u00f3n como secretaria.<\/p>\n<p>\u00a1La educaci\u00f3n en Artes es un derecho!<\/p>\n<p><strong>Leer tambi\u00e9n<\/strong><\/p>\n<p><a href=\"http:\/\/www.uartes.edu.ec\/SENESCYT-nombra-Comisiones-Gestoras-de-las-cuatro-universidades-nuevas-del-pais.php\">SENESCYT nombra Comisiones Gestoras de las cuatro universidades nuevas del pa\u00eds<\/a>.<\/p>","protected":false},"excerpt":{"rendered":"<p>La Comisi\u00f3n Gestora de la Universidad de las Artes, mediante Resoluci\u00f3n No. 006-2018 del 6 de abril de 2018, ratific\u00f3 al Dr. Ramiro Noriega Fern\u00e1ndez en sus funciones como Presidente de la Comisi\u00f3n Gestora y Rector de la instituci\u00f3n. La Comisi\u00f3n de la UArtes fue designada por el Secretario de Educaci\u00f3n Superior, Augusto Barrera, el [&hellip;]<\/p>\n","protected":false},"author":1,"featured_media":1470,"comment_status":"closed","ping_status":"closed","sticky":false,"template":"","format":"standard","meta":{"_acf_changed":false,"_uag_custom_page_level_css":"","_monsterinsights_skip_tracking":false,"_monsterinsights_sitenote_active":false,"_monsterinsights_sitenote_note":"","_monsterinsights_sitenote_category":0,"cybocfi_hide_featured_image":"","footnotes":""},"categories":[77],"tags":[],"infouartes":[],"class_list":["post-1469","post","type-post","status-publish","format-standard","has-post-thumbnail","hentry","category-gestion"],"acf":[],"yoast_head":"<!-- This site is optimized with the Yoast SEO plugin v27.4 - https:\/\/yoast.com\/product\/yoast-seo-wordpress\/ -->\n<title>Universidad de las Artes - Comisi\u00f3n Gestora ratifica a Ramiro Noriega como Rector y designa a nuevos vicerrectores<\/title>\n<meta name=\"description\" content=\"Universidad de las Artes - Comisi\u00f3n Gestora ratifica a Ramiro Noriega como Rector y designa a nuevos vicerrectores\" \/>\n<meta name=\"robots\" content=\"index, follow, max-snippet:-1, max-image-preview:large, max-video-preview:-1\" \/>\n<link rel=\"canonical\" href=\"https:\/\/www.uartes.edu.ec\/sitio\/en\/blog\/2018\/04\/10\/comision-gestora-ratifica-a-ramiro-noriega-como-rector-y-designa-a-nuevos-vicerrectores\/\" \/>\n<meta property=\"og:locale\" content=\"en_US\" \/>\n<meta property=\"og:type\" content=\"article\" \/>\n<meta property=\"og:title\" content=\"Universidad de las Artes - Comisi\u00f3n Gestora ratifica a Ramiro Noriega como Rector y designa a nuevos vicerrectores\" \/>\n<meta property=\"og:description\" content=\"Universidad de las Artes - Comisi\u00f3n Gestora ratifica a Ramiro Noriega como Rector y designa a nuevos vicerrectores\" \/>\n<meta property=\"og:url\" content=\"https:\/\/www.uartes.edu.ec\/sitio\/en\/blog\/2018\/04\/10\/comision-gestora-ratifica-a-ramiro-noriega-como-rector-y-designa-a-nuevos-vicerrectores\/\" \/>\n<meta property=\"og:site_name\" content=\"Universidad de las Artes\" \/>\n<meta property=\"article:publisher\" content=\"https:\/\/www.facebook.com\/uartesec\" \/>\n<meta property=\"article:published_time\" content=\"2018-04-10T21:20:28+00:00\" \/>\n<meta property=\"article:modified_time\" content=\"2024-07-04T16:53:54+00:00\" \/>\n<meta name=\"author\" content=\"Universidad de las Artes\" \/>\n<meta name=\"twitter:card\" content=\"summary_large_image\" \/>\n<meta name=\"twitter:creator\" content=\"@uartesec\" \/>\n<meta name=\"twitter:site\" content=\"@uartesec\" \/>\n<meta name=\"twitter:label1\" content=\"Written by\" \/>\n\t<meta name=\"twitter:data1\" content=\"Universidad de las Artes\" \/>\n\t<meta name=\"twitter:label2\" content=\"Est. reading time\" \/>\n\t<meta name=\"twitter:data2\" content=\"2 minutes\" \/>\n<script type=\"application\/ld+json\" class=\"yoast-schema-graph\">{\"@context\":\"https:\\\/\\\/schema.org\",\"@graph\":[{\"@type\":\"Article\",\"@id\":\"https:\\\/\\\/www.uartes.edu.ec\\\/sitio\\\/en\\\/blog\\\/2018\\\/04\\\/10\\\/comision-gestora-ratifica-a-ramiro-noriega-como-rector-y-designa-a-nuevos-vicerrectores\\\/#article\",\"isPartOf\":{\"@id\":\"https:\\\/\\\/www.uartes.edu.ec\\\/sitio\\\/en\\\/blog\\\/2018\\\/04\\\/10\\\/comision-gestora-ratifica-a-ramiro-noriega-como-rector-y-designa-a-nuevos-vicerrectores\\\/\"},\"author\":{\"name\":\"Universidad de las Artes\",\"@id\":\"https:\\\/\\\/www.uartes.edu.ec\\\/sitio\\\/en\\\/#\\\/schema\\\/person\\\/f33f8c1d2af0d5c80a38c8abf458184a\"},\"headline\":\"Comisi\u00f3n Gestora ratifica a Ramiro Noriega como Rector y designa a nuevos vicerrectores\",\"datePublished\":\"2018-04-10T21:20:28+00:00\",\"dateModified\":\"2024-07-04T16:53:54+00:00\",\"mainEntityOfPage\":{\"@id\":\"https:\\\/\\\/www.uartes.edu.ec\\\/sitio\\\/en\\\/blog\\\/2018\\\/04\\\/10\\\/comision-gestora-ratifica-a-ramiro-noriega-como-rector-y-designa-a-nuevos-vicerrectores\\\/\"},\"wordCount\":346,\"publisher\":{\"@id\":\"https:\\\/\\\/www.uartes.edu.ec\\\/sitio\\\/en\\\/#organization\"},\"image\":{\"@id\":\"https:\\\/\\\/www.uartes.edu.ec\\\/sitio\\\/en\\\/blog\\\/2018\\\/04\\\/10\\\/comision-gestora-ratifica-a-ramiro-noriega-como-rector-y-designa-a-nuevos-vicerrectores\\\/#primaryimage\"},\"thumbnailUrl\":\"\",\"articleSection\":[\"Gesti\u00f3n\"],\"inLanguage\":\"en-US\"},{\"@type\":[\"WebPage\",\"ItemPage\"],\"@id\":\"https:\\\/\\\/www.uartes.edu.ec\\\/sitio\\\/en\\\/blog\\\/2018\\\/04\\\/10\\\/comision-gestora-ratifica-a-ramiro-noriega-como-rector-y-designa-a-nuevos-vicerrectores\\\/\",\"url\":\"https:\\\/\\\/www.uartes.edu.ec\\\/sitio\\\/en\\\/blog\\\/2018\\\/04\\\/10\\\/comision-gestora-ratifica-a-ramiro-noriega-como-rector-y-designa-a-nuevos-vicerrectores\\\/\",\"name\":\"Universidad de las Artes - Comisi\u00f3n Gestora ratifica a Ramiro Noriega como Rector y designa a nuevos vicerrectores\",\"isPartOf\":{\"@id\":\"https:\\\/\\\/www.uartes.edu.ec\\\/sitio\\\/en\\\/#website\"},\"primaryImageOfPage\":{\"@id\":\"https:\\\/\\\/www.uartes.edu.ec\\\/sitio\\\/en\\\/blog\\\/2018\\\/04\\\/10\\\/comision-gestora-ratifica-a-ramiro-noriega-como-rector-y-designa-a-nuevos-vicerrectores\\\/#primaryimage\"},\"image\":{\"@id\":\"https:\\\/\\\/www.uartes.edu.ec\\\/sitio\\\/en\\\/blog\\\/2018\\\/04\\\/10\\\/comision-gestora-ratifica-a-ramiro-noriega-como-rector-y-designa-a-nuevos-vicerrectores\\\/#primaryimage\"},\"thumbnailUrl\":\"\",\"datePublished\":\"2018-04-10T21:20:28+00:00\",\"dateModified\":\"2024-07-04T16:53:54+00:00\",\"description\":\"Universidad de las Artes - Comisi\u00f3n Gestora ratifica a Ramiro Noriega como Rector y designa a nuevos vicerrectores\",\"breadcrumb\":{\"@id\":\"https:\\\/\\\/www.uartes.edu.ec\\\/sitio\\\/en\\\/blog\\\/2018\\\/04\\\/10\\\/comision-gestora-ratifica-a-ramiro-noriega-como-rector-y-designa-a-nuevos-vicerrectores\\\/#breadcrumb\"},\"inLanguage\":\"en-US\",\"potentialAction\":[{\"@type\":\"ReadAction\",\"target\":[\"https:\\\/\\\/www.uartes.edu.ec\\\/sitio\\\/en\\\/blog\\\/2018\\\/04\\\/10\\\/comision-gestora-ratifica-a-ramiro-noriega-como-rector-y-designa-a-nuevos-vicerrectores\\\/\"]}]},{\"@type\":\"ImageObject\",\"inLanguage\":\"en-US\",\"@id\":\"https:\\\/\\\/www.uartes.edu.ec\\\/sitio\\\/en\\\/blog\\\/2018\\\/04\\\/10\\\/comision-gestora-ratifica-a-ramiro-noriega-como-rector-y-designa-a-nuevos-vicerrectores\\\/#primaryimage\",\"url\":\"\",\"contentUrl\":\"\"},{\"@type\":\"BreadcrumbList\",\"@id\":\"https:\\\/\\\/www.uartes.edu.ec\\\/sitio\\\/en\\\/blog\\\/2018\\\/04\\\/10\\\/comision-gestora-ratifica-a-ramiro-noriega-como-rector-y-designa-a-nuevos-vicerrectores\\\/#breadcrumb\",\"itemListElement\":[{\"@type\":\"ListItem\",\"position\":1,\"name\":\"Inicio\",\"item\":\"https:\\\/\\\/www.uartes.edu.ec\\\/sitio\\\/\"},{\"@type\":\"ListItem\",\"position\":2,\"name\":\"Comisi\u00f3n Gestora ratifica a Ramiro Noriega como Rector y designa a nuevos vicerrectores\"}]},{\"@type\":\"WebSite\",\"@id\":\"https:\\\/\\\/www.uartes.edu.ec\\\/sitio\\\/en\\\/#website\",\"url\":\"https:\\\/\\\/www.uartes.edu.ec\\\/sitio\\\/en\\\/\",\"name\":\"Universidad de las Artes\",\"description\":\"Sitio oficial de la Universidad Nacional de las Artes del Ecuador\",\"publisher\":{\"@id\":\"https:\\\/\\\/www.uartes.edu.ec\\\/sitio\\\/en\\\/#organization\"},\"potentialAction\":[{\"@type\":\"SearchAction\",\"target\":{\"@type\":\"EntryPoint\",\"urlTemplate\":\"https:\\\/\\\/www.uartes.edu.ec\\\/sitio\\\/en\\\/?s={search_term_string}\"},\"query-input\":{\"@type\":\"PropertyValueSpecification\",\"valueRequired\":true,\"valueName\":\"search_term_string\"}}],\"inLanguage\":\"en-US\"},{\"@type\":\"Organization\",\"@id\":\"https:\\\/\\\/www.uartes.edu.ec\\\/sitio\\\/en\\\/#organization\",\"name\":\"Universidad de las Artes\",\"url\":\"https:\\\/\\\/www.uartes.edu.ec\\\/sitio\\\/en\\\/\",\"logo\":{\"@type\":\"ImageObject\",\"inLanguage\":\"en-US\",\"@id\":\"https:\\\/\\\/www.uartes.edu.ec\\\/sitio\\\/en\\\/#\\\/schema\\\/logo\\\/image\\\/\",\"url\":\"https:\\\/\\\/www.uartes.edu.ec\\\/sitio\\\/wp-content\\\/uploads\\\/2022\\\/07\\\/logo-ua-horizontal.png\",\"contentUrl\":\"https:\\\/\\\/www.uartes.edu.ec\\\/sitio\\\/wp-content\\\/uploads\\\/2022\\\/07\\\/logo-ua-horizontal.png\",\"width\":800,\"height\":276,\"caption\":\"Universidad de las Artes\"},\"image\":{\"@id\":\"https:\\\/\\\/www.uartes.edu.ec\\\/sitio\\\/en\\\/#\\\/schema\\\/logo\\\/image\\\/\"},\"sameAs\":[\"https:\\\/\\\/www.facebook.com\\\/uartesec\",\"https:\\\/\\\/x.com\\\/uartesec\",\"https:\\\/\\\/www.tiktok.com\\\/@uartesec\"]},{\"@type\":\"Person\",\"@id\":\"https:\\\/\\\/www.uartes.edu.ec\\\/sitio\\\/en\\\/#\\\/schema\\\/person\\\/f33f8c1d2af0d5c80a38c8abf458184a\",\"name\":\"Universidad de las Artes\",\"image\":{\"@type\":\"ImageObject\",\"inLanguage\":\"en-US\",\"@id\":\"https:\\\/\\\/secure.gravatar.com\\\/avatar\\\/52e4757902f5cfa5ac52d020e5be83cae5487519154b6c35482fe08d589f3c13?s=96&d=mm&r=g\",\"url\":\"https:\\\/\\\/secure.gravatar.com\\\/avatar\\\/52e4757902f5cfa5ac52d020e5be83cae5487519154b6c35482fe08d589f3c13?s=96&d=mm&r=g\",\"contentUrl\":\"https:\\\/\\\/secure.gravatar.com\\\/avatar\\\/52e4757902f5cfa5ac52d020e5be83cae5487519154b6c35482fe08d589f3c13?s=96&d=mm&r=g\",\"caption\":\"Universidad de las Artes\"},\"url\":\"https:\\\/\\\/www.uartes.edu.ec\\\/sitio\\\/en\\\/blog\\\/author\\\/dircomadm\\\/\"}]}<\/script>\n<!-- \/ Yoast SEO plugin. -->","yoast_head_json":{"title":"Universidad de las Artes - Comisi\u00f3n Gestora ratifica a Ramiro Noriega como Rector y designa a nuevos vicerrectores","description":"Universidad de las Artes - Comisi\u00f3n Gestora ratifica a Ramiro Noriega como Rector y designa a nuevos vicerrectores","robots":{"index":"index","follow":"follow","max-snippet":"max-snippet:-1","max-image-preview":"max-image-preview:large","max-video-preview":"max-video-preview:-1"},"canonical":"https:\/\/www.uartes.edu.ec\/sitio\/en\/blog\/2018\/04\/10\/comision-gestora-ratifica-a-ramiro-noriega-como-rector-y-designa-a-nuevos-vicerrectores\/","og_locale":"en_US","og_type":"article","og_title":"Universidad de las Artes - Comisi\u00f3n Gestora ratifica a Ramiro Noriega como Rector y designa a nuevos vicerrectores","og_description":"Universidad de las Artes - Comisi\u00f3n Gestora ratifica a Ramiro Noriega como Rector y designa a nuevos vicerrectores","og_url":"https:\/\/www.uartes.edu.ec\/sitio\/en\/blog\/2018\/04\/10\/comision-gestora-ratifica-a-ramiro-noriega-como-rector-y-designa-a-nuevos-vicerrectores\/","og_site_name":"Universidad de las Artes","article_publisher":"https:\/\/www.facebook.com\/uartesec","article_published_time":"2018-04-10T21:20:28+00:00","article_modified_time":"2024-07-04T16:53:54+00:00","author":"Universidad de las Artes","twitter_card":"summary_large_image","twitter_creator":"@uartesec","twitter_site":"@uartesec","twitter_misc":{"Written by":"Universidad de las Artes","Est. reading time":"2 minutes"},"schema":{"@context":"https:\/\/schema.org","@graph":[{"@type":"Article","@id":"https:\/\/www.uartes.edu.ec\/sitio\/en\/blog\/2018\/04\/10\/comision-gestora-ratifica-a-ramiro-noriega-como-rector-y-designa-a-nuevos-vicerrectores\/#article","isPartOf":{"@id":"https:\/\/www.uartes.edu.ec\/sitio\/en\/blog\/2018\/04\/10\/comision-gestora-ratifica-a-ramiro-noriega-como-rector-y-designa-a-nuevos-vicerrectores\/"},"author":{"name":"Universidad de las Artes","@id":"https:\/\/www.uartes.edu.ec\/sitio\/en\/#\/schema\/person\/f33f8c1d2af0d5c80a38c8abf458184a"},"headline":"Comisi\u00f3n Gestora ratifica a Ramiro Noriega como Rector y designa a nuevos vicerrectores","datePublished":"2018-04-10T21:20:28+00:00","dateModified":"2024-07-04T16:53:54+00:00","mainEntityOfPage":{"@id":"https:\/\/www.uartes.edu.ec\/sitio\/en\/blog\/2018\/04\/10\/comision-gestora-ratifica-a-ramiro-noriega-como-rector-y-designa-a-nuevos-vicerrectores\/"},"wordCount":346,"publisher":{"@id":"https:\/\/www.uartes.edu.ec\/sitio\/en\/#organization"},"image":{"@id":"https:\/\/www.uartes.edu.ec\/sitio\/en\/blog\/2018\/04\/10\/comision-gestora-ratifica-a-ramiro-noriega-como-rector-y-designa-a-nuevos-vicerrectores\/#primaryimage"},"thumbnailUrl":"","articleSection":["Gesti\u00f3n"],"inLanguage":"en-US"},{"@type":["WebPage","ItemPage"],"@id":"https:\/\/www.uartes.edu.ec\/sitio\/en\/blog\/2018\/04\/10\/comision-gestora-ratifica-a-ramiro-noriega-como-rector-y-designa-a-nuevos-vicerrectores\/","url":"https:\/\/www.uartes.edu.ec\/sitio\/en\/blog\/2018\/04\/10\/comision-gestora-ratifica-a-ramiro-noriega-como-rector-y-designa-a-nuevos-vicerrectores\/","name":"Universidad de las Artes - Comisi\u00f3n Gestora ratifica a Ramiro Noriega como Rector y designa a nuevos vicerrectores","isPartOf":{"@id":"https:\/\/www.uartes.edu.ec\/sitio\/en\/#website"},"primaryImageOfPage":{"@id":"https:\/\/www.uartes.edu.ec\/sitio\/en\/blog\/2018\/04\/10\/comision-gestora-ratifica-a-ramiro-noriega-como-rector-y-designa-a-nuevos-vicerrectores\/#primaryimage"},"image":{"@id":"https:\/\/www.uartes.edu.ec\/sitio\/en\/blog\/2018\/04\/10\/comision-gestora-ratifica-a-ramiro-noriega-como-rector-y-designa-a-nuevos-vicerrectores\/#primaryimage"},"thumbnailUrl":"","datePublished":"2018-04-10T21:20:28+00:00","dateModified":"2024-07-04T16:53:54+00:00","description":"Universidad de las Artes - Comisi\u00f3n Gestora ratifica a Ramiro Noriega como Rector y designa a nuevos vicerrectores","breadcrumb":{"@id":"https:\/\/www.uartes.edu.ec\/sitio\/en\/blog\/2018\/04\/10\/comision-gestora-ratifica-a-ramiro-noriega-como-rector-y-designa-a-nuevos-vicerrectores\/#breadcrumb"},"inLanguage":"en-US","potentialAction":[{"@type":"ReadAction","target":["https:\/\/www.uartes.edu.ec\/sitio\/en\/blog\/2018\/04\/10\/comision-gestora-ratifica-a-ramiro-noriega-como-rector-y-designa-a-nuevos-vicerrectores\/"]}]},{"@type":"ImageObject","inLanguage":"en-US","@id":"https:\/\/www.uartes.edu.ec\/sitio\/en\/blog\/2018\/04\/10\/comision-gestora-ratifica-a-ramiro-noriega-como-rector-y-designa-a-nuevos-vicerrectores\/#primaryimage","url":"","contentUrl":""},{"@type":"BreadcrumbList","@id":"https:\/\/www.uartes.edu.ec\/sitio\/en\/blog\/2018\/04\/10\/comision-gestora-ratifica-a-ramiro-noriega-como-rector-y-designa-a-nuevos-vicerrectores\/#breadcrumb","itemListElement":[{"@type":"ListItem","position":1,"name":"Inicio","item":"https:\/\/www.uartes.edu.ec\/sitio\/"},{"@type":"ListItem","position":2,"name":"Comisi\u00f3n Gestora ratifica a Ramiro Noriega como Rector y designa a nuevos vicerrectores"}]},{"@type":"WebSite","@id":"https:\/\/www.uartes.edu.ec\/sitio\/en\/#website","url":"https:\/\/www.uartes.edu.ec\/sitio\/en\/","name":"Universidad de las Artes","description":"Sitio oficial de la Universidad Nacional de las Artes del Ecuador","publisher":{"@id":"https:\/\/www.uartes.edu.ec\/sitio\/en\/#organization"},"potentialAction":[{"@type":"SearchAction","target":{"@type":"EntryPoint","urlTemplate":"https:\/\/www.uartes.edu.ec\/sitio\/en\/?s={search_term_string}"},"query-input":{"@type":"PropertyValueSpecification","valueRequired":true,"valueName":"search_term_string"}}],"inLanguage":"en-US"},{"@type":"Organization","@id":"https:\/\/www.uartes.edu.ec\/sitio\/en\/#organization","name":"Universidad de las Artes","url":"https:\/\/www.uartes.edu.ec\/sitio\/en\/","logo":{"@type":"ImageObject","inLanguage":"en-US","@id":"https:\/\/www.uartes.edu.ec\/sitio\/en\/#\/schema\/logo\/image\/","url":"https:\/\/www.uartes.edu.ec\/sitio\/wp-content\/uploads\/2022\/07\/logo-ua-horizontal.png","contentUrl":"https:\/\/www.uartes.edu.ec\/sitio\/wp-content\/uploads\/2022\/07\/logo-ua-horizontal.png","width":800,"height":276,"caption":"Universidad de las Artes"},"image":{"@id":"https:\/\/www.uartes.edu.ec\/sitio\/en\/#\/schema\/logo\/image\/"},"sameAs":["https:\/\/www.facebook.com\/uartesec","https:\/\/x.com\/uartesec","https:\/\/www.tiktok.com\/@uartesec"]},{"@type":"Person","@id":"https:\/\/www.uartes.edu.ec\/sitio\/en\/#\/schema\/person\/f33f8c1d2af0d5c80a38c8abf458184a","name":"Universidad de las Artes","image":{"@type":"ImageObject","inLanguage":"en-US","@id":"https:\/\/secure.gravatar.com\/avatar\/52e4757902f5cfa5ac52d020e5be83cae5487519154b6c35482fe08d589f3c13?s=96&d=mm&r=g","url":"https:\/\/secure.gravatar.com\/avatar\/52e4757902f5cfa5ac52d020e5be83cae5487519154b6c35482fe08d589f3c13?s=96&d=mm&r=g","contentUrl":"https:\/\/secure.gravatar.com\/avatar\/52e4757902f5cfa5ac52d020e5be83cae5487519154b6c35482fe08d589f3c13?s=96&d=mm&r=g","caption":"Universidad de las Artes"},"url":"https:\/\/www.uartes.edu.ec\/sitio\/en\/blog\/author\/dircomadm\/"}]}},"uagb_featured_image_src":{"full":false,"thumbnail":false,"medium":false,"medium_large":false,"large":false,"1536x1536":false,"2048x2048":false,"trp-custom-language-flag":false,"htmega_size_585x295":false,"htmega_size_1170x536":false,"htmega_size_396x360":false,"gb-block-post-grid-landscape":false,"gb-block-post-grid-square":false,"university-hub-thumb":false},"uagb_author_info":{"display_name":"Universidad de las Artes","author_link":"https:\/\/www.uartes.edu.ec\/sitio\/en\/blog\/author\/dircomadm\/"},"uagb_comment_info":0,"uagb_excerpt":"La Comisi\u00f3n Gestora de la Universidad de las Artes, mediante Resoluci\u00f3n No. 006-2018 del 6 de abril de 2018, ratific\u00f3 al Dr. Ramiro Noriega Fern\u00e1ndez en sus funciones como Presidente de la Comisi\u00f3n Gestora y Rector de la instituci\u00f3n. La Comisi\u00f3n de la UArtes fue designada por el Secretario de Educaci\u00f3n Superior, Augusto Barrera, el&hellip;","featured_image_src":null,"featured_image_src_square":null,"author_info":{"display_name":"Universidad de las Artes","author_link":"https:\/\/www.uartes.edu.ec\/sitio\/en\/blog\/author\/dircomadm\/"},"publishpress_future_workflow_manual_trigger":{"enabledWorkflows":[]},"distributor_meta":false,"distributor_terms":false,"distributor_media":false,"distributor_original_site_name":"Universidad de las Artes","distributor_original_site_url":"https:\/\/www.uartes.edu.ec\/sitio\/en","push-errors":false,"_links":{"self":[{"href":"https:\/\/www.uartes.edu.ec\/sitio\/en\/wp-json\/wp\/v2\/posts\/1469","targetHints":{"allow":["GET"]}}],"collection":[{"href":"https:\/\/www.uartes.edu.ec\/sitio\/en\/wp-json\/wp\/v2\/posts"}],"about":[{"href":"https:\/\/www.uartes.edu.ec\/sitio\/en\/wp-json\/wp\/v2\/types\/post"}],"author":[{"embeddable":true,"href":"https:\/\/www.uartes.edu.ec\/sitio\/en\/wp-json\/wp\/v2\/users\/1"}],"replies":[{"embeddable":true,"href":"https:\/\/www.uartes.edu.ec\/sitio\/en\/wp-json\/wp\/v2\/comments?post=1469"}],"version-history":[{"count":1,"href":"https:\/\/www.uartes.edu.ec\/sitio\/en\/wp-json\/wp\/v2\/posts\/1469\/revisions"}],"predecessor-version":[{"id":3400,"href":"https:\/\/www.uartes.edu.ec\/sitio\/en\/wp-json\/wp\/v2\/posts\/1469\/revisions\/3400"}],"wp:featuredmedia":[{"embeddable":true,"href":"https:\/\/www.uartes.edu.ec\/sitio\/en\/wp-json\/"}],"wp:attachment":[{"href":"https:\/\/www.uartes.edu.ec\/sitio\/en\/wp-json\/wp\/v2\/media?parent=1469"}],"wp:term":[{"taxonomy":"category","embeddable":true,"href":"https:\/\/www.uartes.edu.ec\/sitio\/en\/wp-json\/wp\/v2\/categories?post=1469"},{"taxonomy":"post_tag","embeddable":true,"href":"https:\/\/www.uartes.edu.ec\/sitio\/en\/wp-json\/wp\/v2\/tags?post=1469"},{"taxonomy":"infouartes","embeddable":true,"href":"https:\/\/www.uartes.edu.ec\/sitio\/en\/wp-json\/wp\/v2\/infouartes?post=1469"}],"curies":[{"name":"wp","href":"https:\/\/api.w.org\/{rel}","templated":true}]}}