{"id":14797,"date":"2021-07-14T11:04:00","date_gmt":"2021-07-14T16:04:00","guid":{"rendered":"http:\/\/www.uartes.edu.ec\/sitio\/?p=14797"},"modified":"2024-07-04T11:26:05","modified_gmt":"2024-07-04T16:26:05","slug":"uartes-entrega-un-detallado-informe-de-gestion-solicitado-por-la-asambleista-ana-belen-cordero","status":"publish","type":"post","link":"https:\/\/www.uartes.edu.ec\/sitio\/en\/blog\/2021\/07\/14\/uartes-entrega-un-detallado-informe-de-gestion-solicitado-por-la-asambleista-ana-belen-cordero\/","title":{"rendered":"UArtes entrega un detallado informe de gesti\u00f3n solicitado por la asamble\u00edsta Ana Bel\u00e9n Cordero"},"content":{"rendered":"<p>El rector de la Universidad de las Artes, doctor William Herrera R\u00edos, inform\u00f3 al \u00d3rgano Colegiado Superior de la Universidad de las Artes, en la sesi\u00f3n extraordinaria del 7 de julio del presente a\u00f1o, que hizo la entrega virtual y f\u00edsicade un informe detallado y pormenorizado de esta instituci\u00f3n de educaci\u00f3n superior, el cual fue solicitado por la abogada Ana Bel\u00e9n Cordero, asamble\u00edsta nacional y vicepresidenta de la Comisi\u00f3n de Fiscalizaci\u00f3n y Control Pol\u00edtico.<\/p>\n\n\n\n<p>Mediante oficio, la asamble\u00edsta de la bancada de CREO indic\u00f3 realizar la petici\u00f3n en ejercicio de las atribuciones que le otorga el art\u00edculo 120 numeral 9 de la Constituci\u00f3n de la Rep\u00fablica del Ecuador, as\u00ed como los art\u00edculos 9 (numerales 9 y 10) y 75 de la Ley Org\u00e1nica de la Funci\u00f3n Legislativa.&nbsp;<\/p>\n\n\n\n<p>En la solicitud se contemplaba proporcionar informaci\u00f3n acerca de las tasas de ingreso, retenci\u00f3n y graduaci\u00f3n; el n\u00famero total de ingreso de estudiantes por per\u00edodo acad\u00e9mico; y, sueldos, salarios y vi\u00e1ticos de autoridades acad\u00e9micas y docentes. Tambi\u00e9n, el detalle de las consultor\u00edas realizadas por la UArtes (con montos, personal involucrado y resultados alcanzados) y el detalle de gastos bajo los par\u00e1metros: recursos asignados al personal administrativo, gastos de vinculaci\u00f3n, inversi\u00f3n en investigaci\u00f3n y proyectos (con el impacto generado en la comunidad) y recursos asignados a infraestructura principal y adicional, al equipamiento de laboratorios y el mantenimiento, y a la compra de bienes muebles para la instituci\u00f3n.<\/p>\n\n\n\n<p>La asamble\u00edsta Ana Bel\u00e9n Cordero solicit\u00f3, adem\u00e1s, el informe de la asignaci\u00f3n de recursos, administraci\u00f3n y control de becas, el detalle del desarrollo y componentes del concurso de m\u00e9ritos y oposici\u00f3n para el nombramiento de docentes titulares y el detalle del proceso de elecci\u00f3n de autoridades acad\u00e9micas.<\/p>\n\n\n\n<p>Acorde a la solicitud de la asamble\u00edsta, el doctor William Herrera R\u00edos proporcion\u00f3 informaci\u00f3n de cada ciclo acad\u00e9mico desde el a\u00f1o de creaci\u00f3n de la UArtes hasta la actualidad. Adicionalmente, toda la documentaci\u00f3n respecto a los ex\u00e1menes especiales realizados por la Contralor\u00eda General del Estado, con observaciones y recomendaciones acerca de concursos de m\u00e9ritos y oposici\u00f3n para el nombramiento de docentes titulares; manejo de recursos para investigaciones y proyectos; y, procesos de contrataci\u00f3n y manejo de recursos asignados a infraestructura y equipamiento, de elecci\u00f3n de autoridades acad\u00e9micas y asignaci\u00f3n de becas.<\/p>\n\n\n\n<p>Junto con absolutamente todo lo solicitado por la abogada Ana Bel\u00e9n Cordero, el rector de la UArtes anex\u00f3 informaci\u00f3n con los antecedentes generales respecto al proceso de creaci\u00f3n de esta instituci\u00f3n de educaci\u00f3n superior, as\u00ed como los decretos presidenciales y acuerdos ministeriales para la designaci\u00f3n de autoridades de la Comisi\u00f3n Gestora, documentos relacionados con la institucionalizaci\u00f3n de la universidad y las c\u00e9dulas presupuestarias de 2015 a 2020.<\/p>\n\n\n\n<h3 class=\"wp-block-heading\"><strong>Puntos del informe entregado por la UArtes a la asamble\u00edsta Cordero<\/strong><\/h3>\n\n\n\n<ol class=\"wp-block-list\"><li>Tasas de ingreso, retenci\u00f3n y graduaci\u00f3n<\/li><li>N\u00famero total de ingreso de estudiantes<\/li><li>Sueldos, salarios y vi\u00e1ticos de autoridades acad\u00e9micas y docentes<\/li><li>Detalle de las consultor\u00edas realizadas por la Universidad<\/li><li>Detalle de gasto teniendo en cuenta los siguientes par\u00e1metros<ol><li>Recursos asignados al personal administrativo,<\/li><li>Gastos de vinculaci\u00f3n:<\/li><li>Inversi\u00f3n en investigaci\u00f3n:<\/li><li>Recursos asignados a infraestructura principal y adicional en construcci\u00f3n y mantenimientos<\/li><li>Recursos asignados para el equipamiento de laboratorios y el mantenimiento<\/li><li>Recursos asignados para la compra de bienes muebles para la instituci\u00f3n<\/li><\/ol><\/li><li>Asignaci\u00f3n de recursos, administraci\u00f3n y control de becas<\/li><li>Concurso de m\u00e9ritos y oposici\u00f3n para el nombramiento de docentes titulares<\/li><li>Detalle del proceso de elecci\u00f3n de autoridades acad\u00e9micas<\/li><li>Ex\u00e1menes especiales realizados por Contralor\u00eda<\/li><\/ol>\n\n\n\n<p>Toda la documentaci\u00f3n en f\u00edsico fue entregada de manera personal por el rector de la Universidad de las Artes al equipo de la Asamble\u00edsta, en la Vicepresidencia de la Comisi\u00f3n de Fiscalizaci\u00f3n y Control Pol\u00edtico de la Asamblea Nacional, en la ciudad de Quito.<\/p>","protected":false},"excerpt":{"rendered":"<p>El rector de la Universidad de las Artes, doctor William Herrera R\u00edos, inform\u00f3 al \u00d3rgano Colegiado Superior de la Universidad de las Artes, en la sesi\u00f3n extraordinaria del 7 de julio del presente a\u00f1o, que hizo la entrega virtual y f\u00edsicade un informe detallado y pormenorizado de esta instituci\u00f3n de educaci\u00f3n superior, el cual fue solicitado por la abogada Ana Bel\u00e9n Cordero, asamble\u00edsta nacional y vicepresidenta de la Comisi\u00f3n de Fiscalizaci\u00f3n y Control Pol\u00edtico.<\/p>","protected":false},"author":10,"featured_media":14802,"comment_status":"open","ping_status":"open","sticky":false,"template":"","format":"standard","meta":{"_acf_changed":false,"_uag_custom_page_level_css":"","_monsterinsights_skip_tracking":false,"_monsterinsights_sitenote_active":false,"_monsterinsights_sitenote_note":"","_monsterinsights_sitenote_category":0,"cybocfi_hide_featured_image":"","footnotes":""},"categories":[438,77,84],"tags":[405],"infouartes":[],"class_list":["post-14797","post","type-post","status-publish","format-standard","has-post-thumbnail","hentry","category-administrativos","category-gestion","category-rectorado","tag-william-herrera"],"acf":[],"yoast_head":"<!-- This site is optimized with the Yoast SEO plugin v27.4 - https:\/\/yoast.com\/product\/yoast-seo-wordpress\/ -->\n<title>Universidad de las Artes - UArtes entrega un detallado informe de gesti\u00f3n solicitado por la asamble\u00edsta Ana Bel\u00e9n Cordero<\/title>\n<meta name=\"description\" content=\"Universidad de las Artes - UArtes entrega un detallado informe de gesti\u00f3n solicitado por la asamble\u00edsta Ana Bel\u00e9n Cordero\" \/>\n<meta name=\"robots\" content=\"index, follow, max-snippet:-1, max-image-preview:large, max-video-preview:-1\" \/>\n<link rel=\"canonical\" href=\"https:\/\/www.uartes.edu.ec\/sitio\/en\/blog\/2021\/07\/14\/uartes-entrega-un-detallado-informe-de-gestion-solicitado-por-la-asambleista-ana-belen-cordero\/\" \/>\n<meta property=\"og:locale\" content=\"en_US\" \/>\n<meta property=\"og:type\" content=\"article\" \/>\n<meta property=\"og:title\" content=\"Universidad de las Artes - UArtes entrega un detallado informe de gesti\u00f3n solicitado por la asamble\u00edsta Ana Bel\u00e9n Cordero\" \/>\n<meta property=\"og:description\" content=\"Universidad de las Artes - UArtes entrega un detallado informe de gesti\u00f3n solicitado por la asamble\u00edsta Ana Bel\u00e9n Cordero\" \/>\n<meta property=\"og:url\" content=\"https:\/\/www.uartes.edu.ec\/sitio\/en\/blog\/2021\/07\/14\/uartes-entrega-un-detallado-informe-de-gestion-solicitado-por-la-asambleista-ana-belen-cordero\/\" \/>\n<meta property=\"og:site_name\" content=\"Universidad de las Artes\" \/>\n<meta property=\"article:publisher\" content=\"https:\/\/www.facebook.com\/uartesec\" \/>\n<meta property=\"article:published_time\" content=\"2021-07-14T16:04:00+00:00\" \/>\n<meta property=\"article:modified_time\" content=\"2024-07-04T16:26:05+00:00\" \/>\n<meta property=\"og:image\" content=\"https:\/\/www.uartes.edu.ec\/sitio\/wp-content\/uploads\/2021\/07\/ENTREGA-DE-INFORME-A-ASAMBLEISTA-QUITO-OK.jpg\" \/>\n\t<meta property=\"og:image:width\" content=\"2000\" \/>\n\t<meta property=\"og:image:height\" content=\"1333\" \/>\n\t<meta property=\"og:image:type\" content=\"image\/jpeg\" \/>\n<meta name=\"author\" content=\"ccortez\" \/>\n<meta name=\"twitter:card\" content=\"summary_large_image\" \/>\n<meta name=\"twitter:creator\" content=\"@uartesec\" \/>\n<meta name=\"twitter:site\" content=\"@uartesec\" \/>\n<meta name=\"twitter:label1\" content=\"Written by\" \/>\n\t<meta name=\"twitter:data1\" content=\"ccortez\" \/>\n\t<meta name=\"twitter:label2\" content=\"Est. reading time\" \/>\n\t<meta name=\"twitter:data2\" content=\"3 minutes\" \/>\n<script type=\"application\/ld+json\" class=\"yoast-schema-graph\">{\"@context\":\"https:\\\/\\\/schema.org\",\"@graph\":[{\"@type\":\"Article\",\"@id\":\"https:\\\/\\\/www.uartes.edu.ec\\\/sitio\\\/en\\\/blog\\\/2021\\\/07\\\/14\\\/uartes-entrega-un-detallado-informe-de-gestion-solicitado-por-la-asambleista-ana-belen-cordero\\\/#article\",\"isPartOf\":{\"@id\":\"https:\\\/\\\/www.uartes.edu.ec\\\/sitio\\\/en\\\/blog\\\/2021\\\/07\\\/14\\\/uartes-entrega-un-detallado-informe-de-gestion-solicitado-por-la-asambleista-ana-belen-cordero\\\/\"},\"author\":{\"name\":\"ccortez\",\"@id\":\"https:\\\/\\\/www.uartes.edu.ec\\\/sitio\\\/en\\\/#\\\/schema\\\/person\\\/efa1b8275797664fd7f13a79ccc0b1f4\"},\"headline\":\"UArtes entrega un detallado informe de gesti\u00f3n solicitado por la asamble\u00edsta Ana Bel\u00e9n Cordero\",\"datePublished\":\"2021-07-14T16:04:00+00:00\",\"dateModified\":\"2024-07-04T16:26:05+00:00\",\"mainEntityOfPage\":{\"@id\":\"https:\\\/\\\/www.uartes.edu.ec\\\/sitio\\\/en\\\/blog\\\/2021\\\/07\\\/14\\\/uartes-entrega-un-detallado-informe-de-gestion-solicitado-por-la-asambleista-ana-belen-cordero\\\/\"},\"wordCount\":709,\"commentCount\":0,\"publisher\":{\"@id\":\"https:\\\/\\\/www.uartes.edu.ec\\\/sitio\\\/en\\\/#organization\"},\"image\":{\"@id\":\"https:\\\/\\\/www.uartes.edu.ec\\\/sitio\\\/en\\\/blog\\\/2021\\\/07\\\/14\\\/uartes-entrega-un-detallado-informe-de-gestion-solicitado-por-la-asambleista-ana-belen-cordero\\\/#primaryimage\"},\"thumbnailUrl\":\"https:\\\/\\\/www.uartes.edu.ec\\\/sitio\\\/wp-content\\\/uploads\\\/2021\\\/07\\\/ENTREGA-DE-INFORME-A-ASAMBLEISTA-QUITO-OK.jpg\",\"keywords\":[\"William Herrera\"],\"articleSection\":[\"Administrativos\",\"Gesti\u00f3n\",\"Rectorado\"],\"inLanguage\":\"en-US\",\"potentialAction\":[{\"@type\":\"CommentAction\",\"name\":\"Comment\",\"target\":[\"https:\\\/\\\/www.uartes.edu.ec\\\/sitio\\\/en\\\/blog\\\/2021\\\/07\\\/14\\\/uartes-entrega-un-detallado-informe-de-gestion-solicitado-por-la-asambleista-ana-belen-cordero\\\/#respond\"]}]},{\"@type\":[\"WebPage\",\"ItemPage\"],\"@id\":\"https:\\\/\\\/www.uartes.edu.ec\\\/sitio\\\/en\\\/blog\\\/2021\\\/07\\\/14\\\/uartes-entrega-un-detallado-informe-de-gestion-solicitado-por-la-asambleista-ana-belen-cordero\\\/\",\"url\":\"https:\\\/\\\/www.uartes.edu.ec\\\/sitio\\\/en\\\/blog\\\/2021\\\/07\\\/14\\\/uartes-entrega-un-detallado-informe-de-gestion-solicitado-por-la-asambleista-ana-belen-cordero\\\/\",\"name\":\"Universidad de las Artes - UArtes entrega un detallado informe de gesti\u00f3n solicitado por la asamble\u00edsta Ana Bel\u00e9n Cordero\",\"isPartOf\":{\"@id\":\"https:\\\/\\\/www.uartes.edu.ec\\\/sitio\\\/en\\\/#website\"},\"primaryImageOfPage\":{\"@id\":\"https:\\\/\\\/www.uartes.edu.ec\\\/sitio\\\/en\\\/blog\\\/2021\\\/07\\\/14\\\/uartes-entrega-un-detallado-informe-de-gestion-solicitado-por-la-asambleista-ana-belen-cordero\\\/#primaryimage\"},\"image\":{\"@id\":\"https:\\\/\\\/www.uartes.edu.ec\\\/sitio\\\/en\\\/blog\\\/2021\\\/07\\\/14\\\/uartes-entrega-un-detallado-informe-de-gestion-solicitado-por-la-asambleista-ana-belen-cordero\\\/#primaryimage\"},\"thumbnailUrl\":\"https:\\\/\\\/www.uartes.edu.ec\\\/sitio\\\/wp-content\\\/uploads\\\/2021\\\/07\\\/ENTREGA-DE-INFORME-A-ASAMBLEISTA-QUITO-OK.jpg\",\"datePublished\":\"2021-07-14T16:04:00+00:00\",\"dateModified\":\"2024-07-04T16:26:05+00:00\",\"description\":\"Universidad de las Artes - UArtes entrega un detallado informe de gesti\u00f3n solicitado por la asamble\u00edsta Ana Bel\u00e9n Cordero\",\"breadcrumb\":{\"@id\":\"https:\\\/\\\/www.uartes.edu.ec\\\/sitio\\\/en\\\/blog\\\/2021\\\/07\\\/14\\\/uartes-entrega-un-detallado-informe-de-gestion-solicitado-por-la-asambleista-ana-belen-cordero\\\/#breadcrumb\"},\"inLanguage\":\"en-US\",\"potentialAction\":[{\"@type\":\"ReadAction\",\"target\":[\"https:\\\/\\\/www.uartes.edu.ec\\\/sitio\\\/en\\\/blog\\\/2021\\\/07\\\/14\\\/uartes-entrega-un-detallado-informe-de-gestion-solicitado-por-la-asambleista-ana-belen-cordero\\\/\"]}]},{\"@type\":\"ImageObject\",\"inLanguage\":\"en-US\",\"@id\":\"https:\\\/\\\/www.uartes.edu.ec\\\/sitio\\\/en\\\/blog\\\/2021\\\/07\\\/14\\\/uartes-entrega-un-detallado-informe-de-gestion-solicitado-por-la-asambleista-ana-belen-cordero\\\/#primaryimage\",\"url\":\"https:\\\/\\\/www.uartes.edu.ec\\\/sitio\\\/wp-content\\\/uploads\\\/2021\\\/07\\\/ENTREGA-DE-INFORME-A-ASAMBLEISTA-QUITO-OK.jpg\",\"contentUrl\":\"https:\\\/\\\/www.uartes.edu.ec\\\/sitio\\\/wp-content\\\/uploads\\\/2021\\\/07\\\/ENTREGA-DE-INFORME-A-ASAMBLEISTA-QUITO-OK.jpg\",\"width\":2000,\"height\":1333,\"caption\":\"UArtes entrega un detallado informe de gesti\u00f3n solicitado por la asamble\u00edsta Ana Bel\u00e9n Cordero\"},{\"@type\":\"BreadcrumbList\",\"@id\":\"https:\\\/\\\/www.uartes.edu.ec\\\/sitio\\\/en\\\/blog\\\/2021\\\/07\\\/14\\\/uartes-entrega-un-detallado-informe-de-gestion-solicitado-por-la-asambleista-ana-belen-cordero\\\/#breadcrumb\",\"itemListElement\":[{\"@type\":\"ListItem\",\"position\":1,\"name\":\"Inicio\",\"item\":\"https:\\\/\\\/www.uartes.edu.ec\\\/sitio\\\/\"},{\"@type\":\"ListItem\",\"position\":2,\"name\":\"UArtes entrega un detallado informe de gesti\u00f3n solicitado por la asamble\u00edsta Ana Bel\u00e9n Cordero\"}]},{\"@type\":\"WebSite\",\"@id\":\"https:\\\/\\\/www.uartes.edu.ec\\\/sitio\\\/en\\\/#website\",\"url\":\"https:\\\/\\\/www.uartes.edu.ec\\\/sitio\\\/en\\\/\",\"name\":\"Universidad de las Artes\",\"description\":\"Sitio oficial de la Universidad Nacional de las Artes del Ecuador\",\"publisher\":{\"@id\":\"https:\\\/\\\/www.uartes.edu.ec\\\/sitio\\\/en\\\/#organization\"},\"potentialAction\":[{\"@type\":\"SearchAction\",\"target\":{\"@type\":\"EntryPoint\",\"urlTemplate\":\"https:\\\/\\\/www.uartes.edu.ec\\\/sitio\\\/en\\\/?s={search_term_string}\"},\"query-input\":{\"@type\":\"PropertyValueSpecification\",\"valueRequired\":true,\"valueName\":\"search_term_string\"}}],\"inLanguage\":\"en-US\"},{\"@type\":\"Organization\",\"@id\":\"https:\\\/\\\/www.uartes.edu.ec\\\/sitio\\\/en\\\/#organization\",\"name\":\"Universidad de las Artes\",\"url\":\"https:\\\/\\\/www.uartes.edu.ec\\\/sitio\\\/en\\\/\",\"logo\":{\"@type\":\"ImageObject\",\"inLanguage\":\"en-US\",\"@id\":\"https:\\\/\\\/www.uartes.edu.ec\\\/sitio\\\/en\\\/#\\\/schema\\\/logo\\\/image\\\/\",\"url\":\"https:\\\/\\\/www.uartes.edu.ec\\\/sitio\\\/wp-content\\\/uploads\\\/2022\\\/07\\\/logo-ua-horizontal.png\",\"contentUrl\":\"https:\\\/\\\/www.uartes.edu.ec\\\/sitio\\\/wp-content\\\/uploads\\\/2022\\\/07\\\/logo-ua-horizontal.png\",\"width\":800,\"height\":276,\"caption\":\"Universidad de las Artes\"},\"image\":{\"@id\":\"https:\\\/\\\/www.uartes.edu.ec\\\/sitio\\\/en\\\/#\\\/schema\\\/logo\\\/image\\\/\"},\"sameAs\":[\"https:\\\/\\\/www.facebook.com\\\/uartesec\",\"https:\\\/\\\/x.com\\\/uartesec\",\"https:\\\/\\\/www.tiktok.com\\\/@uartesec\"]},{\"@type\":\"Person\",\"@id\":\"https:\\\/\\\/www.uartes.edu.ec\\\/sitio\\\/en\\\/#\\\/schema\\\/person\\\/efa1b8275797664fd7f13a79ccc0b1f4\",\"name\":\"ccortez\",\"image\":{\"@type\":\"ImageObject\",\"inLanguage\":\"en-US\",\"@id\":\"https:\\\/\\\/secure.gravatar.com\\\/avatar\\\/b2a6f664a3ae8e074346ef91775736c5ec479e637ecced6842de9dc98b5da9cd?s=96&d=mm&r=g\",\"url\":\"https:\\\/\\\/secure.gravatar.com\\\/avatar\\\/b2a6f664a3ae8e074346ef91775736c5ec479e637ecced6842de9dc98b5da9cd?s=96&d=mm&r=g\",\"contentUrl\":\"https:\\\/\\\/secure.gravatar.com\\\/avatar\\\/b2a6f664a3ae8e074346ef91775736c5ec479e637ecced6842de9dc98b5da9cd?s=96&d=mm&r=g\",\"caption\":\"ccortez\"},\"url\":\"https:\\\/\\\/www.uartes.edu.ec\\\/sitio\\\/en\\\/blog\\\/author\\\/ccortez\\\/\"}]}<\/script>\n<!-- \/ Yoast SEO plugin. -->","yoast_head_json":{"title":"Universidad de las Artes - UArtes entrega un detallado informe de gesti\u00f3n solicitado por la asamble\u00edsta Ana Bel\u00e9n Cordero","description":"Universidad de las Artes - UArtes entrega un detallado informe de gesti\u00f3n solicitado por la asamble\u00edsta Ana Bel\u00e9n Cordero","robots":{"index":"index","follow":"follow","max-snippet":"max-snippet:-1","max-image-preview":"max-image-preview:large","max-video-preview":"max-video-preview:-1"},"canonical":"https:\/\/www.uartes.edu.ec\/sitio\/en\/blog\/2021\/07\/14\/uartes-entrega-un-detallado-informe-de-gestion-solicitado-por-la-asambleista-ana-belen-cordero\/","og_locale":"en_US","og_type":"article","og_title":"Universidad de las Artes - UArtes entrega un detallado informe de gesti\u00f3n solicitado por la asamble\u00edsta Ana Bel\u00e9n Cordero","og_description":"Universidad de las Artes - UArtes entrega un detallado informe de gesti\u00f3n solicitado por la asamble\u00edsta Ana Bel\u00e9n Cordero","og_url":"https:\/\/www.uartes.edu.ec\/sitio\/en\/blog\/2021\/07\/14\/uartes-entrega-un-detallado-informe-de-gestion-solicitado-por-la-asambleista-ana-belen-cordero\/","og_site_name":"Universidad de las Artes","article_publisher":"https:\/\/www.facebook.com\/uartesec","article_published_time":"2021-07-14T16:04:00+00:00","article_modified_time":"2024-07-04T16:26:05+00:00","og_image":[{"width":2000,"height":1333,"url":"https:\/\/www.uartes.edu.ec\/sitio\/wp-content\/uploads\/2021\/07\/ENTREGA-DE-INFORME-A-ASAMBLEISTA-QUITO-OK.jpg","type":"image\/jpeg"}],"author":"ccortez","twitter_card":"summary_large_image","twitter_creator":"@uartesec","twitter_site":"@uartesec","twitter_misc":{"Written by":"ccortez","Est. reading time":"3 minutes"},"schema":{"@context":"https:\/\/schema.org","@graph":[{"@type":"Article","@id":"https:\/\/www.uartes.edu.ec\/sitio\/en\/blog\/2021\/07\/14\/uartes-entrega-un-detallado-informe-de-gestion-solicitado-por-la-asambleista-ana-belen-cordero\/#article","isPartOf":{"@id":"https:\/\/www.uartes.edu.ec\/sitio\/en\/blog\/2021\/07\/14\/uartes-entrega-un-detallado-informe-de-gestion-solicitado-por-la-asambleista-ana-belen-cordero\/"},"author":{"name":"ccortez","@id":"https:\/\/www.uartes.edu.ec\/sitio\/en\/#\/schema\/person\/efa1b8275797664fd7f13a79ccc0b1f4"},"headline":"UArtes entrega un detallado informe de gesti\u00f3n solicitado por la asamble\u00edsta Ana Bel\u00e9n Cordero","datePublished":"2021-07-14T16:04:00+00:00","dateModified":"2024-07-04T16:26:05+00:00","mainEntityOfPage":{"@id":"https:\/\/www.uartes.edu.ec\/sitio\/en\/blog\/2021\/07\/14\/uartes-entrega-un-detallado-informe-de-gestion-solicitado-por-la-asambleista-ana-belen-cordero\/"},"wordCount":709,"commentCount":0,"publisher":{"@id":"https:\/\/www.uartes.edu.ec\/sitio\/en\/#organization"},"image":{"@id":"https:\/\/www.uartes.edu.ec\/sitio\/en\/blog\/2021\/07\/14\/uartes-entrega-un-detallado-informe-de-gestion-solicitado-por-la-asambleista-ana-belen-cordero\/#primaryimage"},"thumbnailUrl":"https:\/\/www.uartes.edu.ec\/sitio\/wp-content\/uploads\/2021\/07\/ENTREGA-DE-INFORME-A-ASAMBLEISTA-QUITO-OK.jpg","keywords":["William Herrera"],"articleSection":["Administrativos","Gesti\u00f3n","Rectorado"],"inLanguage":"en-US","potentialAction":[{"@type":"CommentAction","name":"Comment","target":["https:\/\/www.uartes.edu.ec\/sitio\/en\/blog\/2021\/07\/14\/uartes-entrega-un-detallado-informe-de-gestion-solicitado-por-la-asambleista-ana-belen-cordero\/#respond"]}]},{"@type":["WebPage","ItemPage"],"@id":"https:\/\/www.uartes.edu.ec\/sitio\/en\/blog\/2021\/07\/14\/uartes-entrega-un-detallado-informe-de-gestion-solicitado-por-la-asambleista-ana-belen-cordero\/","url":"https:\/\/www.uartes.edu.ec\/sitio\/en\/blog\/2021\/07\/14\/uartes-entrega-un-detallado-informe-de-gestion-solicitado-por-la-asambleista-ana-belen-cordero\/","name":"Universidad de las Artes - UArtes entrega un detallado informe de gesti\u00f3n solicitado por la asamble\u00edsta Ana Bel\u00e9n Cordero","isPartOf":{"@id":"https:\/\/www.uartes.edu.ec\/sitio\/en\/#website"},"primaryImageOfPage":{"@id":"https:\/\/www.uartes.edu.ec\/sitio\/en\/blog\/2021\/07\/14\/uartes-entrega-un-detallado-informe-de-gestion-solicitado-por-la-asambleista-ana-belen-cordero\/#primaryimage"},"image":{"@id":"https:\/\/www.uartes.edu.ec\/sitio\/en\/blog\/2021\/07\/14\/uartes-entrega-un-detallado-informe-de-gestion-solicitado-por-la-asambleista-ana-belen-cordero\/#primaryimage"},"thumbnailUrl":"https:\/\/www.uartes.edu.ec\/sitio\/wp-content\/uploads\/2021\/07\/ENTREGA-DE-INFORME-A-ASAMBLEISTA-QUITO-OK.jpg","datePublished":"2021-07-14T16:04:00+00:00","dateModified":"2024-07-04T16:26:05+00:00","description":"Universidad de las Artes - UArtes entrega un detallado informe de gesti\u00f3n solicitado por la asamble\u00edsta Ana Bel\u00e9n Cordero","breadcrumb":{"@id":"https:\/\/www.uartes.edu.ec\/sitio\/en\/blog\/2021\/07\/14\/uartes-entrega-un-detallado-informe-de-gestion-solicitado-por-la-asambleista-ana-belen-cordero\/#breadcrumb"},"inLanguage":"en-US","potentialAction":[{"@type":"ReadAction","target":["https:\/\/www.uartes.edu.ec\/sitio\/en\/blog\/2021\/07\/14\/uartes-entrega-un-detallado-informe-de-gestion-solicitado-por-la-asambleista-ana-belen-cordero\/"]}]},{"@type":"ImageObject","inLanguage":"en-US","@id":"https:\/\/www.uartes.edu.ec\/sitio\/en\/blog\/2021\/07\/14\/uartes-entrega-un-detallado-informe-de-gestion-solicitado-por-la-asambleista-ana-belen-cordero\/#primaryimage","url":"https:\/\/www.uartes.edu.ec\/sitio\/wp-content\/uploads\/2021\/07\/ENTREGA-DE-INFORME-A-ASAMBLEISTA-QUITO-OK.jpg","contentUrl":"https:\/\/www.uartes.edu.ec\/sitio\/wp-content\/uploads\/2021\/07\/ENTREGA-DE-INFORME-A-ASAMBLEISTA-QUITO-OK.jpg","width":2000,"height":1333,"caption":"UArtes entrega un detallado informe de gesti\u00f3n solicitado por la asamble\u00edsta Ana Bel\u00e9n Cordero"},{"@type":"BreadcrumbList","@id":"https:\/\/www.uartes.edu.ec\/sitio\/en\/blog\/2021\/07\/14\/uartes-entrega-un-detallado-informe-de-gestion-solicitado-por-la-asambleista-ana-belen-cordero\/#breadcrumb","itemListElement":[{"@type":"ListItem","position":1,"name":"Inicio","item":"https:\/\/www.uartes.edu.ec\/sitio\/"},{"@type":"ListItem","position":2,"name":"UArtes entrega un detallado informe de gesti\u00f3n solicitado por la asamble\u00edsta Ana Bel\u00e9n Cordero"}]},{"@type":"WebSite","@id":"https:\/\/www.uartes.edu.ec\/sitio\/en\/#website","url":"https:\/\/www.uartes.edu.ec\/sitio\/en\/","name":"Universidad de las Artes","description":"Sitio oficial de la Universidad Nacional de las Artes del Ecuador","publisher":{"@id":"https:\/\/www.uartes.edu.ec\/sitio\/en\/#organization"},"potentialAction":[{"@type":"SearchAction","target":{"@type":"EntryPoint","urlTemplate":"https:\/\/www.uartes.edu.ec\/sitio\/en\/?s={search_term_string}"},"query-input":{"@type":"PropertyValueSpecification","valueRequired":true,"valueName":"search_term_string"}}],"inLanguage":"en-US"},{"@type":"Organization","@id":"https:\/\/www.uartes.edu.ec\/sitio\/en\/#organization","name":"Universidad de las Artes","url":"https:\/\/www.uartes.edu.ec\/sitio\/en\/","logo":{"@type":"ImageObject","inLanguage":"en-US","@id":"https:\/\/www.uartes.edu.ec\/sitio\/en\/#\/schema\/logo\/image\/","url":"https:\/\/www.uartes.edu.ec\/sitio\/wp-content\/uploads\/2022\/07\/logo-ua-horizontal.png","contentUrl":"https:\/\/www.uartes.edu.ec\/sitio\/wp-content\/uploads\/2022\/07\/logo-ua-horizontal.png","width":800,"height":276,"caption":"Universidad de las Artes"},"image":{"@id":"https:\/\/www.uartes.edu.ec\/sitio\/en\/#\/schema\/logo\/image\/"},"sameAs":["https:\/\/www.facebook.com\/uartesec","https:\/\/x.com\/uartesec","https:\/\/www.tiktok.com\/@uartesec"]},{"@type":"Person","@id":"https:\/\/www.uartes.edu.ec\/sitio\/en\/#\/schema\/person\/efa1b8275797664fd7f13a79ccc0b1f4","name":"ccortez","image":{"@type":"ImageObject","inLanguage":"en-US","@id":"https:\/\/secure.gravatar.com\/avatar\/b2a6f664a3ae8e074346ef91775736c5ec479e637ecced6842de9dc98b5da9cd?s=96&d=mm&r=g","url":"https:\/\/secure.gravatar.com\/avatar\/b2a6f664a3ae8e074346ef91775736c5ec479e637ecced6842de9dc98b5da9cd?s=96&d=mm&r=g","contentUrl":"https:\/\/secure.gravatar.com\/avatar\/b2a6f664a3ae8e074346ef91775736c5ec479e637ecced6842de9dc98b5da9cd?s=96&d=mm&r=g","caption":"ccortez"},"url":"https:\/\/www.uartes.edu.ec\/sitio\/en\/blog\/author\/ccortez\/"}]}},"uagb_featured_image_src":{"full":["https:\/\/www.uartes.edu.ec\/sitio\/wp-content\/uploads\/2021\/07\/ENTREGA-DE-INFORME-A-ASAMBLEISTA-QUITO-OK.jpg",2000,1333,false],"thumbnail":["https:\/\/www.uartes.edu.ec\/sitio\/wp-content\/uploads\/2021\/07\/ENTREGA-DE-INFORME-A-ASAMBLEISTA-QUITO-OK-150x150.jpg",150,150,true],"medium":["https:\/\/www.uartes.edu.ec\/sitio\/wp-content\/uploads\/2021\/07\/ENTREGA-DE-INFORME-A-ASAMBLEISTA-QUITO-OK-300x200.jpg",300,200,true],"medium_large":["https:\/\/www.uartes.edu.ec\/sitio\/wp-content\/uploads\/2021\/07\/ENTREGA-DE-INFORME-A-ASAMBLEISTA-QUITO-OK-768x512.jpg",768,512,true],"large":["https:\/\/www.uartes.edu.ec\/sitio\/wp-content\/uploads\/2021\/07\/ENTREGA-DE-INFORME-A-ASAMBLEISTA-QUITO-OK-644x429.jpg",644,429,true],"1536x1536":["https:\/\/www.uartes.edu.ec\/sitio\/wp-content\/uploads\/2021\/07\/ENTREGA-DE-INFORME-A-ASAMBLEISTA-QUITO-OK-1536x1024.jpg",1536,1024,true],"2048x2048":["https:\/\/www.uartes.edu.ec\/sitio\/wp-content\/uploads\/2021\/07\/ENTREGA-DE-INFORME-A-ASAMBLEISTA-QUITO-OK.jpg",2000,1333,false],"trp-custom-language-flag":["https:\/\/www.uartes.edu.ec\/sitio\/wp-content\/uploads\/2021\/07\/ENTREGA-DE-INFORME-A-ASAMBLEISTA-QUITO-OK-16x12.jpg",16,12,true],"htmega_size_585x295":["https:\/\/www.uartes.edu.ec\/sitio\/wp-content\/uploads\/2021\/07\/ENTREGA-DE-INFORME-A-ASAMBLEISTA-QUITO-OK-585x295.jpg",585,295,true],"htmega_size_1170x536":["https:\/\/www.uartes.edu.ec\/sitio\/wp-content\/uploads\/2021\/07\/ENTREGA-DE-INFORME-A-ASAMBLEISTA-QUITO-OK-1170x536.jpg",1170,536,true],"htmega_size_396x360":["https:\/\/www.uartes.edu.ec\/sitio\/wp-content\/uploads\/2021\/07\/ENTREGA-DE-INFORME-A-ASAMBLEISTA-QUITO-OK-396x360.jpg",396,360,true],"gb-block-post-grid-landscape":["https:\/\/www.uartes.edu.ec\/sitio\/wp-content\/uploads\/2021\/07\/ENTREGA-DE-INFORME-A-ASAMBLEISTA-QUITO-OK.jpg",600,400,false],"gb-block-post-grid-square":["https:\/\/www.uartes.edu.ec\/sitio\/wp-content\/uploads\/2021\/07\/ENTREGA-DE-INFORME-A-ASAMBLEISTA-QUITO-OK.jpg",600,400,false],"university-hub-thumb":["https:\/\/www.uartes.edu.ec\/sitio\/wp-content\/uploads\/2021\/07\/ENTREGA-DE-INFORME-A-ASAMBLEISTA-QUITO-OK-400x267.jpg",400,267,true]},"uagb_author_info":{"display_name":"ccortez","author_link":"https:\/\/www.uartes.edu.ec\/sitio\/en\/blog\/author\/ccortez\/"},"uagb_comment_info":0,"uagb_excerpt":"El rector de la Universidad de las Artes, doctor William Herrera R\u00edos, inform\u00f3 al \u00d3rgano Colegiado Superior de la Universidad de las Artes, en la sesi\u00f3n extraordinaria del 7 de julio del presente a\u00f1o, que hizo la entrega virtual y f\u00edsicade un informe detallado y pormenorizado de esta instituci\u00f3n de educaci\u00f3n superior, el cual fue&hellip;","featured_image_src":"https:\/\/www.uartes.edu.ec\/sitio\/wp-content\/uploads\/2021\/07\/ENTREGA-DE-INFORME-A-ASAMBLEISTA-QUITO-OK.jpg","featured_image_src_square":"https:\/\/www.uartes.edu.ec\/sitio\/wp-content\/uploads\/2021\/07\/ENTREGA-DE-INFORME-A-ASAMBLEISTA-QUITO-OK.jpg","author_info":{"display_name":"ccortez","author_link":"https:\/\/www.uartes.edu.ec\/sitio\/en\/blog\/author\/ccortez\/"},"publishpress_future_workflow_manual_trigger":{"enabledWorkflows":[]},"distributor_meta":false,"distributor_terms":false,"distributor_media":false,"distributor_original_site_name":"Universidad de las Artes","distributor_original_site_url":"https:\/\/www.uartes.edu.ec\/sitio\/en","push-errors":false,"_links":{"self":[{"href":"https:\/\/www.uartes.edu.ec\/sitio\/en\/wp-json\/wp\/v2\/posts\/14797","targetHints":{"allow":["GET"]}}],"collection":[{"href":"https:\/\/www.uartes.edu.ec\/sitio\/en\/wp-json\/wp\/v2\/posts"}],"about":[{"href":"https:\/\/www.uartes.edu.ec\/sitio\/en\/wp-json\/wp\/v2\/types\/post"}],"author":[{"embeddable":true,"href":"https:\/\/www.uartes.edu.ec\/sitio\/en\/wp-json\/wp\/v2\/users\/10"}],"replies":[{"embeddable":true,"href":"https:\/\/www.uartes.edu.ec\/sitio\/en\/wp-json\/wp\/v2\/comments?post=14797"}],"version-history":[{"count":2,"href":"https:\/\/www.uartes.edu.ec\/sitio\/en\/wp-json\/wp\/v2\/posts\/14797\/revisions"}],"predecessor-version":[{"id":14804,"href":"https:\/\/www.uartes.edu.ec\/sitio\/en\/wp-json\/wp\/v2\/posts\/14797\/revisions\/14804"}],"wp:featuredmedia":[{"embeddable":true,"href":"https:\/\/www.uartes.edu.ec\/sitio\/en\/wp-json\/wp\/v2\/media\/14802"}],"wp:attachment":[{"href":"https:\/\/www.uartes.edu.ec\/sitio\/en\/wp-json\/wp\/v2\/media?parent=14797"}],"wp:term":[{"taxonomy":"category","embeddable":true,"href":"https:\/\/www.uartes.edu.ec\/sitio\/en\/wp-json\/wp\/v2\/categories?post=14797"},{"taxonomy":"post_tag","embeddable":true,"href":"https:\/\/www.uartes.edu.ec\/sitio\/en\/wp-json\/wp\/v2\/tags?post=14797"},{"taxonomy":"infouartes","embeddable":true,"href":"https:\/\/www.uartes.edu.ec\/sitio\/en\/wp-json\/wp\/v2\/infouartes?post=14797"}],"curies":[{"name":"wp","href":"https:\/\/api.w.org\/{rel}","templated":true}]}}