{"id":14860,"date":"2021-07-16T15:16:00","date_gmt":"2021-07-16T20:16:00","guid":{"rendered":"http:\/\/www.uartes.edu.ec\/sitio\/?p=14860"},"modified":"2024-07-04T11:26:05","modified_gmt":"2024-07-04T16:26:05","slug":"tres-producciones-con-el-sello-uartes-en-la-programacion-de-la-xx-edicion-de-los-edoc","status":"publish","type":"post","link":"https:\/\/www.uartes.edu.ec\/sitio\/en\/blog\/2021\/07\/16\/tres-producciones-con-el-sello-uartes-en-la-programacion-de-la-xx-edicion-de-los-edoc\/","title":{"rendered":"Tres producciones con el sello UArtes, en la programaci\u00f3n de la XX edici\u00f3n de los EDOC"},"content":{"rendered":"<p><a href=\"https:\/\/festivaledoc.org\/programa\/\"><\/a>Este a\u00f1o los Encuentros del Otro Cine (EDOC) llegan a su vig\u00e9sima edici\u00f3n. Se realizar\u00e1n del 24 de julio al 1 de agosto de 2021 y en lo que sus organizadores han se\u00f1alado como una programaci\u00f3n especial constan tres producciones de dos estudiantes y un graduado de la Universidad de las Artes.<\/p>\n\n\n\n<p>En el apartado <a>\u201cC\u00f3mo nos vemos<\/a>\u201d de los EDOC XX, el cortometraje de cuatro minutos de duraci\u00f3n titulado <em>Para dan<\/em>, dirigido por Mayro Romero, de la Escuela de Artes Visuales. Tambi\u00e9n <em>Permanencia<\/em> (Ecuador, 2021, 25 minutos), de Yasser Jefferson Quevedo Pinos, de la Escuela de Cine. Y <em>Tiam, el retorno<\/em> (Ecuador, 2021, 17 minutos), de Eriberto Gualinga, quien&nbsp;obtuvo el t\u00edtulo de licenciado en Cine por la UArtes mediante el proceso de Validaci\u00f3n de Trayectorias Profesionales en el Campo de las Artes.<\/p>\n\n\n\n<p>En su cuenta de Facebook (<a href=\"https:\/\/www.facebook.com\/traya.muskuy?__cft__%5b0%5d=AZWX4YjuT00gBNsznlm22A1Va1eV-iOzwJRj59voLeyKEvv8qY55frLS03ut9sBo_edKUk1pusjn4W6eouWnv6gF7rcB8iAPrZlRMh3NiUSxk0msqN-qHxAeBCwEUqfLlaZzInnr9PrPhqifrZDCZJdZOJtof2B0gbWTHbHpoQsP5w&amp;__tn__=-UC%2CP-R\">Traya Muskuy<\/a>), Gualinga, primer cineasta kichwa amaz\u00f3nico titulado, comparti\u00f3 recientemente una publicaci\u00f3n que el peri\u00f3dico brit\u00e1nico <em>The Guardian<\/em> hizo de su trabajo.<\/p>\n\n\n\n<p>En cuanto a lo preparado por los Encuentros del Otro Cine en su edici\u00f3n XX, en su sitio web (<a href=\"https:\/\/festivaledoc.org\/programacion-2021\/\">https:\/\/festivaledoc.org\/programacion-2021\/<\/a>) indica que se recoger\u00e1 una selecci\u00f3n de filmes emblem\u00e1ticos de las diecinueve ediciones pasadas y pel\u00edculas contempor\u00e1neas provenientes del Ecuador y 25 pa\u00edses del mundo. \u201cEstos 20 a\u00f1os los festejamos as\u00ed: con una selecci\u00f3n internacional inigualable, propuestas nacionales de alta calidad, charlas con exponentes mundiales del cine documental y una secci\u00f3n conmemorativa para recordar los momentos imperdibles de nuestra historia\u201d.<\/p>\n\n\n\n<p>Anota, adem\u00e1s, que bajo el nombre RED EDOC mercado-lab se conforma un espacio que permite el encuentro e intercambio de saberes entre los documentalistas nacionales y profesionales del cine documental de distintas partes del mundo, para conectarse y construir posibles escenarios de producci\u00f3n y circulaci\u00f3n de proyectos de pel\u00edculas. \u201cSe realizar\u00e1 una serie de charlas abiertas a todo p\u00fablico, v\u00eda Facebook LIVE, que abordar\u00e1n tem\u00e1ticas como la decolonizaci\u00f3n de nuestro cine, la tecnolog\u00eda y el cine documental y las oportunidades que ofrecen algunos laboratorios y mercados de cine a los proyectos de no-ficci\u00f3n en desarrollo\u201d.<\/p>\n\n\n\n<p>Links de los EDOC:<br><a href=\"https:\/\/festivaledoc.org\/programacion-2021\/\">https:\/\/festivaledoc.org\/programacion-2021\/<\/a><br><a href=\"https:\/\/festivaledoc.org\/\">https:\/\/festivaledoc.org\/<\/a><\/p>","protected":false},"excerpt":{"rendered":"<p>Este a\u00f1o los Encuentros del Otro Cine (EDOC) llegan a su vig\u00e9sima edici\u00f3n. Se realizar\u00e1n del 24 de julio al 1 de agosto de 2021 y en lo que sus organizadores han se\u00f1alado como una programaci\u00f3n especial constan tres producciones de dos estudiantes y un graduado de la Universidad de las Artes.<\/p>","protected":false},"author":9,"featured_media":14862,"comment_status":"open","ping_status":"open","sticky":false,"template":"","format":"standard","meta":{"_acf_changed":false,"_uag_custom_page_level_css":"","_monsterinsights_skip_tracking":false,"_monsterinsights_sitenote_active":false,"_monsterinsights_sitenote_note":"","_monsterinsights_sitenote_category":0,"cybocfi_hide_featured_image":"","footnotes":""},"categories":[82,157,147,76],"tags":[36],"infouartes":[],"class_list":["post-14860","post","type-post","status-publish","format-standard","has-post-thumbnail","hentry","category-artes","category-artes-visuales","category-cine","category-estudiantes","tag-edoc"],"acf":[],"yoast_head":"<!-- This site is optimized with the Yoast SEO plugin v27.4 - https:\/\/yoast.com\/product\/yoast-seo-wordpress\/ -->\n<title>Universidad de las Artes - Tres producciones con el sello UArtes, en la programaci\u00f3n de la XX edici\u00f3n de los EDOC<\/title>\n<meta name=\"description\" content=\"Universidad de las Artes - Tres producciones con el sello UArtes, en la programaci\u00f3n de la XX edici\u00f3n de los EDOC\" \/>\n<meta name=\"robots\" content=\"index, follow, max-snippet:-1, max-image-preview:large, max-video-preview:-1\" \/>\n<link rel=\"canonical\" href=\"https:\/\/www.uartes.edu.ec\/sitio\/en\/blog\/2021\/07\/16\/tres-producciones-con-el-sello-uartes-en-la-programacion-de-la-xx-edicion-de-los-edoc\/\" \/>\n<meta property=\"og:locale\" content=\"en_US\" \/>\n<meta property=\"og:type\" content=\"article\" \/>\n<meta property=\"og:title\" content=\"Universidad de las Artes - Tres producciones con el sello UArtes, en la programaci\u00f3n de la XX edici\u00f3n de los EDOC\" \/>\n<meta property=\"og:description\" content=\"Universidad de las Artes - Tres producciones con el sello UArtes, en la programaci\u00f3n de la XX edici\u00f3n de los EDOC\" \/>\n<meta property=\"og:url\" content=\"https:\/\/www.uartes.edu.ec\/sitio\/en\/blog\/2021\/07\/16\/tres-producciones-con-el-sello-uartes-en-la-programacion-de-la-xx-edicion-de-los-edoc\/\" \/>\n<meta property=\"og:site_name\" content=\"Universidad de las Artes\" \/>\n<meta property=\"article:publisher\" content=\"https:\/\/www.facebook.com\/uartesec\" \/>\n<meta property=\"article:published_time\" content=\"2021-07-16T20:16:00+00:00\" \/>\n<meta property=\"article:modified_time\" content=\"2024-07-04T16:26:05+00:00\" \/>\n<meta property=\"og:image\" content=\"https:\/\/www.uartes.edu.ec\/sitio\/wp-content\/uploads\/2021\/07\/EDOC.jpg\" \/>\n\t<meta property=\"og:image:width\" content=\"2000\" \/>\n\t<meta property=\"og:image:height\" content=\"1333\" \/>\n\t<meta property=\"og:image:type\" content=\"image\/jpeg\" \/>\n<meta name=\"author\" content=\"tmariduena\" \/>\n<meta name=\"twitter:card\" content=\"summary_large_image\" \/>\n<meta name=\"twitter:creator\" content=\"@uartesec\" \/>\n<meta name=\"twitter:site\" content=\"@uartesec\" \/>\n<meta name=\"twitter:label1\" content=\"Written by\" \/>\n\t<meta name=\"twitter:data1\" content=\"tmariduena\" \/>\n\t<meta name=\"twitter:label2\" content=\"Est. reading time\" \/>\n\t<meta name=\"twitter:data2\" content=\"2 minutes\" \/>\n<script type=\"application\/ld+json\" class=\"yoast-schema-graph\">{\"@context\":\"https:\\\/\\\/schema.org\",\"@graph\":[{\"@type\":\"Article\",\"@id\":\"https:\\\/\\\/www.uartes.edu.ec\\\/sitio\\\/en\\\/blog\\\/2021\\\/07\\\/16\\\/tres-producciones-con-el-sello-uartes-en-la-programacion-de-la-xx-edicion-de-los-edoc\\\/#article\",\"isPartOf\":{\"@id\":\"https:\\\/\\\/www.uartes.edu.ec\\\/sitio\\\/en\\\/blog\\\/2021\\\/07\\\/16\\\/tres-producciones-con-el-sello-uartes-en-la-programacion-de-la-xx-edicion-de-los-edoc\\\/\"},\"author\":{\"name\":\"tmariduena\",\"@id\":\"https:\\\/\\\/www.uartes.edu.ec\\\/sitio\\\/en\\\/#\\\/schema\\\/person\\\/5374e8c901d217252e42ba3c04399dd6\"},\"headline\":\"Tres producciones con el sello UArtes, en la programaci\u00f3n de la XX edici\u00f3n de los EDOC\",\"datePublished\":\"2021-07-16T20:16:00+00:00\",\"dateModified\":\"2024-07-04T16:26:05+00:00\",\"mainEntityOfPage\":{\"@id\":\"https:\\\/\\\/www.uartes.edu.ec\\\/sitio\\\/en\\\/blog\\\/2021\\\/07\\\/16\\\/tres-producciones-con-el-sello-uartes-en-la-programacion-de-la-xx-edicion-de-los-edoc\\\/\"},\"wordCount\":395,\"commentCount\":0,\"publisher\":{\"@id\":\"https:\\\/\\\/www.uartes.edu.ec\\\/sitio\\\/en\\\/#organization\"},\"image\":{\"@id\":\"https:\\\/\\\/www.uartes.edu.ec\\\/sitio\\\/en\\\/blog\\\/2021\\\/07\\\/16\\\/tres-producciones-con-el-sello-uartes-en-la-programacion-de-la-xx-edicion-de-los-edoc\\\/#primaryimage\"},\"thumbnailUrl\":\"https:\\\/\\\/www.uartes.edu.ec\\\/sitio\\\/wp-content\\\/uploads\\\/2021\\\/07\\\/EDOC.jpg\",\"keywords\":[\"edoc\"],\"articleSection\":[\"Artes\",\"Artes Visuales\",\"Cine\",\"Estudiantes\"],\"inLanguage\":\"en-US\",\"potentialAction\":[{\"@type\":\"CommentAction\",\"name\":\"Comment\",\"target\":[\"https:\\\/\\\/www.uartes.edu.ec\\\/sitio\\\/en\\\/blog\\\/2021\\\/07\\\/16\\\/tres-producciones-con-el-sello-uartes-en-la-programacion-de-la-xx-edicion-de-los-edoc\\\/#respond\"]}]},{\"@type\":[\"WebPage\",\"ItemPage\"],\"@id\":\"https:\\\/\\\/www.uartes.edu.ec\\\/sitio\\\/en\\\/blog\\\/2021\\\/07\\\/16\\\/tres-producciones-con-el-sello-uartes-en-la-programacion-de-la-xx-edicion-de-los-edoc\\\/\",\"url\":\"https:\\\/\\\/www.uartes.edu.ec\\\/sitio\\\/en\\\/blog\\\/2021\\\/07\\\/16\\\/tres-producciones-con-el-sello-uartes-en-la-programacion-de-la-xx-edicion-de-los-edoc\\\/\",\"name\":\"Universidad de las Artes - Tres producciones con el sello UArtes, en la programaci\u00f3n de la XX edici\u00f3n de los EDOC\",\"isPartOf\":{\"@id\":\"https:\\\/\\\/www.uartes.edu.ec\\\/sitio\\\/en\\\/#website\"},\"primaryImageOfPage\":{\"@id\":\"https:\\\/\\\/www.uartes.edu.ec\\\/sitio\\\/en\\\/blog\\\/2021\\\/07\\\/16\\\/tres-producciones-con-el-sello-uartes-en-la-programacion-de-la-xx-edicion-de-los-edoc\\\/#primaryimage\"},\"image\":{\"@id\":\"https:\\\/\\\/www.uartes.edu.ec\\\/sitio\\\/en\\\/blog\\\/2021\\\/07\\\/16\\\/tres-producciones-con-el-sello-uartes-en-la-programacion-de-la-xx-edicion-de-los-edoc\\\/#primaryimage\"},\"thumbnailUrl\":\"https:\\\/\\\/www.uartes.edu.ec\\\/sitio\\\/wp-content\\\/uploads\\\/2021\\\/07\\\/EDOC.jpg\",\"datePublished\":\"2021-07-16T20:16:00+00:00\",\"dateModified\":\"2024-07-04T16:26:05+00:00\",\"description\":\"Universidad de las Artes - Tres producciones con el sello UArtes, en la programaci\u00f3n de la XX edici\u00f3n de los EDOC\",\"breadcrumb\":{\"@id\":\"https:\\\/\\\/www.uartes.edu.ec\\\/sitio\\\/en\\\/blog\\\/2021\\\/07\\\/16\\\/tres-producciones-con-el-sello-uartes-en-la-programacion-de-la-xx-edicion-de-los-edoc\\\/#breadcrumb\"},\"inLanguage\":\"en-US\",\"potentialAction\":[{\"@type\":\"ReadAction\",\"target\":[\"https:\\\/\\\/www.uartes.edu.ec\\\/sitio\\\/en\\\/blog\\\/2021\\\/07\\\/16\\\/tres-producciones-con-el-sello-uartes-en-la-programacion-de-la-xx-edicion-de-los-edoc\\\/\"]}]},{\"@type\":\"ImageObject\",\"inLanguage\":\"en-US\",\"@id\":\"https:\\\/\\\/www.uartes.edu.ec\\\/sitio\\\/en\\\/blog\\\/2021\\\/07\\\/16\\\/tres-producciones-con-el-sello-uartes-en-la-programacion-de-la-xx-edicion-de-los-edoc\\\/#primaryimage\",\"url\":\"https:\\\/\\\/www.uartes.edu.ec\\\/sitio\\\/wp-content\\\/uploads\\\/2021\\\/07\\\/EDOC.jpg\",\"contentUrl\":\"https:\\\/\\\/www.uartes.edu.ec\\\/sitio\\\/wp-content\\\/uploads\\\/2021\\\/07\\\/EDOC.jpg\",\"width\":2000,\"height\":1333},{\"@type\":\"BreadcrumbList\",\"@id\":\"https:\\\/\\\/www.uartes.edu.ec\\\/sitio\\\/en\\\/blog\\\/2021\\\/07\\\/16\\\/tres-producciones-con-el-sello-uartes-en-la-programacion-de-la-xx-edicion-de-los-edoc\\\/#breadcrumb\",\"itemListElement\":[{\"@type\":\"ListItem\",\"position\":1,\"name\":\"Inicio\",\"item\":\"https:\\\/\\\/www.uartes.edu.ec\\\/sitio\\\/\"},{\"@type\":\"ListItem\",\"position\":2,\"name\":\"Tres producciones con el sello UArtes, en la programaci\u00f3n de la XX edici\u00f3n de los EDOC\"}]},{\"@type\":\"WebSite\",\"@id\":\"https:\\\/\\\/www.uartes.edu.ec\\\/sitio\\\/en\\\/#website\",\"url\":\"https:\\\/\\\/www.uartes.edu.ec\\\/sitio\\\/en\\\/\",\"name\":\"Universidad de las Artes\",\"description\":\"Sitio oficial de la Universidad Nacional de las Artes del Ecuador\",\"publisher\":{\"@id\":\"https:\\\/\\\/www.uartes.edu.ec\\\/sitio\\\/en\\\/#organization\"},\"potentialAction\":[{\"@type\":\"SearchAction\",\"target\":{\"@type\":\"EntryPoint\",\"urlTemplate\":\"https:\\\/\\\/www.uartes.edu.ec\\\/sitio\\\/en\\\/?s={search_term_string}\"},\"query-input\":{\"@type\":\"PropertyValueSpecification\",\"valueRequired\":true,\"valueName\":\"search_term_string\"}}],\"inLanguage\":\"en-US\"},{\"@type\":\"Organization\",\"@id\":\"https:\\\/\\\/www.uartes.edu.ec\\\/sitio\\\/en\\\/#organization\",\"name\":\"Universidad de las Artes\",\"url\":\"https:\\\/\\\/www.uartes.edu.ec\\\/sitio\\\/en\\\/\",\"logo\":{\"@type\":\"ImageObject\",\"inLanguage\":\"en-US\",\"@id\":\"https:\\\/\\\/www.uartes.edu.ec\\\/sitio\\\/en\\\/#\\\/schema\\\/logo\\\/image\\\/\",\"url\":\"https:\\\/\\\/www.uartes.edu.ec\\\/sitio\\\/wp-content\\\/uploads\\\/2022\\\/07\\\/logo-ua-horizontal.png\",\"contentUrl\":\"https:\\\/\\\/www.uartes.edu.ec\\\/sitio\\\/wp-content\\\/uploads\\\/2022\\\/07\\\/logo-ua-horizontal.png\",\"width\":800,\"height\":276,\"caption\":\"Universidad de las Artes\"},\"image\":{\"@id\":\"https:\\\/\\\/www.uartes.edu.ec\\\/sitio\\\/en\\\/#\\\/schema\\\/logo\\\/image\\\/\"},\"sameAs\":[\"https:\\\/\\\/www.facebook.com\\\/uartesec\",\"https:\\\/\\\/x.com\\\/uartesec\",\"https:\\\/\\\/www.tiktok.com\\\/@uartesec\"]},{\"@type\":\"Person\",\"@id\":\"https:\\\/\\\/www.uartes.edu.ec\\\/sitio\\\/en\\\/#\\\/schema\\\/person\\\/5374e8c901d217252e42ba3c04399dd6\",\"name\":\"tmariduena\",\"image\":{\"@type\":\"ImageObject\",\"inLanguage\":\"en-US\",\"@id\":\"https:\\\/\\\/secure.gravatar.com\\\/avatar\\\/20778b5ee784b2262381c66dd01e01078412c554f20b8232234574602e22ba24?s=96&d=mm&r=g\",\"url\":\"https:\\\/\\\/secure.gravatar.com\\\/avatar\\\/20778b5ee784b2262381c66dd01e01078412c554f20b8232234574602e22ba24?s=96&d=mm&r=g\",\"contentUrl\":\"https:\\\/\\\/secure.gravatar.com\\\/avatar\\\/20778b5ee784b2262381c66dd01e01078412c554f20b8232234574602e22ba24?s=96&d=mm&r=g\",\"caption\":\"tmariduena\"},\"url\":\"https:\\\/\\\/www.uartes.edu.ec\\\/sitio\\\/en\\\/blog\\\/author\\\/tmariduena\\\/\"}]}<\/script>\n<!-- \/ Yoast SEO plugin. -->","yoast_head_json":{"title":"Universidad de las Artes - Tres producciones con el sello UArtes, en la programaci\u00f3n de la XX edici\u00f3n de los EDOC","description":"Universidad de las Artes - Tres producciones con el sello UArtes, en la programaci\u00f3n de la XX edici\u00f3n de los EDOC","robots":{"index":"index","follow":"follow","max-snippet":"max-snippet:-1","max-image-preview":"max-image-preview:large","max-video-preview":"max-video-preview:-1"},"canonical":"https:\/\/www.uartes.edu.ec\/sitio\/en\/blog\/2021\/07\/16\/tres-producciones-con-el-sello-uartes-en-la-programacion-de-la-xx-edicion-de-los-edoc\/","og_locale":"en_US","og_type":"article","og_title":"Universidad de las Artes - Tres producciones con el sello UArtes, en la programaci\u00f3n de la XX edici\u00f3n de los EDOC","og_description":"Universidad de las Artes - Tres producciones con el sello UArtes, en la programaci\u00f3n de la XX edici\u00f3n de los EDOC","og_url":"https:\/\/www.uartes.edu.ec\/sitio\/en\/blog\/2021\/07\/16\/tres-producciones-con-el-sello-uartes-en-la-programacion-de-la-xx-edicion-de-los-edoc\/","og_site_name":"Universidad de las Artes","article_publisher":"https:\/\/www.facebook.com\/uartesec","article_published_time":"2021-07-16T20:16:00+00:00","article_modified_time":"2024-07-04T16:26:05+00:00","og_image":[{"width":2000,"height":1333,"url":"https:\/\/www.uartes.edu.ec\/sitio\/wp-content\/uploads\/2021\/07\/EDOC.jpg","type":"image\/jpeg"}],"author":"tmariduena","twitter_card":"summary_large_image","twitter_creator":"@uartesec","twitter_site":"@uartesec","twitter_misc":{"Written by":"tmariduena","Est. reading time":"2 minutes"},"schema":{"@context":"https:\/\/schema.org","@graph":[{"@type":"Article","@id":"https:\/\/www.uartes.edu.ec\/sitio\/en\/blog\/2021\/07\/16\/tres-producciones-con-el-sello-uartes-en-la-programacion-de-la-xx-edicion-de-los-edoc\/#article","isPartOf":{"@id":"https:\/\/www.uartes.edu.ec\/sitio\/en\/blog\/2021\/07\/16\/tres-producciones-con-el-sello-uartes-en-la-programacion-de-la-xx-edicion-de-los-edoc\/"},"author":{"name":"tmariduena","@id":"https:\/\/www.uartes.edu.ec\/sitio\/en\/#\/schema\/person\/5374e8c901d217252e42ba3c04399dd6"},"headline":"Tres producciones con el sello UArtes, en la programaci\u00f3n de la XX edici\u00f3n de los EDOC","datePublished":"2021-07-16T20:16:00+00:00","dateModified":"2024-07-04T16:26:05+00:00","mainEntityOfPage":{"@id":"https:\/\/www.uartes.edu.ec\/sitio\/en\/blog\/2021\/07\/16\/tres-producciones-con-el-sello-uartes-en-la-programacion-de-la-xx-edicion-de-los-edoc\/"},"wordCount":395,"commentCount":0,"publisher":{"@id":"https:\/\/www.uartes.edu.ec\/sitio\/en\/#organization"},"image":{"@id":"https:\/\/www.uartes.edu.ec\/sitio\/en\/blog\/2021\/07\/16\/tres-producciones-con-el-sello-uartes-en-la-programacion-de-la-xx-edicion-de-los-edoc\/#primaryimage"},"thumbnailUrl":"https:\/\/www.uartes.edu.ec\/sitio\/wp-content\/uploads\/2021\/07\/EDOC.jpg","keywords":["edoc"],"articleSection":["Artes","Artes Visuales","Cine","Estudiantes"],"inLanguage":"en-US","potentialAction":[{"@type":"CommentAction","name":"Comment","target":["https:\/\/www.uartes.edu.ec\/sitio\/en\/blog\/2021\/07\/16\/tres-producciones-con-el-sello-uartes-en-la-programacion-de-la-xx-edicion-de-los-edoc\/#respond"]}]},{"@type":["WebPage","ItemPage"],"@id":"https:\/\/www.uartes.edu.ec\/sitio\/en\/blog\/2021\/07\/16\/tres-producciones-con-el-sello-uartes-en-la-programacion-de-la-xx-edicion-de-los-edoc\/","url":"https:\/\/www.uartes.edu.ec\/sitio\/en\/blog\/2021\/07\/16\/tres-producciones-con-el-sello-uartes-en-la-programacion-de-la-xx-edicion-de-los-edoc\/","name":"Universidad de las Artes - Tres producciones con el sello UArtes, en la programaci\u00f3n de la XX edici\u00f3n de los EDOC","isPartOf":{"@id":"https:\/\/www.uartes.edu.ec\/sitio\/en\/#website"},"primaryImageOfPage":{"@id":"https:\/\/www.uartes.edu.ec\/sitio\/en\/blog\/2021\/07\/16\/tres-producciones-con-el-sello-uartes-en-la-programacion-de-la-xx-edicion-de-los-edoc\/#primaryimage"},"image":{"@id":"https:\/\/www.uartes.edu.ec\/sitio\/en\/blog\/2021\/07\/16\/tres-producciones-con-el-sello-uartes-en-la-programacion-de-la-xx-edicion-de-los-edoc\/#primaryimage"},"thumbnailUrl":"https:\/\/www.uartes.edu.ec\/sitio\/wp-content\/uploads\/2021\/07\/EDOC.jpg","datePublished":"2021-07-16T20:16:00+00:00","dateModified":"2024-07-04T16:26:05+00:00","description":"Universidad de las Artes - Tres producciones con el sello UArtes, en la programaci\u00f3n de la XX edici\u00f3n de los EDOC","breadcrumb":{"@id":"https:\/\/www.uartes.edu.ec\/sitio\/en\/blog\/2021\/07\/16\/tres-producciones-con-el-sello-uartes-en-la-programacion-de-la-xx-edicion-de-los-edoc\/#breadcrumb"},"inLanguage":"en-US","potentialAction":[{"@type":"ReadAction","target":["https:\/\/www.uartes.edu.ec\/sitio\/en\/blog\/2021\/07\/16\/tres-producciones-con-el-sello-uartes-en-la-programacion-de-la-xx-edicion-de-los-edoc\/"]}]},{"@type":"ImageObject","inLanguage":"en-US","@id":"https:\/\/www.uartes.edu.ec\/sitio\/en\/blog\/2021\/07\/16\/tres-producciones-con-el-sello-uartes-en-la-programacion-de-la-xx-edicion-de-los-edoc\/#primaryimage","url":"https:\/\/www.uartes.edu.ec\/sitio\/wp-content\/uploads\/2021\/07\/EDOC.jpg","contentUrl":"https:\/\/www.uartes.edu.ec\/sitio\/wp-content\/uploads\/2021\/07\/EDOC.jpg","width":2000,"height":1333},{"@type":"BreadcrumbList","@id":"https:\/\/www.uartes.edu.ec\/sitio\/en\/blog\/2021\/07\/16\/tres-producciones-con-el-sello-uartes-en-la-programacion-de-la-xx-edicion-de-los-edoc\/#breadcrumb","itemListElement":[{"@type":"ListItem","position":1,"name":"Inicio","item":"https:\/\/www.uartes.edu.ec\/sitio\/"},{"@type":"ListItem","position":2,"name":"Tres producciones con el sello UArtes, en la programaci\u00f3n de la XX edici\u00f3n de los EDOC"}]},{"@type":"WebSite","@id":"https:\/\/www.uartes.edu.ec\/sitio\/en\/#website","url":"https:\/\/www.uartes.edu.ec\/sitio\/en\/","name":"Universidad de las Artes","description":"Sitio oficial de la Universidad Nacional de las Artes del Ecuador","publisher":{"@id":"https:\/\/www.uartes.edu.ec\/sitio\/en\/#organization"},"potentialAction":[{"@type":"SearchAction","target":{"@type":"EntryPoint","urlTemplate":"https:\/\/www.uartes.edu.ec\/sitio\/en\/?s={search_term_string}"},"query-input":{"@type":"PropertyValueSpecification","valueRequired":true,"valueName":"search_term_string"}}],"inLanguage":"en-US"},{"@type":"Organization","@id":"https:\/\/www.uartes.edu.ec\/sitio\/en\/#organization","name":"Universidad de las Artes","url":"https:\/\/www.uartes.edu.ec\/sitio\/en\/","logo":{"@type":"ImageObject","inLanguage":"en-US","@id":"https:\/\/www.uartes.edu.ec\/sitio\/en\/#\/schema\/logo\/image\/","url":"https:\/\/www.uartes.edu.ec\/sitio\/wp-content\/uploads\/2022\/07\/logo-ua-horizontal.png","contentUrl":"https:\/\/www.uartes.edu.ec\/sitio\/wp-content\/uploads\/2022\/07\/logo-ua-horizontal.png","width":800,"height":276,"caption":"Universidad de las Artes"},"image":{"@id":"https:\/\/www.uartes.edu.ec\/sitio\/en\/#\/schema\/logo\/image\/"},"sameAs":["https:\/\/www.facebook.com\/uartesec","https:\/\/x.com\/uartesec","https:\/\/www.tiktok.com\/@uartesec"]},{"@type":"Person","@id":"https:\/\/www.uartes.edu.ec\/sitio\/en\/#\/schema\/person\/5374e8c901d217252e42ba3c04399dd6","name":"tmariduena","image":{"@type":"ImageObject","inLanguage":"en-US","@id":"https:\/\/secure.gravatar.com\/avatar\/20778b5ee784b2262381c66dd01e01078412c554f20b8232234574602e22ba24?s=96&d=mm&r=g","url":"https:\/\/secure.gravatar.com\/avatar\/20778b5ee784b2262381c66dd01e01078412c554f20b8232234574602e22ba24?s=96&d=mm&r=g","contentUrl":"https:\/\/secure.gravatar.com\/avatar\/20778b5ee784b2262381c66dd01e01078412c554f20b8232234574602e22ba24?s=96&d=mm&r=g","caption":"tmariduena"},"url":"https:\/\/www.uartes.edu.ec\/sitio\/en\/blog\/author\/tmariduena\/"}]}},"uagb_featured_image_src":{"full":["https:\/\/www.uartes.edu.ec\/sitio\/wp-content\/uploads\/2021\/07\/EDOC.jpg",2000,1333,false],"thumbnail":["https:\/\/www.uartes.edu.ec\/sitio\/wp-content\/uploads\/2021\/07\/EDOC-150x150.jpg",150,150,true],"medium":["https:\/\/www.uartes.edu.ec\/sitio\/wp-content\/uploads\/2021\/07\/EDOC-300x200.jpg",300,200,true],"medium_large":["https:\/\/www.uartes.edu.ec\/sitio\/wp-content\/uploads\/2021\/07\/EDOC-768x512.jpg",768,512,true],"large":["https:\/\/www.uartes.edu.ec\/sitio\/wp-content\/uploads\/2021\/07\/EDOC-644x429.jpg",644,429,true],"1536x1536":["https:\/\/www.uartes.edu.ec\/sitio\/wp-content\/uploads\/2021\/07\/EDOC-1536x1024.jpg",1536,1024,true],"2048x2048":["https:\/\/www.uartes.edu.ec\/sitio\/wp-content\/uploads\/2021\/07\/EDOC.jpg",2000,1333,false],"trp-custom-language-flag":["https:\/\/www.uartes.edu.ec\/sitio\/wp-content\/uploads\/2021\/07\/EDOC-16x12.jpg",16,12,true],"htmega_size_585x295":["https:\/\/www.uartes.edu.ec\/sitio\/wp-content\/uploads\/2021\/07\/EDOC-585x295.jpg",585,295,true],"htmega_size_1170x536":["https:\/\/www.uartes.edu.ec\/sitio\/wp-content\/uploads\/2021\/07\/EDOC-1170x536.jpg",1170,536,true],"htmega_size_396x360":["https:\/\/www.uartes.edu.ec\/sitio\/wp-content\/uploads\/2021\/07\/EDOC-396x360.jpg",396,360,true],"gb-block-post-grid-landscape":["https:\/\/www.uartes.edu.ec\/sitio\/wp-content\/uploads\/2021\/07\/EDOC.jpg",600,400,false],"gb-block-post-grid-square":["https:\/\/www.uartes.edu.ec\/sitio\/wp-content\/uploads\/2021\/07\/EDOC.jpg",600,400,false],"university-hub-thumb":["https:\/\/www.uartes.edu.ec\/sitio\/wp-content\/uploads\/2021\/07\/EDOC-400x267.jpg",400,267,true]},"uagb_author_info":{"display_name":"tmariduena","author_link":"https:\/\/www.uartes.edu.ec\/sitio\/en\/blog\/author\/tmariduena\/"},"uagb_comment_info":0,"uagb_excerpt":"Este a\u00f1o los Encuentros del Otro Cine (EDOC) llegan a su vig\u00e9sima edici\u00f3n. Se realizar\u00e1n del 24 de julio al 1 de agosto de 2021 y en lo que sus organizadores han se\u00f1alado como una programaci\u00f3n especial constan tres producciones de dos estudiantes y un graduado de la Universidad de las Artes.","featured_image_src":"https:\/\/www.uartes.edu.ec\/sitio\/wp-content\/uploads\/2021\/07\/EDOC.jpg","featured_image_src_square":"https:\/\/www.uartes.edu.ec\/sitio\/wp-content\/uploads\/2021\/07\/EDOC.jpg","author_info":{"display_name":"tmariduena","author_link":"https:\/\/www.uartes.edu.ec\/sitio\/en\/blog\/author\/tmariduena\/"},"publishpress_future_workflow_manual_trigger":{"enabledWorkflows":[]},"distributor_meta":false,"distributor_terms":false,"distributor_media":false,"distributor_original_site_name":"Universidad de las Artes","distributor_original_site_url":"https:\/\/www.uartes.edu.ec\/sitio\/en","push-errors":false,"_links":{"self":[{"href":"https:\/\/www.uartes.edu.ec\/sitio\/en\/wp-json\/wp\/v2\/posts\/14860","targetHints":{"allow":["GET"]}}],"collection":[{"href":"https:\/\/www.uartes.edu.ec\/sitio\/en\/wp-json\/wp\/v2\/posts"}],"about":[{"href":"https:\/\/www.uartes.edu.ec\/sitio\/en\/wp-json\/wp\/v2\/types\/post"}],"author":[{"embeddable":true,"href":"https:\/\/www.uartes.edu.ec\/sitio\/en\/wp-json\/wp\/v2\/users\/9"}],"replies":[{"embeddable":true,"href":"https:\/\/www.uartes.edu.ec\/sitio\/en\/wp-json\/wp\/v2\/comments?post=14860"}],"version-history":[{"count":3,"href":"https:\/\/www.uartes.edu.ec\/sitio\/en\/wp-json\/wp\/v2\/posts\/14860\/revisions"}],"predecessor-version":[{"id":14879,"href":"https:\/\/www.uartes.edu.ec\/sitio\/en\/wp-json\/wp\/v2\/posts\/14860\/revisions\/14879"}],"wp:featuredmedia":[{"embeddable":true,"href":"https:\/\/www.uartes.edu.ec\/sitio\/en\/wp-json\/wp\/v2\/media\/14862"}],"wp:attachment":[{"href":"https:\/\/www.uartes.edu.ec\/sitio\/en\/wp-json\/wp\/v2\/media?parent=14860"}],"wp:term":[{"taxonomy":"category","embeddable":true,"href":"https:\/\/www.uartes.edu.ec\/sitio\/en\/wp-json\/wp\/v2\/categories?post=14860"},{"taxonomy":"post_tag","embeddable":true,"href":"https:\/\/www.uartes.edu.ec\/sitio\/en\/wp-json\/wp\/v2\/tags?post=14860"},{"taxonomy":"infouartes","embeddable":true,"href":"https:\/\/www.uartes.edu.ec\/sitio\/en\/wp-json\/wp\/v2\/infouartes?post=14860"}],"curies":[{"name":"wp","href":"https:\/\/api.w.org\/{rel}","templated":true}]}}